{"id":2332,"date":"2016-02-22T08:50:01","date_gmt":"2016-02-22T07:50:01","guid":{"rendered":"http:\/\/dev.immobilienbusiness.ch\/?p=2332"},"modified":"2016-02-22T08:50:01","modified_gmt":"2016-02-22T07:50:01","slug":"allreal-vr-praesident-thomas-lustenberger-tritt-ab","status":"publish","type":"post","link":"https:\/\/www.immobilienbusiness.ch\/fr\/residential\/2016-02-22\/allreal-vr-praesident-thomas-lustenberger-tritt-ab\/","title":{"rendered":"Allreal : le pr\u00e9sident du conseil d'administration Thomas Lustenberger quitte ses fonctions"},"content":{"rendered":"<figure id=\"attachment_2333\" aria-describedby=\"caption-attachment-2333\" style=\"width: 680px\" class=\"wp-caption alignnone\"><img loading=\"lazy\" decoding=\"async\" class=\"size-medium wp-image-2333\" src=\"https:\/\/immobilienbusiness.ch\/wp-content\/uploads\/2016\/12\/Allreal-VR-Pr\u00e4sident-Thomas-Lustenberger-tritt-ab-immobilien-business.jpg\" alt=\"Dr. Thomas Lustenberger wird auf der kommenden Generalversammlung im April 2016 seinen R\u00fccktritt erkl\u00e4ren (Bild: Allreal)\" width=\"680\" height=\"453\" \/><figcaption id=\"caption-attachment-2333\" class=\"wp-caption-text\">Dr Thomas Lustenberger pr\u00e9sentera sa d\u00e9mission lors de la prochaine assembl\u00e9e g\u00e9n\u00e9rale en avril 2016 (photo : Allreal)<\/figcaption><\/figure>\n<p>Bruno Bettoni (n\u00e9 en 1949, de nationalit\u00e9 suisse) a dirig\u00e9 le groupe Allreal en tant que pr\u00e9sident de la direction du groupe de 1999 \u00e0 avril 2015. Depuis 2013, il est membre du conseil d'administration d'Allreal Holding AG. Lors de l'assembl\u00e9e g\u00e9n\u00e9rale qui se tiendra le 15 avril 2016 \u00e0 Zurich, le conseil d'administration proposera \u00e9galement l'\u00e9lection de deux nouveaux membres : Andrea Sieber (n\u00e9e en 1976, de nationalit\u00e9 suisse), associ\u00e9e dans le cabinet d'avocats Meyerlustenberger Lachenal, et Thomas Stenz (n\u00e9 en 1959, de nationalit\u00e9 suisse), expert-comptable dipl\u00f4m\u00e9, associ\u00e9 chez Ernst &amp; Young jusqu'en 2014.<\/p>\n<p>Les autres membres du conseil d'administration se mettent \u00e0 disposition pour une r\u00e9\u00e9lection. Il s'agit de Ralph-Thomas Honegger, Albert Leiser, Olivier Steimer et Peter Spuhler. En outre, le conseil d'administration proposera l'\u00e9lection de Ralph-Thomas Honegger (r\u00e9\u00e9lection) et de Bruno Bettoni (nouvelle \u00e9lection) au comit\u00e9 de nomination et de r\u00e9mun\u00e9ration. Honegger devrait devenir pr\u00e9sident de ce comit\u00e9.<\/p>\n<p>Outre son activit\u00e9 d'entreprise g\u00e9n\u00e9rale (d\u00e9veloppement et r\u00e9alisation de projets), le groupe Allreal dispose, selon ses propres indications, d'un \"portefeuille immobilier \u00e0 rendement stable\", dont la valeur s'\u00e9l\u00e8ve \u00e0 3,51 milliards de francs. Au cours de l'exercice 2014, le volume de projets r\u00e9alis\u00e9s par Allreal s'est \u00e9lev\u00e9 \u00e0 871 millions. A Zurich, Berne, Cham et Saint-Gall, l'entreprise immobili\u00e8re cot\u00e9e en bourse emploie actuellement plus de 370 collaborateurs. Elle op\u00e8re exclusivement en Suisse. (mr)<\/p>","protected":false},"excerpt":{"rendered":"<p>Thomas Lustenberger, membre du conseil d'administration d'Allreal Holding AG depuis 1999 et pr\u00e9sident depuis 2003, pr\u00e9sentera sa d\u00e9mission lors de la prochaine assembl\u00e9e g\u00e9n\u00e9rale 2016. Le conseil d'administration propose Bruno Bettoni comme nouveau pr\u00e9sident.<\/p>","protected":false},"author":1,"featured_media":2333,"comment_status":"open","ping_status":"open","sticky":false,"template":"","format":"standard","meta":{"_acf_changed":false,"_yoast_wpseo_focuskw":"Allreal","_yoast_wpseo_title":"","_yoast_wpseo_metadesc":"R\u00fccktritt von Dr. Thomas Lustenberger, Mitglied des Verwaltungsrats der Allreal Holding AG und dessen Pr\u00e4sident seit 2003 auf kommende Generalversammlung.","_yoast_wpseo_linkdex":83,"pgc_sgb_lightbox_settings":"","footnotes":""},"categories":[986,987],"tags":[1331,1334,1564,1639,1643,1862],"class_list":["post-2332","post","type-post","status-publish","format-standard","has-post-thumbnail","hentry","category-residential","category-retail","tag-immobilien-finanzierung","tag-immobilien-investitionen","tag-personalien","tag-residential","tag-retail","tag-wohnen"],"acf":[],"yoast_head":"<!-- This site is optimized with the Yoast SEO plugin v27.4 - https:\/\/yoast.com\/product\/yoast-seo-wordpress\/ -->\n<title>Allreal: VR-Pr\u00e4sident Thomas Lustenberger tritt ab - IMMOBILIEN Business<\/title>\n<meta name=\"description\" content=\"R\u00fccktritt von Dr. Thomas Lustenberger, Mitglied des Verwaltungsrats der Allreal Holding AG und dessen Pr\u00e4sident seit 2003 auf kommende Generalversammlung.\" \/>\n<meta name=\"robots\" content=\"index, follow, max-snippet:-1, max-image-preview:large, max-video-preview:-1\" \/>\n<link rel=\"canonical\" href=\"https:\/\/www.immobilienbusiness.ch\/fr\/residential\/2016-02-22\/allreal-vr-praesident-thomas-lustenberger-tritt-ab\/\" \/>\n<meta property=\"og:locale\" content=\"fr_FR\" \/>\n<meta property=\"og:type\" content=\"article\" \/>\n<meta property=\"og:title\" content=\"Allreal: VR-Pr\u00e4sident Thomas Lustenberger tritt ab\" \/>\n<meta property=\"og:description\" content=\"Dr. Thomas Lustenberger, Mitglied des Verwaltungsrats der Allreal Holding AG seit 1999 und dessen Pr\u00e4sident seit 2003, wird auf der kommenden Generalversammlung 2016 seinen R\u00fccktritt erkl\u00e4ren. Als seinen neuen Pr\u00e4sidenten schl\u00e4gt der Verwaltungsrat Bruno Bettoni vor.\" \/>\n<meta property=\"og:url\" content=\"https:\/\/www.immobilienbusiness.ch\/fr\/residential\/2016-02-22\/allreal-vr-praesident-thomas-lustenberger-tritt-ab\/\" \/>\n<meta property=\"og:site_name\" content=\"IMMOBILIEN Business\" \/>\n<meta property=\"article:publisher\" content=\"https:\/\/www.facebook.com\/immobilienbusiness\/\" \/>\n<meta property=\"article:published_time\" content=\"2016-02-22T07:50:01+00:00\" \/>\n<meta name=\"author\" content=\"Redaktion\" \/>\n<meta name=\"twitter:card\" content=\"summary_large_image\" \/>\n<meta name=\"twitter:image\" content=\"https:\/\/www.immobilienbusiness.ch\/wp-content\/uploads\/2016\/12\/Allreal-VR-Praesident-Thomas-Lustenberger-tritt-ab-immobilien-business.jpg\" \/>\n<script type=\"application\/ld+json\" class=\"yoast-schema-graph\">{\"@context\":\"https:\\\/\\\/schema.org\",\"@graph\":[{\"@type\":\"Article\",\"@id\":\"https:\\\/\\\/www.immobilienbusiness.ch\\\/residential\\\/2016-02-22\\\/allreal-vr-praesident-thomas-lustenberger-tritt-ab\\\/#article\",\"isPartOf\":{\"@id\":\"https:\\\/\\\/www.immobilienbusiness.ch\\\/residential\\\/2016-02-22\\\/allreal-vr-praesident-thomas-lustenberger-tritt-ab\\\/\"},\"author\":{\"name\":\"Redaktion\",\"@id\":\"https:\\\/\\\/www.immobilienbusiness.ch\\\/#\\\/schema\\\/person\\\/aa2bace6c5c5aad60102004a50c4eb1c\"},\"headline\":\"Allreal: VR-Pr\u00e4sident Thomas Lustenberger tritt ab\",\"datePublished\":\"2016-02-22T07:50:01+00:00\",\"mainEntityOfPage\":{\"@id\":\"https:\\\/\\\/www.immobilienbusiness.ch\\\/residential\\\/2016-02-22\\\/allreal-vr-praesident-thomas-lustenberger-tritt-ab\\\/\"},\"wordCount\":223,\"commentCount\":0,\"publisher\":{\"@id\":\"https:\\\/\\\/www.immobilienbusiness.ch\\\/#organization\"},\"image\":{\"@id\":\"https:\\\/\\\/www.immobilienbusiness.ch\\\/residential\\\/2016-02-22\\\/allreal-vr-praesident-thomas-lustenberger-tritt-ab\\\/#primaryimage\"},\"thumbnailUrl\":\"https:\\\/\\\/www.immobilienbusiness.ch\\\/wp-content\\\/uploads\\\/2016\\\/12\\\/Allreal-VR-Praesident-Thomas-Lustenberger-tritt-ab-immobilien-business.jpg\",\"keywords\":[\"Immobilien-Finanzierung\",\"Immobilien-Investitionen\",\"Personalien\",\"Residential\",\"Retail\",\"Wohnen\"],\"articleSection\":[\"RESIDENTIAL\",\"RETAIL\"],\"inLanguage\":\"fr-FR\"},{\"@type\":\"WebPage\",\"@id\":\"https:\\\/\\\/www.immobilienbusiness.ch\\\/residential\\\/2016-02-22\\\/allreal-vr-praesident-thomas-lustenberger-tritt-ab\\\/\",\"url\":\"https:\\\/\\\/www.immobilienbusiness.ch\\\/residential\\\/2016-02-22\\\/allreal-vr-praesident-thomas-lustenberger-tritt-ab\\\/\",\"name\":\"Allreal: VR-Pr\u00e4sident Thomas Lustenberger tritt ab - IMMOBILIEN Business\",\"isPartOf\":{\"@id\":\"https:\\\/\\\/www.immobilienbusiness.ch\\\/#website\"},\"primaryImageOfPage\":{\"@id\":\"https:\\\/\\\/www.immobilienbusiness.ch\\\/residential\\\/2016-02-22\\\/allreal-vr-praesident-thomas-lustenberger-tritt-ab\\\/#primaryimage\"},\"image\":{\"@id\":\"https:\\\/\\\/www.immobilienbusiness.ch\\\/residential\\\/2016-02-22\\\/allreal-vr-praesident-thomas-lustenberger-tritt-ab\\\/#primaryimage\"},\"thumbnailUrl\":\"https:\\\/\\\/www.immobilienbusiness.ch\\\/wp-content\\\/uploads\\\/2016\\\/12\\\/Allreal-VR-Praesident-Thomas-Lustenberger-tritt-ab-immobilien-business.jpg\",\"datePublished\":\"2016-02-22T07:50:01+00:00\",\"description\":\"R\u00fccktritt von Dr. Thomas Lustenberger, Mitglied des Verwaltungsrats der Allreal Holding AG und dessen Pr\u00e4sident seit 2003 auf kommende Generalversammlung.\",\"breadcrumb\":{\"@id\":\"https:\\\/\\\/www.immobilienbusiness.ch\\\/residential\\\/2016-02-22\\\/allreal-vr-praesident-thomas-lustenberger-tritt-ab\\\/#breadcrumb\"},\"inLanguage\":\"fr-FR\",\"potentialAction\":[{\"@type\":\"ReadAction\",\"target\":[\"https:\\\/\\\/www.immobilienbusiness.ch\\\/residential\\\/2016-02-22\\\/allreal-vr-praesident-thomas-lustenberger-tritt-ab\\\/\"]}]},{\"@type\":\"ImageObject\",\"inLanguage\":\"fr-FR\",\"@id\":\"https:\\\/\\\/www.immobilienbusiness.ch\\\/residential\\\/2016-02-22\\\/allreal-vr-praesident-thomas-lustenberger-tritt-ab\\\/#primaryimage\",\"url\":\"https:\\\/\\\/www.immobilienbusiness.ch\\\/wp-content\\\/uploads\\\/2016\\\/12\\\/Allreal-VR-Praesident-Thomas-Lustenberger-tritt-ab-immobilien-business.jpg\",\"contentUrl\":\"https:\\\/\\\/www.immobilienbusiness.ch\\\/wp-content\\\/uploads\\\/2016\\\/12\\\/Allreal-VR-Praesident-Thomas-Lustenberger-tritt-ab-immobilien-business.jpg\",\"width\":2560,\"height\":1704,\"caption\":\"Dr. Thomas Lustenberger wird auf der kommenden Generalversammlung im April 2016 seinen R\u00fccktritt erkl\u00e4ren (Bild: Allreal)\"},{\"@type\":\"BreadcrumbList\",\"@id\":\"https:\\\/\\\/www.immobilienbusiness.ch\\\/residential\\\/2016-02-22\\\/allreal-vr-praesident-thomas-lustenberger-tritt-ab\\\/#breadcrumb\",\"itemListElement\":[{\"@type\":\"ListItem\",\"position\":1,\"name\":\"Home\",\"item\":\"https:\\\/\\\/www.immobilienbusiness.ch\\\/\"},{\"@type\":\"ListItem\",\"position\":2,\"name\":\"Allreal: VR-Pr\u00e4sident Thomas Lustenberger tritt ab\"}]},{\"@type\":\"WebSite\",\"@id\":\"https:\\\/\\\/www.immobilienbusiness.ch\\\/#website\",\"url\":\"https:\\\/\\\/www.immobilienbusiness.ch\\\/\",\"name\":\"IMMOBILIEN Business\",\"description\":\"Unabh\u00e4ngiges Schweizer Wirtschaftsmagazin mit Fokus auf Immobilien, Architektur- und Bau sowie Investment- und Finanzierung.\",\"publisher\":{\"@id\":\"https:\\\/\\\/www.immobilienbusiness.ch\\\/#organization\"},\"potentialAction\":[{\"@type\":\"SearchAction\",\"target\":{\"@type\":\"EntryPoint\",\"urlTemplate\":\"https:\\\/\\\/www.immobilienbusiness.ch\\\/?s={search_term_string}\"},\"query-input\":{\"@type\":\"PropertyValueSpecification\",\"valueRequired\":true,\"valueName\":\"search_term_string\"}}],\"inLanguage\":\"fr-FR\"},{\"@type\":\"Organization\",\"@id\":\"https:\\\/\\\/www.immobilienbusiness.ch\\\/#organization\",\"name\":\"IMMOBILIEN Business\",\"url\":\"https:\\\/\\\/www.immobilienbusiness.ch\\\/\",\"logo\":{\"@type\":\"ImageObject\",\"inLanguage\":\"fr-FR\",\"@id\":\"https:\\\/\\\/www.immobilienbusiness.ch\\\/#\\\/schema\\\/logo\\\/image\\\/\",\"url\":\"https:\\\/\\\/www.immobilienbusiness.ch\\\/wp-content\\\/uploads\\\/2021\\\/07\\\/logo_ib.png\",\"contentUrl\":\"https:\\\/\\\/www.immobilienbusiness.ch\\\/wp-content\\\/uploads\\\/2021\\\/07\\\/logo_ib.png\",\"width\":800,\"height\":181,\"caption\":\"IMMOBILIEN Business\"},\"image\":{\"@id\":\"https:\\\/\\\/www.immobilienbusiness.ch\\\/#\\\/schema\\\/logo\\\/image\\\/\"},\"sameAs\":[\"https:\\\/\\\/www.facebook.com\\\/immobilienbusiness\\\/\"]},{\"@type\":\"Person\",\"@id\":\"https:\\\/\\\/www.immobilienbusiness.ch\\\/#\\\/schema\\\/person\\\/aa2bace6c5c5aad60102004a50c4eb1c\",\"name\":\"Redaktion\",\"image\":{\"@type\":\"ImageObject\",\"inLanguage\":\"fr-FR\",\"@id\":\"https:\\\/\\\/secure.gravatar.com\\\/avatar\\\/ae2f4d718e6c49043e314ce431e7e645d646302a24a5ef5a8bc8e3f5a032e319?s=96&d=mm&r=g\",\"url\":\"https:\\\/\\\/secure.gravatar.com\\\/avatar\\\/ae2f4d718e6c49043e314ce431e7e645d646302a24a5ef5a8bc8e3f5a032e319?s=96&d=mm&r=g\",\"contentUrl\":\"https:\\\/\\\/secure.gravatar.com\\\/avatar\\\/ae2f4d718e6c49043e314ce431e7e645d646302a24a5ef5a8bc8e3f5a032e319?s=96&d=mm&r=g\",\"caption\":\"Redaktion\"},\"sameAs\":[\"http:\\\/\\\/develop.organisator.galledia.ch\"],\"url\":\"https:\\\/\\\/www.immobilienbusiness.ch\\\/fr\\\/author\\\/admin\\\/\"}]}<\/script>\n<!-- \/ Yoast SEO plugin. -->","yoast_head_json":{"title":"Allreal : Thomas Lustenberger, pr\u00e9sident du CA, quitte ses fonctions - IMMOBILIER Business","description":"D\u00e9mission de Dr Thomas Lustenberger, membre du conseil d'administration d'Allreal Holding AG et son pr\u00e9sident depuis 2003, pour la prochaine assembl\u00e9e g\u00e9n\u00e9rale.","robots":{"index":"index","follow":"follow","max-snippet":"max-snippet:-1","max-image-preview":"max-image-preview:large","max-video-preview":"max-video-preview:-1"},"canonical":"https:\/\/www.immobilienbusiness.ch\/fr\/residential\/2016-02-22\/allreal-vr-praesident-thomas-lustenberger-tritt-ab\/","og_locale":"fr_FR","og_type":"article","og_title":"Allreal: VR-Pr\u00e4sident Thomas Lustenberger tritt ab","og_description":"Dr. Thomas Lustenberger, Mitglied des Verwaltungsrats der Allreal Holding AG seit 1999 und dessen Pr\u00e4sident seit 2003, wird auf der kommenden Generalversammlung 2016 seinen R\u00fccktritt erkl\u00e4ren. Als seinen neuen Pr\u00e4sidenten schl\u00e4gt der Verwaltungsrat Bruno Bettoni vor.","og_url":"https:\/\/www.immobilienbusiness.ch\/fr\/residential\/2016-02-22\/allreal-vr-praesident-thomas-lustenberger-tritt-ab\/","og_site_name":"IMMOBILIEN Business","article_publisher":"https:\/\/www.facebook.com\/immobilienbusiness\/","article_published_time":"2016-02-22T07:50:01+00:00","author":"Redaktion","twitter_card":"summary_large_image","twitter_image":"https:\/\/www.immobilienbusiness.ch\/wp-content\/uploads\/2016\/12\/Allreal-VR-Praesident-Thomas-Lustenberger-tritt-ab-immobilien-business.jpg","schema":{"@context":"https:\/\/schema.org","@graph":[{"@type":"Article","@id":"https:\/\/www.immobilienbusiness.ch\/residential\/2016-02-22\/allreal-vr-praesident-thomas-lustenberger-tritt-ab\/#article","isPartOf":{"@id":"https:\/\/www.immobilienbusiness.ch\/residential\/2016-02-22\/allreal-vr-praesident-thomas-lustenberger-tritt-ab\/"},"author":{"name":"Redaktion","@id":"https:\/\/www.immobilienbusiness.ch\/#\/schema\/person\/aa2bace6c5c5aad60102004a50c4eb1c"},"headline":"Allreal: VR-Pr\u00e4sident Thomas Lustenberger tritt ab","datePublished":"2016-02-22T07:50:01+00:00","mainEntityOfPage":{"@id":"https:\/\/www.immobilienbusiness.ch\/residential\/2016-02-22\/allreal-vr-praesident-thomas-lustenberger-tritt-ab\/"},"wordCount":223,"commentCount":0,"publisher":{"@id":"https:\/\/www.immobilienbusiness.ch\/#organization"},"image":{"@id":"https:\/\/www.immobilienbusiness.ch\/residential\/2016-02-22\/allreal-vr-praesident-thomas-lustenberger-tritt-ab\/#primaryimage"},"thumbnailUrl":"https:\/\/www.immobilienbusiness.ch\/wp-content\/uploads\/2016\/12\/Allreal-VR-Praesident-Thomas-Lustenberger-tritt-ab-immobilien-business.jpg","keywords":["Immobilien-Finanzierung","Immobilien-Investitionen","Personalien","Residential","Retail","Wohnen"],"articleSection":["RESIDENTIAL","RETAIL"],"inLanguage":"fr-FR"},{"@type":"WebPage","@id":"https:\/\/www.immobilienbusiness.ch\/residential\/2016-02-22\/allreal-vr-praesident-thomas-lustenberger-tritt-ab\/","url":"https:\/\/www.immobilienbusiness.ch\/residential\/2016-02-22\/allreal-vr-praesident-thomas-lustenberger-tritt-ab\/","name":"Allreal : Thomas Lustenberger, pr\u00e9sident du CA, quitte ses fonctions - IMMOBILIER Business","isPartOf":{"@id":"https:\/\/www.immobilienbusiness.ch\/#website"},"primaryImageOfPage":{"@id":"https:\/\/www.immobilienbusiness.ch\/residential\/2016-02-22\/allreal-vr-praesident-thomas-lustenberger-tritt-ab\/#primaryimage"},"image":{"@id":"https:\/\/www.immobilienbusiness.ch\/residential\/2016-02-22\/allreal-vr-praesident-thomas-lustenberger-tritt-ab\/#primaryimage"},"thumbnailUrl":"https:\/\/www.immobilienbusiness.ch\/wp-content\/uploads\/2016\/12\/Allreal-VR-Praesident-Thomas-Lustenberger-tritt-ab-immobilien-business.jpg","datePublished":"2016-02-22T07:50:01+00:00","description":"D\u00e9mission de Dr Thomas Lustenberger, membre du conseil d'administration d'Allreal Holding AG et son pr\u00e9sident depuis 2003, pour la prochaine assembl\u00e9e g\u00e9n\u00e9rale.","breadcrumb":{"@id":"https:\/\/www.immobilienbusiness.ch\/residential\/2016-02-22\/allreal-vr-praesident-thomas-lustenberger-tritt-ab\/#breadcrumb"},"inLanguage":"fr-FR","potentialAction":[{"@type":"ReadAction","target":["https:\/\/www.immobilienbusiness.ch\/residential\/2016-02-22\/allreal-vr-praesident-thomas-lustenberger-tritt-ab\/"]}]},{"@type":"ImageObject","inLanguage":"fr-FR","@id":"https:\/\/www.immobilienbusiness.ch\/residential\/2016-02-22\/allreal-vr-praesident-thomas-lustenberger-tritt-ab\/#primaryimage","url":"https:\/\/www.immobilienbusiness.ch\/wp-content\/uploads\/2016\/12\/Allreal-VR-Praesident-Thomas-Lustenberger-tritt-ab-immobilien-business.jpg","contentUrl":"https:\/\/www.immobilienbusiness.ch\/wp-content\/uploads\/2016\/12\/Allreal-VR-Praesident-Thomas-Lustenberger-tritt-ab-immobilien-business.jpg","width":2560,"height":1704,"caption":"Dr. Thomas Lustenberger wird auf der kommenden Generalversammlung im April 2016 seinen R\u00fccktritt erkl\u00e4ren (Bild: Allreal)"},{"@type":"BreadcrumbList","@id":"https:\/\/www.immobilienbusiness.ch\/residential\/2016-02-22\/allreal-vr-praesident-thomas-lustenberger-tritt-ab\/#breadcrumb","itemListElement":[{"@type":"ListItem","position":1,"name":"Home","item":"https:\/\/www.immobilienbusiness.ch\/"},{"@type":"ListItem","position":2,"name":"Allreal: VR-Pr\u00e4sident Thomas Lustenberger tritt ab"}]},{"@type":"WebSite","@id":"https:\/\/www.immobilienbusiness.ch\/#website","url":"https:\/\/www.immobilienbusiness.ch\/","name":"IMMOBILIER Business","description":"Magazine \u00e9conomique suisse ind\u00e9pendant ax\u00e9 sur l'immobilier, l'architecture et la construction ainsi que sur les investissements et le financement.","publisher":{"@id":"https:\/\/www.immobilienbusiness.ch\/#organization"},"potentialAction":[{"@type":"SearchAction","target":{"@type":"EntryPoint","urlTemplate":"https:\/\/www.immobilienbusiness.ch\/?s={search_term_string}"},"query-input":{"@type":"PropertyValueSpecification","valueRequired":true,"valueName":"search_term_string"}}],"inLanguage":"fr-FR"},{"@type":"Organization","@id":"https:\/\/www.immobilienbusiness.ch\/#organization","name":"IMMOBILIER Business","url":"https:\/\/www.immobilienbusiness.ch\/","logo":{"@type":"ImageObject","inLanguage":"fr-FR","@id":"https:\/\/www.immobilienbusiness.ch\/#\/schema\/logo\/image\/","url":"https:\/\/www.immobilienbusiness.ch\/wp-content\/uploads\/2021\/07\/logo_ib.png","contentUrl":"https:\/\/www.immobilienbusiness.ch\/wp-content\/uploads\/2021\/07\/logo_ib.png","width":800,"height":181,"caption":"IMMOBILIEN Business"},"image":{"@id":"https:\/\/www.immobilienbusiness.ch\/#\/schema\/logo\/image\/"},"sameAs":["https:\/\/www.facebook.com\/immobilienbusiness\/"]},{"@type":"Person","@id":"https:\/\/www.immobilienbusiness.ch\/#\/schema\/person\/aa2bace6c5c5aad60102004a50c4eb1c","name":"Editorial","image":{"@type":"ImageObject","inLanguage":"fr-FR","@id":"https:\/\/secure.gravatar.com\/avatar\/ae2f4d718e6c49043e314ce431e7e645d646302a24a5ef5a8bc8e3f5a032e319?s=96&d=mm&r=g","url":"https:\/\/secure.gravatar.com\/avatar\/ae2f4d718e6c49043e314ce431e7e645d646302a24a5ef5a8bc8e3f5a032e319?s=96&d=mm&r=g","contentUrl":"https:\/\/secure.gravatar.com\/avatar\/ae2f4d718e6c49043e314ce431e7e645d646302a24a5ef5a8bc8e3f5a032e319?s=96&d=mm&r=g","caption":"Redaktion"},"sameAs":["http:\/\/develop.organisator.galledia.ch"],"url":"https:\/\/www.immobilienbusiness.ch\/fr\/author\/admin\/"}]}},"_links":{"self":[{"href":"https:\/\/www.immobilienbusiness.ch\/fr\/wp-json\/wp\/v2\/posts\/2332","targetHints":{"allow":["GET"]}}],"collection":[{"href":"https:\/\/www.immobilienbusiness.ch\/fr\/wp-json\/wp\/v2\/posts"}],"about":[{"href":"https:\/\/www.immobilienbusiness.ch\/fr\/wp-json\/wp\/v2\/types\/post"}],"author":[{"embeddable":true,"href":"https:\/\/www.immobilienbusiness.ch\/fr\/wp-json\/wp\/v2\/users\/1"}],"replies":[{"embeddable":true,"href":"https:\/\/www.immobilienbusiness.ch\/fr\/wp-json\/wp\/v2\/comments?post=2332"}],"version-history":[{"count":0,"href":"https:\/\/www.immobilienbusiness.ch\/fr\/wp-json\/wp\/v2\/posts\/2332\/revisions"}],"wp:featuredmedia":[{"embeddable":true,"href":"https:\/\/www.immobilienbusiness.ch\/fr\/wp-json\/wp\/v2\/media\/2333"}],"wp:attachment":[{"href":"https:\/\/www.immobilienbusiness.ch\/fr\/wp-json\/wp\/v2\/media?parent=2332"}],"wp:term":[{"taxonomy":"category","embeddable":true,"href":"https:\/\/www.immobilienbusiness.ch\/fr\/wp-json\/wp\/v2\/categories?post=2332"},{"taxonomy":"post_tag","embeddable":true,"href":"https:\/\/www.immobilienbusiness.ch\/fr\/wp-json\/wp\/v2\/tags?post=2332"}],"curies":[{"name":"wp","href":"https:\/\/api.w.org\/{rel}","templated":true}]}}