{"id":23281,"date":"2021-01-20T08:35:21","date_gmt":"2021-01-20T07:35:21","guid":{"rendered":"https:\/\/www.immobilienbusiness.ch\/?p=23281"},"modified":"2023-08-09T20:02:10","modified_gmt":"2023-08-09T18:02:10","slug":"dietikon-ubs-swissreal-akquiriert-geschaeftsliegenschaft","status":"publish","type":"post","link":"https:\/\/www.immobilienbusiness.ch\/fr\/regionen\/2021-01-20\/dietikon-ubs-swissreal-akquiriert-geschaeftsliegenschaft\/","title":{"rendered":"Dietikon : UBS Swissreal acquiert un immeuble commercial"},"content":{"rendered":"<figure id=\"attachment_23282\" aria-describedby=\"caption-attachment-23282\" style=\"width: 579px\" class=\"wp-caption alignnone\"><img loading=\"lazy\" decoding=\"async\" class=\"wp-image-23282 size-full\" src=\"https:\/\/www.immobilienbusiness.ch\/wp-content\/uploads\/2021\/01\/a1d7191a95a4a3a342b8fd660ad7c228.jpg\" alt=\"Swissreal\" width=\"579\" height=\"387\" srcset=\"https:\/\/www.immobilienbusiness.ch\/wp-content\/uploads\/2021\/01\/a1d7191a95a4a3a342b8fd660ad7c228.jpg 579w, https:\/\/www.immobilienbusiness.ch\/wp-content\/uploads\/2021\/01\/a1d7191a95a4a3a342b8fd660ad7c228-300x201.jpg 300w, https:\/\/www.immobilienbusiness.ch\/wp-content\/uploads\/2021\/01\/a1d7191a95a4a3a342b8fd660ad7c228-16x12.jpg 16w, https:\/\/www.immobilienbusiness.ch\/wp-content\/uploads\/2021\/01\/a1d7191a95a4a3a342b8fd660ad7c228-262x175.jpg 262w, https:\/\/www.immobilienbusiness.ch\/wp-content\/uploads\/2021\/01\/a1d7191a95a4a3a342b8fd660ad7c228-524x350.jpg 524w\" sizes=\"auto, (max-width: 579px) 100vw, 579px\" \/><figcaption id=\"caption-attachment-23282\" class=\"wp-caption-text\">L'UBS Swissreal acquiert un immeuble commercial \u00e0 Dietikon (Image : UBS SA)<\/figcaption><\/figure>\n<p>Comme le communique la gestion du fonds UBS Swissreal, le transfert de propri\u00e9t\u00e9 a eu lieu le 18 d\u00e9cembre 2020. L'immeuble \u00e0 usage commercial comprend trois parcelles sur lesquelles se trouvent deux immeubles commerciaux distincts d'environ 16 000 m\u00b2 de surfaces louables.<\/p>\n<p>Selon les indications, les deux immeubles sont enti\u00e8rement lou\u00e9s \u00e0 long terme \"\u00e0 deux locataires solvables et offrent ainsi au fonds des cash-flows stables pour les prochaines ann\u00e9es\". De plus, en raison de la tr\u00e8s bonne situation macro et micro, associ\u00e9e au d\u00e9veloppement dynamique de Dietikon, on peut s'attendre \u00e0 un potentiel de d\u00e9veloppement futur. <em>(M.ARR.)<\/em><\/p>","protected":false},"excerpt":{"rendered":"<p>Der UBS (CH) Property Fund &#8211; Swiss Commercial Swissreal konnte im vierten Quartal 2020 eine Gesch\u00e4ftsliegenschaft an zentraler Lage in Dietikon (ZH) f\u00fcr sein Portfolio akquirieren.  <\/p>","protected":false},"author":3,"featured_media":23282,"comment_status":"closed","ping_status":"closed","sticky":false,"template":"","format":"standard","meta":{"_acf_changed":false,"_yoast_wpseo_focuskw":"Swissreal","_yoast_wpseo_title":"","_yoast_wpseo_metadesc":"Der UBS (CH) Property Fund - Swiss Commercial Swissreal hat eine Gesch\u00e4ftsliegenschaft an zentraler Lage in Dietikon (ZH) f\u00fcr sein Portfolio akquiriert.","_yoast_wpseo_linkdex":43,"pgc_sgb_lightbox_settings":"","footnotes":""},"categories":[985],"tags":[1344,1348,1410,1796],"class_list":["post-23281","post","type-post","status-publish","format-standard","has-post-thumbnail","hentry","category-regionen","tag-immobilienfonds","tag-immobilienkauf","tag-kanton-zuerich","tag-ubs"],"acf":[],"yoast_head":"<!-- This site is optimized with the Yoast SEO plugin v27.5 - https:\/\/yoast.com\/product\/yoast-seo-wordpress\/ -->\n<title>Dietikon: UBS Swissreal akquiriert Gesch\u00e4ftsliegenschaft - IMMOBILIEN Business<\/title>\n<meta name=\"description\" content=\"Der UBS (CH) Property Fund - Swiss Commercial Swissreal hat eine Gesch\u00e4ftsliegenschaft an zentraler Lage in Dietikon (ZH) f\u00fcr sein Portfolio akquiriert.\" \/>\n<meta name=\"robots\" content=\"index, follow, max-snippet:-1, max-image-preview:large, max-video-preview:-1\" \/>\n<link rel=\"canonical\" href=\"https:\/\/www.immobilienbusiness.ch\/fr\/regionen\/2021-01-20\/dietikon-ubs-swissreal-akquiriert-geschaeftsliegenschaft\/\" \/>\n<meta property=\"og:locale\" content=\"fr_FR\" \/>\n<meta property=\"og:type\" content=\"article\" \/>\n<meta property=\"og:title\" content=\"Dietikon: UBS Swissreal akquiriert Gesch\u00e4ftsliegenschaft - IMMOBILIEN Business\" \/>\n<meta property=\"og:description\" content=\"Der UBS (CH) Property Fund - Swiss Commercial Swissreal hat eine Gesch\u00e4ftsliegenschaft an zentraler Lage in Dietikon (ZH) f\u00fcr sein Portfolio akquiriert.\" \/>\n<meta property=\"og:url\" content=\"https:\/\/www.immobilienbusiness.ch\/fr\/regionen\/2021-01-20\/dietikon-ubs-swissreal-akquiriert-geschaeftsliegenschaft\/\" \/>\n<meta property=\"og:site_name\" content=\"IMMOBILIEN Business\" \/>\n<meta property=\"article:publisher\" content=\"https:\/\/www.facebook.com\/immobilienbusiness\/\" \/>\n<meta property=\"article:published_time\" content=\"2021-01-20T07:35:21+00:00\" \/>\n<meta property=\"article:modified_time\" content=\"2023-08-09T18:02:10+00:00\" \/>\n<meta property=\"og:image\" content=\"https:\/\/www.immobilienbusiness.ch\/wp-content\/uploads\/2021\/01\/a1d7191a95a4a3a342b8fd660ad7c228.jpg\" \/>\n\t<meta property=\"og:image:width\" content=\"579\" \/>\n\t<meta property=\"og:image:height\" content=\"387\" \/>\n\t<meta property=\"og:image:type\" content=\"image\/jpeg\" \/>\n<meta name=\"author\" content=\"anja.hall\" \/>\n<meta name=\"twitter:card\" content=\"summary_large_image\" \/>\n<meta name=\"twitter:image\" content=\"https:\/\/www.immobilienbusiness.ch\/wp-content\/uploads\/2021\/01\/a1d7191a95a4a3a342b8fd660ad7c228.jpg\" \/>\n<script type=\"application\/ld+json\" class=\"yoast-schema-graph\">{\"@context\":\"https:\\\/\\\/schema.org\",\"@graph\":[{\"@type\":\"Article\",\"@id\":\"https:\\\/\\\/www.immobilienbusiness.ch\\\/it\\\/regionen\\\/2021-01-20\\\/dietikon-ubs-swissreal-akquiriert-geschaeftsliegenschaft\\\/#article\",\"isPartOf\":{\"@id\":\"https:\\\/\\\/www.immobilienbusiness.ch\\\/it\\\/regionen\\\/2021-01-20\\\/dietikon-ubs-swissreal-akquiriert-geschaeftsliegenschaft\\\/\"},\"author\":{\"name\":\"anja.hall\",\"@id\":\"https:\\\/\\\/www.immobilienbusiness.ch\\\/#\\\/schema\\\/person\\\/3fc036297b10b9f42d6db5ee932af8c8\"},\"headline\":\"Dietikon: UBS Swissreal akquiriert Gesch\u00e4ftsliegenschaft\",\"datePublished\":\"2021-01-20T07:35:21+00:00\",\"dateModified\":\"2023-08-09T18:02:10+00:00\",\"mainEntityOfPage\":{\"@id\":\"https:\\\/\\\/www.immobilienbusiness.ch\\\/it\\\/regionen\\\/2021-01-20\\\/dietikon-ubs-swissreal-akquiriert-geschaeftsliegenschaft\\\/\"},\"wordCount\":108,\"publisher\":{\"@id\":\"https:\\\/\\\/www.immobilienbusiness.ch\\\/#organization\"},\"image\":{\"@id\":\"https:\\\/\\\/www.immobilienbusiness.ch\\\/it\\\/regionen\\\/2021-01-20\\\/dietikon-ubs-swissreal-akquiriert-geschaeftsliegenschaft\\\/#primaryimage\"},\"thumbnailUrl\":\"https:\\\/\\\/www.immobilienbusiness.ch\\\/wp-content\\\/uploads\\\/2021\\\/01\\\/a1d7191a95a4a3a342b8fd660ad7c228.jpg\",\"keywords\":[\"Immobilienfonds\",\"Immobilienkauf\",\"Kanton Z\u00fcrich\",\"UBS\"],\"articleSection\":[\"REGIONEN\"],\"inLanguage\":\"fr-FR\"},{\"@type\":\"WebPage\",\"@id\":\"https:\\\/\\\/www.immobilienbusiness.ch\\\/it\\\/regionen\\\/2021-01-20\\\/dietikon-ubs-swissreal-akquiriert-geschaeftsliegenschaft\\\/\",\"url\":\"https:\\\/\\\/www.immobilienbusiness.ch\\\/it\\\/regionen\\\/2021-01-20\\\/dietikon-ubs-swissreal-akquiriert-geschaeftsliegenschaft\\\/\",\"name\":\"Dietikon: UBS Swissreal akquiriert Gesch\u00e4ftsliegenschaft - IMMOBILIEN Business\",\"isPartOf\":{\"@id\":\"https:\\\/\\\/www.immobilienbusiness.ch\\\/#website\"},\"primaryImageOfPage\":{\"@id\":\"https:\\\/\\\/www.immobilienbusiness.ch\\\/it\\\/regionen\\\/2021-01-20\\\/dietikon-ubs-swissreal-akquiriert-geschaeftsliegenschaft\\\/#primaryimage\"},\"image\":{\"@id\":\"https:\\\/\\\/www.immobilienbusiness.ch\\\/it\\\/regionen\\\/2021-01-20\\\/dietikon-ubs-swissreal-akquiriert-geschaeftsliegenschaft\\\/#primaryimage\"},\"thumbnailUrl\":\"https:\\\/\\\/www.immobilienbusiness.ch\\\/wp-content\\\/uploads\\\/2021\\\/01\\\/a1d7191a95a4a3a342b8fd660ad7c228.jpg\",\"datePublished\":\"2021-01-20T07:35:21+00:00\",\"dateModified\":\"2023-08-09T18:02:10+00:00\",\"description\":\"Der UBS (CH) Property Fund - Swiss Commercial Swissreal hat eine Gesch\u00e4ftsliegenschaft an zentraler Lage in Dietikon (ZH) f\u00fcr sein Portfolio akquiriert.\",\"breadcrumb\":{\"@id\":\"https:\\\/\\\/www.immobilienbusiness.ch\\\/it\\\/regionen\\\/2021-01-20\\\/dietikon-ubs-swissreal-akquiriert-geschaeftsliegenschaft\\\/#breadcrumb\"},\"inLanguage\":\"fr-FR\",\"potentialAction\":[{\"@type\":\"ReadAction\",\"target\":[\"https:\\\/\\\/www.immobilienbusiness.ch\\\/it\\\/regionen\\\/2021-01-20\\\/dietikon-ubs-swissreal-akquiriert-geschaeftsliegenschaft\\\/\"]}]},{\"@type\":\"ImageObject\",\"inLanguage\":\"fr-FR\",\"@id\":\"https:\\\/\\\/www.immobilienbusiness.ch\\\/it\\\/regionen\\\/2021-01-20\\\/dietikon-ubs-swissreal-akquiriert-geschaeftsliegenschaft\\\/#primaryimage\",\"url\":\"https:\\\/\\\/www.immobilienbusiness.ch\\\/wp-content\\\/uploads\\\/2021\\\/01\\\/a1d7191a95a4a3a342b8fd660ad7c228.jpg\",\"contentUrl\":\"https:\\\/\\\/www.immobilienbusiness.ch\\\/wp-content\\\/uploads\\\/2021\\\/01\\\/a1d7191a95a4a3a342b8fd660ad7c228.jpg\",\"width\":579,\"height\":387,\"caption\":\"Der UBS Swissreal erwirbt eine Gesch\u00e4ftsliegenschaft in Dietikon (Bild: UBS )\"},{\"@type\":\"BreadcrumbList\",\"@id\":\"https:\\\/\\\/www.immobilienbusiness.ch\\\/it\\\/regionen\\\/2021-01-20\\\/dietikon-ubs-swissreal-akquiriert-geschaeftsliegenschaft\\\/#breadcrumb\",\"itemListElement\":[{\"@type\":\"ListItem\",\"position\":1,\"name\":\"Home\",\"item\":\"https:\\\/\\\/www.immobilienbusiness.ch\\\/\"},{\"@type\":\"ListItem\",\"position\":2,\"name\":\"Dietikon: UBS Swissreal akquiriert Gesch\u00e4ftsliegenschaft\"}]},{\"@type\":\"WebSite\",\"@id\":\"https:\\\/\\\/www.immobilienbusiness.ch\\\/#website\",\"url\":\"https:\\\/\\\/www.immobilienbusiness.ch\\\/\",\"name\":\"IMMOBILIEN Business\",\"description\":\"Unabh\u00e4ngiges Schweizer Wirtschaftsmagazin mit Fokus auf Immobilien, Architektur- und Bau sowie Investment- und Finanzierung.\",\"publisher\":{\"@id\":\"https:\\\/\\\/www.immobilienbusiness.ch\\\/#organization\"},\"potentialAction\":[{\"@type\":\"SearchAction\",\"target\":{\"@type\":\"EntryPoint\",\"urlTemplate\":\"https:\\\/\\\/www.immobilienbusiness.ch\\\/?s={search_term_string}\"},\"query-input\":{\"@type\":\"PropertyValueSpecification\",\"valueRequired\":true,\"valueName\":\"search_term_string\"}}],\"inLanguage\":\"fr-FR\"},{\"@type\":\"Organization\",\"@id\":\"https:\\\/\\\/www.immobilienbusiness.ch\\\/#organization\",\"name\":\"IMMOBILIEN Business\",\"url\":\"https:\\\/\\\/www.immobilienbusiness.ch\\\/\",\"logo\":{\"@type\":\"ImageObject\",\"inLanguage\":\"fr-FR\",\"@id\":\"https:\\\/\\\/www.immobilienbusiness.ch\\\/#\\\/schema\\\/logo\\\/image\\\/\",\"url\":\"https:\\\/\\\/www.immobilienbusiness.ch\\\/wp-content\\\/uploads\\\/2021\\\/07\\\/logo_ib.png\",\"contentUrl\":\"https:\\\/\\\/www.immobilienbusiness.ch\\\/wp-content\\\/uploads\\\/2021\\\/07\\\/logo_ib.png\",\"width\":800,\"height\":181,\"caption\":\"IMMOBILIEN Business\"},\"image\":{\"@id\":\"https:\\\/\\\/www.immobilienbusiness.ch\\\/#\\\/schema\\\/logo\\\/image\\\/\"},\"sameAs\":[\"https:\\\/\\\/www.facebook.com\\\/immobilienbusiness\\\/\"]},{\"@type\":\"Person\",\"@id\":\"https:\\\/\\\/www.immobilienbusiness.ch\\\/#\\\/schema\\\/person\\\/3fc036297b10b9f42d6db5ee932af8c8\",\"name\":\"anja.hall\",\"image\":{\"@type\":\"ImageObject\",\"inLanguage\":\"fr-FR\",\"@id\":\"https:\\\/\\\/secure.gravatar.com\\\/avatar\\\/066b5a0d447013502c71a5782f4f3469f03cfe595cc2329fb94652fe47511bfb?s=96&d=mm&r=g\",\"url\":\"https:\\\/\\\/secure.gravatar.com\\\/avatar\\\/066b5a0d447013502c71a5782f4f3469f03cfe595cc2329fb94652fe47511bfb?s=96&d=mm&r=g\",\"contentUrl\":\"https:\\\/\\\/secure.gravatar.com\\\/avatar\\\/066b5a0d447013502c71a5782f4f3469f03cfe595cc2329fb94652fe47511bfb?s=96&d=mm&r=g\",\"caption\":\"anja.hall\"},\"url\":\"https:\\\/\\\/www.immobilienbusiness.ch\\\/fr\\\/author\\\/anja-hall\\\/\"}]}<\/script>\n<!-- \/ Yoast SEO plugin. -->","yoast_head_json":{"title":"Dietikon: UBS Swissreal akquiriert Gesch\u00e4ftsliegenschaft - IMMOBILIEN Business","description":"Der UBS (CH) Property Fund - Swiss Commercial Swissreal hat eine Gesch\u00e4ftsliegenschaft an zentraler Lage in Dietikon (ZH) f\u00fcr sein Portfolio akquiriert.","robots":{"index":"index","follow":"follow","max-snippet":"max-snippet:-1","max-image-preview":"max-image-preview:large","max-video-preview":"max-video-preview:-1"},"canonical":"https:\/\/www.immobilienbusiness.ch\/fr\/regionen\/2021-01-20\/dietikon-ubs-swissreal-akquiriert-geschaeftsliegenschaft\/","og_locale":"fr_FR","og_type":"article","og_title":"Dietikon: UBS Swissreal akquiriert Gesch\u00e4ftsliegenschaft - IMMOBILIEN Business","og_description":"Der UBS (CH) Property Fund - Swiss Commercial Swissreal hat eine Gesch\u00e4ftsliegenschaft an zentraler Lage in Dietikon (ZH) f\u00fcr sein Portfolio akquiriert.","og_url":"https:\/\/www.immobilienbusiness.ch\/fr\/regionen\/2021-01-20\/dietikon-ubs-swissreal-akquiriert-geschaeftsliegenschaft\/","og_site_name":"IMMOBILIEN Business","article_publisher":"https:\/\/www.facebook.com\/immobilienbusiness\/","article_published_time":"2021-01-20T07:35:21+00:00","article_modified_time":"2023-08-09T18:02:10+00:00","og_image":[{"width":579,"height":387,"url":"https:\/\/www.immobilienbusiness.ch\/wp-content\/uploads\/2021\/01\/a1d7191a95a4a3a342b8fd660ad7c228.jpg","type":"image\/jpeg"}],"author":"anja.hall","twitter_card":"summary_large_image","twitter_image":"https:\/\/www.immobilienbusiness.ch\/wp-content\/uploads\/2021\/01\/a1d7191a95a4a3a342b8fd660ad7c228.jpg","schema":{"@context":"https:\/\/schema.org","@graph":[{"@type":"Article","@id":"https:\/\/www.immobilienbusiness.ch\/it\/regionen\/2021-01-20\/dietikon-ubs-swissreal-akquiriert-geschaeftsliegenschaft\/#article","isPartOf":{"@id":"https:\/\/www.immobilienbusiness.ch\/it\/regionen\/2021-01-20\/dietikon-ubs-swissreal-akquiriert-geschaeftsliegenschaft\/"},"author":{"name":"anja.hall","@id":"https:\/\/www.immobilienbusiness.ch\/#\/schema\/person\/3fc036297b10b9f42d6db5ee932af8c8"},"headline":"Dietikon: UBS Swissreal akquiriert Gesch\u00e4ftsliegenschaft","datePublished":"2021-01-20T07:35:21+00:00","dateModified":"2023-08-09T18:02:10+00:00","mainEntityOfPage":{"@id":"https:\/\/www.immobilienbusiness.ch\/it\/regionen\/2021-01-20\/dietikon-ubs-swissreal-akquiriert-geschaeftsliegenschaft\/"},"wordCount":108,"publisher":{"@id":"https:\/\/www.immobilienbusiness.ch\/#organization"},"image":{"@id":"https:\/\/www.immobilienbusiness.ch\/it\/regionen\/2021-01-20\/dietikon-ubs-swissreal-akquiriert-geschaeftsliegenschaft\/#primaryimage"},"thumbnailUrl":"https:\/\/www.immobilienbusiness.ch\/wp-content\/uploads\/2021\/01\/a1d7191a95a4a3a342b8fd660ad7c228.jpg","keywords":["Immobilienfonds","Immobilienkauf","Kanton Z\u00fcrich","UBS"],"articleSection":["REGIONEN"],"inLanguage":"fr-FR"},{"@type":"WebPage","@id":"https:\/\/www.immobilienbusiness.ch\/it\/regionen\/2021-01-20\/dietikon-ubs-swissreal-akquiriert-geschaeftsliegenschaft\/","url":"https:\/\/www.immobilienbusiness.ch\/it\/regionen\/2021-01-20\/dietikon-ubs-swissreal-akquiriert-geschaeftsliegenschaft\/","name":"Dietikon: UBS Swissreal akquiriert Gesch\u00e4ftsliegenschaft - IMMOBILIEN Business","isPartOf":{"@id":"https:\/\/www.immobilienbusiness.ch\/#website"},"primaryImageOfPage":{"@id":"https:\/\/www.immobilienbusiness.ch\/it\/regionen\/2021-01-20\/dietikon-ubs-swissreal-akquiriert-geschaeftsliegenschaft\/#primaryimage"},"image":{"@id":"https:\/\/www.immobilienbusiness.ch\/it\/regionen\/2021-01-20\/dietikon-ubs-swissreal-akquiriert-geschaeftsliegenschaft\/#primaryimage"},"thumbnailUrl":"https:\/\/www.immobilienbusiness.ch\/wp-content\/uploads\/2021\/01\/a1d7191a95a4a3a342b8fd660ad7c228.jpg","datePublished":"2021-01-20T07:35:21+00:00","dateModified":"2023-08-09T18:02:10+00:00","description":"Der UBS (CH) Property Fund - Swiss Commercial Swissreal hat eine Gesch\u00e4ftsliegenschaft an zentraler Lage in Dietikon (ZH) f\u00fcr sein Portfolio akquiriert.","breadcrumb":{"@id":"https:\/\/www.immobilienbusiness.ch\/it\/regionen\/2021-01-20\/dietikon-ubs-swissreal-akquiriert-geschaeftsliegenschaft\/#breadcrumb"},"inLanguage":"fr-FR","potentialAction":[{"@type":"ReadAction","target":["https:\/\/www.immobilienbusiness.ch\/it\/regionen\/2021-01-20\/dietikon-ubs-swissreal-akquiriert-geschaeftsliegenschaft\/"]}]},{"@type":"ImageObject","inLanguage":"fr-FR","@id":"https:\/\/www.immobilienbusiness.ch\/it\/regionen\/2021-01-20\/dietikon-ubs-swissreal-akquiriert-geschaeftsliegenschaft\/#primaryimage","url":"https:\/\/www.immobilienbusiness.ch\/wp-content\/uploads\/2021\/01\/a1d7191a95a4a3a342b8fd660ad7c228.jpg","contentUrl":"https:\/\/www.immobilienbusiness.ch\/wp-content\/uploads\/2021\/01\/a1d7191a95a4a3a342b8fd660ad7c228.jpg","width":579,"height":387,"caption":"Der UBS Swissreal erwirbt eine Gesch\u00e4ftsliegenschaft in Dietikon (Bild: UBS )"},{"@type":"BreadcrumbList","@id":"https:\/\/www.immobilienbusiness.ch\/it\/regionen\/2021-01-20\/dietikon-ubs-swissreal-akquiriert-geschaeftsliegenschaft\/#breadcrumb","itemListElement":[{"@type":"ListItem","position":1,"name":"Home","item":"https:\/\/www.immobilienbusiness.ch\/"},{"@type":"ListItem","position":2,"name":"Dietikon: UBS Swissreal akquiriert Gesch\u00e4ftsliegenschaft"}]},{"@type":"WebSite","@id":"https:\/\/www.immobilienbusiness.ch\/#website","url":"https:\/\/www.immobilienbusiness.ch\/","name":"IMMOBILIER Business","description":"Magazine \u00e9conomique suisse ind\u00e9pendant ax\u00e9 sur l'immobilier, l'architecture et la construction ainsi que sur les investissements et le financement.","publisher":{"@id":"https:\/\/www.immobilienbusiness.ch\/#organization"},"potentialAction":[{"@type":"SearchAction","target":{"@type":"EntryPoint","urlTemplate":"https:\/\/www.immobilienbusiness.ch\/?s={search_term_string}"},"query-input":{"@type":"PropertyValueSpecification","valueRequired":true,"valueName":"search_term_string"}}],"inLanguage":"fr-FR"},{"@type":"Organization","@id":"https:\/\/www.immobilienbusiness.ch\/#organization","name":"IMMOBILIER Business","url":"https:\/\/www.immobilienbusiness.ch\/","logo":{"@type":"ImageObject","inLanguage":"fr-FR","@id":"https:\/\/www.immobilienbusiness.ch\/#\/schema\/logo\/image\/","url":"https:\/\/www.immobilienbusiness.ch\/wp-content\/uploads\/2021\/07\/logo_ib.png","contentUrl":"https:\/\/www.immobilienbusiness.ch\/wp-content\/uploads\/2021\/07\/logo_ib.png","width":800,"height":181,"caption":"IMMOBILIEN Business"},"image":{"@id":"https:\/\/www.immobilienbusiness.ch\/#\/schema\/logo\/image\/"},"sameAs":["https:\/\/www.facebook.com\/immobilienbusiness\/"]},{"@type":"Person","@id":"https:\/\/www.immobilienbusiness.ch\/#\/schema\/person\/3fc036297b10b9f42d6db5ee932af8c8","name":"anja.hall","image":{"@type":"ImageObject","inLanguage":"fr-FR","@id":"https:\/\/secure.gravatar.com\/avatar\/066b5a0d447013502c71a5782f4f3469f03cfe595cc2329fb94652fe47511bfb?s=96&d=mm&r=g","url":"https:\/\/secure.gravatar.com\/avatar\/066b5a0d447013502c71a5782f4f3469f03cfe595cc2329fb94652fe47511bfb?s=96&d=mm&r=g","contentUrl":"https:\/\/secure.gravatar.com\/avatar\/066b5a0d447013502c71a5782f4f3469f03cfe595cc2329fb94652fe47511bfb?s=96&d=mm&r=g","caption":"anja.hall"},"url":"https:\/\/www.immobilienbusiness.ch\/fr\/author\/anja-hall\/"}]}},"_links":{"self":[{"href":"https:\/\/www.immobilienbusiness.ch\/fr\/wp-json\/wp\/v2\/posts\/23281","targetHints":{"allow":["GET"]}}],"collection":[{"href":"https:\/\/www.immobilienbusiness.ch\/fr\/wp-json\/wp\/v2\/posts"}],"about":[{"href":"https:\/\/www.immobilienbusiness.ch\/fr\/wp-json\/wp\/v2\/types\/post"}],"author":[{"embeddable":true,"href":"https:\/\/www.immobilienbusiness.ch\/fr\/wp-json\/wp\/v2\/users\/3"}],"replies":[{"embeddable":true,"href":"https:\/\/www.immobilienbusiness.ch\/fr\/wp-json\/wp\/v2\/comments?post=23281"}],"version-history":[{"count":1,"href":"https:\/\/www.immobilienbusiness.ch\/fr\/wp-json\/wp\/v2\/posts\/23281\/revisions"}],"predecessor-version":[{"id":51755,"href":"https:\/\/www.immobilienbusiness.ch\/fr\/wp-json\/wp\/v2\/posts\/23281\/revisions\/51755"}],"wp:featuredmedia":[{"embeddable":true,"href":"https:\/\/www.immobilienbusiness.ch\/fr\/wp-json\/wp\/v2\/media\/23282"}],"wp:attachment":[{"href":"https:\/\/www.immobilienbusiness.ch\/fr\/wp-json\/wp\/v2\/media?parent=23281"}],"wp:term":[{"taxonomy":"category","embeddable":true,"href":"https:\/\/www.immobilienbusiness.ch\/fr\/wp-json\/wp\/v2\/categories?post=23281"},{"taxonomy":"post_tag","embeddable":true,"href":"https:\/\/www.immobilienbusiness.ch\/fr\/wp-json\/wp\/v2\/tags?post=23281"}],"curies":[{"name":"wp","href":"https:\/\/api.w.org\/{rel}","templated":true}]}}