{"id":23249,"date":"2021-01-14T08:00:07","date_gmt":"2021-01-14T07:00:07","guid":{"rendered":"https:\/\/www.immobilienbusiness.ch\/?p=23249"},"modified":"2023-08-09T20:06:55","modified_gmt":"2023-08-09T18:06:55","slug":"zuerich-msci-barra-mietet-flaechen-im-prime-tower","status":"publish","type":"post","link":"https:\/\/www.immobilienbusiness.ch\/fr\/regionen\/2021-01-14\/zuerich-msci-barra-mietet-flaechen-im-prime-tower\/","title":{"rendered":"Zurich : MSCI Barra loue des locaux dans la Prime Tower"},"content":{"rendered":"<figure id=\"attachment_23250\" aria-describedby=\"caption-attachment-23250\" style=\"width: 300px\" class=\"wp-caption alignnone\"><img loading=\"lazy\" decoding=\"async\" class=\"wp-image-23250 size-medium\" src=\"https:\/\/www.immobilienbusiness.ch\/wp-content\/uploads\/2021\/01\/03_MM_SPG-IC_MSCI-300x200.jpg\" alt=\"MSCI Barra\" width=\"300\" height=\"200\" srcset=\"https:\/\/www.immobilienbusiness.ch\/wp-content\/uploads\/2021\/01\/03_MM_SPG-IC_MSCI-300x200.jpg 300w, https:\/\/www.immobilienbusiness.ch\/wp-content\/uploads\/2021\/01\/03_MM_SPG-IC_MSCI-1024x683.jpg 1024w, https:\/\/www.immobilienbusiness.ch\/wp-content\/uploads\/2021\/01\/03_MM_SPG-IC_MSCI-768x512.jpg 768w, https:\/\/www.immobilienbusiness.ch\/wp-content\/uploads\/2021\/01\/03_MM_SPG-IC_MSCI-1536x1024.jpg 1536w, https:\/\/www.immobilienbusiness.ch\/wp-content\/uploads\/2021\/01\/03_MM_SPG-IC_MSCI-2048x1365.jpg 2048w, https:\/\/www.immobilienbusiness.ch\/wp-content\/uploads\/2021\/01\/03_MM_SPG-IC_MSCI-16x12.jpg 16w, https:\/\/www.immobilienbusiness.ch\/wp-content\/uploads\/2021\/01\/03_MM_SPG-IC_MSCI-263x175.jpg 263w, https:\/\/www.immobilienbusiness.ch\/wp-content\/uploads\/2021\/01\/03_MM_SPG-IC_MSCI-525x350.jpg 525w, https:\/\/www.immobilienbusiness.ch\/wp-content\/uploads\/2021\/01\/03_MM_SPG-IC_MSCI-1200x800.jpg 1200w, https:\/\/www.immobilienbusiness.ch\/wp-content\/uploads\/2021\/01\/03_MM_SPG-IC_MSCI-920x613.jpg 920w, https:\/\/www.immobilienbusiness.ch\/wp-content\/uploads\/2021\/01\/03_MM_SPG-IC_MSCI-1400x933.jpg 1400w\" sizes=\"auto, (max-width: 300px) 100vw, 300px\" \/><figcaption id=\"caption-attachment-23250\" class=\"wp-caption-text\">La Prime Tower \u00e0 Zurich (photo : SPG Intercity Zurich AG)<\/figcaption><\/figure>\n<p>MSCI compte parmi les principaux prestataires de services financiers internationaux et est notamment connue pour ses indices boursiers. Pour son site de Zurich, la succursale suisse MSCI Barra (Suisse) S\u00e0rl avait besoin de nouveaux bureaux de qualit\u00e9 pour sa filiale nouvellement acquise Carbon Delta et a charg\u00e9 SPG Intercity Zurich, partenaire d'alliance suisse de Cushman &amp; Wakefield, de trouver un espace appropri\u00e9.<\/p>\n<p>Dans la Prime Tower, SPG Intercity Zurich a pu louer une surface de plus de 500 m\u00b2 pour le compte de MSCI Barrra, qui en prendra possession encore en janvier 2021. <em>(M.ARR.)<\/em><\/p>","protected":false},"excerpt":{"rendered":"<p>  Le prestataire de services financiers MSCI Barra (Suisse) S\u00e0rl devient locataire de la Prime Tower \u00e0 Zurich Ouest. La soci\u00e9t\u00e9 a \u00e9t\u00e9 aid\u00e9e par SPG Intercity Zurich dans sa recherche de nouveaux bureaux.   <\/p>","protected":false},"author":3,"featured_media":23250,"comment_status":"closed","ping_status":"closed","sticky":false,"template":"","format":"standard","meta":{"_acf_changed":false,"_yoast_wpseo_focuskw":"MSCI Barra","_yoast_wpseo_title":"","_yoast_wpseo_metadesc":"Der Finanzdienstleister MSCI Barra wird Mieter im Prime Tower in Z\u00fcrich West. SPG Intercity Zurich war mit der Fl\u00e4chensuche beauftragt.","_yoast_wpseo_linkdex":47,"pgc_sgb_lightbox_settings":"","footnotes":""},"categories":[985],"tags":[1119,1832,1888],"class_list":["post-23249","post","type-post","status-publish","format-standard","has-post-thumbnail","hentry","category-regionen","tag-bueroimmobilien","tag-vermietung","tag-zuerich"],"acf":[],"yoast_head":"<!-- This site is optimized with the Yoast SEO plugin v27.5 - https:\/\/yoast.com\/product\/yoast-seo-wordpress\/ -->\n<title>Z\u00fcrich: MSCI Barra mietet Fl\u00e4chen im Prime Tower - IMMOBILIEN Business<\/title>\n<meta name=\"description\" content=\"Der Finanzdienstleister MSCI Barra wird Mieter im Prime Tower in Z\u00fcrich West. SPG Intercity Zurich war mit der Fl\u00e4chensuche beauftragt.\" \/>\n<meta name=\"robots\" content=\"index, follow, max-snippet:-1, max-image-preview:large, max-video-preview:-1\" \/>\n<link rel=\"canonical\" href=\"https:\/\/www.immobilienbusiness.ch\/fr\/regionen\/2021-01-14\/zuerich-msci-barra-mietet-flaechen-im-prime-tower\/\" \/>\n<meta property=\"og:locale\" content=\"fr_FR\" \/>\n<meta property=\"og:type\" content=\"article\" \/>\n<meta property=\"og:title\" content=\"Z\u00fcrich: MSCI Barra mietet Fl\u00e4chen im Prime Tower - IMMOBILIEN Business\" \/>\n<meta property=\"og:description\" content=\"Der Finanzdienstleister MSCI Barra wird Mieter im Prime Tower in Z\u00fcrich West. SPG Intercity Zurich war mit der Fl\u00e4chensuche beauftragt.\" \/>\n<meta property=\"og:url\" content=\"https:\/\/www.immobilienbusiness.ch\/fr\/regionen\/2021-01-14\/zuerich-msci-barra-mietet-flaechen-im-prime-tower\/\" \/>\n<meta property=\"og:site_name\" content=\"IMMOBILIEN Business\" \/>\n<meta property=\"article:publisher\" content=\"https:\/\/www.facebook.com\/immobilienbusiness\/\" \/>\n<meta property=\"article:published_time\" content=\"2021-01-14T07:00:07+00:00\" \/>\n<meta property=\"article:modified_time\" content=\"2023-08-09T18:06:55+00:00\" \/>\n<meta property=\"og:image\" content=\"https:\/\/www.immobilienbusiness.ch\/wp-content\/uploads\/2021\/01\/03_MM_SPG-IC_MSCI-1024x683.jpg\" \/>\n\t<meta property=\"og:image:width\" content=\"1024\" \/>\n\t<meta property=\"og:image:height\" content=\"683\" \/>\n\t<meta property=\"og:image:type\" content=\"image\/jpeg\" \/>\n<meta name=\"author\" content=\"anja.hall\" \/>\n<meta name=\"twitter:card\" content=\"summary_large_image\" \/>\n<meta name=\"twitter:image\" content=\"https:\/\/www.immobilienbusiness.ch\/wp-content\/uploads\/2021\/01\/03_MM_SPG-IC_MSCI.jpg\" \/>\n<script type=\"application\/ld+json\" class=\"yoast-schema-graph\">{\"@context\":\"https:\\\/\\\/schema.org\",\"@graph\":[{\"@type\":\"Article\",\"@id\":\"https:\\\/\\\/www.immobilienbusiness.ch\\\/de\\\/regionen\\\/2021-01-14\\\/zuerich-msci-barra-mietet-flaechen-im-prime-tower\\\/#article\",\"isPartOf\":{\"@id\":\"https:\\\/\\\/www.immobilienbusiness.ch\\\/de\\\/regionen\\\/2021-01-14\\\/zuerich-msci-barra-mietet-flaechen-im-prime-tower\\\/\"},\"author\":{\"name\":\"anja.hall\",\"@id\":\"https:\\\/\\\/www.immobilienbusiness.ch\\\/#\\\/schema\\\/person\\\/3fc036297b10b9f42d6db5ee932af8c8\"},\"headline\":\"Z\u00fcrich: MSCI Barra mietet Fl\u00e4chen im Prime Tower\",\"datePublished\":\"2021-01-14T07:00:07+00:00\",\"dateModified\":\"2023-08-09T18:06:55+00:00\",\"mainEntityOfPage\":{\"@id\":\"https:\\\/\\\/www.immobilienbusiness.ch\\\/de\\\/regionen\\\/2021-01-14\\\/zuerich-msci-barra-mietet-flaechen-im-prime-tower\\\/\"},\"wordCount\":121,\"publisher\":{\"@id\":\"https:\\\/\\\/www.immobilienbusiness.ch\\\/#organization\"},\"image\":{\"@id\":\"https:\\\/\\\/www.immobilienbusiness.ch\\\/de\\\/regionen\\\/2021-01-14\\\/zuerich-msci-barra-mietet-flaechen-im-prime-tower\\\/#primaryimage\"},\"thumbnailUrl\":\"https:\\\/\\\/www.immobilienbusiness.ch\\\/wp-content\\\/uploads\\\/2021\\\/01\\\/03_MM_SPG-IC_MSCI.jpg\",\"keywords\":[\"B\u00fcroimmobilien\",\"Vermietung\",\"Z\u00fcrich\"],\"articleSection\":[\"REGIONEN\"],\"inLanguage\":\"fr-FR\"},{\"@type\":\"WebPage\",\"@id\":\"https:\\\/\\\/www.immobilienbusiness.ch\\\/de\\\/regionen\\\/2021-01-14\\\/zuerich-msci-barra-mietet-flaechen-im-prime-tower\\\/\",\"url\":\"https:\\\/\\\/www.immobilienbusiness.ch\\\/de\\\/regionen\\\/2021-01-14\\\/zuerich-msci-barra-mietet-flaechen-im-prime-tower\\\/\",\"name\":\"Z\u00fcrich: MSCI Barra mietet Fl\u00e4chen im Prime Tower - IMMOBILIEN Business\",\"isPartOf\":{\"@id\":\"https:\\\/\\\/www.immobilienbusiness.ch\\\/#website\"},\"primaryImageOfPage\":{\"@id\":\"https:\\\/\\\/www.immobilienbusiness.ch\\\/de\\\/regionen\\\/2021-01-14\\\/zuerich-msci-barra-mietet-flaechen-im-prime-tower\\\/#primaryimage\"},\"image\":{\"@id\":\"https:\\\/\\\/www.immobilienbusiness.ch\\\/de\\\/regionen\\\/2021-01-14\\\/zuerich-msci-barra-mietet-flaechen-im-prime-tower\\\/#primaryimage\"},\"thumbnailUrl\":\"https:\\\/\\\/www.immobilienbusiness.ch\\\/wp-content\\\/uploads\\\/2021\\\/01\\\/03_MM_SPG-IC_MSCI.jpg\",\"datePublished\":\"2021-01-14T07:00:07+00:00\",\"dateModified\":\"2023-08-09T18:06:55+00:00\",\"description\":\"Der Finanzdienstleister MSCI Barra wird Mieter im Prime Tower in Z\u00fcrich West. SPG Intercity Zurich war mit der Fl\u00e4chensuche beauftragt.\",\"breadcrumb\":{\"@id\":\"https:\\\/\\\/www.immobilienbusiness.ch\\\/de\\\/regionen\\\/2021-01-14\\\/zuerich-msci-barra-mietet-flaechen-im-prime-tower\\\/#breadcrumb\"},\"inLanguage\":\"fr-FR\",\"potentialAction\":[{\"@type\":\"ReadAction\",\"target\":[\"https:\\\/\\\/www.immobilienbusiness.ch\\\/de\\\/regionen\\\/2021-01-14\\\/zuerich-msci-barra-mietet-flaechen-im-prime-tower\\\/\"]}]},{\"@type\":\"ImageObject\",\"inLanguage\":\"fr-FR\",\"@id\":\"https:\\\/\\\/www.immobilienbusiness.ch\\\/de\\\/regionen\\\/2021-01-14\\\/zuerich-msci-barra-mietet-flaechen-im-prime-tower\\\/#primaryimage\",\"url\":\"https:\\\/\\\/www.immobilienbusiness.ch\\\/wp-content\\\/uploads\\\/2021\\\/01\\\/03_MM_SPG-IC_MSCI.jpg\",\"contentUrl\":\"https:\\\/\\\/www.immobilienbusiness.ch\\\/wp-content\\\/uploads\\\/2021\\\/01\\\/03_MM_SPG-IC_MSCI.jpg\",\"width\":2560,\"height\":1706,\"caption\":\"Der Prime Tower in Z\u00fcrich (Bild: SPG Intercity Zurich AG)\"},{\"@type\":\"BreadcrumbList\",\"@id\":\"https:\\\/\\\/www.immobilienbusiness.ch\\\/de\\\/regionen\\\/2021-01-14\\\/zuerich-msci-barra-mietet-flaechen-im-prime-tower\\\/#breadcrumb\",\"itemListElement\":[{\"@type\":\"ListItem\",\"position\":1,\"name\":\"Home\",\"item\":\"https:\\\/\\\/www.immobilienbusiness.ch\\\/\"},{\"@type\":\"ListItem\",\"position\":2,\"name\":\"Z\u00fcrich: MSCI Barra mietet Fl\u00e4chen im Prime Tower\"}]},{\"@type\":\"WebSite\",\"@id\":\"https:\\\/\\\/www.immobilienbusiness.ch\\\/#website\",\"url\":\"https:\\\/\\\/www.immobilienbusiness.ch\\\/\",\"name\":\"IMMOBILIEN Business\",\"description\":\"Unabh\u00e4ngiges Schweizer Wirtschaftsmagazin mit Fokus auf Immobilien, Architektur- und Bau sowie Investment- und Finanzierung.\",\"publisher\":{\"@id\":\"https:\\\/\\\/www.immobilienbusiness.ch\\\/#organization\"},\"potentialAction\":[{\"@type\":\"SearchAction\",\"target\":{\"@type\":\"EntryPoint\",\"urlTemplate\":\"https:\\\/\\\/www.immobilienbusiness.ch\\\/?s={search_term_string}\"},\"query-input\":{\"@type\":\"PropertyValueSpecification\",\"valueRequired\":true,\"valueName\":\"search_term_string\"}}],\"inLanguage\":\"fr-FR\"},{\"@type\":\"Organization\",\"@id\":\"https:\\\/\\\/www.immobilienbusiness.ch\\\/#organization\",\"name\":\"IMMOBILIEN Business\",\"url\":\"https:\\\/\\\/www.immobilienbusiness.ch\\\/\",\"logo\":{\"@type\":\"ImageObject\",\"inLanguage\":\"fr-FR\",\"@id\":\"https:\\\/\\\/www.immobilienbusiness.ch\\\/#\\\/schema\\\/logo\\\/image\\\/\",\"url\":\"https:\\\/\\\/www.immobilienbusiness.ch\\\/wp-content\\\/uploads\\\/2021\\\/07\\\/logo_ib.png\",\"contentUrl\":\"https:\\\/\\\/www.immobilienbusiness.ch\\\/wp-content\\\/uploads\\\/2021\\\/07\\\/logo_ib.png\",\"width\":800,\"height\":181,\"caption\":\"IMMOBILIEN Business\"},\"image\":{\"@id\":\"https:\\\/\\\/www.immobilienbusiness.ch\\\/#\\\/schema\\\/logo\\\/image\\\/\"},\"sameAs\":[\"https:\\\/\\\/www.facebook.com\\\/immobilienbusiness\\\/\"]},{\"@type\":\"Person\",\"@id\":\"https:\\\/\\\/www.immobilienbusiness.ch\\\/#\\\/schema\\\/person\\\/3fc036297b10b9f42d6db5ee932af8c8\",\"name\":\"anja.hall\",\"image\":{\"@type\":\"ImageObject\",\"inLanguage\":\"fr-FR\",\"@id\":\"https:\\\/\\\/secure.gravatar.com\\\/avatar\\\/066b5a0d447013502c71a5782f4f3469f03cfe595cc2329fb94652fe47511bfb?s=96&d=mm&r=g\",\"url\":\"https:\\\/\\\/secure.gravatar.com\\\/avatar\\\/066b5a0d447013502c71a5782f4f3469f03cfe595cc2329fb94652fe47511bfb?s=96&d=mm&r=g\",\"contentUrl\":\"https:\\\/\\\/secure.gravatar.com\\\/avatar\\\/066b5a0d447013502c71a5782f4f3469f03cfe595cc2329fb94652fe47511bfb?s=96&d=mm&r=g\",\"caption\":\"anja.hall\"},\"url\":\"https:\\\/\\\/www.immobilienbusiness.ch\\\/fr\\\/author\\\/anja-hall\\\/\"}]}<\/script>\n<!-- \/ Yoast SEO plugin. -->","yoast_head_json":{"title":"Z\u00fcrich: MSCI Barra mietet Fl\u00e4chen im Prime Tower - IMMOBILIEN Business","description":"Der Finanzdienstleister MSCI Barra wird Mieter im Prime Tower in Z\u00fcrich West. SPG Intercity Zurich war mit der Fl\u00e4chensuche beauftragt.","robots":{"index":"index","follow":"follow","max-snippet":"max-snippet:-1","max-image-preview":"max-image-preview:large","max-video-preview":"max-video-preview:-1"},"canonical":"https:\/\/www.immobilienbusiness.ch\/fr\/regionen\/2021-01-14\/zuerich-msci-barra-mietet-flaechen-im-prime-tower\/","og_locale":"fr_FR","og_type":"article","og_title":"Z\u00fcrich: MSCI Barra mietet Fl\u00e4chen im Prime Tower - IMMOBILIEN Business","og_description":"Der Finanzdienstleister MSCI Barra wird Mieter im Prime Tower in Z\u00fcrich West. SPG Intercity Zurich war mit der Fl\u00e4chensuche beauftragt.","og_url":"https:\/\/www.immobilienbusiness.ch\/fr\/regionen\/2021-01-14\/zuerich-msci-barra-mietet-flaechen-im-prime-tower\/","og_site_name":"IMMOBILIEN Business","article_publisher":"https:\/\/www.facebook.com\/immobilienbusiness\/","article_published_time":"2021-01-14T07:00:07+00:00","article_modified_time":"2023-08-09T18:06:55+00:00","og_image":[{"width":1024,"height":683,"url":"https:\/\/www.immobilienbusiness.ch\/wp-content\/uploads\/2021\/01\/03_MM_SPG-IC_MSCI-1024x683.jpg","type":"image\/jpeg"}],"author":"anja.hall","twitter_card":"summary_large_image","twitter_image":"https:\/\/www.immobilienbusiness.ch\/wp-content\/uploads\/2021\/01\/03_MM_SPG-IC_MSCI.jpg","schema":{"@context":"https:\/\/schema.org","@graph":[{"@type":"Article","@id":"https:\/\/www.immobilienbusiness.ch\/de\/regionen\/2021-01-14\/zuerich-msci-barra-mietet-flaechen-im-prime-tower\/#article","isPartOf":{"@id":"https:\/\/www.immobilienbusiness.ch\/de\/regionen\/2021-01-14\/zuerich-msci-barra-mietet-flaechen-im-prime-tower\/"},"author":{"name":"anja.hall","@id":"https:\/\/www.immobilienbusiness.ch\/#\/schema\/person\/3fc036297b10b9f42d6db5ee932af8c8"},"headline":"Z\u00fcrich: MSCI Barra mietet Fl\u00e4chen im Prime Tower","datePublished":"2021-01-14T07:00:07+00:00","dateModified":"2023-08-09T18:06:55+00:00","mainEntityOfPage":{"@id":"https:\/\/www.immobilienbusiness.ch\/de\/regionen\/2021-01-14\/zuerich-msci-barra-mietet-flaechen-im-prime-tower\/"},"wordCount":121,"publisher":{"@id":"https:\/\/www.immobilienbusiness.ch\/#organization"},"image":{"@id":"https:\/\/www.immobilienbusiness.ch\/de\/regionen\/2021-01-14\/zuerich-msci-barra-mietet-flaechen-im-prime-tower\/#primaryimage"},"thumbnailUrl":"https:\/\/www.immobilienbusiness.ch\/wp-content\/uploads\/2021\/01\/03_MM_SPG-IC_MSCI.jpg","keywords":["B\u00fcroimmobilien","Vermietung","Z\u00fcrich"],"articleSection":["REGIONEN"],"inLanguage":"fr-FR"},{"@type":"WebPage","@id":"https:\/\/www.immobilienbusiness.ch\/de\/regionen\/2021-01-14\/zuerich-msci-barra-mietet-flaechen-im-prime-tower\/","url":"https:\/\/www.immobilienbusiness.ch\/de\/regionen\/2021-01-14\/zuerich-msci-barra-mietet-flaechen-im-prime-tower\/","name":"Z\u00fcrich: MSCI Barra mietet Fl\u00e4chen im Prime Tower - IMMOBILIEN Business","isPartOf":{"@id":"https:\/\/www.immobilienbusiness.ch\/#website"},"primaryImageOfPage":{"@id":"https:\/\/www.immobilienbusiness.ch\/de\/regionen\/2021-01-14\/zuerich-msci-barra-mietet-flaechen-im-prime-tower\/#primaryimage"},"image":{"@id":"https:\/\/www.immobilienbusiness.ch\/de\/regionen\/2021-01-14\/zuerich-msci-barra-mietet-flaechen-im-prime-tower\/#primaryimage"},"thumbnailUrl":"https:\/\/www.immobilienbusiness.ch\/wp-content\/uploads\/2021\/01\/03_MM_SPG-IC_MSCI.jpg","datePublished":"2021-01-14T07:00:07+00:00","dateModified":"2023-08-09T18:06:55+00:00","description":"Der Finanzdienstleister MSCI Barra wird Mieter im Prime Tower in Z\u00fcrich West. SPG Intercity Zurich war mit der Fl\u00e4chensuche beauftragt.","breadcrumb":{"@id":"https:\/\/www.immobilienbusiness.ch\/de\/regionen\/2021-01-14\/zuerich-msci-barra-mietet-flaechen-im-prime-tower\/#breadcrumb"},"inLanguage":"fr-FR","potentialAction":[{"@type":"ReadAction","target":["https:\/\/www.immobilienbusiness.ch\/de\/regionen\/2021-01-14\/zuerich-msci-barra-mietet-flaechen-im-prime-tower\/"]}]},{"@type":"ImageObject","inLanguage":"fr-FR","@id":"https:\/\/www.immobilienbusiness.ch\/de\/regionen\/2021-01-14\/zuerich-msci-barra-mietet-flaechen-im-prime-tower\/#primaryimage","url":"https:\/\/www.immobilienbusiness.ch\/wp-content\/uploads\/2021\/01\/03_MM_SPG-IC_MSCI.jpg","contentUrl":"https:\/\/www.immobilienbusiness.ch\/wp-content\/uploads\/2021\/01\/03_MM_SPG-IC_MSCI.jpg","width":2560,"height":1706,"caption":"Der Prime Tower in Z\u00fcrich (Bild: SPG Intercity Zurich AG)"},{"@type":"BreadcrumbList","@id":"https:\/\/www.immobilienbusiness.ch\/de\/regionen\/2021-01-14\/zuerich-msci-barra-mietet-flaechen-im-prime-tower\/#breadcrumb","itemListElement":[{"@type":"ListItem","position":1,"name":"Home","item":"https:\/\/www.immobilienbusiness.ch\/"},{"@type":"ListItem","position":2,"name":"Z\u00fcrich: MSCI Barra mietet Fl\u00e4chen im Prime Tower"}]},{"@type":"WebSite","@id":"https:\/\/www.immobilienbusiness.ch\/#website","url":"https:\/\/www.immobilienbusiness.ch\/","name":"IMMOBILIER Business","description":"Magazine \u00e9conomique suisse ind\u00e9pendant ax\u00e9 sur l'immobilier, l'architecture et la construction ainsi que sur les investissements et le financement.","publisher":{"@id":"https:\/\/www.immobilienbusiness.ch\/#organization"},"potentialAction":[{"@type":"SearchAction","target":{"@type":"EntryPoint","urlTemplate":"https:\/\/www.immobilienbusiness.ch\/?s={search_term_string}"},"query-input":{"@type":"PropertyValueSpecification","valueRequired":true,"valueName":"search_term_string"}}],"inLanguage":"fr-FR"},{"@type":"Organization","@id":"https:\/\/www.immobilienbusiness.ch\/#organization","name":"IMMOBILIER Business","url":"https:\/\/www.immobilienbusiness.ch\/","logo":{"@type":"ImageObject","inLanguage":"fr-FR","@id":"https:\/\/www.immobilienbusiness.ch\/#\/schema\/logo\/image\/","url":"https:\/\/www.immobilienbusiness.ch\/wp-content\/uploads\/2021\/07\/logo_ib.png","contentUrl":"https:\/\/www.immobilienbusiness.ch\/wp-content\/uploads\/2021\/07\/logo_ib.png","width":800,"height":181,"caption":"IMMOBILIEN Business"},"image":{"@id":"https:\/\/www.immobilienbusiness.ch\/#\/schema\/logo\/image\/"},"sameAs":["https:\/\/www.facebook.com\/immobilienbusiness\/"]},{"@type":"Person","@id":"https:\/\/www.immobilienbusiness.ch\/#\/schema\/person\/3fc036297b10b9f42d6db5ee932af8c8","name":"anja.hall","image":{"@type":"ImageObject","inLanguage":"fr-FR","@id":"https:\/\/secure.gravatar.com\/avatar\/066b5a0d447013502c71a5782f4f3469f03cfe595cc2329fb94652fe47511bfb?s=96&d=mm&r=g","url":"https:\/\/secure.gravatar.com\/avatar\/066b5a0d447013502c71a5782f4f3469f03cfe595cc2329fb94652fe47511bfb?s=96&d=mm&r=g","contentUrl":"https:\/\/secure.gravatar.com\/avatar\/066b5a0d447013502c71a5782f4f3469f03cfe595cc2329fb94652fe47511bfb?s=96&d=mm&r=g","caption":"anja.hall"},"url":"https:\/\/www.immobilienbusiness.ch\/fr\/author\/anja-hall\/"}]}},"_links":{"self":[{"href":"https:\/\/www.immobilienbusiness.ch\/fr\/wp-json\/wp\/v2\/posts\/23249","targetHints":{"allow":["GET"]}}],"collection":[{"href":"https:\/\/www.immobilienbusiness.ch\/fr\/wp-json\/wp\/v2\/posts"}],"about":[{"href":"https:\/\/www.immobilienbusiness.ch\/fr\/wp-json\/wp\/v2\/types\/post"}],"author":[{"embeddable":true,"href":"https:\/\/www.immobilienbusiness.ch\/fr\/wp-json\/wp\/v2\/users\/3"}],"replies":[{"embeddable":true,"href":"https:\/\/www.immobilienbusiness.ch\/fr\/wp-json\/wp\/v2\/comments?post=23249"}],"version-history":[{"count":1,"href":"https:\/\/www.immobilienbusiness.ch\/fr\/wp-json\/wp\/v2\/posts\/23249\/revisions"}],"predecessor-version":[{"id":51758,"href":"https:\/\/www.immobilienbusiness.ch\/fr\/wp-json\/wp\/v2\/posts\/23249\/revisions\/51758"}],"wp:featuredmedia":[{"embeddable":true,"href":"https:\/\/www.immobilienbusiness.ch\/fr\/wp-json\/wp\/v2\/media\/23250"}],"wp:attachment":[{"href":"https:\/\/www.immobilienbusiness.ch\/fr\/wp-json\/wp\/v2\/media?parent=23249"}],"wp:term":[{"taxonomy":"category","embeddable":true,"href":"https:\/\/www.immobilienbusiness.ch\/fr\/wp-json\/wp\/v2\/categories?post=23249"},{"taxonomy":"post_tag","embeddable":true,"href":"https:\/\/www.immobilienbusiness.ch\/fr\/wp-json\/wp\/v2\/tags?post=23249"}],"curies":[{"name":"wp","href":"https:\/\/api.w.org\/{rel}","templated":true}]}}