{"id":2319,"date":"2021-09-23T09:43:22","date_gmt":"2021-09-23T07:43:22","guid":{"rendered":"https:\/\/develop.immobilienbusiness.ch\/de\/allgemein\/2021-09-23\/capital-bay-schweizer-markt-im-visier\/"},"modified":"2023-06-28T12:16:47","modified_gmt":"2023-06-28T10:16:47","slug":"capital-bay-schweizer-markt-im-visier-2","status":"publish","type":"post","link":"https:\/\/www.immobilienbusiness.ch\/fr\/ib\/2021-09-23\/capital-bay-schweizer-markt-im-visier-2\/","title":{"rendered":"Capital Bay : le march\u00e9 suisse en ligne de mire"},"content":{"rendered":"<div class=\"swpm-post-not-logged-in-msg\">Vous devez \u00eatre connect\u00e9 pour voir ce contenu. Veuillez consulter <a class=\"swpm-login-link\" href=\"https:\/\/www.immobilienbusiness.ch\/fr\/login\/?swpm_redirect_to=https%3A%2F%2Fwww.immobilienbusiness.ch%2Ffr%2Fwp-json%2Fwp%2Fv2%2Fposts%2F2319\">Connexion<\/a>. Vous n'\u00eates pas membre ? <a href=\"https:\/\/www.immobilienbusiness.ch\/fr\/registrieren\/\">Nous Rejoindre<\/a><\/div>","protected":false},"excerpt":{"rendered":"<p><span><span><span>Le gestionnaire d'actifs Capital Bay a nomm\u00e9 un nouveau responsable du d\u00e9veloppement commercial pour la r\u00e9gion DACH en la personne de Dennis B\u00f6rgel. Il est pr\u00e9vu de \"renforcer l'approche des investisseurs institutionnels en Allemagne, en Autriche et en Suisse\", indique l'entreprise.<\/span><\/span><\/span><\/p>","protected":false},"author":3,"featured_media":0,"comment_status":"closed","ping_status":"closed","sticky":false,"template":"","format":"standard","meta":{"_acf_changed":false,"_yoast_wpseo_focuskw":"Capital Bay","_yoast_wpseo_title":"","_yoast_wpseo_metadesc":"Der Asset Manager Capital Bay hat mit Dennis B\u00f6rgel einen neuen Head of Business Development DACH bestellt. Geplant sei die \u00abverst\u00e4rkte Ansprache institutioneller Investoren in Deutschland, \u00d6sterreich und der Schweiz\u00bb, so das Unternehmen.","_yoast_wpseo_linkdex":41,"pgc_sgb_lightbox_settings":"","footnotes":""},"categories":[1951],"tags":[1046,1563],"class_list":["post-2319","post","type-post","status-publish","format-standard","hentry","category-ib","tag-asset-manager","tag-personalia"],"acf":[],"yoast_head":"<!-- This site is optimized with the Yoast SEO plugin v27.5 - https:\/\/yoast.com\/product\/yoast-seo-wordpress\/ -->\n<title>Capital Bay: Schweizer Markt im Visier - IMMOBILIEN Business<\/title>\n<meta name=\"description\" content=\"Der Asset Manager Capital Bay hat mit Dennis B\u00f6rgel einen neuen Head of Business Development DACH bestellt. Geplant sei die \u00abverst\u00e4rkte Ansprache institutioneller Investoren in Deutschland, \u00d6sterreich und der Schweiz\u00bb, so das Unternehmen.\" \/>\n<meta name=\"robots\" content=\"index, follow, max-snippet:-1, max-image-preview:large, max-video-preview:-1\" \/>\n<link rel=\"canonical\" href=\"https:\/\/www.immobilienbusiness.ch\/fr\/ib\/2021-09-23\/capital-bay-schweizer-markt-im-visier-2\/\" \/>\n<meta property=\"og:locale\" content=\"fr_FR\" \/>\n<meta property=\"og:type\" content=\"article\" \/>\n<meta property=\"og:title\" content=\"Capital Bay: Schweizer Markt im Visier - IMMOBILIEN Business\" \/>\n<meta property=\"og:description\" content=\"Der Asset Manager Capital Bay hat mit Dennis B\u00f6rgel einen neuen Head of Business Development DACH bestellt. Geplant sei die \u00abverst\u00e4rkte Ansprache institutioneller Investoren in Deutschland, \u00d6sterreich und der Schweiz\u00bb, so das Unternehmen.\" \/>\n<meta property=\"og:url\" content=\"https:\/\/www.immobilienbusiness.ch\/fr\/ib\/2021-09-23\/capital-bay-schweizer-markt-im-visier-2\/\" \/>\n<meta property=\"og:site_name\" content=\"IMMOBILIEN Business\" \/>\n<meta property=\"article:publisher\" content=\"https:\/\/www.facebook.com\/immobilienbusiness\/\" \/>\n<meta property=\"article:published_time\" content=\"2021-09-23T07:43:22+00:00\" \/>\n<meta property=\"article:modified_time\" content=\"2023-06-28T10:16:47+00:00\" \/>\n<meta name=\"author\" content=\"anja.hall\" \/>\n<meta name=\"twitter:card\" content=\"summary_large_image\" \/>\n<script type=\"application\/ld+json\" class=\"yoast-schema-graph\">{\"@context\":\"https:\\\/\\\/schema.org\",\"@graph\":[{\"@type\":\"Article\",\"@id\":\"https:\\\/\\\/www.immobilienbusiness.ch\\\/de\\\/ib\\\/2021-09-23\\\/capital-bay-schweizer-markt-im-visier-2\\\/#article\",\"isPartOf\":{\"@id\":\"https:\\\/\\\/www.immobilienbusiness.ch\\\/de\\\/ib\\\/2021-09-23\\\/capital-bay-schweizer-markt-im-visier-2\\\/\"},\"author\":{\"name\":\"anja.hall\",\"@id\":\"https:\\\/\\\/www.immobilienbusiness.ch\\\/#\\\/schema\\\/person\\\/3fc036297b10b9f42d6db5ee932af8c8\"},\"headline\":\"Capital Bay: Schweizer Markt im Visier\",\"datePublished\":\"2021-09-23T07:43:22+00:00\",\"dateModified\":\"2023-06-28T10:16:47+00:00\",\"mainEntityOfPage\":{\"@id\":\"https:\\\/\\\/www.immobilienbusiness.ch\\\/de\\\/ib\\\/2021-09-23\\\/capital-bay-schweizer-markt-im-visier-2\\\/\"},\"wordCount\":107,\"publisher\":{\"@id\":\"https:\\\/\\\/www.immobilienbusiness.ch\\\/#organization\"},\"keywords\":[\"Asset Manager\",\"Personalia\"],\"articleSection\":[\"IB+\"],\"inLanguage\":\"fr-FR\"},{\"@type\":\"WebPage\",\"@id\":\"https:\\\/\\\/www.immobilienbusiness.ch\\\/de\\\/ib\\\/2021-09-23\\\/capital-bay-schweizer-markt-im-visier-2\\\/\",\"url\":\"https:\\\/\\\/www.immobilienbusiness.ch\\\/de\\\/ib\\\/2021-09-23\\\/capital-bay-schweizer-markt-im-visier-2\\\/\",\"name\":\"Capital Bay: Schweizer Markt im Visier - IMMOBILIEN Business\",\"isPartOf\":{\"@id\":\"https:\\\/\\\/www.immobilienbusiness.ch\\\/#website\"},\"datePublished\":\"2021-09-23T07:43:22+00:00\",\"dateModified\":\"2023-06-28T10:16:47+00:00\",\"description\":\"Der Asset Manager Capital Bay hat mit Dennis B\u00f6rgel einen neuen Head of Business Development DACH bestellt. Geplant sei die \u00abverst\u00e4rkte Ansprache institutioneller Investoren in Deutschland, \u00d6sterreich und der Schweiz\u00bb, so das Unternehmen.\",\"breadcrumb\":{\"@id\":\"https:\\\/\\\/www.immobilienbusiness.ch\\\/de\\\/ib\\\/2021-09-23\\\/capital-bay-schweizer-markt-im-visier-2\\\/#breadcrumb\"},\"inLanguage\":\"fr-FR\",\"potentialAction\":[{\"@type\":\"ReadAction\",\"target\":[\"https:\\\/\\\/www.immobilienbusiness.ch\\\/de\\\/ib\\\/2021-09-23\\\/capital-bay-schweizer-markt-im-visier-2\\\/\"]}]},{\"@type\":\"BreadcrumbList\",\"@id\":\"https:\\\/\\\/www.immobilienbusiness.ch\\\/de\\\/ib\\\/2021-09-23\\\/capital-bay-schweizer-markt-im-visier-2\\\/#breadcrumb\",\"itemListElement\":[{\"@type\":\"ListItem\",\"position\":1,\"name\":\"Home\",\"item\":\"https:\\\/\\\/www.immobilienbusiness.ch\\\/\"},{\"@type\":\"ListItem\",\"position\":2,\"name\":\"Capital Bay: Schweizer Markt im Visier\"}]},{\"@type\":\"WebSite\",\"@id\":\"https:\\\/\\\/www.immobilienbusiness.ch\\\/#website\",\"url\":\"https:\\\/\\\/www.immobilienbusiness.ch\\\/\",\"name\":\"IMMOBILIEN Business\",\"description\":\"Unabh\u00e4ngiges Schweizer Wirtschaftsmagazin mit Fokus auf Immobilien, Architektur- und Bau sowie Investment- und Finanzierung.\",\"publisher\":{\"@id\":\"https:\\\/\\\/www.immobilienbusiness.ch\\\/#organization\"},\"potentialAction\":[{\"@type\":\"SearchAction\",\"target\":{\"@type\":\"EntryPoint\",\"urlTemplate\":\"https:\\\/\\\/www.immobilienbusiness.ch\\\/?s={search_term_string}\"},\"query-input\":{\"@type\":\"PropertyValueSpecification\",\"valueRequired\":true,\"valueName\":\"search_term_string\"}}],\"inLanguage\":\"fr-FR\"},{\"@type\":\"Organization\",\"@id\":\"https:\\\/\\\/www.immobilienbusiness.ch\\\/#organization\",\"name\":\"IMMOBILIEN Business\",\"url\":\"https:\\\/\\\/www.immobilienbusiness.ch\\\/\",\"logo\":{\"@type\":\"ImageObject\",\"inLanguage\":\"fr-FR\",\"@id\":\"https:\\\/\\\/www.immobilienbusiness.ch\\\/#\\\/schema\\\/logo\\\/image\\\/\",\"url\":\"https:\\\/\\\/www.immobilienbusiness.ch\\\/wp-content\\\/uploads\\\/2021\\\/07\\\/logo_ib.png\",\"contentUrl\":\"https:\\\/\\\/www.immobilienbusiness.ch\\\/wp-content\\\/uploads\\\/2021\\\/07\\\/logo_ib.png\",\"width\":800,\"height\":181,\"caption\":\"IMMOBILIEN Business\"},\"image\":{\"@id\":\"https:\\\/\\\/www.immobilienbusiness.ch\\\/#\\\/schema\\\/logo\\\/image\\\/\"},\"sameAs\":[\"https:\\\/\\\/www.facebook.com\\\/immobilienbusiness\\\/\"]},{\"@type\":\"Person\",\"@id\":\"https:\\\/\\\/www.immobilienbusiness.ch\\\/#\\\/schema\\\/person\\\/3fc036297b10b9f42d6db5ee932af8c8\",\"name\":\"anja.hall\",\"image\":{\"@type\":\"ImageObject\",\"inLanguage\":\"fr-FR\",\"@id\":\"https:\\\/\\\/secure.gravatar.com\\\/avatar\\\/066b5a0d447013502c71a5782f4f3469f03cfe595cc2329fb94652fe47511bfb?s=96&d=mm&r=g\",\"url\":\"https:\\\/\\\/secure.gravatar.com\\\/avatar\\\/066b5a0d447013502c71a5782f4f3469f03cfe595cc2329fb94652fe47511bfb?s=96&d=mm&r=g\",\"contentUrl\":\"https:\\\/\\\/secure.gravatar.com\\\/avatar\\\/066b5a0d447013502c71a5782f4f3469f03cfe595cc2329fb94652fe47511bfb?s=96&d=mm&r=g\",\"caption\":\"anja.hall\"},\"url\":\"https:\\\/\\\/www.immobilienbusiness.ch\\\/fr\\\/author\\\/anja-hall\\\/\"}]}<\/script>\n<!-- \/ Yoast SEO plugin. -->","yoast_head_json":{"title":"Capital Bay : le march\u00e9 suisse en ligne de mire - IMMOBILIER Business","description":"Le gestionnaire d'actifs Capital Bay a nomm\u00e9 un nouveau responsable du d\u00e9veloppement commercial pour la r\u00e9gion DACH en la personne de Dennis B\u00f6rgel. Il est pr\u00e9vu de \"renforcer l'approche des investisseurs institutionnels en Allemagne, en Autriche et en Suisse\", indique l'entreprise.","robots":{"index":"index","follow":"follow","max-snippet":"max-snippet:-1","max-image-preview":"max-image-preview:large","max-video-preview":"max-video-preview:-1"},"canonical":"https:\/\/www.immobilienbusiness.ch\/fr\/ib\/2021-09-23\/capital-bay-schweizer-markt-im-visier-2\/","og_locale":"fr_FR","og_type":"article","og_title":"Capital Bay: Schweizer Markt im Visier - IMMOBILIEN Business","og_description":"Der Asset Manager Capital Bay hat mit Dennis B\u00f6rgel einen neuen Head of Business Development DACH bestellt. Geplant sei die \u00abverst\u00e4rkte Ansprache institutioneller Investoren in Deutschland, \u00d6sterreich und der Schweiz\u00bb, so das Unternehmen.","og_url":"https:\/\/www.immobilienbusiness.ch\/fr\/ib\/2021-09-23\/capital-bay-schweizer-markt-im-visier-2\/","og_site_name":"IMMOBILIEN Business","article_publisher":"https:\/\/www.facebook.com\/immobilienbusiness\/","article_published_time":"2021-09-23T07:43:22+00:00","article_modified_time":"2023-06-28T10:16:47+00:00","author":"anja.hall","twitter_card":"summary_large_image","schema":{"@context":"https:\/\/schema.org","@graph":[{"@type":"Article","@id":"https:\/\/www.immobilienbusiness.ch\/de\/ib\/2021-09-23\/capital-bay-schweizer-markt-im-visier-2\/#article","isPartOf":{"@id":"https:\/\/www.immobilienbusiness.ch\/de\/ib\/2021-09-23\/capital-bay-schweizer-markt-im-visier-2\/"},"author":{"name":"anja.hall","@id":"https:\/\/www.immobilienbusiness.ch\/#\/schema\/person\/3fc036297b10b9f42d6db5ee932af8c8"},"headline":"Capital Bay: Schweizer Markt im Visier","datePublished":"2021-09-23T07:43:22+00:00","dateModified":"2023-06-28T10:16:47+00:00","mainEntityOfPage":{"@id":"https:\/\/www.immobilienbusiness.ch\/de\/ib\/2021-09-23\/capital-bay-schweizer-markt-im-visier-2\/"},"wordCount":107,"publisher":{"@id":"https:\/\/www.immobilienbusiness.ch\/#organization"},"keywords":["Asset Manager","Personalia"],"articleSection":["IB+"],"inLanguage":"fr-FR"},{"@type":"WebPage","@id":"https:\/\/www.immobilienbusiness.ch\/de\/ib\/2021-09-23\/capital-bay-schweizer-markt-im-visier-2\/","url":"https:\/\/www.immobilienbusiness.ch\/de\/ib\/2021-09-23\/capital-bay-schweizer-markt-im-visier-2\/","name":"Capital Bay : le march\u00e9 suisse en ligne de mire - IMMOBILIER Business","isPartOf":{"@id":"https:\/\/www.immobilienbusiness.ch\/#website"},"datePublished":"2021-09-23T07:43:22+00:00","dateModified":"2023-06-28T10:16:47+00:00","description":"Le gestionnaire d'actifs Capital Bay a nomm\u00e9 un nouveau responsable du d\u00e9veloppement commercial pour la r\u00e9gion DACH en la personne de Dennis B\u00f6rgel. Il est pr\u00e9vu de \"renforcer l'approche des investisseurs institutionnels en Allemagne, en Autriche et en Suisse\", indique l'entreprise.","breadcrumb":{"@id":"https:\/\/www.immobilienbusiness.ch\/de\/ib\/2021-09-23\/capital-bay-schweizer-markt-im-visier-2\/#breadcrumb"},"inLanguage":"fr-FR","potentialAction":[{"@type":"ReadAction","target":["https:\/\/www.immobilienbusiness.ch\/de\/ib\/2021-09-23\/capital-bay-schweizer-markt-im-visier-2\/"]}]},{"@type":"BreadcrumbList","@id":"https:\/\/www.immobilienbusiness.ch\/de\/ib\/2021-09-23\/capital-bay-schweizer-markt-im-visier-2\/#breadcrumb","itemListElement":[{"@type":"ListItem","position":1,"name":"Home","item":"https:\/\/www.immobilienbusiness.ch\/"},{"@type":"ListItem","position":2,"name":"Capital Bay: Schweizer Markt im Visier"}]},{"@type":"WebSite","@id":"https:\/\/www.immobilienbusiness.ch\/#website","url":"https:\/\/www.immobilienbusiness.ch\/","name":"IMMOBILIER Business","description":"Magazine \u00e9conomique suisse ind\u00e9pendant ax\u00e9 sur l'immobilier, l'architecture et la construction ainsi que sur les investissements et le financement.","publisher":{"@id":"https:\/\/www.immobilienbusiness.ch\/#organization"},"potentialAction":[{"@type":"SearchAction","target":{"@type":"EntryPoint","urlTemplate":"https:\/\/www.immobilienbusiness.ch\/?s={search_term_string}"},"query-input":{"@type":"PropertyValueSpecification","valueRequired":true,"valueName":"search_term_string"}}],"inLanguage":"fr-FR"},{"@type":"Organization","@id":"https:\/\/www.immobilienbusiness.ch\/#organization","name":"IMMOBILIER Business","url":"https:\/\/www.immobilienbusiness.ch\/","logo":{"@type":"ImageObject","inLanguage":"fr-FR","@id":"https:\/\/www.immobilienbusiness.ch\/#\/schema\/logo\/image\/","url":"https:\/\/www.immobilienbusiness.ch\/wp-content\/uploads\/2021\/07\/logo_ib.png","contentUrl":"https:\/\/www.immobilienbusiness.ch\/wp-content\/uploads\/2021\/07\/logo_ib.png","width":800,"height":181,"caption":"IMMOBILIEN Business"},"image":{"@id":"https:\/\/www.immobilienbusiness.ch\/#\/schema\/logo\/image\/"},"sameAs":["https:\/\/www.facebook.com\/immobilienbusiness\/"]},{"@type":"Person","@id":"https:\/\/www.immobilienbusiness.ch\/#\/schema\/person\/3fc036297b10b9f42d6db5ee932af8c8","name":"anja.hall","image":{"@type":"ImageObject","inLanguage":"fr-FR","@id":"https:\/\/secure.gravatar.com\/avatar\/066b5a0d447013502c71a5782f4f3469f03cfe595cc2329fb94652fe47511bfb?s=96&d=mm&r=g","url":"https:\/\/secure.gravatar.com\/avatar\/066b5a0d447013502c71a5782f4f3469f03cfe595cc2329fb94652fe47511bfb?s=96&d=mm&r=g","contentUrl":"https:\/\/secure.gravatar.com\/avatar\/066b5a0d447013502c71a5782f4f3469f03cfe595cc2329fb94652fe47511bfb?s=96&d=mm&r=g","caption":"anja.hall"},"url":"https:\/\/www.immobilienbusiness.ch\/fr\/author\/anja-hall\/"}]}},"_links":{"self":[{"href":"https:\/\/www.immobilienbusiness.ch\/fr\/wp-json\/wp\/v2\/posts\/2319","targetHints":{"allow":["GET"]}}],"collection":[{"href":"https:\/\/www.immobilienbusiness.ch\/fr\/wp-json\/wp\/v2\/posts"}],"about":[{"href":"https:\/\/www.immobilienbusiness.ch\/fr\/wp-json\/wp\/v2\/types\/post"}],"author":[{"embeddable":true,"href":"https:\/\/www.immobilienbusiness.ch\/fr\/wp-json\/wp\/v2\/users\/3"}],"replies":[{"embeddable":true,"href":"https:\/\/www.immobilienbusiness.ch\/fr\/wp-json\/wp\/v2\/comments?post=2319"}],"version-history":[{"count":2,"href":"https:\/\/www.immobilienbusiness.ch\/fr\/wp-json\/wp\/v2\/posts\/2319\/revisions"}],"predecessor-version":[{"id":48572,"href":"https:\/\/www.immobilienbusiness.ch\/fr\/wp-json\/wp\/v2\/posts\/2319\/revisions\/48572"}],"wp:attachment":[{"href":"https:\/\/www.immobilienbusiness.ch\/fr\/wp-json\/wp\/v2\/media?parent=2319"}],"wp:term":[{"taxonomy":"category","embeddable":true,"href":"https:\/\/www.immobilienbusiness.ch\/fr\/wp-json\/wp\/v2\/categories?post=2319"},{"taxonomy":"post_tag","embeddable":true,"href":"https:\/\/www.immobilienbusiness.ch\/fr\/wp-json\/wp\/v2\/tags?post=2319"}],"curies":[{"name":"wp","href":"https:\/\/api.w.org\/{rel}","templated":true}]}}