{"id":23039,"date":"2020-12-10T08:10:59","date_gmt":"2020-12-10T07:10:59","guid":{"rendered":"https:\/\/www.immobilienbusiness.ch\/?p=23039"},"modified":"2020-12-10T08:10:59","modified_gmt":"2020-12-10T07:10:59","slug":"reinach-aesch-baugesuch-fuer-stoecklin-areal-ist-eingereicht","status":"publish","type":"post","link":"https:\/\/www.immobilienbusiness.ch\/fr\/regionen\/2020-12-10\/reinach-aesch-baugesuch-fuer-stoecklin-areal-ist-eingereicht\/","title":{"rendered":"Reinach\/Aesch : d\u00e9p\u00f4t d'une demande de permis de construire pour le site de St\u00f6cklin"},"content":{"rendered":"<figure id=\"attachment_23040\" aria-describedby=\"caption-attachment-23040\" style=\"width: 680px\" class=\"wp-caption alignnone\"><img loading=\"lazy\" decoding=\"async\" class=\"size-medium wp-image-23040\" src=\"https:\/\/www.immobilienbusiness.ch\/wp-content\/uploads\/2020\/12\/St\u00f6cklin-Areal-Luftbild.jpg\" alt=\"\" width=\"680\" height=\"453\" \/><figcaption id=\"caption-attachment-23040\" class=\"wp-caption-text\">Le lotissement pr\u00e9vu sur le site St\u00f6cklin \u00e0 Reinach\/Aesch (photo : HRS Real Estate)<\/figcaption><\/figure>\n<p>L'ancien site industriel de l'entreprise St\u00f6cklin appartient \u00e0 HRS Investment AG, \u00e0 la fondation de placement immobilier Turidomus et au prestataire de soins Senevita. Sur ce terrain de 35 000 m2 situ\u00e9 directement au bord de la Birse et \u00e0 distance de marche du centre historique de Dornachbrugg, il est pr\u00e9vu de construire un quartier comprenant des logements, des services et des commerces.<\/p>\n<p>Trois tours d'habitation sont pr\u00e9vues. Dans deux de ces tours, HRS veut construire environ 120 appartements en copropri\u00e9t\u00e9. Turidomus veut louer environ 140 appartements ainsi que des surfaces de services et commerciales. Sur une autre partie du site, Senevita pr\u00e9voit de construire une maison de retraite et de soins. Les constructions pour Turidomus et Senevita seront \u00e9galement d\u00e9velopp\u00e9es, planifi\u00e9es et r\u00e9alis\u00e9es par HRS.<\/p>\n<p>Comme l'a annonc\u00e9 HRS Real Estate le 9 d\u00e9cembre 2020, la demande de permis de construire a \u00e9t\u00e9 d\u00e9pos\u00e9e d\u00e9but d\u00e9cembre ; la publication officielle devrait suivre dans quelques jours. <em>(ah)<\/em><\/p>","protected":false},"excerpt":{"rendered":"<p>HRS Real Estate a d\u00e9pos\u00e9 la demande de permis de construire pour le lotissement Aere, qui doit \u00eatre construit sur le site St\u00f6cklin dans les communes de Reinach et Aesch (BL).<\/p>","protected":false},"author":3,"featured_media":23040,"comment_status":"closed","ping_status":"open","sticky":false,"template":"","format":"standard","meta":{"_acf_changed":false,"_yoast_wpseo_focuskw":"St\u00f6cklin-Areal","_yoast_wpseo_title":"","_yoast_wpseo_metadesc":"HRS Real Estate hat das Baugesucht f\u00fcr die Wohnsiedlung Aere eingereicht, die auf dem St\u00f6cklin-Areal in den Gemeinden Reinach und Aesch (BL) entstehen soll.","_yoast_wpseo_linkdex":44,"pgc_sgb_lightbox_settings":"","footnotes":""},"categories":[985],"tags":[1318,1560,1570,1600,1863],"class_list":["post-23039","post","type-post","status-publish","format-standard","has-post-thumbnail","hentry","category-regionen","tag-hrs-real-estate","tag-pensimo","tag-pflegeheim","tag-projekt-in-planung","tag-wohnimmobilien"],"acf":[],"yoast_head":"<!-- This site is optimized with the Yoast SEO plugin v27.5 - https:\/\/yoast.com\/product\/yoast-seo-wordpress\/ -->\n<title>Reinach\/Aesch: Baugesuch f\u00fcr St\u00f6cklin-Areal ist eingereicht - IMMOBILIEN Business<\/title>\n<meta name=\"description\" content=\"HRS Real Estate hat das Baugesucht f\u00fcr die Wohnsiedlung Aere eingereicht, die auf dem St\u00f6cklin-Areal in den Gemeinden Reinach und Aesch (BL) entstehen soll.\" \/>\n<meta name=\"robots\" content=\"index, follow, max-snippet:-1, max-image-preview:large, max-video-preview:-1\" \/>\n<link rel=\"canonical\" href=\"https:\/\/www.immobilienbusiness.ch\/fr\/regionen\/2020-12-10\/reinach-aesch-baugesuch-fuer-stoecklin-areal-ist-eingereicht\/\" \/>\n<meta property=\"og:locale\" content=\"fr_FR\" \/>\n<meta property=\"og:type\" content=\"article\" \/>\n<meta property=\"og:title\" content=\"Reinach\/Aesch: Baugesuch f\u00fcr St\u00f6cklin-Areal ist eingereicht - IMMOBILIEN Business\" \/>\n<meta property=\"og:description\" content=\"HRS Real Estate hat das Baugesucht f\u00fcr die Wohnsiedlung Aere eingereicht, die auf dem St\u00f6cklin-Areal in den Gemeinden Reinach und Aesch (BL) entstehen soll.\" \/>\n<meta property=\"og:url\" content=\"https:\/\/www.immobilienbusiness.ch\/fr\/regionen\/2020-12-10\/reinach-aesch-baugesuch-fuer-stoecklin-areal-ist-eingereicht\/\" \/>\n<meta property=\"og:site_name\" content=\"IMMOBILIEN Business\" \/>\n<meta property=\"article:publisher\" content=\"https:\/\/www.facebook.com\/immobilienbusiness\/\" \/>\n<meta property=\"article:published_time\" content=\"2020-12-10T07:10:59+00:00\" \/>\n<meta property=\"og:image\" content=\"https:\/\/www.immobilienbusiness.ch\/wp-content\/uploads\/2020\/12\/Stoecklin-Areal-Luftbild-1024x682.jpg\" \/>\n\t<meta property=\"og:image:width\" content=\"1024\" \/>\n\t<meta property=\"og:image:height\" content=\"682\" \/>\n\t<meta property=\"og:image:type\" content=\"image\/jpeg\" \/>\n<meta name=\"author\" content=\"anja.hall\" \/>\n<meta name=\"twitter:card\" content=\"summary_large_image\" \/>\n<meta name=\"twitter:image\" content=\"https:\/\/www.immobilienbusiness.ch\/wp-content\/uploads\/2020\/12\/Stoecklin-Areal-Luftbild.jpg\" \/>\n<script type=\"application\/ld+json\" class=\"yoast-schema-graph\">{\"@context\":\"https:\\\/\\\/schema.org\",\"@graph\":[{\"@type\":\"Article\",\"@id\":\"https:\\\/\\\/www.immobilienbusiness.ch\\\/en\\\/regionen\\\/2020-12-10\\\/reinach-aesch-baugesuch-fuer-stoecklin-areal-ist-eingereicht\\\/#article\",\"isPartOf\":{\"@id\":\"https:\\\/\\\/www.immobilienbusiness.ch\\\/en\\\/regionen\\\/2020-12-10\\\/reinach-aesch-baugesuch-fuer-stoecklin-areal-ist-eingereicht\\\/\"},\"author\":{\"name\":\"anja.hall\",\"@id\":\"https:\\\/\\\/www.immobilienbusiness.ch\\\/#\\\/schema\\\/person\\\/3fc036297b10b9f42d6db5ee932af8c8\"},\"headline\":\"Reinach\\\/Aesch: Baugesuch f\u00fcr St\u00f6cklin-Areal ist eingereicht\",\"datePublished\":\"2020-12-10T07:10:59+00:00\",\"mainEntityOfPage\":{\"@id\":\"https:\\\/\\\/www.immobilienbusiness.ch\\\/en\\\/regionen\\\/2020-12-10\\\/reinach-aesch-baugesuch-fuer-stoecklin-areal-ist-eingereicht\\\/\"},\"wordCount\":151,\"publisher\":{\"@id\":\"https:\\\/\\\/www.immobilienbusiness.ch\\\/#organization\"},\"image\":{\"@id\":\"https:\\\/\\\/www.immobilienbusiness.ch\\\/en\\\/regionen\\\/2020-12-10\\\/reinach-aesch-baugesuch-fuer-stoecklin-areal-ist-eingereicht\\\/#primaryimage\"},\"thumbnailUrl\":\"https:\\\/\\\/www.immobilienbusiness.ch\\\/wp-content\\\/uploads\\\/2020\\\/12\\\/Stoecklin-Areal-Luftbild.jpg\",\"keywords\":[\"HRS Real Estate\",\"Pensimo\",\"Pflegeheim\",\"Projekt in Planung\",\"Wohnimmobilien\"],\"articleSection\":[\"REGIONEN\"],\"inLanguage\":\"fr-FR\"},{\"@type\":\"WebPage\",\"@id\":\"https:\\\/\\\/www.immobilienbusiness.ch\\\/en\\\/regionen\\\/2020-12-10\\\/reinach-aesch-baugesuch-fuer-stoecklin-areal-ist-eingereicht\\\/\",\"url\":\"https:\\\/\\\/www.immobilienbusiness.ch\\\/en\\\/regionen\\\/2020-12-10\\\/reinach-aesch-baugesuch-fuer-stoecklin-areal-ist-eingereicht\\\/\",\"name\":\"Reinach\\\/Aesch: Baugesuch f\u00fcr St\u00f6cklin-Areal ist eingereicht - IMMOBILIEN Business\",\"isPartOf\":{\"@id\":\"https:\\\/\\\/www.immobilienbusiness.ch\\\/#website\"},\"primaryImageOfPage\":{\"@id\":\"https:\\\/\\\/www.immobilienbusiness.ch\\\/en\\\/regionen\\\/2020-12-10\\\/reinach-aesch-baugesuch-fuer-stoecklin-areal-ist-eingereicht\\\/#primaryimage\"},\"image\":{\"@id\":\"https:\\\/\\\/www.immobilienbusiness.ch\\\/en\\\/regionen\\\/2020-12-10\\\/reinach-aesch-baugesuch-fuer-stoecklin-areal-ist-eingereicht\\\/#primaryimage\"},\"thumbnailUrl\":\"https:\\\/\\\/www.immobilienbusiness.ch\\\/wp-content\\\/uploads\\\/2020\\\/12\\\/Stoecklin-Areal-Luftbild.jpg\",\"datePublished\":\"2020-12-10T07:10:59+00:00\",\"description\":\"HRS Real Estate hat das Baugesucht f\u00fcr die Wohnsiedlung Aere eingereicht, die auf dem St\u00f6cklin-Areal in den Gemeinden Reinach und Aesch (BL) entstehen soll.\",\"breadcrumb\":{\"@id\":\"https:\\\/\\\/www.immobilienbusiness.ch\\\/en\\\/regionen\\\/2020-12-10\\\/reinach-aesch-baugesuch-fuer-stoecklin-areal-ist-eingereicht\\\/#breadcrumb\"},\"inLanguage\":\"fr-FR\",\"potentialAction\":[{\"@type\":\"ReadAction\",\"target\":[\"https:\\\/\\\/www.immobilienbusiness.ch\\\/en\\\/regionen\\\/2020-12-10\\\/reinach-aesch-baugesuch-fuer-stoecklin-areal-ist-eingereicht\\\/\"]}]},{\"@type\":\"ImageObject\",\"inLanguage\":\"fr-FR\",\"@id\":\"https:\\\/\\\/www.immobilienbusiness.ch\\\/en\\\/regionen\\\/2020-12-10\\\/reinach-aesch-baugesuch-fuer-stoecklin-areal-ist-eingereicht\\\/#primaryimage\",\"url\":\"https:\\\/\\\/www.immobilienbusiness.ch\\\/wp-content\\\/uploads\\\/2020\\\/12\\\/Stoecklin-Areal-Luftbild.jpg\",\"contentUrl\":\"https:\\\/\\\/www.immobilienbusiness.ch\\\/wp-content\\\/uploads\\\/2020\\\/12\\\/Stoecklin-Areal-Luftbild.jpg\",\"width\":2560,\"height\":1705,\"caption\":\"Die geplante \u00dcberbauung auf dem St\u00f6cklin-Areal in Reinach\\\/Aesch (Bild: HRS Real Estate)\"},{\"@type\":\"BreadcrumbList\",\"@id\":\"https:\\\/\\\/www.immobilienbusiness.ch\\\/en\\\/regionen\\\/2020-12-10\\\/reinach-aesch-baugesuch-fuer-stoecklin-areal-ist-eingereicht\\\/#breadcrumb\",\"itemListElement\":[{\"@type\":\"ListItem\",\"position\":1,\"name\":\"Home\",\"item\":\"https:\\\/\\\/www.immobilienbusiness.ch\\\/\"},{\"@type\":\"ListItem\",\"position\":2,\"name\":\"Reinach\\\/Aesch: Baugesuch f\u00fcr St\u00f6cklin-Areal ist eingereicht\"}]},{\"@type\":\"WebSite\",\"@id\":\"https:\\\/\\\/www.immobilienbusiness.ch\\\/#website\",\"url\":\"https:\\\/\\\/www.immobilienbusiness.ch\\\/\",\"name\":\"IMMOBILIEN Business\",\"description\":\"Unabh\u00e4ngiges Schweizer Wirtschaftsmagazin mit Fokus auf Immobilien, Architektur- und Bau sowie Investment- und Finanzierung.\",\"publisher\":{\"@id\":\"https:\\\/\\\/www.immobilienbusiness.ch\\\/#organization\"},\"potentialAction\":[{\"@type\":\"SearchAction\",\"target\":{\"@type\":\"EntryPoint\",\"urlTemplate\":\"https:\\\/\\\/www.immobilienbusiness.ch\\\/?s={search_term_string}\"},\"query-input\":{\"@type\":\"PropertyValueSpecification\",\"valueRequired\":true,\"valueName\":\"search_term_string\"}}],\"inLanguage\":\"fr-FR\"},{\"@type\":\"Organization\",\"@id\":\"https:\\\/\\\/www.immobilienbusiness.ch\\\/#organization\",\"name\":\"IMMOBILIEN Business\",\"url\":\"https:\\\/\\\/www.immobilienbusiness.ch\\\/\",\"logo\":{\"@type\":\"ImageObject\",\"inLanguage\":\"fr-FR\",\"@id\":\"https:\\\/\\\/www.immobilienbusiness.ch\\\/#\\\/schema\\\/logo\\\/image\\\/\",\"url\":\"https:\\\/\\\/www.immobilienbusiness.ch\\\/wp-content\\\/uploads\\\/2021\\\/07\\\/logo_ib.png\",\"contentUrl\":\"https:\\\/\\\/www.immobilienbusiness.ch\\\/wp-content\\\/uploads\\\/2021\\\/07\\\/logo_ib.png\",\"width\":800,\"height\":181,\"caption\":\"IMMOBILIEN Business\"},\"image\":{\"@id\":\"https:\\\/\\\/www.immobilienbusiness.ch\\\/#\\\/schema\\\/logo\\\/image\\\/\"},\"sameAs\":[\"https:\\\/\\\/www.facebook.com\\\/immobilienbusiness\\\/\"]},{\"@type\":\"Person\",\"@id\":\"https:\\\/\\\/www.immobilienbusiness.ch\\\/#\\\/schema\\\/person\\\/3fc036297b10b9f42d6db5ee932af8c8\",\"name\":\"anja.hall\",\"image\":{\"@type\":\"ImageObject\",\"inLanguage\":\"fr-FR\",\"@id\":\"https:\\\/\\\/secure.gravatar.com\\\/avatar\\\/066b5a0d447013502c71a5782f4f3469f03cfe595cc2329fb94652fe47511bfb?s=96&d=mm&r=g\",\"url\":\"https:\\\/\\\/secure.gravatar.com\\\/avatar\\\/066b5a0d447013502c71a5782f4f3469f03cfe595cc2329fb94652fe47511bfb?s=96&d=mm&r=g\",\"contentUrl\":\"https:\\\/\\\/secure.gravatar.com\\\/avatar\\\/066b5a0d447013502c71a5782f4f3469f03cfe595cc2329fb94652fe47511bfb?s=96&d=mm&r=g\",\"caption\":\"anja.hall\"},\"url\":\"https:\\\/\\\/www.immobilienbusiness.ch\\\/fr\\\/author\\\/anja-hall\\\/\"}]}<\/script>\n<!-- \/ Yoast SEO plugin. -->","yoast_head_json":{"title":"Reinach\/Aesch: Baugesuch f\u00fcr St\u00f6cklin-Areal ist eingereicht - IMMOBILIEN Business","description":"HRS Real Estate hat das Baugesucht f\u00fcr die Wohnsiedlung Aere eingereicht, die auf dem St\u00f6cklin-Areal in den Gemeinden Reinach und Aesch (BL) entstehen soll.","robots":{"index":"index","follow":"follow","max-snippet":"max-snippet:-1","max-image-preview":"max-image-preview:large","max-video-preview":"max-video-preview:-1"},"canonical":"https:\/\/www.immobilienbusiness.ch\/fr\/regionen\/2020-12-10\/reinach-aesch-baugesuch-fuer-stoecklin-areal-ist-eingereicht\/","og_locale":"fr_FR","og_type":"article","og_title":"Reinach\/Aesch: Baugesuch f\u00fcr St\u00f6cklin-Areal ist eingereicht - IMMOBILIEN Business","og_description":"HRS Real Estate hat das Baugesucht f\u00fcr die Wohnsiedlung Aere eingereicht, die auf dem St\u00f6cklin-Areal in den Gemeinden Reinach und Aesch (BL) entstehen soll.","og_url":"https:\/\/www.immobilienbusiness.ch\/fr\/regionen\/2020-12-10\/reinach-aesch-baugesuch-fuer-stoecklin-areal-ist-eingereicht\/","og_site_name":"IMMOBILIEN Business","article_publisher":"https:\/\/www.facebook.com\/immobilienbusiness\/","article_published_time":"2020-12-10T07:10:59+00:00","og_image":[{"width":1024,"height":682,"url":"https:\/\/www.immobilienbusiness.ch\/wp-content\/uploads\/2020\/12\/Stoecklin-Areal-Luftbild-1024x682.jpg","type":"image\/jpeg"}],"author":"anja.hall","twitter_card":"summary_large_image","twitter_image":"https:\/\/www.immobilienbusiness.ch\/wp-content\/uploads\/2020\/12\/Stoecklin-Areal-Luftbild.jpg","schema":{"@context":"https:\/\/schema.org","@graph":[{"@type":"Article","@id":"https:\/\/www.immobilienbusiness.ch\/en\/regionen\/2020-12-10\/reinach-aesch-baugesuch-fuer-stoecklin-areal-ist-eingereicht\/#article","isPartOf":{"@id":"https:\/\/www.immobilienbusiness.ch\/en\/regionen\/2020-12-10\/reinach-aesch-baugesuch-fuer-stoecklin-areal-ist-eingereicht\/"},"author":{"name":"anja.hall","@id":"https:\/\/www.immobilienbusiness.ch\/#\/schema\/person\/3fc036297b10b9f42d6db5ee932af8c8"},"headline":"Reinach\/Aesch: Baugesuch f\u00fcr St\u00f6cklin-Areal ist eingereicht","datePublished":"2020-12-10T07:10:59+00:00","mainEntityOfPage":{"@id":"https:\/\/www.immobilienbusiness.ch\/en\/regionen\/2020-12-10\/reinach-aesch-baugesuch-fuer-stoecklin-areal-ist-eingereicht\/"},"wordCount":151,"publisher":{"@id":"https:\/\/www.immobilienbusiness.ch\/#organization"},"image":{"@id":"https:\/\/www.immobilienbusiness.ch\/en\/regionen\/2020-12-10\/reinach-aesch-baugesuch-fuer-stoecklin-areal-ist-eingereicht\/#primaryimage"},"thumbnailUrl":"https:\/\/www.immobilienbusiness.ch\/wp-content\/uploads\/2020\/12\/Stoecklin-Areal-Luftbild.jpg","keywords":["HRS Real Estate","Pensimo","Pflegeheim","Projekt in Planung","Wohnimmobilien"],"articleSection":["REGIONEN"],"inLanguage":"fr-FR"},{"@type":"WebPage","@id":"https:\/\/www.immobilienbusiness.ch\/en\/regionen\/2020-12-10\/reinach-aesch-baugesuch-fuer-stoecklin-areal-ist-eingereicht\/","url":"https:\/\/www.immobilienbusiness.ch\/en\/regionen\/2020-12-10\/reinach-aesch-baugesuch-fuer-stoecklin-areal-ist-eingereicht\/","name":"Reinach\/Aesch: Baugesuch f\u00fcr St\u00f6cklin-Areal ist eingereicht - IMMOBILIEN Business","isPartOf":{"@id":"https:\/\/www.immobilienbusiness.ch\/#website"},"primaryImageOfPage":{"@id":"https:\/\/www.immobilienbusiness.ch\/en\/regionen\/2020-12-10\/reinach-aesch-baugesuch-fuer-stoecklin-areal-ist-eingereicht\/#primaryimage"},"image":{"@id":"https:\/\/www.immobilienbusiness.ch\/en\/regionen\/2020-12-10\/reinach-aesch-baugesuch-fuer-stoecklin-areal-ist-eingereicht\/#primaryimage"},"thumbnailUrl":"https:\/\/www.immobilienbusiness.ch\/wp-content\/uploads\/2020\/12\/Stoecklin-Areal-Luftbild.jpg","datePublished":"2020-12-10T07:10:59+00:00","description":"HRS Real Estate hat das Baugesucht f\u00fcr die Wohnsiedlung Aere eingereicht, die auf dem St\u00f6cklin-Areal in den Gemeinden Reinach und Aesch (BL) entstehen soll.","breadcrumb":{"@id":"https:\/\/www.immobilienbusiness.ch\/en\/regionen\/2020-12-10\/reinach-aesch-baugesuch-fuer-stoecklin-areal-ist-eingereicht\/#breadcrumb"},"inLanguage":"fr-FR","potentialAction":[{"@type":"ReadAction","target":["https:\/\/www.immobilienbusiness.ch\/en\/regionen\/2020-12-10\/reinach-aesch-baugesuch-fuer-stoecklin-areal-ist-eingereicht\/"]}]},{"@type":"ImageObject","inLanguage":"fr-FR","@id":"https:\/\/www.immobilienbusiness.ch\/en\/regionen\/2020-12-10\/reinach-aesch-baugesuch-fuer-stoecklin-areal-ist-eingereicht\/#primaryimage","url":"https:\/\/www.immobilienbusiness.ch\/wp-content\/uploads\/2020\/12\/Stoecklin-Areal-Luftbild.jpg","contentUrl":"https:\/\/www.immobilienbusiness.ch\/wp-content\/uploads\/2020\/12\/Stoecklin-Areal-Luftbild.jpg","width":2560,"height":1705,"caption":"Die geplante \u00dcberbauung auf dem St\u00f6cklin-Areal in Reinach\/Aesch (Bild: HRS Real Estate)"},{"@type":"BreadcrumbList","@id":"https:\/\/www.immobilienbusiness.ch\/en\/regionen\/2020-12-10\/reinach-aesch-baugesuch-fuer-stoecklin-areal-ist-eingereicht\/#breadcrumb","itemListElement":[{"@type":"ListItem","position":1,"name":"Home","item":"https:\/\/www.immobilienbusiness.ch\/"},{"@type":"ListItem","position":2,"name":"Reinach\/Aesch: Baugesuch f\u00fcr St\u00f6cklin-Areal ist eingereicht"}]},{"@type":"WebSite","@id":"https:\/\/www.immobilienbusiness.ch\/#website","url":"https:\/\/www.immobilienbusiness.ch\/","name":"IMMOBILIER Business","description":"Magazine \u00e9conomique suisse ind\u00e9pendant ax\u00e9 sur l'immobilier, l'architecture et la construction ainsi que sur les investissements et le financement.","publisher":{"@id":"https:\/\/www.immobilienbusiness.ch\/#organization"},"potentialAction":[{"@type":"SearchAction","target":{"@type":"EntryPoint","urlTemplate":"https:\/\/www.immobilienbusiness.ch\/?s={search_term_string}"},"query-input":{"@type":"PropertyValueSpecification","valueRequired":true,"valueName":"search_term_string"}}],"inLanguage":"fr-FR"},{"@type":"Organization","@id":"https:\/\/www.immobilienbusiness.ch\/#organization","name":"IMMOBILIER Business","url":"https:\/\/www.immobilienbusiness.ch\/","logo":{"@type":"ImageObject","inLanguage":"fr-FR","@id":"https:\/\/www.immobilienbusiness.ch\/#\/schema\/logo\/image\/","url":"https:\/\/www.immobilienbusiness.ch\/wp-content\/uploads\/2021\/07\/logo_ib.png","contentUrl":"https:\/\/www.immobilienbusiness.ch\/wp-content\/uploads\/2021\/07\/logo_ib.png","width":800,"height":181,"caption":"IMMOBILIEN Business"},"image":{"@id":"https:\/\/www.immobilienbusiness.ch\/#\/schema\/logo\/image\/"},"sameAs":["https:\/\/www.facebook.com\/immobilienbusiness\/"]},{"@type":"Person","@id":"https:\/\/www.immobilienbusiness.ch\/#\/schema\/person\/3fc036297b10b9f42d6db5ee932af8c8","name":"anja.hall","image":{"@type":"ImageObject","inLanguage":"fr-FR","@id":"https:\/\/secure.gravatar.com\/avatar\/066b5a0d447013502c71a5782f4f3469f03cfe595cc2329fb94652fe47511bfb?s=96&d=mm&r=g","url":"https:\/\/secure.gravatar.com\/avatar\/066b5a0d447013502c71a5782f4f3469f03cfe595cc2329fb94652fe47511bfb?s=96&d=mm&r=g","contentUrl":"https:\/\/secure.gravatar.com\/avatar\/066b5a0d447013502c71a5782f4f3469f03cfe595cc2329fb94652fe47511bfb?s=96&d=mm&r=g","caption":"anja.hall"},"url":"https:\/\/www.immobilienbusiness.ch\/fr\/author\/anja-hall\/"}]}},"_links":{"self":[{"href":"https:\/\/www.immobilienbusiness.ch\/fr\/wp-json\/wp\/v2\/posts\/23039","targetHints":{"allow":["GET"]}}],"collection":[{"href":"https:\/\/www.immobilienbusiness.ch\/fr\/wp-json\/wp\/v2\/posts"}],"about":[{"href":"https:\/\/www.immobilienbusiness.ch\/fr\/wp-json\/wp\/v2\/types\/post"}],"author":[{"embeddable":true,"href":"https:\/\/www.immobilienbusiness.ch\/fr\/wp-json\/wp\/v2\/users\/3"}],"replies":[{"embeddable":true,"href":"https:\/\/www.immobilienbusiness.ch\/fr\/wp-json\/wp\/v2\/comments?post=23039"}],"version-history":[{"count":0,"href":"https:\/\/www.immobilienbusiness.ch\/fr\/wp-json\/wp\/v2\/posts\/23039\/revisions"}],"wp:featuredmedia":[{"embeddable":true,"href":"https:\/\/www.immobilienbusiness.ch\/fr\/wp-json\/wp\/v2\/media\/23040"}],"wp:attachment":[{"href":"https:\/\/www.immobilienbusiness.ch\/fr\/wp-json\/wp\/v2\/media?parent=23039"}],"wp:term":[{"taxonomy":"category","embeddable":true,"href":"https:\/\/www.immobilienbusiness.ch\/fr\/wp-json\/wp\/v2\/categories?post=23039"},{"taxonomy":"post_tag","embeddable":true,"href":"https:\/\/www.immobilienbusiness.ch\/fr\/wp-json\/wp\/v2\/tags?post=23039"}],"curies":[{"name":"wp","href":"https:\/\/api.w.org\/{rel}","templated":true}]}}