{"id":22990,"date":"2020-12-04T07:50:53","date_gmt":"2020-12-04T06:50:53","guid":{"rendered":"https:\/\/www.immobilienbusiness.ch\/?p=22990"},"modified":"2020-12-04T07:50:53","modified_gmt":"2020-12-04T06:50:53","slug":"fundamenta-fonds-kauft-in-deutschland-zu","status":"publish","type":"post","link":"https:\/\/www.immobilienbusiness.ch\/fr\/unternehmen\/2020-12-04\/fundamenta-fonds-kauft-in-deutschland-zu\/","title":{"rendered":"Le fonds Fundamenta ach\u00e8te en Allemagne"},"content":{"rendered":"<figure id=\"attachment_8598\" aria-describedby=\"caption-attachment-8598\" style=\"width: 680px\" class=\"wp-caption alignnone\"><img loading=\"lazy\" decoding=\"async\" class=\"size-medium wp-image-8598\" src=\"https:\/\/www.immobilienbusiness.ch\/wp-content\/uploads\/2017\/08\/IB-News-08082017-Vertragsunterschrift-962354_1920-c-Pixabay.jpg\" alt=\"\" width=\"680\" height=\"510\" srcset=\"https:\/\/www.immobilienbusiness.ch\/wp-content\/uploads\/2017\/08\/IB-News-08082017-Vertragsunterschrift-962354_1920-c-Pixabay.jpg 1920w, https:\/\/www.immobilienbusiness.ch\/wp-content\/uploads\/2017\/08\/IB-News-08082017-Vertragsunterschrift-962354_1920-c-Pixabay-300x225.jpg 300w, https:\/\/www.immobilienbusiness.ch\/wp-content\/uploads\/2017\/08\/IB-News-08082017-Vertragsunterschrift-962354_1920-c-Pixabay-1024x768.jpg 1024w, https:\/\/www.immobilienbusiness.ch\/wp-content\/uploads\/2017\/08\/IB-News-08082017-Vertragsunterschrift-962354_1920-c-Pixabay-768x576.jpg 768w, https:\/\/www.immobilienbusiness.ch\/wp-content\/uploads\/2017\/08\/IB-News-08082017-Vertragsunterschrift-962354_1920-c-Pixabay-1536x1152.jpg 1536w, https:\/\/www.immobilienbusiness.ch\/wp-content\/uploads\/2017\/08\/IB-News-08082017-Vertragsunterschrift-962354_1920-c-Pixabay-16x12.jpg 16w, https:\/\/www.immobilienbusiness.ch\/wp-content\/uploads\/2017\/08\/IB-News-08082017-Vertragsunterschrift-962354_1920-c-Pixabay-233x175.jpg 233w, https:\/\/www.immobilienbusiness.ch\/wp-content\/uploads\/2017\/08\/IB-News-08082017-Vertragsunterschrift-962354_1920-c-Pixabay-467x350.jpg 467w, https:\/\/www.immobilienbusiness.ch\/wp-content\/uploads\/2017\/08\/IB-News-08082017-Vertragsunterschrift-962354_1920-c-Pixabay-1067x800.jpg 1067w, https:\/\/www.immobilienbusiness.ch\/wp-content\/uploads\/2017\/08\/IB-News-08082017-Vertragsunterschrift-962354_1920-c-Pixabay-920x690.jpg 920w, https:\/\/www.immobilienbusiness.ch\/wp-content\/uploads\/2017\/08\/IB-News-08082017-Vertragsunterschrift-962354_1920-c-Pixabay-1400x1050.jpg 1400w, https:\/\/www.immobilienbusiness.ch\/wp-content\/uploads\/2017\/08\/IB-News-08082017-Vertragsunterschrift-962354_1920-c-Pixabay-1867x1400.jpg 1867w\" sizes=\"auto, (max-width: 680px) 100vw, 680px\" \/><figcaption id=\"caption-attachment-8598\" class=\"wp-caption-text\">Le fonds Fundamenta FG Wohninvest ach\u00e8te \u00e0 Wolfsburg (photo : Pixabay)<\/figcaption><\/figure>\n<p>Le FG Wohninvest Deutschland S.C.S. SICAV-SIF a acquis un complexe r\u00e9sidentiel dans le nouveau quartier Steimker G\u00e4rten de Wolfsburg. Le complexe de 20 unit\u00e9s d'habitation a \u00e9t\u00e9 achev\u00e9 en novembre 2020 et est d\u00e9j\u00e0 enti\u00e8rement lou\u00e9, selon Fundamenta Group. Le vendeur est la soci\u00e9t\u00e9 Meyer Projektentwicklung GmbH de L\u00fcneburg, qui agit en tant que promoteur immobilier au sein du groupe d'entreprises Meyer. La soci\u00e9t\u00e9 Robert C. Spies Gewerbe und Investment GmbH &amp; Co. KG a jou\u00e9 un r\u00f4le de conseil et d'interm\u00e9diaire dans la transaction.<\/p>\n<p>Selon Fundamenta Group, le nouveau b\u00e2timent fait partie du projet Steimker Quartett, compos\u00e9 de quatre immeubles d'habitation, qui a \u00e9t\u00e9 vendu principalement dans le cadre de ventes individuelles. L'immeuble, construit selon la norme KfW-55, a une surface habitable d'environ 1 900 m\u00b2 et correspond \u00e0 la strat\u00e9gie ESG du Fundamenta Group Allemagne, selon laquelle les projets de construction neuve sont acquis de pr\u00e9f\u00e9rence avec des objets pr\u00e9sentant un standard \u00e9nerg\u00e9tique \u00e9lev\u00e9.<\/p>\n<p>Le bien immobilier se trouve dans le nouveau quartier Steimker G\u00e4rten, proche du centre-ville, qui comprend au total environ 1.800 appartements neufs de qualit\u00e9 sup\u00e9rieure et a \u00e9t\u00e9 con\u00e7u par VW Immobilien. <em>(ah)<\/em><\/p>","protected":false},"excerpt":{"rendered":"<p>FG Wohninvest, un fonds du groupe Fundamenta, a acquis un complexe r\u00e9sidentiel neuf \u00e0 Wolfsburg.<\/p>","protected":false},"author":3,"featured_media":8598,"comment_status":"closed","ping_status":"open","sticky":false,"template":"","format":"standard","meta":{"_acf_changed":false,"_yoast_wpseo_focuskw":"Fundamenta","_yoast_wpseo_title":"","_yoast_wpseo_metadesc":"Der FG Wohninvest, ein Fonds der Fundamenta Group, hat eine Neubauwohnanlage in Wolfsburg erworben.","_yoast_wpseo_linkdex":50,"pgc_sgb_lightbox_settings":"","footnotes":""},"categories":[988],"tags":[1166,1252,1344,1348,1863],"class_list":["post-22990","post","type-post","status-publish","format-standard","has-post-thumbnail","hentry","category-unternehmen","tag-deutschland","tag-fundamenta","tag-immobilienfonds","tag-immobilienkauf","tag-wohnimmobilien"],"acf":[],"yoast_head":"<!-- This site is optimized with the Yoast SEO plugin v27.4 - https:\/\/yoast.com\/product\/yoast-seo-wordpress\/ -->\n<title>Fundamenta-Fonds kauft in Deutschland zu - IMMOBILIEN Business<\/title>\n<meta name=\"description\" content=\"Der FG Wohninvest, ein Fonds der Fundamenta Group, hat eine Neubauwohnanlage in Wolfsburg erworben.\" \/>\n<meta name=\"robots\" content=\"index, follow, max-snippet:-1, max-image-preview:large, max-video-preview:-1\" \/>\n<link rel=\"canonical\" href=\"https:\/\/www.immobilienbusiness.ch\/fr\/unternehmen\/2020-12-04\/fundamenta-fonds-kauft-in-deutschland-zu\/\" \/>\n<meta property=\"og:locale\" content=\"fr_FR\" \/>\n<meta property=\"og:type\" content=\"article\" \/>\n<meta property=\"og:title\" content=\"Fundamenta-Fonds kauft in Deutschland zu - IMMOBILIEN Business\" \/>\n<meta property=\"og:description\" content=\"Der FG Wohninvest, ein Fonds der Fundamenta Group, hat eine Neubauwohnanlage in Wolfsburg erworben.\" \/>\n<meta property=\"og:url\" content=\"https:\/\/www.immobilienbusiness.ch\/fr\/unternehmen\/2020-12-04\/fundamenta-fonds-kauft-in-deutschland-zu\/\" \/>\n<meta property=\"og:site_name\" content=\"IMMOBILIEN Business\" \/>\n<meta property=\"article:publisher\" content=\"https:\/\/www.facebook.com\/immobilienbusiness\/\" \/>\n<meta property=\"article:published_time\" content=\"2020-12-04T06:50:53+00:00\" \/>\n<meta property=\"og:image\" content=\"https:\/\/www.immobilienbusiness.ch\/wp-content\/uploads\/2017\/08\/IB-News-08082017-Vertragsunterschrift-962354_1920-c-Pixabay.jpg\" \/>\n\t<meta property=\"og:image:width\" content=\"1920\" \/>\n\t<meta property=\"og:image:height\" content=\"1440\" \/>\n\t<meta property=\"og:image:type\" content=\"image\/jpeg\" \/>\n<meta name=\"author\" content=\"anja.hall\" \/>\n<meta name=\"twitter:card\" content=\"summary_large_image\" \/>\n<meta name=\"twitter:image\" content=\"https:\/\/www.immobilienbusiness.ch\/wp-content\/uploads\/2017\/08\/IB-News-08082017-Vertragsunterschrift-962354_1920-c-Pixabay.jpg\" \/>\n<script type=\"application\/ld+json\" class=\"yoast-schema-graph\">{\"@context\":\"https:\\\/\\\/schema.org\",\"@graph\":[{\"@type\":\"Article\",\"@id\":\"https:\\\/\\\/www.immobilienbusiness.ch\\\/unternehmen\\\/2020-12-04\\\/fundamenta-fonds-kauft-in-deutschland-zu\\\/#article\",\"isPartOf\":{\"@id\":\"https:\\\/\\\/www.immobilienbusiness.ch\\\/unternehmen\\\/2020-12-04\\\/fundamenta-fonds-kauft-in-deutschland-zu\\\/\"},\"author\":{\"name\":\"anja.hall\",\"@id\":\"https:\\\/\\\/www.immobilienbusiness.ch\\\/#\\\/schema\\\/person\\\/3fc036297b10b9f42d6db5ee932af8c8\"},\"headline\":\"Fundamenta-Fonds kauft in Deutschland zu\",\"datePublished\":\"2020-12-04T06:50:53+00:00\",\"mainEntityOfPage\":{\"@id\":\"https:\\\/\\\/www.immobilienbusiness.ch\\\/unternehmen\\\/2020-12-04\\\/fundamenta-fonds-kauft-in-deutschland-zu\\\/\"},\"wordCount\":177,\"publisher\":{\"@id\":\"https:\\\/\\\/www.immobilienbusiness.ch\\\/#organization\"},\"image\":{\"@id\":\"https:\\\/\\\/www.immobilienbusiness.ch\\\/unternehmen\\\/2020-12-04\\\/fundamenta-fonds-kauft-in-deutschland-zu\\\/#primaryimage\"},\"thumbnailUrl\":\"https:\\\/\\\/www.immobilienbusiness.ch\\\/wp-content\\\/uploads\\\/2017\\\/08\\\/IB-News-08082017-Vertragsunterschrift-962354_1920-c-Pixabay.jpg\",\"keywords\":[\"Deutschland\",\"Fundamenta\",\"Immobilienfonds\",\"Immobilienkauf\",\"Wohnimmobilien\"],\"articleSection\":[\"UNTERNEHMEN\"],\"inLanguage\":\"fr-FR\"},{\"@type\":\"WebPage\",\"@id\":\"https:\\\/\\\/www.immobilienbusiness.ch\\\/unternehmen\\\/2020-12-04\\\/fundamenta-fonds-kauft-in-deutschland-zu\\\/\",\"url\":\"https:\\\/\\\/www.immobilienbusiness.ch\\\/unternehmen\\\/2020-12-04\\\/fundamenta-fonds-kauft-in-deutschland-zu\\\/\",\"name\":\"Fundamenta-Fonds kauft in Deutschland zu - IMMOBILIEN Business\",\"isPartOf\":{\"@id\":\"https:\\\/\\\/www.immobilienbusiness.ch\\\/#website\"},\"primaryImageOfPage\":{\"@id\":\"https:\\\/\\\/www.immobilienbusiness.ch\\\/unternehmen\\\/2020-12-04\\\/fundamenta-fonds-kauft-in-deutschland-zu\\\/#primaryimage\"},\"image\":{\"@id\":\"https:\\\/\\\/www.immobilienbusiness.ch\\\/unternehmen\\\/2020-12-04\\\/fundamenta-fonds-kauft-in-deutschland-zu\\\/#primaryimage\"},\"thumbnailUrl\":\"https:\\\/\\\/www.immobilienbusiness.ch\\\/wp-content\\\/uploads\\\/2017\\\/08\\\/IB-News-08082017-Vertragsunterschrift-962354_1920-c-Pixabay.jpg\",\"datePublished\":\"2020-12-04T06:50:53+00:00\",\"description\":\"Der FG Wohninvest, ein Fonds der Fundamenta Group, hat eine Neubauwohnanlage in Wolfsburg erworben.\",\"breadcrumb\":{\"@id\":\"https:\\\/\\\/www.immobilienbusiness.ch\\\/unternehmen\\\/2020-12-04\\\/fundamenta-fonds-kauft-in-deutschland-zu\\\/#breadcrumb\"},\"inLanguage\":\"fr-FR\",\"potentialAction\":[{\"@type\":\"ReadAction\",\"target\":[\"https:\\\/\\\/www.immobilienbusiness.ch\\\/unternehmen\\\/2020-12-04\\\/fundamenta-fonds-kauft-in-deutschland-zu\\\/\"]}]},{\"@type\":\"ImageObject\",\"inLanguage\":\"fr-FR\",\"@id\":\"https:\\\/\\\/www.immobilienbusiness.ch\\\/unternehmen\\\/2020-12-04\\\/fundamenta-fonds-kauft-in-deutschland-zu\\\/#primaryimage\",\"url\":\"https:\\\/\\\/www.immobilienbusiness.ch\\\/wp-content\\\/uploads\\\/2017\\\/08\\\/IB-News-08082017-Vertragsunterschrift-962354_1920-c-Pixabay.jpg\",\"contentUrl\":\"https:\\\/\\\/www.immobilienbusiness.ch\\\/wp-content\\\/uploads\\\/2017\\\/08\\\/IB-News-08082017-Vertragsunterschrift-962354_1920-c-Pixabay.jpg\",\"width\":1920,\"height\":1440,\"caption\":\"Die Immobilie in V (Bild: Pixabay)\"},{\"@type\":\"BreadcrumbList\",\"@id\":\"https:\\\/\\\/www.immobilienbusiness.ch\\\/unternehmen\\\/2020-12-04\\\/fundamenta-fonds-kauft-in-deutschland-zu\\\/#breadcrumb\",\"itemListElement\":[{\"@type\":\"ListItem\",\"position\":1,\"name\":\"Home\",\"item\":\"https:\\\/\\\/www.immobilienbusiness.ch\\\/\"},{\"@type\":\"ListItem\",\"position\":2,\"name\":\"Fundamenta-Fonds kauft in Deutschland zu\"}]},{\"@type\":\"WebSite\",\"@id\":\"https:\\\/\\\/www.immobilienbusiness.ch\\\/#website\",\"url\":\"https:\\\/\\\/www.immobilienbusiness.ch\\\/\",\"name\":\"IMMOBILIEN Business\",\"description\":\"Unabh\u00e4ngiges Schweizer Wirtschaftsmagazin mit Fokus auf Immobilien, Architektur- und Bau sowie Investment- und Finanzierung.\",\"publisher\":{\"@id\":\"https:\\\/\\\/www.immobilienbusiness.ch\\\/#organization\"},\"potentialAction\":[{\"@type\":\"SearchAction\",\"target\":{\"@type\":\"EntryPoint\",\"urlTemplate\":\"https:\\\/\\\/www.immobilienbusiness.ch\\\/?s={search_term_string}\"},\"query-input\":{\"@type\":\"PropertyValueSpecification\",\"valueRequired\":true,\"valueName\":\"search_term_string\"}}],\"inLanguage\":\"fr-FR\"},{\"@type\":\"Organization\",\"@id\":\"https:\\\/\\\/www.immobilienbusiness.ch\\\/#organization\",\"name\":\"IMMOBILIEN Business\",\"url\":\"https:\\\/\\\/www.immobilienbusiness.ch\\\/\",\"logo\":{\"@type\":\"ImageObject\",\"inLanguage\":\"fr-FR\",\"@id\":\"https:\\\/\\\/www.immobilienbusiness.ch\\\/#\\\/schema\\\/logo\\\/image\\\/\",\"url\":\"https:\\\/\\\/www.immobilienbusiness.ch\\\/wp-content\\\/uploads\\\/2021\\\/07\\\/logo_ib.png\",\"contentUrl\":\"https:\\\/\\\/www.immobilienbusiness.ch\\\/wp-content\\\/uploads\\\/2021\\\/07\\\/logo_ib.png\",\"width\":800,\"height\":181,\"caption\":\"IMMOBILIEN Business\"},\"image\":{\"@id\":\"https:\\\/\\\/www.immobilienbusiness.ch\\\/#\\\/schema\\\/logo\\\/image\\\/\"},\"sameAs\":[\"https:\\\/\\\/www.facebook.com\\\/immobilienbusiness\\\/\"]},{\"@type\":\"Person\",\"@id\":\"https:\\\/\\\/www.immobilienbusiness.ch\\\/#\\\/schema\\\/person\\\/3fc036297b10b9f42d6db5ee932af8c8\",\"name\":\"anja.hall\",\"image\":{\"@type\":\"ImageObject\",\"inLanguage\":\"fr-FR\",\"@id\":\"https:\\\/\\\/secure.gravatar.com\\\/avatar\\\/066b5a0d447013502c71a5782f4f3469f03cfe595cc2329fb94652fe47511bfb?s=96&d=mm&r=g\",\"url\":\"https:\\\/\\\/secure.gravatar.com\\\/avatar\\\/066b5a0d447013502c71a5782f4f3469f03cfe595cc2329fb94652fe47511bfb?s=96&d=mm&r=g\",\"contentUrl\":\"https:\\\/\\\/secure.gravatar.com\\\/avatar\\\/066b5a0d447013502c71a5782f4f3469f03cfe595cc2329fb94652fe47511bfb?s=96&d=mm&r=g\",\"caption\":\"anja.hall\"},\"url\":\"https:\\\/\\\/www.immobilienbusiness.ch\\\/fr\\\/author\\\/anja-hall\\\/\"}]}<\/script>\n<!-- \/ Yoast SEO plugin. -->","yoast_head_json":{"title":"Fundamenta-Fonds kauft in Deutschland zu - IMMOBILIEN Business","description":"FG Wohninvest, un fonds du groupe Fundamenta, a acquis un complexe r\u00e9sidentiel neuf \u00e0 Wolfsburg.","robots":{"index":"index","follow":"follow","max-snippet":"max-snippet:-1","max-image-preview":"max-image-preview:large","max-video-preview":"max-video-preview:-1"},"canonical":"https:\/\/www.immobilienbusiness.ch\/fr\/unternehmen\/2020-12-04\/fundamenta-fonds-kauft-in-deutschland-zu\/","og_locale":"fr_FR","og_type":"article","og_title":"Fundamenta-Fonds kauft in Deutschland zu - IMMOBILIEN Business","og_description":"Der FG Wohninvest, ein Fonds der Fundamenta Group, hat eine Neubauwohnanlage in Wolfsburg erworben.","og_url":"https:\/\/www.immobilienbusiness.ch\/fr\/unternehmen\/2020-12-04\/fundamenta-fonds-kauft-in-deutschland-zu\/","og_site_name":"IMMOBILIEN Business","article_publisher":"https:\/\/www.facebook.com\/immobilienbusiness\/","article_published_time":"2020-12-04T06:50:53+00:00","og_image":[{"width":1920,"height":1440,"url":"https:\/\/www.immobilienbusiness.ch\/wp-content\/uploads\/2017\/08\/IB-News-08082017-Vertragsunterschrift-962354_1920-c-Pixabay.jpg","type":"image\/jpeg"}],"author":"anja.hall","twitter_card":"summary_large_image","twitter_image":"https:\/\/www.immobilienbusiness.ch\/wp-content\/uploads\/2017\/08\/IB-News-08082017-Vertragsunterschrift-962354_1920-c-Pixabay.jpg","schema":{"@context":"https:\/\/schema.org","@graph":[{"@type":"Article","@id":"https:\/\/www.immobilienbusiness.ch\/unternehmen\/2020-12-04\/fundamenta-fonds-kauft-in-deutschland-zu\/#article","isPartOf":{"@id":"https:\/\/www.immobilienbusiness.ch\/unternehmen\/2020-12-04\/fundamenta-fonds-kauft-in-deutschland-zu\/"},"author":{"name":"anja.hall","@id":"https:\/\/www.immobilienbusiness.ch\/#\/schema\/person\/3fc036297b10b9f42d6db5ee932af8c8"},"headline":"Fundamenta-Fonds kauft in Deutschland zu","datePublished":"2020-12-04T06:50:53+00:00","mainEntityOfPage":{"@id":"https:\/\/www.immobilienbusiness.ch\/unternehmen\/2020-12-04\/fundamenta-fonds-kauft-in-deutschland-zu\/"},"wordCount":177,"publisher":{"@id":"https:\/\/www.immobilienbusiness.ch\/#organization"},"image":{"@id":"https:\/\/www.immobilienbusiness.ch\/unternehmen\/2020-12-04\/fundamenta-fonds-kauft-in-deutschland-zu\/#primaryimage"},"thumbnailUrl":"https:\/\/www.immobilienbusiness.ch\/wp-content\/uploads\/2017\/08\/IB-News-08082017-Vertragsunterschrift-962354_1920-c-Pixabay.jpg","keywords":["Deutschland","Fundamenta","Immobilienfonds","Immobilienkauf","Wohnimmobilien"],"articleSection":["UNTERNEHMEN"],"inLanguage":"fr-FR"},{"@type":"WebPage","@id":"https:\/\/www.immobilienbusiness.ch\/unternehmen\/2020-12-04\/fundamenta-fonds-kauft-in-deutschland-zu\/","url":"https:\/\/www.immobilienbusiness.ch\/unternehmen\/2020-12-04\/fundamenta-fonds-kauft-in-deutschland-zu\/","name":"Fundamenta-Fonds kauft in Deutschland zu - IMMOBILIEN Business","isPartOf":{"@id":"https:\/\/www.immobilienbusiness.ch\/#website"},"primaryImageOfPage":{"@id":"https:\/\/www.immobilienbusiness.ch\/unternehmen\/2020-12-04\/fundamenta-fonds-kauft-in-deutschland-zu\/#primaryimage"},"image":{"@id":"https:\/\/www.immobilienbusiness.ch\/unternehmen\/2020-12-04\/fundamenta-fonds-kauft-in-deutschland-zu\/#primaryimage"},"thumbnailUrl":"https:\/\/www.immobilienbusiness.ch\/wp-content\/uploads\/2017\/08\/IB-News-08082017-Vertragsunterschrift-962354_1920-c-Pixabay.jpg","datePublished":"2020-12-04T06:50:53+00:00","description":"FG Wohninvest, un fonds du groupe Fundamenta, a acquis un complexe r\u00e9sidentiel neuf \u00e0 Wolfsburg.","breadcrumb":{"@id":"https:\/\/www.immobilienbusiness.ch\/unternehmen\/2020-12-04\/fundamenta-fonds-kauft-in-deutschland-zu\/#breadcrumb"},"inLanguage":"fr-FR","potentialAction":[{"@type":"ReadAction","target":["https:\/\/www.immobilienbusiness.ch\/unternehmen\/2020-12-04\/fundamenta-fonds-kauft-in-deutschland-zu\/"]}]},{"@type":"ImageObject","inLanguage":"fr-FR","@id":"https:\/\/www.immobilienbusiness.ch\/unternehmen\/2020-12-04\/fundamenta-fonds-kauft-in-deutschland-zu\/#primaryimage","url":"https:\/\/www.immobilienbusiness.ch\/wp-content\/uploads\/2017\/08\/IB-News-08082017-Vertragsunterschrift-962354_1920-c-Pixabay.jpg","contentUrl":"https:\/\/www.immobilienbusiness.ch\/wp-content\/uploads\/2017\/08\/IB-News-08082017-Vertragsunterschrift-962354_1920-c-Pixabay.jpg","width":1920,"height":1440,"caption":"Die Immobilie in V (Bild: Pixabay)"},{"@type":"BreadcrumbList","@id":"https:\/\/www.immobilienbusiness.ch\/unternehmen\/2020-12-04\/fundamenta-fonds-kauft-in-deutschland-zu\/#breadcrumb","itemListElement":[{"@type":"ListItem","position":1,"name":"Home","item":"https:\/\/www.immobilienbusiness.ch\/"},{"@type":"ListItem","position":2,"name":"Fundamenta-Fonds kauft in Deutschland zu"}]},{"@type":"WebSite","@id":"https:\/\/www.immobilienbusiness.ch\/#website","url":"https:\/\/www.immobilienbusiness.ch\/","name":"IMMOBILIER Business","description":"Magazine \u00e9conomique suisse ind\u00e9pendant ax\u00e9 sur l'immobilier, l'architecture et la construction ainsi que sur les investissements et le financement.","publisher":{"@id":"https:\/\/www.immobilienbusiness.ch\/#organization"},"potentialAction":[{"@type":"SearchAction","target":{"@type":"EntryPoint","urlTemplate":"https:\/\/www.immobilienbusiness.ch\/?s={search_term_string}"},"query-input":{"@type":"PropertyValueSpecification","valueRequired":true,"valueName":"search_term_string"}}],"inLanguage":"fr-FR"},{"@type":"Organization","@id":"https:\/\/www.immobilienbusiness.ch\/#organization","name":"IMMOBILIER Business","url":"https:\/\/www.immobilienbusiness.ch\/","logo":{"@type":"ImageObject","inLanguage":"fr-FR","@id":"https:\/\/www.immobilienbusiness.ch\/#\/schema\/logo\/image\/","url":"https:\/\/www.immobilienbusiness.ch\/wp-content\/uploads\/2021\/07\/logo_ib.png","contentUrl":"https:\/\/www.immobilienbusiness.ch\/wp-content\/uploads\/2021\/07\/logo_ib.png","width":800,"height":181,"caption":"IMMOBILIEN Business"},"image":{"@id":"https:\/\/www.immobilienbusiness.ch\/#\/schema\/logo\/image\/"},"sameAs":["https:\/\/www.facebook.com\/immobilienbusiness\/"]},{"@type":"Person","@id":"https:\/\/www.immobilienbusiness.ch\/#\/schema\/person\/3fc036297b10b9f42d6db5ee932af8c8","name":"anja.hall","image":{"@type":"ImageObject","inLanguage":"fr-FR","@id":"https:\/\/secure.gravatar.com\/avatar\/066b5a0d447013502c71a5782f4f3469f03cfe595cc2329fb94652fe47511bfb?s=96&d=mm&r=g","url":"https:\/\/secure.gravatar.com\/avatar\/066b5a0d447013502c71a5782f4f3469f03cfe595cc2329fb94652fe47511bfb?s=96&d=mm&r=g","contentUrl":"https:\/\/secure.gravatar.com\/avatar\/066b5a0d447013502c71a5782f4f3469f03cfe595cc2329fb94652fe47511bfb?s=96&d=mm&r=g","caption":"anja.hall"},"url":"https:\/\/www.immobilienbusiness.ch\/fr\/author\/anja-hall\/"}]}},"_links":{"self":[{"href":"https:\/\/www.immobilienbusiness.ch\/fr\/wp-json\/wp\/v2\/posts\/22990","targetHints":{"allow":["GET"]}}],"collection":[{"href":"https:\/\/www.immobilienbusiness.ch\/fr\/wp-json\/wp\/v2\/posts"}],"about":[{"href":"https:\/\/www.immobilienbusiness.ch\/fr\/wp-json\/wp\/v2\/types\/post"}],"author":[{"embeddable":true,"href":"https:\/\/www.immobilienbusiness.ch\/fr\/wp-json\/wp\/v2\/users\/3"}],"replies":[{"embeddable":true,"href":"https:\/\/www.immobilienbusiness.ch\/fr\/wp-json\/wp\/v2\/comments?post=22990"}],"version-history":[{"count":0,"href":"https:\/\/www.immobilienbusiness.ch\/fr\/wp-json\/wp\/v2\/posts\/22990\/revisions"}],"wp:featuredmedia":[{"embeddable":true,"href":"https:\/\/www.immobilienbusiness.ch\/fr\/wp-json\/wp\/v2\/media\/8598"}],"wp:attachment":[{"href":"https:\/\/www.immobilienbusiness.ch\/fr\/wp-json\/wp\/v2\/media?parent=22990"}],"wp:term":[{"taxonomy":"category","embeddable":true,"href":"https:\/\/www.immobilienbusiness.ch\/fr\/wp-json\/wp\/v2\/categories?post=22990"},{"taxonomy":"post_tag","embeddable":true,"href":"https:\/\/www.immobilienbusiness.ch\/fr\/wp-json\/wp\/v2\/tags?post=22990"}],"curies":[{"name":"wp","href":"https:\/\/api.w.org\/{rel}","templated":true}]}}