{"id":2296,"date":"2021-09-17T10:27:41","date_gmt":"2021-09-17T08:27:41","guid":{"rendered":"https:\/\/develop.immobilienbusiness.ch\/de\/allgemein\/2021-09-17\/luzern-fc-luzern-ubernimmt-das-restaurant-schutzenhaus\/"},"modified":"2023-06-28T12:41:12","modified_gmt":"2023-06-28T10:41:12","slug":"luzern-fc-luzern-ubernimmt-das-restaurant-schutzenhaus","status":"publish","type":"post","link":"https:\/\/www.immobilienbusiness.ch\/fr\/ib\/2021-09-17\/luzern-fc-luzern-ubernimmt-das-restaurant-schutzenhaus\/","title":{"rendered":"Lucerne : le FC Lucerne reprend le restaurant Sch\u00fctzenhaus"},"content":{"rendered":"<div class=\"swpm-post-not-logged-in-msg\">Vous devez \u00eatre connect\u00e9 pour voir ce contenu. Veuillez consulter <a class=\"swpm-login-link\" href=\"https:\/\/www.immobilienbusiness.ch\/fr\/login\/?swpm_redirect_to=https%3A%2F%2Fwww.immobilienbusiness.ch%2Ffr%2Fwp-json%2Fwp%2Fv2%2Fposts%2F2296\">Connexion<\/a>. Vous n'\u00eates pas membre ? <a href=\"https:\/\/www.immobilienbusiness.ch\/fr\/registrieren\/\">Nous Rejoindre<\/a><\/div>","protected":false},"excerpt":{"rendered":"<p><span><span><span>La soci\u00e9t\u00e9 de tir de la ville de Lucerne a lou\u00e9 \u00e0 long terme \u00e0 la soci\u00e9t\u00e9 Stadion Luzern Gastro AG l'\u00e9conomie du Sch\u00fctzenhaus sur l'Allmend, juste \u00e0 c\u00f4t\u00e9 de la Swissporarena. Il est pr\u00e9vu de construire un b\u00e2timent multifonctionnel pour le FC Lucerne. <\/span><\/span><\/span><\/p>","protected":false},"author":3,"featured_media":0,"comment_status":"closed","ping_status":"closed","sticky":false,"template":"","format":"standard","meta":{"_acf_changed":false,"_yoast_wpseo_focuskw":"Sch\u00fctzenhaus","_yoast_wpseo_title":"","_yoast_wpseo_metadesc":"Die Sch\u00fctzengesellschaft der Stadt Luzern hat die Wirtschaft zum Sch\u00fctzenhaus auf der Allmend, direkt neben der Swissporarena, langfristig an die Stadion Luzern Gastro AG verpachtet. Geplant ist ein multifunktionales Geb\u00e4ude f\u00fcr den FC Luzern.","_yoast_wpseo_linkdex":49,"pgc_sgb_lightbox_settings":"","footnotes":""},"categories":[1951],"tags":[1254,1958,1832],"class_list":["post-2296","post","type-post","status-publish","format-standard","hentry","category-ib","tag-gastronomie","tag-lu","tag-vermietung"],"acf":[],"yoast_head":"<!-- This site is optimized with the Yoast SEO plugin v27.4 - https:\/\/yoast.com\/product\/yoast-seo-wordpress\/ -->\n<title>Luzern: FC Luzern \u00fcbernimmt das Restaurant Sch\u00fctzenhaus - IMMOBILIEN Business<\/title>\n<meta name=\"description\" content=\"Die Sch\u00fctzengesellschaft der Stadt Luzern hat die Wirtschaft zum Sch\u00fctzenhaus auf der Allmend, direkt neben der Swissporarena, langfristig an die Stadion Luzern Gastro AG verpachtet. Geplant ist ein multifunktionales Geb\u00e4ude f\u00fcr den FC Luzern.\" \/>\n<meta name=\"robots\" content=\"index, follow, max-snippet:-1, max-image-preview:large, max-video-preview:-1\" \/>\n<link rel=\"canonical\" href=\"https:\/\/www.immobilienbusiness.ch\/fr\/ib\/2021-09-17\/luzern-fc-luzern-ubernimmt-das-restaurant-schutzenhaus\/\" \/>\n<meta property=\"og:locale\" content=\"fr_FR\" \/>\n<meta property=\"og:type\" content=\"article\" \/>\n<meta property=\"og:title\" content=\"Luzern: FC Luzern \u00fcbernimmt das Restaurant Sch\u00fctzenhaus - IMMOBILIEN Business\" \/>\n<meta property=\"og:description\" content=\"Die Sch\u00fctzengesellschaft der Stadt Luzern hat die Wirtschaft zum Sch\u00fctzenhaus auf der Allmend, direkt neben der Swissporarena, langfristig an die Stadion Luzern Gastro AG verpachtet. Geplant ist ein multifunktionales Geb\u00e4ude f\u00fcr den FC Luzern.\" \/>\n<meta property=\"og:url\" content=\"https:\/\/www.immobilienbusiness.ch\/fr\/ib\/2021-09-17\/luzern-fc-luzern-ubernimmt-das-restaurant-schutzenhaus\/\" \/>\n<meta property=\"og:site_name\" content=\"IMMOBILIEN Business\" \/>\n<meta property=\"article:publisher\" content=\"https:\/\/www.facebook.com\/immobilienbusiness\/\" \/>\n<meta property=\"article:published_time\" content=\"2021-09-17T08:27:41+00:00\" \/>\n<meta property=\"article:modified_time\" content=\"2023-06-28T10:41:12+00:00\" \/>\n<meta name=\"author\" content=\"anja.hall\" \/>\n<meta name=\"twitter:card\" content=\"summary_large_image\" \/>\n<script type=\"application\/ld+json\" class=\"yoast-schema-graph\">{\"@context\":\"https:\\\/\\\/schema.org\",\"@graph\":[{\"@type\":\"Article\",\"@id\":\"https:\\\/\\\/www.immobilienbusiness.ch\\\/ib\\\/2021-09-17\\\/luzern-fc-luzern-ubernimmt-das-restaurant-schutzenhaus\\\/#article\",\"isPartOf\":{\"@id\":\"https:\\\/\\\/www.immobilienbusiness.ch\\\/ib\\\/2021-09-17\\\/luzern-fc-luzern-ubernimmt-das-restaurant-schutzenhaus\\\/\"},\"author\":{\"name\":\"anja.hall\",\"@id\":\"https:\\\/\\\/www.immobilienbusiness.ch\\\/#\\\/schema\\\/person\\\/3fc036297b10b9f42d6db5ee932af8c8\"},\"headline\":\"Luzern: FC Luzern \u00fcbernimmt das Restaurant Sch\u00fctzenhaus\",\"datePublished\":\"2021-09-17T08:27:41+00:00\",\"dateModified\":\"2023-06-28T10:41:12+00:00\",\"mainEntityOfPage\":{\"@id\":\"https:\\\/\\\/www.immobilienbusiness.ch\\\/ib\\\/2021-09-17\\\/luzern-fc-luzern-ubernimmt-das-restaurant-schutzenhaus\\\/\"},\"wordCount\":125,\"publisher\":{\"@id\":\"https:\\\/\\\/www.immobilienbusiness.ch\\\/#organization\"},\"keywords\":[\"Gastronomie\",\"LU\",\"Vermietung\"],\"articleSection\":[\"IB+\"],\"inLanguage\":\"fr-FR\"},{\"@type\":\"WebPage\",\"@id\":\"https:\\\/\\\/www.immobilienbusiness.ch\\\/ib\\\/2021-09-17\\\/luzern-fc-luzern-ubernimmt-das-restaurant-schutzenhaus\\\/\",\"url\":\"https:\\\/\\\/www.immobilienbusiness.ch\\\/ib\\\/2021-09-17\\\/luzern-fc-luzern-ubernimmt-das-restaurant-schutzenhaus\\\/\",\"name\":\"Luzern: FC Luzern \u00fcbernimmt das Restaurant Sch\u00fctzenhaus - IMMOBILIEN Business\",\"isPartOf\":{\"@id\":\"https:\\\/\\\/www.immobilienbusiness.ch\\\/#website\"},\"datePublished\":\"2021-09-17T08:27:41+00:00\",\"dateModified\":\"2023-06-28T10:41:12+00:00\",\"description\":\"Die Sch\u00fctzengesellschaft der Stadt Luzern hat die Wirtschaft zum Sch\u00fctzenhaus auf der Allmend, direkt neben der Swissporarena, langfristig an die Stadion Luzern Gastro AG verpachtet. Geplant ist ein multifunktionales Geb\u00e4ude f\u00fcr den FC Luzern.\",\"breadcrumb\":{\"@id\":\"https:\\\/\\\/www.immobilienbusiness.ch\\\/ib\\\/2021-09-17\\\/luzern-fc-luzern-ubernimmt-das-restaurant-schutzenhaus\\\/#breadcrumb\"},\"inLanguage\":\"fr-FR\",\"potentialAction\":[{\"@type\":\"ReadAction\",\"target\":[\"https:\\\/\\\/www.immobilienbusiness.ch\\\/ib\\\/2021-09-17\\\/luzern-fc-luzern-ubernimmt-das-restaurant-schutzenhaus\\\/\"]}]},{\"@type\":\"BreadcrumbList\",\"@id\":\"https:\\\/\\\/www.immobilienbusiness.ch\\\/ib\\\/2021-09-17\\\/luzern-fc-luzern-ubernimmt-das-restaurant-schutzenhaus\\\/#breadcrumb\",\"itemListElement\":[{\"@type\":\"ListItem\",\"position\":1,\"name\":\"Home\",\"item\":\"https:\\\/\\\/www.immobilienbusiness.ch\\\/\"},{\"@type\":\"ListItem\",\"position\":2,\"name\":\"Luzern: FC Luzern \u00fcbernimmt das Restaurant Sch\u00fctzenhaus\"}]},{\"@type\":\"WebSite\",\"@id\":\"https:\\\/\\\/www.immobilienbusiness.ch\\\/#website\",\"url\":\"https:\\\/\\\/www.immobilienbusiness.ch\\\/\",\"name\":\"IMMOBILIEN Business\",\"description\":\"Unabh\u00e4ngiges Schweizer Wirtschaftsmagazin mit Fokus auf Immobilien, Architektur- und Bau sowie Investment- und Finanzierung.\",\"publisher\":{\"@id\":\"https:\\\/\\\/www.immobilienbusiness.ch\\\/#organization\"},\"potentialAction\":[{\"@type\":\"SearchAction\",\"target\":{\"@type\":\"EntryPoint\",\"urlTemplate\":\"https:\\\/\\\/www.immobilienbusiness.ch\\\/?s={search_term_string}\"},\"query-input\":{\"@type\":\"PropertyValueSpecification\",\"valueRequired\":true,\"valueName\":\"search_term_string\"}}],\"inLanguage\":\"fr-FR\"},{\"@type\":\"Organization\",\"@id\":\"https:\\\/\\\/www.immobilienbusiness.ch\\\/#organization\",\"name\":\"IMMOBILIEN Business\",\"url\":\"https:\\\/\\\/www.immobilienbusiness.ch\\\/\",\"logo\":{\"@type\":\"ImageObject\",\"inLanguage\":\"fr-FR\",\"@id\":\"https:\\\/\\\/www.immobilienbusiness.ch\\\/#\\\/schema\\\/logo\\\/image\\\/\",\"url\":\"https:\\\/\\\/www.immobilienbusiness.ch\\\/wp-content\\\/uploads\\\/2021\\\/07\\\/logo_ib.png\",\"contentUrl\":\"https:\\\/\\\/www.immobilienbusiness.ch\\\/wp-content\\\/uploads\\\/2021\\\/07\\\/logo_ib.png\",\"width\":800,\"height\":181,\"caption\":\"IMMOBILIEN Business\"},\"image\":{\"@id\":\"https:\\\/\\\/www.immobilienbusiness.ch\\\/#\\\/schema\\\/logo\\\/image\\\/\"},\"sameAs\":[\"https:\\\/\\\/www.facebook.com\\\/immobilienbusiness\\\/\"]},{\"@type\":\"Person\",\"@id\":\"https:\\\/\\\/www.immobilienbusiness.ch\\\/#\\\/schema\\\/person\\\/3fc036297b10b9f42d6db5ee932af8c8\",\"name\":\"anja.hall\",\"image\":{\"@type\":\"ImageObject\",\"inLanguage\":\"fr-FR\",\"@id\":\"https:\\\/\\\/secure.gravatar.com\\\/avatar\\\/066b5a0d447013502c71a5782f4f3469f03cfe595cc2329fb94652fe47511bfb?s=96&d=mm&r=g\",\"url\":\"https:\\\/\\\/secure.gravatar.com\\\/avatar\\\/066b5a0d447013502c71a5782f4f3469f03cfe595cc2329fb94652fe47511bfb?s=96&d=mm&r=g\",\"contentUrl\":\"https:\\\/\\\/secure.gravatar.com\\\/avatar\\\/066b5a0d447013502c71a5782f4f3469f03cfe595cc2329fb94652fe47511bfb?s=96&d=mm&r=g\",\"caption\":\"anja.hall\"},\"url\":\"https:\\\/\\\/www.immobilienbusiness.ch\\\/fr\\\/author\\\/anja-hall\\\/\"}]}<\/script>\n<!-- \/ Yoast SEO plugin. -->","yoast_head_json":{"title":"Luzern: FC Luzern \u00fcbernimmt das Restaurant Sch\u00fctzenhaus - IMMOBILIEN Business","description":"La soci\u00e9t\u00e9 de tir de la ville de Lucerne a lou\u00e9 \u00e0 long terme \u00e0 la soci\u00e9t\u00e9 Stadion Luzern Gastro AG l'\u00e9conomie du Sch\u00fctzenhaus sur l'Allmend, juste \u00e0 c\u00f4t\u00e9 de la Swissporarena. Il est pr\u00e9vu de construire un b\u00e2timent multifonctionnel pour le FC Lucerne.","robots":{"index":"index","follow":"follow","max-snippet":"max-snippet:-1","max-image-preview":"max-image-preview:large","max-video-preview":"max-video-preview:-1"},"canonical":"https:\/\/www.immobilienbusiness.ch\/fr\/ib\/2021-09-17\/luzern-fc-luzern-ubernimmt-das-restaurant-schutzenhaus\/","og_locale":"fr_FR","og_type":"article","og_title":"Luzern: FC Luzern \u00fcbernimmt das Restaurant Sch\u00fctzenhaus - IMMOBILIEN Business","og_description":"Die Sch\u00fctzengesellschaft der Stadt Luzern hat die Wirtschaft zum Sch\u00fctzenhaus auf der Allmend, direkt neben der Swissporarena, langfristig an die Stadion Luzern Gastro AG verpachtet. Geplant ist ein multifunktionales Geb\u00e4ude f\u00fcr den FC Luzern.","og_url":"https:\/\/www.immobilienbusiness.ch\/fr\/ib\/2021-09-17\/luzern-fc-luzern-ubernimmt-das-restaurant-schutzenhaus\/","og_site_name":"IMMOBILIEN Business","article_publisher":"https:\/\/www.facebook.com\/immobilienbusiness\/","article_published_time":"2021-09-17T08:27:41+00:00","article_modified_time":"2023-06-28T10:41:12+00:00","author":"anja.hall","twitter_card":"summary_large_image","schema":{"@context":"https:\/\/schema.org","@graph":[{"@type":"Article","@id":"https:\/\/www.immobilienbusiness.ch\/ib\/2021-09-17\/luzern-fc-luzern-ubernimmt-das-restaurant-schutzenhaus\/#article","isPartOf":{"@id":"https:\/\/www.immobilienbusiness.ch\/ib\/2021-09-17\/luzern-fc-luzern-ubernimmt-das-restaurant-schutzenhaus\/"},"author":{"name":"anja.hall","@id":"https:\/\/www.immobilienbusiness.ch\/#\/schema\/person\/3fc036297b10b9f42d6db5ee932af8c8"},"headline":"Luzern: FC Luzern \u00fcbernimmt das Restaurant Sch\u00fctzenhaus","datePublished":"2021-09-17T08:27:41+00:00","dateModified":"2023-06-28T10:41:12+00:00","mainEntityOfPage":{"@id":"https:\/\/www.immobilienbusiness.ch\/ib\/2021-09-17\/luzern-fc-luzern-ubernimmt-das-restaurant-schutzenhaus\/"},"wordCount":125,"publisher":{"@id":"https:\/\/www.immobilienbusiness.ch\/#organization"},"keywords":["Gastronomie","LU","Vermietung"],"articleSection":["IB+"],"inLanguage":"fr-FR"},{"@type":"WebPage","@id":"https:\/\/www.immobilienbusiness.ch\/ib\/2021-09-17\/luzern-fc-luzern-ubernimmt-das-restaurant-schutzenhaus\/","url":"https:\/\/www.immobilienbusiness.ch\/ib\/2021-09-17\/luzern-fc-luzern-ubernimmt-das-restaurant-schutzenhaus\/","name":"Luzern: FC Luzern \u00fcbernimmt das Restaurant Sch\u00fctzenhaus - IMMOBILIEN Business","isPartOf":{"@id":"https:\/\/www.immobilienbusiness.ch\/#website"},"datePublished":"2021-09-17T08:27:41+00:00","dateModified":"2023-06-28T10:41:12+00:00","description":"La soci\u00e9t\u00e9 de tir de la ville de Lucerne a lou\u00e9 \u00e0 long terme \u00e0 la soci\u00e9t\u00e9 Stadion Luzern Gastro AG l'\u00e9conomie du Sch\u00fctzenhaus sur l'Allmend, juste \u00e0 c\u00f4t\u00e9 de la Swissporarena. Il est pr\u00e9vu de construire un b\u00e2timent multifonctionnel pour le FC Lucerne.","breadcrumb":{"@id":"https:\/\/www.immobilienbusiness.ch\/ib\/2021-09-17\/luzern-fc-luzern-ubernimmt-das-restaurant-schutzenhaus\/#breadcrumb"},"inLanguage":"fr-FR","potentialAction":[{"@type":"ReadAction","target":["https:\/\/www.immobilienbusiness.ch\/ib\/2021-09-17\/luzern-fc-luzern-ubernimmt-das-restaurant-schutzenhaus\/"]}]},{"@type":"BreadcrumbList","@id":"https:\/\/www.immobilienbusiness.ch\/ib\/2021-09-17\/luzern-fc-luzern-ubernimmt-das-restaurant-schutzenhaus\/#breadcrumb","itemListElement":[{"@type":"ListItem","position":1,"name":"Home","item":"https:\/\/www.immobilienbusiness.ch\/"},{"@type":"ListItem","position":2,"name":"Luzern: FC Luzern \u00fcbernimmt das Restaurant Sch\u00fctzenhaus"}]},{"@type":"WebSite","@id":"https:\/\/www.immobilienbusiness.ch\/#website","url":"https:\/\/www.immobilienbusiness.ch\/","name":"IMMOBILIER Business","description":"Magazine \u00e9conomique suisse ind\u00e9pendant ax\u00e9 sur l'immobilier, l'architecture et la construction ainsi que sur les investissements et le financement.","publisher":{"@id":"https:\/\/www.immobilienbusiness.ch\/#organization"},"potentialAction":[{"@type":"SearchAction","target":{"@type":"EntryPoint","urlTemplate":"https:\/\/www.immobilienbusiness.ch\/?s={search_term_string}"},"query-input":{"@type":"PropertyValueSpecification","valueRequired":true,"valueName":"search_term_string"}}],"inLanguage":"fr-FR"},{"@type":"Organization","@id":"https:\/\/www.immobilienbusiness.ch\/#organization","name":"IMMOBILIER Business","url":"https:\/\/www.immobilienbusiness.ch\/","logo":{"@type":"ImageObject","inLanguage":"fr-FR","@id":"https:\/\/www.immobilienbusiness.ch\/#\/schema\/logo\/image\/","url":"https:\/\/www.immobilienbusiness.ch\/wp-content\/uploads\/2021\/07\/logo_ib.png","contentUrl":"https:\/\/www.immobilienbusiness.ch\/wp-content\/uploads\/2021\/07\/logo_ib.png","width":800,"height":181,"caption":"IMMOBILIEN Business"},"image":{"@id":"https:\/\/www.immobilienbusiness.ch\/#\/schema\/logo\/image\/"},"sameAs":["https:\/\/www.facebook.com\/immobilienbusiness\/"]},{"@type":"Person","@id":"https:\/\/www.immobilienbusiness.ch\/#\/schema\/person\/3fc036297b10b9f42d6db5ee932af8c8","name":"anja.hall","image":{"@type":"ImageObject","inLanguage":"fr-FR","@id":"https:\/\/secure.gravatar.com\/avatar\/066b5a0d447013502c71a5782f4f3469f03cfe595cc2329fb94652fe47511bfb?s=96&d=mm&r=g","url":"https:\/\/secure.gravatar.com\/avatar\/066b5a0d447013502c71a5782f4f3469f03cfe595cc2329fb94652fe47511bfb?s=96&d=mm&r=g","contentUrl":"https:\/\/secure.gravatar.com\/avatar\/066b5a0d447013502c71a5782f4f3469f03cfe595cc2329fb94652fe47511bfb?s=96&d=mm&r=g","caption":"anja.hall"},"url":"https:\/\/www.immobilienbusiness.ch\/fr\/author\/anja-hall\/"}]}},"_links":{"self":[{"href":"https:\/\/www.immobilienbusiness.ch\/fr\/wp-json\/wp\/v2\/posts\/2296","targetHints":{"allow":["GET"]}}],"collection":[{"href":"https:\/\/www.immobilienbusiness.ch\/fr\/wp-json\/wp\/v2\/posts"}],"about":[{"href":"https:\/\/www.immobilienbusiness.ch\/fr\/wp-json\/wp\/v2\/types\/post"}],"author":[{"embeddable":true,"href":"https:\/\/www.immobilienbusiness.ch\/fr\/wp-json\/wp\/v2\/users\/3"}],"replies":[{"embeddable":true,"href":"https:\/\/www.immobilienbusiness.ch\/fr\/wp-json\/wp\/v2\/comments?post=2296"}],"version-history":[{"count":1,"href":"https:\/\/www.immobilienbusiness.ch\/fr\/wp-json\/wp\/v2\/posts\/2296\/revisions"}],"predecessor-version":[{"id":48594,"href":"https:\/\/www.immobilienbusiness.ch\/fr\/wp-json\/wp\/v2\/posts\/2296\/revisions\/48594"}],"wp:attachment":[{"href":"https:\/\/www.immobilienbusiness.ch\/fr\/wp-json\/wp\/v2\/media?parent=2296"}],"wp:term":[{"taxonomy":"category","embeddable":true,"href":"https:\/\/www.immobilienbusiness.ch\/fr\/wp-json\/wp\/v2\/categories?post=2296"},{"taxonomy":"post_tag","embeddable":true,"href":"https:\/\/www.immobilienbusiness.ch\/fr\/wp-json\/wp\/v2\/tags?post=2296"}],"curies":[{"name":"wp","href":"https:\/\/api.w.org\/{rel}","templated":true}]}}