{"id":22935,"date":"2020-11-26T08:34:14","date_gmt":"2020-11-26T07:34:14","guid":{"rendered":"https:\/\/www.immobilienbusiness.ch\/?p=22935"},"modified":"2020-11-26T08:34:14","modified_gmt":"2020-11-26T07:34:14","slug":"fundamenta-anlagestiftung-legt-ersten-jahresbericht-vor","status":"publish","type":"post","link":"https:\/\/www.immobilienbusiness.ch\/fr\/unternehmen\/2020-11-26\/fundamenta-anlagestiftung-legt-ersten-jahresbericht-vor\/","title":{"rendered":"La fondation de placement Fundamenta pr\u00e9sente son premier rapport annuel"},"content":{"rendered":"<figure id=\"attachment_11759\" aria-describedby=\"caption-attachment-11759\" style=\"width: 680px\" class=\"wp-caption alignnone\"><img loading=\"lazy\" decoding=\"async\" class=\"size-medium wp-image-11759\" src=\"https:\/\/www.immobilienbusiness.ch\/wp-content\/uploads\/2018\/03\/Depositphotos_170227926_m-2015.jpg\" alt=\"\" width=\"680\" height=\"454\" srcset=\"https:\/\/www.immobilienbusiness.ch\/wp-content\/uploads\/2018\/03\/Depositphotos_170227926_m-2015.jpg 1000w, https:\/\/www.immobilienbusiness.ch\/wp-content\/uploads\/2018\/03\/Depositphotos_170227926_m-2015-300x200.jpg 300w, https:\/\/www.immobilienbusiness.ch\/wp-content\/uploads\/2018\/03\/Depositphotos_170227926_m-2015-768x512.jpg 768w, https:\/\/www.immobilienbusiness.ch\/wp-content\/uploads\/2018\/03\/Depositphotos_170227926_m-2015-16x12.jpg 16w, https:\/\/www.immobilienbusiness.ch\/wp-content\/uploads\/2018\/03\/Depositphotos_170227926_m-2015-262x175.jpg 262w, https:\/\/www.immobilienbusiness.ch\/wp-content\/uploads\/2018\/03\/Depositphotos_170227926_m-2015-525x350.jpg 525w, https:\/\/www.immobilienbusiness.ch\/wp-content\/uploads\/2018\/03\/Depositphotos_170227926_m-2015-920x614.jpg 920w\" sizes=\"auto, (max-width: 680px) 100vw, 680px\" \/><figcaption id=\"caption-attachment-11759\" class=\"wp-caption-text\">La fondation d'investissement Fundamenta Group est satisfaite de sa premi\u00e8re ann\u00e9e d'exercice (photo : stokkete - depositphotos)<\/figcaption><\/figure>\n<p>Le lancement de la fondation de placement Fundamenta a eu lieu dans une p\u00e9riode difficile : cr\u00e9\u00e9e en f\u00e9vrier 2019 - d\u00e9j\u00e0 \u00e0 l'\u00e9poque, ce n'\u00e9tait pas un environnement facile pour les investisseurs immobiliers -, elle a \u00e9t\u00e9 suivie, un peu plus de douze mois plus tard, par la pand\u00e9mie de Corona, qui continue de poser de grands d\u00e9fis \u00e0 la politique et \u00e0 l'\u00e9conomie.<\/p>\n<p>Malgr\u00e9 cela, la fondation de placement se montre tr\u00e8s satisfaite de l'\u00e9volution jusqu'\u00e0 pr\u00e9sent. Au cours de la p\u00e9riode de r\u00e9f\u00e9rence prolong\u00e9e une fois (au 30.09.2020), le groupe de placement Swiss Real Estate mis en place par la fondation a constitu\u00e9 un portefeuille de onze immeubles de taille moyenne d'une valeur de 124,1 millions de CHF.<\/p>\n<p>Le portefeuille se compose de sept immeubles d'habitation, de trois immeubles \u00e0 usage commercial et d'un projet de d\u00e9veloppement r\u00e9sidentiel (deux immeubles d'habitation avec 30 appartements urbains \u00e0 Winterthur Seen). Une fois ce projet achev\u00e9, le portefeuille pr\u00e9sentera une part r\u00e9sidentielle d'environ 70%, mesur\u00e9e en fonction du futur revenu locatif th\u00e9orique, indique la Fundamenta Group Investment Foundation. La part vis\u00e9e d'au moins 60% est donc d\u00e9j\u00e0 d\u00e9pass\u00e9e. La valeur v\u00e9nale des dix immeubles existants s'\u00e9l\u00e8ve \u00e0 104,56 millions \u00e0 la date de cl\u00f4ture du bilan. Les revenus locatifs nets ont atteint 3,04 millions au cours de la p\u00e9riode sous revue ; le taux de d\u00e9faillance des loyers s'est \u00e9lev\u00e9 \u00e0 3,75%.<\/p>\n<p>L'actif net s'\u00e9l\u00e8ve \u00e0 102,89 millions \u00e0 la fin de la p\u00e9riode sous revue, ce qui correspond \u00e0 une valeur d'inventaire par droit de 1.053,99 CHF.Sur la base de la r\u00e9\u00e9valuation du portefeuille immobilier au 30 septembre 2020, il en r\u00e9sulte une perte en capital non r\u00e9alis\u00e9e de 0,01 million pour la p\u00e9riode sous revue. La variation des imp\u00f4ts diff\u00e9r\u00e9s s'\u00e9l\u00e8ve \u00e0 0,29 million. Le rendement des placements pour le premier exercice est estim\u00e9 \u00e0 5,4% (4,26% annualis\u00e9).<\/p>\n<p>Au cours de la deuxi\u00e8me ann\u00e9e d'exercice, la fondation de placement entend utiliser les moyens <a href=\"https:\/\/www.immobilienbusiness.ch\/fr\/fundamenta-anlagestiftung-beendet-kapitalerhoehung-vorzeitig\/\">Augmentation de capital de juin 2020<\/a> continuer \u00e0 d\u00e9velopper le portefeuille. <em>(ah)<\/em><\/p>","protected":false},"excerpt":{"rendered":"<p>Au cours de son premier exercice prolong\u00e9 depuis sa cr\u00e9ation, la Fundamenta Group Investment Foundation a constitu\u00e9 un portefeuille immobilier d'une valeur de 124 millions de CHF. <\/p>","protected":false},"author":3,"featured_media":11759,"comment_status":"closed","ping_status":"open","sticky":false,"template":"","format":"standard","meta":{"_acf_changed":false,"_yoast_wpseo_focuskw":"Fundamenta","_yoast_wpseo_title":"","_yoast_wpseo_metadesc":"Die Fundamenta Group Investment Foundation hat in ihrem ersten Gesch\u00e4ftsjahr seit Gr\u00fcndung ein Immobilienportfolio im Wert von 124 Millionen CHF aufgebaut.","_yoast_wpseo_linkdex":63,"pgc_sgb_lightbox_settings":"","footnotes":""},"categories":[988],"tags":[1030,1252,1389],"class_list":["post-22935","post","type-post","status-publish","format-standard","has-post-thumbnail","hentry","category-unternehmen","tag-anlagestiftung","tag-fundamenta","tag-jahresergebnis"],"acf":[],"yoast_head":"<!-- This site is optimized with the Yoast SEO plugin v27.4 - https:\/\/yoast.com\/product\/yoast-seo-wordpress\/ -->\n<title>Fundamenta-Anlagestiftung legt ersten Jahresbericht vor - IMMOBILIEN Business<\/title>\n<meta name=\"description\" content=\"Die Fundamenta Group Investment Foundation hat in ihrem ersten Gesch\u00e4ftsjahr seit Gr\u00fcndung ein Immobilienportfolio im Wert von 124 Millionen CHF aufgebaut.\" \/>\n<meta name=\"robots\" content=\"index, follow, max-snippet:-1, max-image-preview:large, max-video-preview:-1\" \/>\n<link rel=\"canonical\" href=\"https:\/\/www.immobilienbusiness.ch\/fr\/unternehmen\/2020-11-26\/fundamenta-anlagestiftung-legt-ersten-jahresbericht-vor\/\" \/>\n<meta property=\"og:locale\" content=\"fr_FR\" \/>\n<meta property=\"og:type\" content=\"article\" \/>\n<meta property=\"og:title\" content=\"Fundamenta-Anlagestiftung legt ersten Jahresbericht vor - IMMOBILIEN Business\" \/>\n<meta property=\"og:description\" content=\"Die Fundamenta Group Investment Foundation hat in ihrem ersten Gesch\u00e4ftsjahr seit Gr\u00fcndung ein Immobilienportfolio im Wert von 124 Millionen CHF aufgebaut.\" \/>\n<meta property=\"og:url\" content=\"https:\/\/www.immobilienbusiness.ch\/fr\/unternehmen\/2020-11-26\/fundamenta-anlagestiftung-legt-ersten-jahresbericht-vor\/\" \/>\n<meta property=\"og:site_name\" content=\"IMMOBILIEN Business\" \/>\n<meta property=\"article:publisher\" content=\"https:\/\/www.facebook.com\/immobilienbusiness\/\" \/>\n<meta property=\"article:published_time\" content=\"2020-11-26T07:34:14+00:00\" \/>\n<meta property=\"og:image\" content=\"https:\/\/www.immobilienbusiness.ch\/wp-content\/uploads\/2018\/03\/Depositphotos_170227926_m-2015.jpg\" \/>\n\t<meta property=\"og:image:width\" content=\"1000\" \/>\n\t<meta property=\"og:image:height\" content=\"667\" \/>\n\t<meta property=\"og:image:type\" content=\"image\/jpeg\" \/>\n<meta name=\"author\" content=\"anja.hall\" \/>\n<meta name=\"twitter:card\" content=\"summary_large_image\" \/>\n<meta name=\"twitter:image\" content=\"https:\/\/www.immobilienbusiness.ch\/wp-content\/uploads\/2018\/03\/Depositphotos_170227926_m-2015.jpg\" \/>\n<script type=\"application\/ld+json\" class=\"yoast-schema-graph\">{\"@context\":\"https:\\\/\\\/schema.org\",\"@graph\":[{\"@type\":\"Article\",\"@id\":\"https:\\\/\\\/www.immobilienbusiness.ch\\\/unternehmen\\\/2020-11-26\\\/fundamenta-anlagestiftung-legt-ersten-jahresbericht-vor\\\/#article\",\"isPartOf\":{\"@id\":\"https:\\\/\\\/www.immobilienbusiness.ch\\\/unternehmen\\\/2020-11-26\\\/fundamenta-anlagestiftung-legt-ersten-jahresbericht-vor\\\/\"},\"author\":{\"name\":\"anja.hall\",\"@id\":\"https:\\\/\\\/www.immobilienbusiness.ch\\\/#\\\/schema\\\/person\\\/3fc036297b10b9f42d6db5ee932af8c8\"},\"headline\":\"Fundamenta-Anlagestiftung legt ersten Jahresbericht vor\",\"datePublished\":\"2020-11-26T07:34:14+00:00\",\"mainEntityOfPage\":{\"@id\":\"https:\\\/\\\/www.immobilienbusiness.ch\\\/unternehmen\\\/2020-11-26\\\/fundamenta-anlagestiftung-legt-ersten-jahresbericht-vor\\\/\"},\"wordCount\":267,\"publisher\":{\"@id\":\"https:\\\/\\\/www.immobilienbusiness.ch\\\/#organization\"},\"image\":{\"@id\":\"https:\\\/\\\/www.immobilienbusiness.ch\\\/unternehmen\\\/2020-11-26\\\/fundamenta-anlagestiftung-legt-ersten-jahresbericht-vor\\\/#primaryimage\"},\"thumbnailUrl\":\"https:\\\/\\\/www.immobilienbusiness.ch\\\/wp-content\\\/uploads\\\/2018\\\/03\\\/Depositphotos_170227926_m-2015.jpg\",\"keywords\":[\"Anlagestiftung\",\"Fundamenta\",\"Jahresergebnis\"],\"articleSection\":[\"UNTERNEHMEN\"],\"inLanguage\":\"fr-FR\"},{\"@type\":\"WebPage\",\"@id\":\"https:\\\/\\\/www.immobilienbusiness.ch\\\/unternehmen\\\/2020-11-26\\\/fundamenta-anlagestiftung-legt-ersten-jahresbericht-vor\\\/\",\"url\":\"https:\\\/\\\/www.immobilienbusiness.ch\\\/unternehmen\\\/2020-11-26\\\/fundamenta-anlagestiftung-legt-ersten-jahresbericht-vor\\\/\",\"name\":\"Fundamenta-Anlagestiftung legt ersten Jahresbericht vor - IMMOBILIEN Business\",\"isPartOf\":{\"@id\":\"https:\\\/\\\/www.immobilienbusiness.ch\\\/#website\"},\"primaryImageOfPage\":{\"@id\":\"https:\\\/\\\/www.immobilienbusiness.ch\\\/unternehmen\\\/2020-11-26\\\/fundamenta-anlagestiftung-legt-ersten-jahresbericht-vor\\\/#primaryimage\"},\"image\":{\"@id\":\"https:\\\/\\\/www.immobilienbusiness.ch\\\/unternehmen\\\/2020-11-26\\\/fundamenta-anlagestiftung-legt-ersten-jahresbericht-vor\\\/#primaryimage\"},\"thumbnailUrl\":\"https:\\\/\\\/www.immobilienbusiness.ch\\\/wp-content\\\/uploads\\\/2018\\\/03\\\/Depositphotos_170227926_m-2015.jpg\",\"datePublished\":\"2020-11-26T07:34:14+00:00\",\"description\":\"Die Fundamenta Group Investment Foundation hat in ihrem ersten Gesch\u00e4ftsjahr seit Gr\u00fcndung ein Immobilienportfolio im Wert von 124 Millionen CHF aufgebaut.\",\"breadcrumb\":{\"@id\":\"https:\\\/\\\/www.immobilienbusiness.ch\\\/unternehmen\\\/2020-11-26\\\/fundamenta-anlagestiftung-legt-ersten-jahresbericht-vor\\\/#breadcrumb\"},\"inLanguage\":\"fr-FR\",\"potentialAction\":[{\"@type\":\"ReadAction\",\"target\":[\"https:\\\/\\\/www.immobilienbusiness.ch\\\/unternehmen\\\/2020-11-26\\\/fundamenta-anlagestiftung-legt-ersten-jahresbericht-vor\\\/\"]}]},{\"@type\":\"ImageObject\",\"inLanguage\":\"fr-FR\",\"@id\":\"https:\\\/\\\/www.immobilienbusiness.ch\\\/unternehmen\\\/2020-11-26\\\/fundamenta-anlagestiftung-legt-ersten-jahresbericht-vor\\\/#primaryimage\",\"url\":\"https:\\\/\\\/www.immobilienbusiness.ch\\\/wp-content\\\/uploads\\\/2018\\\/03\\\/Depositphotos_170227926_m-2015.jpg\",\"contentUrl\":\"https:\\\/\\\/www.immobilienbusiness.ch\\\/wp-content\\\/uploads\\\/2018\\\/03\\\/Depositphotos_170227926_m-2015.jpg\",\"width\":1000,\"height\":667,\"caption\":\"Der Cronos Immo Fund hat sein Portfolio im letzten Gesch\u00e4ftsjahr durch Zuk\u00e4ufe vergr\u00f6ssert (Bild: stokkete - depositphotos)\"},{\"@type\":\"BreadcrumbList\",\"@id\":\"https:\\\/\\\/www.immobilienbusiness.ch\\\/unternehmen\\\/2020-11-26\\\/fundamenta-anlagestiftung-legt-ersten-jahresbericht-vor\\\/#breadcrumb\",\"itemListElement\":[{\"@type\":\"ListItem\",\"position\":1,\"name\":\"Home\",\"item\":\"https:\\\/\\\/www.immobilienbusiness.ch\\\/\"},{\"@type\":\"ListItem\",\"position\":2,\"name\":\"Fundamenta-Anlagestiftung legt ersten Jahresbericht vor\"}]},{\"@type\":\"WebSite\",\"@id\":\"https:\\\/\\\/www.immobilienbusiness.ch\\\/#website\",\"url\":\"https:\\\/\\\/www.immobilienbusiness.ch\\\/\",\"name\":\"IMMOBILIEN Business\",\"description\":\"Unabh\u00e4ngiges Schweizer Wirtschaftsmagazin mit Fokus auf Immobilien, Architektur- und Bau sowie Investment- und Finanzierung.\",\"publisher\":{\"@id\":\"https:\\\/\\\/www.immobilienbusiness.ch\\\/#organization\"},\"potentialAction\":[{\"@type\":\"SearchAction\",\"target\":{\"@type\":\"EntryPoint\",\"urlTemplate\":\"https:\\\/\\\/www.immobilienbusiness.ch\\\/?s={search_term_string}\"},\"query-input\":{\"@type\":\"PropertyValueSpecification\",\"valueRequired\":true,\"valueName\":\"search_term_string\"}}],\"inLanguage\":\"fr-FR\"},{\"@type\":\"Organization\",\"@id\":\"https:\\\/\\\/www.immobilienbusiness.ch\\\/#organization\",\"name\":\"IMMOBILIEN Business\",\"url\":\"https:\\\/\\\/www.immobilienbusiness.ch\\\/\",\"logo\":{\"@type\":\"ImageObject\",\"inLanguage\":\"fr-FR\",\"@id\":\"https:\\\/\\\/www.immobilienbusiness.ch\\\/#\\\/schema\\\/logo\\\/image\\\/\",\"url\":\"https:\\\/\\\/www.immobilienbusiness.ch\\\/wp-content\\\/uploads\\\/2021\\\/07\\\/logo_ib.png\",\"contentUrl\":\"https:\\\/\\\/www.immobilienbusiness.ch\\\/wp-content\\\/uploads\\\/2021\\\/07\\\/logo_ib.png\",\"width\":800,\"height\":181,\"caption\":\"IMMOBILIEN Business\"},\"image\":{\"@id\":\"https:\\\/\\\/www.immobilienbusiness.ch\\\/#\\\/schema\\\/logo\\\/image\\\/\"},\"sameAs\":[\"https:\\\/\\\/www.facebook.com\\\/immobilienbusiness\\\/\"]},{\"@type\":\"Person\",\"@id\":\"https:\\\/\\\/www.immobilienbusiness.ch\\\/#\\\/schema\\\/person\\\/3fc036297b10b9f42d6db5ee932af8c8\",\"name\":\"anja.hall\",\"image\":{\"@type\":\"ImageObject\",\"inLanguage\":\"fr-FR\",\"@id\":\"https:\\\/\\\/secure.gravatar.com\\\/avatar\\\/066b5a0d447013502c71a5782f4f3469f03cfe595cc2329fb94652fe47511bfb?s=96&d=mm&r=g\",\"url\":\"https:\\\/\\\/secure.gravatar.com\\\/avatar\\\/066b5a0d447013502c71a5782f4f3469f03cfe595cc2329fb94652fe47511bfb?s=96&d=mm&r=g\",\"contentUrl\":\"https:\\\/\\\/secure.gravatar.com\\\/avatar\\\/066b5a0d447013502c71a5782f4f3469f03cfe595cc2329fb94652fe47511bfb?s=96&d=mm&r=g\",\"caption\":\"anja.hall\"},\"url\":\"https:\\\/\\\/www.immobilienbusiness.ch\\\/fr\\\/author\\\/anja-hall\\\/\"}]}<\/script>\n<!-- \/ Yoast SEO plugin. -->","yoast_head_json":{"title":"Fundamenta-Anlagestiftung legt ersten Jahresbericht vor - IMMOBILIEN Business","description":"Die Fundamenta Group Investment Foundation hat in ihrem ersten Gesch\u00e4ftsjahr seit Gr\u00fcndung ein Immobilienportfolio im Wert von 124 Millionen CHF aufgebaut.","robots":{"index":"index","follow":"follow","max-snippet":"max-snippet:-1","max-image-preview":"max-image-preview:large","max-video-preview":"max-video-preview:-1"},"canonical":"https:\/\/www.immobilienbusiness.ch\/fr\/unternehmen\/2020-11-26\/fundamenta-anlagestiftung-legt-ersten-jahresbericht-vor\/","og_locale":"fr_FR","og_type":"article","og_title":"Fundamenta-Anlagestiftung legt ersten Jahresbericht vor - IMMOBILIEN Business","og_description":"Die Fundamenta Group Investment Foundation hat in ihrem ersten Gesch\u00e4ftsjahr seit Gr\u00fcndung ein Immobilienportfolio im Wert von 124 Millionen CHF aufgebaut.","og_url":"https:\/\/www.immobilienbusiness.ch\/fr\/unternehmen\/2020-11-26\/fundamenta-anlagestiftung-legt-ersten-jahresbericht-vor\/","og_site_name":"IMMOBILIEN Business","article_publisher":"https:\/\/www.facebook.com\/immobilienbusiness\/","article_published_time":"2020-11-26T07:34:14+00:00","og_image":[{"width":1000,"height":667,"url":"https:\/\/www.immobilienbusiness.ch\/wp-content\/uploads\/2018\/03\/Depositphotos_170227926_m-2015.jpg","type":"image\/jpeg"}],"author":"anja.hall","twitter_card":"summary_large_image","twitter_image":"https:\/\/www.immobilienbusiness.ch\/wp-content\/uploads\/2018\/03\/Depositphotos_170227926_m-2015.jpg","schema":{"@context":"https:\/\/schema.org","@graph":[{"@type":"Article","@id":"https:\/\/www.immobilienbusiness.ch\/unternehmen\/2020-11-26\/fundamenta-anlagestiftung-legt-ersten-jahresbericht-vor\/#article","isPartOf":{"@id":"https:\/\/www.immobilienbusiness.ch\/unternehmen\/2020-11-26\/fundamenta-anlagestiftung-legt-ersten-jahresbericht-vor\/"},"author":{"name":"anja.hall","@id":"https:\/\/www.immobilienbusiness.ch\/#\/schema\/person\/3fc036297b10b9f42d6db5ee932af8c8"},"headline":"Fundamenta-Anlagestiftung legt ersten Jahresbericht vor","datePublished":"2020-11-26T07:34:14+00:00","mainEntityOfPage":{"@id":"https:\/\/www.immobilienbusiness.ch\/unternehmen\/2020-11-26\/fundamenta-anlagestiftung-legt-ersten-jahresbericht-vor\/"},"wordCount":267,"publisher":{"@id":"https:\/\/www.immobilienbusiness.ch\/#organization"},"image":{"@id":"https:\/\/www.immobilienbusiness.ch\/unternehmen\/2020-11-26\/fundamenta-anlagestiftung-legt-ersten-jahresbericht-vor\/#primaryimage"},"thumbnailUrl":"https:\/\/www.immobilienbusiness.ch\/wp-content\/uploads\/2018\/03\/Depositphotos_170227926_m-2015.jpg","keywords":["Anlagestiftung","Fundamenta","Jahresergebnis"],"articleSection":["UNTERNEHMEN"],"inLanguage":"fr-FR"},{"@type":"WebPage","@id":"https:\/\/www.immobilienbusiness.ch\/unternehmen\/2020-11-26\/fundamenta-anlagestiftung-legt-ersten-jahresbericht-vor\/","url":"https:\/\/www.immobilienbusiness.ch\/unternehmen\/2020-11-26\/fundamenta-anlagestiftung-legt-ersten-jahresbericht-vor\/","name":"Fundamenta-Anlagestiftung legt ersten Jahresbericht vor - IMMOBILIEN Business","isPartOf":{"@id":"https:\/\/www.immobilienbusiness.ch\/#website"},"primaryImageOfPage":{"@id":"https:\/\/www.immobilienbusiness.ch\/unternehmen\/2020-11-26\/fundamenta-anlagestiftung-legt-ersten-jahresbericht-vor\/#primaryimage"},"image":{"@id":"https:\/\/www.immobilienbusiness.ch\/unternehmen\/2020-11-26\/fundamenta-anlagestiftung-legt-ersten-jahresbericht-vor\/#primaryimage"},"thumbnailUrl":"https:\/\/www.immobilienbusiness.ch\/wp-content\/uploads\/2018\/03\/Depositphotos_170227926_m-2015.jpg","datePublished":"2020-11-26T07:34:14+00:00","description":"Die Fundamenta Group Investment Foundation hat in ihrem ersten Gesch\u00e4ftsjahr seit Gr\u00fcndung ein Immobilienportfolio im Wert von 124 Millionen CHF aufgebaut.","breadcrumb":{"@id":"https:\/\/www.immobilienbusiness.ch\/unternehmen\/2020-11-26\/fundamenta-anlagestiftung-legt-ersten-jahresbericht-vor\/#breadcrumb"},"inLanguage":"fr-FR","potentialAction":[{"@type":"ReadAction","target":["https:\/\/www.immobilienbusiness.ch\/unternehmen\/2020-11-26\/fundamenta-anlagestiftung-legt-ersten-jahresbericht-vor\/"]}]},{"@type":"ImageObject","inLanguage":"fr-FR","@id":"https:\/\/www.immobilienbusiness.ch\/unternehmen\/2020-11-26\/fundamenta-anlagestiftung-legt-ersten-jahresbericht-vor\/#primaryimage","url":"https:\/\/www.immobilienbusiness.ch\/wp-content\/uploads\/2018\/03\/Depositphotos_170227926_m-2015.jpg","contentUrl":"https:\/\/www.immobilienbusiness.ch\/wp-content\/uploads\/2018\/03\/Depositphotos_170227926_m-2015.jpg","width":1000,"height":667,"caption":"Der Cronos Immo Fund hat sein Portfolio im letzten Gesch\u00e4ftsjahr durch Zuk\u00e4ufe vergr\u00f6ssert (Bild: stokkete - depositphotos)"},{"@type":"BreadcrumbList","@id":"https:\/\/www.immobilienbusiness.ch\/unternehmen\/2020-11-26\/fundamenta-anlagestiftung-legt-ersten-jahresbericht-vor\/#breadcrumb","itemListElement":[{"@type":"ListItem","position":1,"name":"Home","item":"https:\/\/www.immobilienbusiness.ch\/"},{"@type":"ListItem","position":2,"name":"Fundamenta-Anlagestiftung legt ersten Jahresbericht vor"}]},{"@type":"WebSite","@id":"https:\/\/www.immobilienbusiness.ch\/#website","url":"https:\/\/www.immobilienbusiness.ch\/","name":"IMMOBILIER Business","description":"Magazine \u00e9conomique suisse ind\u00e9pendant ax\u00e9 sur l'immobilier, l'architecture et la construction ainsi que sur les investissements et le financement.","publisher":{"@id":"https:\/\/www.immobilienbusiness.ch\/#organization"},"potentialAction":[{"@type":"SearchAction","target":{"@type":"EntryPoint","urlTemplate":"https:\/\/www.immobilienbusiness.ch\/?s={search_term_string}"},"query-input":{"@type":"PropertyValueSpecification","valueRequired":true,"valueName":"search_term_string"}}],"inLanguage":"fr-FR"},{"@type":"Organization","@id":"https:\/\/www.immobilienbusiness.ch\/#organization","name":"IMMOBILIER Business","url":"https:\/\/www.immobilienbusiness.ch\/","logo":{"@type":"ImageObject","inLanguage":"fr-FR","@id":"https:\/\/www.immobilienbusiness.ch\/#\/schema\/logo\/image\/","url":"https:\/\/www.immobilienbusiness.ch\/wp-content\/uploads\/2021\/07\/logo_ib.png","contentUrl":"https:\/\/www.immobilienbusiness.ch\/wp-content\/uploads\/2021\/07\/logo_ib.png","width":800,"height":181,"caption":"IMMOBILIEN Business"},"image":{"@id":"https:\/\/www.immobilienbusiness.ch\/#\/schema\/logo\/image\/"},"sameAs":["https:\/\/www.facebook.com\/immobilienbusiness\/"]},{"@type":"Person","@id":"https:\/\/www.immobilienbusiness.ch\/#\/schema\/person\/3fc036297b10b9f42d6db5ee932af8c8","name":"anja.hall","image":{"@type":"ImageObject","inLanguage":"fr-FR","@id":"https:\/\/secure.gravatar.com\/avatar\/066b5a0d447013502c71a5782f4f3469f03cfe595cc2329fb94652fe47511bfb?s=96&d=mm&r=g","url":"https:\/\/secure.gravatar.com\/avatar\/066b5a0d447013502c71a5782f4f3469f03cfe595cc2329fb94652fe47511bfb?s=96&d=mm&r=g","contentUrl":"https:\/\/secure.gravatar.com\/avatar\/066b5a0d447013502c71a5782f4f3469f03cfe595cc2329fb94652fe47511bfb?s=96&d=mm&r=g","caption":"anja.hall"},"url":"https:\/\/www.immobilienbusiness.ch\/fr\/author\/anja-hall\/"}]}},"_links":{"self":[{"href":"https:\/\/www.immobilienbusiness.ch\/fr\/wp-json\/wp\/v2\/posts\/22935","targetHints":{"allow":["GET"]}}],"collection":[{"href":"https:\/\/www.immobilienbusiness.ch\/fr\/wp-json\/wp\/v2\/posts"}],"about":[{"href":"https:\/\/www.immobilienbusiness.ch\/fr\/wp-json\/wp\/v2\/types\/post"}],"author":[{"embeddable":true,"href":"https:\/\/www.immobilienbusiness.ch\/fr\/wp-json\/wp\/v2\/users\/3"}],"replies":[{"embeddable":true,"href":"https:\/\/www.immobilienbusiness.ch\/fr\/wp-json\/wp\/v2\/comments?post=22935"}],"version-history":[{"count":0,"href":"https:\/\/www.immobilienbusiness.ch\/fr\/wp-json\/wp\/v2\/posts\/22935\/revisions"}],"wp:featuredmedia":[{"embeddable":true,"href":"https:\/\/www.immobilienbusiness.ch\/fr\/wp-json\/wp\/v2\/media\/11759"}],"wp:attachment":[{"href":"https:\/\/www.immobilienbusiness.ch\/fr\/wp-json\/wp\/v2\/media?parent=22935"}],"wp:term":[{"taxonomy":"category","embeddable":true,"href":"https:\/\/www.immobilienbusiness.ch\/fr\/wp-json\/wp\/v2\/categories?post=22935"},{"taxonomy":"post_tag","embeddable":true,"href":"https:\/\/www.immobilienbusiness.ch\/fr\/wp-json\/wp\/v2\/tags?post=22935"}],"curies":[{"name":"wp","href":"https:\/\/api.w.org\/{rel}","templated":true}]}}