{"id":22933,"date":"2020-11-26T07:58:28","date_gmt":"2020-11-26T06:58:28","guid":{"rendered":"https:\/\/www.immobilienbusiness.ch\/?p=22933"},"modified":"2020-11-26T07:58:28","modified_gmt":"2020-11-26T06:58:28","slug":"winterthur-zebrabox-eroeffnet-zehnten-standort","status":"publish","type":"post","link":"https:\/\/www.immobilienbusiness.ch\/fr\/regionen\/2020-11-26\/winterthur-zebrabox-eroeffnet-zehnten-standort\/","title":{"rendered":"Winterthur : Zebrabox ouvre son dixi\u00e8me emplacement"},"content":{"rendered":"<figure id=\"attachment_6043\" aria-describedby=\"caption-attachment-6043\" style=\"width: 680px\" class=\"wp-caption alignnone\"><img loading=\"lazy\" decoding=\"async\" class=\"size-medium wp-image-6043\" src=\"https:\/\/www.immobilienbusiness.ch\/wp-content\/uploads\/2017\/01\/Depositphotos_40065167_l-2015.jpg\" alt=\"\" width=\"680\" height=\"453\" srcset=\"https:\/\/www.immobilienbusiness.ch\/wp-content\/uploads\/2017\/01\/Depositphotos_40065167_l-2015.jpg 2000w, https:\/\/www.immobilienbusiness.ch\/wp-content\/uploads\/2017\/01\/Depositphotos_40065167_l-2015-300x200.jpg 300w, https:\/\/www.immobilienbusiness.ch\/wp-content\/uploads\/2017\/01\/Depositphotos_40065167_l-2015-1024x682.jpg 1024w, https:\/\/www.immobilienbusiness.ch\/wp-content\/uploads\/2017\/01\/Depositphotos_40065167_l-2015-768x512.jpg 768w, https:\/\/www.immobilienbusiness.ch\/wp-content\/uploads\/2017\/01\/Depositphotos_40065167_l-2015-1536x1024.jpg 1536w, https:\/\/www.immobilienbusiness.ch\/wp-content\/uploads\/2017\/01\/Depositphotos_40065167_l-2015-16x12.jpg 16w, https:\/\/www.immobilienbusiness.ch\/wp-content\/uploads\/2017\/01\/Depositphotos_40065167_l-2015-263x175.jpg 263w, https:\/\/www.immobilienbusiness.ch\/wp-content\/uploads\/2017\/01\/Depositphotos_40065167_l-2015-525x350.jpg 525w, https:\/\/www.immobilienbusiness.ch\/wp-content\/uploads\/2017\/01\/Depositphotos_40065167_l-2015-1200x800.jpg 1200w, https:\/\/www.immobilienbusiness.ch\/wp-content\/uploads\/2017\/01\/Depositphotos_40065167_l-2015-920x613.jpg 920w, https:\/\/www.immobilienbusiness.ch\/wp-content\/uploads\/2017\/01\/Depositphotos_40065167_l-2015-1400x933.jpg 1400w\" sizes=\"auto, (max-width: 680px) 100vw, 680px\" \/><figcaption id=\"caption-attachment-6043\" class=\"wp-caption-text\">Zebrabox s'\u00e9tend (image : depositphotos)<\/figcaption><\/figure>\n<p>La tendance du self-stockage comme solution de stockage flexible semble \u00e9galement se consolider en Suisse. Le fournisseur suisse de self-stockage Zebrabox annonce l'ouverture de son dixi\u00e8me site pour janvier 2021.<\/p>\n<p>Comme l'indique la soci\u00e9t\u00e9, 200 entrep\u00f4ts seront construits dans une premi\u00e8re phase sur une surface totale de 1800 m\u00b2 \u00e0 proximit\u00e9 de l'autoroute, dans le quartier de T\u00f6ss \u00e0 Winterthour, et seront compl\u00e9t\u00e9s par environ 200 autres unit\u00e9s dans une phase ult\u00e9rieure. Selon les informations fournies, tous les entrep\u00f4ts sont climatis\u00e9s, garantissent une s\u00e9curit\u00e9 \u00e9lev\u00e9e et sont accessibles 24 heures sur 24. Le chauffage et le refroidissement sont assur\u00e9s par une pompe \u00e0 chaleur.<\/p>\n<p>L'emplacement proche de la ville de T\u00f6ss permet d'acc\u00e9der rapidement au centre et \u00e0 l'autoroute. Des ascenseurs directement accessibles doivent garantir des trajets courts et une grande efficacit\u00e9, et une plate-forme \u00e9l\u00e9vatrice est \u00e9galement disponible. Les clients peuvent louer en ligne la Zebrabox qui leur convient sur le site de leur choix, l'\u00e9quiper peu de temps apr\u00e8s et - comme ce sera le cas \u00e0 Winterthour - entrer en contact avec le service client\u00e8le sur place via un robot, explique Christian Schmutz, fondateur et CEO de Zebrabox. <em>(M.ARR.)<\/em><\/p>","protected":false},"excerpt":{"rendered":"<p>L'entreprise Zebrabox ouvrira d\u00e9but 2021 son dixi\u00e8me site \u00e0 proximit\u00e9 de l'autoroute dans le quartier de T\u00f6ss \u00e0 Winterthour.  <\/p>","protected":false},"author":3,"featured_media":6043,"comment_status":"closed","ping_status":"open","sticky":false,"template":"","format":"standard","meta":{"_acf_changed":false,"_yoast_wpseo_focuskw":"Zebrabox","_yoast_wpseo_title":"","_yoast_wpseo_metadesc":"Das Unternehmen Zebrabox er\u00f6ffnet in autobahnnaher Lage im Winterthurer Stadtkreis T\u00f6ss Anfang 2021 seinen inzwischen zehnten Standort.","_yoast_wpseo_linkdex":56,"pgc_sgb_lightbox_settings":"","footnotes":""},"categories":[985],"tags":[1452,1599,1858],"class_list":["post-22933","post","type-post","status-publish","format-standard","has-post-thumbnail","hentry","category-regionen","tag-logistikimmobilien","tag-projekt-in-bau","tag-winterthur"],"acf":[],"yoast_head":"<!-- This site is optimized with the Yoast SEO plugin v27.5 - https:\/\/yoast.com\/product\/yoast-seo-wordpress\/ -->\n<title>Winterthur: Zebrabox er\u00f6ffnet zehnten Standort - IMMOBILIEN Business<\/title>\n<meta name=\"description\" content=\"Das Unternehmen Zebrabox er\u00f6ffnet in autobahnnaher Lage im Winterthurer Stadtkreis T\u00f6ss Anfang 2021 seinen inzwischen zehnten Standort.\" \/>\n<meta name=\"robots\" content=\"index, follow, max-snippet:-1, max-image-preview:large, max-video-preview:-1\" \/>\n<link rel=\"canonical\" href=\"https:\/\/www.immobilienbusiness.ch\/fr\/regionen\/2020-11-26\/winterthur-zebrabox-eroeffnet-zehnten-standort\/\" \/>\n<meta property=\"og:locale\" content=\"fr_FR\" \/>\n<meta property=\"og:type\" content=\"article\" \/>\n<meta property=\"og:title\" content=\"Winterthur: Zebrabox er\u00f6ffnet zehnten Standort - IMMOBILIEN Business\" \/>\n<meta property=\"og:description\" content=\"Das Unternehmen Zebrabox er\u00f6ffnet in autobahnnaher Lage im Winterthurer Stadtkreis T\u00f6ss Anfang 2021 seinen inzwischen zehnten Standort.\" \/>\n<meta property=\"og:url\" content=\"https:\/\/www.immobilienbusiness.ch\/fr\/regionen\/2020-11-26\/winterthur-zebrabox-eroeffnet-zehnten-standort\/\" \/>\n<meta property=\"og:site_name\" content=\"IMMOBILIEN Business\" \/>\n<meta property=\"article:publisher\" content=\"https:\/\/www.facebook.com\/immobilienbusiness\/\" \/>\n<meta property=\"article:published_time\" content=\"2020-11-26T06:58:28+00:00\" \/>\n<meta property=\"og:image\" content=\"https:\/\/www.immobilienbusiness.ch\/wp-content\/uploads\/2017\/01\/Depositphotos_40065167_l-2015.jpg\" \/>\n\t<meta property=\"og:image:width\" content=\"2000\" \/>\n\t<meta property=\"og:image:height\" content=\"1333\" \/>\n\t<meta property=\"og:image:type\" content=\"image\/jpeg\" \/>\n<meta name=\"author\" content=\"anja.hall\" \/>\n<meta name=\"twitter:card\" content=\"summary_large_image\" \/>\n<meta name=\"twitter:image\" content=\"https:\/\/www.immobilienbusiness.ch\/wp-content\/uploads\/2017\/01\/Depositphotos_40065167_l-2015.jpg\" \/>\n<script type=\"application\/ld+json\" class=\"yoast-schema-graph\">{\"@context\":\"https:\\\/\\\/schema.org\",\"@graph\":[{\"@type\":\"Article\",\"@id\":\"https:\\\/\\\/www.immobilienbusiness.ch\\\/it\\\/regionen\\\/2020-11-26\\\/winterthur-zebrabox-eroeffnet-zehnten-standort\\\/#article\",\"isPartOf\":{\"@id\":\"https:\\\/\\\/www.immobilienbusiness.ch\\\/it\\\/regionen\\\/2020-11-26\\\/winterthur-zebrabox-eroeffnet-zehnten-standort\\\/\"},\"author\":{\"name\":\"anja.hall\",\"@id\":\"https:\\\/\\\/www.immobilienbusiness.ch\\\/#\\\/schema\\\/person\\\/3fc036297b10b9f42d6db5ee932af8c8\"},\"headline\":\"Winterthur: Zebrabox er\u00f6ffnet zehnten Standort\",\"datePublished\":\"2020-11-26T06:58:28+00:00\",\"mainEntityOfPage\":{\"@id\":\"https:\\\/\\\/www.immobilienbusiness.ch\\\/it\\\/regionen\\\/2020-11-26\\\/winterthur-zebrabox-eroeffnet-zehnten-standort\\\/\"},\"wordCount\":208,\"publisher\":{\"@id\":\"https:\\\/\\\/www.immobilienbusiness.ch\\\/#organization\"},\"image\":{\"@id\":\"https:\\\/\\\/www.immobilienbusiness.ch\\\/it\\\/regionen\\\/2020-11-26\\\/winterthur-zebrabox-eroeffnet-zehnten-standort\\\/#primaryimage\"},\"thumbnailUrl\":\"https:\\\/\\\/www.immobilienbusiness.ch\\\/wp-content\\\/uploads\\\/2017\\\/01\\\/Depositphotos_40065167_l-2015.jpg\",\"keywords\":[\"Logistikimmobilien\",\"Projekt in Bau\",\"Winterthur\"],\"articleSection\":[\"REGIONEN\"],\"inLanguage\":\"fr-FR\"},{\"@type\":\"WebPage\",\"@id\":\"https:\\\/\\\/www.immobilienbusiness.ch\\\/it\\\/regionen\\\/2020-11-26\\\/winterthur-zebrabox-eroeffnet-zehnten-standort\\\/\",\"url\":\"https:\\\/\\\/www.immobilienbusiness.ch\\\/it\\\/regionen\\\/2020-11-26\\\/winterthur-zebrabox-eroeffnet-zehnten-standort\\\/\",\"name\":\"Winterthur: Zebrabox er\u00f6ffnet zehnten Standort - IMMOBILIEN Business\",\"isPartOf\":{\"@id\":\"https:\\\/\\\/www.immobilienbusiness.ch\\\/#website\"},\"primaryImageOfPage\":{\"@id\":\"https:\\\/\\\/www.immobilienbusiness.ch\\\/it\\\/regionen\\\/2020-11-26\\\/winterthur-zebrabox-eroeffnet-zehnten-standort\\\/#primaryimage\"},\"image\":{\"@id\":\"https:\\\/\\\/www.immobilienbusiness.ch\\\/it\\\/regionen\\\/2020-11-26\\\/winterthur-zebrabox-eroeffnet-zehnten-standort\\\/#primaryimage\"},\"thumbnailUrl\":\"https:\\\/\\\/www.immobilienbusiness.ch\\\/wp-content\\\/uploads\\\/2017\\\/01\\\/Depositphotos_40065167_l-2015.jpg\",\"datePublished\":\"2020-11-26T06:58:28+00:00\",\"description\":\"Das Unternehmen Zebrabox er\u00f6ffnet in autobahnnaher Lage im Winterthurer Stadtkreis T\u00f6ss Anfang 2021 seinen inzwischen zehnten Standort.\",\"breadcrumb\":{\"@id\":\"https:\\\/\\\/www.immobilienbusiness.ch\\\/it\\\/regionen\\\/2020-11-26\\\/winterthur-zebrabox-eroeffnet-zehnten-standort\\\/#breadcrumb\"},\"inLanguage\":\"fr-FR\",\"potentialAction\":[{\"@type\":\"ReadAction\",\"target\":[\"https:\\\/\\\/www.immobilienbusiness.ch\\\/it\\\/regionen\\\/2020-11-26\\\/winterthur-zebrabox-eroeffnet-zehnten-standort\\\/\"]}]},{\"@type\":\"ImageObject\",\"inLanguage\":\"fr-FR\",\"@id\":\"https:\\\/\\\/www.immobilienbusiness.ch\\\/it\\\/regionen\\\/2020-11-26\\\/winterthur-zebrabox-eroeffnet-zehnten-standort\\\/#primaryimage\",\"url\":\"https:\\\/\\\/www.immobilienbusiness.ch\\\/wp-content\\\/uploads\\\/2017\\\/01\\\/Depositphotos_40065167_l-2015.jpg\",\"contentUrl\":\"https:\\\/\\\/www.immobilienbusiness.ch\\\/wp-content\\\/uploads\\\/2017\\\/01\\\/Depositphotos_40065167_l-2015.jpg\",\"width\":2000,\"height\":1333,\"caption\":\"Baloise baut ihr Engagement im Immobiliensektor aus (Foto: depositphotos)\"},{\"@type\":\"BreadcrumbList\",\"@id\":\"https:\\\/\\\/www.immobilienbusiness.ch\\\/it\\\/regionen\\\/2020-11-26\\\/winterthur-zebrabox-eroeffnet-zehnten-standort\\\/#breadcrumb\",\"itemListElement\":[{\"@type\":\"ListItem\",\"position\":1,\"name\":\"Home\",\"item\":\"https:\\\/\\\/www.immobilienbusiness.ch\\\/\"},{\"@type\":\"ListItem\",\"position\":2,\"name\":\"Winterthur: Zebrabox er\u00f6ffnet zehnten Standort\"}]},{\"@type\":\"WebSite\",\"@id\":\"https:\\\/\\\/www.immobilienbusiness.ch\\\/#website\",\"url\":\"https:\\\/\\\/www.immobilienbusiness.ch\\\/\",\"name\":\"IMMOBILIEN Business\",\"description\":\"Unabh\u00e4ngiges Schweizer Wirtschaftsmagazin mit Fokus auf Immobilien, Architektur- und Bau sowie Investment- und Finanzierung.\",\"publisher\":{\"@id\":\"https:\\\/\\\/www.immobilienbusiness.ch\\\/#organization\"},\"potentialAction\":[{\"@type\":\"SearchAction\",\"target\":{\"@type\":\"EntryPoint\",\"urlTemplate\":\"https:\\\/\\\/www.immobilienbusiness.ch\\\/?s={search_term_string}\"},\"query-input\":{\"@type\":\"PropertyValueSpecification\",\"valueRequired\":true,\"valueName\":\"search_term_string\"}}],\"inLanguage\":\"fr-FR\"},{\"@type\":\"Organization\",\"@id\":\"https:\\\/\\\/www.immobilienbusiness.ch\\\/#organization\",\"name\":\"IMMOBILIEN Business\",\"url\":\"https:\\\/\\\/www.immobilienbusiness.ch\\\/\",\"logo\":{\"@type\":\"ImageObject\",\"inLanguage\":\"fr-FR\",\"@id\":\"https:\\\/\\\/www.immobilienbusiness.ch\\\/#\\\/schema\\\/logo\\\/image\\\/\",\"url\":\"https:\\\/\\\/www.immobilienbusiness.ch\\\/wp-content\\\/uploads\\\/2021\\\/07\\\/logo_ib.png\",\"contentUrl\":\"https:\\\/\\\/www.immobilienbusiness.ch\\\/wp-content\\\/uploads\\\/2021\\\/07\\\/logo_ib.png\",\"width\":800,\"height\":181,\"caption\":\"IMMOBILIEN Business\"},\"image\":{\"@id\":\"https:\\\/\\\/www.immobilienbusiness.ch\\\/#\\\/schema\\\/logo\\\/image\\\/\"},\"sameAs\":[\"https:\\\/\\\/www.facebook.com\\\/immobilienbusiness\\\/\"]},{\"@type\":\"Person\",\"@id\":\"https:\\\/\\\/www.immobilienbusiness.ch\\\/#\\\/schema\\\/person\\\/3fc036297b10b9f42d6db5ee932af8c8\",\"name\":\"anja.hall\",\"image\":{\"@type\":\"ImageObject\",\"inLanguage\":\"fr-FR\",\"@id\":\"https:\\\/\\\/secure.gravatar.com\\\/avatar\\\/066b5a0d447013502c71a5782f4f3469f03cfe595cc2329fb94652fe47511bfb?s=96&d=mm&r=g\",\"url\":\"https:\\\/\\\/secure.gravatar.com\\\/avatar\\\/066b5a0d447013502c71a5782f4f3469f03cfe595cc2329fb94652fe47511bfb?s=96&d=mm&r=g\",\"contentUrl\":\"https:\\\/\\\/secure.gravatar.com\\\/avatar\\\/066b5a0d447013502c71a5782f4f3469f03cfe595cc2329fb94652fe47511bfb?s=96&d=mm&r=g\",\"caption\":\"anja.hall\"},\"url\":\"https:\\\/\\\/www.immobilienbusiness.ch\\\/fr\\\/author\\\/anja-hall\\\/\"}]}<\/script>\n<!-- \/ Yoast SEO plugin. -->","yoast_head_json":{"title":"Winterthur: Zebrabox er\u00f6ffnet zehnten Standort - IMMOBILIEN Business","description":"L'entreprise Zebrabox ouvrira d\u00e9but 2021 son dixi\u00e8me site \u00e0 proximit\u00e9 de l'autoroute dans le quartier de T\u00f6ss \u00e0 Winterthour.","robots":{"index":"index","follow":"follow","max-snippet":"max-snippet:-1","max-image-preview":"max-image-preview:large","max-video-preview":"max-video-preview:-1"},"canonical":"https:\/\/www.immobilienbusiness.ch\/fr\/regionen\/2020-11-26\/winterthur-zebrabox-eroeffnet-zehnten-standort\/","og_locale":"fr_FR","og_type":"article","og_title":"Winterthur: Zebrabox er\u00f6ffnet zehnten Standort - IMMOBILIEN Business","og_description":"Das Unternehmen Zebrabox er\u00f6ffnet in autobahnnaher Lage im Winterthurer Stadtkreis T\u00f6ss Anfang 2021 seinen inzwischen zehnten Standort.","og_url":"https:\/\/www.immobilienbusiness.ch\/fr\/regionen\/2020-11-26\/winterthur-zebrabox-eroeffnet-zehnten-standort\/","og_site_name":"IMMOBILIEN Business","article_publisher":"https:\/\/www.facebook.com\/immobilienbusiness\/","article_published_time":"2020-11-26T06:58:28+00:00","og_image":[{"width":2000,"height":1333,"url":"https:\/\/www.immobilienbusiness.ch\/wp-content\/uploads\/2017\/01\/Depositphotos_40065167_l-2015.jpg","type":"image\/jpeg"}],"author":"anja.hall","twitter_card":"summary_large_image","twitter_image":"https:\/\/www.immobilienbusiness.ch\/wp-content\/uploads\/2017\/01\/Depositphotos_40065167_l-2015.jpg","schema":{"@context":"https:\/\/schema.org","@graph":[{"@type":"Article","@id":"https:\/\/www.immobilienbusiness.ch\/it\/regionen\/2020-11-26\/winterthur-zebrabox-eroeffnet-zehnten-standort\/#article","isPartOf":{"@id":"https:\/\/www.immobilienbusiness.ch\/it\/regionen\/2020-11-26\/winterthur-zebrabox-eroeffnet-zehnten-standort\/"},"author":{"name":"anja.hall","@id":"https:\/\/www.immobilienbusiness.ch\/#\/schema\/person\/3fc036297b10b9f42d6db5ee932af8c8"},"headline":"Winterthur: Zebrabox er\u00f6ffnet zehnten Standort","datePublished":"2020-11-26T06:58:28+00:00","mainEntityOfPage":{"@id":"https:\/\/www.immobilienbusiness.ch\/it\/regionen\/2020-11-26\/winterthur-zebrabox-eroeffnet-zehnten-standort\/"},"wordCount":208,"publisher":{"@id":"https:\/\/www.immobilienbusiness.ch\/#organization"},"image":{"@id":"https:\/\/www.immobilienbusiness.ch\/it\/regionen\/2020-11-26\/winterthur-zebrabox-eroeffnet-zehnten-standort\/#primaryimage"},"thumbnailUrl":"https:\/\/www.immobilienbusiness.ch\/wp-content\/uploads\/2017\/01\/Depositphotos_40065167_l-2015.jpg","keywords":["Logistikimmobilien","Projekt in Bau","Winterthur"],"articleSection":["REGIONEN"],"inLanguage":"fr-FR"},{"@type":"WebPage","@id":"https:\/\/www.immobilienbusiness.ch\/it\/regionen\/2020-11-26\/winterthur-zebrabox-eroeffnet-zehnten-standort\/","url":"https:\/\/www.immobilienbusiness.ch\/it\/regionen\/2020-11-26\/winterthur-zebrabox-eroeffnet-zehnten-standort\/","name":"Winterthur: Zebrabox er\u00f6ffnet zehnten Standort - IMMOBILIEN Business","isPartOf":{"@id":"https:\/\/www.immobilienbusiness.ch\/#website"},"primaryImageOfPage":{"@id":"https:\/\/www.immobilienbusiness.ch\/it\/regionen\/2020-11-26\/winterthur-zebrabox-eroeffnet-zehnten-standort\/#primaryimage"},"image":{"@id":"https:\/\/www.immobilienbusiness.ch\/it\/regionen\/2020-11-26\/winterthur-zebrabox-eroeffnet-zehnten-standort\/#primaryimage"},"thumbnailUrl":"https:\/\/www.immobilienbusiness.ch\/wp-content\/uploads\/2017\/01\/Depositphotos_40065167_l-2015.jpg","datePublished":"2020-11-26T06:58:28+00:00","description":"L'entreprise Zebrabox ouvrira d\u00e9but 2021 son dixi\u00e8me site \u00e0 proximit\u00e9 de l'autoroute dans le quartier de T\u00f6ss \u00e0 Winterthour.","breadcrumb":{"@id":"https:\/\/www.immobilienbusiness.ch\/it\/regionen\/2020-11-26\/winterthur-zebrabox-eroeffnet-zehnten-standort\/#breadcrumb"},"inLanguage":"fr-FR","potentialAction":[{"@type":"ReadAction","target":["https:\/\/www.immobilienbusiness.ch\/it\/regionen\/2020-11-26\/winterthur-zebrabox-eroeffnet-zehnten-standort\/"]}]},{"@type":"ImageObject","inLanguage":"fr-FR","@id":"https:\/\/www.immobilienbusiness.ch\/it\/regionen\/2020-11-26\/winterthur-zebrabox-eroeffnet-zehnten-standort\/#primaryimage","url":"https:\/\/www.immobilienbusiness.ch\/wp-content\/uploads\/2017\/01\/Depositphotos_40065167_l-2015.jpg","contentUrl":"https:\/\/www.immobilienbusiness.ch\/wp-content\/uploads\/2017\/01\/Depositphotos_40065167_l-2015.jpg","width":2000,"height":1333,"caption":"Baloise baut ihr Engagement im Immobiliensektor aus (Foto: depositphotos)"},{"@type":"BreadcrumbList","@id":"https:\/\/www.immobilienbusiness.ch\/it\/regionen\/2020-11-26\/winterthur-zebrabox-eroeffnet-zehnten-standort\/#breadcrumb","itemListElement":[{"@type":"ListItem","position":1,"name":"Home","item":"https:\/\/www.immobilienbusiness.ch\/"},{"@type":"ListItem","position":2,"name":"Winterthur: Zebrabox er\u00f6ffnet zehnten Standort"}]},{"@type":"WebSite","@id":"https:\/\/www.immobilienbusiness.ch\/#website","url":"https:\/\/www.immobilienbusiness.ch\/","name":"IMMOBILIER Business","description":"Magazine \u00e9conomique suisse ind\u00e9pendant ax\u00e9 sur l'immobilier, l'architecture et la construction ainsi que sur les investissements et le financement.","publisher":{"@id":"https:\/\/www.immobilienbusiness.ch\/#organization"},"potentialAction":[{"@type":"SearchAction","target":{"@type":"EntryPoint","urlTemplate":"https:\/\/www.immobilienbusiness.ch\/?s={search_term_string}"},"query-input":{"@type":"PropertyValueSpecification","valueRequired":true,"valueName":"search_term_string"}}],"inLanguage":"fr-FR"},{"@type":"Organization","@id":"https:\/\/www.immobilienbusiness.ch\/#organization","name":"IMMOBILIER Business","url":"https:\/\/www.immobilienbusiness.ch\/","logo":{"@type":"ImageObject","inLanguage":"fr-FR","@id":"https:\/\/www.immobilienbusiness.ch\/#\/schema\/logo\/image\/","url":"https:\/\/www.immobilienbusiness.ch\/wp-content\/uploads\/2021\/07\/logo_ib.png","contentUrl":"https:\/\/www.immobilienbusiness.ch\/wp-content\/uploads\/2021\/07\/logo_ib.png","width":800,"height":181,"caption":"IMMOBILIEN Business"},"image":{"@id":"https:\/\/www.immobilienbusiness.ch\/#\/schema\/logo\/image\/"},"sameAs":["https:\/\/www.facebook.com\/immobilienbusiness\/"]},{"@type":"Person","@id":"https:\/\/www.immobilienbusiness.ch\/#\/schema\/person\/3fc036297b10b9f42d6db5ee932af8c8","name":"anja.hall","image":{"@type":"ImageObject","inLanguage":"fr-FR","@id":"https:\/\/secure.gravatar.com\/avatar\/066b5a0d447013502c71a5782f4f3469f03cfe595cc2329fb94652fe47511bfb?s=96&d=mm&r=g","url":"https:\/\/secure.gravatar.com\/avatar\/066b5a0d447013502c71a5782f4f3469f03cfe595cc2329fb94652fe47511bfb?s=96&d=mm&r=g","contentUrl":"https:\/\/secure.gravatar.com\/avatar\/066b5a0d447013502c71a5782f4f3469f03cfe595cc2329fb94652fe47511bfb?s=96&d=mm&r=g","caption":"anja.hall"},"url":"https:\/\/www.immobilienbusiness.ch\/fr\/author\/anja-hall\/"}]}},"_links":{"self":[{"href":"https:\/\/www.immobilienbusiness.ch\/fr\/wp-json\/wp\/v2\/posts\/22933","targetHints":{"allow":["GET"]}}],"collection":[{"href":"https:\/\/www.immobilienbusiness.ch\/fr\/wp-json\/wp\/v2\/posts"}],"about":[{"href":"https:\/\/www.immobilienbusiness.ch\/fr\/wp-json\/wp\/v2\/types\/post"}],"author":[{"embeddable":true,"href":"https:\/\/www.immobilienbusiness.ch\/fr\/wp-json\/wp\/v2\/users\/3"}],"replies":[{"embeddable":true,"href":"https:\/\/www.immobilienbusiness.ch\/fr\/wp-json\/wp\/v2\/comments?post=22933"}],"version-history":[{"count":0,"href":"https:\/\/www.immobilienbusiness.ch\/fr\/wp-json\/wp\/v2\/posts\/22933\/revisions"}],"wp:featuredmedia":[{"embeddable":true,"href":"https:\/\/www.immobilienbusiness.ch\/fr\/wp-json\/wp\/v2\/media\/6043"}],"wp:attachment":[{"href":"https:\/\/www.immobilienbusiness.ch\/fr\/wp-json\/wp\/v2\/media?parent=22933"}],"wp:term":[{"taxonomy":"category","embeddable":true,"href":"https:\/\/www.immobilienbusiness.ch\/fr\/wp-json\/wp\/v2\/categories?post=22933"},{"taxonomy":"post_tag","embeddable":true,"href":"https:\/\/www.immobilienbusiness.ch\/fr\/wp-json\/wp\/v2\/tags?post=22933"}],"curies":[{"name":"wp","href":"https:\/\/api.w.org\/{rel}","templated":true}]}}