{"id":2278,"date":"2016-02-12T09:46:15","date_gmt":"2016-02-12T08:46:15","guid":{"rendered":"http:\/\/dev.immobilienbusiness.ch\/?p=2278"},"modified":"2016-02-12T09:46:15","modified_gmt":"2016-02-12T08:46:15","slug":"fundamenta-verstaerkt-geschaeftsleitung","status":"publish","type":"post","link":"https:\/\/www.immobilienbusiness.ch\/fr\/unternehmen\/2016-02-12\/fundamenta-verstaerkt-geschaeftsleitung\/","title":{"rendered":"Fundamenta renforce sa direction"},"content":{"rendered":"<figure id=\"attachment_2280\" aria-describedby=\"caption-attachment-2280\" style=\"width: 680px\" class=\"wp-caption alignnone\"><img loading=\"lazy\" decoding=\"async\" class=\"size-medium wp-image-2280\" src=\"https:\/\/immobilienbusiness.ch\/wp-content\/uploads\/2016\/02\/Fundamenta-verst\u00e4rkt-Gesch\u00e4ftsleitung-immobilien-business.jpg\" alt=\"Die Fundamenta Group erweitert ihre Gesch\u00e4ftsleitung (Foto: Pixabay)\" width=\"680\" height=\"455\" \/><figcaption id=\"caption-attachment-2280\" class=\"wp-caption-text\">Le groupe Fundamenta \u00e9largit sa direction (photo : Pixabay)<\/figcaption><\/figure>\n<p>Michel Kempter (n\u00e9 en 1966) a pris la responsabilit\u00e9 g\u00e9n\u00e9rale du secteur D\u00e9veloppement et r\u00e9alisation chez Fundamenta le 1er f\u00e9vrier 2016. Auparavant, il a assum\u00e9 diff\u00e9rentes fonctions au sein du groupe Priora, dont celle de Managing Director Real Estate. Auparavant, de 2011 \u00e0 2013, Kempter a mis en place le secteur D\u00e9veloppement en tant que membre de la direction du secteur du groupe. Avant de rejoindre Priora, Kempter a travaill\u00e9 pendant sept ans pour Halter Unternehmungen, o\u00f9 il a occup\u00e9 diff\u00e9rentes fonctions.<\/p>\n<p>Bruno Schweinzer (1964) rejoindra le groupe Fundamenta le 15 f\u00e9vrier 2016 en tant que Chief Investment Officer (CIO). En tant que CIO, il sera responsable du domaine \"Investment Management\", qui comprend entre autres la conception strat\u00e9gique, l'orientation et la supervision au niveau du portefeuille des diff\u00e9rents produits et mandats. Au cours des 16 derni\u00e8res ann\u00e9es, Schweinzer a dirig\u00e9 les groupes de placement immobiliers suisses de la fondation de placement Avadis.<\/p>\n<p>Thomas Hiestand, qui \u00e9tait jusqu'\u00e0 pr\u00e9sent \u00e9galement responsable du secteur Portfolio Management en tant que CFO du groupe Fundamenta, se concentrera sur les domaines cl\u00e9s du CFO en raison de la nouvelle r\u00e9partition des t\u00e2ches au sein de la direction. (ah)<\/p>","protected":false},"excerpt":{"rendered":"<p>Le groupe Fundamenta renforce sa direction en f\u00e9vrier avec l'arriv\u00e9e de Michel Kempter et Bruno Schweinzer.<\/p>","protected":false},"author":1,"featured_media":2280,"comment_status":"open","ping_status":"open","sticky":false,"template":"","format":"standard","meta":{"_acf_changed":false,"_yoast_wpseo_focuskw":"Fundamenta","_yoast_wpseo_title":"","_yoast_wpseo_metadesc":"Die Fundamenta Group verst\u00e4rkt ihre Gesch\u00e4ftsleitung im Februar mit Michel Kempter und Bruno Schweinzer.","_yoast_wpseo_linkdex":72,"pgc_sgb_lightbox_settings":"","footnotes":""},"categories":[988],"tags":[1564,1807],"class_list":["post-2278","post","type-post","status-publish","format-standard","has-post-thumbnail","hentry","category-unternehmen","tag-personalien","tag-unternehmen"],"acf":[],"yoast_head":"<!-- This site is optimized with the Yoast SEO plugin v27.5 - https:\/\/yoast.com\/product\/yoast-seo-wordpress\/ -->\n<title>Fundamenta verst\u00e4rkt Gesch\u00e4ftsleitung - IMMOBILIEN Business<\/title>\n<meta name=\"description\" content=\"Die Fundamenta Group verst\u00e4rkt ihre Gesch\u00e4ftsleitung im Februar mit Michel Kempter und Bruno Schweinzer.\" \/>\n<meta name=\"robots\" content=\"index, follow, max-snippet:-1, max-image-preview:large, max-video-preview:-1\" \/>\n<link rel=\"canonical\" href=\"https:\/\/www.immobilienbusiness.ch\/fr\/unternehmen\/2016-02-12\/fundamenta-verstaerkt-geschaeftsleitung\/\" \/>\n<meta property=\"og:locale\" content=\"fr_FR\" \/>\n<meta property=\"og:type\" content=\"article\" \/>\n<meta property=\"og:title\" content=\"Fundamenta verst\u00e4rkt Gesch\u00e4ftsleitung\" \/>\n<meta property=\"og:description\" content=\"Die Fundamenta Group verst\u00e4rkt ihre Gesch\u00e4ftsleitung im Februar mit Michel Kempter und Bruno Schweinzer.\" \/>\n<meta property=\"og:url\" content=\"https:\/\/www.immobilienbusiness.ch\/fr\/unternehmen\/2016-02-12\/fundamenta-verstaerkt-geschaeftsleitung\/\" \/>\n<meta property=\"og:site_name\" content=\"IMMOBILIEN Business\" \/>\n<meta property=\"article:publisher\" content=\"https:\/\/www.facebook.com\/immobilienbusiness\/\" \/>\n<meta property=\"article:published_time\" content=\"2016-02-12T08:46:15+00:00\" \/>\n<meta name=\"author\" content=\"Redaktion\" \/>\n<meta name=\"twitter:card\" content=\"summary_large_image\" \/>\n<meta name=\"twitter:image\" content=\"https:\/\/www.immobilienbusiness.ch\/wp-content\/uploads\/2016\/02\/Fundamenta-verstaerkt-Geschaeftsleitung-immobilien-business.jpg\" \/>\n<script type=\"application\/ld+json\" class=\"yoast-schema-graph\">{\"@context\":\"https:\\\/\\\/schema.org\",\"@graph\":[{\"@type\":\"Article\",\"@id\":\"https:\\\/\\\/www.immobilienbusiness.ch\\\/unternehmen\\\/2016-02-12\\\/fundamenta-verstaerkt-geschaeftsleitung\\\/#article\",\"isPartOf\":{\"@id\":\"https:\\\/\\\/www.immobilienbusiness.ch\\\/unternehmen\\\/2016-02-12\\\/fundamenta-verstaerkt-geschaeftsleitung\\\/\"},\"author\":{\"name\":\"Redaktion\",\"@id\":\"https:\\\/\\\/www.immobilienbusiness.ch\\\/#\\\/schema\\\/person\\\/aa2bace6c5c5aad60102004a50c4eb1c\"},\"headline\":\"Fundamenta verst\u00e4rkt Gesch\u00e4ftsleitung\",\"datePublished\":\"2016-02-12T08:46:15+00:00\",\"mainEntityOfPage\":{\"@id\":\"https:\\\/\\\/www.immobilienbusiness.ch\\\/unternehmen\\\/2016-02-12\\\/fundamenta-verstaerkt-geschaeftsleitung\\\/\"},\"wordCount\":173,\"commentCount\":0,\"publisher\":{\"@id\":\"https:\\\/\\\/www.immobilienbusiness.ch\\\/#organization\"},\"image\":{\"@id\":\"https:\\\/\\\/www.immobilienbusiness.ch\\\/unternehmen\\\/2016-02-12\\\/fundamenta-verstaerkt-geschaeftsleitung\\\/#primaryimage\"},\"thumbnailUrl\":\"https:\\\/\\\/www.immobilienbusiness.ch\\\/wp-content\\\/uploads\\\/2016\\\/02\\\/Fundamenta-verstaerkt-Geschaeftsleitung-immobilien-business.jpg\",\"keywords\":[\"Personalien\",\"Unternehmen\"],\"articleSection\":[\"UNTERNEHMEN\"],\"inLanguage\":\"fr-FR\"},{\"@type\":\"WebPage\",\"@id\":\"https:\\\/\\\/www.immobilienbusiness.ch\\\/unternehmen\\\/2016-02-12\\\/fundamenta-verstaerkt-geschaeftsleitung\\\/\",\"url\":\"https:\\\/\\\/www.immobilienbusiness.ch\\\/unternehmen\\\/2016-02-12\\\/fundamenta-verstaerkt-geschaeftsleitung\\\/\",\"name\":\"Fundamenta verst\u00e4rkt Gesch\u00e4ftsleitung - IMMOBILIEN Business\",\"isPartOf\":{\"@id\":\"https:\\\/\\\/www.immobilienbusiness.ch\\\/#website\"},\"primaryImageOfPage\":{\"@id\":\"https:\\\/\\\/www.immobilienbusiness.ch\\\/unternehmen\\\/2016-02-12\\\/fundamenta-verstaerkt-geschaeftsleitung\\\/#primaryimage\"},\"image\":{\"@id\":\"https:\\\/\\\/www.immobilienbusiness.ch\\\/unternehmen\\\/2016-02-12\\\/fundamenta-verstaerkt-geschaeftsleitung\\\/#primaryimage\"},\"thumbnailUrl\":\"https:\\\/\\\/www.immobilienbusiness.ch\\\/wp-content\\\/uploads\\\/2016\\\/02\\\/Fundamenta-verstaerkt-Geschaeftsleitung-immobilien-business.jpg\",\"datePublished\":\"2016-02-12T08:46:15+00:00\",\"description\":\"Die Fundamenta Group verst\u00e4rkt ihre Gesch\u00e4ftsleitung im Februar mit Michel Kempter und Bruno Schweinzer.\",\"breadcrumb\":{\"@id\":\"https:\\\/\\\/www.immobilienbusiness.ch\\\/unternehmen\\\/2016-02-12\\\/fundamenta-verstaerkt-geschaeftsleitung\\\/#breadcrumb\"},\"inLanguage\":\"fr-FR\",\"potentialAction\":[{\"@type\":\"ReadAction\",\"target\":[\"https:\\\/\\\/www.immobilienbusiness.ch\\\/unternehmen\\\/2016-02-12\\\/fundamenta-verstaerkt-geschaeftsleitung\\\/\"]}]},{\"@type\":\"ImageObject\",\"inLanguage\":\"fr-FR\",\"@id\":\"https:\\\/\\\/www.immobilienbusiness.ch\\\/unternehmen\\\/2016-02-12\\\/fundamenta-verstaerkt-geschaeftsleitung\\\/#primaryimage\",\"url\":\"https:\\\/\\\/www.immobilienbusiness.ch\\\/wp-content\\\/uploads\\\/2016\\\/02\\\/Fundamenta-verstaerkt-Geschaeftsleitung-immobilien-business.jpg\",\"contentUrl\":\"https:\\\/\\\/www.immobilienbusiness.ch\\\/wp-content\\\/uploads\\\/2016\\\/02\\\/Fundamenta-verstaerkt-Geschaeftsleitung-immobilien-business.jpg\",\"width\":1280,\"height\":856,\"caption\":\"Die Fundamenta Group erweitert ihre Gesch\u00e4ftsleitung (Foto: Pixabay)\"},{\"@type\":\"BreadcrumbList\",\"@id\":\"https:\\\/\\\/www.immobilienbusiness.ch\\\/unternehmen\\\/2016-02-12\\\/fundamenta-verstaerkt-geschaeftsleitung\\\/#breadcrumb\",\"itemListElement\":[{\"@type\":\"ListItem\",\"position\":1,\"name\":\"Home\",\"item\":\"https:\\\/\\\/www.immobilienbusiness.ch\\\/\"},{\"@type\":\"ListItem\",\"position\":2,\"name\":\"Fundamenta verst\u00e4rkt Gesch\u00e4ftsleitung\"}]},{\"@type\":\"WebSite\",\"@id\":\"https:\\\/\\\/www.immobilienbusiness.ch\\\/#website\",\"url\":\"https:\\\/\\\/www.immobilienbusiness.ch\\\/\",\"name\":\"IMMOBILIEN Business\",\"description\":\"Unabh\u00e4ngiges Schweizer Wirtschaftsmagazin mit Fokus auf Immobilien, Architektur- und Bau sowie Investment- und Finanzierung.\",\"publisher\":{\"@id\":\"https:\\\/\\\/www.immobilienbusiness.ch\\\/#organization\"},\"potentialAction\":[{\"@type\":\"SearchAction\",\"target\":{\"@type\":\"EntryPoint\",\"urlTemplate\":\"https:\\\/\\\/www.immobilienbusiness.ch\\\/?s={search_term_string}\"},\"query-input\":{\"@type\":\"PropertyValueSpecification\",\"valueRequired\":true,\"valueName\":\"search_term_string\"}}],\"inLanguage\":\"fr-FR\"},{\"@type\":\"Organization\",\"@id\":\"https:\\\/\\\/www.immobilienbusiness.ch\\\/#organization\",\"name\":\"IMMOBILIEN Business\",\"url\":\"https:\\\/\\\/www.immobilienbusiness.ch\\\/\",\"logo\":{\"@type\":\"ImageObject\",\"inLanguage\":\"fr-FR\",\"@id\":\"https:\\\/\\\/www.immobilienbusiness.ch\\\/#\\\/schema\\\/logo\\\/image\\\/\",\"url\":\"https:\\\/\\\/www.immobilienbusiness.ch\\\/wp-content\\\/uploads\\\/2021\\\/07\\\/logo_ib.png\",\"contentUrl\":\"https:\\\/\\\/www.immobilienbusiness.ch\\\/wp-content\\\/uploads\\\/2021\\\/07\\\/logo_ib.png\",\"width\":800,\"height\":181,\"caption\":\"IMMOBILIEN Business\"},\"image\":{\"@id\":\"https:\\\/\\\/www.immobilienbusiness.ch\\\/#\\\/schema\\\/logo\\\/image\\\/\"},\"sameAs\":[\"https:\\\/\\\/www.facebook.com\\\/immobilienbusiness\\\/\"]},{\"@type\":\"Person\",\"@id\":\"https:\\\/\\\/www.immobilienbusiness.ch\\\/#\\\/schema\\\/person\\\/aa2bace6c5c5aad60102004a50c4eb1c\",\"name\":\"Redaktion\",\"image\":{\"@type\":\"ImageObject\",\"inLanguage\":\"fr-FR\",\"@id\":\"https:\\\/\\\/secure.gravatar.com\\\/avatar\\\/ae2f4d718e6c49043e314ce431e7e645d646302a24a5ef5a8bc8e3f5a032e319?s=96&d=mm&r=g\",\"url\":\"https:\\\/\\\/secure.gravatar.com\\\/avatar\\\/ae2f4d718e6c49043e314ce431e7e645d646302a24a5ef5a8bc8e3f5a032e319?s=96&d=mm&r=g\",\"contentUrl\":\"https:\\\/\\\/secure.gravatar.com\\\/avatar\\\/ae2f4d718e6c49043e314ce431e7e645d646302a24a5ef5a8bc8e3f5a032e319?s=96&d=mm&r=g\",\"caption\":\"Redaktion\"},\"sameAs\":[\"http:\\\/\\\/develop.organisator.galledia.ch\"],\"url\":\"https:\\\/\\\/www.immobilienbusiness.ch\\\/fr\\\/author\\\/admin\\\/\"}]}<\/script>\n<!-- \/ Yoast SEO plugin. -->","yoast_head_json":{"title":"Fundamenta verst\u00e4rkt Gesch\u00e4ftsleitung - IMMOBILIEN Business","description":"Le groupe Fundamenta renforce sa direction en f\u00e9vrier avec l'arriv\u00e9e de Michel Kempter et Bruno Schweinzer.","robots":{"index":"index","follow":"follow","max-snippet":"max-snippet:-1","max-image-preview":"max-image-preview:large","max-video-preview":"max-video-preview:-1"},"canonical":"https:\/\/www.immobilienbusiness.ch\/fr\/unternehmen\/2016-02-12\/fundamenta-verstaerkt-geschaeftsleitung\/","og_locale":"fr_FR","og_type":"article","og_title":"Fundamenta verst\u00e4rkt Gesch\u00e4ftsleitung","og_description":"Die Fundamenta Group verst\u00e4rkt ihre Gesch\u00e4ftsleitung im Februar mit Michel Kempter und Bruno Schweinzer.","og_url":"https:\/\/www.immobilienbusiness.ch\/fr\/unternehmen\/2016-02-12\/fundamenta-verstaerkt-geschaeftsleitung\/","og_site_name":"IMMOBILIEN Business","article_publisher":"https:\/\/www.facebook.com\/immobilienbusiness\/","article_published_time":"2016-02-12T08:46:15+00:00","author":"Redaktion","twitter_card":"summary_large_image","twitter_image":"https:\/\/www.immobilienbusiness.ch\/wp-content\/uploads\/2016\/02\/Fundamenta-verstaerkt-Geschaeftsleitung-immobilien-business.jpg","schema":{"@context":"https:\/\/schema.org","@graph":[{"@type":"Article","@id":"https:\/\/www.immobilienbusiness.ch\/unternehmen\/2016-02-12\/fundamenta-verstaerkt-geschaeftsleitung\/#article","isPartOf":{"@id":"https:\/\/www.immobilienbusiness.ch\/unternehmen\/2016-02-12\/fundamenta-verstaerkt-geschaeftsleitung\/"},"author":{"name":"Redaktion","@id":"https:\/\/www.immobilienbusiness.ch\/#\/schema\/person\/aa2bace6c5c5aad60102004a50c4eb1c"},"headline":"Fundamenta verst\u00e4rkt Gesch\u00e4ftsleitung","datePublished":"2016-02-12T08:46:15+00:00","mainEntityOfPage":{"@id":"https:\/\/www.immobilienbusiness.ch\/unternehmen\/2016-02-12\/fundamenta-verstaerkt-geschaeftsleitung\/"},"wordCount":173,"commentCount":0,"publisher":{"@id":"https:\/\/www.immobilienbusiness.ch\/#organization"},"image":{"@id":"https:\/\/www.immobilienbusiness.ch\/unternehmen\/2016-02-12\/fundamenta-verstaerkt-geschaeftsleitung\/#primaryimage"},"thumbnailUrl":"https:\/\/www.immobilienbusiness.ch\/wp-content\/uploads\/2016\/02\/Fundamenta-verstaerkt-Geschaeftsleitung-immobilien-business.jpg","keywords":["Personalien","Unternehmen"],"articleSection":["UNTERNEHMEN"],"inLanguage":"fr-FR"},{"@type":"WebPage","@id":"https:\/\/www.immobilienbusiness.ch\/unternehmen\/2016-02-12\/fundamenta-verstaerkt-geschaeftsleitung\/","url":"https:\/\/www.immobilienbusiness.ch\/unternehmen\/2016-02-12\/fundamenta-verstaerkt-geschaeftsleitung\/","name":"Fundamenta verst\u00e4rkt Gesch\u00e4ftsleitung - IMMOBILIEN Business","isPartOf":{"@id":"https:\/\/www.immobilienbusiness.ch\/#website"},"primaryImageOfPage":{"@id":"https:\/\/www.immobilienbusiness.ch\/unternehmen\/2016-02-12\/fundamenta-verstaerkt-geschaeftsleitung\/#primaryimage"},"image":{"@id":"https:\/\/www.immobilienbusiness.ch\/unternehmen\/2016-02-12\/fundamenta-verstaerkt-geschaeftsleitung\/#primaryimage"},"thumbnailUrl":"https:\/\/www.immobilienbusiness.ch\/wp-content\/uploads\/2016\/02\/Fundamenta-verstaerkt-Geschaeftsleitung-immobilien-business.jpg","datePublished":"2016-02-12T08:46:15+00:00","description":"Le groupe Fundamenta renforce sa direction en f\u00e9vrier avec l'arriv\u00e9e de Michel Kempter et Bruno Schweinzer.","breadcrumb":{"@id":"https:\/\/www.immobilienbusiness.ch\/unternehmen\/2016-02-12\/fundamenta-verstaerkt-geschaeftsleitung\/#breadcrumb"},"inLanguage":"fr-FR","potentialAction":[{"@type":"ReadAction","target":["https:\/\/www.immobilienbusiness.ch\/unternehmen\/2016-02-12\/fundamenta-verstaerkt-geschaeftsleitung\/"]}]},{"@type":"ImageObject","inLanguage":"fr-FR","@id":"https:\/\/www.immobilienbusiness.ch\/unternehmen\/2016-02-12\/fundamenta-verstaerkt-geschaeftsleitung\/#primaryimage","url":"https:\/\/www.immobilienbusiness.ch\/wp-content\/uploads\/2016\/02\/Fundamenta-verstaerkt-Geschaeftsleitung-immobilien-business.jpg","contentUrl":"https:\/\/www.immobilienbusiness.ch\/wp-content\/uploads\/2016\/02\/Fundamenta-verstaerkt-Geschaeftsleitung-immobilien-business.jpg","width":1280,"height":856,"caption":"Die Fundamenta Group erweitert ihre Gesch\u00e4ftsleitung (Foto: Pixabay)"},{"@type":"BreadcrumbList","@id":"https:\/\/www.immobilienbusiness.ch\/unternehmen\/2016-02-12\/fundamenta-verstaerkt-geschaeftsleitung\/#breadcrumb","itemListElement":[{"@type":"ListItem","position":1,"name":"Home","item":"https:\/\/www.immobilienbusiness.ch\/"},{"@type":"ListItem","position":2,"name":"Fundamenta verst\u00e4rkt Gesch\u00e4ftsleitung"}]},{"@type":"WebSite","@id":"https:\/\/www.immobilienbusiness.ch\/#website","url":"https:\/\/www.immobilienbusiness.ch\/","name":"IMMOBILIER Business","description":"Magazine \u00e9conomique suisse ind\u00e9pendant ax\u00e9 sur l'immobilier, l'architecture et la construction ainsi que sur les investissements et le financement.","publisher":{"@id":"https:\/\/www.immobilienbusiness.ch\/#organization"},"potentialAction":[{"@type":"SearchAction","target":{"@type":"EntryPoint","urlTemplate":"https:\/\/www.immobilienbusiness.ch\/?s={search_term_string}"},"query-input":{"@type":"PropertyValueSpecification","valueRequired":true,"valueName":"search_term_string"}}],"inLanguage":"fr-FR"},{"@type":"Organization","@id":"https:\/\/www.immobilienbusiness.ch\/#organization","name":"IMMOBILIER Business","url":"https:\/\/www.immobilienbusiness.ch\/","logo":{"@type":"ImageObject","inLanguage":"fr-FR","@id":"https:\/\/www.immobilienbusiness.ch\/#\/schema\/logo\/image\/","url":"https:\/\/www.immobilienbusiness.ch\/wp-content\/uploads\/2021\/07\/logo_ib.png","contentUrl":"https:\/\/www.immobilienbusiness.ch\/wp-content\/uploads\/2021\/07\/logo_ib.png","width":800,"height":181,"caption":"IMMOBILIEN Business"},"image":{"@id":"https:\/\/www.immobilienbusiness.ch\/#\/schema\/logo\/image\/"},"sameAs":["https:\/\/www.facebook.com\/immobilienbusiness\/"]},{"@type":"Person","@id":"https:\/\/www.immobilienbusiness.ch\/#\/schema\/person\/aa2bace6c5c5aad60102004a50c4eb1c","name":"Editorial","image":{"@type":"ImageObject","inLanguage":"fr-FR","@id":"https:\/\/secure.gravatar.com\/avatar\/ae2f4d718e6c49043e314ce431e7e645d646302a24a5ef5a8bc8e3f5a032e319?s=96&d=mm&r=g","url":"https:\/\/secure.gravatar.com\/avatar\/ae2f4d718e6c49043e314ce431e7e645d646302a24a5ef5a8bc8e3f5a032e319?s=96&d=mm&r=g","contentUrl":"https:\/\/secure.gravatar.com\/avatar\/ae2f4d718e6c49043e314ce431e7e645d646302a24a5ef5a8bc8e3f5a032e319?s=96&d=mm&r=g","caption":"Redaktion"},"sameAs":["http:\/\/develop.organisator.galledia.ch"],"url":"https:\/\/www.immobilienbusiness.ch\/fr\/author\/admin\/"}]}},"_links":{"self":[{"href":"https:\/\/www.immobilienbusiness.ch\/fr\/wp-json\/wp\/v2\/posts\/2278","targetHints":{"allow":["GET"]}}],"collection":[{"href":"https:\/\/www.immobilienbusiness.ch\/fr\/wp-json\/wp\/v2\/posts"}],"about":[{"href":"https:\/\/www.immobilienbusiness.ch\/fr\/wp-json\/wp\/v2\/types\/post"}],"author":[{"embeddable":true,"href":"https:\/\/www.immobilienbusiness.ch\/fr\/wp-json\/wp\/v2\/users\/1"}],"replies":[{"embeddable":true,"href":"https:\/\/www.immobilienbusiness.ch\/fr\/wp-json\/wp\/v2\/comments?post=2278"}],"version-history":[{"count":0,"href":"https:\/\/www.immobilienbusiness.ch\/fr\/wp-json\/wp\/v2\/posts\/2278\/revisions"}],"wp:featuredmedia":[{"embeddable":true,"href":"https:\/\/www.immobilienbusiness.ch\/fr\/wp-json\/wp\/v2\/media\/2280"}],"wp:attachment":[{"href":"https:\/\/www.immobilienbusiness.ch\/fr\/wp-json\/wp\/v2\/media?parent=2278"}],"wp:term":[{"taxonomy":"category","embeddable":true,"href":"https:\/\/www.immobilienbusiness.ch\/fr\/wp-json\/wp\/v2\/categories?post=2278"},{"taxonomy":"post_tag","embeddable":true,"href":"https:\/\/www.immobilienbusiness.ch\/fr\/wp-json\/wp\/v2\/tags?post=2278"}],"curies":[{"name":"wp","href":"https:\/\/api.w.org\/{rel}","templated":true}]}}