{"id":22555,"date":"2020-10-12T08:20:10","date_gmt":"2020-10-12T06:20:10","guid":{"rendered":"https:\/\/www.immobilienbusiness.ch\/?p=22555"},"modified":"2020-10-12T08:20:10","modified_gmt":"2020-10-12T06:20:10","slug":"ina-invest-kauft-bestandsobjekte-in-genf-und-lancy","status":"publish","type":"post","link":"https:\/\/www.immobilienbusiness.ch\/fr\/regionen\/2020-10-12\/ina-invest-kauft-bestandsobjekte-in-genf-und-lancy\/","title":{"rendered":"Ina Invest ach\u00e8te des immeubles en portefeuille \u00e0 Gen\u00e8ve et \u00e0 Lancy"},"content":{"rendered":"<figure id=\"attachment_5726\" aria-describedby=\"caption-attachment-5726\" style=\"width: 680px\" class=\"wp-caption alignnone\"><img loading=\"lazy\" decoding=\"async\" class=\"size-medium wp-image-5726\" src=\"https:\/\/www.immobilienbusiness.ch\/wp-content\/uploads\/2017\/01\/Depositphotos_78270258_l-2015.jpg\" alt=\"\" width=\"680\" height=\"453\" srcset=\"https:\/\/www.immobilienbusiness.ch\/wp-content\/uploads\/2017\/01\/Depositphotos_78270258_l-2015.jpg 2000w, https:\/\/www.immobilienbusiness.ch\/wp-content\/uploads\/2017\/01\/Depositphotos_78270258_l-2015-300x200.jpg 300w, https:\/\/www.immobilienbusiness.ch\/wp-content\/uploads\/2017\/01\/Depositphotos_78270258_l-2015-1024x682.jpg 1024w, https:\/\/www.immobilienbusiness.ch\/wp-content\/uploads\/2017\/01\/Depositphotos_78270258_l-2015-768x512.jpg 768w, https:\/\/www.immobilienbusiness.ch\/wp-content\/uploads\/2017\/01\/Depositphotos_78270258_l-2015-1536x1024.jpg 1536w, https:\/\/www.immobilienbusiness.ch\/wp-content\/uploads\/2017\/01\/Depositphotos_78270258_l-2015-16x12.jpg 16w, https:\/\/www.immobilienbusiness.ch\/wp-content\/uploads\/2017\/01\/Depositphotos_78270258_l-2015-263x175.jpg 263w, https:\/\/www.immobilienbusiness.ch\/wp-content\/uploads\/2017\/01\/Depositphotos_78270258_l-2015-525x350.jpg 525w, https:\/\/www.immobilienbusiness.ch\/wp-content\/uploads\/2017\/01\/Depositphotos_78270258_l-2015-1200x800.jpg 1200w, https:\/\/www.immobilienbusiness.ch\/wp-content\/uploads\/2017\/01\/Depositphotos_78270258_l-2015-920x613.jpg 920w, https:\/\/www.immobilienbusiness.ch\/wp-content\/uploads\/2017\/01\/Depositphotos_78270258_l-2015-1400x933.jpg 1400w\" sizes=\"auto, (max-width: 680px) 100vw, 680px\" \/><figcaption id=\"caption-attachment-5726\" class=\"wp-caption-text\">Gen\u00e8ve (Image : sam741002 - depositphotos)<\/figcaption><\/figure>\n<p>Comme le communique Ina Invest, les contrats d'acquisition de deux immeubles tr\u00e8s bien situ\u00e9s ont \u00e9t\u00e9 sign\u00e9s le 1er octobre 2020. L'un des immeubles se trouve \u00e0 la rue du Valais 7-11 \u00e0 Gen\u00e8ve. Actuellement, l'objet est utilis\u00e9 exclusivement pour des bureaux, mais Ina Invest veut transformer l'immeuble en un usage mixte avec des logements et, ce faisant, le sur\u00e9lever. Des petits appartements urbains avec des espaces de stationnement pour v\u00e9los \u00e9lectriques sont pr\u00e9vus \u00e0 distance de marche de la gare de Gen\u00e8ve-Cornavin. En renon\u00e7ant \u00e0 des places de stationnement pour voitures, on souligne la strat\u00e9gie consistant \u00e0 investir notamment dans des immeubles hybrides situ\u00e9s en centre-ville et \u00e0 les positionner de mani\u00e8re durable, selon Ina Invest.<\/p>\n<p>Le deuxi\u00e8me immeuble, un bien situ\u00e9 au chemin des Olliquettes 10 \u00e0 Lancy, est actuellement occup\u00e9 par un seul locataire et devrait permettre une utilisation multi-locataires dans quelques ann\u00e9es gr\u00e2ce \u00e0 une l\u00e9g\u00e8re transformation. Selon Ina Invest, les deux immeubles g\u00e9n\u00e8rent des revenus locatifs de plus de 2 millions de CHF par an.<\/p>\n<p>\"Il s'agit de notre premi\u00e8re acquisition r\u00e9ussie, gr\u00e2ce \u00e0 laquelle nous d\u00e9passons d\u00e8s le premier semestre suivant l'entr\u00e9e en bourse notre objectif d'investissement pour l'ann\u00e9e 2020 et ajoutons \u00e0 notre portefeuille deux objets existants \u00e0 fort potentiel\", d\u00e9clare le CEO Marc Pointet. Selon le business plan, d'autres acquisitions d'un montant de 50 millions de CHF sont pr\u00e9vues pour l'ann\u00e9e prochaine. <em>(ah)<\/em><\/p>","protected":false},"excerpt":{"rendered":"<p>La spin-off Ina Invest d'Implenia a acquis deux immeubles existants enti\u00e8rement lou\u00e9s et situ\u00e9s \u00e0 Gen\u00e8ve et \u00e0 Lancy. Selon la soci\u00e9t\u00e9, les deux immeubles pr\u00e9sentent un grand potentiel de d\u00e9veloppement.<\/p>","protected":false},"author":3,"featured_media":5726,"comment_status":"closed","ping_status":"open","sticky":false,"template":"","format":"standard","meta":{"_acf_changed":false,"_yoast_wpseo_focuskw":"Ina Invest","_yoast_wpseo_title":"","_yoast_wpseo_metadesc":"Der Implenia-Spinoff Ina Invest hat zwei vollvermietete Bestandsobjekte an Toplagen in Genf und Lancy erworben. Die Liegenschaften sollen umgenutzt werden.","_yoast_wpseo_linkdex":53,"pgc_sgb_lightbox_settings":"","footnotes":""},"categories":[985],"tags":[1119,1260,1348,1360],"class_list":["post-22555","post","type-post","status-publish","format-standard","has-post-thumbnail","hentry","category-regionen","tag-bueroimmobilien","tag-genf","tag-immobilienkauf","tag-ina-invest"],"acf":[],"yoast_head":"<!-- This site is optimized with the Yoast SEO plugin v27.4 - https:\/\/yoast.com\/product\/yoast-seo-wordpress\/ -->\n<title>Ina Invest kauft Bestandsobjekte in Genf und Lancy - IMMOBILIEN Business<\/title>\n<meta name=\"description\" content=\"Der Implenia-Spinoff Ina Invest hat zwei vollvermietete Bestandsobjekte an Toplagen in Genf und Lancy erworben. Die Liegenschaften sollen umgenutzt werden.\" \/>\n<meta name=\"robots\" content=\"index, follow, max-snippet:-1, max-image-preview:large, max-video-preview:-1\" \/>\n<link rel=\"canonical\" href=\"https:\/\/www.immobilienbusiness.ch\/fr\/regionen\/2020-10-12\/ina-invest-kauft-bestandsobjekte-in-genf-und-lancy\/\" \/>\n<meta property=\"og:locale\" content=\"fr_FR\" \/>\n<meta property=\"og:type\" content=\"article\" \/>\n<meta property=\"og:title\" content=\"Ina Invest kauft Bestandsobjekte in Genf und Lancy - IMMOBILIEN Business\" \/>\n<meta property=\"og:description\" content=\"Der Implenia-Spinoff Ina Invest hat zwei vollvermietete Bestandsobjekte an Toplagen in Genf und Lancy erworben. Die Liegenschaften sollen umgenutzt werden.\" \/>\n<meta property=\"og:url\" content=\"https:\/\/www.immobilienbusiness.ch\/fr\/regionen\/2020-10-12\/ina-invest-kauft-bestandsobjekte-in-genf-und-lancy\/\" \/>\n<meta property=\"og:site_name\" content=\"IMMOBILIEN Business\" \/>\n<meta property=\"article:publisher\" content=\"https:\/\/www.facebook.com\/immobilienbusiness\/\" \/>\n<meta property=\"article:published_time\" content=\"2020-10-12T06:20:10+00:00\" \/>\n<meta property=\"og:image\" content=\"https:\/\/www.immobilienbusiness.ch\/wp-content\/uploads\/2017\/01\/Depositphotos_78270258_l-2015-1024x682.jpg\" \/>\n\t<meta property=\"og:image:width\" content=\"1024\" \/>\n\t<meta property=\"og:image:height\" content=\"682\" \/>\n\t<meta property=\"og:image:type\" content=\"image\/jpeg\" \/>\n<meta name=\"author\" content=\"anja.hall\" \/>\n<meta name=\"twitter:card\" content=\"summary_large_image\" \/>\n<meta name=\"twitter:image\" content=\"https:\/\/www.immobilienbusiness.ch\/wp-content\/uploads\/2017\/01\/Depositphotos_78270258_l-2015.jpg\" \/>\n<script type=\"application\/ld+json\" class=\"yoast-schema-graph\">{\"@context\":\"https:\\\/\\\/schema.org\",\"@graph\":[{\"@type\":\"Article\",\"@id\":\"https:\\\/\\\/www.immobilienbusiness.ch\\\/it\\\/regionen\\\/2020-10-12\\\/ina-invest-kauft-bestandsobjekte-in-genf-und-lancy\\\/#article\",\"isPartOf\":{\"@id\":\"https:\\\/\\\/www.immobilienbusiness.ch\\\/it\\\/regionen\\\/2020-10-12\\\/ina-invest-kauft-bestandsobjekte-in-genf-und-lancy\\\/\"},\"author\":{\"name\":\"anja.hall\",\"@id\":\"https:\\\/\\\/www.immobilienbusiness.ch\\\/#\\\/schema\\\/person\\\/3fc036297b10b9f42d6db5ee932af8c8\"},\"headline\":\"Ina Invest kauft Bestandsobjekte in Genf und Lancy\",\"datePublished\":\"2020-10-12T06:20:10+00:00\",\"mainEntityOfPage\":{\"@id\":\"https:\\\/\\\/www.immobilienbusiness.ch\\\/it\\\/regionen\\\/2020-10-12\\\/ina-invest-kauft-bestandsobjekte-in-genf-und-lancy\\\/\"},\"wordCount\":228,\"publisher\":{\"@id\":\"https:\\\/\\\/www.immobilienbusiness.ch\\\/#organization\"},\"image\":{\"@id\":\"https:\\\/\\\/www.immobilienbusiness.ch\\\/it\\\/regionen\\\/2020-10-12\\\/ina-invest-kauft-bestandsobjekte-in-genf-und-lancy\\\/#primaryimage\"},\"thumbnailUrl\":\"https:\\\/\\\/www.immobilienbusiness.ch\\\/wp-content\\\/uploads\\\/2017\\\/01\\\/Depositphotos_78270258_l-2015.jpg\",\"keywords\":[\"B\u00fcroimmobilien\",\"Genf\",\"Immobilienkauf\",\"Ina Invest\"],\"articleSection\":[\"REGIONEN\"],\"inLanguage\":\"fr-FR\"},{\"@type\":\"WebPage\",\"@id\":\"https:\\\/\\\/www.immobilienbusiness.ch\\\/it\\\/regionen\\\/2020-10-12\\\/ina-invest-kauft-bestandsobjekte-in-genf-und-lancy\\\/\",\"url\":\"https:\\\/\\\/www.immobilienbusiness.ch\\\/it\\\/regionen\\\/2020-10-12\\\/ina-invest-kauft-bestandsobjekte-in-genf-und-lancy\\\/\",\"name\":\"Ina Invest kauft Bestandsobjekte in Genf und Lancy - IMMOBILIEN Business\",\"isPartOf\":{\"@id\":\"https:\\\/\\\/www.immobilienbusiness.ch\\\/#website\"},\"primaryImageOfPage\":{\"@id\":\"https:\\\/\\\/www.immobilienbusiness.ch\\\/it\\\/regionen\\\/2020-10-12\\\/ina-invest-kauft-bestandsobjekte-in-genf-und-lancy\\\/#primaryimage\"},\"image\":{\"@id\":\"https:\\\/\\\/www.immobilienbusiness.ch\\\/it\\\/regionen\\\/2020-10-12\\\/ina-invest-kauft-bestandsobjekte-in-genf-und-lancy\\\/#primaryimage\"},\"thumbnailUrl\":\"https:\\\/\\\/www.immobilienbusiness.ch\\\/wp-content\\\/uploads\\\/2017\\\/01\\\/Depositphotos_78270258_l-2015.jpg\",\"datePublished\":\"2020-10-12T06:20:10+00:00\",\"description\":\"Der Implenia-Spinoff Ina Invest hat zwei vollvermietete Bestandsobjekte an Toplagen in Genf und Lancy erworben. Die Liegenschaften sollen umgenutzt werden.\",\"breadcrumb\":{\"@id\":\"https:\\\/\\\/www.immobilienbusiness.ch\\\/it\\\/regionen\\\/2020-10-12\\\/ina-invest-kauft-bestandsobjekte-in-genf-und-lancy\\\/#breadcrumb\"},\"inLanguage\":\"fr-FR\",\"potentialAction\":[{\"@type\":\"ReadAction\",\"target\":[\"https:\\\/\\\/www.immobilienbusiness.ch\\\/it\\\/regionen\\\/2020-10-12\\\/ina-invest-kauft-bestandsobjekte-in-genf-und-lancy\\\/\"]}]},{\"@type\":\"ImageObject\",\"inLanguage\":\"fr-FR\",\"@id\":\"https:\\\/\\\/www.immobilienbusiness.ch\\\/it\\\/regionen\\\/2020-10-12\\\/ina-invest-kauft-bestandsobjekte-in-genf-und-lancy\\\/#primaryimage\",\"url\":\"https:\\\/\\\/www.immobilienbusiness.ch\\\/wp-content\\\/uploads\\\/2017\\\/01\\\/Depositphotos_78270258_l-2015.jpg\",\"contentUrl\":\"https:\\\/\\\/www.immobilienbusiness.ch\\\/wp-content\\\/uploads\\\/2017\\\/01\\\/Depositphotos_78270258_l-2015.jpg\",\"width\":2000,\"height\":1333,\"caption\":\"Axa verfolgt in Genf gleich mehrere Projekte, die die Umwandlung von B\u00fcros in Wohnfl\u00e4chen vorsehen (Foto: sam741002 - depositphotos)\"},{\"@type\":\"BreadcrumbList\",\"@id\":\"https:\\\/\\\/www.immobilienbusiness.ch\\\/it\\\/regionen\\\/2020-10-12\\\/ina-invest-kauft-bestandsobjekte-in-genf-und-lancy\\\/#breadcrumb\",\"itemListElement\":[{\"@type\":\"ListItem\",\"position\":1,\"name\":\"Home\",\"item\":\"https:\\\/\\\/www.immobilienbusiness.ch\\\/\"},{\"@type\":\"ListItem\",\"position\":2,\"name\":\"Ina Invest kauft Bestandsobjekte in Genf und Lancy\"}]},{\"@type\":\"WebSite\",\"@id\":\"https:\\\/\\\/www.immobilienbusiness.ch\\\/#website\",\"url\":\"https:\\\/\\\/www.immobilienbusiness.ch\\\/\",\"name\":\"IMMOBILIEN Business\",\"description\":\"Unabh\u00e4ngiges Schweizer Wirtschaftsmagazin mit Fokus auf Immobilien, Architektur- und Bau sowie Investment- und Finanzierung.\",\"publisher\":{\"@id\":\"https:\\\/\\\/www.immobilienbusiness.ch\\\/#organization\"},\"potentialAction\":[{\"@type\":\"SearchAction\",\"target\":{\"@type\":\"EntryPoint\",\"urlTemplate\":\"https:\\\/\\\/www.immobilienbusiness.ch\\\/?s={search_term_string}\"},\"query-input\":{\"@type\":\"PropertyValueSpecification\",\"valueRequired\":true,\"valueName\":\"search_term_string\"}}],\"inLanguage\":\"fr-FR\"},{\"@type\":\"Organization\",\"@id\":\"https:\\\/\\\/www.immobilienbusiness.ch\\\/#organization\",\"name\":\"IMMOBILIEN Business\",\"url\":\"https:\\\/\\\/www.immobilienbusiness.ch\\\/\",\"logo\":{\"@type\":\"ImageObject\",\"inLanguage\":\"fr-FR\",\"@id\":\"https:\\\/\\\/www.immobilienbusiness.ch\\\/#\\\/schema\\\/logo\\\/image\\\/\",\"url\":\"https:\\\/\\\/www.immobilienbusiness.ch\\\/wp-content\\\/uploads\\\/2021\\\/07\\\/logo_ib.png\",\"contentUrl\":\"https:\\\/\\\/www.immobilienbusiness.ch\\\/wp-content\\\/uploads\\\/2021\\\/07\\\/logo_ib.png\",\"width\":800,\"height\":181,\"caption\":\"IMMOBILIEN Business\"},\"image\":{\"@id\":\"https:\\\/\\\/www.immobilienbusiness.ch\\\/#\\\/schema\\\/logo\\\/image\\\/\"},\"sameAs\":[\"https:\\\/\\\/www.facebook.com\\\/immobilienbusiness\\\/\"]},{\"@type\":\"Person\",\"@id\":\"https:\\\/\\\/www.immobilienbusiness.ch\\\/#\\\/schema\\\/person\\\/3fc036297b10b9f42d6db5ee932af8c8\",\"name\":\"anja.hall\",\"image\":{\"@type\":\"ImageObject\",\"inLanguage\":\"fr-FR\",\"@id\":\"https:\\\/\\\/secure.gravatar.com\\\/avatar\\\/066b5a0d447013502c71a5782f4f3469f03cfe595cc2329fb94652fe47511bfb?s=96&d=mm&r=g\",\"url\":\"https:\\\/\\\/secure.gravatar.com\\\/avatar\\\/066b5a0d447013502c71a5782f4f3469f03cfe595cc2329fb94652fe47511bfb?s=96&d=mm&r=g\",\"contentUrl\":\"https:\\\/\\\/secure.gravatar.com\\\/avatar\\\/066b5a0d447013502c71a5782f4f3469f03cfe595cc2329fb94652fe47511bfb?s=96&d=mm&r=g\",\"caption\":\"anja.hall\"},\"url\":\"https:\\\/\\\/www.immobilienbusiness.ch\\\/fr\\\/author\\\/anja-hall\\\/\"}]}<\/script>\n<!-- \/ Yoast SEO plugin. -->","yoast_head_json":{"title":"Ina Invest kauft Bestandsobjekte in Genf und Lancy - IMMOBILIEN Business","description":"Der Implenia-Spinoff Ina Invest hat zwei vollvermietete Bestandsobjekte an Toplagen in Genf und Lancy erworben. Die Liegenschaften sollen umgenutzt werden.","robots":{"index":"index","follow":"follow","max-snippet":"max-snippet:-1","max-image-preview":"max-image-preview:large","max-video-preview":"max-video-preview:-1"},"canonical":"https:\/\/www.immobilienbusiness.ch\/fr\/regionen\/2020-10-12\/ina-invest-kauft-bestandsobjekte-in-genf-und-lancy\/","og_locale":"fr_FR","og_type":"article","og_title":"Ina Invest kauft Bestandsobjekte in Genf und Lancy - IMMOBILIEN Business","og_description":"Der Implenia-Spinoff Ina Invest hat zwei vollvermietete Bestandsobjekte an Toplagen in Genf und Lancy erworben. Die Liegenschaften sollen umgenutzt werden.","og_url":"https:\/\/www.immobilienbusiness.ch\/fr\/regionen\/2020-10-12\/ina-invest-kauft-bestandsobjekte-in-genf-und-lancy\/","og_site_name":"IMMOBILIEN Business","article_publisher":"https:\/\/www.facebook.com\/immobilienbusiness\/","article_published_time":"2020-10-12T06:20:10+00:00","og_image":[{"width":1024,"height":682,"url":"https:\/\/www.immobilienbusiness.ch\/wp-content\/uploads\/2017\/01\/Depositphotos_78270258_l-2015-1024x682.jpg","type":"image\/jpeg"}],"author":"anja.hall","twitter_card":"summary_large_image","twitter_image":"https:\/\/www.immobilienbusiness.ch\/wp-content\/uploads\/2017\/01\/Depositphotos_78270258_l-2015.jpg","schema":{"@context":"https:\/\/schema.org","@graph":[{"@type":"Article","@id":"https:\/\/www.immobilienbusiness.ch\/it\/regionen\/2020-10-12\/ina-invest-kauft-bestandsobjekte-in-genf-und-lancy\/#article","isPartOf":{"@id":"https:\/\/www.immobilienbusiness.ch\/it\/regionen\/2020-10-12\/ina-invest-kauft-bestandsobjekte-in-genf-und-lancy\/"},"author":{"name":"anja.hall","@id":"https:\/\/www.immobilienbusiness.ch\/#\/schema\/person\/3fc036297b10b9f42d6db5ee932af8c8"},"headline":"Ina Invest kauft Bestandsobjekte in Genf und Lancy","datePublished":"2020-10-12T06:20:10+00:00","mainEntityOfPage":{"@id":"https:\/\/www.immobilienbusiness.ch\/it\/regionen\/2020-10-12\/ina-invest-kauft-bestandsobjekte-in-genf-und-lancy\/"},"wordCount":228,"publisher":{"@id":"https:\/\/www.immobilienbusiness.ch\/#organization"},"image":{"@id":"https:\/\/www.immobilienbusiness.ch\/it\/regionen\/2020-10-12\/ina-invest-kauft-bestandsobjekte-in-genf-und-lancy\/#primaryimage"},"thumbnailUrl":"https:\/\/www.immobilienbusiness.ch\/wp-content\/uploads\/2017\/01\/Depositphotos_78270258_l-2015.jpg","keywords":["B\u00fcroimmobilien","Genf","Immobilienkauf","Ina Invest"],"articleSection":["REGIONEN"],"inLanguage":"fr-FR"},{"@type":"WebPage","@id":"https:\/\/www.immobilienbusiness.ch\/it\/regionen\/2020-10-12\/ina-invest-kauft-bestandsobjekte-in-genf-und-lancy\/","url":"https:\/\/www.immobilienbusiness.ch\/it\/regionen\/2020-10-12\/ina-invest-kauft-bestandsobjekte-in-genf-und-lancy\/","name":"Ina Invest kauft Bestandsobjekte in Genf und Lancy - IMMOBILIEN Business","isPartOf":{"@id":"https:\/\/www.immobilienbusiness.ch\/#website"},"primaryImageOfPage":{"@id":"https:\/\/www.immobilienbusiness.ch\/it\/regionen\/2020-10-12\/ina-invest-kauft-bestandsobjekte-in-genf-und-lancy\/#primaryimage"},"image":{"@id":"https:\/\/www.immobilienbusiness.ch\/it\/regionen\/2020-10-12\/ina-invest-kauft-bestandsobjekte-in-genf-und-lancy\/#primaryimage"},"thumbnailUrl":"https:\/\/www.immobilienbusiness.ch\/wp-content\/uploads\/2017\/01\/Depositphotos_78270258_l-2015.jpg","datePublished":"2020-10-12T06:20:10+00:00","description":"Der Implenia-Spinoff Ina Invest hat zwei vollvermietete Bestandsobjekte an Toplagen in Genf und Lancy erworben. Die Liegenschaften sollen umgenutzt werden.","breadcrumb":{"@id":"https:\/\/www.immobilienbusiness.ch\/it\/regionen\/2020-10-12\/ina-invest-kauft-bestandsobjekte-in-genf-und-lancy\/#breadcrumb"},"inLanguage":"fr-FR","potentialAction":[{"@type":"ReadAction","target":["https:\/\/www.immobilienbusiness.ch\/it\/regionen\/2020-10-12\/ina-invest-kauft-bestandsobjekte-in-genf-und-lancy\/"]}]},{"@type":"ImageObject","inLanguage":"fr-FR","@id":"https:\/\/www.immobilienbusiness.ch\/it\/regionen\/2020-10-12\/ina-invest-kauft-bestandsobjekte-in-genf-und-lancy\/#primaryimage","url":"https:\/\/www.immobilienbusiness.ch\/wp-content\/uploads\/2017\/01\/Depositphotos_78270258_l-2015.jpg","contentUrl":"https:\/\/www.immobilienbusiness.ch\/wp-content\/uploads\/2017\/01\/Depositphotos_78270258_l-2015.jpg","width":2000,"height":1333,"caption":"Axa verfolgt in Genf gleich mehrere Projekte, die die Umwandlung von B\u00fcros in Wohnfl\u00e4chen vorsehen (Foto: sam741002 - depositphotos)"},{"@type":"BreadcrumbList","@id":"https:\/\/www.immobilienbusiness.ch\/it\/regionen\/2020-10-12\/ina-invest-kauft-bestandsobjekte-in-genf-und-lancy\/#breadcrumb","itemListElement":[{"@type":"ListItem","position":1,"name":"Home","item":"https:\/\/www.immobilienbusiness.ch\/"},{"@type":"ListItem","position":2,"name":"Ina Invest kauft Bestandsobjekte in Genf und Lancy"}]},{"@type":"WebSite","@id":"https:\/\/www.immobilienbusiness.ch\/#website","url":"https:\/\/www.immobilienbusiness.ch\/","name":"IMMOBILIER Business","description":"Magazine \u00e9conomique suisse ind\u00e9pendant ax\u00e9 sur l'immobilier, l'architecture et la construction ainsi que sur les investissements et le financement.","publisher":{"@id":"https:\/\/www.immobilienbusiness.ch\/#organization"},"potentialAction":[{"@type":"SearchAction","target":{"@type":"EntryPoint","urlTemplate":"https:\/\/www.immobilienbusiness.ch\/?s={search_term_string}"},"query-input":{"@type":"PropertyValueSpecification","valueRequired":true,"valueName":"search_term_string"}}],"inLanguage":"fr-FR"},{"@type":"Organization","@id":"https:\/\/www.immobilienbusiness.ch\/#organization","name":"IMMOBILIER Business","url":"https:\/\/www.immobilienbusiness.ch\/","logo":{"@type":"ImageObject","inLanguage":"fr-FR","@id":"https:\/\/www.immobilienbusiness.ch\/#\/schema\/logo\/image\/","url":"https:\/\/www.immobilienbusiness.ch\/wp-content\/uploads\/2021\/07\/logo_ib.png","contentUrl":"https:\/\/www.immobilienbusiness.ch\/wp-content\/uploads\/2021\/07\/logo_ib.png","width":800,"height":181,"caption":"IMMOBILIEN Business"},"image":{"@id":"https:\/\/www.immobilienbusiness.ch\/#\/schema\/logo\/image\/"},"sameAs":["https:\/\/www.facebook.com\/immobilienbusiness\/"]},{"@type":"Person","@id":"https:\/\/www.immobilienbusiness.ch\/#\/schema\/person\/3fc036297b10b9f42d6db5ee932af8c8","name":"anja.hall","image":{"@type":"ImageObject","inLanguage":"fr-FR","@id":"https:\/\/secure.gravatar.com\/avatar\/066b5a0d447013502c71a5782f4f3469f03cfe595cc2329fb94652fe47511bfb?s=96&d=mm&r=g","url":"https:\/\/secure.gravatar.com\/avatar\/066b5a0d447013502c71a5782f4f3469f03cfe595cc2329fb94652fe47511bfb?s=96&d=mm&r=g","contentUrl":"https:\/\/secure.gravatar.com\/avatar\/066b5a0d447013502c71a5782f4f3469f03cfe595cc2329fb94652fe47511bfb?s=96&d=mm&r=g","caption":"anja.hall"},"url":"https:\/\/www.immobilienbusiness.ch\/fr\/author\/anja-hall\/"}]}},"_links":{"self":[{"href":"https:\/\/www.immobilienbusiness.ch\/fr\/wp-json\/wp\/v2\/posts\/22555","targetHints":{"allow":["GET"]}}],"collection":[{"href":"https:\/\/www.immobilienbusiness.ch\/fr\/wp-json\/wp\/v2\/posts"}],"about":[{"href":"https:\/\/www.immobilienbusiness.ch\/fr\/wp-json\/wp\/v2\/types\/post"}],"author":[{"embeddable":true,"href":"https:\/\/www.immobilienbusiness.ch\/fr\/wp-json\/wp\/v2\/users\/3"}],"replies":[{"embeddable":true,"href":"https:\/\/www.immobilienbusiness.ch\/fr\/wp-json\/wp\/v2\/comments?post=22555"}],"version-history":[{"count":0,"href":"https:\/\/www.immobilienbusiness.ch\/fr\/wp-json\/wp\/v2\/posts\/22555\/revisions"}],"wp:featuredmedia":[{"embeddable":true,"href":"https:\/\/www.immobilienbusiness.ch\/fr\/wp-json\/wp\/v2\/media\/5726"}],"wp:attachment":[{"href":"https:\/\/www.immobilienbusiness.ch\/fr\/wp-json\/wp\/v2\/media?parent=22555"}],"wp:term":[{"taxonomy":"category","embeddable":true,"href":"https:\/\/www.immobilienbusiness.ch\/fr\/wp-json\/wp\/v2\/categories?post=22555"},{"taxonomy":"post_tag","embeddable":true,"href":"https:\/\/www.immobilienbusiness.ch\/fr\/wp-json\/wp\/v2\/tags?post=22555"}],"curies":[{"name":"wp","href":"https:\/\/api.w.org\/{rel}","templated":true}]}}