{"id":22516,"date":"2020-10-13T08:50:16","date_gmt":"2020-10-13T06:50:16","guid":{"rendered":"https:\/\/www.immobilienbusiness.ch\/?p=22516"},"modified":"2020-10-13T08:50:16","modified_gmt":"2020-10-13T06:50:16","slug":"procimmo-projekt-in-collombey-murraz-vor-der-fertigstellung","status":"publish","type":"post","link":"https:\/\/www.immobilienbusiness.ch\/fr\/regionen\/2020-10-13\/procimmo-projekt-in-collombey-murraz-vor-der-fertigstellung\/","title":{"rendered":"Le projet Procimmo \u00e0 Collombey-Murraz touche \u00e0 sa fin"},"content":{"rendered":"<figure id=\"attachment_9369\" aria-describedby=\"caption-attachment-9369\" style=\"width: 679px\" class=\"wp-caption alignnone\"><img loading=\"lazy\" decoding=\"async\" class=\"size-full wp-image-9369\" src=\"https:\/\/www.immobilienbusiness.ch\/wp-content\/uploads\/2017\/09\/IB-News-20170929-Projekt-Yond-SPS-Immobilien-Z\u00fcrich-Albisrieden.jpg\" alt=\"\" width=\"679\" height=\"483\" \/><figcaption id=\"caption-attachment-9369\" class=\"wp-caption-text\">Un projet Procimmo dans le canton du Valais est sur le point d'\u00eatre achev\u00e9 (Image : gunnar3000 - depositphotos)<\/figcaption><\/figure>\n<p>Le Fonds Immobilier-CH pour Institutionnels 56j (Immo56) a acquis le terrain de Collombey-Murraz en 2019 avec un permis de construire pour une r\u00e9sidence pour seniors. Le bien immobilier jouxte la \"Maison Sant\u00e9 Valais\", un centre de sant\u00e9 regroupant notamment des m\u00e9decins sp\u00e9cialistes, des radiologues, des ost\u00e9opathes, une pharmacie et un cordonnier orthop\u00e9diste.<\/p>\n<p>Le projet comprend 85 appartements pour seniors, un centre de baln\u00e9oth\u00e9rapie et trois commerces. Comme le communique Procimmo, les appartements sont sur le point d'\u00eatre livr\u00e9s \u00e0 la direction des travaux, comme pr\u00e9vu. L'exploitation devrait d\u00e9buter au premier trimestre 2021 ; un contrat de location d'une dur\u00e9e de 15 ans a \u00e9t\u00e9 conclu avec l'exploitant Relais d'Or. <em>(ah)<\/em><\/p>","protected":false},"excerpt":{"rendered":"<p>Un lotissement avec r\u00e9sidence pour personnes \u00e2g\u00e9es sera prochainement livr\u00e9 \u00e0 Collombey-Murraz (VS). Le projet appartient au fonds Procimmo Immo56.<\/p>","protected":false},"author":3,"featured_media":10042,"comment_status":"closed","ping_status":"open","sticky":false,"template":"","format":"standard","meta":{"_acf_changed":false,"_yoast_wpseo_focuskw":"Procimmo","_yoast_wpseo_title":"","_yoast_wpseo_metadesc":"In Collombey-Murraz (VS) wird in K\u00fcrze eine \u00dcberbauung mit Seniorenresidenz \u00fcbergeben. Das Projekt geh\u00f6rt dem Procimmo-Fonds Immo56.","_yoast_wpseo_linkdex":48,"pgc_sgb_lightbox_settings":"","footnotes":""},"categories":[985],"tags":[1219,1344,1597,1687,1841],"class_list":["post-22516","post","type-post","status-publish","format-standard","has-post-thumbnail","hentry","category-regionen","tag-fertigstellung","tag-immobilienfonds","tag-procimmo","tag-seniorenresidenz","tag-wallis"],"acf":[],"yoast_head":"<!-- This site is optimized with the Yoast SEO plugin v27.5 - https:\/\/yoast.com\/product\/yoast-seo-wordpress\/ -->\n<title>Procimmo-Projekt in Collombey-Murraz vor der Fertigstellung - IMMOBILIEN Business<\/title>\n<meta name=\"description\" content=\"In Collombey-Murraz (VS) wird in K\u00fcrze eine \u00dcberbauung mit Seniorenresidenz \u00fcbergeben. Das Projekt geh\u00f6rt dem Procimmo-Fonds Immo56.\" \/>\n<meta name=\"robots\" content=\"index, follow, max-snippet:-1, max-image-preview:large, max-video-preview:-1\" \/>\n<link rel=\"canonical\" href=\"https:\/\/www.immobilienbusiness.ch\/fr\/regionen\/2020-10-13\/procimmo-projekt-in-collombey-murraz-vor-der-fertigstellung\/\" \/>\n<meta property=\"og:locale\" content=\"fr_FR\" \/>\n<meta property=\"og:type\" content=\"article\" \/>\n<meta property=\"og:title\" content=\"Procimmo-Projekt in Collombey-Murraz vor der Fertigstellung - IMMOBILIEN Business\" \/>\n<meta property=\"og:description\" content=\"In Collombey-Murraz (VS) wird in K\u00fcrze eine \u00dcberbauung mit Seniorenresidenz \u00fcbergeben. Das Projekt geh\u00f6rt dem Procimmo-Fonds Immo56.\" \/>\n<meta property=\"og:url\" content=\"https:\/\/www.immobilienbusiness.ch\/fr\/regionen\/2020-10-13\/procimmo-projekt-in-collombey-murraz-vor-der-fertigstellung\/\" \/>\n<meta property=\"og:site_name\" content=\"IMMOBILIEN Business\" \/>\n<meta property=\"article:publisher\" content=\"https:\/\/www.facebook.com\/immobilienbusiness\/\" \/>\n<meta property=\"article:published_time\" content=\"2020-10-13T06:50:16+00:00\" \/>\n<meta property=\"og:image\" content=\"https:\/\/www.immobilienbusiness.ch\/wp-content\/uploads\/2017\/11\/IB-News-20171109-Zuerich-PWG-Neubau-Freihofstrasse.jpg\" \/>\n\t<meta property=\"og:image:width\" content=\"679\" \/>\n\t<meta property=\"og:image:height\" content=\"483\" \/>\n\t<meta property=\"og:image:type\" content=\"image\/jpeg\" \/>\n<meta name=\"author\" content=\"anja.hall\" \/>\n<meta name=\"twitter:card\" content=\"summary_large_image\" \/>\n<meta name=\"twitter:image\" content=\"https:\/\/www.immobilienbusiness.ch\/wp-content\/uploads\/2017\/11\/IB-News-20171109-Zuerich-PWG-Neubau-Freihofstrasse.jpg\" \/>\n<script type=\"application\/ld+json\" class=\"yoast-schema-graph\">{\"@context\":\"https:\\\/\\\/schema.org\",\"@graph\":[{\"@type\":\"Article\",\"@id\":\"https:\\\/\\\/www.immobilienbusiness.ch\\\/regionen\\\/2020-10-13\\\/procimmo-projekt-in-collombey-murraz-vor-der-fertigstellung\\\/#article\",\"isPartOf\":{\"@id\":\"https:\\\/\\\/www.immobilienbusiness.ch\\\/regionen\\\/2020-10-13\\\/procimmo-projekt-in-collombey-murraz-vor-der-fertigstellung\\\/\"},\"author\":{\"name\":\"anja.hall\",\"@id\":\"https:\\\/\\\/www.immobilienbusiness.ch\\\/#\\\/schema\\\/person\\\/3fc036297b10b9f42d6db5ee932af8c8\"},\"headline\":\"Procimmo-Projekt in Collombey-Murraz vor der Fertigstellung\",\"datePublished\":\"2020-10-13T06:50:16+00:00\",\"mainEntityOfPage\":{\"@id\":\"https:\\\/\\\/www.immobilienbusiness.ch\\\/regionen\\\/2020-10-13\\\/procimmo-projekt-in-collombey-murraz-vor-der-fertigstellung\\\/\"},\"wordCount\":124,\"publisher\":{\"@id\":\"https:\\\/\\\/www.immobilienbusiness.ch\\\/#organization\"},\"image\":{\"@id\":\"https:\\\/\\\/www.immobilienbusiness.ch\\\/regionen\\\/2020-10-13\\\/procimmo-projekt-in-collombey-murraz-vor-der-fertigstellung\\\/#primaryimage\"},\"thumbnailUrl\":\"https:\\\/\\\/www.immobilienbusiness.ch\\\/wp-content\\\/uploads\\\/2017\\\/11\\\/IB-News-20171109-Zuerich-PWG-Neubau-Freihofstrasse.jpg\",\"keywords\":[\"Fertigstellung\",\"Immobilienfonds\",\"Procimmo\",\"Seniorenresidenz\",\"Wallis\"],\"articleSection\":[\"REGIONEN\"],\"inLanguage\":\"fr-FR\"},{\"@type\":\"WebPage\",\"@id\":\"https:\\\/\\\/www.immobilienbusiness.ch\\\/regionen\\\/2020-10-13\\\/procimmo-projekt-in-collombey-murraz-vor-der-fertigstellung\\\/\",\"url\":\"https:\\\/\\\/www.immobilienbusiness.ch\\\/regionen\\\/2020-10-13\\\/procimmo-projekt-in-collombey-murraz-vor-der-fertigstellung\\\/\",\"name\":\"Procimmo-Projekt in Collombey-Murraz vor der Fertigstellung - IMMOBILIEN Business\",\"isPartOf\":{\"@id\":\"https:\\\/\\\/www.immobilienbusiness.ch\\\/#website\"},\"primaryImageOfPage\":{\"@id\":\"https:\\\/\\\/www.immobilienbusiness.ch\\\/regionen\\\/2020-10-13\\\/procimmo-projekt-in-collombey-murraz-vor-der-fertigstellung\\\/#primaryimage\"},\"image\":{\"@id\":\"https:\\\/\\\/www.immobilienbusiness.ch\\\/regionen\\\/2020-10-13\\\/procimmo-projekt-in-collombey-murraz-vor-der-fertigstellung\\\/#primaryimage\"},\"thumbnailUrl\":\"https:\\\/\\\/www.immobilienbusiness.ch\\\/wp-content\\\/uploads\\\/2017\\\/11\\\/IB-News-20171109-Zuerich-PWG-Neubau-Freihofstrasse.jpg\",\"datePublished\":\"2020-10-13T06:50:16+00:00\",\"description\":\"In Collombey-Murraz (VS) wird in K\u00fcrze eine \u00dcberbauung mit Seniorenresidenz \u00fcbergeben. Das Projekt geh\u00f6rt dem Procimmo-Fonds Immo56.\",\"breadcrumb\":{\"@id\":\"https:\\\/\\\/www.immobilienbusiness.ch\\\/regionen\\\/2020-10-13\\\/procimmo-projekt-in-collombey-murraz-vor-der-fertigstellung\\\/#breadcrumb\"},\"inLanguage\":\"fr-FR\",\"potentialAction\":[{\"@type\":\"ReadAction\",\"target\":[\"https:\\\/\\\/www.immobilienbusiness.ch\\\/regionen\\\/2020-10-13\\\/procimmo-projekt-in-collombey-murraz-vor-der-fertigstellung\\\/\"]}]},{\"@type\":\"ImageObject\",\"inLanguage\":\"fr-FR\",\"@id\":\"https:\\\/\\\/www.immobilienbusiness.ch\\\/regionen\\\/2020-10-13\\\/procimmo-projekt-in-collombey-murraz-vor-der-fertigstellung\\\/#primaryimage\",\"url\":\"https:\\\/\\\/www.immobilienbusiness.ch\\\/wp-content\\\/uploads\\\/2017\\\/11\\\/IB-News-20171109-Zuerich-PWG-Neubau-Freihofstrasse.jpg\",\"contentUrl\":\"https:\\\/\\\/www.immobilienbusiness.ch\\\/wp-content\\\/uploads\\\/2017\\\/11\\\/IB-News-20171109-Zuerich-PWG-Neubau-Freihofstrasse.jpg\",\"width\":679,\"height\":483,\"caption\":\"Die Stiftung PWG baut in Z\u00fcrich-Altstetten preisg\u00fcnstigen Wohnraum (Foto: gunnar3000 \u2013 depositphotos)\"},{\"@type\":\"BreadcrumbList\",\"@id\":\"https:\\\/\\\/www.immobilienbusiness.ch\\\/regionen\\\/2020-10-13\\\/procimmo-projekt-in-collombey-murraz-vor-der-fertigstellung\\\/#breadcrumb\",\"itemListElement\":[{\"@type\":\"ListItem\",\"position\":1,\"name\":\"Home\",\"item\":\"https:\\\/\\\/www.immobilienbusiness.ch\\\/\"},{\"@type\":\"ListItem\",\"position\":2,\"name\":\"Procimmo-Projekt in Collombey-Murraz vor der Fertigstellung\"}]},{\"@type\":\"WebSite\",\"@id\":\"https:\\\/\\\/www.immobilienbusiness.ch\\\/#website\",\"url\":\"https:\\\/\\\/www.immobilienbusiness.ch\\\/\",\"name\":\"IMMOBILIEN Business\",\"description\":\"Unabh\u00e4ngiges Schweizer Wirtschaftsmagazin mit Fokus auf Immobilien, Architektur- und Bau sowie Investment- und Finanzierung.\",\"publisher\":{\"@id\":\"https:\\\/\\\/www.immobilienbusiness.ch\\\/#organization\"},\"potentialAction\":[{\"@type\":\"SearchAction\",\"target\":{\"@type\":\"EntryPoint\",\"urlTemplate\":\"https:\\\/\\\/www.immobilienbusiness.ch\\\/?s={search_term_string}\"},\"query-input\":{\"@type\":\"PropertyValueSpecification\",\"valueRequired\":true,\"valueName\":\"search_term_string\"}}],\"inLanguage\":\"fr-FR\"},{\"@type\":\"Organization\",\"@id\":\"https:\\\/\\\/www.immobilienbusiness.ch\\\/#organization\",\"name\":\"IMMOBILIEN Business\",\"url\":\"https:\\\/\\\/www.immobilienbusiness.ch\\\/\",\"logo\":{\"@type\":\"ImageObject\",\"inLanguage\":\"fr-FR\",\"@id\":\"https:\\\/\\\/www.immobilienbusiness.ch\\\/#\\\/schema\\\/logo\\\/image\\\/\",\"url\":\"https:\\\/\\\/www.immobilienbusiness.ch\\\/wp-content\\\/uploads\\\/2021\\\/07\\\/logo_ib.png\",\"contentUrl\":\"https:\\\/\\\/www.immobilienbusiness.ch\\\/wp-content\\\/uploads\\\/2021\\\/07\\\/logo_ib.png\",\"width\":800,\"height\":181,\"caption\":\"IMMOBILIEN Business\"},\"image\":{\"@id\":\"https:\\\/\\\/www.immobilienbusiness.ch\\\/#\\\/schema\\\/logo\\\/image\\\/\"},\"sameAs\":[\"https:\\\/\\\/www.facebook.com\\\/immobilienbusiness\\\/\"]},{\"@type\":\"Person\",\"@id\":\"https:\\\/\\\/www.immobilienbusiness.ch\\\/#\\\/schema\\\/person\\\/3fc036297b10b9f42d6db5ee932af8c8\",\"name\":\"anja.hall\",\"image\":{\"@type\":\"ImageObject\",\"inLanguage\":\"fr-FR\",\"@id\":\"https:\\\/\\\/secure.gravatar.com\\\/avatar\\\/066b5a0d447013502c71a5782f4f3469f03cfe595cc2329fb94652fe47511bfb?s=96&d=mm&r=g\",\"url\":\"https:\\\/\\\/secure.gravatar.com\\\/avatar\\\/066b5a0d447013502c71a5782f4f3469f03cfe595cc2329fb94652fe47511bfb?s=96&d=mm&r=g\",\"contentUrl\":\"https:\\\/\\\/secure.gravatar.com\\\/avatar\\\/066b5a0d447013502c71a5782f4f3469f03cfe595cc2329fb94652fe47511bfb?s=96&d=mm&r=g\",\"caption\":\"anja.hall\"},\"url\":\"https:\\\/\\\/www.immobilienbusiness.ch\\\/fr\\\/author\\\/anja-hall\\\/\"}]}<\/script>\n<!-- \/ Yoast SEO plugin. -->","yoast_head_json":{"title":"Le projet Procimmo de Collombey-Murraz en passe d'\u00eatre achev\u00e9 - IMMOBILIER Business","description":"Un lotissement avec r\u00e9sidence pour personnes \u00e2g\u00e9es sera prochainement livr\u00e9 \u00e0 Collombey-Murraz (VS). Le projet appartient au fonds Procimmo Immo56.","robots":{"index":"index","follow":"follow","max-snippet":"max-snippet:-1","max-image-preview":"max-image-preview:large","max-video-preview":"max-video-preview:-1"},"canonical":"https:\/\/www.immobilienbusiness.ch\/fr\/regionen\/2020-10-13\/procimmo-projekt-in-collombey-murraz-vor-der-fertigstellung\/","og_locale":"fr_FR","og_type":"article","og_title":"Procimmo-Projekt in Collombey-Murraz vor der Fertigstellung - IMMOBILIEN Business","og_description":"In Collombey-Murraz (VS) wird in K\u00fcrze eine \u00dcberbauung mit Seniorenresidenz \u00fcbergeben. Das Projekt geh\u00f6rt dem Procimmo-Fonds Immo56.","og_url":"https:\/\/www.immobilienbusiness.ch\/fr\/regionen\/2020-10-13\/procimmo-projekt-in-collombey-murraz-vor-der-fertigstellung\/","og_site_name":"IMMOBILIEN Business","article_publisher":"https:\/\/www.facebook.com\/immobilienbusiness\/","article_published_time":"2020-10-13T06:50:16+00:00","og_image":[{"width":679,"height":483,"url":"https:\/\/www.immobilienbusiness.ch\/wp-content\/uploads\/2017\/11\/IB-News-20171109-Zuerich-PWG-Neubau-Freihofstrasse.jpg","type":"image\/jpeg"}],"author":"anja.hall","twitter_card":"summary_large_image","twitter_image":"https:\/\/www.immobilienbusiness.ch\/wp-content\/uploads\/2017\/11\/IB-News-20171109-Zuerich-PWG-Neubau-Freihofstrasse.jpg","schema":{"@context":"https:\/\/schema.org","@graph":[{"@type":"Article","@id":"https:\/\/www.immobilienbusiness.ch\/regionen\/2020-10-13\/procimmo-projekt-in-collombey-murraz-vor-der-fertigstellung\/#article","isPartOf":{"@id":"https:\/\/www.immobilienbusiness.ch\/regionen\/2020-10-13\/procimmo-projekt-in-collombey-murraz-vor-der-fertigstellung\/"},"author":{"name":"anja.hall","@id":"https:\/\/www.immobilienbusiness.ch\/#\/schema\/person\/3fc036297b10b9f42d6db5ee932af8c8"},"headline":"Procimmo-Projekt in Collombey-Murraz vor der Fertigstellung","datePublished":"2020-10-13T06:50:16+00:00","mainEntityOfPage":{"@id":"https:\/\/www.immobilienbusiness.ch\/regionen\/2020-10-13\/procimmo-projekt-in-collombey-murraz-vor-der-fertigstellung\/"},"wordCount":124,"publisher":{"@id":"https:\/\/www.immobilienbusiness.ch\/#organization"},"image":{"@id":"https:\/\/www.immobilienbusiness.ch\/regionen\/2020-10-13\/procimmo-projekt-in-collombey-murraz-vor-der-fertigstellung\/#primaryimage"},"thumbnailUrl":"https:\/\/www.immobilienbusiness.ch\/wp-content\/uploads\/2017\/11\/IB-News-20171109-Zuerich-PWG-Neubau-Freihofstrasse.jpg","keywords":["Fertigstellung","Immobilienfonds","Procimmo","Seniorenresidenz","Wallis"],"articleSection":["REGIONEN"],"inLanguage":"fr-FR"},{"@type":"WebPage","@id":"https:\/\/www.immobilienbusiness.ch\/regionen\/2020-10-13\/procimmo-projekt-in-collombey-murraz-vor-der-fertigstellung\/","url":"https:\/\/www.immobilienbusiness.ch\/regionen\/2020-10-13\/procimmo-projekt-in-collombey-murraz-vor-der-fertigstellung\/","name":"Le projet Procimmo de Collombey-Murraz en passe d'\u00eatre achev\u00e9 - IMMOBILIER Business","isPartOf":{"@id":"https:\/\/www.immobilienbusiness.ch\/#website"},"primaryImageOfPage":{"@id":"https:\/\/www.immobilienbusiness.ch\/regionen\/2020-10-13\/procimmo-projekt-in-collombey-murraz-vor-der-fertigstellung\/#primaryimage"},"image":{"@id":"https:\/\/www.immobilienbusiness.ch\/regionen\/2020-10-13\/procimmo-projekt-in-collombey-murraz-vor-der-fertigstellung\/#primaryimage"},"thumbnailUrl":"https:\/\/www.immobilienbusiness.ch\/wp-content\/uploads\/2017\/11\/IB-News-20171109-Zuerich-PWG-Neubau-Freihofstrasse.jpg","datePublished":"2020-10-13T06:50:16+00:00","description":"Un lotissement avec r\u00e9sidence pour personnes \u00e2g\u00e9es sera prochainement livr\u00e9 \u00e0 Collombey-Murraz (VS). Le projet appartient au fonds Procimmo Immo56.","breadcrumb":{"@id":"https:\/\/www.immobilienbusiness.ch\/regionen\/2020-10-13\/procimmo-projekt-in-collombey-murraz-vor-der-fertigstellung\/#breadcrumb"},"inLanguage":"fr-FR","potentialAction":[{"@type":"ReadAction","target":["https:\/\/www.immobilienbusiness.ch\/regionen\/2020-10-13\/procimmo-projekt-in-collombey-murraz-vor-der-fertigstellung\/"]}]},{"@type":"ImageObject","inLanguage":"fr-FR","@id":"https:\/\/www.immobilienbusiness.ch\/regionen\/2020-10-13\/procimmo-projekt-in-collombey-murraz-vor-der-fertigstellung\/#primaryimage","url":"https:\/\/www.immobilienbusiness.ch\/wp-content\/uploads\/2017\/11\/IB-News-20171109-Zuerich-PWG-Neubau-Freihofstrasse.jpg","contentUrl":"https:\/\/www.immobilienbusiness.ch\/wp-content\/uploads\/2017\/11\/IB-News-20171109-Zuerich-PWG-Neubau-Freihofstrasse.jpg","width":679,"height":483,"caption":"Die Stiftung PWG baut in Z\u00fcrich-Altstetten preisg\u00fcnstigen Wohnraum (Foto: gunnar3000 \u2013 depositphotos)"},{"@type":"BreadcrumbList","@id":"https:\/\/www.immobilienbusiness.ch\/regionen\/2020-10-13\/procimmo-projekt-in-collombey-murraz-vor-der-fertigstellung\/#breadcrumb","itemListElement":[{"@type":"ListItem","position":1,"name":"Home","item":"https:\/\/www.immobilienbusiness.ch\/"},{"@type":"ListItem","position":2,"name":"Procimmo-Projekt in Collombey-Murraz vor der Fertigstellung"}]},{"@type":"WebSite","@id":"https:\/\/www.immobilienbusiness.ch\/#website","url":"https:\/\/www.immobilienbusiness.ch\/","name":"IMMOBILIER Business","description":"Magazine \u00e9conomique suisse ind\u00e9pendant ax\u00e9 sur l'immobilier, l'architecture et la construction ainsi que sur les investissements et le financement.","publisher":{"@id":"https:\/\/www.immobilienbusiness.ch\/#organization"},"potentialAction":[{"@type":"SearchAction","target":{"@type":"EntryPoint","urlTemplate":"https:\/\/www.immobilienbusiness.ch\/?s={search_term_string}"},"query-input":{"@type":"PropertyValueSpecification","valueRequired":true,"valueName":"search_term_string"}}],"inLanguage":"fr-FR"},{"@type":"Organization","@id":"https:\/\/www.immobilienbusiness.ch\/#organization","name":"IMMOBILIER Business","url":"https:\/\/www.immobilienbusiness.ch\/","logo":{"@type":"ImageObject","inLanguage":"fr-FR","@id":"https:\/\/www.immobilienbusiness.ch\/#\/schema\/logo\/image\/","url":"https:\/\/www.immobilienbusiness.ch\/wp-content\/uploads\/2021\/07\/logo_ib.png","contentUrl":"https:\/\/www.immobilienbusiness.ch\/wp-content\/uploads\/2021\/07\/logo_ib.png","width":800,"height":181,"caption":"IMMOBILIEN Business"},"image":{"@id":"https:\/\/www.immobilienbusiness.ch\/#\/schema\/logo\/image\/"},"sameAs":["https:\/\/www.facebook.com\/immobilienbusiness\/"]},{"@type":"Person","@id":"https:\/\/www.immobilienbusiness.ch\/#\/schema\/person\/3fc036297b10b9f42d6db5ee932af8c8","name":"anja.hall","image":{"@type":"ImageObject","inLanguage":"fr-FR","@id":"https:\/\/secure.gravatar.com\/avatar\/066b5a0d447013502c71a5782f4f3469f03cfe595cc2329fb94652fe47511bfb?s=96&d=mm&r=g","url":"https:\/\/secure.gravatar.com\/avatar\/066b5a0d447013502c71a5782f4f3469f03cfe595cc2329fb94652fe47511bfb?s=96&d=mm&r=g","contentUrl":"https:\/\/secure.gravatar.com\/avatar\/066b5a0d447013502c71a5782f4f3469f03cfe595cc2329fb94652fe47511bfb?s=96&d=mm&r=g","caption":"anja.hall"},"url":"https:\/\/www.immobilienbusiness.ch\/fr\/author\/anja-hall\/"}]}},"_links":{"self":[{"href":"https:\/\/www.immobilienbusiness.ch\/fr\/wp-json\/wp\/v2\/posts\/22516","targetHints":{"allow":["GET"]}}],"collection":[{"href":"https:\/\/www.immobilienbusiness.ch\/fr\/wp-json\/wp\/v2\/posts"}],"about":[{"href":"https:\/\/www.immobilienbusiness.ch\/fr\/wp-json\/wp\/v2\/types\/post"}],"author":[{"embeddable":true,"href":"https:\/\/www.immobilienbusiness.ch\/fr\/wp-json\/wp\/v2\/users\/3"}],"replies":[{"embeddable":true,"href":"https:\/\/www.immobilienbusiness.ch\/fr\/wp-json\/wp\/v2\/comments?post=22516"}],"version-history":[{"count":0,"href":"https:\/\/www.immobilienbusiness.ch\/fr\/wp-json\/wp\/v2\/posts\/22516\/revisions"}],"wp:featuredmedia":[{"embeddable":true,"href":"https:\/\/www.immobilienbusiness.ch\/fr\/wp-json\/wp\/v2\/media\/10042"}],"wp:attachment":[{"href":"https:\/\/www.immobilienbusiness.ch\/fr\/wp-json\/wp\/v2\/media?parent=22516"}],"wp:term":[{"taxonomy":"category","embeddable":true,"href":"https:\/\/www.immobilienbusiness.ch\/fr\/wp-json\/wp\/v2\/categories?post=22516"},{"taxonomy":"post_tag","embeddable":true,"href":"https:\/\/www.immobilienbusiness.ch\/fr\/wp-json\/wp\/v2\/tags?post=22516"}],"curies":[{"name":"wp","href":"https:\/\/api.w.org\/{rel}","templated":true}]}}