{"id":22440,"date":"2020-09-28T08:47:43","date_gmt":"2020-09-28T06:47:43","guid":{"rendered":"https:\/\/www.immobilienbusiness.ch\/?p=22440"},"modified":"2020-09-28T08:47:43","modified_gmt":"2020-09-28T06:47:43","slug":"baar-ja-zum-grossprojekt-unterfeld-sued","status":"publish","type":"post","link":"https:\/\/www.immobilienbusiness.ch\/fr\/regionen\/2020-09-28\/baar-ja-zum-grossprojekt-unterfeld-sued\/","title":{"rendered":"Baar : oui au grand projet Unterfeld Sud"},"content":{"rendered":"<figure id=\"attachment_22441\" aria-describedby=\"caption-attachment-22441\" style=\"width: 680px\" class=\"wp-caption alignnone\"><img loading=\"lazy\" decoding=\"async\" class=\"size-medium wp-image-22441\" src=\"https:\/\/www.immobilienbusiness.ch\/wp-content\/uploads\/2020\/09\/Visualisierung.jpg\" alt=\"\" width=\"680\" height=\"388\" srcset=\"https:\/\/www.immobilienbusiness.ch\/wp-content\/uploads\/2020\/09\/Visualisierung.jpg 2560w, https:\/\/www.immobilienbusiness.ch\/wp-content\/uploads\/2020\/09\/Visualisierung-300x171.jpg 300w, https:\/\/www.immobilienbusiness.ch\/wp-content\/uploads\/2020\/09\/Visualisierung-1024x585.jpg 1024w, https:\/\/www.immobilienbusiness.ch\/wp-content\/uploads\/2020\/09\/Visualisierung-768x439.jpg 768w, https:\/\/www.immobilienbusiness.ch\/wp-content\/uploads\/2020\/09\/Visualisierung-1536x877.jpg 1536w, https:\/\/www.immobilienbusiness.ch\/wp-content\/uploads\/2020\/09\/Visualisierung-2048x1170.jpg 2048w, https:\/\/www.immobilienbusiness.ch\/wp-content\/uploads\/2020\/09\/Visualisierung-16x9.jpg 16w, https:\/\/www.immobilienbusiness.ch\/wp-content\/uploads\/2020\/09\/Visualisierung-306x175.jpg 306w, https:\/\/www.immobilienbusiness.ch\/wp-content\/uploads\/2020\/09\/Visualisierung-613x350.jpg 613w, https:\/\/www.immobilienbusiness.ch\/wp-content\/uploads\/2020\/09\/Visualisierung-1401x800.jpg 1401w, https:\/\/www.immobilienbusiness.ch\/wp-content\/uploads\/2020\/09\/Visualisierung-920x525.jpg 920w, https:\/\/www.immobilienbusiness.ch\/wp-content\/uploads\/2020\/09\/Visualisierung-1400x800.jpg 1400w\" sizes=\"auto, (max-width: 680px) 100vw, 680px\" \/><figcaption id=\"caption-attachment-22441\" class=\"wp-caption-text\">Visualisation de l'Unterfeld S\u00fcd \u00e0 Baar (source : Ina Invest)<\/figcaption><\/figure>\n<p>Avec le oui dans les urnes, une deuxi\u00e8me tentative de d\u00e9veloppement du quartier peut d\u00e9sormais \u00eatre lanc\u00e9e. En f\u00e9vrier 2017, la commune de Baar et la ville de Zoug avaient d\u00e9j\u00e0 vot\u00e9 une fois sur une r\u00e9vision partielle du plan de zone du r\u00e8glement de construction ainsi que sur un plan d'am\u00e9nagement intercommunal pour l'Unterfeld. Alors que les habitants de Stadtzug ont dit deux fois oui, ceux de Baar ont rejet\u00e9 le plan d'am\u00e9nagement de justesse. Les propri\u00e9taires fonciers du territoire de Stadtzug se sont par la suite retir\u00e9s et la commune de Baar a lanc\u00e9 un nouveau processus de planification en collaboration avec les propri\u00e9taires fonciers.<\/p>\n<p>Le site est une zone de densification cantonale et l'une des derni\u00e8res zones constructibles non b\u00e2ties de la r\u00e9gion. Il se trouve directement sur la fronti\u00e8re communale entre Baar et Zoug, \u00e0 la gare de Baar-Lindenpark, et se compose de quatre parcelles \u00e0 b\u00e2tir. Deux des terrains \u00e0 b\u00e2tir (1B et 3) font partie du portefeuille d'Ina Invest.<\/p>\n<p>Sur le site, il est pr\u00e9vu de construire principalement des logements - environ un quart de la surface habitable de 38 000 m\u00b2 est r\u00e9serv\u00e9 \u00e0 la construction de logements \u00e0 prix mod\u00e9r\u00e9s ; en outre, des logements en location et en propri\u00e9t\u00e9 par \u00e9tage doivent \u00eatre construits. D'autres utilisations sont pr\u00e9vues, comme des bureaux et des services ainsi que des utilisations orient\u00e9es vers le public dans certaines parties des rez-de-chauss\u00e9e. Trois immeubles de 40, 50 et 60 m\u00e8tres de haut sont pr\u00e9vus pour mettre en valeur le projet. (ah)<\/p>","protected":false},"excerpt":{"rendered":"<p>Pr\u00e8s de 65% des \u00e9lecteurs de Baar (ZG) ont vot\u00e9 en faveur de la planification territoriale Unterfeld S\u00fcd. Un nouveau quartier est pr\u00e9vu sur ce terrain situ\u00e9 \u00e0 la fronti\u00e8re entre Baar et Zoug.<\/p>","protected":false},"author":3,"featured_media":22441,"comment_status":"closed","ping_status":"open","sticky":false,"template":"","format":"standard","meta":{"_acf_changed":false,"_yoast_wpseo_focuskw":"Unterfeld","_yoast_wpseo_title":"","_yoast_wpseo_metadesc":"Knapp 65% der Stimmb\u00fcrger von Baar (ZG) haben f\u00fcr die Gebietsplanung Unterfeld S\u00fcd gestimmt. Auf dem Grundst\u00fcck ist ein neues Quartier geplant.","_yoast_wpseo_linkdex":50,"pgc_sgb_lightbox_settings":"","footnotes":""},"categories":[985],"tags":[1360,1409,1600,1863],"class_list":["post-22440","post","type-post","status-publish","format-standard","has-post-thumbnail","hentry","category-regionen","tag-ina-invest","tag-kanton-zug","tag-projekt-in-planung","tag-wohnimmobilien"],"acf":[],"yoast_head":"<!-- This site is optimized with the Yoast SEO plugin v27.5 - https:\/\/yoast.com\/product\/yoast-seo-wordpress\/ -->\n<title>Baar: Ja zum Grossprojekt Unterfeld S\u00fcd - IMMOBILIEN Business<\/title>\n<meta name=\"description\" content=\"Knapp 65% der Stimmb\u00fcrger von Baar (ZG) haben f\u00fcr die Gebietsplanung Unterfeld S\u00fcd gestimmt. Auf dem Grundst\u00fcck ist ein neues Quartier geplant.\" \/>\n<meta name=\"robots\" content=\"index, follow, max-snippet:-1, max-image-preview:large, max-video-preview:-1\" \/>\n<link rel=\"canonical\" href=\"https:\/\/www.immobilienbusiness.ch\/fr\/regionen\/2020-09-28\/baar-ja-zum-grossprojekt-unterfeld-sued\/\" \/>\n<meta property=\"og:locale\" content=\"fr_FR\" \/>\n<meta property=\"og:type\" content=\"article\" \/>\n<meta property=\"og:title\" content=\"Baar: Ja zum Grossprojekt Unterfeld S\u00fcd - IMMOBILIEN Business\" \/>\n<meta property=\"og:description\" content=\"Knapp 65% der Stimmb\u00fcrger von Baar (ZG) haben f\u00fcr die Gebietsplanung Unterfeld S\u00fcd gestimmt. Auf dem Grundst\u00fcck ist ein neues Quartier geplant.\" \/>\n<meta property=\"og:url\" content=\"https:\/\/www.immobilienbusiness.ch\/fr\/regionen\/2020-09-28\/baar-ja-zum-grossprojekt-unterfeld-sued\/\" \/>\n<meta property=\"og:site_name\" content=\"IMMOBILIEN Business\" \/>\n<meta property=\"article:publisher\" content=\"https:\/\/www.facebook.com\/immobilienbusiness\/\" \/>\n<meta property=\"article:published_time\" content=\"2020-09-28T06:47:43+00:00\" \/>\n<meta property=\"og:image\" content=\"https:\/\/www.immobilienbusiness.ch\/wp-content\/uploads\/2020\/09\/Visualisierung.jpg\" \/>\n\t<meta property=\"og:image:width\" content=\"2560\" \/>\n\t<meta property=\"og:image:height\" content=\"1462\" \/>\n\t<meta property=\"og:image:type\" content=\"image\/jpeg\" \/>\n<meta name=\"author\" content=\"anja.hall\" \/>\n<meta name=\"twitter:card\" content=\"summary_large_image\" \/>\n<meta name=\"twitter:image\" content=\"https:\/\/www.immobilienbusiness.ch\/wp-content\/uploads\/2020\/09\/Visualisierung.jpg\" \/>\n<script type=\"application\/ld+json\" class=\"yoast-schema-graph\">{\"@context\":\"https:\\\/\\\/schema.org\",\"@graph\":[{\"@type\":\"Article\",\"@id\":\"https:\\\/\\\/www.immobilienbusiness.ch\\\/en\\\/regionen\\\/2020-09-28\\\/baar-ja-zum-grossprojekt-unterfeld-sued\\\/#article\",\"isPartOf\":{\"@id\":\"https:\\\/\\\/www.immobilienbusiness.ch\\\/en\\\/regionen\\\/2020-09-28\\\/baar-ja-zum-grossprojekt-unterfeld-sued\\\/\"},\"author\":{\"name\":\"anja.hall\",\"@id\":\"https:\\\/\\\/www.immobilienbusiness.ch\\\/#\\\/schema\\\/person\\\/3fc036297b10b9f42d6db5ee932af8c8\"},\"headline\":\"Baar: Ja zum Grossprojekt Unterfeld S\u00fcd\",\"datePublished\":\"2020-09-28T06:47:43+00:00\",\"mainEntityOfPage\":{\"@id\":\"https:\\\/\\\/www.immobilienbusiness.ch\\\/en\\\/regionen\\\/2020-09-28\\\/baar-ja-zum-grossprojekt-unterfeld-sued\\\/\"},\"wordCount\":213,\"publisher\":{\"@id\":\"https:\\\/\\\/www.immobilienbusiness.ch\\\/#organization\"},\"image\":{\"@id\":\"https:\\\/\\\/www.immobilienbusiness.ch\\\/en\\\/regionen\\\/2020-09-28\\\/baar-ja-zum-grossprojekt-unterfeld-sued\\\/#primaryimage\"},\"thumbnailUrl\":\"https:\\\/\\\/www.immobilienbusiness.ch\\\/wp-content\\\/uploads\\\/2020\\\/09\\\/Visualisierung.jpg\",\"keywords\":[\"Ina Invest\",\"Kanton Zug\",\"Projekt in Planung\",\"Wohnimmobilien\"],\"articleSection\":[\"REGIONEN\"],\"inLanguage\":\"fr-FR\"},{\"@type\":\"WebPage\",\"@id\":\"https:\\\/\\\/www.immobilienbusiness.ch\\\/en\\\/regionen\\\/2020-09-28\\\/baar-ja-zum-grossprojekt-unterfeld-sued\\\/\",\"url\":\"https:\\\/\\\/www.immobilienbusiness.ch\\\/en\\\/regionen\\\/2020-09-28\\\/baar-ja-zum-grossprojekt-unterfeld-sued\\\/\",\"name\":\"Baar: Ja zum Grossprojekt Unterfeld S\u00fcd - IMMOBILIEN Business\",\"isPartOf\":{\"@id\":\"https:\\\/\\\/www.immobilienbusiness.ch\\\/#website\"},\"primaryImageOfPage\":{\"@id\":\"https:\\\/\\\/www.immobilienbusiness.ch\\\/en\\\/regionen\\\/2020-09-28\\\/baar-ja-zum-grossprojekt-unterfeld-sued\\\/#primaryimage\"},\"image\":{\"@id\":\"https:\\\/\\\/www.immobilienbusiness.ch\\\/en\\\/regionen\\\/2020-09-28\\\/baar-ja-zum-grossprojekt-unterfeld-sued\\\/#primaryimage\"},\"thumbnailUrl\":\"https:\\\/\\\/www.immobilienbusiness.ch\\\/wp-content\\\/uploads\\\/2020\\\/09\\\/Visualisierung.jpg\",\"datePublished\":\"2020-09-28T06:47:43+00:00\",\"description\":\"Knapp 65% der Stimmb\u00fcrger von Baar (ZG) haben f\u00fcr die Gebietsplanung Unterfeld S\u00fcd gestimmt. Auf dem Grundst\u00fcck ist ein neues Quartier geplant.\",\"breadcrumb\":{\"@id\":\"https:\\\/\\\/www.immobilienbusiness.ch\\\/en\\\/regionen\\\/2020-09-28\\\/baar-ja-zum-grossprojekt-unterfeld-sued\\\/#breadcrumb\"},\"inLanguage\":\"fr-FR\",\"potentialAction\":[{\"@type\":\"ReadAction\",\"target\":[\"https:\\\/\\\/www.immobilienbusiness.ch\\\/en\\\/regionen\\\/2020-09-28\\\/baar-ja-zum-grossprojekt-unterfeld-sued\\\/\"]}]},{\"@type\":\"ImageObject\",\"inLanguage\":\"fr-FR\",\"@id\":\"https:\\\/\\\/www.immobilienbusiness.ch\\\/en\\\/regionen\\\/2020-09-28\\\/baar-ja-zum-grossprojekt-unterfeld-sued\\\/#primaryimage\",\"url\":\"https:\\\/\\\/www.immobilienbusiness.ch\\\/wp-content\\\/uploads\\\/2020\\\/09\\\/Visualisierung.jpg\",\"contentUrl\":\"https:\\\/\\\/www.immobilienbusiness.ch\\\/wp-content\\\/uploads\\\/2020\\\/09\\\/Visualisierung.jpg\",\"width\":2560,\"height\":1462,\"caption\":\"Visualisierung des Unterfeld S\u00fcd in Baar (Quelle: Ina Invest)\"},{\"@type\":\"BreadcrumbList\",\"@id\":\"https:\\\/\\\/www.immobilienbusiness.ch\\\/en\\\/regionen\\\/2020-09-28\\\/baar-ja-zum-grossprojekt-unterfeld-sued\\\/#breadcrumb\",\"itemListElement\":[{\"@type\":\"ListItem\",\"position\":1,\"name\":\"Home\",\"item\":\"https:\\\/\\\/www.immobilienbusiness.ch\\\/\"},{\"@type\":\"ListItem\",\"position\":2,\"name\":\"Baar: Ja zum Grossprojekt Unterfeld S\u00fcd\"}]},{\"@type\":\"WebSite\",\"@id\":\"https:\\\/\\\/www.immobilienbusiness.ch\\\/#website\",\"url\":\"https:\\\/\\\/www.immobilienbusiness.ch\\\/\",\"name\":\"IMMOBILIEN Business\",\"description\":\"Unabh\u00e4ngiges Schweizer Wirtschaftsmagazin mit Fokus auf Immobilien, Architektur- und Bau sowie Investment- und Finanzierung.\",\"publisher\":{\"@id\":\"https:\\\/\\\/www.immobilienbusiness.ch\\\/#organization\"},\"potentialAction\":[{\"@type\":\"SearchAction\",\"target\":{\"@type\":\"EntryPoint\",\"urlTemplate\":\"https:\\\/\\\/www.immobilienbusiness.ch\\\/?s={search_term_string}\"},\"query-input\":{\"@type\":\"PropertyValueSpecification\",\"valueRequired\":true,\"valueName\":\"search_term_string\"}}],\"inLanguage\":\"fr-FR\"},{\"@type\":\"Organization\",\"@id\":\"https:\\\/\\\/www.immobilienbusiness.ch\\\/#organization\",\"name\":\"IMMOBILIEN Business\",\"url\":\"https:\\\/\\\/www.immobilienbusiness.ch\\\/\",\"logo\":{\"@type\":\"ImageObject\",\"inLanguage\":\"fr-FR\",\"@id\":\"https:\\\/\\\/www.immobilienbusiness.ch\\\/#\\\/schema\\\/logo\\\/image\\\/\",\"url\":\"https:\\\/\\\/www.immobilienbusiness.ch\\\/wp-content\\\/uploads\\\/2021\\\/07\\\/logo_ib.png\",\"contentUrl\":\"https:\\\/\\\/www.immobilienbusiness.ch\\\/wp-content\\\/uploads\\\/2021\\\/07\\\/logo_ib.png\",\"width\":800,\"height\":181,\"caption\":\"IMMOBILIEN Business\"},\"image\":{\"@id\":\"https:\\\/\\\/www.immobilienbusiness.ch\\\/#\\\/schema\\\/logo\\\/image\\\/\"},\"sameAs\":[\"https:\\\/\\\/www.facebook.com\\\/immobilienbusiness\\\/\"]},{\"@type\":\"Person\",\"@id\":\"https:\\\/\\\/www.immobilienbusiness.ch\\\/#\\\/schema\\\/person\\\/3fc036297b10b9f42d6db5ee932af8c8\",\"name\":\"anja.hall\",\"image\":{\"@type\":\"ImageObject\",\"inLanguage\":\"fr-FR\",\"@id\":\"https:\\\/\\\/secure.gravatar.com\\\/avatar\\\/066b5a0d447013502c71a5782f4f3469f03cfe595cc2329fb94652fe47511bfb?s=96&d=mm&r=g\",\"url\":\"https:\\\/\\\/secure.gravatar.com\\\/avatar\\\/066b5a0d447013502c71a5782f4f3469f03cfe595cc2329fb94652fe47511bfb?s=96&d=mm&r=g\",\"contentUrl\":\"https:\\\/\\\/secure.gravatar.com\\\/avatar\\\/066b5a0d447013502c71a5782f4f3469f03cfe595cc2329fb94652fe47511bfb?s=96&d=mm&r=g\",\"caption\":\"anja.hall\"},\"url\":\"https:\\\/\\\/www.immobilienbusiness.ch\\\/fr\\\/author\\\/anja-hall\\\/\"}]}<\/script>\n<!-- \/ Yoast SEO plugin. -->","yoast_head_json":{"title":"Baar: Ja zum Grossprojekt Unterfeld S\u00fcd - IMMOBILIEN Business","description":"Knapp 65% der Stimmb\u00fcrger von Baar (ZG) haben f\u00fcr die Gebietsplanung Unterfeld S\u00fcd gestimmt. Auf dem Grundst\u00fcck ist ein neues Quartier geplant.","robots":{"index":"index","follow":"follow","max-snippet":"max-snippet:-1","max-image-preview":"max-image-preview:large","max-video-preview":"max-video-preview:-1"},"canonical":"https:\/\/www.immobilienbusiness.ch\/fr\/regionen\/2020-09-28\/baar-ja-zum-grossprojekt-unterfeld-sued\/","og_locale":"fr_FR","og_type":"article","og_title":"Baar: Ja zum Grossprojekt Unterfeld S\u00fcd - IMMOBILIEN Business","og_description":"Knapp 65% der Stimmb\u00fcrger von Baar (ZG) haben f\u00fcr die Gebietsplanung Unterfeld S\u00fcd gestimmt. Auf dem Grundst\u00fcck ist ein neues Quartier geplant.","og_url":"https:\/\/www.immobilienbusiness.ch\/fr\/regionen\/2020-09-28\/baar-ja-zum-grossprojekt-unterfeld-sued\/","og_site_name":"IMMOBILIEN Business","article_publisher":"https:\/\/www.facebook.com\/immobilienbusiness\/","article_published_time":"2020-09-28T06:47:43+00:00","og_image":[{"width":2560,"height":1462,"url":"https:\/\/www.immobilienbusiness.ch\/wp-content\/uploads\/2020\/09\/Visualisierung.jpg","type":"image\/jpeg"}],"author":"anja.hall","twitter_card":"summary_large_image","twitter_image":"https:\/\/www.immobilienbusiness.ch\/wp-content\/uploads\/2020\/09\/Visualisierung.jpg","schema":{"@context":"https:\/\/schema.org","@graph":[{"@type":"Article","@id":"https:\/\/www.immobilienbusiness.ch\/en\/regionen\/2020-09-28\/baar-ja-zum-grossprojekt-unterfeld-sued\/#article","isPartOf":{"@id":"https:\/\/www.immobilienbusiness.ch\/en\/regionen\/2020-09-28\/baar-ja-zum-grossprojekt-unterfeld-sued\/"},"author":{"name":"anja.hall","@id":"https:\/\/www.immobilienbusiness.ch\/#\/schema\/person\/3fc036297b10b9f42d6db5ee932af8c8"},"headline":"Baar: Ja zum Grossprojekt Unterfeld S\u00fcd","datePublished":"2020-09-28T06:47:43+00:00","mainEntityOfPage":{"@id":"https:\/\/www.immobilienbusiness.ch\/en\/regionen\/2020-09-28\/baar-ja-zum-grossprojekt-unterfeld-sued\/"},"wordCount":213,"publisher":{"@id":"https:\/\/www.immobilienbusiness.ch\/#organization"},"image":{"@id":"https:\/\/www.immobilienbusiness.ch\/en\/regionen\/2020-09-28\/baar-ja-zum-grossprojekt-unterfeld-sued\/#primaryimage"},"thumbnailUrl":"https:\/\/www.immobilienbusiness.ch\/wp-content\/uploads\/2020\/09\/Visualisierung.jpg","keywords":["Ina Invest","Kanton Zug","Projekt in Planung","Wohnimmobilien"],"articleSection":["REGIONEN"],"inLanguage":"fr-FR"},{"@type":"WebPage","@id":"https:\/\/www.immobilienbusiness.ch\/en\/regionen\/2020-09-28\/baar-ja-zum-grossprojekt-unterfeld-sued\/","url":"https:\/\/www.immobilienbusiness.ch\/en\/regionen\/2020-09-28\/baar-ja-zum-grossprojekt-unterfeld-sued\/","name":"Baar: Ja zum Grossprojekt Unterfeld S\u00fcd - IMMOBILIEN Business","isPartOf":{"@id":"https:\/\/www.immobilienbusiness.ch\/#website"},"primaryImageOfPage":{"@id":"https:\/\/www.immobilienbusiness.ch\/en\/regionen\/2020-09-28\/baar-ja-zum-grossprojekt-unterfeld-sued\/#primaryimage"},"image":{"@id":"https:\/\/www.immobilienbusiness.ch\/en\/regionen\/2020-09-28\/baar-ja-zum-grossprojekt-unterfeld-sued\/#primaryimage"},"thumbnailUrl":"https:\/\/www.immobilienbusiness.ch\/wp-content\/uploads\/2020\/09\/Visualisierung.jpg","datePublished":"2020-09-28T06:47:43+00:00","description":"Knapp 65% der Stimmb\u00fcrger von Baar (ZG) haben f\u00fcr die Gebietsplanung Unterfeld S\u00fcd gestimmt. Auf dem Grundst\u00fcck ist ein neues Quartier geplant.","breadcrumb":{"@id":"https:\/\/www.immobilienbusiness.ch\/en\/regionen\/2020-09-28\/baar-ja-zum-grossprojekt-unterfeld-sued\/#breadcrumb"},"inLanguage":"fr-FR","potentialAction":[{"@type":"ReadAction","target":["https:\/\/www.immobilienbusiness.ch\/en\/regionen\/2020-09-28\/baar-ja-zum-grossprojekt-unterfeld-sued\/"]}]},{"@type":"ImageObject","inLanguage":"fr-FR","@id":"https:\/\/www.immobilienbusiness.ch\/en\/regionen\/2020-09-28\/baar-ja-zum-grossprojekt-unterfeld-sued\/#primaryimage","url":"https:\/\/www.immobilienbusiness.ch\/wp-content\/uploads\/2020\/09\/Visualisierung.jpg","contentUrl":"https:\/\/www.immobilienbusiness.ch\/wp-content\/uploads\/2020\/09\/Visualisierung.jpg","width":2560,"height":1462,"caption":"Visualisierung des Unterfeld S\u00fcd in Baar (Quelle: Ina Invest)"},{"@type":"BreadcrumbList","@id":"https:\/\/www.immobilienbusiness.ch\/en\/regionen\/2020-09-28\/baar-ja-zum-grossprojekt-unterfeld-sued\/#breadcrumb","itemListElement":[{"@type":"ListItem","position":1,"name":"Home","item":"https:\/\/www.immobilienbusiness.ch\/"},{"@type":"ListItem","position":2,"name":"Baar: Ja zum Grossprojekt Unterfeld S\u00fcd"}]},{"@type":"WebSite","@id":"https:\/\/www.immobilienbusiness.ch\/#website","url":"https:\/\/www.immobilienbusiness.ch\/","name":"IMMOBILIER Business","description":"Magazine \u00e9conomique suisse ind\u00e9pendant ax\u00e9 sur l'immobilier, l'architecture et la construction ainsi que sur les investissements et le financement.","publisher":{"@id":"https:\/\/www.immobilienbusiness.ch\/#organization"},"potentialAction":[{"@type":"SearchAction","target":{"@type":"EntryPoint","urlTemplate":"https:\/\/www.immobilienbusiness.ch\/?s={search_term_string}"},"query-input":{"@type":"PropertyValueSpecification","valueRequired":true,"valueName":"search_term_string"}}],"inLanguage":"fr-FR"},{"@type":"Organization","@id":"https:\/\/www.immobilienbusiness.ch\/#organization","name":"IMMOBILIER Business","url":"https:\/\/www.immobilienbusiness.ch\/","logo":{"@type":"ImageObject","inLanguage":"fr-FR","@id":"https:\/\/www.immobilienbusiness.ch\/#\/schema\/logo\/image\/","url":"https:\/\/www.immobilienbusiness.ch\/wp-content\/uploads\/2021\/07\/logo_ib.png","contentUrl":"https:\/\/www.immobilienbusiness.ch\/wp-content\/uploads\/2021\/07\/logo_ib.png","width":800,"height":181,"caption":"IMMOBILIEN Business"},"image":{"@id":"https:\/\/www.immobilienbusiness.ch\/#\/schema\/logo\/image\/"},"sameAs":["https:\/\/www.facebook.com\/immobilienbusiness\/"]},{"@type":"Person","@id":"https:\/\/www.immobilienbusiness.ch\/#\/schema\/person\/3fc036297b10b9f42d6db5ee932af8c8","name":"anja.hall","image":{"@type":"ImageObject","inLanguage":"fr-FR","@id":"https:\/\/secure.gravatar.com\/avatar\/066b5a0d447013502c71a5782f4f3469f03cfe595cc2329fb94652fe47511bfb?s=96&d=mm&r=g","url":"https:\/\/secure.gravatar.com\/avatar\/066b5a0d447013502c71a5782f4f3469f03cfe595cc2329fb94652fe47511bfb?s=96&d=mm&r=g","contentUrl":"https:\/\/secure.gravatar.com\/avatar\/066b5a0d447013502c71a5782f4f3469f03cfe595cc2329fb94652fe47511bfb?s=96&d=mm&r=g","caption":"anja.hall"},"url":"https:\/\/www.immobilienbusiness.ch\/fr\/author\/anja-hall\/"}]}},"_links":{"self":[{"href":"https:\/\/www.immobilienbusiness.ch\/fr\/wp-json\/wp\/v2\/posts\/22440","targetHints":{"allow":["GET"]}}],"collection":[{"href":"https:\/\/www.immobilienbusiness.ch\/fr\/wp-json\/wp\/v2\/posts"}],"about":[{"href":"https:\/\/www.immobilienbusiness.ch\/fr\/wp-json\/wp\/v2\/types\/post"}],"author":[{"embeddable":true,"href":"https:\/\/www.immobilienbusiness.ch\/fr\/wp-json\/wp\/v2\/users\/3"}],"replies":[{"embeddable":true,"href":"https:\/\/www.immobilienbusiness.ch\/fr\/wp-json\/wp\/v2\/comments?post=22440"}],"version-history":[{"count":0,"href":"https:\/\/www.immobilienbusiness.ch\/fr\/wp-json\/wp\/v2\/posts\/22440\/revisions"}],"wp:featuredmedia":[{"embeddable":true,"href":"https:\/\/www.immobilienbusiness.ch\/fr\/wp-json\/wp\/v2\/media\/22441"}],"wp:attachment":[{"href":"https:\/\/www.immobilienbusiness.ch\/fr\/wp-json\/wp\/v2\/media?parent=22440"}],"wp:term":[{"taxonomy":"category","embeddable":true,"href":"https:\/\/www.immobilienbusiness.ch\/fr\/wp-json\/wp\/v2\/categories?post=22440"},{"taxonomy":"post_tag","embeddable":true,"href":"https:\/\/www.immobilienbusiness.ch\/fr\/wp-json\/wp\/v2\/tags?post=22440"}],"curies":[{"name":"wp","href":"https:\/\/api.w.org\/{rel}","templated":true}]}}