{"id":2233,"date":"2021-09-03T09:27:32","date_gmt":"2021-09-03T07:27:32","guid":{"rendered":"https:\/\/develop.immobilienbusiness.ch\/de\/allgemein\/2021-09-03\/baden-grosse-plane-fur-das-gebiet-schadenmuhle\/"},"modified":"2023-06-29T09:32:16","modified_gmt":"2023-06-29T07:32:16","slug":"baden-grosse-plane-fur-das-gebiet-schadenmuhle","status":"publish","type":"post","link":"https:\/\/www.immobilienbusiness.ch\/fr\/ib\/2021-09-03\/baden-grosse-plane-fur-das-gebiet-schadenmuhle\/","title":{"rendered":"La ville de Baden : De grands projets pour la r\u00e9gion de Schadenm\u00fchle"},"content":{"rendered":"<div class=\"swpm-post-not-logged-in-msg\">Vous devez \u00eatre connect\u00e9 pour voir ce contenu. Veuillez consulter <a class=\"swpm-login-link\" href=\"https:\/\/www.immobilienbusiness.ch\/fr\/login\/?swpm_redirect_to=https%3A%2F%2Fwww.immobilienbusiness.ch%2Ffr%2Fwp-json%2Fwp%2Fv2%2Fposts%2F2233\">Connexion<\/a>. Vous n'\u00eates pas membre ? <a href=\"https:\/\/www.immobilienbusiness.ch\/fr\/registrieren\/\">Nous Rejoindre<\/a><\/div>","protected":false},"excerpt":{"rendered":"<p><span><span><span>La zone autour de la Schadenm\u00fchleplatz \u00e0 Baden (AG) doit \u00eatre r\u00e9am\u00e9nag\u00e9e et revaloris\u00e9e. Il est pr\u00e9vu de construire de nouveaux b\u00e2timents et d'am\u00e9nager un espace libre pour la population du quartier et de la ville. <\/span><\/span><\/span><\/p>","protected":false},"author":3,"featured_media":0,"comment_status":"closed","ping_status":"closed","sticky":false,"template":"","format":"standard","meta":{"_acf_changed":false,"_yoast_wpseo_focuskw":"Baden","_yoast_wpseo_title":"","_yoast_wpseo_metadesc":"Die Gegend rund um den Schadenm\u00fchleplatz in Baden (AG) soll umgestaltet und aufgewertet werden. Geplant sind Neubauten und eine Freifl\u00e4che f\u00fcr die Quartier- und Stadtbev\u00f6lkerung.","_yoast_wpseo_linkdex":48,"pgc_sgb_lightbox_settings":"","footnotes":""},"categories":[1951],"tags":[1956,1957,1989],"class_list":["post-2233","post","type-post","status-publish","format-standard","hentry","category-ib","tag-ag","tag-in-planung","tag-wohn-und-gewerbeimmobilie"],"acf":[],"yoast_head":"<!-- This site is optimized with the Yoast SEO plugin v27.5 - https:\/\/yoast.com\/product\/yoast-seo-wordpress\/ -->\n<title>Baden: Grosse Pl\u00e4ne f\u00fcr das Gebiet Schadenm\u00fchle - IMMOBILIEN Business<\/title>\n<meta name=\"description\" content=\"Die Gegend rund um den Schadenm\u00fchleplatz in Baden (AG) soll umgestaltet und aufgewertet werden. Geplant sind Neubauten und eine Freifl\u00e4che f\u00fcr die Quartier- und Stadtbev\u00f6lkerung.\" \/>\n<meta name=\"robots\" content=\"index, follow, max-snippet:-1, max-image-preview:large, max-video-preview:-1\" \/>\n<link rel=\"canonical\" href=\"https:\/\/www.immobilienbusiness.ch\/fr\/ib\/2021-09-03\/baden-grosse-plane-fur-das-gebiet-schadenmuhle\/\" \/>\n<meta property=\"og:locale\" content=\"fr_FR\" \/>\n<meta property=\"og:type\" content=\"article\" \/>\n<meta property=\"og:title\" content=\"Baden: Grosse Pl\u00e4ne f\u00fcr das Gebiet Schadenm\u00fchle - IMMOBILIEN Business\" \/>\n<meta property=\"og:description\" content=\"Die Gegend rund um den Schadenm\u00fchleplatz in Baden (AG) soll umgestaltet und aufgewertet werden. Geplant sind Neubauten und eine Freifl\u00e4che f\u00fcr die Quartier- und Stadtbev\u00f6lkerung.\" \/>\n<meta property=\"og:url\" content=\"https:\/\/www.immobilienbusiness.ch\/fr\/ib\/2021-09-03\/baden-grosse-plane-fur-das-gebiet-schadenmuhle\/\" \/>\n<meta property=\"og:site_name\" content=\"IMMOBILIEN Business\" \/>\n<meta property=\"article:publisher\" content=\"https:\/\/www.facebook.com\/immobilienbusiness\/\" \/>\n<meta property=\"article:published_time\" content=\"2021-09-03T07:27:32+00:00\" \/>\n<meta property=\"article:modified_time\" content=\"2023-06-29T07:32:16+00:00\" \/>\n<meta name=\"author\" content=\"anja.hall\" \/>\n<meta name=\"twitter:card\" content=\"summary_large_image\" \/>\n<script type=\"application\/ld+json\" class=\"yoast-schema-graph\">{\"@context\":\"https:\\\/\\\/schema.org\",\"@graph\":[{\"@type\":\"Article\",\"@id\":\"https:\\\/\\\/www.immobilienbusiness.ch\\\/it\\\/ib\\\/2021-09-03\\\/baden-grosse-plane-fur-das-gebiet-schadenmuhle\\\/#article\",\"isPartOf\":{\"@id\":\"https:\\\/\\\/www.immobilienbusiness.ch\\\/it\\\/ib\\\/2021-09-03\\\/baden-grosse-plane-fur-das-gebiet-schadenmuhle\\\/\"},\"author\":{\"name\":\"anja.hall\",\"@id\":\"https:\\\/\\\/www.immobilienbusiness.ch\\\/#\\\/schema\\\/person\\\/3fc036297b10b9f42d6db5ee932af8c8\"},\"headline\":\"Baden: Grosse Pl\u00e4ne f\u00fcr das Gebiet Schadenm\u00fchle\",\"datePublished\":\"2021-09-03T07:27:32+00:00\",\"dateModified\":\"2023-06-29T07:32:16+00:00\",\"mainEntityOfPage\":{\"@id\":\"https:\\\/\\\/www.immobilienbusiness.ch\\\/it\\\/ib\\\/2021-09-03\\\/baden-grosse-plane-fur-das-gebiet-schadenmuhle\\\/\"},\"wordCount\":201,\"publisher\":{\"@id\":\"https:\\\/\\\/www.immobilienbusiness.ch\\\/#organization\"},\"keywords\":[\"AG\",\"in Planung\",\"Wohn- und Gewerbeimmobilie\"],\"articleSection\":[\"IB+\"],\"inLanguage\":\"fr-FR\"},{\"@type\":\"WebPage\",\"@id\":\"https:\\\/\\\/www.immobilienbusiness.ch\\\/it\\\/ib\\\/2021-09-03\\\/baden-grosse-plane-fur-das-gebiet-schadenmuhle\\\/\",\"url\":\"https:\\\/\\\/www.immobilienbusiness.ch\\\/it\\\/ib\\\/2021-09-03\\\/baden-grosse-plane-fur-das-gebiet-schadenmuhle\\\/\",\"name\":\"Baden: Grosse Pl\u00e4ne f\u00fcr das Gebiet Schadenm\u00fchle - IMMOBILIEN Business\",\"isPartOf\":{\"@id\":\"https:\\\/\\\/www.immobilienbusiness.ch\\\/#website\"},\"datePublished\":\"2021-09-03T07:27:32+00:00\",\"dateModified\":\"2023-06-29T07:32:16+00:00\",\"description\":\"Die Gegend rund um den Schadenm\u00fchleplatz in Baden (AG) soll umgestaltet und aufgewertet werden. Geplant sind Neubauten und eine Freifl\u00e4che f\u00fcr die Quartier- und Stadtbev\u00f6lkerung.\",\"breadcrumb\":{\"@id\":\"https:\\\/\\\/www.immobilienbusiness.ch\\\/it\\\/ib\\\/2021-09-03\\\/baden-grosse-plane-fur-das-gebiet-schadenmuhle\\\/#breadcrumb\"},\"inLanguage\":\"fr-FR\",\"potentialAction\":[{\"@type\":\"ReadAction\",\"target\":[\"https:\\\/\\\/www.immobilienbusiness.ch\\\/it\\\/ib\\\/2021-09-03\\\/baden-grosse-plane-fur-das-gebiet-schadenmuhle\\\/\"]}]},{\"@type\":\"BreadcrumbList\",\"@id\":\"https:\\\/\\\/www.immobilienbusiness.ch\\\/it\\\/ib\\\/2021-09-03\\\/baden-grosse-plane-fur-das-gebiet-schadenmuhle\\\/#breadcrumb\",\"itemListElement\":[{\"@type\":\"ListItem\",\"position\":1,\"name\":\"Home\",\"item\":\"https:\\\/\\\/www.immobilienbusiness.ch\\\/\"},{\"@type\":\"ListItem\",\"position\":2,\"name\":\"Baden: Grosse Pl\u00e4ne f\u00fcr das Gebiet Schadenm\u00fchle\"}]},{\"@type\":\"WebSite\",\"@id\":\"https:\\\/\\\/www.immobilienbusiness.ch\\\/#website\",\"url\":\"https:\\\/\\\/www.immobilienbusiness.ch\\\/\",\"name\":\"IMMOBILIEN Business\",\"description\":\"Unabh\u00e4ngiges Schweizer Wirtschaftsmagazin mit Fokus auf Immobilien, Architektur- und Bau sowie Investment- und Finanzierung.\",\"publisher\":{\"@id\":\"https:\\\/\\\/www.immobilienbusiness.ch\\\/#organization\"},\"potentialAction\":[{\"@type\":\"SearchAction\",\"target\":{\"@type\":\"EntryPoint\",\"urlTemplate\":\"https:\\\/\\\/www.immobilienbusiness.ch\\\/?s={search_term_string}\"},\"query-input\":{\"@type\":\"PropertyValueSpecification\",\"valueRequired\":true,\"valueName\":\"search_term_string\"}}],\"inLanguage\":\"fr-FR\"},{\"@type\":\"Organization\",\"@id\":\"https:\\\/\\\/www.immobilienbusiness.ch\\\/#organization\",\"name\":\"IMMOBILIEN Business\",\"url\":\"https:\\\/\\\/www.immobilienbusiness.ch\\\/\",\"logo\":{\"@type\":\"ImageObject\",\"inLanguage\":\"fr-FR\",\"@id\":\"https:\\\/\\\/www.immobilienbusiness.ch\\\/#\\\/schema\\\/logo\\\/image\\\/\",\"url\":\"https:\\\/\\\/www.immobilienbusiness.ch\\\/wp-content\\\/uploads\\\/2021\\\/07\\\/logo_ib.png\",\"contentUrl\":\"https:\\\/\\\/www.immobilienbusiness.ch\\\/wp-content\\\/uploads\\\/2021\\\/07\\\/logo_ib.png\",\"width\":800,\"height\":181,\"caption\":\"IMMOBILIEN Business\"},\"image\":{\"@id\":\"https:\\\/\\\/www.immobilienbusiness.ch\\\/#\\\/schema\\\/logo\\\/image\\\/\"},\"sameAs\":[\"https:\\\/\\\/www.facebook.com\\\/immobilienbusiness\\\/\"]},{\"@type\":\"Person\",\"@id\":\"https:\\\/\\\/www.immobilienbusiness.ch\\\/#\\\/schema\\\/person\\\/3fc036297b10b9f42d6db5ee932af8c8\",\"name\":\"anja.hall\",\"image\":{\"@type\":\"ImageObject\",\"inLanguage\":\"fr-FR\",\"@id\":\"https:\\\/\\\/secure.gravatar.com\\\/avatar\\\/066b5a0d447013502c71a5782f4f3469f03cfe595cc2329fb94652fe47511bfb?s=96&d=mm&r=g\",\"url\":\"https:\\\/\\\/secure.gravatar.com\\\/avatar\\\/066b5a0d447013502c71a5782f4f3469f03cfe595cc2329fb94652fe47511bfb?s=96&d=mm&r=g\",\"contentUrl\":\"https:\\\/\\\/secure.gravatar.com\\\/avatar\\\/066b5a0d447013502c71a5782f4f3469f03cfe595cc2329fb94652fe47511bfb?s=96&d=mm&r=g\",\"caption\":\"anja.hall\"},\"url\":\"https:\\\/\\\/www.immobilienbusiness.ch\\\/fr\\\/author\\\/anja-hall\\\/\"}]}<\/script>\n<!-- \/ Yoast SEO plugin. -->","yoast_head_json":{"title":"Baden: Grosse Pl\u00e4ne f\u00fcr das Gebiet Schadenm\u00fchle - IMMOBILIEN Business","description":"La zone autour de la Schadenm\u00fchleplatz \u00e0 Baden (AG) doit \u00eatre r\u00e9am\u00e9nag\u00e9e et revaloris\u00e9e. Il est pr\u00e9vu de construire de nouveaux b\u00e2timents et d'am\u00e9nager un espace libre pour la population du quartier et de la ville.","robots":{"index":"index","follow":"follow","max-snippet":"max-snippet:-1","max-image-preview":"max-image-preview:large","max-video-preview":"max-video-preview:-1"},"canonical":"https:\/\/www.immobilienbusiness.ch\/fr\/ib\/2021-09-03\/baden-grosse-plane-fur-das-gebiet-schadenmuhle\/","og_locale":"fr_FR","og_type":"article","og_title":"Baden: Grosse Pl\u00e4ne f\u00fcr das Gebiet Schadenm\u00fchle - IMMOBILIEN Business","og_description":"Die Gegend rund um den Schadenm\u00fchleplatz in Baden (AG) soll umgestaltet und aufgewertet werden. Geplant sind Neubauten und eine Freifl\u00e4che f\u00fcr die Quartier- und Stadtbev\u00f6lkerung.","og_url":"https:\/\/www.immobilienbusiness.ch\/fr\/ib\/2021-09-03\/baden-grosse-plane-fur-das-gebiet-schadenmuhle\/","og_site_name":"IMMOBILIEN Business","article_publisher":"https:\/\/www.facebook.com\/immobilienbusiness\/","article_published_time":"2021-09-03T07:27:32+00:00","article_modified_time":"2023-06-29T07:32:16+00:00","author":"anja.hall","twitter_card":"summary_large_image","schema":{"@context":"https:\/\/schema.org","@graph":[{"@type":"Article","@id":"https:\/\/www.immobilienbusiness.ch\/it\/ib\/2021-09-03\/baden-grosse-plane-fur-das-gebiet-schadenmuhle\/#article","isPartOf":{"@id":"https:\/\/www.immobilienbusiness.ch\/it\/ib\/2021-09-03\/baden-grosse-plane-fur-das-gebiet-schadenmuhle\/"},"author":{"name":"anja.hall","@id":"https:\/\/www.immobilienbusiness.ch\/#\/schema\/person\/3fc036297b10b9f42d6db5ee932af8c8"},"headline":"Baden: Grosse Pl\u00e4ne f\u00fcr das Gebiet Schadenm\u00fchle","datePublished":"2021-09-03T07:27:32+00:00","dateModified":"2023-06-29T07:32:16+00:00","mainEntityOfPage":{"@id":"https:\/\/www.immobilienbusiness.ch\/it\/ib\/2021-09-03\/baden-grosse-plane-fur-das-gebiet-schadenmuhle\/"},"wordCount":201,"publisher":{"@id":"https:\/\/www.immobilienbusiness.ch\/#organization"},"keywords":["AG","in Planung","Wohn- und Gewerbeimmobilie"],"articleSection":["IB+"],"inLanguage":"fr-FR"},{"@type":"WebPage","@id":"https:\/\/www.immobilienbusiness.ch\/it\/ib\/2021-09-03\/baden-grosse-plane-fur-das-gebiet-schadenmuhle\/","url":"https:\/\/www.immobilienbusiness.ch\/it\/ib\/2021-09-03\/baden-grosse-plane-fur-das-gebiet-schadenmuhle\/","name":"Baden: Grosse Pl\u00e4ne f\u00fcr das Gebiet Schadenm\u00fchle - IMMOBILIEN Business","isPartOf":{"@id":"https:\/\/www.immobilienbusiness.ch\/#website"},"datePublished":"2021-09-03T07:27:32+00:00","dateModified":"2023-06-29T07:32:16+00:00","description":"La zone autour de la Schadenm\u00fchleplatz \u00e0 Baden (AG) doit \u00eatre r\u00e9am\u00e9nag\u00e9e et revaloris\u00e9e. Il est pr\u00e9vu de construire de nouveaux b\u00e2timents et d'am\u00e9nager un espace libre pour la population du quartier et de la ville.","breadcrumb":{"@id":"https:\/\/www.immobilienbusiness.ch\/it\/ib\/2021-09-03\/baden-grosse-plane-fur-das-gebiet-schadenmuhle\/#breadcrumb"},"inLanguage":"fr-FR","potentialAction":[{"@type":"ReadAction","target":["https:\/\/www.immobilienbusiness.ch\/it\/ib\/2021-09-03\/baden-grosse-plane-fur-das-gebiet-schadenmuhle\/"]}]},{"@type":"BreadcrumbList","@id":"https:\/\/www.immobilienbusiness.ch\/it\/ib\/2021-09-03\/baden-grosse-plane-fur-das-gebiet-schadenmuhle\/#breadcrumb","itemListElement":[{"@type":"ListItem","position":1,"name":"Home","item":"https:\/\/www.immobilienbusiness.ch\/"},{"@type":"ListItem","position":2,"name":"Baden: Grosse Pl\u00e4ne f\u00fcr das Gebiet Schadenm\u00fchle"}]},{"@type":"WebSite","@id":"https:\/\/www.immobilienbusiness.ch\/#website","url":"https:\/\/www.immobilienbusiness.ch\/","name":"IMMOBILIER Business","description":"Magazine \u00e9conomique suisse ind\u00e9pendant ax\u00e9 sur l'immobilier, l'architecture et la construction ainsi que sur les investissements et le financement.","publisher":{"@id":"https:\/\/www.immobilienbusiness.ch\/#organization"},"potentialAction":[{"@type":"SearchAction","target":{"@type":"EntryPoint","urlTemplate":"https:\/\/www.immobilienbusiness.ch\/?s={search_term_string}"},"query-input":{"@type":"PropertyValueSpecification","valueRequired":true,"valueName":"search_term_string"}}],"inLanguage":"fr-FR"},{"@type":"Organization","@id":"https:\/\/www.immobilienbusiness.ch\/#organization","name":"IMMOBILIER Business","url":"https:\/\/www.immobilienbusiness.ch\/","logo":{"@type":"ImageObject","inLanguage":"fr-FR","@id":"https:\/\/www.immobilienbusiness.ch\/#\/schema\/logo\/image\/","url":"https:\/\/www.immobilienbusiness.ch\/wp-content\/uploads\/2021\/07\/logo_ib.png","contentUrl":"https:\/\/www.immobilienbusiness.ch\/wp-content\/uploads\/2021\/07\/logo_ib.png","width":800,"height":181,"caption":"IMMOBILIEN Business"},"image":{"@id":"https:\/\/www.immobilienbusiness.ch\/#\/schema\/logo\/image\/"},"sameAs":["https:\/\/www.facebook.com\/immobilienbusiness\/"]},{"@type":"Person","@id":"https:\/\/www.immobilienbusiness.ch\/#\/schema\/person\/3fc036297b10b9f42d6db5ee932af8c8","name":"anja.hall","image":{"@type":"ImageObject","inLanguage":"fr-FR","@id":"https:\/\/secure.gravatar.com\/avatar\/066b5a0d447013502c71a5782f4f3469f03cfe595cc2329fb94652fe47511bfb?s=96&d=mm&r=g","url":"https:\/\/secure.gravatar.com\/avatar\/066b5a0d447013502c71a5782f4f3469f03cfe595cc2329fb94652fe47511bfb?s=96&d=mm&r=g","contentUrl":"https:\/\/secure.gravatar.com\/avatar\/066b5a0d447013502c71a5782f4f3469f03cfe595cc2329fb94652fe47511bfb?s=96&d=mm&r=g","caption":"anja.hall"},"url":"https:\/\/www.immobilienbusiness.ch\/fr\/author\/anja-hall\/"}]}},"_links":{"self":[{"href":"https:\/\/www.immobilienbusiness.ch\/fr\/wp-json\/wp\/v2\/posts\/2233","targetHints":{"allow":["GET"]}}],"collection":[{"href":"https:\/\/www.immobilienbusiness.ch\/fr\/wp-json\/wp\/v2\/posts"}],"about":[{"href":"https:\/\/www.immobilienbusiness.ch\/fr\/wp-json\/wp\/v2\/types\/post"}],"author":[{"embeddable":true,"href":"https:\/\/www.immobilienbusiness.ch\/fr\/wp-json\/wp\/v2\/users\/3"}],"replies":[{"embeddable":true,"href":"https:\/\/www.immobilienbusiness.ch\/fr\/wp-json\/wp\/v2\/comments?post=2233"}],"version-history":[{"count":1,"href":"https:\/\/www.immobilienbusiness.ch\/fr\/wp-json\/wp\/v2\/posts\/2233\/revisions"}],"predecessor-version":[{"id":48685,"href":"https:\/\/www.immobilienbusiness.ch\/fr\/wp-json\/wp\/v2\/posts\/2233\/revisions\/48685"}],"wp:attachment":[{"href":"https:\/\/www.immobilienbusiness.ch\/fr\/wp-json\/wp\/v2\/media?parent=2233"}],"wp:term":[{"taxonomy":"category","embeddable":true,"href":"https:\/\/www.immobilienbusiness.ch\/fr\/wp-json\/wp\/v2\/categories?post=2233"},{"taxonomy":"post_tag","embeddable":true,"href":"https:\/\/www.immobilienbusiness.ch\/fr\/wp-json\/wp\/v2\/tags?post=2233"}],"curies":[{"name":"wp","href":"https:\/\/api.w.org\/{rel}","templated":true}]}}