{"id":22258,"date":"2020-09-04T08:05:09","date_gmt":"2020-09-04T06:05:09","guid":{"rendered":"https:\/\/www.immobilienbusiness.ch\/?p=22258"},"modified":"2020-09-04T08:05:09","modified_gmt":"2020-09-04T06:05:09","slug":"espace-real-estate-mit-gewinnplus-im-ersten-halbjahr","status":"publish","type":"post","link":"https:\/\/www.immobilienbusiness.ch\/fr\/unternehmen\/2020-09-04\/espace-real-estate-mit-gewinnplus-im-ersten-halbjahr\/","title":{"rendered":"Espace Real Estate avec une augmentation du b\u00e9n\u00e9fice au premier semestre"},"content":{"rendered":"<figure id=\"attachment_8786\" aria-describedby=\"caption-attachment-8786\" style=\"width: 680px\" class=\"wp-caption alignnone\"><img loading=\"lazy\" decoding=\"async\" class=\"size-medium wp-image-8786\" src=\"https:\/\/www.immobilienbusiness.ch\/wp-content\/uploads\/2017\/08\/IB-News-22082017-SFPI-vorl\u00e4ufige-Halbjahreszahlen_Depositphotos_64056199.jpg\" alt=\"\" width=\"680\" height=\"455\" \/><figcaption id=\"caption-attachment-8786\" class=\"wp-caption-text\">Espace Real Estate a augment\u00e9 son b\u00e9n\u00e9fice au premier semestre 2020 (photo : valphoto - depositphotos)<\/figcaption><\/figure>\n<p>Selon Espace Real Estate, l'augmentation du b\u00e9n\u00e9fice est influenc\u00e9e positivement par l'adaptation des provisions pour imp\u00f4ts latents \u00e0 hauteur de 3,8 millions suite \u00e0 la r\u00e9forme fiscale dans le canton de Soleure. Sans ces effets sp\u00e9ciaux, le b\u00e9n\u00e9fice de la p\u00e9riode aurait augment\u00e9 d'environ 25% par rapport \u00e0 la m\u00eame p\u00e9riode de l'ann\u00e9e pr\u00e9c\u00e9dente.<\/p>\n<p>Espace estime actuellement \u00e0 0,7 million les pertes de loyers commerciaux attendues suite au lockdown. Le r\u00e9sultat des immeubles a n\u00e9anmoins augment\u00e9 de 8,3% pour atteindre 13,95 millions (ann\u00e9e pr\u00e9c\u00e9dente : 12,88 millions). Au premier semestre, les revenus locatifs des 171 appartements achev\u00e9s l'ann\u00e9e pr\u00e9c\u00e9dente ainsi que les revenus locatifs du nouveau si\u00e8ge de Schaffner ont \u00e9t\u00e9 int\u00e9gr\u00e9s dans le r\u00e9sultat. De plus, le rajeunissement du portefeuille et la r\u00e9duction des charges immobili\u00e8res qui en d\u00e9coule ont eu un effet positif sur le r\u00e9sultat.<\/p>\n<p>Le taux de vacance des immeubles de rapport est chiffr\u00e9 \u00e0 5,85% et comprend \u00e9galement les locaux vacants de l'immeuble Zuchwilerstrasse 41\/43 \u00e0 Soleure, qui fait l'objet d'une r\u00e9novation g\u00e9n\u00e9rale. De nouveaux contrats de location ont d\u00e9j\u00e0 \u00e9t\u00e9 conclus pour une grande partie des surfaces de services en cours de r\u00e9novation situ\u00e9es directement \u00e0 la gare de Soleure, pr\u00e9cise Espace.<\/p>\n<p>Le r\u00e9sultat de la r\u00e9\u00e9valuation s'est \u00e9lev\u00e9 \u00e0 1,02 million (ann\u00e9e pr\u00e9c\u00e9dente : 0,48 million). Il n'y a pas eu d'achats suppl\u00e9mentaires durant la p\u00e9riode sous revue, des parts de propri\u00e9t\u00e9 par \u00e9tage non conformes \u00e0 la strat\u00e9gie ont \u00e9t\u00e9 vendues \u00e0 Soleure. La valeur de march\u00e9 du portefeuille immobilier a augment\u00e9 au premier semestre 2020, passant de 700,3 millions \u00e0 la fin 2019 \u00e0 702,6 millions.<\/p>\n<h2>Pipeline de projets de 80 millions de CHF<\/h2>\n<p>Espace a actuellement dans son pipeline des investissements dans des immeubles de rapport, principalement dans le segment de l'habitat, pour un montant d'environ 80,0 millions. Les projets de d\u00e9veloppement sont ax\u00e9s sur les changements sociaux et l'\u00e9volution du march\u00e9 immobilier, par exemple en ce qui concerne la demande de petits logements, les concepts de partage ou les formes d'habitat durables et \u00e9conomes en ressources. Une attention particuli\u00e8re est \u00e9galement accord\u00e9e \u00e0 la demande croissante de logements \u00e0 bas prix.<\/p>\n<p>La soci\u00e9t\u00e9 immobili\u00e8re indique en outre qu'en plus de son activit\u00e9 principale, les investissements dans des installations solaires deviennent une alternative de placement valable. Dans le cadre d'un regroupement pour la consommation propre (ZEV), des installations ont \u00e9t\u00e9 mises en place sur sept b\u00e2timents, ce qui a contribu\u00e9 positivement au produit d'exploitation au premier semestre 2020. D'autres installations sont en cours de planification, pr\u00e9cise Espace.<\/p>\n<p>M\u00eame si les effets de la pand\u00e9mie de coronavirus ne devraient pas se manifester avant le trimestre en cours ou le suivant, Espace est confiant dans le fait que l'entreprise \"traversera la crise de mani\u00e8re robuste\". La soci\u00e9t\u00e9 s'attend \u00e0 un \"solide r\u00e9sultat annuel 2020\", pour autant que les conditions \u00e9conomiques ne se d\u00e9t\u00e9riorent pas. <em>(ah)<\/em><\/p>","protected":false},"excerpt":{"rendered":"<p>Espace Real Estate a, selon ses propres dires, bien travers\u00e9 les derniers mois marqu\u00e9s par la pand\u00e9mie Covid-19. Le b\u00e9n\u00e9fice de la p\u00e9riode est pass\u00e9 de 6,8 \u00e0 12,3 millions de francs suisses au premier semestre.<\/p>","protected":false},"author":3,"featured_media":6053,"comment_status":"closed","ping_status":"open","sticky":false,"template":"","format":"standard","meta":{"_acf_changed":false,"_yoast_wpseo_focuskw":"Espace","_yoast_wpseo_title":"","_yoast_wpseo_metadesc":"Espace Real Estate ist nach eigenen Angaben gut durch die vergangenen, von der Covid-19-Pandemie gepr\u00e4gten Monate gekommen.","_yoast_wpseo_linkdex":59,"pgc_sgb_lightbox_settings":"","footnotes":""},"categories":[988],"tags":[1206,1290,1863],"class_list":["post-22258","post","type-post","status-publish","format-standard","has-post-thumbnail","hentry","category-unternehmen","tag-espace-real-estate","tag-halbjahresergebnis","tag-wohnimmobilien"],"acf":[],"yoast_head":"<!-- This site is optimized with the Yoast SEO plugin v27.4 - https:\/\/yoast.com\/product\/yoast-seo-wordpress\/ -->\n<title>Espace Real Estate mit Gewinnplus im ersten Halbjahr - IMMOBILIEN Business<\/title>\n<meta name=\"description\" content=\"Espace Real Estate ist nach eigenen Angaben gut durch die vergangenen, von der Covid-19-Pandemie gepr\u00e4gten Monate gekommen.\" \/>\n<meta name=\"robots\" content=\"index, follow, max-snippet:-1, max-image-preview:large, max-video-preview:-1\" \/>\n<link rel=\"canonical\" href=\"https:\/\/www.immobilienbusiness.ch\/fr\/unternehmen\/2020-09-04\/espace-real-estate-mit-gewinnplus-im-ersten-halbjahr\/\" \/>\n<meta property=\"og:locale\" content=\"fr_FR\" \/>\n<meta property=\"og:type\" content=\"article\" \/>\n<meta property=\"og:title\" content=\"Espace Real Estate mit Gewinnplus im ersten Halbjahr - IMMOBILIEN Business\" \/>\n<meta property=\"og:description\" content=\"Espace Real Estate ist nach eigenen Angaben gut durch die vergangenen, von der Covid-19-Pandemie gepr\u00e4gten Monate gekommen.\" \/>\n<meta property=\"og:url\" content=\"https:\/\/www.immobilienbusiness.ch\/fr\/unternehmen\/2020-09-04\/espace-real-estate-mit-gewinnplus-im-ersten-halbjahr\/\" \/>\n<meta property=\"og:site_name\" content=\"IMMOBILIEN Business\" \/>\n<meta property=\"article:publisher\" content=\"https:\/\/www.facebook.com\/immobilienbusiness\/\" \/>\n<meta property=\"article:published_time\" content=\"2020-09-04T06:05:09+00:00\" \/>\n<meta property=\"og:image\" content=\"https:\/\/www.immobilienbusiness.ch\/wp-content\/uploads\/2017\/08\/IB-News-22082017-SFPI-vorlaeufige-Halbjahreszahlen_Depositphotos_64056199.jpg\" \/>\n\t<meta property=\"og:image:width\" content=\"680\" \/>\n\t<meta property=\"og:image:height\" content=\"455\" \/>\n\t<meta property=\"og:image:type\" content=\"image\/jpeg\" \/>\n<meta name=\"author\" content=\"anja.hall\" \/>\n<meta name=\"twitter:card\" content=\"summary_large_image\" \/>\n<meta name=\"twitter:image\" content=\"https:\/\/www.immobilienbusiness.ch\/wp-content\/uploads\/2017\/08\/IB-News-22082017-SFPI-vorlaeufige-Halbjahreszahlen_Depositphotos_64056199.jpg\" \/>\n<script type=\"application\/ld+json\" class=\"yoast-schema-graph\">{\"@context\":\"https:\\\/\\\/schema.org\",\"@graph\":[{\"@type\":\"Article\",\"@id\":\"https:\\\/\\\/www.immobilienbusiness.ch\\\/en\\\/unternehmen\\\/2020-09-04\\\/espace-real-estate-mit-gewinnplus-im-ersten-halbjahr\\\/#article\",\"isPartOf\":{\"@id\":\"https:\\\/\\\/www.immobilienbusiness.ch\\\/en\\\/unternehmen\\\/2020-09-04\\\/espace-real-estate-mit-gewinnplus-im-ersten-halbjahr\\\/\"},\"author\":{\"name\":\"anja.hall\",\"@id\":\"https:\\\/\\\/www.immobilienbusiness.ch\\\/#\\\/schema\\\/person\\\/3fc036297b10b9f42d6db5ee932af8c8\"},\"headline\":\"Espace Real Estate mit Gewinnplus im ersten Halbjahr\",\"datePublished\":\"2020-09-04T06:05:09+00:00\",\"mainEntityOfPage\":{\"@id\":\"https:\\\/\\\/www.immobilienbusiness.ch\\\/en\\\/unternehmen\\\/2020-09-04\\\/espace-real-estate-mit-gewinnplus-im-ersten-halbjahr\\\/\"},\"wordCount\":387,\"publisher\":{\"@id\":\"https:\\\/\\\/www.immobilienbusiness.ch\\\/#organization\"},\"image\":{\"@id\":\"https:\\\/\\\/www.immobilienbusiness.ch\\\/en\\\/unternehmen\\\/2020-09-04\\\/espace-real-estate-mit-gewinnplus-im-ersten-halbjahr\\\/#primaryimage\"},\"thumbnailUrl\":\"https:\\\/\\\/www.immobilienbusiness.ch\\\/wp-content\\\/uploads\\\/2017\\\/01\\\/Depositphotos_64056199_l-2015.jpg\",\"keywords\":[\"Espace Real Estate\",\"Halbjahresergebnis\",\"Wohnimmobilien\"],\"articleSection\":[\"UNTERNEHMEN\"],\"inLanguage\":\"fr-FR\"},{\"@type\":\"WebPage\",\"@id\":\"https:\\\/\\\/www.immobilienbusiness.ch\\\/en\\\/unternehmen\\\/2020-09-04\\\/espace-real-estate-mit-gewinnplus-im-ersten-halbjahr\\\/\",\"url\":\"https:\\\/\\\/www.immobilienbusiness.ch\\\/en\\\/unternehmen\\\/2020-09-04\\\/espace-real-estate-mit-gewinnplus-im-ersten-halbjahr\\\/\",\"name\":\"Espace Real Estate mit Gewinnplus im ersten Halbjahr - IMMOBILIEN Business\",\"isPartOf\":{\"@id\":\"https:\\\/\\\/www.immobilienbusiness.ch\\\/#website\"},\"primaryImageOfPage\":{\"@id\":\"https:\\\/\\\/www.immobilienbusiness.ch\\\/en\\\/unternehmen\\\/2020-09-04\\\/espace-real-estate-mit-gewinnplus-im-ersten-halbjahr\\\/#primaryimage\"},\"image\":{\"@id\":\"https:\\\/\\\/www.immobilienbusiness.ch\\\/en\\\/unternehmen\\\/2020-09-04\\\/espace-real-estate-mit-gewinnplus-im-ersten-halbjahr\\\/#primaryimage\"},\"thumbnailUrl\":\"https:\\\/\\\/www.immobilienbusiness.ch\\\/wp-content\\\/uploads\\\/2017\\\/01\\\/Depositphotos_64056199_l-2015.jpg\",\"datePublished\":\"2020-09-04T06:05:09+00:00\",\"description\":\"Espace Real Estate ist nach eigenen Angaben gut durch die vergangenen, von der Covid-19-Pandemie gepr\u00e4gten Monate gekommen.\",\"breadcrumb\":{\"@id\":\"https:\\\/\\\/www.immobilienbusiness.ch\\\/en\\\/unternehmen\\\/2020-09-04\\\/espace-real-estate-mit-gewinnplus-im-ersten-halbjahr\\\/#breadcrumb\"},\"inLanguage\":\"fr-FR\",\"potentialAction\":[{\"@type\":\"ReadAction\",\"target\":[\"https:\\\/\\\/www.immobilienbusiness.ch\\\/en\\\/unternehmen\\\/2020-09-04\\\/espace-real-estate-mit-gewinnplus-im-ersten-halbjahr\\\/\"]}]},{\"@type\":\"ImageObject\",\"inLanguage\":\"fr-FR\",\"@id\":\"https:\\\/\\\/www.immobilienbusiness.ch\\\/en\\\/unternehmen\\\/2020-09-04\\\/espace-real-estate-mit-gewinnplus-im-ersten-halbjahr\\\/#primaryimage\",\"url\":\"https:\\\/\\\/www.immobilienbusiness.ch\\\/wp-content\\\/uploads\\\/2017\\\/01\\\/Depositphotos_64056199_l-2015.jpg\",\"contentUrl\":\"https:\\\/\\\/www.immobilienbusiness.ch\\\/wp-content\\\/uploads\\\/2017\\\/01\\\/Depositphotos_64056199_l-2015.jpg\",\"width\":2000,\"height\":1339,\"caption\":\"Der Fonds kam 2024 beim Gesamterfolg nahe an die schwarzen Zahlen heran (Foto: valphoto - deposit photos)\"},{\"@type\":\"BreadcrumbList\",\"@id\":\"https:\\\/\\\/www.immobilienbusiness.ch\\\/en\\\/unternehmen\\\/2020-09-04\\\/espace-real-estate-mit-gewinnplus-im-ersten-halbjahr\\\/#breadcrumb\",\"itemListElement\":[{\"@type\":\"ListItem\",\"position\":1,\"name\":\"Home\",\"item\":\"https:\\\/\\\/www.immobilienbusiness.ch\\\/\"},{\"@type\":\"ListItem\",\"position\":2,\"name\":\"Espace Real Estate mit Gewinnplus im ersten Halbjahr\"}]},{\"@type\":\"WebSite\",\"@id\":\"https:\\\/\\\/www.immobilienbusiness.ch\\\/#website\",\"url\":\"https:\\\/\\\/www.immobilienbusiness.ch\\\/\",\"name\":\"IMMOBILIEN Business\",\"description\":\"Unabh\u00e4ngiges Schweizer Wirtschaftsmagazin mit Fokus auf Immobilien, Architektur- und Bau sowie Investment- und Finanzierung.\",\"publisher\":{\"@id\":\"https:\\\/\\\/www.immobilienbusiness.ch\\\/#organization\"},\"potentialAction\":[{\"@type\":\"SearchAction\",\"target\":{\"@type\":\"EntryPoint\",\"urlTemplate\":\"https:\\\/\\\/www.immobilienbusiness.ch\\\/?s={search_term_string}\"},\"query-input\":{\"@type\":\"PropertyValueSpecification\",\"valueRequired\":true,\"valueName\":\"search_term_string\"}}],\"inLanguage\":\"fr-FR\"},{\"@type\":\"Organization\",\"@id\":\"https:\\\/\\\/www.immobilienbusiness.ch\\\/#organization\",\"name\":\"IMMOBILIEN Business\",\"url\":\"https:\\\/\\\/www.immobilienbusiness.ch\\\/\",\"logo\":{\"@type\":\"ImageObject\",\"inLanguage\":\"fr-FR\",\"@id\":\"https:\\\/\\\/www.immobilienbusiness.ch\\\/#\\\/schema\\\/logo\\\/image\\\/\",\"url\":\"https:\\\/\\\/www.immobilienbusiness.ch\\\/wp-content\\\/uploads\\\/2021\\\/07\\\/logo_ib.png\",\"contentUrl\":\"https:\\\/\\\/www.immobilienbusiness.ch\\\/wp-content\\\/uploads\\\/2021\\\/07\\\/logo_ib.png\",\"width\":800,\"height\":181,\"caption\":\"IMMOBILIEN Business\"},\"image\":{\"@id\":\"https:\\\/\\\/www.immobilienbusiness.ch\\\/#\\\/schema\\\/logo\\\/image\\\/\"},\"sameAs\":[\"https:\\\/\\\/www.facebook.com\\\/immobilienbusiness\\\/\"]},{\"@type\":\"Person\",\"@id\":\"https:\\\/\\\/www.immobilienbusiness.ch\\\/#\\\/schema\\\/person\\\/3fc036297b10b9f42d6db5ee932af8c8\",\"name\":\"anja.hall\",\"image\":{\"@type\":\"ImageObject\",\"inLanguage\":\"fr-FR\",\"@id\":\"https:\\\/\\\/secure.gravatar.com\\\/avatar\\\/066b5a0d447013502c71a5782f4f3469f03cfe595cc2329fb94652fe47511bfb?s=96&d=mm&r=g\",\"url\":\"https:\\\/\\\/secure.gravatar.com\\\/avatar\\\/066b5a0d447013502c71a5782f4f3469f03cfe595cc2329fb94652fe47511bfb?s=96&d=mm&r=g\",\"contentUrl\":\"https:\\\/\\\/secure.gravatar.com\\\/avatar\\\/066b5a0d447013502c71a5782f4f3469f03cfe595cc2329fb94652fe47511bfb?s=96&d=mm&r=g\",\"caption\":\"anja.hall\"},\"url\":\"https:\\\/\\\/www.immobilienbusiness.ch\\\/fr\\\/author\\\/anja-hall\\\/\"}]}<\/script>\n<!-- \/ Yoast SEO plugin. -->","yoast_head_json":{"title":"Espace Real Estate mit Gewinnplus im ersten Halbjahr - IMMOBILIEN Business","description":"Espace Real Estate ist nach eigenen Angaben gut durch die vergangenen, von der Covid-19-Pandemie gepr\u00e4gten Monate gekommen.","robots":{"index":"index","follow":"follow","max-snippet":"max-snippet:-1","max-image-preview":"max-image-preview:large","max-video-preview":"max-video-preview:-1"},"canonical":"https:\/\/www.immobilienbusiness.ch\/fr\/unternehmen\/2020-09-04\/espace-real-estate-mit-gewinnplus-im-ersten-halbjahr\/","og_locale":"fr_FR","og_type":"article","og_title":"Espace Real Estate mit Gewinnplus im ersten Halbjahr - IMMOBILIEN Business","og_description":"Espace Real Estate ist nach eigenen Angaben gut durch die vergangenen, von der Covid-19-Pandemie gepr\u00e4gten Monate gekommen.","og_url":"https:\/\/www.immobilienbusiness.ch\/fr\/unternehmen\/2020-09-04\/espace-real-estate-mit-gewinnplus-im-ersten-halbjahr\/","og_site_name":"IMMOBILIEN Business","article_publisher":"https:\/\/www.facebook.com\/immobilienbusiness\/","article_published_time":"2020-09-04T06:05:09+00:00","og_image":[{"width":680,"height":455,"url":"https:\/\/www.immobilienbusiness.ch\/wp-content\/uploads\/2017\/08\/IB-News-22082017-SFPI-vorlaeufige-Halbjahreszahlen_Depositphotos_64056199.jpg","type":"image\/jpeg"}],"author":"anja.hall","twitter_card":"summary_large_image","twitter_image":"https:\/\/www.immobilienbusiness.ch\/wp-content\/uploads\/2017\/08\/IB-News-22082017-SFPI-vorlaeufige-Halbjahreszahlen_Depositphotos_64056199.jpg","schema":{"@context":"https:\/\/schema.org","@graph":[{"@type":"Article","@id":"https:\/\/www.immobilienbusiness.ch\/en\/unternehmen\/2020-09-04\/espace-real-estate-mit-gewinnplus-im-ersten-halbjahr\/#article","isPartOf":{"@id":"https:\/\/www.immobilienbusiness.ch\/en\/unternehmen\/2020-09-04\/espace-real-estate-mit-gewinnplus-im-ersten-halbjahr\/"},"author":{"name":"anja.hall","@id":"https:\/\/www.immobilienbusiness.ch\/#\/schema\/person\/3fc036297b10b9f42d6db5ee932af8c8"},"headline":"Espace Real Estate mit Gewinnplus im ersten Halbjahr","datePublished":"2020-09-04T06:05:09+00:00","mainEntityOfPage":{"@id":"https:\/\/www.immobilienbusiness.ch\/en\/unternehmen\/2020-09-04\/espace-real-estate-mit-gewinnplus-im-ersten-halbjahr\/"},"wordCount":387,"publisher":{"@id":"https:\/\/www.immobilienbusiness.ch\/#organization"},"image":{"@id":"https:\/\/www.immobilienbusiness.ch\/en\/unternehmen\/2020-09-04\/espace-real-estate-mit-gewinnplus-im-ersten-halbjahr\/#primaryimage"},"thumbnailUrl":"https:\/\/www.immobilienbusiness.ch\/wp-content\/uploads\/2017\/01\/Depositphotos_64056199_l-2015.jpg","keywords":["Espace Real Estate","Halbjahresergebnis","Wohnimmobilien"],"articleSection":["UNTERNEHMEN"],"inLanguage":"fr-FR"},{"@type":"WebPage","@id":"https:\/\/www.immobilienbusiness.ch\/en\/unternehmen\/2020-09-04\/espace-real-estate-mit-gewinnplus-im-ersten-halbjahr\/","url":"https:\/\/www.immobilienbusiness.ch\/en\/unternehmen\/2020-09-04\/espace-real-estate-mit-gewinnplus-im-ersten-halbjahr\/","name":"Espace Real Estate mit Gewinnplus im ersten Halbjahr - IMMOBILIEN Business","isPartOf":{"@id":"https:\/\/www.immobilienbusiness.ch\/#website"},"primaryImageOfPage":{"@id":"https:\/\/www.immobilienbusiness.ch\/en\/unternehmen\/2020-09-04\/espace-real-estate-mit-gewinnplus-im-ersten-halbjahr\/#primaryimage"},"image":{"@id":"https:\/\/www.immobilienbusiness.ch\/en\/unternehmen\/2020-09-04\/espace-real-estate-mit-gewinnplus-im-ersten-halbjahr\/#primaryimage"},"thumbnailUrl":"https:\/\/www.immobilienbusiness.ch\/wp-content\/uploads\/2017\/01\/Depositphotos_64056199_l-2015.jpg","datePublished":"2020-09-04T06:05:09+00:00","description":"Espace Real Estate ist nach eigenen Angaben gut durch die vergangenen, von der Covid-19-Pandemie gepr\u00e4gten Monate gekommen.","breadcrumb":{"@id":"https:\/\/www.immobilienbusiness.ch\/en\/unternehmen\/2020-09-04\/espace-real-estate-mit-gewinnplus-im-ersten-halbjahr\/#breadcrumb"},"inLanguage":"fr-FR","potentialAction":[{"@type":"ReadAction","target":["https:\/\/www.immobilienbusiness.ch\/en\/unternehmen\/2020-09-04\/espace-real-estate-mit-gewinnplus-im-ersten-halbjahr\/"]}]},{"@type":"ImageObject","inLanguage":"fr-FR","@id":"https:\/\/www.immobilienbusiness.ch\/en\/unternehmen\/2020-09-04\/espace-real-estate-mit-gewinnplus-im-ersten-halbjahr\/#primaryimage","url":"https:\/\/www.immobilienbusiness.ch\/wp-content\/uploads\/2017\/01\/Depositphotos_64056199_l-2015.jpg","contentUrl":"https:\/\/www.immobilienbusiness.ch\/wp-content\/uploads\/2017\/01\/Depositphotos_64056199_l-2015.jpg","width":2000,"height":1339,"caption":"Der Fonds kam 2024 beim Gesamterfolg nahe an die schwarzen Zahlen heran (Foto: valphoto - deposit photos)"},{"@type":"BreadcrumbList","@id":"https:\/\/www.immobilienbusiness.ch\/en\/unternehmen\/2020-09-04\/espace-real-estate-mit-gewinnplus-im-ersten-halbjahr\/#breadcrumb","itemListElement":[{"@type":"ListItem","position":1,"name":"Home","item":"https:\/\/www.immobilienbusiness.ch\/"},{"@type":"ListItem","position":2,"name":"Espace Real Estate mit Gewinnplus im ersten Halbjahr"}]},{"@type":"WebSite","@id":"https:\/\/www.immobilienbusiness.ch\/#website","url":"https:\/\/www.immobilienbusiness.ch\/","name":"IMMOBILIER Business","description":"Magazine \u00e9conomique suisse ind\u00e9pendant ax\u00e9 sur l'immobilier, l'architecture et la construction ainsi que sur les investissements et le financement.","publisher":{"@id":"https:\/\/www.immobilienbusiness.ch\/#organization"},"potentialAction":[{"@type":"SearchAction","target":{"@type":"EntryPoint","urlTemplate":"https:\/\/www.immobilienbusiness.ch\/?s={search_term_string}"},"query-input":{"@type":"PropertyValueSpecification","valueRequired":true,"valueName":"search_term_string"}}],"inLanguage":"fr-FR"},{"@type":"Organization","@id":"https:\/\/www.immobilienbusiness.ch\/#organization","name":"IMMOBILIER Business","url":"https:\/\/www.immobilienbusiness.ch\/","logo":{"@type":"ImageObject","inLanguage":"fr-FR","@id":"https:\/\/www.immobilienbusiness.ch\/#\/schema\/logo\/image\/","url":"https:\/\/www.immobilienbusiness.ch\/wp-content\/uploads\/2021\/07\/logo_ib.png","contentUrl":"https:\/\/www.immobilienbusiness.ch\/wp-content\/uploads\/2021\/07\/logo_ib.png","width":800,"height":181,"caption":"IMMOBILIEN Business"},"image":{"@id":"https:\/\/www.immobilienbusiness.ch\/#\/schema\/logo\/image\/"},"sameAs":["https:\/\/www.facebook.com\/immobilienbusiness\/"]},{"@type":"Person","@id":"https:\/\/www.immobilienbusiness.ch\/#\/schema\/person\/3fc036297b10b9f42d6db5ee932af8c8","name":"anja.hall","image":{"@type":"ImageObject","inLanguage":"fr-FR","@id":"https:\/\/secure.gravatar.com\/avatar\/066b5a0d447013502c71a5782f4f3469f03cfe595cc2329fb94652fe47511bfb?s=96&d=mm&r=g","url":"https:\/\/secure.gravatar.com\/avatar\/066b5a0d447013502c71a5782f4f3469f03cfe595cc2329fb94652fe47511bfb?s=96&d=mm&r=g","contentUrl":"https:\/\/secure.gravatar.com\/avatar\/066b5a0d447013502c71a5782f4f3469f03cfe595cc2329fb94652fe47511bfb?s=96&d=mm&r=g","caption":"anja.hall"},"url":"https:\/\/www.immobilienbusiness.ch\/fr\/author\/anja-hall\/"}]}},"_links":{"self":[{"href":"https:\/\/www.immobilienbusiness.ch\/fr\/wp-json\/wp\/v2\/posts\/22258","targetHints":{"allow":["GET"]}}],"collection":[{"href":"https:\/\/www.immobilienbusiness.ch\/fr\/wp-json\/wp\/v2\/posts"}],"about":[{"href":"https:\/\/www.immobilienbusiness.ch\/fr\/wp-json\/wp\/v2\/types\/post"}],"author":[{"embeddable":true,"href":"https:\/\/www.immobilienbusiness.ch\/fr\/wp-json\/wp\/v2\/users\/3"}],"replies":[{"embeddable":true,"href":"https:\/\/www.immobilienbusiness.ch\/fr\/wp-json\/wp\/v2\/comments?post=22258"}],"version-history":[{"count":0,"href":"https:\/\/www.immobilienbusiness.ch\/fr\/wp-json\/wp\/v2\/posts\/22258\/revisions"}],"wp:featuredmedia":[{"embeddable":true,"href":"https:\/\/www.immobilienbusiness.ch\/fr\/wp-json\/wp\/v2\/media\/6053"}],"wp:attachment":[{"href":"https:\/\/www.immobilienbusiness.ch\/fr\/wp-json\/wp\/v2\/media?parent=22258"}],"wp:term":[{"taxonomy":"category","embeddable":true,"href":"https:\/\/www.immobilienbusiness.ch\/fr\/wp-json\/wp\/v2\/categories?post=22258"},{"taxonomy":"post_tag","embeddable":true,"href":"https:\/\/www.immobilienbusiness.ch\/fr\/wp-json\/wp\/v2\/tags?post=22258"}],"curies":[{"name":"wp","href":"https:\/\/api.w.org\/{rel}","templated":true}]}}