{"id":22218,"date":"2020-09-02T07:47:36","date_gmt":"2020-09-02T05:47:36","guid":{"rendered":"https:\/\/www.immobilienbusiness.ch\/?p=22218"},"modified":"2020-09-02T07:47:36","modified_gmt":"2020-09-02T05:47:36","slug":"zuerich-startschuss-fuer-die-hochbauarbeiten-am-franklinturm","status":"publish","type":"post","link":"https:\/\/www.immobilienbusiness.ch\/fr\/regionen\/2020-09-02\/zuerich-startschuss-fuer-die-hochbauarbeiten-am-franklinturm\/","title":{"rendered":"Zurich : Signal de d\u00e9part pour les travaux de g\u00e9nie civil de la Franklinturm"},"content":{"rendered":"<figure id=\"attachment_22219\" aria-describedby=\"caption-attachment-22219\" style=\"width: 680px\" class=\"wp-caption alignnone\"><img loading=\"lazy\" decoding=\"async\" class=\"size-medium wp-image-22219\" src=\"https:\/\/www.immobilienbusiness.ch\/wp-content\/uploads\/2020\/09\/20200901_Franklinturm_PorrAG_060820_3.jpg\" alt=\"\" width=\"680\" height=\"453\" srcset=\"https:\/\/www.immobilienbusiness.ch\/wp-content\/uploads\/2020\/09\/20200901_Franklinturm_PorrAG_060820_3.jpg 2560w, https:\/\/www.immobilienbusiness.ch\/wp-content\/uploads\/2020\/09\/20200901_Franklinturm_PorrAG_060820_3-300x200.jpg 300w, https:\/\/www.immobilienbusiness.ch\/wp-content\/uploads\/2020\/09\/20200901_Franklinturm_PorrAG_060820_3-1024x683.jpg 1024w, https:\/\/www.immobilienbusiness.ch\/wp-content\/uploads\/2020\/09\/20200901_Franklinturm_PorrAG_060820_3-768x512.jpg 768w, https:\/\/www.immobilienbusiness.ch\/wp-content\/uploads\/2020\/09\/20200901_Franklinturm_PorrAG_060820_3-1536x1024.jpg 1536w, https:\/\/www.immobilienbusiness.ch\/wp-content\/uploads\/2020\/09\/20200901_Franklinturm_PorrAG_060820_3-2048x1365.jpg 2048w, https:\/\/www.immobilienbusiness.ch\/wp-content\/uploads\/2020\/09\/20200901_Franklinturm_PorrAG_060820_3-16x12.jpg 16w, https:\/\/www.immobilienbusiness.ch\/wp-content\/uploads\/2020\/09\/20200901_Franklinturm_PorrAG_060820_3-263x175.jpg 263w, https:\/\/www.immobilienbusiness.ch\/wp-content\/uploads\/2020\/09\/20200901_Franklinturm_PorrAG_060820_3-525x350.jpg 525w, https:\/\/www.immobilienbusiness.ch\/wp-content\/uploads\/2020\/09\/20200901_Franklinturm_PorrAG_060820_3-1200x800.jpg 1200w, https:\/\/www.immobilienbusiness.ch\/wp-content\/uploads\/2020\/09\/20200901_Franklinturm_PorrAG_060820_3-920x613.jpg 920w, https:\/\/www.immobilienbusiness.ch\/wp-content\/uploads\/2020\/09\/20200901_Franklinturm_PorrAG_060820_3-1400x933.jpg 1400w\" sizes=\"auto, (max-width: 680px) 100vw, 680px\" \/><figcaption id=\"caption-attachment-22219\" class=\"wp-caption-text\">Vue de la fouille de la tour Franklin (photo : Porr Suisse AG)<\/figcaption><\/figure>\n<p>Apr\u00e8s environ onze mois de travaux, les travaux de g\u00e9nie civil de la tour Franklin ont \u00e9t\u00e9 achev\u00e9s comme pr\u00e9vu. Le b\u00e2timent de 21 \u00e9tages et 80 m\u00e8tres de haut, un projet de CFF Immobilier, sera situ\u00e9 au sud de la gare d'Oerlikon, sur le terrain de la Hofwiesenstrasse. La construction se fera selon les plans de l'architecte Armon Semadeni, dont le concept a \u00e9t\u00e9 retenu \u00e0 l'issue d'une proc\u00e9dure de s\u00e9lection en plusieurs \u00e9tapes. Une fois achev\u00e9e, la tour Franklin formera, avec les tours voisines du Swiss\u00f4tel, du Neumarkt et de la tour Andrea, la ligne d'horizon du centre de services moderne.<\/p>\n<p>Les travaux de g\u00e9nie civil \u00e9taient techniquement exigeants, comme l'indique Porr Suisse AG, mandat\u00e9e par CFF Immobilier en tant qu'entreprise totale. Comme la fouille se trouve \u00e0 proximit\u00e9 imm\u00e9diate des voies CFF, les travaux ont d\u00fb \u00eatre effectu\u00e9s avec une grande pr\u00e9cision. Un autre d\u00e9fi a \u00e9t\u00e9 l'espace tr\u00e8s limit\u00e9 dans la fosse, en raison duquel le placement et le d\u00e9placement des machines de construction ont d\u00fb \u00eatre effectu\u00e9s r\u00e9guli\u00e8rement \u00e0 l'aide de grues lourdes \u00e0 l'ext\u00e9rieur de la fosse.<\/p>\n<p>Selon Porr, le montant du contrat s'\u00e9l\u00e8ve \u00e0 environ 80 millions de CHF. \"L'ach\u00e8vement des travaux de g\u00e9nie civil marque une \u00e9tape importante pour cet imposant projet de construction de b\u00e2timents et pour cette zone en plein essor au nord de Zurich\", d\u00e9clare Karl-Heinz Strauss, CEO de Porr. Il ajoute que la construction est \u00e9galement convaincante en termes de rentabilit\u00e9, notamment gr\u00e2ce \u00e0 l'utilisation bien pens\u00e9e de l'espace et \u00e0 son efficacit\u00e9 \u00e9nerg\u00e9tique conforme au label DGNB Platine de la Soci\u00e9t\u00e9 suisse pour l'\u00e9conomie immobili\u00e8re durable (SGNI). <em>(M.ARR.)<\/em><\/p>","protected":false},"excerpt":{"rendered":"<p>Une \u00e9tape importante a \u00e9t\u00e9 franchie pour la construction de la tour Franklin \u00e0 Zurich : les fouilles pour les sous-sols sont termin\u00e9es. Le b\u00e2timent de 80 m\u00e8tres de haut, un projet de CFF Immobilier, sera construit d'ici fin 2022 \u00e0 la gare de Zurich-Oerlikon. <\/p>","protected":false},"author":3,"featured_media":22219,"comment_status":"closed","ping_status":"open","sticky":false,"template":"","format":"standard","meta":{"_acf_changed":false,"_yoast_wpseo_focuskw":"Franklinturm","_yoast_wpseo_title":"","_yoast_wpseo_metadesc":"Ein Meilenstein zur Errichtung des Franklinturms in Z\u00fcrich ist erreicht: Die Baugrube f\u00fcr die Untergeschosse ist fertig ausgehoben.","_yoast_wpseo_linkdex":50,"pgc_sgb_lightbox_settings":"","footnotes":""},"categories":[985],"tags":[1308,1599,1666,1888],"class_list":["post-22218","post","type-post","status-publish","format-standard","has-post-thumbnail","hentry","category-regionen","tag-hochhaus","tag-projekt-in-bau","tag-sbb","tag-zuerich"],"acf":[],"yoast_head":"<!-- This site is optimized with the Yoast SEO plugin v27.4 - https:\/\/yoast.com\/product\/yoast-seo-wordpress\/ -->\n<title>Z\u00fcrich: Startschuss f\u00fcr die Hochbauarbeiten am Franklinturm - IMMOBILIEN Business<\/title>\n<meta name=\"description\" content=\"Ein Meilenstein zur Errichtung des Franklinturms in Z\u00fcrich ist erreicht: Die Baugrube f\u00fcr die Untergeschosse ist fertig ausgehoben.\" \/>\n<meta name=\"robots\" content=\"index, follow, max-snippet:-1, max-image-preview:large, max-video-preview:-1\" \/>\n<link rel=\"canonical\" href=\"https:\/\/www.immobilienbusiness.ch\/fr\/regionen\/2020-09-02\/zuerich-startschuss-fuer-die-hochbauarbeiten-am-franklinturm\/\" \/>\n<meta property=\"og:locale\" content=\"fr_FR\" \/>\n<meta property=\"og:type\" content=\"article\" \/>\n<meta property=\"og:title\" content=\"Z\u00fcrich: Startschuss f\u00fcr die Hochbauarbeiten am Franklinturm - IMMOBILIEN Business\" \/>\n<meta property=\"og:description\" content=\"Ein Meilenstein zur Errichtung des Franklinturms in Z\u00fcrich ist erreicht: Die Baugrube f\u00fcr die Untergeschosse ist fertig ausgehoben.\" \/>\n<meta property=\"og:url\" content=\"https:\/\/www.immobilienbusiness.ch\/fr\/regionen\/2020-09-02\/zuerich-startschuss-fuer-die-hochbauarbeiten-am-franklinturm\/\" \/>\n<meta property=\"og:site_name\" content=\"IMMOBILIEN Business\" \/>\n<meta property=\"article:publisher\" content=\"https:\/\/www.facebook.com\/immobilienbusiness\/\" \/>\n<meta property=\"article:published_time\" content=\"2020-09-02T05:47:36+00:00\" \/>\n<meta property=\"og:image\" content=\"https:\/\/www.immobilienbusiness.ch\/wp-content\/uploads\/2020\/09\/20200901_Franklinturm_PorrAG_060820_3-1024x683.jpg\" \/>\n\t<meta property=\"og:image:width\" content=\"1024\" \/>\n\t<meta property=\"og:image:height\" content=\"683\" \/>\n\t<meta property=\"og:image:type\" content=\"image\/jpeg\" \/>\n<meta name=\"author\" content=\"anja.hall\" \/>\n<meta name=\"twitter:card\" content=\"summary_large_image\" \/>\n<meta name=\"twitter:image\" content=\"https:\/\/www.immobilienbusiness.ch\/wp-content\/uploads\/2020\/09\/20200901_Franklinturm_PorrAG_060820_3.jpg\" \/>\n<script type=\"application\/ld+json\" class=\"yoast-schema-graph\">{\"@context\":\"https:\\\/\\\/schema.org\",\"@graph\":[{\"@type\":\"Article\",\"@id\":\"https:\\\/\\\/www.immobilienbusiness.ch\\\/it\\\/regionen\\\/2020-09-02\\\/zuerich-startschuss-fuer-die-hochbauarbeiten-am-franklinturm\\\/#article\",\"isPartOf\":{\"@id\":\"https:\\\/\\\/www.immobilienbusiness.ch\\\/it\\\/regionen\\\/2020-09-02\\\/zuerich-startschuss-fuer-die-hochbauarbeiten-am-franklinturm\\\/\"},\"author\":{\"name\":\"anja.hall\",\"@id\":\"https:\\\/\\\/www.immobilienbusiness.ch\\\/#\\\/schema\\\/person\\\/3fc036297b10b9f42d6db5ee932af8c8\"},\"headline\":\"Z\u00fcrich: Startschuss f\u00fcr die Hochbauarbeiten am Franklinturm\",\"datePublished\":\"2020-09-02T05:47:36+00:00\",\"mainEntityOfPage\":{\"@id\":\"https:\\\/\\\/www.immobilienbusiness.ch\\\/it\\\/regionen\\\/2020-09-02\\\/zuerich-startschuss-fuer-die-hochbauarbeiten-am-franklinturm\\\/\"},\"wordCount\":249,\"publisher\":{\"@id\":\"https:\\\/\\\/www.immobilienbusiness.ch\\\/#organization\"},\"image\":{\"@id\":\"https:\\\/\\\/www.immobilienbusiness.ch\\\/it\\\/regionen\\\/2020-09-02\\\/zuerich-startschuss-fuer-die-hochbauarbeiten-am-franklinturm\\\/#primaryimage\"},\"thumbnailUrl\":\"https:\\\/\\\/www.immobilienbusiness.ch\\\/wp-content\\\/uploads\\\/2020\\\/09\\\/20200901_Franklinturm_PorrAG_060820_3.jpg\",\"keywords\":[\"Hochhaus\",\"Projekt in Bau\",\"SBB\",\"Z\u00fcrich\"],\"articleSection\":[\"REGIONEN\"],\"inLanguage\":\"fr-FR\"},{\"@type\":\"WebPage\",\"@id\":\"https:\\\/\\\/www.immobilienbusiness.ch\\\/it\\\/regionen\\\/2020-09-02\\\/zuerich-startschuss-fuer-die-hochbauarbeiten-am-franklinturm\\\/\",\"url\":\"https:\\\/\\\/www.immobilienbusiness.ch\\\/it\\\/regionen\\\/2020-09-02\\\/zuerich-startschuss-fuer-die-hochbauarbeiten-am-franklinturm\\\/\",\"name\":\"Z\u00fcrich: Startschuss f\u00fcr die Hochbauarbeiten am Franklinturm - IMMOBILIEN Business\",\"isPartOf\":{\"@id\":\"https:\\\/\\\/www.immobilienbusiness.ch\\\/#website\"},\"primaryImageOfPage\":{\"@id\":\"https:\\\/\\\/www.immobilienbusiness.ch\\\/it\\\/regionen\\\/2020-09-02\\\/zuerich-startschuss-fuer-die-hochbauarbeiten-am-franklinturm\\\/#primaryimage\"},\"image\":{\"@id\":\"https:\\\/\\\/www.immobilienbusiness.ch\\\/it\\\/regionen\\\/2020-09-02\\\/zuerich-startschuss-fuer-die-hochbauarbeiten-am-franklinturm\\\/#primaryimage\"},\"thumbnailUrl\":\"https:\\\/\\\/www.immobilienbusiness.ch\\\/wp-content\\\/uploads\\\/2020\\\/09\\\/20200901_Franklinturm_PorrAG_060820_3.jpg\",\"datePublished\":\"2020-09-02T05:47:36+00:00\",\"description\":\"Ein Meilenstein zur Errichtung des Franklinturms in Z\u00fcrich ist erreicht: Die Baugrube f\u00fcr die Untergeschosse ist fertig ausgehoben.\",\"breadcrumb\":{\"@id\":\"https:\\\/\\\/www.immobilienbusiness.ch\\\/it\\\/regionen\\\/2020-09-02\\\/zuerich-startschuss-fuer-die-hochbauarbeiten-am-franklinturm\\\/#breadcrumb\"},\"inLanguage\":\"fr-FR\",\"potentialAction\":[{\"@type\":\"ReadAction\",\"target\":[\"https:\\\/\\\/www.immobilienbusiness.ch\\\/it\\\/regionen\\\/2020-09-02\\\/zuerich-startschuss-fuer-die-hochbauarbeiten-am-franklinturm\\\/\"]}]},{\"@type\":\"ImageObject\",\"inLanguage\":\"fr-FR\",\"@id\":\"https:\\\/\\\/www.immobilienbusiness.ch\\\/it\\\/regionen\\\/2020-09-02\\\/zuerich-startschuss-fuer-die-hochbauarbeiten-am-franklinturm\\\/#primaryimage\",\"url\":\"https:\\\/\\\/www.immobilienbusiness.ch\\\/wp-content\\\/uploads\\\/2020\\\/09\\\/20200901_Franklinturm_PorrAG_060820_3.jpg\",\"contentUrl\":\"https:\\\/\\\/www.immobilienbusiness.ch\\\/wp-content\\\/uploads\\\/2020\\\/09\\\/20200901_Franklinturm_PorrAG_060820_3.jpg\",\"width\":2560,\"height\":1707,\"caption\":\"Blick in die Baugrube des Franklinturms (Bild: Porr Suisse AG)\"},{\"@type\":\"BreadcrumbList\",\"@id\":\"https:\\\/\\\/www.immobilienbusiness.ch\\\/it\\\/regionen\\\/2020-09-02\\\/zuerich-startschuss-fuer-die-hochbauarbeiten-am-franklinturm\\\/#breadcrumb\",\"itemListElement\":[{\"@type\":\"ListItem\",\"position\":1,\"name\":\"Home\",\"item\":\"https:\\\/\\\/www.immobilienbusiness.ch\\\/\"},{\"@type\":\"ListItem\",\"position\":2,\"name\":\"Z\u00fcrich: Startschuss f\u00fcr die Hochbauarbeiten am Franklinturm\"}]},{\"@type\":\"WebSite\",\"@id\":\"https:\\\/\\\/www.immobilienbusiness.ch\\\/#website\",\"url\":\"https:\\\/\\\/www.immobilienbusiness.ch\\\/\",\"name\":\"IMMOBILIEN Business\",\"description\":\"Unabh\u00e4ngiges Schweizer Wirtschaftsmagazin mit Fokus auf Immobilien, Architektur- und Bau sowie Investment- und Finanzierung.\",\"publisher\":{\"@id\":\"https:\\\/\\\/www.immobilienbusiness.ch\\\/#organization\"},\"potentialAction\":[{\"@type\":\"SearchAction\",\"target\":{\"@type\":\"EntryPoint\",\"urlTemplate\":\"https:\\\/\\\/www.immobilienbusiness.ch\\\/?s={search_term_string}\"},\"query-input\":{\"@type\":\"PropertyValueSpecification\",\"valueRequired\":true,\"valueName\":\"search_term_string\"}}],\"inLanguage\":\"fr-FR\"},{\"@type\":\"Organization\",\"@id\":\"https:\\\/\\\/www.immobilienbusiness.ch\\\/#organization\",\"name\":\"IMMOBILIEN Business\",\"url\":\"https:\\\/\\\/www.immobilienbusiness.ch\\\/\",\"logo\":{\"@type\":\"ImageObject\",\"inLanguage\":\"fr-FR\",\"@id\":\"https:\\\/\\\/www.immobilienbusiness.ch\\\/#\\\/schema\\\/logo\\\/image\\\/\",\"url\":\"https:\\\/\\\/www.immobilienbusiness.ch\\\/wp-content\\\/uploads\\\/2021\\\/07\\\/logo_ib.png\",\"contentUrl\":\"https:\\\/\\\/www.immobilienbusiness.ch\\\/wp-content\\\/uploads\\\/2021\\\/07\\\/logo_ib.png\",\"width\":800,\"height\":181,\"caption\":\"IMMOBILIEN Business\"},\"image\":{\"@id\":\"https:\\\/\\\/www.immobilienbusiness.ch\\\/#\\\/schema\\\/logo\\\/image\\\/\"},\"sameAs\":[\"https:\\\/\\\/www.facebook.com\\\/immobilienbusiness\\\/\"]},{\"@type\":\"Person\",\"@id\":\"https:\\\/\\\/www.immobilienbusiness.ch\\\/#\\\/schema\\\/person\\\/3fc036297b10b9f42d6db5ee932af8c8\",\"name\":\"anja.hall\",\"image\":{\"@type\":\"ImageObject\",\"inLanguage\":\"fr-FR\",\"@id\":\"https:\\\/\\\/secure.gravatar.com\\\/avatar\\\/066b5a0d447013502c71a5782f4f3469f03cfe595cc2329fb94652fe47511bfb?s=96&d=mm&r=g\",\"url\":\"https:\\\/\\\/secure.gravatar.com\\\/avatar\\\/066b5a0d447013502c71a5782f4f3469f03cfe595cc2329fb94652fe47511bfb?s=96&d=mm&r=g\",\"contentUrl\":\"https:\\\/\\\/secure.gravatar.com\\\/avatar\\\/066b5a0d447013502c71a5782f4f3469f03cfe595cc2329fb94652fe47511bfb?s=96&d=mm&r=g\",\"caption\":\"anja.hall\"},\"url\":\"https:\\\/\\\/www.immobilienbusiness.ch\\\/fr\\\/author\\\/anja-hall\\\/\"}]}<\/script>\n<!-- \/ Yoast SEO plugin. -->","yoast_head_json":{"title":"Z\u00fcrich: Startschuss f\u00fcr die Hochbauarbeiten am Franklinturm - IMMOBILIEN Business","description":"Ein Meilenstein zur Errichtung des Franklinturms in Z\u00fcrich ist erreicht: Die Baugrube f\u00fcr die Untergeschosse ist fertig ausgehoben.","robots":{"index":"index","follow":"follow","max-snippet":"max-snippet:-1","max-image-preview":"max-image-preview:large","max-video-preview":"max-video-preview:-1"},"canonical":"https:\/\/www.immobilienbusiness.ch\/fr\/regionen\/2020-09-02\/zuerich-startschuss-fuer-die-hochbauarbeiten-am-franklinturm\/","og_locale":"fr_FR","og_type":"article","og_title":"Z\u00fcrich: Startschuss f\u00fcr die Hochbauarbeiten am Franklinturm - IMMOBILIEN Business","og_description":"Ein Meilenstein zur Errichtung des Franklinturms in Z\u00fcrich ist erreicht: Die Baugrube f\u00fcr die Untergeschosse ist fertig ausgehoben.","og_url":"https:\/\/www.immobilienbusiness.ch\/fr\/regionen\/2020-09-02\/zuerich-startschuss-fuer-die-hochbauarbeiten-am-franklinturm\/","og_site_name":"IMMOBILIEN Business","article_publisher":"https:\/\/www.facebook.com\/immobilienbusiness\/","article_published_time":"2020-09-02T05:47:36+00:00","og_image":[{"width":1024,"height":683,"url":"https:\/\/www.immobilienbusiness.ch\/wp-content\/uploads\/2020\/09\/20200901_Franklinturm_PorrAG_060820_3-1024x683.jpg","type":"image\/jpeg"}],"author":"anja.hall","twitter_card":"summary_large_image","twitter_image":"https:\/\/www.immobilienbusiness.ch\/wp-content\/uploads\/2020\/09\/20200901_Franklinturm_PorrAG_060820_3.jpg","schema":{"@context":"https:\/\/schema.org","@graph":[{"@type":"Article","@id":"https:\/\/www.immobilienbusiness.ch\/it\/regionen\/2020-09-02\/zuerich-startschuss-fuer-die-hochbauarbeiten-am-franklinturm\/#article","isPartOf":{"@id":"https:\/\/www.immobilienbusiness.ch\/it\/regionen\/2020-09-02\/zuerich-startschuss-fuer-die-hochbauarbeiten-am-franklinturm\/"},"author":{"name":"anja.hall","@id":"https:\/\/www.immobilienbusiness.ch\/#\/schema\/person\/3fc036297b10b9f42d6db5ee932af8c8"},"headline":"Z\u00fcrich: Startschuss f\u00fcr die Hochbauarbeiten am Franklinturm","datePublished":"2020-09-02T05:47:36+00:00","mainEntityOfPage":{"@id":"https:\/\/www.immobilienbusiness.ch\/it\/regionen\/2020-09-02\/zuerich-startschuss-fuer-die-hochbauarbeiten-am-franklinturm\/"},"wordCount":249,"publisher":{"@id":"https:\/\/www.immobilienbusiness.ch\/#organization"},"image":{"@id":"https:\/\/www.immobilienbusiness.ch\/it\/regionen\/2020-09-02\/zuerich-startschuss-fuer-die-hochbauarbeiten-am-franklinturm\/#primaryimage"},"thumbnailUrl":"https:\/\/www.immobilienbusiness.ch\/wp-content\/uploads\/2020\/09\/20200901_Franklinturm_PorrAG_060820_3.jpg","keywords":["Hochhaus","Projekt in Bau","SBB","Z\u00fcrich"],"articleSection":["REGIONEN"],"inLanguage":"fr-FR"},{"@type":"WebPage","@id":"https:\/\/www.immobilienbusiness.ch\/it\/regionen\/2020-09-02\/zuerich-startschuss-fuer-die-hochbauarbeiten-am-franklinturm\/","url":"https:\/\/www.immobilienbusiness.ch\/it\/regionen\/2020-09-02\/zuerich-startschuss-fuer-die-hochbauarbeiten-am-franklinturm\/","name":"Z\u00fcrich: Startschuss f\u00fcr die Hochbauarbeiten am Franklinturm - IMMOBILIEN Business","isPartOf":{"@id":"https:\/\/www.immobilienbusiness.ch\/#website"},"primaryImageOfPage":{"@id":"https:\/\/www.immobilienbusiness.ch\/it\/regionen\/2020-09-02\/zuerich-startschuss-fuer-die-hochbauarbeiten-am-franklinturm\/#primaryimage"},"image":{"@id":"https:\/\/www.immobilienbusiness.ch\/it\/regionen\/2020-09-02\/zuerich-startschuss-fuer-die-hochbauarbeiten-am-franklinturm\/#primaryimage"},"thumbnailUrl":"https:\/\/www.immobilienbusiness.ch\/wp-content\/uploads\/2020\/09\/20200901_Franklinturm_PorrAG_060820_3.jpg","datePublished":"2020-09-02T05:47:36+00:00","description":"Ein Meilenstein zur Errichtung des Franklinturms in Z\u00fcrich ist erreicht: Die Baugrube f\u00fcr die Untergeschosse ist fertig ausgehoben.","breadcrumb":{"@id":"https:\/\/www.immobilienbusiness.ch\/it\/regionen\/2020-09-02\/zuerich-startschuss-fuer-die-hochbauarbeiten-am-franklinturm\/#breadcrumb"},"inLanguage":"fr-FR","potentialAction":[{"@type":"ReadAction","target":["https:\/\/www.immobilienbusiness.ch\/it\/regionen\/2020-09-02\/zuerich-startschuss-fuer-die-hochbauarbeiten-am-franklinturm\/"]}]},{"@type":"ImageObject","inLanguage":"fr-FR","@id":"https:\/\/www.immobilienbusiness.ch\/it\/regionen\/2020-09-02\/zuerich-startschuss-fuer-die-hochbauarbeiten-am-franklinturm\/#primaryimage","url":"https:\/\/www.immobilienbusiness.ch\/wp-content\/uploads\/2020\/09\/20200901_Franklinturm_PorrAG_060820_3.jpg","contentUrl":"https:\/\/www.immobilienbusiness.ch\/wp-content\/uploads\/2020\/09\/20200901_Franklinturm_PorrAG_060820_3.jpg","width":2560,"height":1707,"caption":"Blick in die Baugrube des Franklinturms (Bild: Porr Suisse AG)"},{"@type":"BreadcrumbList","@id":"https:\/\/www.immobilienbusiness.ch\/it\/regionen\/2020-09-02\/zuerich-startschuss-fuer-die-hochbauarbeiten-am-franklinturm\/#breadcrumb","itemListElement":[{"@type":"ListItem","position":1,"name":"Home","item":"https:\/\/www.immobilienbusiness.ch\/"},{"@type":"ListItem","position":2,"name":"Z\u00fcrich: Startschuss f\u00fcr die Hochbauarbeiten am Franklinturm"}]},{"@type":"WebSite","@id":"https:\/\/www.immobilienbusiness.ch\/#website","url":"https:\/\/www.immobilienbusiness.ch\/","name":"IMMOBILIER Business","description":"Magazine \u00e9conomique suisse ind\u00e9pendant ax\u00e9 sur l'immobilier, l'architecture et la construction ainsi que sur les investissements et le financement.","publisher":{"@id":"https:\/\/www.immobilienbusiness.ch\/#organization"},"potentialAction":[{"@type":"SearchAction","target":{"@type":"EntryPoint","urlTemplate":"https:\/\/www.immobilienbusiness.ch\/?s={search_term_string}"},"query-input":{"@type":"PropertyValueSpecification","valueRequired":true,"valueName":"search_term_string"}}],"inLanguage":"fr-FR"},{"@type":"Organization","@id":"https:\/\/www.immobilienbusiness.ch\/#organization","name":"IMMOBILIER Business","url":"https:\/\/www.immobilienbusiness.ch\/","logo":{"@type":"ImageObject","inLanguage":"fr-FR","@id":"https:\/\/www.immobilienbusiness.ch\/#\/schema\/logo\/image\/","url":"https:\/\/www.immobilienbusiness.ch\/wp-content\/uploads\/2021\/07\/logo_ib.png","contentUrl":"https:\/\/www.immobilienbusiness.ch\/wp-content\/uploads\/2021\/07\/logo_ib.png","width":800,"height":181,"caption":"IMMOBILIEN Business"},"image":{"@id":"https:\/\/www.immobilienbusiness.ch\/#\/schema\/logo\/image\/"},"sameAs":["https:\/\/www.facebook.com\/immobilienbusiness\/"]},{"@type":"Person","@id":"https:\/\/www.immobilienbusiness.ch\/#\/schema\/person\/3fc036297b10b9f42d6db5ee932af8c8","name":"anja.hall","image":{"@type":"ImageObject","inLanguage":"fr-FR","@id":"https:\/\/secure.gravatar.com\/avatar\/066b5a0d447013502c71a5782f4f3469f03cfe595cc2329fb94652fe47511bfb?s=96&d=mm&r=g","url":"https:\/\/secure.gravatar.com\/avatar\/066b5a0d447013502c71a5782f4f3469f03cfe595cc2329fb94652fe47511bfb?s=96&d=mm&r=g","contentUrl":"https:\/\/secure.gravatar.com\/avatar\/066b5a0d447013502c71a5782f4f3469f03cfe595cc2329fb94652fe47511bfb?s=96&d=mm&r=g","caption":"anja.hall"},"url":"https:\/\/www.immobilienbusiness.ch\/fr\/author\/anja-hall\/"}]}},"_links":{"self":[{"href":"https:\/\/www.immobilienbusiness.ch\/fr\/wp-json\/wp\/v2\/posts\/22218","targetHints":{"allow":["GET"]}}],"collection":[{"href":"https:\/\/www.immobilienbusiness.ch\/fr\/wp-json\/wp\/v2\/posts"}],"about":[{"href":"https:\/\/www.immobilienbusiness.ch\/fr\/wp-json\/wp\/v2\/types\/post"}],"author":[{"embeddable":true,"href":"https:\/\/www.immobilienbusiness.ch\/fr\/wp-json\/wp\/v2\/users\/3"}],"replies":[{"embeddable":true,"href":"https:\/\/www.immobilienbusiness.ch\/fr\/wp-json\/wp\/v2\/comments?post=22218"}],"version-history":[{"count":1,"href":"https:\/\/www.immobilienbusiness.ch\/fr\/wp-json\/wp\/v2\/posts\/22218\/revisions"}],"predecessor-version":[{"id":53134,"href":"https:\/\/www.immobilienbusiness.ch\/fr\/wp-json\/wp\/v2\/posts\/22218\/revisions\/53134"}],"wp:featuredmedia":[{"embeddable":true,"href":"https:\/\/www.immobilienbusiness.ch\/fr\/wp-json\/wp\/v2\/media\/22219"}],"wp:attachment":[{"href":"https:\/\/www.immobilienbusiness.ch\/fr\/wp-json\/wp\/v2\/media?parent=22218"}],"wp:term":[{"taxonomy":"category","embeddable":true,"href":"https:\/\/www.immobilienbusiness.ch\/fr\/wp-json\/wp\/v2\/categories?post=22218"},{"taxonomy":"post_tag","embeddable":true,"href":"https:\/\/www.immobilienbusiness.ch\/fr\/wp-json\/wp\/v2\/tags?post=22218"}],"curies":[{"name":"wp","href":"https:\/\/api.w.org\/{rel}","templated":true}]}}