{"id":22204,"date":"2020-09-01T08:18:22","date_gmt":"2020-09-01T06:18:22","guid":{"rendered":"https:\/\/www.immobilienbusiness.ch\/?p=22204"},"modified":"2020-09-01T08:18:22","modified_gmt":"2020-09-01T06:18:22","slug":"privera-generationenwechsel-im-bereich-miteigentuemergemeinschaft","status":"publish","type":"post","link":"https:\/\/www.immobilienbusiness.ch\/fr\/unternehmen\/2020-09-01\/privera-generationenwechsel-im-bereich-miteigentuemergemeinschaft\/","title":{"rendered":"Privera : changement de g\u00e9n\u00e9ration dans le domaine de la copropri\u00e9t\u00e9"},"content":{"rendered":"<figure id=\"attachment_22205\" aria-describedby=\"caption-attachment-22205\" style=\"width: 680px\" class=\"wp-caption alignnone\"><img loading=\"lazy\" decoding=\"async\" class=\"wp-image-22205 size-medium\" src=\"https:\/\/www.immobilienbusiness.ch\/wp-content\/uploads\/2020\/08\/Westermann_Oliver_HG.jpg\" alt=\"\" width=\"680\" height=\"680\" srcset=\"https:\/\/www.immobilienbusiness.ch\/wp-content\/uploads\/2020\/08\/Westermann_Oliver_HG.jpg 2560w, https:\/\/www.immobilienbusiness.ch\/wp-content\/uploads\/2020\/08\/Westermann_Oliver_HG-300x300.jpg 300w, https:\/\/www.immobilienbusiness.ch\/wp-content\/uploads\/2020\/08\/Westermann_Oliver_HG-1024x1024.jpg 1024w, https:\/\/www.immobilienbusiness.ch\/wp-content\/uploads\/2020\/08\/Westermann_Oliver_HG-150x150.jpg 150w, https:\/\/www.immobilienbusiness.ch\/wp-content\/uploads\/2020\/08\/Westermann_Oliver_HG-768x768.jpg 768w, https:\/\/www.immobilienbusiness.ch\/wp-content\/uploads\/2020\/08\/Westermann_Oliver_HG-1536x1536.jpg 1536w, https:\/\/www.immobilienbusiness.ch\/wp-content\/uploads\/2020\/08\/Westermann_Oliver_HG-2048x2048.jpg 2048w, https:\/\/www.immobilienbusiness.ch\/wp-content\/uploads\/2020\/08\/Westermann_Oliver_HG-12x12.jpg 12w, https:\/\/www.immobilienbusiness.ch\/wp-content\/uploads\/2020\/08\/Westermann_Oliver_HG-175x175.jpg 175w, https:\/\/www.immobilienbusiness.ch\/wp-content\/uploads\/2020\/08\/Westermann_Oliver_HG-350x350.jpg 350w, https:\/\/www.immobilienbusiness.ch\/wp-content\/uploads\/2020\/08\/Westermann_Oliver_HG-800x800.jpg 800w, https:\/\/www.immobilienbusiness.ch\/wp-content\/uploads\/2020\/08\/Westermann_Oliver_HG-920x920.jpg 920w, https:\/\/www.immobilienbusiness.ch\/wp-content\/uploads\/2020\/08\/Westermann_Oliver_HG-1400x1400.jpg 1400w, https:\/\/www.immobilienbusiness.ch\/wp-content\/uploads\/2020\/08\/Westermann_Oliver_HG-250x250.jpg 250w, https:\/\/www.immobilienbusiness.ch\/wp-content\/uploads\/2020\/08\/Westermann_Oliver_HG-100x100.jpg 100w\" sizes=\"auto, (max-width: 680px) 100vw, 680px\" \/><figcaption id=\"caption-attachment-22205\" class=\"wp-caption-text\">Oliver Westermann (photo : Privera)<\/figcaption><\/figure>\n<p>Officiellement, Oliver Westermann deviendra le nouveau responsable du secteur de la copropri\u00e9t\u00e9 (MEG) le 1er juillet 2021. Il y entrera toutefois d\u00e8s le 1er septembre 2020 et sera pr\u00e9par\u00e9 \u00e0 ses nouvelles fonctions par Andreas St\u00f6ckler. \u00c0 l'\u00e9t\u00e9 2021, St\u00f6ckler passera le flambeau \u00e0 Westermann et se retirera de Privera.<\/p>\n<p>Andreas St\u00f6ckler est l'un des membres fondateurs et de la direction du prestataire de services immobiliers et dirige le secteur MEG depuis 2015. Oliver Westermann a travaill\u00e9 en dernier lieu comme gestionnaire d'actifs chez Swisscanto Invest. Il est titulaire d'un dipl\u00f4me f\u00e9d\u00e9ral d'agent fiduciaire immobilier et a suivi une formation continue d'\u00e9conomiste en immobilier commercial (IREBS\/GCSC).<\/p>\n<p>Le secteur MEG continuera \u00e0 rapporter directement au CEO Dieter Sommer, mais ne sera plus repr\u00e9sent\u00e9 au sein de la direction \u00e0 partir de l'\u00e9t\u00e9 2021. <em>(ah)<\/em><\/p>","protected":false},"excerpt":{"rendered":"<p>Andreas St\u00f6ckler, responsable du secteur des syndicats de copropri\u00e9taires chez le prestataire de services immobiliers Privera, prendra sa retraite au d\u00e9but de l'\u00e9t\u00e9 2021. C'est Oliver Westermann qui lui succ\u00e9dera.<\/p>","protected":false},"author":3,"featured_media":22205,"comment_status":"closed","ping_status":"open","sticky":false,"template":"","format":"standard","meta":{"_acf_changed":false,"_yoast_wpseo_focuskw":"Privera","_yoast_wpseo_title":"","_yoast_wpseo_metadesc":"Andreas St\u00f6ckler, Leiter des Bereichs Miteigent\u00fcmergemeinschaft bei Privera, geht im kommenden Jahr in Pension. Sein Nachfolger wird Oliver Westermann.","_yoast_wpseo_linkdex":48,"pgc_sgb_lightbox_settings":"","footnotes":""},"categories":[988],"tags":[1563,1596],"class_list":["post-22204","post","type-post","status-publish","format-standard","has-post-thumbnail","hentry","category-unternehmen","tag-personalia","tag-privera"],"acf":[],"yoast_head":"<!-- This site is optimized with the Yoast SEO plugin v27.5 - https:\/\/yoast.com\/product\/yoast-seo-wordpress\/ -->\n<title>Privera: Generationenwechsel im Bereich Miteigent\u00fcmergemeinschaft - IMMOBILIEN Business<\/title>\n<meta name=\"description\" content=\"Andreas St\u00f6ckler, Leiter des Bereichs Miteigent\u00fcmergemeinschaft bei Privera, geht im kommenden Jahr in Pension. Sein Nachfolger wird Oliver Westermann.\" \/>\n<meta name=\"robots\" content=\"index, follow, max-snippet:-1, max-image-preview:large, max-video-preview:-1\" \/>\n<link rel=\"canonical\" href=\"https:\/\/www.immobilienbusiness.ch\/fr\/unternehmen\/2020-09-01\/privera-generationenwechsel-im-bereich-miteigentuemergemeinschaft\/\" \/>\n<meta property=\"og:locale\" content=\"fr_FR\" \/>\n<meta property=\"og:type\" content=\"article\" \/>\n<meta property=\"og:title\" content=\"Privera: Generationenwechsel im Bereich Miteigent\u00fcmergemeinschaft - IMMOBILIEN Business\" \/>\n<meta property=\"og:description\" content=\"Andreas St\u00f6ckler, Leiter des Bereichs Miteigent\u00fcmergemeinschaft bei Privera, geht im kommenden Jahr in Pension. Sein Nachfolger wird Oliver Westermann.\" \/>\n<meta property=\"og:url\" content=\"https:\/\/www.immobilienbusiness.ch\/fr\/unternehmen\/2020-09-01\/privera-generationenwechsel-im-bereich-miteigentuemergemeinschaft\/\" \/>\n<meta property=\"og:site_name\" content=\"IMMOBILIEN Business\" \/>\n<meta property=\"article:publisher\" content=\"https:\/\/www.facebook.com\/immobilienbusiness\/\" \/>\n<meta property=\"article:published_time\" content=\"2020-09-01T06:18:22+00:00\" \/>\n<meta property=\"og:image\" content=\"https:\/\/www.immobilienbusiness.ch\/wp-content\/uploads\/2020\/08\/Westermann_Oliver_HG.jpg\" \/>\n\t<meta property=\"og:image:width\" content=\"2560\" \/>\n\t<meta property=\"og:image:height\" content=\"2560\" \/>\n\t<meta property=\"og:image:type\" content=\"image\/jpeg\" \/>\n<meta name=\"author\" content=\"anja.hall\" \/>\n<meta name=\"twitter:card\" content=\"summary_large_image\" \/>\n<meta name=\"twitter:image\" content=\"https:\/\/www.immobilienbusiness.ch\/wp-content\/uploads\/2020\/08\/Westermann_Oliver_HG.jpg\" \/>\n<script type=\"application\/ld+json\" class=\"yoast-schema-graph\">{\"@context\":\"https:\\\/\\\/schema.org\",\"@graph\":[{\"@type\":\"Article\",\"@id\":\"https:\\\/\\\/www.immobilienbusiness.ch\\\/en\\\/unternehmen\\\/2020-09-01\\\/privera-generationenwechsel-im-bereich-miteigentuemergemeinschaft\\\/#article\",\"isPartOf\":{\"@id\":\"https:\\\/\\\/www.immobilienbusiness.ch\\\/en\\\/unternehmen\\\/2020-09-01\\\/privera-generationenwechsel-im-bereich-miteigentuemergemeinschaft\\\/\"},\"author\":{\"name\":\"anja.hall\",\"@id\":\"https:\\\/\\\/www.immobilienbusiness.ch\\\/#\\\/schema\\\/person\\\/3fc036297b10b9f42d6db5ee932af8c8\"},\"headline\":\"Privera: Generationenwechsel im Bereich Miteigent\u00fcmergemeinschaft\",\"datePublished\":\"2020-09-01T06:18:22+00:00\",\"mainEntityOfPage\":{\"@id\":\"https:\\\/\\\/www.immobilienbusiness.ch\\\/en\\\/unternehmen\\\/2020-09-01\\\/privera-generationenwechsel-im-bereich-miteigentuemergemeinschaft\\\/\"},\"wordCount\":135,\"publisher\":{\"@id\":\"https:\\\/\\\/www.immobilienbusiness.ch\\\/#organization\"},\"image\":{\"@id\":\"https:\\\/\\\/www.immobilienbusiness.ch\\\/en\\\/unternehmen\\\/2020-09-01\\\/privera-generationenwechsel-im-bereich-miteigentuemergemeinschaft\\\/#primaryimage\"},\"thumbnailUrl\":\"https:\\\/\\\/www.immobilienbusiness.ch\\\/wp-content\\\/uploads\\\/2020\\\/08\\\/Westermann_Oliver_HG.jpg\",\"keywords\":[\"Personalia\",\"Privera\"],\"articleSection\":[\"UNTERNEHMEN\"],\"inLanguage\":\"fr-FR\"},{\"@type\":\"WebPage\",\"@id\":\"https:\\\/\\\/www.immobilienbusiness.ch\\\/en\\\/unternehmen\\\/2020-09-01\\\/privera-generationenwechsel-im-bereich-miteigentuemergemeinschaft\\\/\",\"url\":\"https:\\\/\\\/www.immobilienbusiness.ch\\\/en\\\/unternehmen\\\/2020-09-01\\\/privera-generationenwechsel-im-bereich-miteigentuemergemeinschaft\\\/\",\"name\":\"Privera: Generationenwechsel im Bereich Miteigent\u00fcmergemeinschaft - IMMOBILIEN Business\",\"isPartOf\":{\"@id\":\"https:\\\/\\\/www.immobilienbusiness.ch\\\/#website\"},\"primaryImageOfPage\":{\"@id\":\"https:\\\/\\\/www.immobilienbusiness.ch\\\/en\\\/unternehmen\\\/2020-09-01\\\/privera-generationenwechsel-im-bereich-miteigentuemergemeinschaft\\\/#primaryimage\"},\"image\":{\"@id\":\"https:\\\/\\\/www.immobilienbusiness.ch\\\/en\\\/unternehmen\\\/2020-09-01\\\/privera-generationenwechsel-im-bereich-miteigentuemergemeinschaft\\\/#primaryimage\"},\"thumbnailUrl\":\"https:\\\/\\\/www.immobilienbusiness.ch\\\/wp-content\\\/uploads\\\/2020\\\/08\\\/Westermann_Oliver_HG.jpg\",\"datePublished\":\"2020-09-01T06:18:22+00:00\",\"description\":\"Andreas St\u00f6ckler, Leiter des Bereichs Miteigent\u00fcmergemeinschaft bei Privera, geht im kommenden Jahr in Pension. Sein Nachfolger wird Oliver Westermann.\",\"breadcrumb\":{\"@id\":\"https:\\\/\\\/www.immobilienbusiness.ch\\\/en\\\/unternehmen\\\/2020-09-01\\\/privera-generationenwechsel-im-bereich-miteigentuemergemeinschaft\\\/#breadcrumb\"},\"inLanguage\":\"fr-FR\",\"potentialAction\":[{\"@type\":\"ReadAction\",\"target\":[\"https:\\\/\\\/www.immobilienbusiness.ch\\\/en\\\/unternehmen\\\/2020-09-01\\\/privera-generationenwechsel-im-bereich-miteigentuemergemeinschaft\\\/\"]}]},{\"@type\":\"ImageObject\",\"inLanguage\":\"fr-FR\",\"@id\":\"https:\\\/\\\/www.immobilienbusiness.ch\\\/en\\\/unternehmen\\\/2020-09-01\\\/privera-generationenwechsel-im-bereich-miteigentuemergemeinschaft\\\/#primaryimage\",\"url\":\"https:\\\/\\\/www.immobilienbusiness.ch\\\/wp-content\\\/uploads\\\/2020\\\/08\\\/Westermann_Oliver_HG.jpg\",\"contentUrl\":\"https:\\\/\\\/www.immobilienbusiness.ch\\\/wp-content\\\/uploads\\\/2020\\\/08\\\/Westermann_Oliver_HG.jpg\",\"width\":2560,\"height\":2560},{\"@type\":\"BreadcrumbList\",\"@id\":\"https:\\\/\\\/www.immobilienbusiness.ch\\\/en\\\/unternehmen\\\/2020-09-01\\\/privera-generationenwechsel-im-bereich-miteigentuemergemeinschaft\\\/#breadcrumb\",\"itemListElement\":[{\"@type\":\"ListItem\",\"position\":1,\"name\":\"Home\",\"item\":\"https:\\\/\\\/www.immobilienbusiness.ch\\\/\"},{\"@type\":\"ListItem\",\"position\":2,\"name\":\"Privera: Generationenwechsel im Bereich Miteigent\u00fcmergemeinschaft\"}]},{\"@type\":\"WebSite\",\"@id\":\"https:\\\/\\\/www.immobilienbusiness.ch\\\/#website\",\"url\":\"https:\\\/\\\/www.immobilienbusiness.ch\\\/\",\"name\":\"IMMOBILIEN Business\",\"description\":\"Unabh\u00e4ngiges Schweizer Wirtschaftsmagazin mit Fokus auf Immobilien, Architektur- und Bau sowie Investment- und Finanzierung.\",\"publisher\":{\"@id\":\"https:\\\/\\\/www.immobilienbusiness.ch\\\/#organization\"},\"potentialAction\":[{\"@type\":\"SearchAction\",\"target\":{\"@type\":\"EntryPoint\",\"urlTemplate\":\"https:\\\/\\\/www.immobilienbusiness.ch\\\/?s={search_term_string}\"},\"query-input\":{\"@type\":\"PropertyValueSpecification\",\"valueRequired\":true,\"valueName\":\"search_term_string\"}}],\"inLanguage\":\"fr-FR\"},{\"@type\":\"Organization\",\"@id\":\"https:\\\/\\\/www.immobilienbusiness.ch\\\/#organization\",\"name\":\"IMMOBILIEN Business\",\"url\":\"https:\\\/\\\/www.immobilienbusiness.ch\\\/\",\"logo\":{\"@type\":\"ImageObject\",\"inLanguage\":\"fr-FR\",\"@id\":\"https:\\\/\\\/www.immobilienbusiness.ch\\\/#\\\/schema\\\/logo\\\/image\\\/\",\"url\":\"https:\\\/\\\/www.immobilienbusiness.ch\\\/wp-content\\\/uploads\\\/2021\\\/07\\\/logo_ib.png\",\"contentUrl\":\"https:\\\/\\\/www.immobilienbusiness.ch\\\/wp-content\\\/uploads\\\/2021\\\/07\\\/logo_ib.png\",\"width\":800,\"height\":181,\"caption\":\"IMMOBILIEN Business\"},\"image\":{\"@id\":\"https:\\\/\\\/www.immobilienbusiness.ch\\\/#\\\/schema\\\/logo\\\/image\\\/\"},\"sameAs\":[\"https:\\\/\\\/www.facebook.com\\\/immobilienbusiness\\\/\"]},{\"@type\":\"Person\",\"@id\":\"https:\\\/\\\/www.immobilienbusiness.ch\\\/#\\\/schema\\\/person\\\/3fc036297b10b9f42d6db5ee932af8c8\",\"name\":\"anja.hall\",\"image\":{\"@type\":\"ImageObject\",\"inLanguage\":\"fr-FR\",\"@id\":\"https:\\\/\\\/secure.gravatar.com\\\/avatar\\\/066b5a0d447013502c71a5782f4f3469f03cfe595cc2329fb94652fe47511bfb?s=96&d=mm&r=g\",\"url\":\"https:\\\/\\\/secure.gravatar.com\\\/avatar\\\/066b5a0d447013502c71a5782f4f3469f03cfe595cc2329fb94652fe47511bfb?s=96&d=mm&r=g\",\"contentUrl\":\"https:\\\/\\\/secure.gravatar.com\\\/avatar\\\/066b5a0d447013502c71a5782f4f3469f03cfe595cc2329fb94652fe47511bfb?s=96&d=mm&r=g\",\"caption\":\"anja.hall\"},\"url\":\"https:\\\/\\\/www.immobilienbusiness.ch\\\/fr\\\/author\\\/anja-hall\\\/\"}]}<\/script>\n<!-- \/ Yoast SEO plugin. -->","yoast_head_json":{"title":"Privera: Generationenwechsel im Bereich Miteigent\u00fcmergemeinschaft - IMMOBILIEN Business","description":"Andreas St\u00f6ckler, Leiter des Bereichs Miteigent\u00fcmergemeinschaft bei Privera, geht im kommenden Jahr in Pension. Sein Nachfolger wird Oliver Westermann.","robots":{"index":"index","follow":"follow","max-snippet":"max-snippet:-1","max-image-preview":"max-image-preview:large","max-video-preview":"max-video-preview:-1"},"canonical":"https:\/\/www.immobilienbusiness.ch\/fr\/unternehmen\/2020-09-01\/privera-generationenwechsel-im-bereich-miteigentuemergemeinschaft\/","og_locale":"fr_FR","og_type":"article","og_title":"Privera: Generationenwechsel im Bereich Miteigent\u00fcmergemeinschaft - IMMOBILIEN Business","og_description":"Andreas St\u00f6ckler, Leiter des Bereichs Miteigent\u00fcmergemeinschaft bei Privera, geht im kommenden Jahr in Pension. Sein Nachfolger wird Oliver Westermann.","og_url":"https:\/\/www.immobilienbusiness.ch\/fr\/unternehmen\/2020-09-01\/privera-generationenwechsel-im-bereich-miteigentuemergemeinschaft\/","og_site_name":"IMMOBILIEN Business","article_publisher":"https:\/\/www.facebook.com\/immobilienbusiness\/","article_published_time":"2020-09-01T06:18:22+00:00","og_image":[{"width":2560,"height":2560,"url":"https:\/\/www.immobilienbusiness.ch\/wp-content\/uploads\/2020\/08\/Westermann_Oliver_HG.jpg","type":"image\/jpeg"}],"author":"anja.hall","twitter_card":"summary_large_image","twitter_image":"https:\/\/www.immobilienbusiness.ch\/wp-content\/uploads\/2020\/08\/Westermann_Oliver_HG.jpg","schema":{"@context":"https:\/\/schema.org","@graph":[{"@type":"Article","@id":"https:\/\/www.immobilienbusiness.ch\/en\/unternehmen\/2020-09-01\/privera-generationenwechsel-im-bereich-miteigentuemergemeinschaft\/#article","isPartOf":{"@id":"https:\/\/www.immobilienbusiness.ch\/en\/unternehmen\/2020-09-01\/privera-generationenwechsel-im-bereich-miteigentuemergemeinschaft\/"},"author":{"name":"anja.hall","@id":"https:\/\/www.immobilienbusiness.ch\/#\/schema\/person\/3fc036297b10b9f42d6db5ee932af8c8"},"headline":"Privera: Generationenwechsel im Bereich Miteigent\u00fcmergemeinschaft","datePublished":"2020-09-01T06:18:22+00:00","mainEntityOfPage":{"@id":"https:\/\/www.immobilienbusiness.ch\/en\/unternehmen\/2020-09-01\/privera-generationenwechsel-im-bereich-miteigentuemergemeinschaft\/"},"wordCount":135,"publisher":{"@id":"https:\/\/www.immobilienbusiness.ch\/#organization"},"image":{"@id":"https:\/\/www.immobilienbusiness.ch\/en\/unternehmen\/2020-09-01\/privera-generationenwechsel-im-bereich-miteigentuemergemeinschaft\/#primaryimage"},"thumbnailUrl":"https:\/\/www.immobilienbusiness.ch\/wp-content\/uploads\/2020\/08\/Westermann_Oliver_HG.jpg","keywords":["Personalia","Privera"],"articleSection":["UNTERNEHMEN"],"inLanguage":"fr-FR"},{"@type":"WebPage","@id":"https:\/\/www.immobilienbusiness.ch\/en\/unternehmen\/2020-09-01\/privera-generationenwechsel-im-bereich-miteigentuemergemeinschaft\/","url":"https:\/\/www.immobilienbusiness.ch\/en\/unternehmen\/2020-09-01\/privera-generationenwechsel-im-bereich-miteigentuemergemeinschaft\/","name":"Privera: Generationenwechsel im Bereich Miteigent\u00fcmergemeinschaft - IMMOBILIEN Business","isPartOf":{"@id":"https:\/\/www.immobilienbusiness.ch\/#website"},"primaryImageOfPage":{"@id":"https:\/\/www.immobilienbusiness.ch\/en\/unternehmen\/2020-09-01\/privera-generationenwechsel-im-bereich-miteigentuemergemeinschaft\/#primaryimage"},"image":{"@id":"https:\/\/www.immobilienbusiness.ch\/en\/unternehmen\/2020-09-01\/privera-generationenwechsel-im-bereich-miteigentuemergemeinschaft\/#primaryimage"},"thumbnailUrl":"https:\/\/www.immobilienbusiness.ch\/wp-content\/uploads\/2020\/08\/Westermann_Oliver_HG.jpg","datePublished":"2020-09-01T06:18:22+00:00","description":"Andreas St\u00f6ckler, Leiter des Bereichs Miteigent\u00fcmergemeinschaft bei Privera, geht im kommenden Jahr in Pension. Sein Nachfolger wird Oliver Westermann.","breadcrumb":{"@id":"https:\/\/www.immobilienbusiness.ch\/en\/unternehmen\/2020-09-01\/privera-generationenwechsel-im-bereich-miteigentuemergemeinschaft\/#breadcrumb"},"inLanguage":"fr-FR","potentialAction":[{"@type":"ReadAction","target":["https:\/\/www.immobilienbusiness.ch\/en\/unternehmen\/2020-09-01\/privera-generationenwechsel-im-bereich-miteigentuemergemeinschaft\/"]}]},{"@type":"ImageObject","inLanguage":"fr-FR","@id":"https:\/\/www.immobilienbusiness.ch\/en\/unternehmen\/2020-09-01\/privera-generationenwechsel-im-bereich-miteigentuemergemeinschaft\/#primaryimage","url":"https:\/\/www.immobilienbusiness.ch\/wp-content\/uploads\/2020\/08\/Westermann_Oliver_HG.jpg","contentUrl":"https:\/\/www.immobilienbusiness.ch\/wp-content\/uploads\/2020\/08\/Westermann_Oliver_HG.jpg","width":2560,"height":2560},{"@type":"BreadcrumbList","@id":"https:\/\/www.immobilienbusiness.ch\/en\/unternehmen\/2020-09-01\/privera-generationenwechsel-im-bereich-miteigentuemergemeinschaft\/#breadcrumb","itemListElement":[{"@type":"ListItem","position":1,"name":"Home","item":"https:\/\/www.immobilienbusiness.ch\/"},{"@type":"ListItem","position":2,"name":"Privera: Generationenwechsel im Bereich Miteigent\u00fcmergemeinschaft"}]},{"@type":"WebSite","@id":"https:\/\/www.immobilienbusiness.ch\/#website","url":"https:\/\/www.immobilienbusiness.ch\/","name":"IMMOBILIER Business","description":"Magazine \u00e9conomique suisse ind\u00e9pendant ax\u00e9 sur l'immobilier, l'architecture et la construction ainsi que sur les investissements et le financement.","publisher":{"@id":"https:\/\/www.immobilienbusiness.ch\/#organization"},"potentialAction":[{"@type":"SearchAction","target":{"@type":"EntryPoint","urlTemplate":"https:\/\/www.immobilienbusiness.ch\/?s={search_term_string}"},"query-input":{"@type":"PropertyValueSpecification","valueRequired":true,"valueName":"search_term_string"}}],"inLanguage":"fr-FR"},{"@type":"Organization","@id":"https:\/\/www.immobilienbusiness.ch\/#organization","name":"IMMOBILIER Business","url":"https:\/\/www.immobilienbusiness.ch\/","logo":{"@type":"ImageObject","inLanguage":"fr-FR","@id":"https:\/\/www.immobilienbusiness.ch\/#\/schema\/logo\/image\/","url":"https:\/\/www.immobilienbusiness.ch\/wp-content\/uploads\/2021\/07\/logo_ib.png","contentUrl":"https:\/\/www.immobilienbusiness.ch\/wp-content\/uploads\/2021\/07\/logo_ib.png","width":800,"height":181,"caption":"IMMOBILIEN Business"},"image":{"@id":"https:\/\/www.immobilienbusiness.ch\/#\/schema\/logo\/image\/"},"sameAs":["https:\/\/www.facebook.com\/immobilienbusiness\/"]},{"@type":"Person","@id":"https:\/\/www.immobilienbusiness.ch\/#\/schema\/person\/3fc036297b10b9f42d6db5ee932af8c8","name":"anja.hall","image":{"@type":"ImageObject","inLanguage":"fr-FR","@id":"https:\/\/secure.gravatar.com\/avatar\/066b5a0d447013502c71a5782f4f3469f03cfe595cc2329fb94652fe47511bfb?s=96&d=mm&r=g","url":"https:\/\/secure.gravatar.com\/avatar\/066b5a0d447013502c71a5782f4f3469f03cfe595cc2329fb94652fe47511bfb?s=96&d=mm&r=g","contentUrl":"https:\/\/secure.gravatar.com\/avatar\/066b5a0d447013502c71a5782f4f3469f03cfe595cc2329fb94652fe47511bfb?s=96&d=mm&r=g","caption":"anja.hall"},"url":"https:\/\/www.immobilienbusiness.ch\/fr\/author\/anja-hall\/"}]}},"_links":{"self":[{"href":"https:\/\/www.immobilienbusiness.ch\/fr\/wp-json\/wp\/v2\/posts\/22204","targetHints":{"allow":["GET"]}}],"collection":[{"href":"https:\/\/www.immobilienbusiness.ch\/fr\/wp-json\/wp\/v2\/posts"}],"about":[{"href":"https:\/\/www.immobilienbusiness.ch\/fr\/wp-json\/wp\/v2\/types\/post"}],"author":[{"embeddable":true,"href":"https:\/\/www.immobilienbusiness.ch\/fr\/wp-json\/wp\/v2\/users\/3"}],"replies":[{"embeddable":true,"href":"https:\/\/www.immobilienbusiness.ch\/fr\/wp-json\/wp\/v2\/comments?post=22204"}],"version-history":[{"count":0,"href":"https:\/\/www.immobilienbusiness.ch\/fr\/wp-json\/wp\/v2\/posts\/22204\/revisions"}],"wp:featuredmedia":[{"embeddable":true,"href":"https:\/\/www.immobilienbusiness.ch\/fr\/wp-json\/wp\/v2\/media\/22205"}],"wp:attachment":[{"href":"https:\/\/www.immobilienbusiness.ch\/fr\/wp-json\/wp\/v2\/media?parent=22204"}],"wp:term":[{"taxonomy":"category","embeddable":true,"href":"https:\/\/www.immobilienbusiness.ch\/fr\/wp-json\/wp\/v2\/categories?post=22204"},{"taxonomy":"post_tag","embeddable":true,"href":"https:\/\/www.immobilienbusiness.ch\/fr\/wp-json\/wp\/v2\/tags?post=22204"}],"curies":[{"name":"wp","href":"https:\/\/api.w.org\/{rel}","templated":true}]}}