{"id":22159,"date":"2020-08-26T08:10:15","date_gmt":"2020-08-26T06:10:15","guid":{"rendered":"https:\/\/www.immobilienbusiness.ch\/?p=22159"},"modified":"2023-08-09T21:02:36","modified_gmt":"2023-08-09T19:02:36","slug":"neuer-geschaeftsfuehrer-bei-dussmann-service-schweiz","status":"publish","type":"post","link":"https:\/\/www.immobilienbusiness.ch\/fr\/unternehmen\/2020-08-26\/neuer-geschaeftsfuehrer-bei-dussmann-service-schweiz\/","title":{"rendered":"Nouveau directeur chez Dussmann Service Suisse"},"content":{"rendered":"<figure id=\"attachment_22161\" aria-describedby=\"caption-attachment-22161\" style=\"width: 680px\" class=\"wp-caption alignnone\"><img loading=\"lazy\" decoding=\"async\" class=\"wp-image-22161 size-medium\" src=\"https:\/\/www.immobilienbusiness.ch\/wp-content\/uploads\/2020\/08\/Andreas_Landbrecht-1.jpg\" alt=\"Dussmann\" width=\"680\" height=\"453\" srcset=\"https:\/\/www.immobilienbusiness.ch\/wp-content\/uploads\/2020\/08\/Andreas_Landbrecht-1.jpg 1134w, https:\/\/www.immobilienbusiness.ch\/wp-content\/uploads\/2020\/08\/Andreas_Landbrecht-1-300x200.jpg 300w, https:\/\/www.immobilienbusiness.ch\/wp-content\/uploads\/2020\/08\/Andreas_Landbrecht-1-1024x683.jpg 1024w, https:\/\/www.immobilienbusiness.ch\/wp-content\/uploads\/2020\/08\/Andreas_Landbrecht-1-768x512.jpg 768w, https:\/\/www.immobilienbusiness.ch\/wp-content\/uploads\/2020\/08\/Andreas_Landbrecht-1-16x12.jpg 16w, https:\/\/www.immobilienbusiness.ch\/wp-content\/uploads\/2020\/08\/Andreas_Landbrecht-1-263x175.jpg 263w, https:\/\/www.immobilienbusiness.ch\/wp-content\/uploads\/2020\/08\/Andreas_Landbrecht-1-525x350.jpg 525w, https:\/\/www.immobilienbusiness.ch\/wp-content\/uploads\/2020\/08\/Andreas_Landbrecht-1-920x613.jpg 920w\" sizes=\"auto, (max-width: 680px) 100vw, 680px\" \/><figcaption id=\"caption-attachment-22161\" class=\"wp-caption-text\">Andreas Landbrecht (photo : Dussmann)<\/figcaption><\/figure>\n<p>Andreas Landbrecht est ainsi responsable de l'ensemble des activit\u00e9s suisses de Facility Management du prestataire de services immobiliers Dussmann. Cet ing\u00e9nieur dipl\u00f4m\u00e9 de 45 ans travaille depuis 21 ans dans le Facility Management et \u00e9tait en dernier lieu Executive Consultant chez ISS. Les \u00e9tapes pr\u00e9c\u00e9dentes de sa carri\u00e8re professionnelle ont \u00e9t\u00e9 Gegenbauer et Vebego. Dans sa nouvelle fonction, Landbrecht rapporte \u00e0 Artur Sarnecki, Cluster Manager et pr\u00e9sident du conseil d'administration de Dussmann Service Schweiz AG.<\/p>\n<p>Parmi les objectifs de d\u00e9veloppement, Landbrecht cite la mise en r\u00e9seau avec les entreprises s\u0153urs d\u00e9j\u00e0 en activit\u00e9 en Suisse et l'acquisition de clients strat\u00e9giques. \"Nous souhaitons que nos clients suisses profitent avant tout de la vaste expertise disponible dans l'ensemble du groupe en mati\u00e8re de technique et de Facility Management int\u00e9gral, avec des concepts et des solutions de service innovants sur l'ensemble du cycle de vie\", explique-t-il.<\/p>\n<p>Dussmann Service Suisse SA fait partie du groupe Dussmann dont le si\u00e8ge est \u00e0 Berlin. La soci\u00e9t\u00e9 a son si\u00e8ge principal \u00e0 M\u00fcnchenstein pr\u00e8s de B\u00e2le et des sites \u00e0 Zurich et Lausanne. Elle propose des prestations de services autour du b\u00e2timent telles que le nettoyage de b\u00e2timents, les nettoyages de b\u00e2timents et les nettoyages sp\u00e9ciaux, la technique du b\u00e2timent, la restauration ainsi que les services de s\u00e9curit\u00e9 et d'accueil. <em>(ah)<\/em><\/p>","protected":false},"excerpt":{"rendered":"<p>Andreas Landbrecht a repris la direction de Dussmann Service Schweiz AG le 1er ao\u00fbt 2020. <\/p>","protected":false},"author":3,"featured_media":22161,"comment_status":"closed","ping_status":"closed","sticky":false,"template":"","format":"standard","meta":{"_acf_changed":false,"_yoast_wpseo_focuskw":"Dussmann","_yoast_wpseo_title":"","_yoast_wpseo_metadesc":"Andreas Landbrecht hat zum 1. August 2020 die Gesch\u00e4ftsf\u00fchrung der Dussmann Service Schweiz AG \u00fcbernommen.","_yoast_wpseo_linkdex":48,"pgc_sgb_lightbox_settings":"","footnotes":""},"categories":[988],"tags":[1177,1216,1563],"class_list":["post-22159","post","type-post","status-publish","format-standard","has-post-thumbnail","hentry","category-unternehmen","tag-duss","tag-facility-management","tag-personalia"],"acf":[],"yoast_head":"<!-- This site is optimized with the Yoast SEO plugin v27.4 - https:\/\/yoast.com\/product\/yoast-seo-wordpress\/ -->\n<title>Neuer Gesch\u00e4ftsf\u00fchrer bei Dussmann Service Schweiz - IMMOBILIEN Business<\/title>\n<meta name=\"description\" content=\"Andreas Landbrecht hat zum 1. August 2020 die Gesch\u00e4ftsf\u00fchrung der Dussmann Service Schweiz AG \u00fcbernommen.\" \/>\n<meta name=\"robots\" content=\"index, follow, max-snippet:-1, max-image-preview:large, max-video-preview:-1\" \/>\n<link rel=\"canonical\" href=\"https:\/\/www.immobilienbusiness.ch\/fr\/unternehmen\/2020-08-26\/neuer-geschaeftsfuehrer-bei-dussmann-service-schweiz\/\" \/>\n<meta property=\"og:locale\" content=\"fr_FR\" \/>\n<meta property=\"og:type\" content=\"article\" \/>\n<meta property=\"og:title\" content=\"Neuer Gesch\u00e4ftsf\u00fchrer bei Dussmann Service Schweiz - IMMOBILIEN Business\" \/>\n<meta property=\"og:description\" content=\"Andreas Landbrecht hat zum 1. August 2020 die Gesch\u00e4ftsf\u00fchrung der Dussmann Service Schweiz AG \u00fcbernommen.\" \/>\n<meta property=\"og:url\" content=\"https:\/\/www.immobilienbusiness.ch\/fr\/unternehmen\/2020-08-26\/neuer-geschaeftsfuehrer-bei-dussmann-service-schweiz\/\" \/>\n<meta property=\"og:site_name\" content=\"IMMOBILIEN Business\" \/>\n<meta property=\"article:publisher\" content=\"https:\/\/www.facebook.com\/immobilienbusiness\/\" \/>\n<meta property=\"article:published_time\" content=\"2020-08-26T06:10:15+00:00\" \/>\n<meta property=\"article:modified_time\" content=\"2023-08-09T19:02:36+00:00\" \/>\n<meta property=\"og:image\" content=\"https:\/\/www.immobilienbusiness.ch\/wp-content\/uploads\/2020\/08\/Andreas_Landbrecht-1.jpg\" \/>\n\t<meta property=\"og:image:width\" content=\"1134\" \/>\n\t<meta property=\"og:image:height\" content=\"756\" \/>\n\t<meta property=\"og:image:type\" content=\"image\/jpeg\" \/>\n<meta name=\"author\" content=\"anja.hall\" \/>\n<meta name=\"twitter:card\" content=\"summary_large_image\" \/>\n<meta name=\"twitter:image\" content=\"https:\/\/www.immobilienbusiness.ch\/wp-content\/uploads\/2020\/08\/Andreas_Landbrecht-1.jpg\" \/>\n<script type=\"application\/ld+json\" class=\"yoast-schema-graph\">{\"@context\":\"https:\\\/\\\/schema.org\",\"@graph\":[{\"@type\":\"Article\",\"@id\":\"https:\\\/\\\/www.immobilienbusiness.ch\\\/en\\\/unternehmen\\\/2020-08-26\\\/neuer-geschaeftsfuehrer-bei-dussmann-service-schweiz\\\/#article\",\"isPartOf\":{\"@id\":\"https:\\\/\\\/www.immobilienbusiness.ch\\\/en\\\/unternehmen\\\/2020-08-26\\\/neuer-geschaeftsfuehrer-bei-dussmann-service-schweiz\\\/\"},\"author\":{\"name\":\"anja.hall\",\"@id\":\"https:\\\/\\\/www.immobilienbusiness.ch\\\/#\\\/schema\\\/person\\\/3fc036297b10b9f42d6db5ee932af8c8\"},\"headline\":\"Neuer Gesch\u00e4ftsf\u00fchrer bei Dussmann Service Schweiz\",\"datePublished\":\"2020-08-26T06:10:15+00:00\",\"dateModified\":\"2023-08-09T19:02:36+00:00\",\"mainEntityOfPage\":{\"@id\":\"https:\\\/\\\/www.immobilienbusiness.ch\\\/en\\\/unternehmen\\\/2020-08-26\\\/neuer-geschaeftsfuehrer-bei-dussmann-service-schweiz\\\/\"},\"wordCount\":186,\"publisher\":{\"@id\":\"https:\\\/\\\/www.immobilienbusiness.ch\\\/#organization\"},\"image\":{\"@id\":\"https:\\\/\\\/www.immobilienbusiness.ch\\\/en\\\/unternehmen\\\/2020-08-26\\\/neuer-geschaeftsfuehrer-bei-dussmann-service-schweiz\\\/#primaryimage\"},\"thumbnailUrl\":\"https:\\\/\\\/www.immobilienbusiness.ch\\\/wp-content\\\/uploads\\\/2020\\\/08\\\/Andreas_Landbrecht-1.jpg\",\"keywords\":[\"duss\",\"Facility Management\",\"Personalia\"],\"articleSection\":[\"UNTERNEHMEN\"],\"inLanguage\":\"fr-FR\"},{\"@type\":\"WebPage\",\"@id\":\"https:\\\/\\\/www.immobilienbusiness.ch\\\/en\\\/unternehmen\\\/2020-08-26\\\/neuer-geschaeftsfuehrer-bei-dussmann-service-schweiz\\\/\",\"url\":\"https:\\\/\\\/www.immobilienbusiness.ch\\\/en\\\/unternehmen\\\/2020-08-26\\\/neuer-geschaeftsfuehrer-bei-dussmann-service-schweiz\\\/\",\"name\":\"Neuer Gesch\u00e4ftsf\u00fchrer bei Dussmann Service Schweiz - IMMOBILIEN Business\",\"isPartOf\":{\"@id\":\"https:\\\/\\\/www.immobilienbusiness.ch\\\/#website\"},\"primaryImageOfPage\":{\"@id\":\"https:\\\/\\\/www.immobilienbusiness.ch\\\/en\\\/unternehmen\\\/2020-08-26\\\/neuer-geschaeftsfuehrer-bei-dussmann-service-schweiz\\\/#primaryimage\"},\"image\":{\"@id\":\"https:\\\/\\\/www.immobilienbusiness.ch\\\/en\\\/unternehmen\\\/2020-08-26\\\/neuer-geschaeftsfuehrer-bei-dussmann-service-schweiz\\\/#primaryimage\"},\"thumbnailUrl\":\"https:\\\/\\\/www.immobilienbusiness.ch\\\/wp-content\\\/uploads\\\/2020\\\/08\\\/Andreas_Landbrecht-1.jpg\",\"datePublished\":\"2020-08-26T06:10:15+00:00\",\"dateModified\":\"2023-08-09T19:02:36+00:00\",\"description\":\"Andreas Landbrecht hat zum 1. August 2020 die Gesch\u00e4ftsf\u00fchrung der Dussmann Service Schweiz AG \u00fcbernommen.\",\"breadcrumb\":{\"@id\":\"https:\\\/\\\/www.immobilienbusiness.ch\\\/en\\\/unternehmen\\\/2020-08-26\\\/neuer-geschaeftsfuehrer-bei-dussmann-service-schweiz\\\/#breadcrumb\"},\"inLanguage\":\"fr-FR\",\"potentialAction\":[{\"@type\":\"ReadAction\",\"target\":[\"https:\\\/\\\/www.immobilienbusiness.ch\\\/en\\\/unternehmen\\\/2020-08-26\\\/neuer-geschaeftsfuehrer-bei-dussmann-service-schweiz\\\/\"]}]},{\"@type\":\"ImageObject\",\"inLanguage\":\"fr-FR\",\"@id\":\"https:\\\/\\\/www.immobilienbusiness.ch\\\/en\\\/unternehmen\\\/2020-08-26\\\/neuer-geschaeftsfuehrer-bei-dussmann-service-schweiz\\\/#primaryimage\",\"url\":\"https:\\\/\\\/www.immobilienbusiness.ch\\\/wp-content\\\/uploads\\\/2020\\\/08\\\/Andreas_Landbrecht-1.jpg\",\"contentUrl\":\"https:\\\/\\\/www.immobilienbusiness.ch\\\/wp-content\\\/uploads\\\/2020\\\/08\\\/Andreas_Landbrecht-1.jpg\",\"width\":1134,\"height\":756,\"caption\":\"Andreas Landbrecht (Bild: Dussmann)\"},{\"@type\":\"BreadcrumbList\",\"@id\":\"https:\\\/\\\/www.immobilienbusiness.ch\\\/en\\\/unternehmen\\\/2020-08-26\\\/neuer-geschaeftsfuehrer-bei-dussmann-service-schweiz\\\/#breadcrumb\",\"itemListElement\":[{\"@type\":\"ListItem\",\"position\":1,\"name\":\"Home\",\"item\":\"https:\\\/\\\/www.immobilienbusiness.ch\\\/\"},{\"@type\":\"ListItem\",\"position\":2,\"name\":\"Neuer Gesch\u00e4ftsf\u00fchrer bei Dussmann Service Schweiz\"}]},{\"@type\":\"WebSite\",\"@id\":\"https:\\\/\\\/www.immobilienbusiness.ch\\\/#website\",\"url\":\"https:\\\/\\\/www.immobilienbusiness.ch\\\/\",\"name\":\"IMMOBILIEN Business\",\"description\":\"Unabh\u00e4ngiges Schweizer Wirtschaftsmagazin mit Fokus auf Immobilien, Architektur- und Bau sowie Investment- und Finanzierung.\",\"publisher\":{\"@id\":\"https:\\\/\\\/www.immobilienbusiness.ch\\\/#organization\"},\"potentialAction\":[{\"@type\":\"SearchAction\",\"target\":{\"@type\":\"EntryPoint\",\"urlTemplate\":\"https:\\\/\\\/www.immobilienbusiness.ch\\\/?s={search_term_string}\"},\"query-input\":{\"@type\":\"PropertyValueSpecification\",\"valueRequired\":true,\"valueName\":\"search_term_string\"}}],\"inLanguage\":\"fr-FR\"},{\"@type\":\"Organization\",\"@id\":\"https:\\\/\\\/www.immobilienbusiness.ch\\\/#organization\",\"name\":\"IMMOBILIEN Business\",\"url\":\"https:\\\/\\\/www.immobilienbusiness.ch\\\/\",\"logo\":{\"@type\":\"ImageObject\",\"inLanguage\":\"fr-FR\",\"@id\":\"https:\\\/\\\/www.immobilienbusiness.ch\\\/#\\\/schema\\\/logo\\\/image\\\/\",\"url\":\"https:\\\/\\\/www.immobilienbusiness.ch\\\/wp-content\\\/uploads\\\/2021\\\/07\\\/logo_ib.png\",\"contentUrl\":\"https:\\\/\\\/www.immobilienbusiness.ch\\\/wp-content\\\/uploads\\\/2021\\\/07\\\/logo_ib.png\",\"width\":800,\"height\":181,\"caption\":\"IMMOBILIEN Business\"},\"image\":{\"@id\":\"https:\\\/\\\/www.immobilienbusiness.ch\\\/#\\\/schema\\\/logo\\\/image\\\/\"},\"sameAs\":[\"https:\\\/\\\/www.facebook.com\\\/immobilienbusiness\\\/\"]},{\"@type\":\"Person\",\"@id\":\"https:\\\/\\\/www.immobilienbusiness.ch\\\/#\\\/schema\\\/person\\\/3fc036297b10b9f42d6db5ee932af8c8\",\"name\":\"anja.hall\",\"image\":{\"@type\":\"ImageObject\",\"inLanguage\":\"fr-FR\",\"@id\":\"https:\\\/\\\/secure.gravatar.com\\\/avatar\\\/066b5a0d447013502c71a5782f4f3469f03cfe595cc2329fb94652fe47511bfb?s=96&d=mm&r=g\",\"url\":\"https:\\\/\\\/secure.gravatar.com\\\/avatar\\\/066b5a0d447013502c71a5782f4f3469f03cfe595cc2329fb94652fe47511bfb?s=96&d=mm&r=g\",\"contentUrl\":\"https:\\\/\\\/secure.gravatar.com\\\/avatar\\\/066b5a0d447013502c71a5782f4f3469f03cfe595cc2329fb94652fe47511bfb?s=96&d=mm&r=g\",\"caption\":\"anja.hall\"},\"url\":\"https:\\\/\\\/www.immobilienbusiness.ch\\\/fr\\\/author\\\/anja-hall\\\/\"}]}<\/script>\n<!-- \/ Yoast SEO plugin. -->","yoast_head_json":{"title":"Neuer Gesch\u00e4ftsf\u00fchrer bei Dussmann Service Schweiz - IMMOBILIEN Business","description":"Andreas Landbrecht a repris la direction de Dussmann Service Schweiz AG le 1er ao\u00fbt 2020.","robots":{"index":"index","follow":"follow","max-snippet":"max-snippet:-1","max-image-preview":"max-image-preview:large","max-video-preview":"max-video-preview:-1"},"canonical":"https:\/\/www.immobilienbusiness.ch\/fr\/unternehmen\/2020-08-26\/neuer-geschaeftsfuehrer-bei-dussmann-service-schweiz\/","og_locale":"fr_FR","og_type":"article","og_title":"Neuer Gesch\u00e4ftsf\u00fchrer bei Dussmann Service Schweiz - IMMOBILIEN Business","og_description":"Andreas Landbrecht hat zum 1. August 2020 die Gesch\u00e4ftsf\u00fchrung der Dussmann Service Schweiz AG \u00fcbernommen.","og_url":"https:\/\/www.immobilienbusiness.ch\/fr\/unternehmen\/2020-08-26\/neuer-geschaeftsfuehrer-bei-dussmann-service-schweiz\/","og_site_name":"IMMOBILIEN Business","article_publisher":"https:\/\/www.facebook.com\/immobilienbusiness\/","article_published_time":"2020-08-26T06:10:15+00:00","article_modified_time":"2023-08-09T19:02:36+00:00","og_image":[{"width":1134,"height":756,"url":"https:\/\/www.immobilienbusiness.ch\/wp-content\/uploads\/2020\/08\/Andreas_Landbrecht-1.jpg","type":"image\/jpeg"}],"author":"anja.hall","twitter_card":"summary_large_image","twitter_image":"https:\/\/www.immobilienbusiness.ch\/wp-content\/uploads\/2020\/08\/Andreas_Landbrecht-1.jpg","schema":{"@context":"https:\/\/schema.org","@graph":[{"@type":"Article","@id":"https:\/\/www.immobilienbusiness.ch\/en\/unternehmen\/2020-08-26\/neuer-geschaeftsfuehrer-bei-dussmann-service-schweiz\/#article","isPartOf":{"@id":"https:\/\/www.immobilienbusiness.ch\/en\/unternehmen\/2020-08-26\/neuer-geschaeftsfuehrer-bei-dussmann-service-schweiz\/"},"author":{"name":"anja.hall","@id":"https:\/\/www.immobilienbusiness.ch\/#\/schema\/person\/3fc036297b10b9f42d6db5ee932af8c8"},"headline":"Neuer Gesch\u00e4ftsf\u00fchrer bei Dussmann Service Schweiz","datePublished":"2020-08-26T06:10:15+00:00","dateModified":"2023-08-09T19:02:36+00:00","mainEntityOfPage":{"@id":"https:\/\/www.immobilienbusiness.ch\/en\/unternehmen\/2020-08-26\/neuer-geschaeftsfuehrer-bei-dussmann-service-schweiz\/"},"wordCount":186,"publisher":{"@id":"https:\/\/www.immobilienbusiness.ch\/#organization"},"image":{"@id":"https:\/\/www.immobilienbusiness.ch\/en\/unternehmen\/2020-08-26\/neuer-geschaeftsfuehrer-bei-dussmann-service-schweiz\/#primaryimage"},"thumbnailUrl":"https:\/\/www.immobilienbusiness.ch\/wp-content\/uploads\/2020\/08\/Andreas_Landbrecht-1.jpg","keywords":["duss","Facility Management","Personalia"],"articleSection":["UNTERNEHMEN"],"inLanguage":"fr-FR"},{"@type":"WebPage","@id":"https:\/\/www.immobilienbusiness.ch\/en\/unternehmen\/2020-08-26\/neuer-geschaeftsfuehrer-bei-dussmann-service-schweiz\/","url":"https:\/\/www.immobilienbusiness.ch\/en\/unternehmen\/2020-08-26\/neuer-geschaeftsfuehrer-bei-dussmann-service-schweiz\/","name":"Neuer Gesch\u00e4ftsf\u00fchrer bei Dussmann Service Schweiz - IMMOBILIEN Business","isPartOf":{"@id":"https:\/\/www.immobilienbusiness.ch\/#website"},"primaryImageOfPage":{"@id":"https:\/\/www.immobilienbusiness.ch\/en\/unternehmen\/2020-08-26\/neuer-geschaeftsfuehrer-bei-dussmann-service-schweiz\/#primaryimage"},"image":{"@id":"https:\/\/www.immobilienbusiness.ch\/en\/unternehmen\/2020-08-26\/neuer-geschaeftsfuehrer-bei-dussmann-service-schweiz\/#primaryimage"},"thumbnailUrl":"https:\/\/www.immobilienbusiness.ch\/wp-content\/uploads\/2020\/08\/Andreas_Landbrecht-1.jpg","datePublished":"2020-08-26T06:10:15+00:00","dateModified":"2023-08-09T19:02:36+00:00","description":"Andreas Landbrecht a repris la direction de Dussmann Service Schweiz AG le 1er ao\u00fbt 2020.","breadcrumb":{"@id":"https:\/\/www.immobilienbusiness.ch\/en\/unternehmen\/2020-08-26\/neuer-geschaeftsfuehrer-bei-dussmann-service-schweiz\/#breadcrumb"},"inLanguage":"fr-FR","potentialAction":[{"@type":"ReadAction","target":["https:\/\/www.immobilienbusiness.ch\/en\/unternehmen\/2020-08-26\/neuer-geschaeftsfuehrer-bei-dussmann-service-schweiz\/"]}]},{"@type":"ImageObject","inLanguage":"fr-FR","@id":"https:\/\/www.immobilienbusiness.ch\/en\/unternehmen\/2020-08-26\/neuer-geschaeftsfuehrer-bei-dussmann-service-schweiz\/#primaryimage","url":"https:\/\/www.immobilienbusiness.ch\/wp-content\/uploads\/2020\/08\/Andreas_Landbrecht-1.jpg","contentUrl":"https:\/\/www.immobilienbusiness.ch\/wp-content\/uploads\/2020\/08\/Andreas_Landbrecht-1.jpg","width":1134,"height":756,"caption":"Andreas Landbrecht (Bild: Dussmann)"},{"@type":"BreadcrumbList","@id":"https:\/\/www.immobilienbusiness.ch\/en\/unternehmen\/2020-08-26\/neuer-geschaeftsfuehrer-bei-dussmann-service-schweiz\/#breadcrumb","itemListElement":[{"@type":"ListItem","position":1,"name":"Home","item":"https:\/\/www.immobilienbusiness.ch\/"},{"@type":"ListItem","position":2,"name":"Neuer Gesch\u00e4ftsf\u00fchrer bei Dussmann Service Schweiz"}]},{"@type":"WebSite","@id":"https:\/\/www.immobilienbusiness.ch\/#website","url":"https:\/\/www.immobilienbusiness.ch\/","name":"IMMOBILIER Business","description":"Magazine \u00e9conomique suisse ind\u00e9pendant ax\u00e9 sur l'immobilier, l'architecture et la construction ainsi que sur les investissements et le financement.","publisher":{"@id":"https:\/\/www.immobilienbusiness.ch\/#organization"},"potentialAction":[{"@type":"SearchAction","target":{"@type":"EntryPoint","urlTemplate":"https:\/\/www.immobilienbusiness.ch\/?s={search_term_string}"},"query-input":{"@type":"PropertyValueSpecification","valueRequired":true,"valueName":"search_term_string"}}],"inLanguage":"fr-FR"},{"@type":"Organization","@id":"https:\/\/www.immobilienbusiness.ch\/#organization","name":"IMMOBILIER Business","url":"https:\/\/www.immobilienbusiness.ch\/","logo":{"@type":"ImageObject","inLanguage":"fr-FR","@id":"https:\/\/www.immobilienbusiness.ch\/#\/schema\/logo\/image\/","url":"https:\/\/www.immobilienbusiness.ch\/wp-content\/uploads\/2021\/07\/logo_ib.png","contentUrl":"https:\/\/www.immobilienbusiness.ch\/wp-content\/uploads\/2021\/07\/logo_ib.png","width":800,"height":181,"caption":"IMMOBILIEN Business"},"image":{"@id":"https:\/\/www.immobilienbusiness.ch\/#\/schema\/logo\/image\/"},"sameAs":["https:\/\/www.facebook.com\/immobilienbusiness\/"]},{"@type":"Person","@id":"https:\/\/www.immobilienbusiness.ch\/#\/schema\/person\/3fc036297b10b9f42d6db5ee932af8c8","name":"anja.hall","image":{"@type":"ImageObject","inLanguage":"fr-FR","@id":"https:\/\/secure.gravatar.com\/avatar\/066b5a0d447013502c71a5782f4f3469f03cfe595cc2329fb94652fe47511bfb?s=96&d=mm&r=g","url":"https:\/\/secure.gravatar.com\/avatar\/066b5a0d447013502c71a5782f4f3469f03cfe595cc2329fb94652fe47511bfb?s=96&d=mm&r=g","contentUrl":"https:\/\/secure.gravatar.com\/avatar\/066b5a0d447013502c71a5782f4f3469f03cfe595cc2329fb94652fe47511bfb?s=96&d=mm&r=g","caption":"anja.hall"},"url":"https:\/\/www.immobilienbusiness.ch\/fr\/author\/anja-hall\/"}]}},"_links":{"self":[{"href":"https:\/\/www.immobilienbusiness.ch\/fr\/wp-json\/wp\/v2\/posts\/22159","targetHints":{"allow":["GET"]}}],"collection":[{"href":"https:\/\/www.immobilienbusiness.ch\/fr\/wp-json\/wp\/v2\/posts"}],"about":[{"href":"https:\/\/www.immobilienbusiness.ch\/fr\/wp-json\/wp\/v2\/types\/post"}],"author":[{"embeddable":true,"href":"https:\/\/www.immobilienbusiness.ch\/fr\/wp-json\/wp\/v2\/users\/3"}],"replies":[{"embeddable":true,"href":"https:\/\/www.immobilienbusiness.ch\/fr\/wp-json\/wp\/v2\/comments?post=22159"}],"version-history":[{"count":2,"href":"https:\/\/www.immobilienbusiness.ch\/fr\/wp-json\/wp\/v2\/posts\/22159\/revisions"}],"predecessor-version":[{"id":51812,"href":"https:\/\/www.immobilienbusiness.ch\/fr\/wp-json\/wp\/v2\/posts\/22159\/revisions\/51812"}],"wp:featuredmedia":[{"embeddable":true,"href":"https:\/\/www.immobilienbusiness.ch\/fr\/wp-json\/wp\/v2\/media\/22161"}],"wp:attachment":[{"href":"https:\/\/www.immobilienbusiness.ch\/fr\/wp-json\/wp\/v2\/media?parent=22159"}],"wp:term":[{"taxonomy":"category","embeddable":true,"href":"https:\/\/www.immobilienbusiness.ch\/fr\/wp-json\/wp\/v2\/categories?post=22159"},{"taxonomy":"post_tag","embeddable":true,"href":"https:\/\/www.immobilienbusiness.ch\/fr\/wp-json\/wp\/v2\/tags?post=22159"}],"curies":[{"name":"wp","href":"https:\/\/api.w.org\/{rel}","templated":true}]}}