{"id":22126,"date":"2020-08-19T08:31:32","date_gmt":"2020-08-19T06:31:32","guid":{"rendered":"https:\/\/www.immobilienbusiness.ch\/?p=22126"},"modified":"2020-08-19T08:31:32","modified_gmt":"2020-08-19T06:31:32","slug":"implenia-ebitda-steigt-umsatz-sinkt","status":"publish","type":"post","link":"https:\/\/www.immobilienbusiness.ch\/fr\/unternehmen\/2020-08-19\/implenia-ebitda-steigt-umsatz-sinkt\/","title":{"rendered":"Implenia : Ebitda en hausse, chiffre d'affaires en baisse"},"content":{"rendered":"<figure id=\"attachment_4675\" aria-describedby=\"caption-attachment-4675\" style=\"width: 680px\" class=\"wp-caption alignnone\"><img loading=\"lazy\" decoding=\"async\" class=\"size-medium wp-image-4675\" src=\"https:\/\/www.immobilienbusiness.ch\/wp-content\/uploads\/2015\/08\/Implenia-macht-mehr-Umsatz-aber-weniger-Gewinn-immobilien-business.jpg\" alt=\"\" width=\"680\" height=\"383\" srcset=\"https:\/\/www.immobilienbusiness.ch\/wp-content\/uploads\/2015\/08\/Implenia-macht-mehr-Umsatz-aber-weniger-Gewinn-immobilien-business.jpg 2560w, https:\/\/www.immobilienbusiness.ch\/wp-content\/uploads\/2015\/08\/Implenia-macht-mehr-Umsatz-aber-weniger-Gewinn-immobilien-business-300x169.jpg 300w, https:\/\/www.immobilienbusiness.ch\/wp-content\/uploads\/2015\/08\/Implenia-macht-mehr-Umsatz-aber-weniger-Gewinn-immobilien-business-1024x576.jpg 1024w, https:\/\/www.immobilienbusiness.ch\/wp-content\/uploads\/2015\/08\/Implenia-macht-mehr-Umsatz-aber-weniger-Gewinn-immobilien-business-768x432.jpg 768w, https:\/\/www.immobilienbusiness.ch\/wp-content\/uploads\/2015\/08\/Implenia-macht-mehr-Umsatz-aber-weniger-Gewinn-immobilien-business-1536x864.jpg 1536w, https:\/\/www.immobilienbusiness.ch\/wp-content\/uploads\/2015\/08\/Implenia-macht-mehr-Umsatz-aber-weniger-Gewinn-immobilien-business-2048x1152.jpg 2048w, https:\/\/www.immobilienbusiness.ch\/wp-content\/uploads\/2015\/08\/Implenia-macht-mehr-Umsatz-aber-weniger-Gewinn-immobilien-business-16x9.jpg 16w, https:\/\/www.immobilienbusiness.ch\/wp-content\/uploads\/2015\/08\/Implenia-macht-mehr-Umsatz-aber-weniger-Gewinn-immobilien-business-311x175.jpg 311w, https:\/\/www.immobilienbusiness.ch\/wp-content\/uploads\/2015\/08\/Implenia-macht-mehr-Umsatz-aber-weniger-Gewinn-immobilien-business-622x350.jpg 622w, https:\/\/www.immobilienbusiness.ch\/wp-content\/uploads\/2015\/08\/Implenia-macht-mehr-Umsatz-aber-weniger-Gewinn-immobilien-business-1422x800.jpg 1422w, https:\/\/www.immobilienbusiness.ch\/wp-content\/uploads\/2015\/08\/Implenia-macht-mehr-Umsatz-aber-weniger-Gewinn-immobilien-business-920x518.jpg 920w, https:\/\/www.immobilienbusiness.ch\/wp-content\/uploads\/2015\/08\/Implenia-macht-mehr-Umsatz-aber-weniger-Gewinn-immobilien-business-1400x788.jpg 1400w\" sizes=\"auto, (max-width: 680px) 100vw, 680px\" \/><figcaption id=\"caption-attachment-4675\" class=\"wp-caption-text\">Implenia annonce un chiffre d'affaires en baisse pour le premier semestre 2020 en raison de la pand\u00e9mie Covid-19 (Image : Implenia AG)<\/figcaption><\/figure>\n<p>L'effet positif de la scission d'Ina Invest l'emporte sur les effets n\u00e9gatifs de Covid-19, \u00e9crit Implenia lors de la publication de ses r\u00e9sultats semestriels. Le groupe a augment\u00e9 son Ebita de 39%, passant de 72,9 \u00e0 101,6 millions, notamment en raison de la scission d'une partie du portefeuille de d\u00e9veloppement dans la nouvelle soci\u00e9t\u00e9 Ina Invest. Cette transaction a g\u00e9n\u00e9r\u00e9 un r\u00e9sultat de r\u00e9\u00e9valuation unique de 107,1 millions.<\/p>\n<p>Le chiffre d'affaires a baiss\u00e9 de 11,8% \u00e0 1,93 milliard de CHF (ann\u00e9e pr\u00e9c\u00e9dente : 2,18 milliards) en raison de la pand\u00e9mie au premier semestre 2020. Le carnet de commandes s'\u00e9l\u00e8ve \u00e0 6,2 milliards, poursuit le communiqu\u00e9. Au final, il reste un r\u00e9sultat consolid\u00e9 de 53,61 millions (ann\u00e9e pr\u00e9c\u00e9dente : 0,5 million).<\/p>\n<p>Selon Implenia, le secteur d'activit\u00e9 Civil de la division Civil Engineering a \u00e9t\u00e9 le plus touch\u00e9 par Covid-19 en raison de la fermeture temporaire de chantiers et de la baisse de productivit\u00e9. L'Ebitda de la division s'est \u00e9lev\u00e9 \u00e0 -16,2 millions (ann\u00e9e pr\u00e9c\u00e9dente : 18,4 millions) et le chiffre d'affaires \u00e0 926,7 millions (ann\u00e9e pr\u00e9c\u00e9dente : 1,12 milliard).<\/p>\n<p>Dans la division Buildings, l'entreprise de construction cite \u00e9galement la pand\u00e9mie de Corona et les fermetures de chantiers qui en d\u00e9coulent comme la principale raison d'un chiffre d'affaires en baisse. Il est pass\u00e9 de 1,1 milliard au premier semestre 2019 \u00e0 1,0 milliard.<\/p>\n<p>Pour l'ensemble de l'ann\u00e9e, Implenia confirme sa guidance au niveau du groupe avant effets de la pand\u00e9mie. L'entreprise maintient \u00e9galement son objectif de marge d'Ebitda \u00e0 moyen terme d'environ 6,5%. <em>(ah)<\/em><\/p>","protected":false},"excerpt":{"rendered":"<p>L'entreprise de construction Implenia a augment\u00e9 son Ebitda de 39% au premier semestre 2020. Cependant, en raison de la pand\u00e9mie de Corona, le chiffre d'affaires a diminu\u00e9 d'environ 12% par rapport \u00e0 la m\u00eame p\u00e9riode de l'ann\u00e9e pr\u00e9c\u00e9dente.<\/p>","protected":false},"author":3,"featured_media":6428,"comment_status":"closed","ping_status":"open","sticky":false,"template":"","format":"standard","meta":{"_acf_changed":false,"_yoast_wpseo_focuskw":"Implenia","_yoast_wpseo_title":"","_yoast_wpseo_metadesc":"Implenia hat im ersten Halbjahr 2020 das Ebitda um 39% gesteigert. Aufgrund von Covid-19 ging der Umsatz jedoch um etwa 12% zur\u00fcck.","_yoast_wpseo_linkdex":61,"pgc_sgb_lightbox_settings":"","footnotes":""},"categories":[988],"tags":[1290,1359],"class_list":["post-22126","post","type-post","status-publish","format-standard","has-post-thumbnail","hentry","category-unternehmen","tag-halbjahresergebnis","tag-implenia"],"acf":[],"yoast_head":"<!-- This site is optimized with the Yoast SEO plugin v27.4 - https:\/\/yoast.com\/product\/yoast-seo-wordpress\/ -->\n<title>Implenia: Ebitda steigt, Umsatz sinkt - IMMOBILIEN Business<\/title>\n<meta name=\"description\" content=\"Implenia hat im ersten Halbjahr 2020 das Ebitda um 39% gesteigert. Aufgrund von Covid-19 ging der Umsatz jedoch um etwa 12% zur\u00fcck.\" \/>\n<meta name=\"robots\" content=\"index, follow, max-snippet:-1, max-image-preview:large, max-video-preview:-1\" \/>\n<link rel=\"canonical\" href=\"https:\/\/www.immobilienbusiness.ch\/fr\/unternehmen\/2020-08-19\/implenia-ebitda-steigt-umsatz-sinkt\/\" \/>\n<meta property=\"og:locale\" content=\"fr_FR\" \/>\n<meta property=\"og:type\" content=\"article\" \/>\n<meta property=\"og:title\" content=\"Implenia: Ebitda steigt, Umsatz sinkt - IMMOBILIEN Business\" \/>\n<meta property=\"og:description\" content=\"Implenia hat im ersten Halbjahr 2020 das Ebitda um 39% gesteigert. Aufgrund von Covid-19 ging der Umsatz jedoch um etwa 12% zur\u00fcck.\" \/>\n<meta property=\"og:url\" content=\"https:\/\/www.immobilienbusiness.ch\/fr\/unternehmen\/2020-08-19\/implenia-ebitda-steigt-umsatz-sinkt\/\" \/>\n<meta property=\"og:site_name\" content=\"IMMOBILIEN Business\" \/>\n<meta property=\"article:publisher\" content=\"https:\/\/www.facebook.com\/immobilienbusiness\/\" \/>\n<meta property=\"article:published_time\" content=\"2020-08-19T06:31:32+00:00\" \/>\n<meta property=\"og:image\" content=\"https:\/\/www.immobilienbusiness.ch\/wp-content\/uploads\/2017\/02\/swissmill-kran_1-1024x576.jpg\" \/>\n\t<meta property=\"og:image:width\" content=\"1024\" \/>\n\t<meta property=\"og:image:height\" content=\"576\" \/>\n\t<meta property=\"og:image:type\" content=\"image\/jpeg\" \/>\n<meta name=\"author\" content=\"anja.hall\" \/>\n<meta name=\"twitter:card\" content=\"summary_large_image\" \/>\n<meta name=\"twitter:image\" content=\"https:\/\/www.immobilienbusiness.ch\/wp-content\/uploads\/2017\/02\/swissmill-kran_1.jpg\" \/>\n<script type=\"application\/ld+json\" class=\"yoast-schema-graph\">{\"@context\":\"https:\\\/\\\/schema.org\",\"@graph\":[{\"@type\":\"Article\",\"@id\":\"https:\\\/\\\/www.immobilienbusiness.ch\\\/unternehmen\\\/2020-08-19\\\/implenia-ebitda-steigt-umsatz-sinkt\\\/#article\",\"isPartOf\":{\"@id\":\"https:\\\/\\\/www.immobilienbusiness.ch\\\/unternehmen\\\/2020-08-19\\\/implenia-ebitda-steigt-umsatz-sinkt\\\/\"},\"author\":{\"name\":\"anja.hall\",\"@id\":\"https:\\\/\\\/www.immobilienbusiness.ch\\\/#\\\/schema\\\/person\\\/3fc036297b10b9f42d6db5ee932af8c8\"},\"headline\":\"Implenia: Ebitda steigt, Umsatz sinkt\",\"datePublished\":\"2020-08-19T06:31:32+00:00\",\"mainEntityOfPage\":{\"@id\":\"https:\\\/\\\/www.immobilienbusiness.ch\\\/unternehmen\\\/2020-08-19\\\/implenia-ebitda-steigt-umsatz-sinkt\\\/\"},\"wordCount\":222,\"publisher\":{\"@id\":\"https:\\\/\\\/www.immobilienbusiness.ch\\\/#organization\"},\"image\":{\"@id\":\"https:\\\/\\\/www.immobilienbusiness.ch\\\/unternehmen\\\/2020-08-19\\\/implenia-ebitda-steigt-umsatz-sinkt\\\/#primaryimage\"},\"thumbnailUrl\":\"https:\\\/\\\/www.immobilienbusiness.ch\\\/wp-content\\\/uploads\\\/2017\\\/02\\\/swissmill-kran_1.jpg\",\"keywords\":[\"Halbjahresergebnis\",\"Implenia\"],\"articleSection\":[\"UNTERNEHMEN\"],\"inLanguage\":\"fr-FR\"},{\"@type\":\"WebPage\",\"@id\":\"https:\\\/\\\/www.immobilienbusiness.ch\\\/unternehmen\\\/2020-08-19\\\/implenia-ebitda-steigt-umsatz-sinkt\\\/\",\"url\":\"https:\\\/\\\/www.immobilienbusiness.ch\\\/unternehmen\\\/2020-08-19\\\/implenia-ebitda-steigt-umsatz-sinkt\\\/\",\"name\":\"Implenia: Ebitda steigt, Umsatz sinkt - IMMOBILIEN Business\",\"isPartOf\":{\"@id\":\"https:\\\/\\\/www.immobilienbusiness.ch\\\/#website\"},\"primaryImageOfPage\":{\"@id\":\"https:\\\/\\\/www.immobilienbusiness.ch\\\/unternehmen\\\/2020-08-19\\\/implenia-ebitda-steigt-umsatz-sinkt\\\/#primaryimage\"},\"image\":{\"@id\":\"https:\\\/\\\/www.immobilienbusiness.ch\\\/unternehmen\\\/2020-08-19\\\/implenia-ebitda-steigt-umsatz-sinkt\\\/#primaryimage\"},\"thumbnailUrl\":\"https:\\\/\\\/www.immobilienbusiness.ch\\\/wp-content\\\/uploads\\\/2017\\\/02\\\/swissmill-kran_1.jpg\",\"datePublished\":\"2020-08-19T06:31:32+00:00\",\"description\":\"Implenia hat im ersten Halbjahr 2020 das Ebitda um 39% gesteigert. Aufgrund von Covid-19 ging der Umsatz jedoch um etwa 12% zur\u00fcck.\",\"breadcrumb\":{\"@id\":\"https:\\\/\\\/www.immobilienbusiness.ch\\\/unternehmen\\\/2020-08-19\\\/implenia-ebitda-steigt-umsatz-sinkt\\\/#breadcrumb\"},\"inLanguage\":\"fr-FR\",\"potentialAction\":[{\"@type\":\"ReadAction\",\"target\":[\"https:\\\/\\\/www.immobilienbusiness.ch\\\/unternehmen\\\/2020-08-19\\\/implenia-ebitda-steigt-umsatz-sinkt\\\/\"]}]},{\"@type\":\"ImageObject\",\"inLanguage\":\"fr-FR\",\"@id\":\"https:\\\/\\\/www.immobilienbusiness.ch\\\/unternehmen\\\/2020-08-19\\\/implenia-ebitda-steigt-umsatz-sinkt\\\/#primaryimage\",\"url\":\"https:\\\/\\\/www.immobilienbusiness.ch\\\/wp-content\\\/uploads\\\/2017\\\/02\\\/swissmill-kran_1.jpg\",\"contentUrl\":\"https:\\\/\\\/www.immobilienbusiness.ch\\\/wp-content\\\/uploads\\\/2017\\\/02\\\/swissmill-kran_1.jpg\",\"width\":2560,\"height\":1440,\"caption\":\"Der gr\u00f6sste Schweizer Baukonzern sieht sich f\u00fcr das Jahr 2023 auf Kurs (Bild: Depositphotos) (Foto: Implenia)\"},{\"@type\":\"BreadcrumbList\",\"@id\":\"https:\\\/\\\/www.immobilienbusiness.ch\\\/unternehmen\\\/2020-08-19\\\/implenia-ebitda-steigt-umsatz-sinkt\\\/#breadcrumb\",\"itemListElement\":[{\"@type\":\"ListItem\",\"position\":1,\"name\":\"Home\",\"item\":\"https:\\\/\\\/www.immobilienbusiness.ch\\\/\"},{\"@type\":\"ListItem\",\"position\":2,\"name\":\"Implenia: Ebitda steigt, Umsatz sinkt\"}]},{\"@type\":\"WebSite\",\"@id\":\"https:\\\/\\\/www.immobilienbusiness.ch\\\/#website\",\"url\":\"https:\\\/\\\/www.immobilienbusiness.ch\\\/\",\"name\":\"IMMOBILIEN Business\",\"description\":\"Unabh\u00e4ngiges Schweizer Wirtschaftsmagazin mit Fokus auf Immobilien, Architektur- und Bau sowie Investment- und Finanzierung.\",\"publisher\":{\"@id\":\"https:\\\/\\\/www.immobilienbusiness.ch\\\/#organization\"},\"potentialAction\":[{\"@type\":\"SearchAction\",\"target\":{\"@type\":\"EntryPoint\",\"urlTemplate\":\"https:\\\/\\\/www.immobilienbusiness.ch\\\/?s={search_term_string}\"},\"query-input\":{\"@type\":\"PropertyValueSpecification\",\"valueRequired\":true,\"valueName\":\"search_term_string\"}}],\"inLanguage\":\"fr-FR\"},{\"@type\":\"Organization\",\"@id\":\"https:\\\/\\\/www.immobilienbusiness.ch\\\/#organization\",\"name\":\"IMMOBILIEN Business\",\"url\":\"https:\\\/\\\/www.immobilienbusiness.ch\\\/\",\"logo\":{\"@type\":\"ImageObject\",\"inLanguage\":\"fr-FR\",\"@id\":\"https:\\\/\\\/www.immobilienbusiness.ch\\\/#\\\/schema\\\/logo\\\/image\\\/\",\"url\":\"https:\\\/\\\/www.immobilienbusiness.ch\\\/wp-content\\\/uploads\\\/2021\\\/07\\\/logo_ib.png\",\"contentUrl\":\"https:\\\/\\\/www.immobilienbusiness.ch\\\/wp-content\\\/uploads\\\/2021\\\/07\\\/logo_ib.png\",\"width\":800,\"height\":181,\"caption\":\"IMMOBILIEN Business\"},\"image\":{\"@id\":\"https:\\\/\\\/www.immobilienbusiness.ch\\\/#\\\/schema\\\/logo\\\/image\\\/\"},\"sameAs\":[\"https:\\\/\\\/www.facebook.com\\\/immobilienbusiness\\\/\"]},{\"@type\":\"Person\",\"@id\":\"https:\\\/\\\/www.immobilienbusiness.ch\\\/#\\\/schema\\\/person\\\/3fc036297b10b9f42d6db5ee932af8c8\",\"name\":\"anja.hall\",\"image\":{\"@type\":\"ImageObject\",\"inLanguage\":\"fr-FR\",\"@id\":\"https:\\\/\\\/secure.gravatar.com\\\/avatar\\\/066b5a0d447013502c71a5782f4f3469f03cfe595cc2329fb94652fe47511bfb?s=96&d=mm&r=g\",\"url\":\"https:\\\/\\\/secure.gravatar.com\\\/avatar\\\/066b5a0d447013502c71a5782f4f3469f03cfe595cc2329fb94652fe47511bfb?s=96&d=mm&r=g\",\"contentUrl\":\"https:\\\/\\\/secure.gravatar.com\\\/avatar\\\/066b5a0d447013502c71a5782f4f3469f03cfe595cc2329fb94652fe47511bfb?s=96&d=mm&r=g\",\"caption\":\"anja.hall\"},\"url\":\"https:\\\/\\\/www.immobilienbusiness.ch\\\/fr\\\/author\\\/anja-hall\\\/\"}]}<\/script>\n<!-- \/ Yoast SEO plugin. -->","yoast_head_json":{"title":"Implenia : Ebitda en hausse, chiffre d'affaires en baisse - IMMOBILIER Business","description":"Implenia hat im ersten Halbjahr 2020 das Ebitda um 39% gesteigert. Aufgrund von Covid-19 ging der Umsatz jedoch um etwa 12% zur\u00fcck.","robots":{"index":"index","follow":"follow","max-snippet":"max-snippet:-1","max-image-preview":"max-image-preview:large","max-video-preview":"max-video-preview:-1"},"canonical":"https:\/\/www.immobilienbusiness.ch\/fr\/unternehmen\/2020-08-19\/implenia-ebitda-steigt-umsatz-sinkt\/","og_locale":"fr_FR","og_type":"article","og_title":"Implenia: Ebitda steigt, Umsatz sinkt - IMMOBILIEN Business","og_description":"Implenia hat im ersten Halbjahr 2020 das Ebitda um 39% gesteigert. Aufgrund von Covid-19 ging der Umsatz jedoch um etwa 12% zur\u00fcck.","og_url":"https:\/\/www.immobilienbusiness.ch\/fr\/unternehmen\/2020-08-19\/implenia-ebitda-steigt-umsatz-sinkt\/","og_site_name":"IMMOBILIEN Business","article_publisher":"https:\/\/www.facebook.com\/immobilienbusiness\/","article_published_time":"2020-08-19T06:31:32+00:00","og_image":[{"width":1024,"height":576,"url":"https:\/\/www.immobilienbusiness.ch\/wp-content\/uploads\/2017\/02\/swissmill-kran_1-1024x576.jpg","type":"image\/jpeg"}],"author":"anja.hall","twitter_card":"summary_large_image","twitter_image":"https:\/\/www.immobilienbusiness.ch\/wp-content\/uploads\/2017\/02\/swissmill-kran_1.jpg","schema":{"@context":"https:\/\/schema.org","@graph":[{"@type":"Article","@id":"https:\/\/www.immobilienbusiness.ch\/unternehmen\/2020-08-19\/implenia-ebitda-steigt-umsatz-sinkt\/#article","isPartOf":{"@id":"https:\/\/www.immobilienbusiness.ch\/unternehmen\/2020-08-19\/implenia-ebitda-steigt-umsatz-sinkt\/"},"author":{"name":"anja.hall","@id":"https:\/\/www.immobilienbusiness.ch\/#\/schema\/person\/3fc036297b10b9f42d6db5ee932af8c8"},"headline":"Implenia: Ebitda steigt, Umsatz sinkt","datePublished":"2020-08-19T06:31:32+00:00","mainEntityOfPage":{"@id":"https:\/\/www.immobilienbusiness.ch\/unternehmen\/2020-08-19\/implenia-ebitda-steigt-umsatz-sinkt\/"},"wordCount":222,"publisher":{"@id":"https:\/\/www.immobilienbusiness.ch\/#organization"},"image":{"@id":"https:\/\/www.immobilienbusiness.ch\/unternehmen\/2020-08-19\/implenia-ebitda-steigt-umsatz-sinkt\/#primaryimage"},"thumbnailUrl":"https:\/\/www.immobilienbusiness.ch\/wp-content\/uploads\/2017\/02\/swissmill-kran_1.jpg","keywords":["Halbjahresergebnis","Implenia"],"articleSection":["UNTERNEHMEN"],"inLanguage":"fr-FR"},{"@type":"WebPage","@id":"https:\/\/www.immobilienbusiness.ch\/unternehmen\/2020-08-19\/implenia-ebitda-steigt-umsatz-sinkt\/","url":"https:\/\/www.immobilienbusiness.ch\/unternehmen\/2020-08-19\/implenia-ebitda-steigt-umsatz-sinkt\/","name":"Implenia : Ebitda en hausse, chiffre d'affaires en baisse - IMMOBILIER Business","isPartOf":{"@id":"https:\/\/www.immobilienbusiness.ch\/#website"},"primaryImageOfPage":{"@id":"https:\/\/www.immobilienbusiness.ch\/unternehmen\/2020-08-19\/implenia-ebitda-steigt-umsatz-sinkt\/#primaryimage"},"image":{"@id":"https:\/\/www.immobilienbusiness.ch\/unternehmen\/2020-08-19\/implenia-ebitda-steigt-umsatz-sinkt\/#primaryimage"},"thumbnailUrl":"https:\/\/www.immobilienbusiness.ch\/wp-content\/uploads\/2017\/02\/swissmill-kran_1.jpg","datePublished":"2020-08-19T06:31:32+00:00","description":"Implenia hat im ersten Halbjahr 2020 das Ebitda um 39% gesteigert. Aufgrund von Covid-19 ging der Umsatz jedoch um etwa 12% zur\u00fcck.","breadcrumb":{"@id":"https:\/\/www.immobilienbusiness.ch\/unternehmen\/2020-08-19\/implenia-ebitda-steigt-umsatz-sinkt\/#breadcrumb"},"inLanguage":"fr-FR","potentialAction":[{"@type":"ReadAction","target":["https:\/\/www.immobilienbusiness.ch\/unternehmen\/2020-08-19\/implenia-ebitda-steigt-umsatz-sinkt\/"]}]},{"@type":"ImageObject","inLanguage":"fr-FR","@id":"https:\/\/www.immobilienbusiness.ch\/unternehmen\/2020-08-19\/implenia-ebitda-steigt-umsatz-sinkt\/#primaryimage","url":"https:\/\/www.immobilienbusiness.ch\/wp-content\/uploads\/2017\/02\/swissmill-kran_1.jpg","contentUrl":"https:\/\/www.immobilienbusiness.ch\/wp-content\/uploads\/2017\/02\/swissmill-kran_1.jpg","width":2560,"height":1440,"caption":"Der gr\u00f6sste Schweizer Baukonzern sieht sich f\u00fcr das Jahr 2023 auf Kurs (Bild: Depositphotos) (Foto: Implenia)"},{"@type":"BreadcrumbList","@id":"https:\/\/www.immobilienbusiness.ch\/unternehmen\/2020-08-19\/implenia-ebitda-steigt-umsatz-sinkt\/#breadcrumb","itemListElement":[{"@type":"ListItem","position":1,"name":"Home","item":"https:\/\/www.immobilienbusiness.ch\/"},{"@type":"ListItem","position":2,"name":"Implenia: Ebitda steigt, Umsatz sinkt"}]},{"@type":"WebSite","@id":"https:\/\/www.immobilienbusiness.ch\/#website","url":"https:\/\/www.immobilienbusiness.ch\/","name":"IMMOBILIER Business","description":"Magazine \u00e9conomique suisse ind\u00e9pendant ax\u00e9 sur l'immobilier, l'architecture et la construction ainsi que sur les investissements et le financement.","publisher":{"@id":"https:\/\/www.immobilienbusiness.ch\/#organization"},"potentialAction":[{"@type":"SearchAction","target":{"@type":"EntryPoint","urlTemplate":"https:\/\/www.immobilienbusiness.ch\/?s={search_term_string}"},"query-input":{"@type":"PropertyValueSpecification","valueRequired":true,"valueName":"search_term_string"}}],"inLanguage":"fr-FR"},{"@type":"Organization","@id":"https:\/\/www.immobilienbusiness.ch\/#organization","name":"IMMOBILIER Business","url":"https:\/\/www.immobilienbusiness.ch\/","logo":{"@type":"ImageObject","inLanguage":"fr-FR","@id":"https:\/\/www.immobilienbusiness.ch\/#\/schema\/logo\/image\/","url":"https:\/\/www.immobilienbusiness.ch\/wp-content\/uploads\/2021\/07\/logo_ib.png","contentUrl":"https:\/\/www.immobilienbusiness.ch\/wp-content\/uploads\/2021\/07\/logo_ib.png","width":800,"height":181,"caption":"IMMOBILIEN Business"},"image":{"@id":"https:\/\/www.immobilienbusiness.ch\/#\/schema\/logo\/image\/"},"sameAs":["https:\/\/www.facebook.com\/immobilienbusiness\/"]},{"@type":"Person","@id":"https:\/\/www.immobilienbusiness.ch\/#\/schema\/person\/3fc036297b10b9f42d6db5ee932af8c8","name":"anja.hall","image":{"@type":"ImageObject","inLanguage":"fr-FR","@id":"https:\/\/secure.gravatar.com\/avatar\/066b5a0d447013502c71a5782f4f3469f03cfe595cc2329fb94652fe47511bfb?s=96&d=mm&r=g","url":"https:\/\/secure.gravatar.com\/avatar\/066b5a0d447013502c71a5782f4f3469f03cfe595cc2329fb94652fe47511bfb?s=96&d=mm&r=g","contentUrl":"https:\/\/secure.gravatar.com\/avatar\/066b5a0d447013502c71a5782f4f3469f03cfe595cc2329fb94652fe47511bfb?s=96&d=mm&r=g","caption":"anja.hall"},"url":"https:\/\/www.immobilienbusiness.ch\/fr\/author\/anja-hall\/"}]}},"_links":{"self":[{"href":"https:\/\/www.immobilienbusiness.ch\/fr\/wp-json\/wp\/v2\/posts\/22126","targetHints":{"allow":["GET"]}}],"collection":[{"href":"https:\/\/www.immobilienbusiness.ch\/fr\/wp-json\/wp\/v2\/posts"}],"about":[{"href":"https:\/\/www.immobilienbusiness.ch\/fr\/wp-json\/wp\/v2\/types\/post"}],"author":[{"embeddable":true,"href":"https:\/\/www.immobilienbusiness.ch\/fr\/wp-json\/wp\/v2\/users\/3"}],"replies":[{"embeddable":true,"href":"https:\/\/www.immobilienbusiness.ch\/fr\/wp-json\/wp\/v2\/comments?post=22126"}],"version-history":[{"count":0,"href":"https:\/\/www.immobilienbusiness.ch\/fr\/wp-json\/wp\/v2\/posts\/22126\/revisions"}],"wp:featuredmedia":[{"embeddable":true,"href":"https:\/\/www.immobilienbusiness.ch\/fr\/wp-json\/wp\/v2\/media\/6428"}],"wp:attachment":[{"href":"https:\/\/www.immobilienbusiness.ch\/fr\/wp-json\/wp\/v2\/media?parent=22126"}],"wp:term":[{"taxonomy":"category","embeddable":true,"href":"https:\/\/www.immobilienbusiness.ch\/fr\/wp-json\/wp\/v2\/categories?post=22126"},{"taxonomy":"post_tag","embeddable":true,"href":"https:\/\/www.immobilienbusiness.ch\/fr\/wp-json\/wp\/v2\/tags?post=22126"}],"curies":[{"name":"wp","href":"https:\/\/api.w.org\/{rel}","templated":true}]}}