{"id":22082,"date":"2020-08-12T07:34:10","date_gmt":"2020-08-12T05:34:10","guid":{"rendered":"https:\/\/www.immobilienbusiness.ch\/?p=22082"},"modified":"2020-08-12T07:34:10","modified_gmt":"2020-08-12T05:34:10","slug":"zuerich-geschaeftshaus-schader-vor-der-gesamtsanierung","status":"publish","type":"post","link":"https:\/\/www.immobilienbusiness.ch\/fr\/regionen\/2020-08-12\/zuerich-geschaeftshaus-schader-vor-der-gesamtsanierung\/","title":{"rendered":"Zurich : le b\u00e2timent commercial Schader avant sa r\u00e9novation compl\u00e8te"},"content":{"rendered":"<figure id=\"attachment_22083\" aria-describedby=\"caption-attachment-22083\" style=\"width: 680px\" class=\"wp-caption alignnone\"><img loading=\"lazy\" decoding=\"async\" class=\"size-medium wp-image-22083\" src=\"https:\/\/www.immobilienbusiness.ch\/wp-content\/uploads\/2020\/08\/Gesch\u00e4ftshaus_Schader_Copyright_PORR2.jpg\" alt=\"\" width=\"680\" height=\"453\" \/><figcaption id=\"caption-attachment-22083\" class=\"wp-caption-text\">L'immeuble commercial Schader (photo : Porr Suisse AG)<\/figcaption><\/figure>\n<p>L'immeuble commercial Schader, class\u00e9 monument historique et propri\u00e9t\u00e9 de la Zurich Compagnie d'Assurances, est consid\u00e9r\u00e9 comme un joyau de l'architecture moderne, id\u00e9alement situ\u00e9 sur les rives du lac de Zurich. Le groupe d'assurance a confi\u00e9 \u00e0 Porr Suisse SA la r\u00e9novation compl\u00e8te de ce b\u00e2timent con\u00e7u et r\u00e9alis\u00e9 entre 1969 et 1973 par l'architecte Jacques Schader ; la r\u00e9novation doit \u00eatre effectu\u00e9e au cours des 15 prochains mois.<\/p>\n<p>Selon Karl-Heinz Strauss, CEO de Porr, le contrat comprend la d\u00e9construction du b\u00e2timent, le renforcement de la structure porteuse ainsi que le d\u00e9montage de toutes les installations techniques existantes. Les cages d'escalier class\u00e9es ainsi que diverses installations seront r\u00e9nov\u00e9es conform\u00e9ment aux exigences strictes. Une autre particularit\u00e9 du projet serait la r\u00e9novation de la fa\u00e7ade class\u00e9e monument historique : tous les \u00e9l\u00e9ments de la fa\u00e7ade devraient \u00eatre d\u00e9mont\u00e9s, nettoy\u00e9s et remis en \u00e9tat dans des ateliers, puis r\u00e9install\u00e9s. Le b\u00e2timent devrait \u00eatre certifi\u00e9 par les labels LEED Gold (LEEDv4 Core &amp; Shell) et Minergie (standard).<\/p>\n<p>L'immeuble commercial, qui figure dans l'inventaire des objets d'art et d'histoire prot\u00e9g\u00e9s d'importance communale, comprend trois sous-sols, un rez-de-chauss\u00e9e, et huit \u00e9tages. Les sous-sols sont utilis\u00e9s comme locaux d'archives et techniques ainsi que comme parkings, aussi bien avant qu'apr\u00e8s la transformation. Les \u00e9tages en surface contiennent majoritairement des bureaux. <em>(M.ARR.)<\/em><\/p>","protected":false},"excerpt":{"rendered":"<p>La Zurich Compagnie d'Assurances SA a confi\u00e9 \u00e0 Porr Suisse la revitalisation de l'immeuble commercial Schader, class\u00e9 monument historique, sur les rives du lac de Zurich. <\/p>","protected":false},"author":3,"featured_media":22083,"comment_status":"closed","ping_status":"open","sticky":false,"template":"","format":"standard","meta":{"_acf_changed":false,"_yoast_wpseo_focuskw":"Schader","_yoast_wpseo_title":"","_yoast_wpseo_metadesc":"Die Z\u00fcrich Versicherungs-Gesellschaft AG hat Porr Suisse mit der Revitalisierung des denkmalgesch\u00fctzten Gesch\u00e4ftshauses Schader am Z\u00fcrichseeufer beauftragt.","_yoast_wpseo_linkdex":51,"pgc_sgb_lightbox_settings":"","footnotes":""},"categories":[985],"tags":[1119,1662,1888],"class_list":["post-22082","post","type-post","status-publish","format-standard","has-post-thumbnail","hentry","category-regionen","tag-bueroimmobilien","tag-sanierung","tag-zuerich"],"acf":[],"yoast_head":"<!-- This site is optimized with the Yoast SEO plugin v27.4 - https:\/\/yoast.com\/product\/yoast-seo-wordpress\/ -->\n<title>Z\u00fcrich: Gesch\u00e4ftshaus Schader vor der Gesamtsanierung - IMMOBILIEN Business<\/title>\n<meta name=\"description\" content=\"Die Z\u00fcrich Versicherungs-Gesellschaft AG hat Porr Suisse mit der Revitalisierung des denkmalgesch\u00fctzten Gesch\u00e4ftshauses Schader am Z\u00fcrichseeufer beauftragt.\" \/>\n<meta name=\"robots\" content=\"index, follow, max-snippet:-1, max-image-preview:large, max-video-preview:-1\" \/>\n<link rel=\"canonical\" href=\"https:\/\/www.immobilienbusiness.ch\/fr\/regionen\/2020-08-12\/zuerich-geschaeftshaus-schader-vor-der-gesamtsanierung\/\" \/>\n<meta property=\"og:locale\" content=\"fr_FR\" \/>\n<meta property=\"og:type\" content=\"article\" \/>\n<meta property=\"og:title\" content=\"Z\u00fcrich: Gesch\u00e4ftshaus Schader vor der Gesamtsanierung - IMMOBILIEN Business\" \/>\n<meta property=\"og:description\" content=\"Die Z\u00fcrich Versicherungs-Gesellschaft AG hat Porr Suisse mit der Revitalisierung des denkmalgesch\u00fctzten Gesch\u00e4ftshauses Schader am Z\u00fcrichseeufer beauftragt.\" \/>\n<meta property=\"og:url\" content=\"https:\/\/www.immobilienbusiness.ch\/fr\/regionen\/2020-08-12\/zuerich-geschaeftshaus-schader-vor-der-gesamtsanierung\/\" \/>\n<meta property=\"og:site_name\" content=\"IMMOBILIEN Business\" \/>\n<meta property=\"article:publisher\" content=\"https:\/\/www.facebook.com\/immobilienbusiness\/\" \/>\n<meta property=\"article:published_time\" content=\"2020-08-12T05:34:10+00:00\" \/>\n<meta property=\"og:image\" content=\"https:\/\/www.immobilienbusiness.ch\/wp-content\/uploads\/2020\/08\/Geschaeftshaus_Schader_Copyright_PORR2-1024x683.jpg\" \/>\n\t<meta property=\"og:image:width\" content=\"1024\" \/>\n\t<meta property=\"og:image:height\" content=\"683\" \/>\n\t<meta property=\"og:image:type\" content=\"image\/jpeg\" \/>\n<meta name=\"author\" content=\"anja.hall\" \/>\n<meta name=\"twitter:card\" content=\"summary_large_image\" \/>\n<meta name=\"twitter:image\" content=\"https:\/\/www.immobilienbusiness.ch\/wp-content\/uploads\/2020\/08\/Geschaeftshaus_Schader_Copyright_PORR2.jpg\" \/>\n<script type=\"application\/ld+json\" class=\"yoast-schema-graph\">{\"@context\":\"https:\\\/\\\/schema.org\",\"@graph\":[{\"@type\":\"Article\",\"@id\":\"https:\\\/\\\/www.immobilienbusiness.ch\\\/en\\\/regionen\\\/2020-08-12\\\/zuerich-geschaeftshaus-schader-vor-der-gesamtsanierung\\\/#article\",\"isPartOf\":{\"@id\":\"https:\\\/\\\/www.immobilienbusiness.ch\\\/en\\\/regionen\\\/2020-08-12\\\/zuerich-geschaeftshaus-schader-vor-der-gesamtsanierung\\\/\"},\"author\":{\"name\":\"anja.hall\",\"@id\":\"https:\\\/\\\/www.immobilienbusiness.ch\\\/#\\\/schema\\\/person\\\/3fc036297b10b9f42d6db5ee932af8c8\"},\"headline\":\"Z\u00fcrich: Gesch\u00e4ftshaus Schader vor der Gesamtsanierung\",\"datePublished\":\"2020-08-12T05:34:10+00:00\",\"mainEntityOfPage\":{\"@id\":\"https:\\\/\\\/www.immobilienbusiness.ch\\\/en\\\/regionen\\\/2020-08-12\\\/zuerich-geschaeftshaus-schader-vor-der-gesamtsanierung\\\/\"},\"wordCount\":226,\"publisher\":{\"@id\":\"https:\\\/\\\/www.immobilienbusiness.ch\\\/#organization\"},\"image\":{\"@id\":\"https:\\\/\\\/www.immobilienbusiness.ch\\\/en\\\/regionen\\\/2020-08-12\\\/zuerich-geschaeftshaus-schader-vor-der-gesamtsanierung\\\/#primaryimage\"},\"thumbnailUrl\":\"https:\\\/\\\/www.immobilienbusiness.ch\\\/wp-content\\\/uploads\\\/2020\\\/08\\\/Geschaeftshaus_Schader_Copyright_PORR2.jpg\",\"keywords\":[\"B\u00fcroimmobilien\",\"Sanierung\",\"Z\u00fcrich\"],\"articleSection\":[\"REGIONEN\"],\"inLanguage\":\"fr-FR\"},{\"@type\":\"WebPage\",\"@id\":\"https:\\\/\\\/www.immobilienbusiness.ch\\\/en\\\/regionen\\\/2020-08-12\\\/zuerich-geschaeftshaus-schader-vor-der-gesamtsanierung\\\/\",\"url\":\"https:\\\/\\\/www.immobilienbusiness.ch\\\/en\\\/regionen\\\/2020-08-12\\\/zuerich-geschaeftshaus-schader-vor-der-gesamtsanierung\\\/\",\"name\":\"Z\u00fcrich: Gesch\u00e4ftshaus Schader vor der Gesamtsanierung - IMMOBILIEN Business\",\"isPartOf\":{\"@id\":\"https:\\\/\\\/www.immobilienbusiness.ch\\\/#website\"},\"primaryImageOfPage\":{\"@id\":\"https:\\\/\\\/www.immobilienbusiness.ch\\\/en\\\/regionen\\\/2020-08-12\\\/zuerich-geschaeftshaus-schader-vor-der-gesamtsanierung\\\/#primaryimage\"},\"image\":{\"@id\":\"https:\\\/\\\/www.immobilienbusiness.ch\\\/en\\\/regionen\\\/2020-08-12\\\/zuerich-geschaeftshaus-schader-vor-der-gesamtsanierung\\\/#primaryimage\"},\"thumbnailUrl\":\"https:\\\/\\\/www.immobilienbusiness.ch\\\/wp-content\\\/uploads\\\/2020\\\/08\\\/Geschaeftshaus_Schader_Copyright_PORR2.jpg\",\"datePublished\":\"2020-08-12T05:34:10+00:00\",\"description\":\"Die Z\u00fcrich Versicherungs-Gesellschaft AG hat Porr Suisse mit der Revitalisierung des denkmalgesch\u00fctzten Gesch\u00e4ftshauses Schader am Z\u00fcrichseeufer beauftragt.\",\"breadcrumb\":{\"@id\":\"https:\\\/\\\/www.immobilienbusiness.ch\\\/en\\\/regionen\\\/2020-08-12\\\/zuerich-geschaeftshaus-schader-vor-der-gesamtsanierung\\\/#breadcrumb\"},\"inLanguage\":\"fr-FR\",\"potentialAction\":[{\"@type\":\"ReadAction\",\"target\":[\"https:\\\/\\\/www.immobilienbusiness.ch\\\/en\\\/regionen\\\/2020-08-12\\\/zuerich-geschaeftshaus-schader-vor-der-gesamtsanierung\\\/\"]}]},{\"@type\":\"ImageObject\",\"inLanguage\":\"fr-FR\",\"@id\":\"https:\\\/\\\/www.immobilienbusiness.ch\\\/en\\\/regionen\\\/2020-08-12\\\/zuerich-geschaeftshaus-schader-vor-der-gesamtsanierung\\\/#primaryimage\",\"url\":\"https:\\\/\\\/www.immobilienbusiness.ch\\\/wp-content\\\/uploads\\\/2020\\\/08\\\/Geschaeftshaus_Schader_Copyright_PORR2.jpg\",\"contentUrl\":\"https:\\\/\\\/www.immobilienbusiness.ch\\\/wp-content\\\/uploads\\\/2020\\\/08\\\/Geschaeftshaus_Schader_Copyright_PORR2.jpg\",\"width\":2560,\"height\":1707,\"caption\":\"Das Gesch\u00e4ftshaus Schader (Bild: Porr Suisse AG)\"},{\"@type\":\"BreadcrumbList\",\"@id\":\"https:\\\/\\\/www.immobilienbusiness.ch\\\/en\\\/regionen\\\/2020-08-12\\\/zuerich-geschaeftshaus-schader-vor-der-gesamtsanierung\\\/#breadcrumb\",\"itemListElement\":[{\"@type\":\"ListItem\",\"position\":1,\"name\":\"Home\",\"item\":\"https:\\\/\\\/www.immobilienbusiness.ch\\\/\"},{\"@type\":\"ListItem\",\"position\":2,\"name\":\"Z\u00fcrich: Gesch\u00e4ftshaus Schader vor der Gesamtsanierung\"}]},{\"@type\":\"WebSite\",\"@id\":\"https:\\\/\\\/www.immobilienbusiness.ch\\\/#website\",\"url\":\"https:\\\/\\\/www.immobilienbusiness.ch\\\/\",\"name\":\"IMMOBILIEN Business\",\"description\":\"Unabh\u00e4ngiges Schweizer Wirtschaftsmagazin mit Fokus auf Immobilien, Architektur- und Bau sowie Investment- und Finanzierung.\",\"publisher\":{\"@id\":\"https:\\\/\\\/www.immobilienbusiness.ch\\\/#organization\"},\"potentialAction\":[{\"@type\":\"SearchAction\",\"target\":{\"@type\":\"EntryPoint\",\"urlTemplate\":\"https:\\\/\\\/www.immobilienbusiness.ch\\\/?s={search_term_string}\"},\"query-input\":{\"@type\":\"PropertyValueSpecification\",\"valueRequired\":true,\"valueName\":\"search_term_string\"}}],\"inLanguage\":\"fr-FR\"},{\"@type\":\"Organization\",\"@id\":\"https:\\\/\\\/www.immobilienbusiness.ch\\\/#organization\",\"name\":\"IMMOBILIEN Business\",\"url\":\"https:\\\/\\\/www.immobilienbusiness.ch\\\/\",\"logo\":{\"@type\":\"ImageObject\",\"inLanguage\":\"fr-FR\",\"@id\":\"https:\\\/\\\/www.immobilienbusiness.ch\\\/#\\\/schema\\\/logo\\\/image\\\/\",\"url\":\"https:\\\/\\\/www.immobilienbusiness.ch\\\/wp-content\\\/uploads\\\/2021\\\/07\\\/logo_ib.png\",\"contentUrl\":\"https:\\\/\\\/www.immobilienbusiness.ch\\\/wp-content\\\/uploads\\\/2021\\\/07\\\/logo_ib.png\",\"width\":800,\"height\":181,\"caption\":\"IMMOBILIEN Business\"},\"image\":{\"@id\":\"https:\\\/\\\/www.immobilienbusiness.ch\\\/#\\\/schema\\\/logo\\\/image\\\/\"},\"sameAs\":[\"https:\\\/\\\/www.facebook.com\\\/immobilienbusiness\\\/\"]},{\"@type\":\"Person\",\"@id\":\"https:\\\/\\\/www.immobilienbusiness.ch\\\/#\\\/schema\\\/person\\\/3fc036297b10b9f42d6db5ee932af8c8\",\"name\":\"anja.hall\",\"image\":{\"@type\":\"ImageObject\",\"inLanguage\":\"fr-FR\",\"@id\":\"https:\\\/\\\/secure.gravatar.com\\\/avatar\\\/066b5a0d447013502c71a5782f4f3469f03cfe595cc2329fb94652fe47511bfb?s=96&d=mm&r=g\",\"url\":\"https:\\\/\\\/secure.gravatar.com\\\/avatar\\\/066b5a0d447013502c71a5782f4f3469f03cfe595cc2329fb94652fe47511bfb?s=96&d=mm&r=g\",\"contentUrl\":\"https:\\\/\\\/secure.gravatar.com\\\/avatar\\\/066b5a0d447013502c71a5782f4f3469f03cfe595cc2329fb94652fe47511bfb?s=96&d=mm&r=g\",\"caption\":\"anja.hall\"},\"url\":\"https:\\\/\\\/www.immobilienbusiness.ch\\\/fr\\\/author\\\/anja-hall\\\/\"}]}<\/script>\n<!-- \/ Yoast SEO plugin. -->","yoast_head_json":{"title":"Zurich : l'immeuble commercial Schader avant sa r\u00e9novation compl\u00e8te - IMMOBILIER Business","description":"La Zurich Compagnie d'Assurances SA a confi\u00e9 \u00e0 Porr Suisse la revitalisation de l'immeuble commercial Schader, class\u00e9 monument historique, sur les rives du lac de Zurich.","robots":{"index":"index","follow":"follow","max-snippet":"max-snippet:-1","max-image-preview":"max-image-preview:large","max-video-preview":"max-video-preview:-1"},"canonical":"https:\/\/www.immobilienbusiness.ch\/fr\/regionen\/2020-08-12\/zuerich-geschaeftshaus-schader-vor-der-gesamtsanierung\/","og_locale":"fr_FR","og_type":"article","og_title":"Z\u00fcrich: Gesch\u00e4ftshaus Schader vor der Gesamtsanierung - IMMOBILIEN Business","og_description":"Die Z\u00fcrich Versicherungs-Gesellschaft AG hat Porr Suisse mit der Revitalisierung des denkmalgesch\u00fctzten Gesch\u00e4ftshauses Schader am Z\u00fcrichseeufer beauftragt.","og_url":"https:\/\/www.immobilienbusiness.ch\/fr\/regionen\/2020-08-12\/zuerich-geschaeftshaus-schader-vor-der-gesamtsanierung\/","og_site_name":"IMMOBILIEN Business","article_publisher":"https:\/\/www.facebook.com\/immobilienbusiness\/","article_published_time":"2020-08-12T05:34:10+00:00","og_image":[{"width":1024,"height":683,"url":"https:\/\/www.immobilienbusiness.ch\/wp-content\/uploads\/2020\/08\/Geschaeftshaus_Schader_Copyright_PORR2-1024x683.jpg","type":"image\/jpeg"}],"author":"anja.hall","twitter_card":"summary_large_image","twitter_image":"https:\/\/www.immobilienbusiness.ch\/wp-content\/uploads\/2020\/08\/Geschaeftshaus_Schader_Copyright_PORR2.jpg","schema":{"@context":"https:\/\/schema.org","@graph":[{"@type":"Article","@id":"https:\/\/www.immobilienbusiness.ch\/en\/regionen\/2020-08-12\/zuerich-geschaeftshaus-schader-vor-der-gesamtsanierung\/#article","isPartOf":{"@id":"https:\/\/www.immobilienbusiness.ch\/en\/regionen\/2020-08-12\/zuerich-geschaeftshaus-schader-vor-der-gesamtsanierung\/"},"author":{"name":"anja.hall","@id":"https:\/\/www.immobilienbusiness.ch\/#\/schema\/person\/3fc036297b10b9f42d6db5ee932af8c8"},"headline":"Z\u00fcrich: Gesch\u00e4ftshaus Schader vor der Gesamtsanierung","datePublished":"2020-08-12T05:34:10+00:00","mainEntityOfPage":{"@id":"https:\/\/www.immobilienbusiness.ch\/en\/regionen\/2020-08-12\/zuerich-geschaeftshaus-schader-vor-der-gesamtsanierung\/"},"wordCount":226,"publisher":{"@id":"https:\/\/www.immobilienbusiness.ch\/#organization"},"image":{"@id":"https:\/\/www.immobilienbusiness.ch\/en\/regionen\/2020-08-12\/zuerich-geschaeftshaus-schader-vor-der-gesamtsanierung\/#primaryimage"},"thumbnailUrl":"https:\/\/www.immobilienbusiness.ch\/wp-content\/uploads\/2020\/08\/Geschaeftshaus_Schader_Copyright_PORR2.jpg","keywords":["B\u00fcroimmobilien","Sanierung","Z\u00fcrich"],"articleSection":["REGIONEN"],"inLanguage":"fr-FR"},{"@type":"WebPage","@id":"https:\/\/www.immobilienbusiness.ch\/en\/regionen\/2020-08-12\/zuerich-geschaeftshaus-schader-vor-der-gesamtsanierung\/","url":"https:\/\/www.immobilienbusiness.ch\/en\/regionen\/2020-08-12\/zuerich-geschaeftshaus-schader-vor-der-gesamtsanierung\/","name":"Zurich : l'immeuble commercial Schader avant sa r\u00e9novation compl\u00e8te - IMMOBILIER Business","isPartOf":{"@id":"https:\/\/www.immobilienbusiness.ch\/#website"},"primaryImageOfPage":{"@id":"https:\/\/www.immobilienbusiness.ch\/en\/regionen\/2020-08-12\/zuerich-geschaeftshaus-schader-vor-der-gesamtsanierung\/#primaryimage"},"image":{"@id":"https:\/\/www.immobilienbusiness.ch\/en\/regionen\/2020-08-12\/zuerich-geschaeftshaus-schader-vor-der-gesamtsanierung\/#primaryimage"},"thumbnailUrl":"https:\/\/www.immobilienbusiness.ch\/wp-content\/uploads\/2020\/08\/Geschaeftshaus_Schader_Copyright_PORR2.jpg","datePublished":"2020-08-12T05:34:10+00:00","description":"La Zurich Compagnie d'Assurances SA a confi\u00e9 \u00e0 Porr Suisse la revitalisation de l'immeuble commercial Schader, class\u00e9 monument historique, sur les rives du lac de Zurich.","breadcrumb":{"@id":"https:\/\/www.immobilienbusiness.ch\/en\/regionen\/2020-08-12\/zuerich-geschaeftshaus-schader-vor-der-gesamtsanierung\/#breadcrumb"},"inLanguage":"fr-FR","potentialAction":[{"@type":"ReadAction","target":["https:\/\/www.immobilienbusiness.ch\/en\/regionen\/2020-08-12\/zuerich-geschaeftshaus-schader-vor-der-gesamtsanierung\/"]}]},{"@type":"ImageObject","inLanguage":"fr-FR","@id":"https:\/\/www.immobilienbusiness.ch\/en\/regionen\/2020-08-12\/zuerich-geschaeftshaus-schader-vor-der-gesamtsanierung\/#primaryimage","url":"https:\/\/www.immobilienbusiness.ch\/wp-content\/uploads\/2020\/08\/Geschaeftshaus_Schader_Copyright_PORR2.jpg","contentUrl":"https:\/\/www.immobilienbusiness.ch\/wp-content\/uploads\/2020\/08\/Geschaeftshaus_Schader_Copyright_PORR2.jpg","width":2560,"height":1707,"caption":"Das Gesch\u00e4ftshaus Schader (Bild: Porr Suisse AG)"},{"@type":"BreadcrumbList","@id":"https:\/\/www.immobilienbusiness.ch\/en\/regionen\/2020-08-12\/zuerich-geschaeftshaus-schader-vor-der-gesamtsanierung\/#breadcrumb","itemListElement":[{"@type":"ListItem","position":1,"name":"Home","item":"https:\/\/www.immobilienbusiness.ch\/"},{"@type":"ListItem","position":2,"name":"Z\u00fcrich: Gesch\u00e4ftshaus Schader vor der Gesamtsanierung"}]},{"@type":"WebSite","@id":"https:\/\/www.immobilienbusiness.ch\/#website","url":"https:\/\/www.immobilienbusiness.ch\/","name":"IMMOBILIER Business","description":"Magazine \u00e9conomique suisse ind\u00e9pendant ax\u00e9 sur l'immobilier, l'architecture et la construction ainsi que sur les investissements et le financement.","publisher":{"@id":"https:\/\/www.immobilienbusiness.ch\/#organization"},"potentialAction":[{"@type":"SearchAction","target":{"@type":"EntryPoint","urlTemplate":"https:\/\/www.immobilienbusiness.ch\/?s={search_term_string}"},"query-input":{"@type":"PropertyValueSpecification","valueRequired":true,"valueName":"search_term_string"}}],"inLanguage":"fr-FR"},{"@type":"Organization","@id":"https:\/\/www.immobilienbusiness.ch\/#organization","name":"IMMOBILIER Business","url":"https:\/\/www.immobilienbusiness.ch\/","logo":{"@type":"ImageObject","inLanguage":"fr-FR","@id":"https:\/\/www.immobilienbusiness.ch\/#\/schema\/logo\/image\/","url":"https:\/\/www.immobilienbusiness.ch\/wp-content\/uploads\/2021\/07\/logo_ib.png","contentUrl":"https:\/\/www.immobilienbusiness.ch\/wp-content\/uploads\/2021\/07\/logo_ib.png","width":800,"height":181,"caption":"IMMOBILIEN Business"},"image":{"@id":"https:\/\/www.immobilienbusiness.ch\/#\/schema\/logo\/image\/"},"sameAs":["https:\/\/www.facebook.com\/immobilienbusiness\/"]},{"@type":"Person","@id":"https:\/\/www.immobilienbusiness.ch\/#\/schema\/person\/3fc036297b10b9f42d6db5ee932af8c8","name":"anja.hall","image":{"@type":"ImageObject","inLanguage":"fr-FR","@id":"https:\/\/secure.gravatar.com\/avatar\/066b5a0d447013502c71a5782f4f3469f03cfe595cc2329fb94652fe47511bfb?s=96&d=mm&r=g","url":"https:\/\/secure.gravatar.com\/avatar\/066b5a0d447013502c71a5782f4f3469f03cfe595cc2329fb94652fe47511bfb?s=96&d=mm&r=g","contentUrl":"https:\/\/secure.gravatar.com\/avatar\/066b5a0d447013502c71a5782f4f3469f03cfe595cc2329fb94652fe47511bfb?s=96&d=mm&r=g","caption":"anja.hall"},"url":"https:\/\/www.immobilienbusiness.ch\/fr\/author\/anja-hall\/"}]}},"_links":{"self":[{"href":"https:\/\/www.immobilienbusiness.ch\/fr\/wp-json\/wp\/v2\/posts\/22082","targetHints":{"allow":["GET"]}}],"collection":[{"href":"https:\/\/www.immobilienbusiness.ch\/fr\/wp-json\/wp\/v2\/posts"}],"about":[{"href":"https:\/\/www.immobilienbusiness.ch\/fr\/wp-json\/wp\/v2\/types\/post"}],"author":[{"embeddable":true,"href":"https:\/\/www.immobilienbusiness.ch\/fr\/wp-json\/wp\/v2\/users\/3"}],"replies":[{"embeddable":true,"href":"https:\/\/www.immobilienbusiness.ch\/fr\/wp-json\/wp\/v2\/comments?post=22082"}],"version-history":[{"count":0,"href":"https:\/\/www.immobilienbusiness.ch\/fr\/wp-json\/wp\/v2\/posts\/22082\/revisions"}],"wp:featuredmedia":[{"embeddable":true,"href":"https:\/\/www.immobilienbusiness.ch\/fr\/wp-json\/wp\/v2\/media\/22083"}],"wp:attachment":[{"href":"https:\/\/www.immobilienbusiness.ch\/fr\/wp-json\/wp\/v2\/media?parent=22082"}],"wp:term":[{"taxonomy":"category","embeddable":true,"href":"https:\/\/www.immobilienbusiness.ch\/fr\/wp-json\/wp\/v2\/categories?post=22082"},{"taxonomy":"post_tag","embeddable":true,"href":"https:\/\/www.immobilienbusiness.ch\/fr\/wp-json\/wp\/v2\/tags?post=22082"}],"curies":[{"name":"wp","href":"https:\/\/api.w.org\/{rel}","templated":true}]}}