{"id":21979,"date":"2020-07-30T08:30:16","date_gmt":"2020-07-30T06:30:16","guid":{"rendered":"https:\/\/www.immobilienbusiness.ch\/?p=21979"},"modified":"2020-07-30T08:30:16","modified_gmt":"2020-07-30T06:30:16","slug":"senioresidenz-mieterertrag-und-gewinn-im-plus","status":"publish","type":"post","link":"https:\/\/www.immobilienbusiness.ch\/fr\/unternehmen\/2020-07-30\/senioresidenz-mieterertrag-und-gewinn-im-plus\/","title":{"rendered":"R\u00e9sidence pour personnes \u00e2g\u00e9es : revenus locatifs et b\u00e9n\u00e9fices en hausse"},"content":{"rendered":"<figure id=\"attachment_8786\" aria-describedby=\"caption-attachment-8786\" style=\"width: 680px\" class=\"wp-caption alignnone\"><img loading=\"lazy\" decoding=\"async\" class=\"size-medium wp-image-8786\" src=\"https:\/\/www.immobilienbusiness.ch\/wp-content\/uploads\/2017\/08\/IB-News-22082017-SFPI-vorl\u00e4ufige-Halbjahreszahlen_Depositphotos_64056199.jpg\" alt=\"\" width=\"680\" height=\"455\" \/><figcaption id=\"caption-attachment-8786\" class=\"wp-caption-text\">La Senioresidenz AG pr\u00e9sente des r\u00e9sultats provisoires pour le premier semestre 2020 (photo : valphoto - deposit photos)<\/figcaption><\/figure>\n<p>Selon les r\u00e9sultats provisoires non audit\u00e9s, le revenu locatif net a augment\u00e9 de 142% au premier semestre 2020 pour atteindre environ 4,3 millions de CHF (ann\u00e9e pr\u00e9c\u00e9dente : 1,8 million), indique Senioresidenz. Cette augmentation serait principalement due \u00e0 des acquisitions : Au cours du deuxi\u00e8me semestre 2019, la soci\u00e9t\u00e9 a acquis des biens immobiliers \u00e0 Martigny et Richterswil, et avec le transfert de propri\u00e9t\u00e9 au 1er janvier 2020, un portefeuille de six centres d'habitation et de soins \u00e0 Berg, Egnach, Kradolf, Kirchlindach, Reute et Wald est venu s'ajouter. L'\u00e9valuation du portefeuille immobilier sur le march\u00e9 a toutefois entra\u00een\u00e9 un r\u00e9sultat de r\u00e9\u00e9valuation n\u00e9gatif de -0,1 million, contre +0,2 million pour la m\u00eame p\u00e9riode de l'ann\u00e9e pr\u00e9c\u00e9dente.<\/p>\n<p>Au niveau de l'EBIT, la r\u00e9sidence senior a enregistr\u00e9 un b\u00e9n\u00e9fice de 3,0 millions contre 1,3 million l'ann\u00e9e pr\u00e9c\u00e9dente, soit une augmentation de pr\u00e8s de 140%. Selon les premiers chiffres pr\u00e9liminaires de l'entreprise, le b\u00e9n\u00e9fice, y compris le r\u00e9sultat de la r\u00e9\u00e9valuation, s'\u00e9l\u00e8ve \u00e0 environ 2,1 millions (ann\u00e9e pr\u00e9c\u00e9dente : 1,1 million) et le b\u00e9n\u00e9fice, hors r\u00e9sultat de la r\u00e9\u00e9valuation, \u00e0 environ 2,1 millions \u00e9galement, contre 0,9 million l'ann\u00e9e pr\u00e9c\u00e9dente.<\/p>\n<p>L'entreprise pr\u00e9voit de publier son rapport semestriel complet le 20 ao\u00fbt 2020. <em>(ah)<\/em><\/p>","protected":false},"excerpt":{"rendered":"<p>La soci\u00e9t\u00e9 Senioresidenz AG annonce une nette augmentation de son b\u00e9n\u00e9fice et de ses revenus locatifs pour le premier semestre 2020. <\/p>","protected":false},"author":3,"featured_media":6053,"comment_status":"closed","ping_status":"open","sticky":false,"template":"","format":"standard","meta":{"_acf_changed":false,"_yoast_wpseo_focuskw":"Senioresidenz","_yoast_wpseo_title":"","_yoast_wpseo_metadesc":"Die Senioresidenz AG meldet f\u00fcr das erste Halbjahr 2020 ein deutliches Plus beim Gewinn und den Mieterertr\u00e4gen.","_yoast_wpseo_linkdex":50,"pgc_sgb_lightbox_settings":"","footnotes":""},"categories":[988],"tags":[1290,1329],"class_list":["post-21979","post","type-post","status-publish","format-standard","has-post-thumbnail","hentry","category-unternehmen","tag-halbjahresergebnis","tag-immobilien-ag"],"acf":[],"yoast_head":"<!-- This site is optimized with the Yoast SEO plugin v27.5 - https:\/\/yoast.com\/product\/yoast-seo-wordpress\/ -->\n<title>Senioresidenz: Mieterertrag und Gewinn im Plus - IMMOBILIEN Business<\/title>\n<meta name=\"description\" content=\"Die Senioresidenz AG meldet f\u00fcr das erste Halbjahr 2020 ein deutliches Plus beim Gewinn und den Mieterertr\u00e4gen.\" \/>\n<meta name=\"robots\" content=\"index, follow, max-snippet:-1, max-image-preview:large, max-video-preview:-1\" \/>\n<link rel=\"canonical\" href=\"https:\/\/www.immobilienbusiness.ch\/fr\/unternehmen\/2020-07-30\/senioresidenz-mieterertrag-und-gewinn-im-plus\/\" \/>\n<meta property=\"og:locale\" content=\"fr_FR\" \/>\n<meta property=\"og:type\" content=\"article\" \/>\n<meta property=\"og:title\" content=\"Senioresidenz: Mieterertrag und Gewinn im Plus - IMMOBILIEN Business\" \/>\n<meta property=\"og:description\" content=\"Die Senioresidenz AG meldet f\u00fcr das erste Halbjahr 2020 ein deutliches Plus beim Gewinn und den Mieterertr\u00e4gen.\" \/>\n<meta property=\"og:url\" content=\"https:\/\/www.immobilienbusiness.ch\/fr\/unternehmen\/2020-07-30\/senioresidenz-mieterertrag-und-gewinn-im-plus\/\" \/>\n<meta property=\"og:site_name\" content=\"IMMOBILIEN Business\" \/>\n<meta property=\"article:publisher\" content=\"https:\/\/www.facebook.com\/immobilienbusiness\/\" \/>\n<meta property=\"article:published_time\" content=\"2020-07-30T06:30:16+00:00\" \/>\n<meta property=\"og:image\" content=\"https:\/\/www.immobilienbusiness.ch\/wp-content\/uploads\/2017\/01\/Depositphotos_64056199_l-2015.jpg\" \/>\n\t<meta property=\"og:image:width\" content=\"2000\" \/>\n\t<meta property=\"og:image:height\" content=\"1339\" \/>\n\t<meta property=\"og:image:type\" content=\"image\/jpeg\" \/>\n<meta name=\"author\" content=\"anja.hall\" \/>\n<meta name=\"twitter:card\" content=\"summary_large_image\" \/>\n<meta name=\"twitter:image\" content=\"https:\/\/www.immobilienbusiness.ch\/wp-content\/uploads\/2017\/01\/Depositphotos_64056199_l-2015.jpg\" \/>\n<script type=\"application\/ld+json\" class=\"yoast-schema-graph\">{\"@context\":\"https:\\\/\\\/schema.org\",\"@graph\":[{\"@type\":\"Article\",\"@id\":\"https:\\\/\\\/www.immobilienbusiness.ch\\\/unternehmen\\\/2020-07-30\\\/senioresidenz-mieterertrag-und-gewinn-im-plus\\\/#article\",\"isPartOf\":{\"@id\":\"https:\\\/\\\/www.immobilienbusiness.ch\\\/unternehmen\\\/2020-07-30\\\/senioresidenz-mieterertrag-und-gewinn-im-plus\\\/\"},\"author\":{\"name\":\"anja.hall\",\"@id\":\"https:\\\/\\\/www.immobilienbusiness.ch\\\/#\\\/schema\\\/person\\\/3fc036297b10b9f42d6db5ee932af8c8\"},\"headline\":\"Senioresidenz: Mieterertrag und Gewinn im Plus\",\"datePublished\":\"2020-07-30T06:30:16+00:00\",\"mainEntityOfPage\":{\"@id\":\"https:\\\/\\\/www.immobilienbusiness.ch\\\/unternehmen\\\/2020-07-30\\\/senioresidenz-mieterertrag-und-gewinn-im-plus\\\/\"},\"wordCount\":178,\"publisher\":{\"@id\":\"https:\\\/\\\/www.immobilienbusiness.ch\\\/#organization\"},\"image\":{\"@id\":\"https:\\\/\\\/www.immobilienbusiness.ch\\\/unternehmen\\\/2020-07-30\\\/senioresidenz-mieterertrag-und-gewinn-im-plus\\\/#primaryimage\"},\"thumbnailUrl\":\"https:\\\/\\\/www.immobilienbusiness.ch\\\/wp-content\\\/uploads\\\/2017\\\/01\\\/Depositphotos_64056199_l-2015.jpg\",\"keywords\":[\"Halbjahresergebnis\",\"Immobilien-AG\"],\"articleSection\":[\"UNTERNEHMEN\"],\"inLanguage\":\"fr-FR\"},{\"@type\":\"WebPage\",\"@id\":\"https:\\\/\\\/www.immobilienbusiness.ch\\\/unternehmen\\\/2020-07-30\\\/senioresidenz-mieterertrag-und-gewinn-im-plus\\\/\",\"url\":\"https:\\\/\\\/www.immobilienbusiness.ch\\\/unternehmen\\\/2020-07-30\\\/senioresidenz-mieterertrag-und-gewinn-im-plus\\\/\",\"name\":\"Senioresidenz: Mieterertrag und Gewinn im Plus - IMMOBILIEN Business\",\"isPartOf\":{\"@id\":\"https:\\\/\\\/www.immobilienbusiness.ch\\\/#website\"},\"primaryImageOfPage\":{\"@id\":\"https:\\\/\\\/www.immobilienbusiness.ch\\\/unternehmen\\\/2020-07-30\\\/senioresidenz-mieterertrag-und-gewinn-im-plus\\\/#primaryimage\"},\"image\":{\"@id\":\"https:\\\/\\\/www.immobilienbusiness.ch\\\/unternehmen\\\/2020-07-30\\\/senioresidenz-mieterertrag-und-gewinn-im-plus\\\/#primaryimage\"},\"thumbnailUrl\":\"https:\\\/\\\/www.immobilienbusiness.ch\\\/wp-content\\\/uploads\\\/2017\\\/01\\\/Depositphotos_64056199_l-2015.jpg\",\"datePublished\":\"2020-07-30T06:30:16+00:00\",\"description\":\"Die Senioresidenz AG meldet f\u00fcr das erste Halbjahr 2020 ein deutliches Plus beim Gewinn und den Mieterertr\u00e4gen.\",\"breadcrumb\":{\"@id\":\"https:\\\/\\\/www.immobilienbusiness.ch\\\/unternehmen\\\/2020-07-30\\\/senioresidenz-mieterertrag-und-gewinn-im-plus\\\/#breadcrumb\"},\"inLanguage\":\"fr-FR\",\"potentialAction\":[{\"@type\":\"ReadAction\",\"target\":[\"https:\\\/\\\/www.immobilienbusiness.ch\\\/unternehmen\\\/2020-07-30\\\/senioresidenz-mieterertrag-und-gewinn-im-plus\\\/\"]}]},{\"@type\":\"ImageObject\",\"inLanguage\":\"fr-FR\",\"@id\":\"https:\\\/\\\/www.immobilienbusiness.ch\\\/unternehmen\\\/2020-07-30\\\/senioresidenz-mieterertrag-und-gewinn-im-plus\\\/#primaryimage\",\"url\":\"https:\\\/\\\/www.immobilienbusiness.ch\\\/wp-content\\\/uploads\\\/2017\\\/01\\\/Depositphotos_64056199_l-2015.jpg\",\"contentUrl\":\"https:\\\/\\\/www.immobilienbusiness.ch\\\/wp-content\\\/uploads\\\/2017\\\/01\\\/Depositphotos_64056199_l-2015.jpg\",\"width\":2000,\"height\":1339,\"caption\":\"Der Fonds kam 2024 beim Gesamterfolg nahe an die schwarzen Zahlen heran (Foto: valphoto - deposit photos)\"},{\"@type\":\"BreadcrumbList\",\"@id\":\"https:\\\/\\\/www.immobilienbusiness.ch\\\/unternehmen\\\/2020-07-30\\\/senioresidenz-mieterertrag-und-gewinn-im-plus\\\/#breadcrumb\",\"itemListElement\":[{\"@type\":\"ListItem\",\"position\":1,\"name\":\"Home\",\"item\":\"https:\\\/\\\/www.immobilienbusiness.ch\\\/\"},{\"@type\":\"ListItem\",\"position\":2,\"name\":\"Senioresidenz: Mieterertrag und Gewinn im Plus\"}]},{\"@type\":\"WebSite\",\"@id\":\"https:\\\/\\\/www.immobilienbusiness.ch\\\/#website\",\"url\":\"https:\\\/\\\/www.immobilienbusiness.ch\\\/\",\"name\":\"IMMOBILIEN Business\",\"description\":\"Unabh\u00e4ngiges Schweizer Wirtschaftsmagazin mit Fokus auf Immobilien, Architektur- und Bau sowie Investment- und Finanzierung.\",\"publisher\":{\"@id\":\"https:\\\/\\\/www.immobilienbusiness.ch\\\/#organization\"},\"potentialAction\":[{\"@type\":\"SearchAction\",\"target\":{\"@type\":\"EntryPoint\",\"urlTemplate\":\"https:\\\/\\\/www.immobilienbusiness.ch\\\/?s={search_term_string}\"},\"query-input\":{\"@type\":\"PropertyValueSpecification\",\"valueRequired\":true,\"valueName\":\"search_term_string\"}}],\"inLanguage\":\"fr-FR\"},{\"@type\":\"Organization\",\"@id\":\"https:\\\/\\\/www.immobilienbusiness.ch\\\/#organization\",\"name\":\"IMMOBILIEN Business\",\"url\":\"https:\\\/\\\/www.immobilienbusiness.ch\\\/\",\"logo\":{\"@type\":\"ImageObject\",\"inLanguage\":\"fr-FR\",\"@id\":\"https:\\\/\\\/www.immobilienbusiness.ch\\\/#\\\/schema\\\/logo\\\/image\\\/\",\"url\":\"https:\\\/\\\/www.immobilienbusiness.ch\\\/wp-content\\\/uploads\\\/2021\\\/07\\\/logo_ib.png\",\"contentUrl\":\"https:\\\/\\\/www.immobilienbusiness.ch\\\/wp-content\\\/uploads\\\/2021\\\/07\\\/logo_ib.png\",\"width\":800,\"height\":181,\"caption\":\"IMMOBILIEN Business\"},\"image\":{\"@id\":\"https:\\\/\\\/www.immobilienbusiness.ch\\\/#\\\/schema\\\/logo\\\/image\\\/\"},\"sameAs\":[\"https:\\\/\\\/www.facebook.com\\\/immobilienbusiness\\\/\"]},{\"@type\":\"Person\",\"@id\":\"https:\\\/\\\/www.immobilienbusiness.ch\\\/#\\\/schema\\\/person\\\/3fc036297b10b9f42d6db5ee932af8c8\",\"name\":\"anja.hall\",\"image\":{\"@type\":\"ImageObject\",\"inLanguage\":\"fr-FR\",\"@id\":\"https:\\\/\\\/secure.gravatar.com\\\/avatar\\\/066b5a0d447013502c71a5782f4f3469f03cfe595cc2329fb94652fe47511bfb?s=96&d=mm&r=g\",\"url\":\"https:\\\/\\\/secure.gravatar.com\\\/avatar\\\/066b5a0d447013502c71a5782f4f3469f03cfe595cc2329fb94652fe47511bfb?s=96&d=mm&r=g\",\"contentUrl\":\"https:\\\/\\\/secure.gravatar.com\\\/avatar\\\/066b5a0d447013502c71a5782f4f3469f03cfe595cc2329fb94652fe47511bfb?s=96&d=mm&r=g\",\"caption\":\"anja.hall\"},\"url\":\"https:\\\/\\\/www.immobilienbusiness.ch\\\/fr\\\/author\\\/anja-hall\\\/\"}]}<\/script>\n<!-- \/ Yoast SEO plugin. -->","yoast_head_json":{"title":"Senioresidenz: Mieterertrag und Gewinn im Plus - IMMOBILIEN Business","description":"La soci\u00e9t\u00e9 Senioresidenz AG annonce une nette augmentation de son b\u00e9n\u00e9fice et de ses revenus locatifs pour le premier semestre 2020.","robots":{"index":"index","follow":"follow","max-snippet":"max-snippet:-1","max-image-preview":"max-image-preview:large","max-video-preview":"max-video-preview:-1"},"canonical":"https:\/\/www.immobilienbusiness.ch\/fr\/unternehmen\/2020-07-30\/senioresidenz-mieterertrag-und-gewinn-im-plus\/","og_locale":"fr_FR","og_type":"article","og_title":"Senioresidenz: Mieterertrag und Gewinn im Plus - IMMOBILIEN Business","og_description":"Die Senioresidenz AG meldet f\u00fcr das erste Halbjahr 2020 ein deutliches Plus beim Gewinn und den Mieterertr\u00e4gen.","og_url":"https:\/\/www.immobilienbusiness.ch\/fr\/unternehmen\/2020-07-30\/senioresidenz-mieterertrag-und-gewinn-im-plus\/","og_site_name":"IMMOBILIEN Business","article_publisher":"https:\/\/www.facebook.com\/immobilienbusiness\/","article_published_time":"2020-07-30T06:30:16+00:00","og_image":[{"width":2000,"height":1339,"url":"https:\/\/www.immobilienbusiness.ch\/wp-content\/uploads\/2017\/01\/Depositphotos_64056199_l-2015.jpg","type":"image\/jpeg"}],"author":"anja.hall","twitter_card":"summary_large_image","twitter_image":"https:\/\/www.immobilienbusiness.ch\/wp-content\/uploads\/2017\/01\/Depositphotos_64056199_l-2015.jpg","schema":{"@context":"https:\/\/schema.org","@graph":[{"@type":"Article","@id":"https:\/\/www.immobilienbusiness.ch\/unternehmen\/2020-07-30\/senioresidenz-mieterertrag-und-gewinn-im-plus\/#article","isPartOf":{"@id":"https:\/\/www.immobilienbusiness.ch\/unternehmen\/2020-07-30\/senioresidenz-mieterertrag-und-gewinn-im-plus\/"},"author":{"name":"anja.hall","@id":"https:\/\/www.immobilienbusiness.ch\/#\/schema\/person\/3fc036297b10b9f42d6db5ee932af8c8"},"headline":"Senioresidenz: Mieterertrag und Gewinn im Plus","datePublished":"2020-07-30T06:30:16+00:00","mainEntityOfPage":{"@id":"https:\/\/www.immobilienbusiness.ch\/unternehmen\/2020-07-30\/senioresidenz-mieterertrag-und-gewinn-im-plus\/"},"wordCount":178,"publisher":{"@id":"https:\/\/www.immobilienbusiness.ch\/#organization"},"image":{"@id":"https:\/\/www.immobilienbusiness.ch\/unternehmen\/2020-07-30\/senioresidenz-mieterertrag-und-gewinn-im-plus\/#primaryimage"},"thumbnailUrl":"https:\/\/www.immobilienbusiness.ch\/wp-content\/uploads\/2017\/01\/Depositphotos_64056199_l-2015.jpg","keywords":["Halbjahresergebnis","Immobilien-AG"],"articleSection":["UNTERNEHMEN"],"inLanguage":"fr-FR"},{"@type":"WebPage","@id":"https:\/\/www.immobilienbusiness.ch\/unternehmen\/2020-07-30\/senioresidenz-mieterertrag-und-gewinn-im-plus\/","url":"https:\/\/www.immobilienbusiness.ch\/unternehmen\/2020-07-30\/senioresidenz-mieterertrag-und-gewinn-im-plus\/","name":"Senioresidenz: Mieterertrag und Gewinn im Plus - IMMOBILIEN Business","isPartOf":{"@id":"https:\/\/www.immobilienbusiness.ch\/#website"},"primaryImageOfPage":{"@id":"https:\/\/www.immobilienbusiness.ch\/unternehmen\/2020-07-30\/senioresidenz-mieterertrag-und-gewinn-im-plus\/#primaryimage"},"image":{"@id":"https:\/\/www.immobilienbusiness.ch\/unternehmen\/2020-07-30\/senioresidenz-mieterertrag-und-gewinn-im-plus\/#primaryimage"},"thumbnailUrl":"https:\/\/www.immobilienbusiness.ch\/wp-content\/uploads\/2017\/01\/Depositphotos_64056199_l-2015.jpg","datePublished":"2020-07-30T06:30:16+00:00","description":"La soci\u00e9t\u00e9 Senioresidenz AG annonce une nette augmentation de son b\u00e9n\u00e9fice et de ses revenus locatifs pour le premier semestre 2020.","breadcrumb":{"@id":"https:\/\/www.immobilienbusiness.ch\/unternehmen\/2020-07-30\/senioresidenz-mieterertrag-und-gewinn-im-plus\/#breadcrumb"},"inLanguage":"fr-FR","potentialAction":[{"@type":"ReadAction","target":["https:\/\/www.immobilienbusiness.ch\/unternehmen\/2020-07-30\/senioresidenz-mieterertrag-und-gewinn-im-plus\/"]}]},{"@type":"ImageObject","inLanguage":"fr-FR","@id":"https:\/\/www.immobilienbusiness.ch\/unternehmen\/2020-07-30\/senioresidenz-mieterertrag-und-gewinn-im-plus\/#primaryimage","url":"https:\/\/www.immobilienbusiness.ch\/wp-content\/uploads\/2017\/01\/Depositphotos_64056199_l-2015.jpg","contentUrl":"https:\/\/www.immobilienbusiness.ch\/wp-content\/uploads\/2017\/01\/Depositphotos_64056199_l-2015.jpg","width":2000,"height":1339,"caption":"Der Fonds kam 2024 beim Gesamterfolg nahe an die schwarzen Zahlen heran (Foto: valphoto - deposit photos)"},{"@type":"BreadcrumbList","@id":"https:\/\/www.immobilienbusiness.ch\/unternehmen\/2020-07-30\/senioresidenz-mieterertrag-und-gewinn-im-plus\/#breadcrumb","itemListElement":[{"@type":"ListItem","position":1,"name":"Home","item":"https:\/\/www.immobilienbusiness.ch\/"},{"@type":"ListItem","position":2,"name":"Senioresidenz: Mieterertrag und Gewinn im Plus"}]},{"@type":"WebSite","@id":"https:\/\/www.immobilienbusiness.ch\/#website","url":"https:\/\/www.immobilienbusiness.ch\/","name":"IMMOBILIER Business","description":"Magazine \u00e9conomique suisse ind\u00e9pendant ax\u00e9 sur l'immobilier, l'architecture et la construction ainsi que sur les investissements et le financement.","publisher":{"@id":"https:\/\/www.immobilienbusiness.ch\/#organization"},"potentialAction":[{"@type":"SearchAction","target":{"@type":"EntryPoint","urlTemplate":"https:\/\/www.immobilienbusiness.ch\/?s={search_term_string}"},"query-input":{"@type":"PropertyValueSpecification","valueRequired":true,"valueName":"search_term_string"}}],"inLanguage":"fr-FR"},{"@type":"Organization","@id":"https:\/\/www.immobilienbusiness.ch\/#organization","name":"IMMOBILIER Business","url":"https:\/\/www.immobilienbusiness.ch\/","logo":{"@type":"ImageObject","inLanguage":"fr-FR","@id":"https:\/\/www.immobilienbusiness.ch\/#\/schema\/logo\/image\/","url":"https:\/\/www.immobilienbusiness.ch\/wp-content\/uploads\/2021\/07\/logo_ib.png","contentUrl":"https:\/\/www.immobilienbusiness.ch\/wp-content\/uploads\/2021\/07\/logo_ib.png","width":800,"height":181,"caption":"IMMOBILIEN Business"},"image":{"@id":"https:\/\/www.immobilienbusiness.ch\/#\/schema\/logo\/image\/"},"sameAs":["https:\/\/www.facebook.com\/immobilienbusiness\/"]},{"@type":"Person","@id":"https:\/\/www.immobilienbusiness.ch\/#\/schema\/person\/3fc036297b10b9f42d6db5ee932af8c8","name":"anja.hall","image":{"@type":"ImageObject","inLanguage":"fr-FR","@id":"https:\/\/secure.gravatar.com\/avatar\/066b5a0d447013502c71a5782f4f3469f03cfe595cc2329fb94652fe47511bfb?s=96&d=mm&r=g","url":"https:\/\/secure.gravatar.com\/avatar\/066b5a0d447013502c71a5782f4f3469f03cfe595cc2329fb94652fe47511bfb?s=96&d=mm&r=g","contentUrl":"https:\/\/secure.gravatar.com\/avatar\/066b5a0d447013502c71a5782f4f3469f03cfe595cc2329fb94652fe47511bfb?s=96&d=mm&r=g","caption":"anja.hall"},"url":"https:\/\/www.immobilienbusiness.ch\/fr\/author\/anja-hall\/"}]}},"_links":{"self":[{"href":"https:\/\/www.immobilienbusiness.ch\/fr\/wp-json\/wp\/v2\/posts\/21979","targetHints":{"allow":["GET"]}}],"collection":[{"href":"https:\/\/www.immobilienbusiness.ch\/fr\/wp-json\/wp\/v2\/posts"}],"about":[{"href":"https:\/\/www.immobilienbusiness.ch\/fr\/wp-json\/wp\/v2\/types\/post"}],"author":[{"embeddable":true,"href":"https:\/\/www.immobilienbusiness.ch\/fr\/wp-json\/wp\/v2\/users\/3"}],"replies":[{"embeddable":true,"href":"https:\/\/www.immobilienbusiness.ch\/fr\/wp-json\/wp\/v2\/comments?post=21979"}],"version-history":[{"count":0,"href":"https:\/\/www.immobilienbusiness.ch\/fr\/wp-json\/wp\/v2\/posts\/21979\/revisions"}],"wp:featuredmedia":[{"embeddable":true,"href":"https:\/\/www.immobilienbusiness.ch\/fr\/wp-json\/wp\/v2\/media\/6053"}],"wp:attachment":[{"href":"https:\/\/www.immobilienbusiness.ch\/fr\/wp-json\/wp\/v2\/media?parent=21979"}],"wp:term":[{"taxonomy":"category","embeddable":true,"href":"https:\/\/www.immobilienbusiness.ch\/fr\/wp-json\/wp\/v2\/categories?post=21979"},{"taxonomy":"post_tag","embeddable":true,"href":"https:\/\/www.immobilienbusiness.ch\/fr\/wp-json\/wp\/v2\/tags?post=21979"}],"curies":[{"name":"wp","href":"https:\/\/api.w.org\/{rel}","templated":true}]}}