{"id":21961,"date":"2020-07-27T07:58:26","date_gmt":"2020-07-27T05:58:26","guid":{"rendered":"https:\/\/www.immobilienbusiness.ch\/?p=21961"},"modified":"2020-07-27T07:58:26","modified_gmt":"2020-07-27T05:58:26","slug":"zug-estates-mietreduktionen-wegen-coronakrise","status":"publish","type":"post","link":"https:\/\/www.immobilienbusiness.ch\/fr\/unternehmen\/2020-07-27\/zug-estates-mietreduktionen-wegen-coronakrise\/","title":{"rendered":"Zug Estates : R\u00e9duction des loyers en raison de la crise de Corona"},"content":{"rendered":"<figure id=\"attachment_9615\" aria-describedby=\"caption-attachment-9615\" style=\"width: 680px\" class=\"wp-caption alignnone\"><img loading=\"lazy\" decoding=\"async\" class=\"size-medium wp-image-9615\" src=\"https:\/\/www.immobilienbusiness.ch\/wp-content\/uploads\/2017\/10\/Aussenbild_Suurstoffi-22.jpg\" alt=\"\" width=\"680\" height=\"453\" srcset=\"https:\/\/www.immobilienbusiness.ch\/wp-content\/uploads\/2017\/10\/Aussenbild_Suurstoffi-22.jpg 2560w, https:\/\/www.immobilienbusiness.ch\/wp-content\/uploads\/2017\/10\/Aussenbild_Suurstoffi-22-300x200.jpg 300w, https:\/\/www.immobilienbusiness.ch\/wp-content\/uploads\/2017\/10\/Aussenbild_Suurstoffi-22-1024x683.jpg 1024w, https:\/\/www.immobilienbusiness.ch\/wp-content\/uploads\/2017\/10\/Aussenbild_Suurstoffi-22-768x512.jpg 768w, https:\/\/www.immobilienbusiness.ch\/wp-content\/uploads\/2017\/10\/Aussenbild_Suurstoffi-22-1536x1024.jpg 1536w, https:\/\/www.immobilienbusiness.ch\/wp-content\/uploads\/2017\/10\/Aussenbild_Suurstoffi-22-2048x1365.jpg 2048w, https:\/\/www.immobilienbusiness.ch\/wp-content\/uploads\/2017\/10\/Aussenbild_Suurstoffi-22-16x12.jpg 16w, https:\/\/www.immobilienbusiness.ch\/wp-content\/uploads\/2017\/10\/Aussenbild_Suurstoffi-22-263x175.jpg 263w, https:\/\/www.immobilienbusiness.ch\/wp-content\/uploads\/2017\/10\/Aussenbild_Suurstoffi-22-525x350.jpg 525w, https:\/\/www.immobilienbusiness.ch\/wp-content\/uploads\/2017\/10\/Aussenbild_Suurstoffi-22-1200x800.jpg 1200w, https:\/\/www.immobilienbusiness.ch\/wp-content\/uploads\/2017\/10\/Aussenbild_Suurstoffi-22-920x613.jpg 920w, https:\/\/www.immobilienbusiness.ch\/wp-content\/uploads\/2017\/10\/Aussenbild_Suurstoffi-22-1400x933.jpg 1400w\" sizes=\"auto, (max-width: 680px) 100vw, 680px\" \/><figcaption id=\"caption-attachment-9615\" class=\"wp-caption-text\">La tour en bois Suurstoffi 22 (visualisation : Zug Estates)<\/figcaption><\/figure>\n<p><span data-contrast=\"none\">Train <\/span><span data-contrast=\"none\">Estates<\/span><span data-contrast=\"none\">\u00a0offre aux locataires concern\u00e9s des sites <\/span><span data-contrast=\"none\">Metalli<\/span><span data-contrast=\"none\"> et <\/span><span data-contrast=\"none\">Suurstoffi<\/span><span data-contrast=\"none\"> vise une r\u00e9duction d'au moins 50%, les petits locataires devant \u00eatre soulag\u00e9s jusqu'\u00e0 80%. Contrairement \u00e0 la <a href=\"https:\/\/www.immobilienbusiness.ch\/fr\/corona-regelung-fuer-geschaeftsmieten-in-der-vernehmlassung\/\">solution pr\u00e9vue par le Conseil national et le Conseil des \u00c9tats<\/a> il n'y a pas de limite sup\u00e9rieure, selon la soci\u00e9t\u00e9 immobili\u00e8re.<\/span><span data-ccp-props=\"{&quot;201341983&quot;:0,&quot;335551550&quot;:1,&quot;335551620&quot;:1,&quot;335559739&quot;:160,&quot;335559740&quot;:259}\">\u00a0<\/span><\/p>\n<p><span data-contrast=\"none\">Comme les r\u00e9ductions de loyers n'ont qu'un effet limit\u00e9 dans le temps, Zoug ne peut pas se permettre d'augmenter les loyers. <\/span><span data-contrast=\"none\">Estates<\/span><span data-contrast=\"none\"> pour l'ensemble de l'ann\u00e9e, les revenus locatifs devraient continuer \u00e0 augmenter. En raison de l'augmentation des travaux d'assainissement et d'entretien ou de la diminution des frais de financement pouvant \u00eatre port\u00e9s \u00e0 l'actif, les loyers devraient toutefois augmenter. <\/span><span data-contrast=\"none\">Charges immobili\u00e8res<\/span><span data-contrast=\"none\"> et les charges financi\u00e8res seront nettement plus \u00e9lev\u00e9es, \u00e9crit l'entreprise dans un communiqu\u00e9.<\/span><span data-ccp-props=\"{&quot;201341983&quot;:0,&quot;335551550&quot;:1,&quot;335551620&quot;:1,&quot;335559739&quot;:160,&quot;335559740&quot;:259}\">\u00a0<\/span><\/p>\n<p><span data-contrast=\"none\">Dans le segment de l'h\u00f4tellerie et de la restauration, Zoug s'attend en revanche \u00e0 une hausse de la demande. <\/span><span data-contrast=\"none\">Estates<\/span><span data-contrast=\"none\"> avec un chiffre d'affaires et un GOP nettement inf\u00e9rieurs \u00e0 ceux de l'ann\u00e9e pr\u00e9c\u00e9dente ; les \u00e9volutions du deuxi\u00e8me semestre seraient difficiles \u00e0 pr\u00e9voir. Par cons\u00e9quent, tant le r\u00e9sultat d'exploitation avant amortissements et r\u00e9\u00e9valuations que le r\u00e9sultat consolid\u00e9 hors r\u00e9\u00e9valuations et effets exceptionnels seraient nettement inf\u00e9rieurs \u00e0 ceux de l'ann\u00e9e pr\u00e9c\u00e9dente, indique la soci\u00e9t\u00e9 immobili\u00e8re.<\/span><span data-ccp-props=\"{&quot;201341983&quot;:0,&quot;335559739&quot;:160,&quot;335559740&quot;:240}\">\u00a0<em>(ah)<\/em><\/span><\/p>","protected":false},"excerpt":{"rendered":"<p>Zug Estates baisse les loyers de 50% \u00e0 80% pour les locataires du commerce de d\u00e9tail et de la restauration concern\u00e9s par le lockdown. Plus de 90% ont d\u00e9j\u00e0 accept\u00e9 l'offre, pr\u00e9cise l'entreprise. <\/p>","protected":false},"author":3,"featured_media":9615,"comment_status":"closed","ping_status":"open","sticky":false,"template":"","format":"standard","meta":{"_acf_changed":false,"_yoast_wpseo_focuskw":"Zug Estates","_yoast_wpseo_title":"","_yoast_wpseo_metadesc":"Zug Estates senkt f\u00fcr die vom Lockdown betroffenen Retail- und Gastromieter die Mietzinse um 50% bis 80%.","_yoast_wpseo_linkdex":41,"pgc_sgb_lightbox_settings":"","footnotes":""},"categories":[988],"tags":[1490,1645,1885],"class_list":["post-21961","post","type-post","status-publish","format-standard","has-post-thumbnail","hentry","category-unternehmen","tag-miete","tag-retailflaechen","tag-zug-estates"],"acf":[],"yoast_head":"<!-- This site is optimized with the Yoast SEO plugin v27.4 - https:\/\/yoast.com\/product\/yoast-seo-wordpress\/ -->\n<title>Zug Estates: Mietreduktionen wegen Coronakrise - IMMOBILIEN Business<\/title>\n<meta name=\"description\" content=\"Zug Estates senkt f\u00fcr die vom Lockdown betroffenen Retail- und Gastromieter die Mietzinse um 50% bis 80%.\" \/>\n<meta name=\"robots\" content=\"index, follow, max-snippet:-1, max-image-preview:large, max-video-preview:-1\" \/>\n<link rel=\"canonical\" href=\"https:\/\/www.immobilienbusiness.ch\/fr\/unternehmen\/2020-07-27\/zug-estates-mietreduktionen-wegen-coronakrise\/\" \/>\n<meta property=\"og:locale\" content=\"fr_FR\" \/>\n<meta property=\"og:type\" content=\"article\" \/>\n<meta property=\"og:title\" content=\"Zug Estates: Mietreduktionen wegen Coronakrise - IMMOBILIEN Business\" \/>\n<meta property=\"og:description\" content=\"Zug Estates senkt f\u00fcr die vom Lockdown betroffenen Retail- und Gastromieter die Mietzinse um 50% bis 80%.\" \/>\n<meta property=\"og:url\" content=\"https:\/\/www.immobilienbusiness.ch\/fr\/unternehmen\/2020-07-27\/zug-estates-mietreduktionen-wegen-coronakrise\/\" \/>\n<meta property=\"og:site_name\" content=\"IMMOBILIEN Business\" \/>\n<meta property=\"article:publisher\" content=\"https:\/\/www.facebook.com\/immobilienbusiness\/\" \/>\n<meta property=\"article:published_time\" content=\"2020-07-27T05:58:26+00:00\" \/>\n<meta property=\"og:image\" content=\"https:\/\/www.immobilienbusiness.ch\/wp-content\/uploads\/2017\/10\/Aussenbild_Suurstoffi-22-1024x683.jpg\" \/>\n\t<meta property=\"og:image:width\" content=\"1024\" \/>\n\t<meta property=\"og:image:height\" content=\"683\" \/>\n\t<meta property=\"og:image:type\" content=\"image\/jpeg\" \/>\n<meta name=\"author\" content=\"anja.hall\" \/>\n<meta name=\"twitter:card\" content=\"summary_large_image\" \/>\n<meta name=\"twitter:image\" content=\"https:\/\/www.immobilienbusiness.ch\/wp-content\/uploads\/2017\/10\/Aussenbild_Suurstoffi-22.jpg\" \/>\n<script type=\"application\/ld+json\" class=\"yoast-schema-graph\">{\"@context\":\"https:\\\/\\\/schema.org\",\"@graph\":[{\"@type\":\"Article\",\"@id\":\"https:\\\/\\\/www.immobilienbusiness.ch\\\/fr\\\/unternehmen\\\/2020-07-27\\\/zug-estates-mietreduktionen-wegen-coronakrise\\\/#article\",\"isPartOf\":{\"@id\":\"https:\\\/\\\/www.immobilienbusiness.ch\\\/fr\\\/unternehmen\\\/2020-07-27\\\/zug-estates-mietreduktionen-wegen-coronakrise\\\/\"},\"author\":{\"name\":\"anja.hall\",\"@id\":\"https:\\\/\\\/www.immobilienbusiness.ch\\\/#\\\/schema\\\/person\\\/3fc036297b10b9f42d6db5ee932af8c8\"},\"headline\":\"Zug Estates: Mietreduktionen wegen Coronakrise\",\"datePublished\":\"2020-07-27T05:58:26+00:00\",\"mainEntityOfPage\":{\"@id\":\"https:\\\/\\\/www.immobilienbusiness.ch\\\/fr\\\/unternehmen\\\/2020-07-27\\\/zug-estates-mietreduktionen-wegen-coronakrise\\\/\"},\"wordCount\":165,\"publisher\":{\"@id\":\"https:\\\/\\\/www.immobilienbusiness.ch\\\/#organization\"},\"image\":{\"@id\":\"https:\\\/\\\/www.immobilienbusiness.ch\\\/fr\\\/unternehmen\\\/2020-07-27\\\/zug-estates-mietreduktionen-wegen-coronakrise\\\/#primaryimage\"},\"thumbnailUrl\":\"https:\\\/\\\/www.immobilienbusiness.ch\\\/wp-content\\\/uploads\\\/2017\\\/10\\\/Aussenbild_Suurstoffi-22.jpg\",\"keywords\":[\"Miete\",\"Retailfl\u00e4chen\",\"Zug Estates\"],\"articleSection\":[\"UNTERNEHMEN\"],\"inLanguage\":\"fr-FR\"},{\"@type\":\"WebPage\",\"@id\":\"https:\\\/\\\/www.immobilienbusiness.ch\\\/fr\\\/unternehmen\\\/2020-07-27\\\/zug-estates-mietreduktionen-wegen-coronakrise\\\/\",\"url\":\"https:\\\/\\\/www.immobilienbusiness.ch\\\/fr\\\/unternehmen\\\/2020-07-27\\\/zug-estates-mietreduktionen-wegen-coronakrise\\\/\",\"name\":\"Zug Estates: Mietreduktionen wegen Coronakrise - IMMOBILIEN Business\",\"isPartOf\":{\"@id\":\"https:\\\/\\\/www.immobilienbusiness.ch\\\/#website\"},\"primaryImageOfPage\":{\"@id\":\"https:\\\/\\\/www.immobilienbusiness.ch\\\/fr\\\/unternehmen\\\/2020-07-27\\\/zug-estates-mietreduktionen-wegen-coronakrise\\\/#primaryimage\"},\"image\":{\"@id\":\"https:\\\/\\\/www.immobilienbusiness.ch\\\/fr\\\/unternehmen\\\/2020-07-27\\\/zug-estates-mietreduktionen-wegen-coronakrise\\\/#primaryimage\"},\"thumbnailUrl\":\"https:\\\/\\\/www.immobilienbusiness.ch\\\/wp-content\\\/uploads\\\/2017\\\/10\\\/Aussenbild_Suurstoffi-22.jpg\",\"datePublished\":\"2020-07-27T05:58:26+00:00\",\"description\":\"Zug Estates senkt f\u00fcr die vom Lockdown betroffenen Retail- und Gastromieter die Mietzinse um 50% bis 80%.\",\"breadcrumb\":{\"@id\":\"https:\\\/\\\/www.immobilienbusiness.ch\\\/fr\\\/unternehmen\\\/2020-07-27\\\/zug-estates-mietreduktionen-wegen-coronakrise\\\/#breadcrumb\"},\"inLanguage\":\"fr-FR\",\"potentialAction\":[{\"@type\":\"ReadAction\",\"target\":[\"https:\\\/\\\/www.immobilienbusiness.ch\\\/fr\\\/unternehmen\\\/2020-07-27\\\/zug-estates-mietreduktionen-wegen-coronakrise\\\/\"]}]},{\"@type\":\"ImageObject\",\"inLanguage\":\"fr-FR\",\"@id\":\"https:\\\/\\\/www.immobilienbusiness.ch\\\/fr\\\/unternehmen\\\/2020-07-27\\\/zug-estates-mietreduktionen-wegen-coronakrise\\\/#primaryimage\",\"url\":\"https:\\\/\\\/www.immobilienbusiness.ch\\\/wp-content\\\/uploads\\\/2017\\\/10\\\/Aussenbild_Suurstoffi-22.jpg\",\"contentUrl\":\"https:\\\/\\\/www.immobilienbusiness.ch\\\/wp-content\\\/uploads\\\/2017\\\/10\\\/Aussenbild_Suurstoffi-22.jpg\",\"width\":2560,\"height\":1707,\"caption\":\"Das Holzhochhaus Suurstoffi 22 (Visualisierung: Zug Estates)\"},{\"@type\":\"BreadcrumbList\",\"@id\":\"https:\\\/\\\/www.immobilienbusiness.ch\\\/fr\\\/unternehmen\\\/2020-07-27\\\/zug-estates-mietreduktionen-wegen-coronakrise\\\/#breadcrumb\",\"itemListElement\":[{\"@type\":\"ListItem\",\"position\":1,\"name\":\"Home\",\"item\":\"https:\\\/\\\/www.immobilienbusiness.ch\\\/\"},{\"@type\":\"ListItem\",\"position\":2,\"name\":\"Zug Estates: Mietreduktionen wegen Coronakrise\"}]},{\"@type\":\"WebSite\",\"@id\":\"https:\\\/\\\/www.immobilienbusiness.ch\\\/#website\",\"url\":\"https:\\\/\\\/www.immobilienbusiness.ch\\\/\",\"name\":\"IMMOBILIEN Business\",\"description\":\"Unabh\u00e4ngiges Schweizer Wirtschaftsmagazin mit Fokus auf Immobilien, Architektur- und Bau sowie Investment- und Finanzierung.\",\"publisher\":{\"@id\":\"https:\\\/\\\/www.immobilienbusiness.ch\\\/#organization\"},\"potentialAction\":[{\"@type\":\"SearchAction\",\"target\":{\"@type\":\"EntryPoint\",\"urlTemplate\":\"https:\\\/\\\/www.immobilienbusiness.ch\\\/?s={search_term_string}\"},\"query-input\":{\"@type\":\"PropertyValueSpecification\",\"valueRequired\":true,\"valueName\":\"search_term_string\"}}],\"inLanguage\":\"fr-FR\"},{\"@type\":\"Organization\",\"@id\":\"https:\\\/\\\/www.immobilienbusiness.ch\\\/#organization\",\"name\":\"IMMOBILIEN Business\",\"url\":\"https:\\\/\\\/www.immobilienbusiness.ch\\\/\",\"logo\":{\"@type\":\"ImageObject\",\"inLanguage\":\"fr-FR\",\"@id\":\"https:\\\/\\\/www.immobilienbusiness.ch\\\/#\\\/schema\\\/logo\\\/image\\\/\",\"url\":\"https:\\\/\\\/www.immobilienbusiness.ch\\\/wp-content\\\/uploads\\\/2021\\\/07\\\/logo_ib.png\",\"contentUrl\":\"https:\\\/\\\/www.immobilienbusiness.ch\\\/wp-content\\\/uploads\\\/2021\\\/07\\\/logo_ib.png\",\"width\":800,\"height\":181,\"caption\":\"IMMOBILIEN Business\"},\"image\":{\"@id\":\"https:\\\/\\\/www.immobilienbusiness.ch\\\/#\\\/schema\\\/logo\\\/image\\\/\"},\"sameAs\":[\"https:\\\/\\\/www.facebook.com\\\/immobilienbusiness\\\/\"]},{\"@type\":\"Person\",\"@id\":\"https:\\\/\\\/www.immobilienbusiness.ch\\\/#\\\/schema\\\/person\\\/3fc036297b10b9f42d6db5ee932af8c8\",\"name\":\"anja.hall\",\"image\":{\"@type\":\"ImageObject\",\"inLanguage\":\"fr-FR\",\"@id\":\"https:\\\/\\\/secure.gravatar.com\\\/avatar\\\/066b5a0d447013502c71a5782f4f3469f03cfe595cc2329fb94652fe47511bfb?s=96&d=mm&r=g\",\"url\":\"https:\\\/\\\/secure.gravatar.com\\\/avatar\\\/066b5a0d447013502c71a5782f4f3469f03cfe595cc2329fb94652fe47511bfb?s=96&d=mm&r=g\",\"contentUrl\":\"https:\\\/\\\/secure.gravatar.com\\\/avatar\\\/066b5a0d447013502c71a5782f4f3469f03cfe595cc2329fb94652fe47511bfb?s=96&d=mm&r=g\",\"caption\":\"anja.hall\"},\"url\":\"https:\\\/\\\/www.immobilienbusiness.ch\\\/fr\\\/author\\\/anja-hall\\\/\"}]}<\/script>\n<!-- \/ Yoast SEO plugin. -->","yoast_head_json":{"title":"Zug Estates : r\u00e9duction des loyers en raison de la crise de Corona - IMMOBILIER Business","description":"Zug Estates baisse les loyers de 50% \u00e0 80% pour les locataires du commerce de d\u00e9tail et de la restauration concern\u00e9s par le lockdown.","robots":{"index":"index","follow":"follow","max-snippet":"max-snippet:-1","max-image-preview":"max-image-preview:large","max-video-preview":"max-video-preview:-1"},"canonical":"https:\/\/www.immobilienbusiness.ch\/fr\/unternehmen\/2020-07-27\/zug-estates-mietreduktionen-wegen-coronakrise\/","og_locale":"fr_FR","og_type":"article","og_title":"Zug Estates: Mietreduktionen wegen Coronakrise - IMMOBILIEN Business","og_description":"Zug Estates senkt f\u00fcr die vom Lockdown betroffenen Retail- und Gastromieter die Mietzinse um 50% bis 80%.","og_url":"https:\/\/www.immobilienbusiness.ch\/fr\/unternehmen\/2020-07-27\/zug-estates-mietreduktionen-wegen-coronakrise\/","og_site_name":"IMMOBILIEN Business","article_publisher":"https:\/\/www.facebook.com\/immobilienbusiness\/","article_published_time":"2020-07-27T05:58:26+00:00","og_image":[{"width":1024,"height":683,"url":"https:\/\/www.immobilienbusiness.ch\/wp-content\/uploads\/2017\/10\/Aussenbild_Suurstoffi-22-1024x683.jpg","type":"image\/jpeg"}],"author":"anja.hall","twitter_card":"summary_large_image","twitter_image":"https:\/\/www.immobilienbusiness.ch\/wp-content\/uploads\/2017\/10\/Aussenbild_Suurstoffi-22.jpg","schema":{"@context":"https:\/\/schema.org","@graph":[{"@type":"Article","@id":"https:\/\/www.immobilienbusiness.ch\/fr\/unternehmen\/2020-07-27\/zug-estates-mietreduktionen-wegen-coronakrise\/#article","isPartOf":{"@id":"https:\/\/www.immobilienbusiness.ch\/fr\/unternehmen\/2020-07-27\/zug-estates-mietreduktionen-wegen-coronakrise\/"},"author":{"name":"anja.hall","@id":"https:\/\/www.immobilienbusiness.ch\/#\/schema\/person\/3fc036297b10b9f42d6db5ee932af8c8"},"headline":"Zug Estates: Mietreduktionen wegen Coronakrise","datePublished":"2020-07-27T05:58:26+00:00","mainEntityOfPage":{"@id":"https:\/\/www.immobilienbusiness.ch\/fr\/unternehmen\/2020-07-27\/zug-estates-mietreduktionen-wegen-coronakrise\/"},"wordCount":165,"publisher":{"@id":"https:\/\/www.immobilienbusiness.ch\/#organization"},"image":{"@id":"https:\/\/www.immobilienbusiness.ch\/fr\/unternehmen\/2020-07-27\/zug-estates-mietreduktionen-wegen-coronakrise\/#primaryimage"},"thumbnailUrl":"https:\/\/www.immobilienbusiness.ch\/wp-content\/uploads\/2017\/10\/Aussenbild_Suurstoffi-22.jpg","keywords":["Miete","Retailfl\u00e4chen","Zug Estates"],"articleSection":["UNTERNEHMEN"],"inLanguage":"fr-FR"},{"@type":"WebPage","@id":"https:\/\/www.immobilienbusiness.ch\/fr\/unternehmen\/2020-07-27\/zug-estates-mietreduktionen-wegen-coronakrise\/","url":"https:\/\/www.immobilienbusiness.ch\/fr\/unternehmen\/2020-07-27\/zug-estates-mietreduktionen-wegen-coronakrise\/","name":"Zug Estates : r\u00e9duction des loyers en raison de la crise de Corona - IMMOBILIER Business","isPartOf":{"@id":"https:\/\/www.immobilienbusiness.ch\/#website"},"primaryImageOfPage":{"@id":"https:\/\/www.immobilienbusiness.ch\/fr\/unternehmen\/2020-07-27\/zug-estates-mietreduktionen-wegen-coronakrise\/#primaryimage"},"image":{"@id":"https:\/\/www.immobilienbusiness.ch\/fr\/unternehmen\/2020-07-27\/zug-estates-mietreduktionen-wegen-coronakrise\/#primaryimage"},"thumbnailUrl":"https:\/\/www.immobilienbusiness.ch\/wp-content\/uploads\/2017\/10\/Aussenbild_Suurstoffi-22.jpg","datePublished":"2020-07-27T05:58:26+00:00","description":"Zug Estates baisse les loyers de 50% \u00e0 80% pour les locataires du commerce de d\u00e9tail et de la restauration concern\u00e9s par le lockdown.","breadcrumb":{"@id":"https:\/\/www.immobilienbusiness.ch\/fr\/unternehmen\/2020-07-27\/zug-estates-mietreduktionen-wegen-coronakrise\/#breadcrumb"},"inLanguage":"fr-FR","potentialAction":[{"@type":"ReadAction","target":["https:\/\/www.immobilienbusiness.ch\/fr\/unternehmen\/2020-07-27\/zug-estates-mietreduktionen-wegen-coronakrise\/"]}]},{"@type":"ImageObject","inLanguage":"fr-FR","@id":"https:\/\/www.immobilienbusiness.ch\/fr\/unternehmen\/2020-07-27\/zug-estates-mietreduktionen-wegen-coronakrise\/#primaryimage","url":"https:\/\/www.immobilienbusiness.ch\/wp-content\/uploads\/2017\/10\/Aussenbild_Suurstoffi-22.jpg","contentUrl":"https:\/\/www.immobilienbusiness.ch\/wp-content\/uploads\/2017\/10\/Aussenbild_Suurstoffi-22.jpg","width":2560,"height":1707,"caption":"Das Holzhochhaus Suurstoffi 22 (Visualisierung: Zug Estates)"},{"@type":"BreadcrumbList","@id":"https:\/\/www.immobilienbusiness.ch\/fr\/unternehmen\/2020-07-27\/zug-estates-mietreduktionen-wegen-coronakrise\/#breadcrumb","itemListElement":[{"@type":"ListItem","position":1,"name":"Home","item":"https:\/\/www.immobilienbusiness.ch\/"},{"@type":"ListItem","position":2,"name":"Zug Estates: Mietreduktionen wegen Coronakrise"}]},{"@type":"WebSite","@id":"https:\/\/www.immobilienbusiness.ch\/#website","url":"https:\/\/www.immobilienbusiness.ch\/","name":"IMMOBILIER Business","description":"Magazine \u00e9conomique suisse ind\u00e9pendant ax\u00e9 sur l'immobilier, l'architecture et la construction ainsi que sur les investissements et le financement.","publisher":{"@id":"https:\/\/www.immobilienbusiness.ch\/#organization"},"potentialAction":[{"@type":"SearchAction","target":{"@type":"EntryPoint","urlTemplate":"https:\/\/www.immobilienbusiness.ch\/?s={search_term_string}"},"query-input":{"@type":"PropertyValueSpecification","valueRequired":true,"valueName":"search_term_string"}}],"inLanguage":"fr-FR"},{"@type":"Organization","@id":"https:\/\/www.immobilienbusiness.ch\/#organization","name":"IMMOBILIER Business","url":"https:\/\/www.immobilienbusiness.ch\/","logo":{"@type":"ImageObject","inLanguage":"fr-FR","@id":"https:\/\/www.immobilienbusiness.ch\/#\/schema\/logo\/image\/","url":"https:\/\/www.immobilienbusiness.ch\/wp-content\/uploads\/2021\/07\/logo_ib.png","contentUrl":"https:\/\/www.immobilienbusiness.ch\/wp-content\/uploads\/2021\/07\/logo_ib.png","width":800,"height":181,"caption":"IMMOBILIEN Business"},"image":{"@id":"https:\/\/www.immobilienbusiness.ch\/#\/schema\/logo\/image\/"},"sameAs":["https:\/\/www.facebook.com\/immobilienbusiness\/"]},{"@type":"Person","@id":"https:\/\/www.immobilienbusiness.ch\/#\/schema\/person\/3fc036297b10b9f42d6db5ee932af8c8","name":"anja.hall","image":{"@type":"ImageObject","inLanguage":"fr-FR","@id":"https:\/\/secure.gravatar.com\/avatar\/066b5a0d447013502c71a5782f4f3469f03cfe595cc2329fb94652fe47511bfb?s=96&d=mm&r=g","url":"https:\/\/secure.gravatar.com\/avatar\/066b5a0d447013502c71a5782f4f3469f03cfe595cc2329fb94652fe47511bfb?s=96&d=mm&r=g","contentUrl":"https:\/\/secure.gravatar.com\/avatar\/066b5a0d447013502c71a5782f4f3469f03cfe595cc2329fb94652fe47511bfb?s=96&d=mm&r=g","caption":"anja.hall"},"url":"https:\/\/www.immobilienbusiness.ch\/fr\/author\/anja-hall\/"}]}},"_links":{"self":[{"href":"https:\/\/www.immobilienbusiness.ch\/fr\/wp-json\/wp\/v2\/posts\/21961","targetHints":{"allow":["GET"]}}],"collection":[{"href":"https:\/\/www.immobilienbusiness.ch\/fr\/wp-json\/wp\/v2\/posts"}],"about":[{"href":"https:\/\/www.immobilienbusiness.ch\/fr\/wp-json\/wp\/v2\/types\/post"}],"author":[{"embeddable":true,"href":"https:\/\/www.immobilienbusiness.ch\/fr\/wp-json\/wp\/v2\/users\/3"}],"replies":[{"embeddable":true,"href":"https:\/\/www.immobilienbusiness.ch\/fr\/wp-json\/wp\/v2\/comments?post=21961"}],"version-history":[{"count":0,"href":"https:\/\/www.immobilienbusiness.ch\/fr\/wp-json\/wp\/v2\/posts\/21961\/revisions"}],"wp:featuredmedia":[{"embeddable":true,"href":"https:\/\/www.immobilienbusiness.ch\/fr\/wp-json\/wp\/v2\/media\/9615"}],"wp:attachment":[{"href":"https:\/\/www.immobilienbusiness.ch\/fr\/wp-json\/wp\/v2\/media?parent=21961"}],"wp:term":[{"taxonomy":"category","embeddable":true,"href":"https:\/\/www.immobilienbusiness.ch\/fr\/wp-json\/wp\/v2\/categories?post=21961"},{"taxonomy":"post_tag","embeddable":true,"href":"https:\/\/www.immobilienbusiness.ch\/fr\/wp-json\/wp\/v2\/tags?post=21961"}],"curies":[{"name":"wp","href":"https:\/\/api.w.org\/{rel}","templated":true}]}}