{"id":21843,"date":"2020-07-14T10:06:37","date_gmt":"2020-07-14T08:06:37","guid":{"rendered":"https:\/\/www.immobilienbusiness.ch\/?p=21843"},"modified":"2020-07-14T10:06:37","modified_gmt":"2020-07-14T08:06:37","slug":"zuerich-allreal-findet-ankermieter-fuer-saniertes-geschaeftshaus","status":"publish","type":"post","link":"https:\/\/www.immobilienbusiness.ch\/fr\/regionen\/2020-07-14\/zuerich-allreal-findet-ankermieter-fuer-saniertes-geschaeftshaus\/","title":{"rendered":"Zurich : Allreal trouve un locataire principal pour un immeuble commercial r\u00e9nov\u00e9"},"content":{"rendered":"<figure id=\"attachment_21844\" aria-describedby=\"caption-attachment-21844\" style=\"width: 680px\" class=\"wp-caption alignnone\"><img loading=\"lazy\" decoding=\"async\" class=\"size-medium wp-image-21844\" src=\"https:\/\/www.immobilienbusiness.ch\/wp-content\/uploads\/2020\/07\/visualisierung_aussen.jpg\" alt=\"\" width=\"680\" height=\"453\" srcset=\"https:\/\/www.immobilienbusiness.ch\/wp-content\/uploads\/2020\/07\/visualisierung_aussen.jpg 1686w, https:\/\/www.immobilienbusiness.ch\/wp-content\/uploads\/2020\/07\/visualisierung_aussen-300x200.jpg 300w, https:\/\/www.immobilienbusiness.ch\/wp-content\/uploads\/2020\/07\/visualisierung_aussen-1024x683.jpg 1024w, https:\/\/www.immobilienbusiness.ch\/wp-content\/uploads\/2020\/07\/visualisierung_aussen-768x512.jpg 768w, https:\/\/www.immobilienbusiness.ch\/wp-content\/uploads\/2020\/07\/visualisierung_aussen-1536x1024.jpg 1536w, https:\/\/www.immobilienbusiness.ch\/wp-content\/uploads\/2020\/07\/visualisierung_aussen-16x12.jpg 16w, https:\/\/www.immobilienbusiness.ch\/wp-content\/uploads\/2020\/07\/visualisierung_aussen-263x175.jpg 263w, https:\/\/www.immobilienbusiness.ch\/wp-content\/uploads\/2020\/07\/visualisierung_aussen-525x350.jpg 525w, https:\/\/www.immobilienbusiness.ch\/wp-content\/uploads\/2020\/07\/visualisierung_aussen-1200x800.jpg 1200w, https:\/\/www.immobilienbusiness.ch\/wp-content\/uploads\/2020\/07\/visualisierung_aussen-920x613.jpg 920w, https:\/\/www.immobilienbusiness.ch\/wp-content\/uploads\/2020\/07\/visualisierung_aussen-1400x933.jpg 1400w\" sizes=\"auto, (max-width: 680px) 100vw, 680px\" \/><figcaption id=\"caption-attachment-21844\" class=\"wp-caption-text\">L'immeuble de la Bellerivestrasse \u00e0 Zurich va \u00eatre r\u00e9nov\u00e9 (Visualisation : Allreal)<\/figcaption><\/figure>\n<p>Allreal annonce avoir conclu un contrat de location de 10 ans pour une surface de bureaux d'environ 5 800 m\u00b2 dans l'immeuble. Le contrat de location court \u00e0 partir de juillet 2023 et assure plus de 60% des futurs revenus locatifs annuels de l'immeuble, soit 6,8 millions de CHF. L'immeuble dispose au total de 11.610 m\u00b2 de surface locative, dont 9.335 m\u00b2 de bureaux et 2.275 m\u00b2 d'entrep\u00f4ts.<\/p>\n<p>Jusqu'\u00e0 l'emm\u00e9nagement du nouveau locataire, l'immeuble commercial sera enti\u00e8rement r\u00e9nov\u00e9. Selon Allreal, la demande de permis de construire a \u00e9t\u00e9 d\u00e9pos\u00e9e d\u00e9but juillet 2020 et les travaux de r\u00e9novation, qui dureront environ deux ans, devraient commencer \u00e0 l'\u00e9t\u00e9 2021 - le volume d'investissement s'\u00e9l\u00e8ve \u00e0 environ 50 millions de CHF. L'ach\u00e8vement et la mise en service de l'immeuble commercial r\u00e9nov\u00e9 sont pr\u00e9vus pour l'\u00e9t\u00e9 2023.<\/p>\n<p>L'immeuble commercial de sept \u00e9tages du quartier Seefeld de la ville de Zurich a \u00e9t\u00e9 construit en 1974 et fait partie du portefeuille d'immeubles de rapport d'Allreal depuis 2004. Les contrats de location de l'immeuble expirent d\u00e9but 2021, date \u00e0 laquelle il doit \u00eatre enti\u00e8rement modernis\u00e9. Une fois les travaux termin\u00e9s, l'objet r\u00e9pondra aux \"exigences les plus \u00e9lev\u00e9es en mati\u00e8re de durabilit\u00e9\", selon Allreal. Au printemps 2019, l'entreprise immobili\u00e8re a lanc\u00e9 un mandat d'\u00e9tude et en septembre 2019, le jury a recommand\u00e9 la poursuite du projet du bureau d'architectes danois C.F. M\u00f8ller. Selon Allreal, le projet gagnant se caract\u00e9rise visuellement par un aspect contemporain et repr\u00e9sentatif, avec une ouverture et une orientation vers le lac. <em>(ah)<\/em><\/p>","protected":false},"excerpt":{"rendered":"<p>Allreal a d\u00e9pos\u00e9 la demande de permis de construire pour la r\u00e9novation de l'immeuble commercial de la Bellerivestrasse 36 \u00e0 Zurich Riesbach. Selon l'entreprise, un locataire cl\u00e9 a d\u00e9j\u00e0 \u00e9t\u00e9 trouv\u00e9 pour l'immeuble r\u00e9nov\u00e9.<\/p>","protected":false},"author":3,"featured_media":21844,"comment_status":"closed","ping_status":"open","sticky":false,"template":"","format":"standard","meta":{"_acf_changed":false,"_yoast_wpseo_focuskw":"Allreal","_yoast_wpseo_title":"","_yoast_wpseo_metadesc":"Allreal hat das Baugesuch f\u00fcr die Sanierung einer Immobilie an der Bellerivestrasse in Z\u00fcrich Riesbach eingereicht. Ein Ankermieter sei bereits gefunden.","_yoast_wpseo_linkdex":57,"pgc_sgb_lightbox_settings":"","footnotes":""},"categories":[985],"tags":[1014,1119,1662,1832,1888],"class_list":["post-21843","post","type-post","status-publish","format-standard","has-post-thumbnail","hentry","category-regionen","tag-allreal-holding","tag-bueroimmobilien","tag-sanierung","tag-vermietung","tag-zuerich"],"acf":[],"yoast_head":"<!-- This site is optimized with the Yoast SEO plugin v27.4 - https:\/\/yoast.com\/product\/yoast-seo-wordpress\/ -->\n<title>Z\u00fcrich: Allreal findet Ankermieter f\u00fcr saniertes Gesch\u00e4ftshaus - IMMOBILIEN Business<\/title>\n<meta name=\"description\" content=\"Allreal hat das Baugesuch f\u00fcr die Sanierung einer Immobilie an der Bellerivestrasse in Z\u00fcrich Riesbach eingereicht. Ein Ankermieter sei bereits gefunden.\" \/>\n<meta name=\"robots\" content=\"index, follow, max-snippet:-1, max-image-preview:large, max-video-preview:-1\" \/>\n<link rel=\"canonical\" href=\"https:\/\/www.immobilienbusiness.ch\/fr\/regionen\/2020-07-14\/zuerich-allreal-findet-ankermieter-fuer-saniertes-geschaeftshaus\/\" \/>\n<meta property=\"og:locale\" content=\"fr_FR\" \/>\n<meta property=\"og:type\" content=\"article\" \/>\n<meta property=\"og:title\" content=\"Z\u00fcrich: Allreal findet Ankermieter f\u00fcr saniertes Gesch\u00e4ftshaus - IMMOBILIEN Business\" \/>\n<meta property=\"og:description\" content=\"Allreal hat das Baugesuch f\u00fcr die Sanierung einer Immobilie an der Bellerivestrasse in Z\u00fcrich Riesbach eingereicht. Ein Ankermieter sei bereits gefunden.\" \/>\n<meta property=\"og:url\" content=\"https:\/\/www.immobilienbusiness.ch\/fr\/regionen\/2020-07-14\/zuerich-allreal-findet-ankermieter-fuer-saniertes-geschaeftshaus\/\" \/>\n<meta property=\"og:site_name\" content=\"IMMOBILIEN Business\" \/>\n<meta property=\"article:publisher\" content=\"https:\/\/www.facebook.com\/immobilienbusiness\/\" \/>\n<meta property=\"article:published_time\" content=\"2020-07-14T08:06:37+00:00\" \/>\n<meta property=\"og:image\" content=\"https:\/\/www.immobilienbusiness.ch\/wp-content\/uploads\/2020\/07\/visualisierung_aussen.jpg\" \/>\n\t<meta property=\"og:image:width\" content=\"1686\" \/>\n\t<meta property=\"og:image:height\" content=\"1124\" \/>\n\t<meta property=\"og:image:type\" content=\"image\/jpeg\" \/>\n<meta name=\"author\" content=\"anja.hall\" \/>\n<meta name=\"twitter:card\" content=\"summary_large_image\" \/>\n<meta name=\"twitter:image\" content=\"https:\/\/www.immobilienbusiness.ch\/wp-content\/uploads\/2020\/07\/visualisierung_aussen.jpg\" \/>\n<script type=\"application\/ld+json\" class=\"yoast-schema-graph\">{\"@context\":\"https:\\\/\\\/schema.org\",\"@graph\":[{\"@type\":\"Article\",\"@id\":\"https:\\\/\\\/www.immobilienbusiness.ch\\\/en\\\/regionen\\\/2020-07-14\\\/zuerich-allreal-findet-ankermieter-fuer-saniertes-geschaeftshaus\\\/#article\",\"isPartOf\":{\"@id\":\"https:\\\/\\\/www.immobilienbusiness.ch\\\/en\\\/regionen\\\/2020-07-14\\\/zuerich-allreal-findet-ankermieter-fuer-saniertes-geschaeftshaus\\\/\"},\"author\":{\"name\":\"anja.hall\",\"@id\":\"https:\\\/\\\/www.immobilienbusiness.ch\\\/#\\\/schema\\\/person\\\/3fc036297b10b9f42d6db5ee932af8c8\"},\"headline\":\"Z\u00fcrich: Allreal findet Ankermieter f\u00fcr saniertes Gesch\u00e4ftshaus\",\"datePublished\":\"2020-07-14T08:06:37+00:00\",\"mainEntityOfPage\":{\"@id\":\"https:\\\/\\\/www.immobilienbusiness.ch\\\/en\\\/regionen\\\/2020-07-14\\\/zuerich-allreal-findet-ankermieter-fuer-saniertes-geschaeftshaus\\\/\"},\"wordCount\":249,\"publisher\":{\"@id\":\"https:\\\/\\\/www.immobilienbusiness.ch\\\/#organization\"},\"image\":{\"@id\":\"https:\\\/\\\/www.immobilienbusiness.ch\\\/en\\\/regionen\\\/2020-07-14\\\/zuerich-allreal-findet-ankermieter-fuer-saniertes-geschaeftshaus\\\/#primaryimage\"},\"thumbnailUrl\":\"https:\\\/\\\/www.immobilienbusiness.ch\\\/wp-content\\\/uploads\\\/2020\\\/07\\\/visualisierung_aussen.jpg\",\"keywords\":[\"Allreal Holding\",\"B\u00fcroimmobilien\",\"Sanierung\",\"Vermietung\",\"Z\u00fcrich\"],\"articleSection\":[\"REGIONEN\"],\"inLanguage\":\"fr-FR\"},{\"@type\":\"WebPage\",\"@id\":\"https:\\\/\\\/www.immobilienbusiness.ch\\\/en\\\/regionen\\\/2020-07-14\\\/zuerich-allreal-findet-ankermieter-fuer-saniertes-geschaeftshaus\\\/\",\"url\":\"https:\\\/\\\/www.immobilienbusiness.ch\\\/en\\\/regionen\\\/2020-07-14\\\/zuerich-allreal-findet-ankermieter-fuer-saniertes-geschaeftshaus\\\/\",\"name\":\"Z\u00fcrich: Allreal findet Ankermieter f\u00fcr saniertes Gesch\u00e4ftshaus - IMMOBILIEN Business\",\"isPartOf\":{\"@id\":\"https:\\\/\\\/www.immobilienbusiness.ch\\\/#website\"},\"primaryImageOfPage\":{\"@id\":\"https:\\\/\\\/www.immobilienbusiness.ch\\\/en\\\/regionen\\\/2020-07-14\\\/zuerich-allreal-findet-ankermieter-fuer-saniertes-geschaeftshaus\\\/#primaryimage\"},\"image\":{\"@id\":\"https:\\\/\\\/www.immobilienbusiness.ch\\\/en\\\/regionen\\\/2020-07-14\\\/zuerich-allreal-findet-ankermieter-fuer-saniertes-geschaeftshaus\\\/#primaryimage\"},\"thumbnailUrl\":\"https:\\\/\\\/www.immobilienbusiness.ch\\\/wp-content\\\/uploads\\\/2020\\\/07\\\/visualisierung_aussen.jpg\",\"datePublished\":\"2020-07-14T08:06:37+00:00\",\"description\":\"Allreal hat das Baugesuch f\u00fcr die Sanierung einer Immobilie an der Bellerivestrasse in Z\u00fcrich Riesbach eingereicht. Ein Ankermieter sei bereits gefunden.\",\"breadcrumb\":{\"@id\":\"https:\\\/\\\/www.immobilienbusiness.ch\\\/en\\\/regionen\\\/2020-07-14\\\/zuerich-allreal-findet-ankermieter-fuer-saniertes-geschaeftshaus\\\/#breadcrumb\"},\"inLanguage\":\"fr-FR\",\"potentialAction\":[{\"@type\":\"ReadAction\",\"target\":[\"https:\\\/\\\/www.immobilienbusiness.ch\\\/en\\\/regionen\\\/2020-07-14\\\/zuerich-allreal-findet-ankermieter-fuer-saniertes-geschaeftshaus\\\/\"]}]},{\"@type\":\"ImageObject\",\"inLanguage\":\"fr-FR\",\"@id\":\"https:\\\/\\\/www.immobilienbusiness.ch\\\/en\\\/regionen\\\/2020-07-14\\\/zuerich-allreal-findet-ankermieter-fuer-saniertes-geschaeftshaus\\\/#primaryimage\",\"url\":\"https:\\\/\\\/www.immobilienbusiness.ch\\\/wp-content\\\/uploads\\\/2020\\\/07\\\/visualisierung_aussen.jpg\",\"contentUrl\":\"https:\\\/\\\/www.immobilienbusiness.ch\\\/wp-content\\\/uploads\\\/2020\\\/07\\\/visualisierung_aussen.jpg\",\"width\":1686,\"height\":1124,\"caption\":\"Die Liegenschaft an der Bellerivestrasse in Z\u00fcrich wird saniert (Visualisierung: Allreal)\"},{\"@type\":\"BreadcrumbList\",\"@id\":\"https:\\\/\\\/www.immobilienbusiness.ch\\\/en\\\/regionen\\\/2020-07-14\\\/zuerich-allreal-findet-ankermieter-fuer-saniertes-geschaeftshaus\\\/#breadcrumb\",\"itemListElement\":[{\"@type\":\"ListItem\",\"position\":1,\"name\":\"Home\",\"item\":\"https:\\\/\\\/www.immobilienbusiness.ch\\\/\"},{\"@type\":\"ListItem\",\"position\":2,\"name\":\"Z\u00fcrich: Allreal findet Ankermieter f\u00fcr saniertes Gesch\u00e4ftshaus\"}]},{\"@type\":\"WebSite\",\"@id\":\"https:\\\/\\\/www.immobilienbusiness.ch\\\/#website\",\"url\":\"https:\\\/\\\/www.immobilienbusiness.ch\\\/\",\"name\":\"IMMOBILIEN Business\",\"description\":\"Unabh\u00e4ngiges Schweizer Wirtschaftsmagazin mit Fokus auf Immobilien, Architektur- und Bau sowie Investment- und Finanzierung.\",\"publisher\":{\"@id\":\"https:\\\/\\\/www.immobilienbusiness.ch\\\/#organization\"},\"potentialAction\":[{\"@type\":\"SearchAction\",\"target\":{\"@type\":\"EntryPoint\",\"urlTemplate\":\"https:\\\/\\\/www.immobilienbusiness.ch\\\/?s={search_term_string}\"},\"query-input\":{\"@type\":\"PropertyValueSpecification\",\"valueRequired\":true,\"valueName\":\"search_term_string\"}}],\"inLanguage\":\"fr-FR\"},{\"@type\":\"Organization\",\"@id\":\"https:\\\/\\\/www.immobilienbusiness.ch\\\/#organization\",\"name\":\"IMMOBILIEN Business\",\"url\":\"https:\\\/\\\/www.immobilienbusiness.ch\\\/\",\"logo\":{\"@type\":\"ImageObject\",\"inLanguage\":\"fr-FR\",\"@id\":\"https:\\\/\\\/www.immobilienbusiness.ch\\\/#\\\/schema\\\/logo\\\/image\\\/\",\"url\":\"https:\\\/\\\/www.immobilienbusiness.ch\\\/wp-content\\\/uploads\\\/2021\\\/07\\\/logo_ib.png\",\"contentUrl\":\"https:\\\/\\\/www.immobilienbusiness.ch\\\/wp-content\\\/uploads\\\/2021\\\/07\\\/logo_ib.png\",\"width\":800,\"height\":181,\"caption\":\"IMMOBILIEN Business\"},\"image\":{\"@id\":\"https:\\\/\\\/www.immobilienbusiness.ch\\\/#\\\/schema\\\/logo\\\/image\\\/\"},\"sameAs\":[\"https:\\\/\\\/www.facebook.com\\\/immobilienbusiness\\\/\"]},{\"@type\":\"Person\",\"@id\":\"https:\\\/\\\/www.immobilienbusiness.ch\\\/#\\\/schema\\\/person\\\/3fc036297b10b9f42d6db5ee932af8c8\",\"name\":\"anja.hall\",\"image\":{\"@type\":\"ImageObject\",\"inLanguage\":\"fr-FR\",\"@id\":\"https:\\\/\\\/secure.gravatar.com\\\/avatar\\\/066b5a0d447013502c71a5782f4f3469f03cfe595cc2329fb94652fe47511bfb?s=96&d=mm&r=g\",\"url\":\"https:\\\/\\\/secure.gravatar.com\\\/avatar\\\/066b5a0d447013502c71a5782f4f3469f03cfe595cc2329fb94652fe47511bfb?s=96&d=mm&r=g\",\"contentUrl\":\"https:\\\/\\\/secure.gravatar.com\\\/avatar\\\/066b5a0d447013502c71a5782f4f3469f03cfe595cc2329fb94652fe47511bfb?s=96&d=mm&r=g\",\"caption\":\"anja.hall\"},\"url\":\"https:\\\/\\\/www.immobilienbusiness.ch\\\/fr\\\/author\\\/anja-hall\\\/\"}]}<\/script>\n<!-- \/ Yoast SEO plugin. -->","yoast_head_json":{"title":"Zurich : Allreal trouve un locataire cl\u00e9 pour son immeuble commercial r\u00e9nov\u00e9 - IMMOBILIEN Business","description":"Allreal a d\u00e9pos\u00e9 la demande de permis de construire pour la r\u00e9novation d'un immeuble situ\u00e9 dans la Bellerivestrasse \u00e0 Zurich Riesbach. Un locataire d'ancrage aurait d\u00e9j\u00e0 \u00e9t\u00e9 trouv\u00e9.","robots":{"index":"index","follow":"follow","max-snippet":"max-snippet:-1","max-image-preview":"max-image-preview:large","max-video-preview":"max-video-preview:-1"},"canonical":"https:\/\/www.immobilienbusiness.ch\/fr\/regionen\/2020-07-14\/zuerich-allreal-findet-ankermieter-fuer-saniertes-geschaeftshaus\/","og_locale":"fr_FR","og_type":"article","og_title":"Z\u00fcrich: Allreal findet Ankermieter f\u00fcr saniertes Gesch\u00e4ftshaus - IMMOBILIEN Business","og_description":"Allreal hat das Baugesuch f\u00fcr die Sanierung einer Immobilie an der Bellerivestrasse in Z\u00fcrich Riesbach eingereicht. Ein Ankermieter sei bereits gefunden.","og_url":"https:\/\/www.immobilienbusiness.ch\/fr\/regionen\/2020-07-14\/zuerich-allreal-findet-ankermieter-fuer-saniertes-geschaeftshaus\/","og_site_name":"IMMOBILIEN Business","article_publisher":"https:\/\/www.facebook.com\/immobilienbusiness\/","article_published_time":"2020-07-14T08:06:37+00:00","og_image":[{"width":1686,"height":1124,"url":"https:\/\/www.immobilienbusiness.ch\/wp-content\/uploads\/2020\/07\/visualisierung_aussen.jpg","type":"image\/jpeg"}],"author":"anja.hall","twitter_card":"summary_large_image","twitter_image":"https:\/\/www.immobilienbusiness.ch\/wp-content\/uploads\/2020\/07\/visualisierung_aussen.jpg","schema":{"@context":"https:\/\/schema.org","@graph":[{"@type":"Article","@id":"https:\/\/www.immobilienbusiness.ch\/en\/regionen\/2020-07-14\/zuerich-allreal-findet-ankermieter-fuer-saniertes-geschaeftshaus\/#article","isPartOf":{"@id":"https:\/\/www.immobilienbusiness.ch\/en\/regionen\/2020-07-14\/zuerich-allreal-findet-ankermieter-fuer-saniertes-geschaeftshaus\/"},"author":{"name":"anja.hall","@id":"https:\/\/www.immobilienbusiness.ch\/#\/schema\/person\/3fc036297b10b9f42d6db5ee932af8c8"},"headline":"Z\u00fcrich: Allreal findet Ankermieter f\u00fcr saniertes Gesch\u00e4ftshaus","datePublished":"2020-07-14T08:06:37+00:00","mainEntityOfPage":{"@id":"https:\/\/www.immobilienbusiness.ch\/en\/regionen\/2020-07-14\/zuerich-allreal-findet-ankermieter-fuer-saniertes-geschaeftshaus\/"},"wordCount":249,"publisher":{"@id":"https:\/\/www.immobilienbusiness.ch\/#organization"},"image":{"@id":"https:\/\/www.immobilienbusiness.ch\/en\/regionen\/2020-07-14\/zuerich-allreal-findet-ankermieter-fuer-saniertes-geschaeftshaus\/#primaryimage"},"thumbnailUrl":"https:\/\/www.immobilienbusiness.ch\/wp-content\/uploads\/2020\/07\/visualisierung_aussen.jpg","keywords":["Allreal Holding","B\u00fcroimmobilien","Sanierung","Vermietung","Z\u00fcrich"],"articleSection":["REGIONEN"],"inLanguage":"fr-FR"},{"@type":"WebPage","@id":"https:\/\/www.immobilienbusiness.ch\/en\/regionen\/2020-07-14\/zuerich-allreal-findet-ankermieter-fuer-saniertes-geschaeftshaus\/","url":"https:\/\/www.immobilienbusiness.ch\/en\/regionen\/2020-07-14\/zuerich-allreal-findet-ankermieter-fuer-saniertes-geschaeftshaus\/","name":"Zurich : Allreal trouve un locataire cl\u00e9 pour son immeuble commercial r\u00e9nov\u00e9 - IMMOBILIEN Business","isPartOf":{"@id":"https:\/\/www.immobilienbusiness.ch\/#website"},"primaryImageOfPage":{"@id":"https:\/\/www.immobilienbusiness.ch\/en\/regionen\/2020-07-14\/zuerich-allreal-findet-ankermieter-fuer-saniertes-geschaeftshaus\/#primaryimage"},"image":{"@id":"https:\/\/www.immobilienbusiness.ch\/en\/regionen\/2020-07-14\/zuerich-allreal-findet-ankermieter-fuer-saniertes-geschaeftshaus\/#primaryimage"},"thumbnailUrl":"https:\/\/www.immobilienbusiness.ch\/wp-content\/uploads\/2020\/07\/visualisierung_aussen.jpg","datePublished":"2020-07-14T08:06:37+00:00","description":"Allreal a d\u00e9pos\u00e9 la demande de permis de construire pour la r\u00e9novation d'un immeuble situ\u00e9 dans la Bellerivestrasse \u00e0 Zurich Riesbach. Un locataire d'ancrage aurait d\u00e9j\u00e0 \u00e9t\u00e9 trouv\u00e9.","breadcrumb":{"@id":"https:\/\/www.immobilienbusiness.ch\/en\/regionen\/2020-07-14\/zuerich-allreal-findet-ankermieter-fuer-saniertes-geschaeftshaus\/#breadcrumb"},"inLanguage":"fr-FR","potentialAction":[{"@type":"ReadAction","target":["https:\/\/www.immobilienbusiness.ch\/en\/regionen\/2020-07-14\/zuerich-allreal-findet-ankermieter-fuer-saniertes-geschaeftshaus\/"]}]},{"@type":"ImageObject","inLanguage":"fr-FR","@id":"https:\/\/www.immobilienbusiness.ch\/en\/regionen\/2020-07-14\/zuerich-allreal-findet-ankermieter-fuer-saniertes-geschaeftshaus\/#primaryimage","url":"https:\/\/www.immobilienbusiness.ch\/wp-content\/uploads\/2020\/07\/visualisierung_aussen.jpg","contentUrl":"https:\/\/www.immobilienbusiness.ch\/wp-content\/uploads\/2020\/07\/visualisierung_aussen.jpg","width":1686,"height":1124,"caption":"Die Liegenschaft an der Bellerivestrasse in Z\u00fcrich wird saniert (Visualisierung: Allreal)"},{"@type":"BreadcrumbList","@id":"https:\/\/www.immobilienbusiness.ch\/en\/regionen\/2020-07-14\/zuerich-allreal-findet-ankermieter-fuer-saniertes-geschaeftshaus\/#breadcrumb","itemListElement":[{"@type":"ListItem","position":1,"name":"Home","item":"https:\/\/www.immobilienbusiness.ch\/"},{"@type":"ListItem","position":2,"name":"Z\u00fcrich: Allreal findet Ankermieter f\u00fcr saniertes Gesch\u00e4ftshaus"}]},{"@type":"WebSite","@id":"https:\/\/www.immobilienbusiness.ch\/#website","url":"https:\/\/www.immobilienbusiness.ch\/","name":"IMMOBILIER Business","description":"Magazine \u00e9conomique suisse ind\u00e9pendant ax\u00e9 sur l'immobilier, l'architecture et la construction ainsi que sur les investissements et le financement.","publisher":{"@id":"https:\/\/www.immobilienbusiness.ch\/#organization"},"potentialAction":[{"@type":"SearchAction","target":{"@type":"EntryPoint","urlTemplate":"https:\/\/www.immobilienbusiness.ch\/?s={search_term_string}"},"query-input":{"@type":"PropertyValueSpecification","valueRequired":true,"valueName":"search_term_string"}}],"inLanguage":"fr-FR"},{"@type":"Organization","@id":"https:\/\/www.immobilienbusiness.ch\/#organization","name":"IMMOBILIER Business","url":"https:\/\/www.immobilienbusiness.ch\/","logo":{"@type":"ImageObject","inLanguage":"fr-FR","@id":"https:\/\/www.immobilienbusiness.ch\/#\/schema\/logo\/image\/","url":"https:\/\/www.immobilienbusiness.ch\/wp-content\/uploads\/2021\/07\/logo_ib.png","contentUrl":"https:\/\/www.immobilienbusiness.ch\/wp-content\/uploads\/2021\/07\/logo_ib.png","width":800,"height":181,"caption":"IMMOBILIEN Business"},"image":{"@id":"https:\/\/www.immobilienbusiness.ch\/#\/schema\/logo\/image\/"},"sameAs":["https:\/\/www.facebook.com\/immobilienbusiness\/"]},{"@type":"Person","@id":"https:\/\/www.immobilienbusiness.ch\/#\/schema\/person\/3fc036297b10b9f42d6db5ee932af8c8","name":"anja.hall","image":{"@type":"ImageObject","inLanguage":"fr-FR","@id":"https:\/\/secure.gravatar.com\/avatar\/066b5a0d447013502c71a5782f4f3469f03cfe595cc2329fb94652fe47511bfb?s=96&d=mm&r=g","url":"https:\/\/secure.gravatar.com\/avatar\/066b5a0d447013502c71a5782f4f3469f03cfe595cc2329fb94652fe47511bfb?s=96&d=mm&r=g","contentUrl":"https:\/\/secure.gravatar.com\/avatar\/066b5a0d447013502c71a5782f4f3469f03cfe595cc2329fb94652fe47511bfb?s=96&d=mm&r=g","caption":"anja.hall"},"url":"https:\/\/www.immobilienbusiness.ch\/fr\/author\/anja-hall\/"}]}},"_links":{"self":[{"href":"https:\/\/www.immobilienbusiness.ch\/fr\/wp-json\/wp\/v2\/posts\/21843","targetHints":{"allow":["GET"]}}],"collection":[{"href":"https:\/\/www.immobilienbusiness.ch\/fr\/wp-json\/wp\/v2\/posts"}],"about":[{"href":"https:\/\/www.immobilienbusiness.ch\/fr\/wp-json\/wp\/v2\/types\/post"}],"author":[{"embeddable":true,"href":"https:\/\/www.immobilienbusiness.ch\/fr\/wp-json\/wp\/v2\/users\/3"}],"replies":[{"embeddable":true,"href":"https:\/\/www.immobilienbusiness.ch\/fr\/wp-json\/wp\/v2\/comments?post=21843"}],"version-history":[{"count":0,"href":"https:\/\/www.immobilienbusiness.ch\/fr\/wp-json\/wp\/v2\/posts\/21843\/revisions"}],"wp:featuredmedia":[{"embeddable":true,"href":"https:\/\/www.immobilienbusiness.ch\/fr\/wp-json\/wp\/v2\/media\/21844"}],"wp:attachment":[{"href":"https:\/\/www.immobilienbusiness.ch\/fr\/wp-json\/wp\/v2\/media?parent=21843"}],"wp:term":[{"taxonomy":"category","embeddable":true,"href":"https:\/\/www.immobilienbusiness.ch\/fr\/wp-json\/wp\/v2\/categories?post=21843"},{"taxonomy":"post_tag","embeddable":true,"href":"https:\/\/www.immobilienbusiness.ch\/fr\/wp-json\/wp\/v2\/tags?post=21843"}],"curies":[{"name":"wp","href":"https:\/\/api.w.org\/{rel}","templated":true}]}}