{"id":21789,"date":"2020-07-10T08:04:42","date_gmt":"2020-07-10T06:04:42","guid":{"rendered":"https:\/\/www.immobilienbusiness.ch\/?p=21789"},"modified":"2023-08-09T21:11:00","modified_gmt":"2023-08-09T19:11:00","slug":"aarau-implenia-steigt-in-arge-fuer-spitalneubau-ein","status":"publish","type":"post","link":"https:\/\/www.immobilienbusiness.ch\/fr\/regionen\/2020-07-10\/aarau-implenia-steigt-in-arge-fuer-spitalneubau-ein\/","title":{"rendered":"Aarau : Implenia entre dans le consortium pour la construction d'un nouvel h\u00f4pital"},"content":{"rendered":"<figure id=\"attachment_21790\" aria-describedby=\"caption-attachment-21790\" style=\"width: 300px\" class=\"wp-caption alignnone\"><img loading=\"lazy\" decoding=\"async\" class=\"wp-image-21790 size-medium\" src=\"https:\/\/www.immobilienbusiness.ch\/wp-content\/uploads\/2020\/07\/232138B0-9DE7-4A1A-9DC7-3D935F631603_1_201_a-300x200.jpeg\" alt=\"Aarau\" width=\"300\" height=\"200\" srcset=\"https:\/\/www.immobilienbusiness.ch\/wp-content\/uploads\/2020\/07\/232138B0-9DE7-4A1A-9DC7-3D935F631603_1_201_a-300x200.jpeg 300w, https:\/\/www.immobilienbusiness.ch\/wp-content\/uploads\/2020\/07\/232138B0-9DE7-4A1A-9DC7-3D935F631603_1_201_a-1024x683.jpeg 1024w, https:\/\/www.immobilienbusiness.ch\/wp-content\/uploads\/2020\/07\/232138B0-9DE7-4A1A-9DC7-3D935F631603_1_201_a-768x512.jpeg 768w, https:\/\/www.immobilienbusiness.ch\/wp-content\/uploads\/2020\/07\/232138B0-9DE7-4A1A-9DC7-3D935F631603_1_201_a-16x12.jpeg 16w, https:\/\/www.immobilienbusiness.ch\/wp-content\/uploads\/2020\/07\/232138B0-9DE7-4A1A-9DC7-3D935F631603_1_201_a-263x175.jpeg 263w, https:\/\/www.immobilienbusiness.ch\/wp-content\/uploads\/2020\/07\/232138B0-9DE7-4A1A-9DC7-3D935F631603_1_201_a-525x350.jpeg 525w, https:\/\/www.immobilienbusiness.ch\/wp-content\/uploads\/2020\/07\/232138B0-9DE7-4A1A-9DC7-3D935F631603_1_201_a-1200x800.jpeg 1200w, https:\/\/www.immobilienbusiness.ch\/wp-content\/uploads\/2020\/07\/232138B0-9DE7-4A1A-9DC7-3D935F631603_1_201_a-920x613.jpeg 920w, https:\/\/www.immobilienbusiness.ch\/wp-content\/uploads\/2020\/07\/232138B0-9DE7-4A1A-9DC7-3D935F631603_1_201_a-1400x933.jpeg 1400w, https:\/\/www.immobilienbusiness.ch\/wp-content\/uploads\/2020\/07\/232138B0-9DE7-4A1A-9DC7-3D935F631603_1_201_a.jpeg 1410w\" sizes=\"auto, (max-width: 300px) 100vw, 300px\" \/><figcaption id=\"caption-attachment-21790\" class=\"wp-caption-text\">Le nouveau b\u00e2timent Dreiklang de l'h\u00f4pital cantonal d'Aarau (photo : Implenia)<\/figcaption><\/figure>\n<p>Au niveau de l'entreprise totale, le consortium se compose d\u00e9sormais de BAM Swiss AG \/ BAM Deutschland AG et Implenia. Les trois entreprises \u00e9crivent dans un communiqu\u00e9 commun qu'elles dirigeront \u00e0 l'avenir le projet en partenariat \u00e0 parts \u00e9gales sur les plans technique et commercial, tandis que Marti AG se chargera des travaux de construction.<\/p>\n<p>Le contrat d'entreprise conclu avec le KSA, avec un plafond de co\u00fbts de plus de 560 millions de CHF - TVA comprise, sans la technique m\u00e9dicale - communiqu\u00e9 en janvier, est maintenu, poursuit le communiqu\u00e9. Le projet est en bonne voie, tant sur le plan financier que sur celui des d\u00e9lais. La demande de permis de construire devrait \u00eatre d\u00e9pos\u00e9e dans quelques semaines. <em>(ah)<\/em><\/p>","protected":false},"excerpt":{"rendered":"<p>Le groupe de travail (ARGE) pour la construction du nouvel h\u00f4pital Dreiklang de l'h\u00f4pital cantonal d'Aarau (KSA) s'est r\u00e9organis\u00e9. <\/p>","protected":false},"author":3,"featured_media":21790,"comment_status":"closed","ping_status":"closed","sticky":false,"template":"","format":"standard","meta":{"_acf_changed":false,"_yoast_wpseo_focuskw":"Aarau","_yoast_wpseo_title":"","_yoast_wpseo_metadesc":"Die Arbeitsgemeinschaft (ARGE) f\u00fcr den Spitalneubau Dreiklang des Kantonsspitals Aarau (KSA) hat sich neu organisiert.","_yoast_wpseo_linkdex":47,"pgc_sgb_lightbox_settings":"","footnotes":""},"categories":[985],"tags":[1359,1600,1718],"class_list":["post-21789","post","type-post","status-publish","format-standard","has-post-thumbnail","hentry","category-regionen","tag-implenia","tag-projekt-in-planung","tag-spital"],"acf":[],"yoast_head":"<!-- This site is optimized with the Yoast SEO plugin v27.4 - https:\/\/yoast.com\/product\/yoast-seo-wordpress\/ -->\n<title>Aarau: Implenia steigt in ARGE f\u00fcr Spitalneubau ein - IMMOBILIEN Business<\/title>\n<meta name=\"description\" content=\"Die Arbeitsgemeinschaft (ARGE) f\u00fcr den Spitalneubau Dreiklang des Kantonsspitals Aarau (KSA) hat sich neu organisiert.\" \/>\n<meta name=\"robots\" content=\"index, follow, max-snippet:-1, max-image-preview:large, max-video-preview:-1\" \/>\n<link rel=\"canonical\" href=\"https:\/\/www.immobilienbusiness.ch\/fr\/regionen\/2020-07-10\/aarau-implenia-steigt-in-arge-fuer-spitalneubau-ein\/\" \/>\n<meta property=\"og:locale\" content=\"fr_FR\" \/>\n<meta property=\"og:type\" content=\"article\" \/>\n<meta property=\"og:title\" content=\"Aarau: Implenia steigt in ARGE f\u00fcr Spitalneubau ein - IMMOBILIEN Business\" \/>\n<meta property=\"og:description\" content=\"Die Arbeitsgemeinschaft (ARGE) f\u00fcr den Spitalneubau Dreiklang des Kantonsspitals Aarau (KSA) hat sich neu organisiert.\" \/>\n<meta property=\"og:url\" content=\"https:\/\/www.immobilienbusiness.ch\/fr\/regionen\/2020-07-10\/aarau-implenia-steigt-in-arge-fuer-spitalneubau-ein\/\" \/>\n<meta property=\"og:site_name\" content=\"IMMOBILIEN Business\" \/>\n<meta property=\"article:publisher\" content=\"https:\/\/www.facebook.com\/immobilienbusiness\/\" \/>\n<meta property=\"article:published_time\" content=\"2020-07-10T06:04:42+00:00\" \/>\n<meta property=\"article:modified_time\" content=\"2023-08-09T19:11:00+00:00\" \/>\n<meta property=\"og:image\" content=\"https:\/\/www.immobilienbusiness.ch\/wp-content\/uploads\/2020\/07\/232138B0-9DE7-4A1A-9DC7-3D935F631603_1_201_a.jpeg\" \/>\n\t<meta property=\"og:image:width\" content=\"1410\" \/>\n\t<meta property=\"og:image:height\" content=\"940\" \/>\n\t<meta property=\"og:image:type\" content=\"image\/jpeg\" \/>\n<meta name=\"author\" content=\"anja.hall\" \/>\n<meta name=\"twitter:card\" content=\"summary_large_image\" \/>\n<meta name=\"twitter:image\" content=\"https:\/\/www.immobilienbusiness.ch\/wp-content\/uploads\/2020\/07\/232138B0-9DE7-4A1A-9DC7-3D935F631603_1_201_a.jpeg\" \/>\n<script type=\"application\/ld+json\" class=\"yoast-schema-graph\">{\"@context\":\"https:\\\/\\\/schema.org\",\"@graph\":[{\"@type\":\"Article\",\"@id\":\"https:\\\/\\\/www.immobilienbusiness.ch\\\/regionen\\\/2020-07-10\\\/aarau-implenia-steigt-in-arge-fuer-spitalneubau-ein\\\/#article\",\"isPartOf\":{\"@id\":\"https:\\\/\\\/www.immobilienbusiness.ch\\\/regionen\\\/2020-07-10\\\/aarau-implenia-steigt-in-arge-fuer-spitalneubau-ein\\\/\"},\"author\":{\"name\":\"anja.hall\",\"@id\":\"https:\\\/\\\/www.immobilienbusiness.ch\\\/#\\\/schema\\\/person\\\/3fc036297b10b9f42d6db5ee932af8c8\"},\"headline\":\"Aarau: Implenia steigt in ARGE f\u00fcr Spitalneubau ein\",\"datePublished\":\"2020-07-10T06:04:42+00:00\",\"dateModified\":\"2023-08-09T19:11:00+00:00\",\"mainEntityOfPage\":{\"@id\":\"https:\\\/\\\/www.immobilienbusiness.ch\\\/regionen\\\/2020-07-10\\\/aarau-implenia-steigt-in-arge-fuer-spitalneubau-ein\\\/\"},\"wordCount\":117,\"publisher\":{\"@id\":\"https:\\\/\\\/www.immobilienbusiness.ch\\\/#organization\"},\"image\":{\"@id\":\"https:\\\/\\\/www.immobilienbusiness.ch\\\/regionen\\\/2020-07-10\\\/aarau-implenia-steigt-in-arge-fuer-spitalneubau-ein\\\/#primaryimage\"},\"thumbnailUrl\":\"https:\\\/\\\/www.immobilienbusiness.ch\\\/wp-content\\\/uploads\\\/2020\\\/07\\\/232138B0-9DE7-4A1A-9DC7-3D935F631603_1_201_a.jpeg\",\"keywords\":[\"Implenia\",\"Projekt in Planung\",\"Spital\"],\"articleSection\":[\"REGIONEN\"],\"inLanguage\":\"fr-FR\"},{\"@type\":\"WebPage\",\"@id\":\"https:\\\/\\\/www.immobilienbusiness.ch\\\/regionen\\\/2020-07-10\\\/aarau-implenia-steigt-in-arge-fuer-spitalneubau-ein\\\/\",\"url\":\"https:\\\/\\\/www.immobilienbusiness.ch\\\/regionen\\\/2020-07-10\\\/aarau-implenia-steigt-in-arge-fuer-spitalneubau-ein\\\/\",\"name\":\"Aarau: Implenia steigt in ARGE f\u00fcr Spitalneubau ein - IMMOBILIEN Business\",\"isPartOf\":{\"@id\":\"https:\\\/\\\/www.immobilienbusiness.ch\\\/#website\"},\"primaryImageOfPage\":{\"@id\":\"https:\\\/\\\/www.immobilienbusiness.ch\\\/regionen\\\/2020-07-10\\\/aarau-implenia-steigt-in-arge-fuer-spitalneubau-ein\\\/#primaryimage\"},\"image\":{\"@id\":\"https:\\\/\\\/www.immobilienbusiness.ch\\\/regionen\\\/2020-07-10\\\/aarau-implenia-steigt-in-arge-fuer-spitalneubau-ein\\\/#primaryimage\"},\"thumbnailUrl\":\"https:\\\/\\\/www.immobilienbusiness.ch\\\/wp-content\\\/uploads\\\/2020\\\/07\\\/232138B0-9DE7-4A1A-9DC7-3D935F631603_1_201_a.jpeg\",\"datePublished\":\"2020-07-10T06:04:42+00:00\",\"dateModified\":\"2023-08-09T19:11:00+00:00\",\"description\":\"Die Arbeitsgemeinschaft (ARGE) f\u00fcr den Spitalneubau Dreiklang des Kantonsspitals Aarau (KSA) hat sich neu organisiert.\",\"breadcrumb\":{\"@id\":\"https:\\\/\\\/www.immobilienbusiness.ch\\\/regionen\\\/2020-07-10\\\/aarau-implenia-steigt-in-arge-fuer-spitalneubau-ein\\\/#breadcrumb\"},\"inLanguage\":\"fr-FR\",\"potentialAction\":[{\"@type\":\"ReadAction\",\"target\":[\"https:\\\/\\\/www.immobilienbusiness.ch\\\/regionen\\\/2020-07-10\\\/aarau-implenia-steigt-in-arge-fuer-spitalneubau-ein\\\/\"]}]},{\"@type\":\"ImageObject\",\"inLanguage\":\"fr-FR\",\"@id\":\"https:\\\/\\\/www.immobilienbusiness.ch\\\/regionen\\\/2020-07-10\\\/aarau-implenia-steigt-in-arge-fuer-spitalneubau-ein\\\/#primaryimage\",\"url\":\"https:\\\/\\\/www.immobilienbusiness.ch\\\/wp-content\\\/uploads\\\/2020\\\/07\\\/232138B0-9DE7-4A1A-9DC7-3D935F631603_1_201_a.jpeg\",\"contentUrl\":\"https:\\\/\\\/www.immobilienbusiness.ch\\\/wp-content\\\/uploads\\\/2020\\\/07\\\/232138B0-9DE7-4A1A-9DC7-3D935F631603_1_201_a.jpeg\",\"width\":1410,\"height\":940,\"caption\":\"Der Neubau Dreiklang des Kantonsspitals Aarau (Bild: Implenia)\"},{\"@type\":\"BreadcrumbList\",\"@id\":\"https:\\\/\\\/www.immobilienbusiness.ch\\\/regionen\\\/2020-07-10\\\/aarau-implenia-steigt-in-arge-fuer-spitalneubau-ein\\\/#breadcrumb\",\"itemListElement\":[{\"@type\":\"ListItem\",\"position\":1,\"name\":\"Home\",\"item\":\"https:\\\/\\\/www.immobilienbusiness.ch\\\/\"},{\"@type\":\"ListItem\",\"position\":2,\"name\":\"Aarau: Implenia steigt in ARGE f\u00fcr Spitalneubau ein\"}]},{\"@type\":\"WebSite\",\"@id\":\"https:\\\/\\\/www.immobilienbusiness.ch\\\/#website\",\"url\":\"https:\\\/\\\/www.immobilienbusiness.ch\\\/\",\"name\":\"IMMOBILIEN Business\",\"description\":\"Unabh\u00e4ngiges Schweizer Wirtschaftsmagazin mit Fokus auf Immobilien, Architektur- und Bau sowie Investment- und Finanzierung.\",\"publisher\":{\"@id\":\"https:\\\/\\\/www.immobilienbusiness.ch\\\/#organization\"},\"potentialAction\":[{\"@type\":\"SearchAction\",\"target\":{\"@type\":\"EntryPoint\",\"urlTemplate\":\"https:\\\/\\\/www.immobilienbusiness.ch\\\/?s={search_term_string}\"},\"query-input\":{\"@type\":\"PropertyValueSpecification\",\"valueRequired\":true,\"valueName\":\"search_term_string\"}}],\"inLanguage\":\"fr-FR\"},{\"@type\":\"Organization\",\"@id\":\"https:\\\/\\\/www.immobilienbusiness.ch\\\/#organization\",\"name\":\"IMMOBILIEN Business\",\"url\":\"https:\\\/\\\/www.immobilienbusiness.ch\\\/\",\"logo\":{\"@type\":\"ImageObject\",\"inLanguage\":\"fr-FR\",\"@id\":\"https:\\\/\\\/www.immobilienbusiness.ch\\\/#\\\/schema\\\/logo\\\/image\\\/\",\"url\":\"https:\\\/\\\/www.immobilienbusiness.ch\\\/wp-content\\\/uploads\\\/2021\\\/07\\\/logo_ib.png\",\"contentUrl\":\"https:\\\/\\\/www.immobilienbusiness.ch\\\/wp-content\\\/uploads\\\/2021\\\/07\\\/logo_ib.png\",\"width\":800,\"height\":181,\"caption\":\"IMMOBILIEN Business\"},\"image\":{\"@id\":\"https:\\\/\\\/www.immobilienbusiness.ch\\\/#\\\/schema\\\/logo\\\/image\\\/\"},\"sameAs\":[\"https:\\\/\\\/www.facebook.com\\\/immobilienbusiness\\\/\"]},{\"@type\":\"Person\",\"@id\":\"https:\\\/\\\/www.immobilienbusiness.ch\\\/#\\\/schema\\\/person\\\/3fc036297b10b9f42d6db5ee932af8c8\",\"name\":\"anja.hall\",\"image\":{\"@type\":\"ImageObject\",\"inLanguage\":\"fr-FR\",\"@id\":\"https:\\\/\\\/secure.gravatar.com\\\/avatar\\\/066b5a0d447013502c71a5782f4f3469f03cfe595cc2329fb94652fe47511bfb?s=96&d=mm&r=g\",\"url\":\"https:\\\/\\\/secure.gravatar.com\\\/avatar\\\/066b5a0d447013502c71a5782f4f3469f03cfe595cc2329fb94652fe47511bfb?s=96&d=mm&r=g\",\"contentUrl\":\"https:\\\/\\\/secure.gravatar.com\\\/avatar\\\/066b5a0d447013502c71a5782f4f3469f03cfe595cc2329fb94652fe47511bfb?s=96&d=mm&r=g\",\"caption\":\"anja.hall\"},\"url\":\"https:\\\/\\\/www.immobilienbusiness.ch\\\/fr\\\/author\\\/anja-hall\\\/\"}]}<\/script>\n<!-- \/ Yoast SEO plugin. -->","yoast_head_json":{"title":"Aarau: Implenia steigt in ARGE f\u00fcr Spitalneubau ein - IMMOBILIEN Business","description":"Le groupe de travail (ARGE) pour la construction du nouvel h\u00f4pital Dreiklang de l'h\u00f4pital cantonal d'Aarau (KSA) s'est r\u00e9organis\u00e9.","robots":{"index":"index","follow":"follow","max-snippet":"max-snippet:-1","max-image-preview":"max-image-preview:large","max-video-preview":"max-video-preview:-1"},"canonical":"https:\/\/www.immobilienbusiness.ch\/fr\/regionen\/2020-07-10\/aarau-implenia-steigt-in-arge-fuer-spitalneubau-ein\/","og_locale":"fr_FR","og_type":"article","og_title":"Aarau: Implenia steigt in ARGE f\u00fcr Spitalneubau ein - IMMOBILIEN Business","og_description":"Die Arbeitsgemeinschaft (ARGE) f\u00fcr den Spitalneubau Dreiklang des Kantonsspitals Aarau (KSA) hat sich neu organisiert.","og_url":"https:\/\/www.immobilienbusiness.ch\/fr\/regionen\/2020-07-10\/aarau-implenia-steigt-in-arge-fuer-spitalneubau-ein\/","og_site_name":"IMMOBILIEN Business","article_publisher":"https:\/\/www.facebook.com\/immobilienbusiness\/","article_published_time":"2020-07-10T06:04:42+00:00","article_modified_time":"2023-08-09T19:11:00+00:00","og_image":[{"width":1410,"height":940,"url":"https:\/\/www.immobilienbusiness.ch\/wp-content\/uploads\/2020\/07\/232138B0-9DE7-4A1A-9DC7-3D935F631603_1_201_a.jpeg","type":"image\/jpeg"}],"author":"anja.hall","twitter_card":"summary_large_image","twitter_image":"https:\/\/www.immobilienbusiness.ch\/wp-content\/uploads\/2020\/07\/232138B0-9DE7-4A1A-9DC7-3D935F631603_1_201_a.jpeg","schema":{"@context":"https:\/\/schema.org","@graph":[{"@type":"Article","@id":"https:\/\/www.immobilienbusiness.ch\/regionen\/2020-07-10\/aarau-implenia-steigt-in-arge-fuer-spitalneubau-ein\/#article","isPartOf":{"@id":"https:\/\/www.immobilienbusiness.ch\/regionen\/2020-07-10\/aarau-implenia-steigt-in-arge-fuer-spitalneubau-ein\/"},"author":{"name":"anja.hall","@id":"https:\/\/www.immobilienbusiness.ch\/#\/schema\/person\/3fc036297b10b9f42d6db5ee932af8c8"},"headline":"Aarau: Implenia steigt in ARGE f\u00fcr Spitalneubau ein","datePublished":"2020-07-10T06:04:42+00:00","dateModified":"2023-08-09T19:11:00+00:00","mainEntityOfPage":{"@id":"https:\/\/www.immobilienbusiness.ch\/regionen\/2020-07-10\/aarau-implenia-steigt-in-arge-fuer-spitalneubau-ein\/"},"wordCount":117,"publisher":{"@id":"https:\/\/www.immobilienbusiness.ch\/#organization"},"image":{"@id":"https:\/\/www.immobilienbusiness.ch\/regionen\/2020-07-10\/aarau-implenia-steigt-in-arge-fuer-spitalneubau-ein\/#primaryimage"},"thumbnailUrl":"https:\/\/www.immobilienbusiness.ch\/wp-content\/uploads\/2020\/07\/232138B0-9DE7-4A1A-9DC7-3D935F631603_1_201_a.jpeg","keywords":["Implenia","Projekt in Planung","Spital"],"articleSection":["REGIONEN"],"inLanguage":"fr-FR"},{"@type":"WebPage","@id":"https:\/\/www.immobilienbusiness.ch\/regionen\/2020-07-10\/aarau-implenia-steigt-in-arge-fuer-spitalneubau-ein\/","url":"https:\/\/www.immobilienbusiness.ch\/regionen\/2020-07-10\/aarau-implenia-steigt-in-arge-fuer-spitalneubau-ein\/","name":"Aarau: Implenia steigt in ARGE f\u00fcr Spitalneubau ein - IMMOBILIEN Business","isPartOf":{"@id":"https:\/\/www.immobilienbusiness.ch\/#website"},"primaryImageOfPage":{"@id":"https:\/\/www.immobilienbusiness.ch\/regionen\/2020-07-10\/aarau-implenia-steigt-in-arge-fuer-spitalneubau-ein\/#primaryimage"},"image":{"@id":"https:\/\/www.immobilienbusiness.ch\/regionen\/2020-07-10\/aarau-implenia-steigt-in-arge-fuer-spitalneubau-ein\/#primaryimage"},"thumbnailUrl":"https:\/\/www.immobilienbusiness.ch\/wp-content\/uploads\/2020\/07\/232138B0-9DE7-4A1A-9DC7-3D935F631603_1_201_a.jpeg","datePublished":"2020-07-10T06:04:42+00:00","dateModified":"2023-08-09T19:11:00+00:00","description":"Le groupe de travail (ARGE) pour la construction du nouvel h\u00f4pital Dreiklang de l'h\u00f4pital cantonal d'Aarau (KSA) s'est r\u00e9organis\u00e9.","breadcrumb":{"@id":"https:\/\/www.immobilienbusiness.ch\/regionen\/2020-07-10\/aarau-implenia-steigt-in-arge-fuer-spitalneubau-ein\/#breadcrumb"},"inLanguage":"fr-FR","potentialAction":[{"@type":"ReadAction","target":["https:\/\/www.immobilienbusiness.ch\/regionen\/2020-07-10\/aarau-implenia-steigt-in-arge-fuer-spitalneubau-ein\/"]}]},{"@type":"ImageObject","inLanguage":"fr-FR","@id":"https:\/\/www.immobilienbusiness.ch\/regionen\/2020-07-10\/aarau-implenia-steigt-in-arge-fuer-spitalneubau-ein\/#primaryimage","url":"https:\/\/www.immobilienbusiness.ch\/wp-content\/uploads\/2020\/07\/232138B0-9DE7-4A1A-9DC7-3D935F631603_1_201_a.jpeg","contentUrl":"https:\/\/www.immobilienbusiness.ch\/wp-content\/uploads\/2020\/07\/232138B0-9DE7-4A1A-9DC7-3D935F631603_1_201_a.jpeg","width":1410,"height":940,"caption":"Der Neubau Dreiklang des Kantonsspitals Aarau (Bild: Implenia)"},{"@type":"BreadcrumbList","@id":"https:\/\/www.immobilienbusiness.ch\/regionen\/2020-07-10\/aarau-implenia-steigt-in-arge-fuer-spitalneubau-ein\/#breadcrumb","itemListElement":[{"@type":"ListItem","position":1,"name":"Home","item":"https:\/\/www.immobilienbusiness.ch\/"},{"@type":"ListItem","position":2,"name":"Aarau: Implenia steigt in ARGE f\u00fcr Spitalneubau ein"}]},{"@type":"WebSite","@id":"https:\/\/www.immobilienbusiness.ch\/#website","url":"https:\/\/www.immobilienbusiness.ch\/","name":"IMMOBILIER Business","description":"Magazine \u00e9conomique suisse ind\u00e9pendant ax\u00e9 sur l'immobilier, l'architecture et la construction ainsi que sur les investissements et le financement.","publisher":{"@id":"https:\/\/www.immobilienbusiness.ch\/#organization"},"potentialAction":[{"@type":"SearchAction","target":{"@type":"EntryPoint","urlTemplate":"https:\/\/www.immobilienbusiness.ch\/?s={search_term_string}"},"query-input":{"@type":"PropertyValueSpecification","valueRequired":true,"valueName":"search_term_string"}}],"inLanguage":"fr-FR"},{"@type":"Organization","@id":"https:\/\/www.immobilienbusiness.ch\/#organization","name":"IMMOBILIER Business","url":"https:\/\/www.immobilienbusiness.ch\/","logo":{"@type":"ImageObject","inLanguage":"fr-FR","@id":"https:\/\/www.immobilienbusiness.ch\/#\/schema\/logo\/image\/","url":"https:\/\/www.immobilienbusiness.ch\/wp-content\/uploads\/2021\/07\/logo_ib.png","contentUrl":"https:\/\/www.immobilienbusiness.ch\/wp-content\/uploads\/2021\/07\/logo_ib.png","width":800,"height":181,"caption":"IMMOBILIEN Business"},"image":{"@id":"https:\/\/www.immobilienbusiness.ch\/#\/schema\/logo\/image\/"},"sameAs":["https:\/\/www.facebook.com\/immobilienbusiness\/"]},{"@type":"Person","@id":"https:\/\/www.immobilienbusiness.ch\/#\/schema\/person\/3fc036297b10b9f42d6db5ee932af8c8","name":"anja.hall","image":{"@type":"ImageObject","inLanguage":"fr-FR","@id":"https:\/\/secure.gravatar.com\/avatar\/066b5a0d447013502c71a5782f4f3469f03cfe595cc2329fb94652fe47511bfb?s=96&d=mm&r=g","url":"https:\/\/secure.gravatar.com\/avatar\/066b5a0d447013502c71a5782f4f3469f03cfe595cc2329fb94652fe47511bfb?s=96&d=mm&r=g","contentUrl":"https:\/\/secure.gravatar.com\/avatar\/066b5a0d447013502c71a5782f4f3469f03cfe595cc2329fb94652fe47511bfb?s=96&d=mm&r=g","caption":"anja.hall"},"url":"https:\/\/www.immobilienbusiness.ch\/fr\/author\/anja-hall\/"}]}},"_links":{"self":[{"href":"https:\/\/www.immobilienbusiness.ch\/fr\/wp-json\/wp\/v2\/posts\/21789","targetHints":{"allow":["GET"]}}],"collection":[{"href":"https:\/\/www.immobilienbusiness.ch\/fr\/wp-json\/wp\/v2\/posts"}],"about":[{"href":"https:\/\/www.immobilienbusiness.ch\/fr\/wp-json\/wp\/v2\/types\/post"}],"author":[{"embeddable":true,"href":"https:\/\/www.immobilienbusiness.ch\/fr\/wp-json\/wp\/v2\/users\/3"}],"replies":[{"embeddable":true,"href":"https:\/\/www.immobilienbusiness.ch\/fr\/wp-json\/wp\/v2\/comments?post=21789"}],"version-history":[{"count":1,"href":"https:\/\/www.immobilienbusiness.ch\/fr\/wp-json\/wp\/v2\/posts\/21789\/revisions"}],"predecessor-version":[{"id":51824,"href":"https:\/\/www.immobilienbusiness.ch\/fr\/wp-json\/wp\/v2\/posts\/21789\/revisions\/51824"}],"wp:featuredmedia":[{"embeddable":true,"href":"https:\/\/www.immobilienbusiness.ch\/fr\/wp-json\/wp\/v2\/media\/21790"}],"wp:attachment":[{"href":"https:\/\/www.immobilienbusiness.ch\/fr\/wp-json\/wp\/v2\/media?parent=21789"}],"wp:term":[{"taxonomy":"category","embeddable":true,"href":"https:\/\/www.immobilienbusiness.ch\/fr\/wp-json\/wp\/v2\/categories?post=21789"},{"taxonomy":"post_tag","embeddable":true,"href":"https:\/\/www.immobilienbusiness.ch\/fr\/wp-json\/wp\/v2\/tags?post=21789"}],"curies":[{"name":"wp","href":"https:\/\/api.w.org\/{rel}","templated":true}]}}