{"id":21760,"date":"2020-07-07T08:38:49","date_gmt":"2020-07-07T06:38:49","guid":{"rendered":"https:\/\/www.immobilienbusiness.ch\/?p=21760"},"modified":"2020-07-07T08:38:49","modified_gmt":"2020-07-07T06:38:49","slug":"emmen-viscosistadt-ag-saniert-ehemalige-nylon-fabrik","status":"publish","type":"post","link":"https:\/\/www.immobilienbusiness.ch\/fr\/regionen\/2020-07-07\/emmen-viscosistadt-ag-saniert-ehemalige-nylon-fabrik\/","title":{"rendered":"Emmen : Viscosistadt AG r\u00e9am\u00e9nage une ancienne usine de nylon"},"content":{"rendered":"<figure id=\"attachment_14652\" aria-describedby=\"caption-attachment-14652\" style=\"width: 680px\" class=\"wp-caption alignnone\"><img loading=\"lazy\" decoding=\"async\" class=\"size-medium wp-image-14652\" src=\"https:\/\/www.immobilienbusiness.ch\/wp-content\/uploads\/2018\/10\/Depositphotos_170350446_m-2015.jpg\" alt=\"\" width=\"680\" height=\"454\" srcset=\"https:\/\/www.immobilienbusiness.ch\/wp-content\/uploads\/2018\/10\/Depositphotos_170350446_m-2015.jpg 999w, https:\/\/www.immobilienbusiness.ch\/wp-content\/uploads\/2018\/10\/Depositphotos_170350446_m-2015-300x200.jpg 300w, https:\/\/www.immobilienbusiness.ch\/wp-content\/uploads\/2018\/10\/Depositphotos_170350446_m-2015-768x513.jpg 768w, https:\/\/www.immobilienbusiness.ch\/wp-content\/uploads\/2018\/10\/Depositphotos_170350446_m-2015-16x12.jpg 16w, https:\/\/www.immobilienbusiness.ch\/wp-content\/uploads\/2018\/10\/Depositphotos_170350446_m-2015-262x175.jpg 262w, https:\/\/www.immobilienbusiness.ch\/wp-content\/uploads\/2018\/10\/Depositphotos_170350446_m-2015-524x350.jpg 524w, https:\/\/www.immobilienbusiness.ch\/wp-content\/uploads\/2018\/10\/Depositphotos_170350446_m-2015-920x614.jpg 920w\" sizes=\"auto, (max-width: 680px) 100vw, 680px\" \/><figcaption id=\"caption-attachment-14652\" class=\"wp-caption-text\">Les travaux de transformation de l'ancienne usine de nylon 6 commencent dans la ville de Viscosis (photo : ArturVerkhovetskiy - depositphotos)<\/figcaption><\/figure>\n<p>L'usine Nylon 6, situ\u00e9e dans la partie sud de Viscosistadt \u00e0 Emmen, sera r\u00e9nov\u00e9e et r\u00e9am\u00e9nag\u00e9e. Les b\u00e2timents d'origine, construits dans la premi\u00e8re moiti\u00e9 des ann\u00e9es 1960, seront conserv\u00e9s. Tous les b\u00e2timents et \u00e9l\u00e9ments de construction en acier qui ont \u00e9t\u00e9 ajout\u00e9s par la suite seront d\u00e9construits, \u00e0 l'exception du rez-de-chauss\u00e9e. La soci\u00e9t\u00e9 Viscosistadt AG a commenc\u00e9 les travaux de d\u00e9construction fin juin.<\/p>\n<p>Au cours des travaux, six grands halls \u00e0 deux \u00e9tages seront construits et, en direction du sud, le b\u00e2timent retrouvera son ancienne hauteur. C\u00f4t\u00e9 sud, un parking sera ajout\u00e9 au niveau du sous-sol. Au-dessus, un espace ext\u00e9rieur public sera cr\u00e9\u00e9, la nouvelle terrasse Decora, qui formera plus tard une cour verdoyante entre les secteurs de Viscosistadt et les nouveaux b\u00e2timents du projet 4Viertel du Credit Suisse. La nouvelle ligne de b\u00e2timents du c\u00f4t\u00e9 sud sera dot\u00e9e d'une nouvelle fa\u00e7ade et la fa\u00e7ade du c\u00f4t\u00e9 nord sera achev\u00e9e. Elle appara\u00eetra alors dans le m\u00eame style sur toute sa longueur - plus de 110 m\u00e8tres. Conform\u00e9ment au plan d'am\u00e9nagement, des sur\u00e9l\u00e9vations sont possibles pour les b\u00e2timents 740 et 741.<\/p>\n<p>Selon les indications de Viscosistadt AG, le nouveau parking devrait \u00eatre construit d'ici le printemps 2021, et l'extension c\u00f4t\u00e9 sud ainsi que la fa\u00e7ade seront r\u00e9alis\u00e9es d'ici la fin 2022. Au cours des trois \u00e0 quatre prochaines ann\u00e9es, la construction du c\u00f4t\u00e9 nord sera r\u00e9alis\u00e9e et le b\u00e2timent sera ainsi achev\u00e9 conform\u00e9ment aux plans initiaux. <em>(ah)<\/em><\/p>","protected":false},"excerpt":{"rendered":"<p>La soci\u00e9t\u00e9 Viscosistadt AG a commenc\u00e9 la d\u00e9construction partielle et la transformation des b\u00e2timents industriels historiques de l'ancienne usine Nylon 6 au nord de Lucerne.<\/p>","protected":false},"author":3,"featured_media":14652,"comment_status":"closed","ping_status":"open","sticky":false,"template":"","format":"standard","meta":{"_acf_changed":false,"_yoast_wpseo_focuskw":"Viscosistadt","_yoast_wpseo_title":"","_yoast_wpseo_metadesc":"Die Viscosistadt AG hat mit dem Teilr\u00fcckbau und Umbau der historischen Industriegeb\u00e4ude der ehemaligen Nylon-6-Fabrik im Norden von Luzern begonnen.","_yoast_wpseo_linkdex":60,"pgc_sgb_lightbox_settings":"","footnotes":""},"categories":[985],"tags":[1191,1459,1646,1836],"class_list":["post-21760","post","type-post","status-publish","format-standard","has-post-thumbnail","hentry","category-regionen","tag-emmen","tag-luzern","tag-revitalisierung","tag-viscosistadt"],"acf":[],"yoast_head":"<!-- This site is optimized with the Yoast SEO plugin v27.4 - https:\/\/yoast.com\/product\/yoast-seo-wordpress\/ -->\n<title>Emmen: Viscosistadt AG saniert ehemalige Nylon-Fabrik - IMMOBILIEN Business<\/title>\n<meta name=\"description\" content=\"Die Viscosistadt AG hat mit dem Teilr\u00fcckbau und Umbau der historischen Industriegeb\u00e4ude der ehemaligen Nylon-6-Fabrik im Norden von Luzern begonnen.\" \/>\n<meta name=\"robots\" content=\"index, follow, max-snippet:-1, max-image-preview:large, max-video-preview:-1\" \/>\n<link rel=\"canonical\" href=\"https:\/\/www.immobilienbusiness.ch\/fr\/regionen\/2020-07-07\/emmen-viscosistadt-ag-saniert-ehemalige-nylon-fabrik\/\" \/>\n<meta property=\"og:locale\" content=\"fr_FR\" \/>\n<meta property=\"og:type\" content=\"article\" \/>\n<meta property=\"og:title\" content=\"Emmen: Viscosistadt AG saniert ehemalige Nylon-Fabrik - IMMOBILIEN Business\" \/>\n<meta property=\"og:description\" content=\"Die Viscosistadt AG hat mit dem Teilr\u00fcckbau und Umbau der historischen Industriegeb\u00e4ude der ehemaligen Nylon-6-Fabrik im Norden von Luzern begonnen.\" \/>\n<meta property=\"og:url\" content=\"https:\/\/www.immobilienbusiness.ch\/fr\/regionen\/2020-07-07\/emmen-viscosistadt-ag-saniert-ehemalige-nylon-fabrik\/\" \/>\n<meta property=\"og:site_name\" content=\"IMMOBILIEN Business\" \/>\n<meta property=\"article:publisher\" content=\"https:\/\/www.facebook.com\/immobilienbusiness\/\" \/>\n<meta property=\"article:published_time\" content=\"2020-07-07T06:38:49+00:00\" \/>\n<meta property=\"og:image\" content=\"https:\/\/www.immobilienbusiness.ch\/wp-content\/uploads\/2018\/10\/Depositphotos_170350446_m-2015.jpg\" \/>\n\t<meta property=\"og:image:width\" content=\"999\" \/>\n\t<meta property=\"og:image:height\" content=\"667\" \/>\n\t<meta property=\"og:image:type\" content=\"image\/jpeg\" \/>\n<meta name=\"author\" content=\"anja.hall\" \/>\n<meta name=\"twitter:card\" content=\"summary_large_image\" \/>\n<meta name=\"twitter:image\" content=\"https:\/\/www.immobilienbusiness.ch\/wp-content\/uploads\/2018\/10\/Depositphotos_170350446_m-2015.jpg\" \/>\n<script type=\"application\/ld+json\" class=\"yoast-schema-graph\">{\"@context\":\"https:\\\/\\\/schema.org\",\"@graph\":[{\"@type\":\"Article\",\"@id\":\"https:\\\/\\\/www.immobilienbusiness.ch\\\/en\\\/regionen\\\/2020-07-07\\\/emmen-viscosistadt-ag-saniert-ehemalige-nylon-fabrik\\\/#article\",\"isPartOf\":{\"@id\":\"https:\\\/\\\/www.immobilienbusiness.ch\\\/en\\\/regionen\\\/2020-07-07\\\/emmen-viscosistadt-ag-saniert-ehemalige-nylon-fabrik\\\/\"},\"author\":{\"name\":\"anja.hall\",\"@id\":\"https:\\\/\\\/www.immobilienbusiness.ch\\\/#\\\/schema\\\/person\\\/3fc036297b10b9f42d6db5ee932af8c8\"},\"headline\":\"Emmen: Viscosistadt AG saniert ehemalige Nylon-Fabrik\",\"datePublished\":\"2020-07-07T06:38:49+00:00\",\"mainEntityOfPage\":{\"@id\":\"https:\\\/\\\/www.immobilienbusiness.ch\\\/en\\\/regionen\\\/2020-07-07\\\/emmen-viscosistadt-ag-saniert-ehemalige-nylon-fabrik\\\/\"},\"wordCount\":267,\"publisher\":{\"@id\":\"https:\\\/\\\/www.immobilienbusiness.ch\\\/#organization\"},\"image\":{\"@id\":\"https:\\\/\\\/www.immobilienbusiness.ch\\\/en\\\/regionen\\\/2020-07-07\\\/emmen-viscosistadt-ag-saniert-ehemalige-nylon-fabrik\\\/#primaryimage\"},\"thumbnailUrl\":\"https:\\\/\\\/www.immobilienbusiness.ch\\\/wp-content\\\/uploads\\\/2018\\\/10\\\/Depositphotos_170350446_m-2015.jpg\",\"keywords\":[\"Emmen\",\"Luzern\",\"Revitalisierung\",\"Viscosistadt\"],\"articleSection\":[\"REGIONEN\"],\"inLanguage\":\"fr-FR\"},{\"@type\":\"WebPage\",\"@id\":\"https:\\\/\\\/www.immobilienbusiness.ch\\\/en\\\/regionen\\\/2020-07-07\\\/emmen-viscosistadt-ag-saniert-ehemalige-nylon-fabrik\\\/\",\"url\":\"https:\\\/\\\/www.immobilienbusiness.ch\\\/en\\\/regionen\\\/2020-07-07\\\/emmen-viscosistadt-ag-saniert-ehemalige-nylon-fabrik\\\/\",\"name\":\"Emmen: Viscosistadt AG saniert ehemalige Nylon-Fabrik - IMMOBILIEN Business\",\"isPartOf\":{\"@id\":\"https:\\\/\\\/www.immobilienbusiness.ch\\\/#website\"},\"primaryImageOfPage\":{\"@id\":\"https:\\\/\\\/www.immobilienbusiness.ch\\\/en\\\/regionen\\\/2020-07-07\\\/emmen-viscosistadt-ag-saniert-ehemalige-nylon-fabrik\\\/#primaryimage\"},\"image\":{\"@id\":\"https:\\\/\\\/www.immobilienbusiness.ch\\\/en\\\/regionen\\\/2020-07-07\\\/emmen-viscosistadt-ag-saniert-ehemalige-nylon-fabrik\\\/#primaryimage\"},\"thumbnailUrl\":\"https:\\\/\\\/www.immobilienbusiness.ch\\\/wp-content\\\/uploads\\\/2018\\\/10\\\/Depositphotos_170350446_m-2015.jpg\",\"datePublished\":\"2020-07-07T06:38:49+00:00\",\"description\":\"Die Viscosistadt AG hat mit dem Teilr\u00fcckbau und Umbau der historischen Industriegeb\u00e4ude der ehemaligen Nylon-6-Fabrik im Norden von Luzern begonnen.\",\"breadcrumb\":{\"@id\":\"https:\\\/\\\/www.immobilienbusiness.ch\\\/en\\\/regionen\\\/2020-07-07\\\/emmen-viscosistadt-ag-saniert-ehemalige-nylon-fabrik\\\/#breadcrumb\"},\"inLanguage\":\"fr-FR\",\"potentialAction\":[{\"@type\":\"ReadAction\",\"target\":[\"https:\\\/\\\/www.immobilienbusiness.ch\\\/en\\\/regionen\\\/2020-07-07\\\/emmen-viscosistadt-ag-saniert-ehemalige-nylon-fabrik\\\/\"]}]},{\"@type\":\"ImageObject\",\"inLanguage\":\"fr-FR\",\"@id\":\"https:\\\/\\\/www.immobilienbusiness.ch\\\/en\\\/regionen\\\/2020-07-07\\\/emmen-viscosistadt-ag-saniert-ehemalige-nylon-fabrik\\\/#primaryimage\",\"url\":\"https:\\\/\\\/www.immobilienbusiness.ch\\\/wp-content\\\/uploads\\\/2018\\\/10\\\/Depositphotos_170350446_m-2015.jpg\",\"contentUrl\":\"https:\\\/\\\/www.immobilienbusiness.ch\\\/wp-content\\\/uploads\\\/2018\\\/10\\\/Depositphotos_170350446_m-2015.jpg\",\"width\":999,\"height\":667,\"caption\":\"Die Rohbauarbeiten f\u00fcr eine Wohn\u00fcberbauung in Lausen sind abgeschlossen (bild: Depositphotos)\"},{\"@type\":\"BreadcrumbList\",\"@id\":\"https:\\\/\\\/www.immobilienbusiness.ch\\\/en\\\/regionen\\\/2020-07-07\\\/emmen-viscosistadt-ag-saniert-ehemalige-nylon-fabrik\\\/#breadcrumb\",\"itemListElement\":[{\"@type\":\"ListItem\",\"position\":1,\"name\":\"Home\",\"item\":\"https:\\\/\\\/www.immobilienbusiness.ch\\\/\"},{\"@type\":\"ListItem\",\"position\":2,\"name\":\"Emmen: Viscosistadt AG saniert ehemalige Nylon-Fabrik\"}]},{\"@type\":\"WebSite\",\"@id\":\"https:\\\/\\\/www.immobilienbusiness.ch\\\/#website\",\"url\":\"https:\\\/\\\/www.immobilienbusiness.ch\\\/\",\"name\":\"IMMOBILIEN Business\",\"description\":\"Unabh\u00e4ngiges Schweizer Wirtschaftsmagazin mit Fokus auf Immobilien, Architektur- und Bau sowie Investment- und Finanzierung.\",\"publisher\":{\"@id\":\"https:\\\/\\\/www.immobilienbusiness.ch\\\/#organization\"},\"potentialAction\":[{\"@type\":\"SearchAction\",\"target\":{\"@type\":\"EntryPoint\",\"urlTemplate\":\"https:\\\/\\\/www.immobilienbusiness.ch\\\/?s={search_term_string}\"},\"query-input\":{\"@type\":\"PropertyValueSpecification\",\"valueRequired\":true,\"valueName\":\"search_term_string\"}}],\"inLanguage\":\"fr-FR\"},{\"@type\":\"Organization\",\"@id\":\"https:\\\/\\\/www.immobilienbusiness.ch\\\/#organization\",\"name\":\"IMMOBILIEN Business\",\"url\":\"https:\\\/\\\/www.immobilienbusiness.ch\\\/\",\"logo\":{\"@type\":\"ImageObject\",\"inLanguage\":\"fr-FR\",\"@id\":\"https:\\\/\\\/www.immobilienbusiness.ch\\\/#\\\/schema\\\/logo\\\/image\\\/\",\"url\":\"https:\\\/\\\/www.immobilienbusiness.ch\\\/wp-content\\\/uploads\\\/2021\\\/07\\\/logo_ib.png\",\"contentUrl\":\"https:\\\/\\\/www.immobilienbusiness.ch\\\/wp-content\\\/uploads\\\/2021\\\/07\\\/logo_ib.png\",\"width\":800,\"height\":181,\"caption\":\"IMMOBILIEN Business\"},\"image\":{\"@id\":\"https:\\\/\\\/www.immobilienbusiness.ch\\\/#\\\/schema\\\/logo\\\/image\\\/\"},\"sameAs\":[\"https:\\\/\\\/www.facebook.com\\\/immobilienbusiness\\\/\"]},{\"@type\":\"Person\",\"@id\":\"https:\\\/\\\/www.immobilienbusiness.ch\\\/#\\\/schema\\\/person\\\/3fc036297b10b9f42d6db5ee932af8c8\",\"name\":\"anja.hall\",\"image\":{\"@type\":\"ImageObject\",\"inLanguage\":\"fr-FR\",\"@id\":\"https:\\\/\\\/secure.gravatar.com\\\/avatar\\\/066b5a0d447013502c71a5782f4f3469f03cfe595cc2329fb94652fe47511bfb?s=96&d=mm&r=g\",\"url\":\"https:\\\/\\\/secure.gravatar.com\\\/avatar\\\/066b5a0d447013502c71a5782f4f3469f03cfe595cc2329fb94652fe47511bfb?s=96&d=mm&r=g\",\"contentUrl\":\"https:\\\/\\\/secure.gravatar.com\\\/avatar\\\/066b5a0d447013502c71a5782f4f3469f03cfe595cc2329fb94652fe47511bfb?s=96&d=mm&r=g\",\"caption\":\"anja.hall\"},\"url\":\"https:\\\/\\\/www.immobilienbusiness.ch\\\/fr\\\/author\\\/anja-hall\\\/\"}]}<\/script>\n<!-- \/ Yoast SEO plugin. -->","yoast_head_json":{"title":"Emmen: Viscosistadt AG saniert ehemalige Nylon-Fabrik - IMMOBILIEN Business","description":"La soci\u00e9t\u00e9 Viscosistadt AG a commenc\u00e9 la d\u00e9construction partielle et la transformation des b\u00e2timents industriels historiques de l'ancienne usine Nylon 6 au nord de Lucerne.","robots":{"index":"index","follow":"follow","max-snippet":"max-snippet:-1","max-image-preview":"max-image-preview:large","max-video-preview":"max-video-preview:-1"},"canonical":"https:\/\/www.immobilienbusiness.ch\/fr\/regionen\/2020-07-07\/emmen-viscosistadt-ag-saniert-ehemalige-nylon-fabrik\/","og_locale":"fr_FR","og_type":"article","og_title":"Emmen: Viscosistadt AG saniert ehemalige Nylon-Fabrik - IMMOBILIEN Business","og_description":"Die Viscosistadt AG hat mit dem Teilr\u00fcckbau und Umbau der historischen Industriegeb\u00e4ude der ehemaligen Nylon-6-Fabrik im Norden von Luzern begonnen.","og_url":"https:\/\/www.immobilienbusiness.ch\/fr\/regionen\/2020-07-07\/emmen-viscosistadt-ag-saniert-ehemalige-nylon-fabrik\/","og_site_name":"IMMOBILIEN Business","article_publisher":"https:\/\/www.facebook.com\/immobilienbusiness\/","article_published_time":"2020-07-07T06:38:49+00:00","og_image":[{"width":999,"height":667,"url":"https:\/\/www.immobilienbusiness.ch\/wp-content\/uploads\/2018\/10\/Depositphotos_170350446_m-2015.jpg","type":"image\/jpeg"}],"author":"anja.hall","twitter_card":"summary_large_image","twitter_image":"https:\/\/www.immobilienbusiness.ch\/wp-content\/uploads\/2018\/10\/Depositphotos_170350446_m-2015.jpg","schema":{"@context":"https:\/\/schema.org","@graph":[{"@type":"Article","@id":"https:\/\/www.immobilienbusiness.ch\/en\/regionen\/2020-07-07\/emmen-viscosistadt-ag-saniert-ehemalige-nylon-fabrik\/#article","isPartOf":{"@id":"https:\/\/www.immobilienbusiness.ch\/en\/regionen\/2020-07-07\/emmen-viscosistadt-ag-saniert-ehemalige-nylon-fabrik\/"},"author":{"name":"anja.hall","@id":"https:\/\/www.immobilienbusiness.ch\/#\/schema\/person\/3fc036297b10b9f42d6db5ee932af8c8"},"headline":"Emmen: Viscosistadt AG saniert ehemalige Nylon-Fabrik","datePublished":"2020-07-07T06:38:49+00:00","mainEntityOfPage":{"@id":"https:\/\/www.immobilienbusiness.ch\/en\/regionen\/2020-07-07\/emmen-viscosistadt-ag-saniert-ehemalige-nylon-fabrik\/"},"wordCount":267,"publisher":{"@id":"https:\/\/www.immobilienbusiness.ch\/#organization"},"image":{"@id":"https:\/\/www.immobilienbusiness.ch\/en\/regionen\/2020-07-07\/emmen-viscosistadt-ag-saniert-ehemalige-nylon-fabrik\/#primaryimage"},"thumbnailUrl":"https:\/\/www.immobilienbusiness.ch\/wp-content\/uploads\/2018\/10\/Depositphotos_170350446_m-2015.jpg","keywords":["Emmen","Luzern","Revitalisierung","Viscosistadt"],"articleSection":["REGIONEN"],"inLanguage":"fr-FR"},{"@type":"WebPage","@id":"https:\/\/www.immobilienbusiness.ch\/en\/regionen\/2020-07-07\/emmen-viscosistadt-ag-saniert-ehemalige-nylon-fabrik\/","url":"https:\/\/www.immobilienbusiness.ch\/en\/regionen\/2020-07-07\/emmen-viscosistadt-ag-saniert-ehemalige-nylon-fabrik\/","name":"Emmen: Viscosistadt AG saniert ehemalige Nylon-Fabrik - IMMOBILIEN Business","isPartOf":{"@id":"https:\/\/www.immobilienbusiness.ch\/#website"},"primaryImageOfPage":{"@id":"https:\/\/www.immobilienbusiness.ch\/en\/regionen\/2020-07-07\/emmen-viscosistadt-ag-saniert-ehemalige-nylon-fabrik\/#primaryimage"},"image":{"@id":"https:\/\/www.immobilienbusiness.ch\/en\/regionen\/2020-07-07\/emmen-viscosistadt-ag-saniert-ehemalige-nylon-fabrik\/#primaryimage"},"thumbnailUrl":"https:\/\/www.immobilienbusiness.ch\/wp-content\/uploads\/2018\/10\/Depositphotos_170350446_m-2015.jpg","datePublished":"2020-07-07T06:38:49+00:00","description":"La soci\u00e9t\u00e9 Viscosistadt AG a commenc\u00e9 la d\u00e9construction partielle et la transformation des b\u00e2timents industriels historiques de l'ancienne usine Nylon 6 au nord de Lucerne.","breadcrumb":{"@id":"https:\/\/www.immobilienbusiness.ch\/en\/regionen\/2020-07-07\/emmen-viscosistadt-ag-saniert-ehemalige-nylon-fabrik\/#breadcrumb"},"inLanguage":"fr-FR","potentialAction":[{"@type":"ReadAction","target":["https:\/\/www.immobilienbusiness.ch\/en\/regionen\/2020-07-07\/emmen-viscosistadt-ag-saniert-ehemalige-nylon-fabrik\/"]}]},{"@type":"ImageObject","inLanguage":"fr-FR","@id":"https:\/\/www.immobilienbusiness.ch\/en\/regionen\/2020-07-07\/emmen-viscosistadt-ag-saniert-ehemalige-nylon-fabrik\/#primaryimage","url":"https:\/\/www.immobilienbusiness.ch\/wp-content\/uploads\/2018\/10\/Depositphotos_170350446_m-2015.jpg","contentUrl":"https:\/\/www.immobilienbusiness.ch\/wp-content\/uploads\/2018\/10\/Depositphotos_170350446_m-2015.jpg","width":999,"height":667,"caption":"Die Rohbauarbeiten f\u00fcr eine Wohn\u00fcberbauung in Lausen sind abgeschlossen (bild: Depositphotos)"},{"@type":"BreadcrumbList","@id":"https:\/\/www.immobilienbusiness.ch\/en\/regionen\/2020-07-07\/emmen-viscosistadt-ag-saniert-ehemalige-nylon-fabrik\/#breadcrumb","itemListElement":[{"@type":"ListItem","position":1,"name":"Home","item":"https:\/\/www.immobilienbusiness.ch\/"},{"@type":"ListItem","position":2,"name":"Emmen: Viscosistadt AG saniert ehemalige Nylon-Fabrik"}]},{"@type":"WebSite","@id":"https:\/\/www.immobilienbusiness.ch\/#website","url":"https:\/\/www.immobilienbusiness.ch\/","name":"IMMOBILIER Business","description":"Magazine \u00e9conomique suisse ind\u00e9pendant ax\u00e9 sur l'immobilier, l'architecture et la construction ainsi que sur les investissements et le financement.","publisher":{"@id":"https:\/\/www.immobilienbusiness.ch\/#organization"},"potentialAction":[{"@type":"SearchAction","target":{"@type":"EntryPoint","urlTemplate":"https:\/\/www.immobilienbusiness.ch\/?s={search_term_string}"},"query-input":{"@type":"PropertyValueSpecification","valueRequired":true,"valueName":"search_term_string"}}],"inLanguage":"fr-FR"},{"@type":"Organization","@id":"https:\/\/www.immobilienbusiness.ch\/#organization","name":"IMMOBILIER Business","url":"https:\/\/www.immobilienbusiness.ch\/","logo":{"@type":"ImageObject","inLanguage":"fr-FR","@id":"https:\/\/www.immobilienbusiness.ch\/#\/schema\/logo\/image\/","url":"https:\/\/www.immobilienbusiness.ch\/wp-content\/uploads\/2021\/07\/logo_ib.png","contentUrl":"https:\/\/www.immobilienbusiness.ch\/wp-content\/uploads\/2021\/07\/logo_ib.png","width":800,"height":181,"caption":"IMMOBILIEN Business"},"image":{"@id":"https:\/\/www.immobilienbusiness.ch\/#\/schema\/logo\/image\/"},"sameAs":["https:\/\/www.facebook.com\/immobilienbusiness\/"]},{"@type":"Person","@id":"https:\/\/www.immobilienbusiness.ch\/#\/schema\/person\/3fc036297b10b9f42d6db5ee932af8c8","name":"anja.hall","image":{"@type":"ImageObject","inLanguage":"fr-FR","@id":"https:\/\/secure.gravatar.com\/avatar\/066b5a0d447013502c71a5782f4f3469f03cfe595cc2329fb94652fe47511bfb?s=96&d=mm&r=g","url":"https:\/\/secure.gravatar.com\/avatar\/066b5a0d447013502c71a5782f4f3469f03cfe595cc2329fb94652fe47511bfb?s=96&d=mm&r=g","contentUrl":"https:\/\/secure.gravatar.com\/avatar\/066b5a0d447013502c71a5782f4f3469f03cfe595cc2329fb94652fe47511bfb?s=96&d=mm&r=g","caption":"anja.hall"},"url":"https:\/\/www.immobilienbusiness.ch\/fr\/author\/anja-hall\/"}]}},"_links":{"self":[{"href":"https:\/\/www.immobilienbusiness.ch\/fr\/wp-json\/wp\/v2\/posts\/21760","targetHints":{"allow":["GET"]}}],"collection":[{"href":"https:\/\/www.immobilienbusiness.ch\/fr\/wp-json\/wp\/v2\/posts"}],"about":[{"href":"https:\/\/www.immobilienbusiness.ch\/fr\/wp-json\/wp\/v2\/types\/post"}],"author":[{"embeddable":true,"href":"https:\/\/www.immobilienbusiness.ch\/fr\/wp-json\/wp\/v2\/users\/3"}],"replies":[{"embeddable":true,"href":"https:\/\/www.immobilienbusiness.ch\/fr\/wp-json\/wp\/v2\/comments?post=21760"}],"version-history":[{"count":0,"href":"https:\/\/www.immobilienbusiness.ch\/fr\/wp-json\/wp\/v2\/posts\/21760\/revisions"}],"wp:featuredmedia":[{"embeddable":true,"href":"https:\/\/www.immobilienbusiness.ch\/fr\/wp-json\/wp\/v2\/media\/14652"}],"wp:attachment":[{"href":"https:\/\/www.immobilienbusiness.ch\/fr\/wp-json\/wp\/v2\/media?parent=21760"}],"wp:term":[{"taxonomy":"category","embeddable":true,"href":"https:\/\/www.immobilienbusiness.ch\/fr\/wp-json\/wp\/v2\/categories?post=21760"},{"taxonomy":"post_tag","embeddable":true,"href":"https:\/\/www.immobilienbusiness.ch\/fr\/wp-json\/wp\/v2\/tags?post=21760"}],"curies":[{"name":"wp","href":"https:\/\/api.w.org\/{rel}","templated":true}]}}