{"id":21692,"date":"2020-07-03T08:51:08","date_gmt":"2020-07-03T06:51:08","guid":{"rendered":"https:\/\/www.immobilienbusiness.ch\/?p=21692"},"modified":"2020-07-03T08:51:08","modified_gmt":"2020-07-03T06:51:08","slug":"allschwil-neue-mieter-auf-dem-baselink-areal","status":"publish","type":"post","link":"https:\/\/www.immobilienbusiness.ch\/fr\/regionen\/2020-07-03\/allschwil-neue-mieter-auf-dem-baselink-areal\/","title":{"rendered":"Allschwil : Nouveaux locataires sur le site de BaseLink"},"content":{"rendered":"<figure id=\"attachment_21749\" aria-describedby=\"caption-attachment-21749\" style=\"width: 680px\" class=\"wp-caption alignnone\"><img loading=\"lazy\" decoding=\"async\" class=\"size-medium wp-image-21749\" src=\"https:\/\/www.immobilienbusiness.ch\/wp-content\/uploads\/2020\/07\/GRID.png\" alt=\"\" width=\"680\" height=\"453\" srcset=\"https:\/\/www.immobilienbusiness.ch\/wp-content\/uploads\/2020\/07\/GRID.png 1872w, https:\/\/www.immobilienbusiness.ch\/wp-content\/uploads\/2020\/07\/GRID-300x200.png 300w, https:\/\/www.immobilienbusiness.ch\/wp-content\/uploads\/2020\/07\/GRID-1024x683.png 1024w, https:\/\/www.immobilienbusiness.ch\/wp-content\/uploads\/2020\/07\/GRID-768x512.png 768w, https:\/\/www.immobilienbusiness.ch\/wp-content\/uploads\/2020\/07\/GRID-1536x1024.png 1536w, https:\/\/www.immobilienbusiness.ch\/wp-content\/uploads\/2020\/07\/GRID-16x12.png 16w, https:\/\/www.immobilienbusiness.ch\/wp-content\/uploads\/2020\/07\/GRID-263x175.png 263w, https:\/\/www.immobilienbusiness.ch\/wp-content\/uploads\/2020\/07\/GRID-525x350.png 525w, https:\/\/www.immobilienbusiness.ch\/wp-content\/uploads\/2020\/07\/GRID-1200x800.png 1200w, https:\/\/www.immobilienbusiness.ch\/wp-content\/uploads\/2020\/07\/GRID-920x613.png 920w, https:\/\/www.immobilienbusiness.ch\/wp-content\/uploads\/2020\/07\/GRID-1400x933.png 1400w\" sizes=\"auto, (max-width: 680px) 100vw, 680px\" \/><figcaption id=\"caption-attachment-21749\" class=\"wp-caption-text\">La grille sur le site BaseLink \u00e0 Allschwil (visualisation : Herzog &amp; de Meuron\/Senn)<\/figcaption><\/figure>\n<p>Selon la soci\u00e9t\u00e9 immobili\u00e8re saint-galloise Senn, le site BaseLink \u00e0 Allschwil doit devenir \"un nouveau point de cristallisation des sciences de la vie\". En tant qu'\u00e9l\u00e9ment central du d\u00e9veloppement du site, Senn r\u00e9alise avec le bureau d'architectes Herzog &amp; de Meuron le Grid Campus of Collaboration d'une surface d'environ 50.000 m\u00b2.<\/p>\n<p>Le Swizerland Innovation Park Basel Area d\u00e9m\u00e9nagera son si\u00e8ge social dans le b\u00e2timent, et des entreprises et institutions de toutes tailles s'y installeront \u00e9galement. Le groupe cible est constitu\u00e9 de start-ups, de PME, d'instituts de recherche ainsi que de d\u00e9partements de grands groupes internationaux actifs dans le domaine de la sant\u00e9 et de la technologie, a pr\u00e9cis\u00e9 M. Senn.<\/p>\n<p>Fin juin, la soci\u00e9t\u00e9 immobili\u00e8re a annonc\u00e9 que la soci\u00e9t\u00e9 Basilea Pharmaceutical Ltd, cot\u00e9e en bourse, et l'universit\u00e9 de B\u00e2le, avec son Department of Biomedical Engineering et son Innovation Office, allaient s'installer dans la grille.<\/p>\n<h2>L'Universit\u00e9 de B\u00e2le loue 3 500 m\u00b2 au Grid<\/h2>\n<p>Pour la recherche et l'enseignement, le d\u00e9partement occupera une surface nette d'environ 3.500 m\u00b2 dans la grille et y installera des postes de travail pour 150 collaborateurs, auxquels s'ajouteront environ 100 \u00e9tudiants. Environ 1 700 m\u00b2 seront consacr\u00e9s \u00e0 la recherche technique avec des laboratoires, des ateliers et l'infrastructure technique, et 300 m\u00b2 seront r\u00e9serv\u00e9s aux cours et aux s\u00e9minaires, poursuit M. Senn. Environ 1 500 m\u00b2 suppl\u00e9mentaires seront consacr\u00e9s \u00e0 des bureaux, des salles de r\u00e9union et un salon.<\/p>\n<p>L'Innovation Office de l'Universit\u00e9 de B\u00e2le emm\u00e9nagera d\u00e9but 2021 dans des bureaux de l'\"Innovation Garage\", situ\u00e9 au rez-de-chauss\u00e9e du parking ouest, \u00e0 proximit\u00e9 imm\u00e9diate de la grille. L'Innovation Garage s'inspire de la force d'innovation des \"Garage Companies\" et a \u00e9t\u00e9 con\u00e7u comme une offre d'espace \u00e0 bas seuil. Sur 500 m\u00b2, on y trouve une salle d'\u00e9v\u00e9nements et des bureaux de collaboration. Juste \u00e0 c\u00f4t\u00e9 du parking se trouve le Biergarten Hortus.<\/p>\n<h2>Basilea transf\u00e8re son si\u00e8ge social dans la grille<\/h2>\n<p>L'entreprise de biotechnologie Basilea Pharmaceutica d\u00e9m\u00e9nagera son si\u00e8ge social dans la grille au milieu de l'ann\u00e9e 2022 et y regroupera diff\u00e9rents sites de B\u00e2le. Selon Senn, Basilea souhaite profiter de la proximit\u00e9 de start-ups innovantes, d'institutions acad\u00e9miques et d'autres entreprises de biotechnologie. <a href=\"https:\/\/www.immobilienbusiness.ch\/fr\/basel-sale-and-lease-back-fuer-basilea-firmensitz\/\">Basilea a r\u00e9cemment vendu son site principal de la Grenzacherstrasse \u00e0 B\u00e2le dans le cadre d'une transaction de cession-bail.<\/a><\/p>\n<p>Le propri\u00e9taire foncier de la zone BaseLink sur le site de Bachgraben \u00e0 Allschwil est le B\u00fcrgerspital Basel. Senn est titulaire d'un droit de superficie pour les parcelles B1-B4 (Grid) et participe \u00e9galement de mani\u00e8re d\u00e9terminante au d\u00e9veloppement d'autres parcelles. Sur un total de 16 parcelles, des locaux seront construits pour des entreprises et des institutions des secteurs des sciences de la vie et de la biotechnologie. <em>(ah)<\/em><\/p>","protected":false},"excerpt":{"rendered":"<p>Le campus d'Allschwil de l'Universit\u00e9 de B\u00e2le et l'entreprise pharmaceutique Basilea Pharmaceutica vont transf\u00e9rer leurs sites dans le Grid Campus of Collaboration, qui sera construit sur le site BaseLink \u00e0 Allschwil (BL).<\/p>","protected":false},"author":3,"featured_media":21749,"comment_status":"closed","ping_status":"open","sticky":false,"template":"","format":"standard","meta":{"_acf_changed":false,"_yoast_wpseo_focuskw":"BaseLink","_yoast_wpseo_title":"","_yoast_wpseo_metadesc":"Der Campus Allschwil der Universit\u00e4t Basel und das Pharmaunternehmen Basilea Pharmaceutica ziehen in den Grid auf dem BaseLink-Areal in Allschwil (BL).","_yoast_wpseo_linkdex":71,"pgc_sgb_lightbox_settings":"","footnotes":""},"categories":[985],"tags":[1070,1272,1599,1832],"class_list":["post-21692","post","type-post","status-publish","format-standard","has-post-thumbnail","hentry","category-regionen","tag-basel-landschaft","tag-gewerbeimmobilien","tag-projekt-in-bau","tag-vermietung"],"acf":[],"yoast_head":"<!-- This site is optimized with the Yoast SEO plugin v27.4 - https:\/\/yoast.com\/product\/yoast-seo-wordpress\/ -->\n<title>Allschwil: Neue Mieter auf dem BaseLink-Areal - IMMOBILIEN Business<\/title>\n<meta name=\"description\" content=\"Der Campus Allschwil der Universit\u00e4t Basel und das Pharmaunternehmen Basilea Pharmaceutica ziehen in den Grid auf dem BaseLink-Areal in Allschwil (BL).\" \/>\n<meta name=\"robots\" content=\"index, follow, max-snippet:-1, max-image-preview:large, max-video-preview:-1\" \/>\n<link rel=\"canonical\" href=\"https:\/\/www.immobilienbusiness.ch\/fr\/regionen\/2020-07-03\/allschwil-neue-mieter-auf-dem-baselink-areal\/\" \/>\n<meta property=\"og:locale\" content=\"fr_FR\" \/>\n<meta property=\"og:type\" content=\"article\" \/>\n<meta property=\"og:title\" content=\"Allschwil: Neue Mieter auf dem BaseLink-Areal - IMMOBILIEN Business\" \/>\n<meta property=\"og:description\" content=\"Der Campus Allschwil der Universit\u00e4t Basel und das Pharmaunternehmen Basilea Pharmaceutica ziehen in den Grid auf dem BaseLink-Areal in Allschwil (BL).\" \/>\n<meta property=\"og:url\" content=\"https:\/\/www.immobilienbusiness.ch\/fr\/regionen\/2020-07-03\/allschwil-neue-mieter-auf-dem-baselink-areal\/\" \/>\n<meta property=\"og:site_name\" content=\"IMMOBILIEN Business\" \/>\n<meta property=\"article:publisher\" content=\"https:\/\/www.facebook.com\/immobilienbusiness\/\" \/>\n<meta property=\"article:published_time\" content=\"2020-07-03T06:51:08+00:00\" \/>\n<meta property=\"og:image\" content=\"https:\/\/www.immobilienbusiness.ch\/wp-content\/uploads\/2020\/07\/GRID-1024x683.png\" \/>\n\t<meta property=\"og:image:width\" content=\"1024\" \/>\n\t<meta property=\"og:image:height\" content=\"683\" \/>\n\t<meta property=\"og:image:type\" content=\"image\/png\" \/>\n<meta name=\"author\" content=\"anja.hall\" \/>\n<meta name=\"twitter:card\" content=\"summary_large_image\" \/>\n<meta name=\"twitter:image\" content=\"https:\/\/www.immobilienbusiness.ch\/wp-content\/uploads\/2020\/07\/GRID.png\" \/>\n<script type=\"application\/ld+json\" class=\"yoast-schema-graph\">{\"@context\":\"https:\\\/\\\/schema.org\",\"@graph\":[{\"@type\":\"Article\",\"@id\":\"https:\\\/\\\/www.immobilienbusiness.ch\\\/regionen\\\/2020-07-03\\\/allschwil-neue-mieter-auf-dem-baselink-areal\\\/#article\",\"isPartOf\":{\"@id\":\"https:\\\/\\\/www.immobilienbusiness.ch\\\/regionen\\\/2020-07-03\\\/allschwil-neue-mieter-auf-dem-baselink-areal\\\/\"},\"author\":{\"name\":\"anja.hall\",\"@id\":\"https:\\\/\\\/www.immobilienbusiness.ch\\\/#\\\/schema\\\/person\\\/3fc036297b10b9f42d6db5ee932af8c8\"},\"headline\":\"Allschwil: Neue Mieter auf dem BaseLink-Areal\",\"datePublished\":\"2020-07-03T06:51:08+00:00\",\"mainEntityOfPage\":{\"@id\":\"https:\\\/\\\/www.immobilienbusiness.ch\\\/regionen\\\/2020-07-03\\\/allschwil-neue-mieter-auf-dem-baselink-areal\\\/\"},\"wordCount\":402,\"publisher\":{\"@id\":\"https:\\\/\\\/www.immobilienbusiness.ch\\\/#organization\"},\"image\":{\"@id\":\"https:\\\/\\\/www.immobilienbusiness.ch\\\/regionen\\\/2020-07-03\\\/allschwil-neue-mieter-auf-dem-baselink-areal\\\/#primaryimage\"},\"thumbnailUrl\":\"https:\\\/\\\/www.immobilienbusiness.ch\\\/wp-content\\\/uploads\\\/2020\\\/07\\\/GRID.png\",\"keywords\":[\"Basel-Landschaft\",\"Gewerbeimmobilien\",\"Projekt in Bau\",\"Vermietung\"],\"articleSection\":[\"REGIONEN\"],\"inLanguage\":\"fr-FR\"},{\"@type\":\"WebPage\",\"@id\":\"https:\\\/\\\/www.immobilienbusiness.ch\\\/regionen\\\/2020-07-03\\\/allschwil-neue-mieter-auf-dem-baselink-areal\\\/\",\"url\":\"https:\\\/\\\/www.immobilienbusiness.ch\\\/regionen\\\/2020-07-03\\\/allschwil-neue-mieter-auf-dem-baselink-areal\\\/\",\"name\":\"Allschwil: Neue Mieter auf dem BaseLink-Areal - IMMOBILIEN Business\",\"isPartOf\":{\"@id\":\"https:\\\/\\\/www.immobilienbusiness.ch\\\/#website\"},\"primaryImageOfPage\":{\"@id\":\"https:\\\/\\\/www.immobilienbusiness.ch\\\/regionen\\\/2020-07-03\\\/allschwil-neue-mieter-auf-dem-baselink-areal\\\/#primaryimage\"},\"image\":{\"@id\":\"https:\\\/\\\/www.immobilienbusiness.ch\\\/regionen\\\/2020-07-03\\\/allschwil-neue-mieter-auf-dem-baselink-areal\\\/#primaryimage\"},\"thumbnailUrl\":\"https:\\\/\\\/www.immobilienbusiness.ch\\\/wp-content\\\/uploads\\\/2020\\\/07\\\/GRID.png\",\"datePublished\":\"2020-07-03T06:51:08+00:00\",\"description\":\"Der Campus Allschwil der Universit\u00e4t Basel und das Pharmaunternehmen Basilea Pharmaceutica ziehen in den Grid auf dem BaseLink-Areal in Allschwil (BL).\",\"breadcrumb\":{\"@id\":\"https:\\\/\\\/www.immobilienbusiness.ch\\\/regionen\\\/2020-07-03\\\/allschwil-neue-mieter-auf-dem-baselink-areal\\\/#breadcrumb\"},\"inLanguage\":\"fr-FR\",\"potentialAction\":[{\"@type\":\"ReadAction\",\"target\":[\"https:\\\/\\\/www.immobilienbusiness.ch\\\/regionen\\\/2020-07-03\\\/allschwil-neue-mieter-auf-dem-baselink-areal\\\/\"]}]},{\"@type\":\"ImageObject\",\"inLanguage\":\"fr-FR\",\"@id\":\"https:\\\/\\\/www.immobilienbusiness.ch\\\/regionen\\\/2020-07-03\\\/allschwil-neue-mieter-auf-dem-baselink-areal\\\/#primaryimage\",\"url\":\"https:\\\/\\\/www.immobilienbusiness.ch\\\/wp-content\\\/uploads\\\/2020\\\/07\\\/GRID.png\",\"contentUrl\":\"https:\\\/\\\/www.immobilienbusiness.ch\\\/wp-content\\\/uploads\\\/2020\\\/07\\\/GRID.png\",\"width\":1872,\"height\":1248,\"caption\":\"Der Grid auf dem BaseLink-Areal in Allschwil (Visualisierung: Herzog & de Meuron\\\/Senn)\"},{\"@type\":\"BreadcrumbList\",\"@id\":\"https:\\\/\\\/www.immobilienbusiness.ch\\\/regionen\\\/2020-07-03\\\/allschwil-neue-mieter-auf-dem-baselink-areal\\\/#breadcrumb\",\"itemListElement\":[{\"@type\":\"ListItem\",\"position\":1,\"name\":\"Home\",\"item\":\"https:\\\/\\\/www.immobilienbusiness.ch\\\/\"},{\"@type\":\"ListItem\",\"position\":2,\"name\":\"Allschwil: Neue Mieter auf dem BaseLink-Areal\"}]},{\"@type\":\"WebSite\",\"@id\":\"https:\\\/\\\/www.immobilienbusiness.ch\\\/#website\",\"url\":\"https:\\\/\\\/www.immobilienbusiness.ch\\\/\",\"name\":\"IMMOBILIEN Business\",\"description\":\"Unabh\u00e4ngiges Schweizer Wirtschaftsmagazin mit Fokus auf Immobilien, Architektur- und Bau sowie Investment- und Finanzierung.\",\"publisher\":{\"@id\":\"https:\\\/\\\/www.immobilienbusiness.ch\\\/#organization\"},\"potentialAction\":[{\"@type\":\"SearchAction\",\"target\":{\"@type\":\"EntryPoint\",\"urlTemplate\":\"https:\\\/\\\/www.immobilienbusiness.ch\\\/?s={search_term_string}\"},\"query-input\":{\"@type\":\"PropertyValueSpecification\",\"valueRequired\":true,\"valueName\":\"search_term_string\"}}],\"inLanguage\":\"fr-FR\"},{\"@type\":\"Organization\",\"@id\":\"https:\\\/\\\/www.immobilienbusiness.ch\\\/#organization\",\"name\":\"IMMOBILIEN Business\",\"url\":\"https:\\\/\\\/www.immobilienbusiness.ch\\\/\",\"logo\":{\"@type\":\"ImageObject\",\"inLanguage\":\"fr-FR\",\"@id\":\"https:\\\/\\\/www.immobilienbusiness.ch\\\/#\\\/schema\\\/logo\\\/image\\\/\",\"url\":\"https:\\\/\\\/www.immobilienbusiness.ch\\\/wp-content\\\/uploads\\\/2021\\\/07\\\/logo_ib.png\",\"contentUrl\":\"https:\\\/\\\/www.immobilienbusiness.ch\\\/wp-content\\\/uploads\\\/2021\\\/07\\\/logo_ib.png\",\"width\":800,\"height\":181,\"caption\":\"IMMOBILIEN Business\"},\"image\":{\"@id\":\"https:\\\/\\\/www.immobilienbusiness.ch\\\/#\\\/schema\\\/logo\\\/image\\\/\"},\"sameAs\":[\"https:\\\/\\\/www.facebook.com\\\/immobilienbusiness\\\/\"]},{\"@type\":\"Person\",\"@id\":\"https:\\\/\\\/www.immobilienbusiness.ch\\\/#\\\/schema\\\/person\\\/3fc036297b10b9f42d6db5ee932af8c8\",\"name\":\"anja.hall\",\"image\":{\"@type\":\"ImageObject\",\"inLanguage\":\"fr-FR\",\"@id\":\"https:\\\/\\\/secure.gravatar.com\\\/avatar\\\/066b5a0d447013502c71a5782f4f3469f03cfe595cc2329fb94652fe47511bfb?s=96&d=mm&r=g\",\"url\":\"https:\\\/\\\/secure.gravatar.com\\\/avatar\\\/066b5a0d447013502c71a5782f4f3469f03cfe595cc2329fb94652fe47511bfb?s=96&d=mm&r=g\",\"contentUrl\":\"https:\\\/\\\/secure.gravatar.com\\\/avatar\\\/066b5a0d447013502c71a5782f4f3469f03cfe595cc2329fb94652fe47511bfb?s=96&d=mm&r=g\",\"caption\":\"anja.hall\"},\"url\":\"https:\\\/\\\/www.immobilienbusiness.ch\\\/fr\\\/author\\\/anja-hall\\\/\"}]}<\/script>\n<!-- \/ Yoast SEO plugin. -->","yoast_head_json":{"title":"Allschwil : nouveaux locataires sur le site de BaseLink - IMMOBILIER Business","description":"Le campus d'Allschwil de l'Universit\u00e9 de B\u00e2le et l'entreprise pharmaceutique Basilea Pharmaceutica s'installent dans la grille du site BaseLink \u00e0 Allschwil (BL).","robots":{"index":"index","follow":"follow","max-snippet":"max-snippet:-1","max-image-preview":"max-image-preview:large","max-video-preview":"max-video-preview:-1"},"canonical":"https:\/\/www.immobilienbusiness.ch\/fr\/regionen\/2020-07-03\/allschwil-neue-mieter-auf-dem-baselink-areal\/","og_locale":"fr_FR","og_type":"article","og_title":"Allschwil: Neue Mieter auf dem BaseLink-Areal - IMMOBILIEN Business","og_description":"Der Campus Allschwil der Universit\u00e4t Basel und das Pharmaunternehmen Basilea Pharmaceutica ziehen in den Grid auf dem BaseLink-Areal in Allschwil (BL).","og_url":"https:\/\/www.immobilienbusiness.ch\/fr\/regionen\/2020-07-03\/allschwil-neue-mieter-auf-dem-baselink-areal\/","og_site_name":"IMMOBILIEN Business","article_publisher":"https:\/\/www.facebook.com\/immobilienbusiness\/","article_published_time":"2020-07-03T06:51:08+00:00","og_image":[{"width":1024,"height":683,"url":"https:\/\/www.immobilienbusiness.ch\/wp-content\/uploads\/2020\/07\/GRID-1024x683.png","type":"image\/png"}],"author":"anja.hall","twitter_card":"summary_large_image","twitter_image":"https:\/\/www.immobilienbusiness.ch\/wp-content\/uploads\/2020\/07\/GRID.png","schema":{"@context":"https:\/\/schema.org","@graph":[{"@type":"Article","@id":"https:\/\/www.immobilienbusiness.ch\/regionen\/2020-07-03\/allschwil-neue-mieter-auf-dem-baselink-areal\/#article","isPartOf":{"@id":"https:\/\/www.immobilienbusiness.ch\/regionen\/2020-07-03\/allschwil-neue-mieter-auf-dem-baselink-areal\/"},"author":{"name":"anja.hall","@id":"https:\/\/www.immobilienbusiness.ch\/#\/schema\/person\/3fc036297b10b9f42d6db5ee932af8c8"},"headline":"Allschwil: Neue Mieter auf dem BaseLink-Areal","datePublished":"2020-07-03T06:51:08+00:00","mainEntityOfPage":{"@id":"https:\/\/www.immobilienbusiness.ch\/regionen\/2020-07-03\/allschwil-neue-mieter-auf-dem-baselink-areal\/"},"wordCount":402,"publisher":{"@id":"https:\/\/www.immobilienbusiness.ch\/#organization"},"image":{"@id":"https:\/\/www.immobilienbusiness.ch\/regionen\/2020-07-03\/allschwil-neue-mieter-auf-dem-baselink-areal\/#primaryimage"},"thumbnailUrl":"https:\/\/www.immobilienbusiness.ch\/wp-content\/uploads\/2020\/07\/GRID.png","keywords":["Basel-Landschaft","Gewerbeimmobilien","Projekt in Bau","Vermietung"],"articleSection":["REGIONEN"],"inLanguage":"fr-FR"},{"@type":"WebPage","@id":"https:\/\/www.immobilienbusiness.ch\/regionen\/2020-07-03\/allschwil-neue-mieter-auf-dem-baselink-areal\/","url":"https:\/\/www.immobilienbusiness.ch\/regionen\/2020-07-03\/allschwil-neue-mieter-auf-dem-baselink-areal\/","name":"Allschwil : nouveaux locataires sur le site de BaseLink - IMMOBILIER Business","isPartOf":{"@id":"https:\/\/www.immobilienbusiness.ch\/#website"},"primaryImageOfPage":{"@id":"https:\/\/www.immobilienbusiness.ch\/regionen\/2020-07-03\/allschwil-neue-mieter-auf-dem-baselink-areal\/#primaryimage"},"image":{"@id":"https:\/\/www.immobilienbusiness.ch\/regionen\/2020-07-03\/allschwil-neue-mieter-auf-dem-baselink-areal\/#primaryimage"},"thumbnailUrl":"https:\/\/www.immobilienbusiness.ch\/wp-content\/uploads\/2020\/07\/GRID.png","datePublished":"2020-07-03T06:51:08+00:00","description":"Le campus d'Allschwil de l'Universit\u00e9 de B\u00e2le et l'entreprise pharmaceutique Basilea Pharmaceutica s'installent dans la grille du site BaseLink \u00e0 Allschwil (BL).","breadcrumb":{"@id":"https:\/\/www.immobilienbusiness.ch\/regionen\/2020-07-03\/allschwil-neue-mieter-auf-dem-baselink-areal\/#breadcrumb"},"inLanguage":"fr-FR","potentialAction":[{"@type":"ReadAction","target":["https:\/\/www.immobilienbusiness.ch\/regionen\/2020-07-03\/allschwil-neue-mieter-auf-dem-baselink-areal\/"]}]},{"@type":"ImageObject","inLanguage":"fr-FR","@id":"https:\/\/www.immobilienbusiness.ch\/regionen\/2020-07-03\/allschwil-neue-mieter-auf-dem-baselink-areal\/#primaryimage","url":"https:\/\/www.immobilienbusiness.ch\/wp-content\/uploads\/2020\/07\/GRID.png","contentUrl":"https:\/\/www.immobilienbusiness.ch\/wp-content\/uploads\/2020\/07\/GRID.png","width":1872,"height":1248,"caption":"Der Grid auf dem BaseLink-Areal in Allschwil (Visualisierung: Herzog & de Meuron\/Senn)"},{"@type":"BreadcrumbList","@id":"https:\/\/www.immobilienbusiness.ch\/regionen\/2020-07-03\/allschwil-neue-mieter-auf-dem-baselink-areal\/#breadcrumb","itemListElement":[{"@type":"ListItem","position":1,"name":"Home","item":"https:\/\/www.immobilienbusiness.ch\/"},{"@type":"ListItem","position":2,"name":"Allschwil: Neue Mieter auf dem BaseLink-Areal"}]},{"@type":"WebSite","@id":"https:\/\/www.immobilienbusiness.ch\/#website","url":"https:\/\/www.immobilienbusiness.ch\/","name":"IMMOBILIER Business","description":"Magazine \u00e9conomique suisse ind\u00e9pendant ax\u00e9 sur l'immobilier, l'architecture et la construction ainsi que sur les investissements et le financement.","publisher":{"@id":"https:\/\/www.immobilienbusiness.ch\/#organization"},"potentialAction":[{"@type":"SearchAction","target":{"@type":"EntryPoint","urlTemplate":"https:\/\/www.immobilienbusiness.ch\/?s={search_term_string}"},"query-input":{"@type":"PropertyValueSpecification","valueRequired":true,"valueName":"search_term_string"}}],"inLanguage":"fr-FR"},{"@type":"Organization","@id":"https:\/\/www.immobilienbusiness.ch\/#organization","name":"IMMOBILIER Business","url":"https:\/\/www.immobilienbusiness.ch\/","logo":{"@type":"ImageObject","inLanguage":"fr-FR","@id":"https:\/\/www.immobilienbusiness.ch\/#\/schema\/logo\/image\/","url":"https:\/\/www.immobilienbusiness.ch\/wp-content\/uploads\/2021\/07\/logo_ib.png","contentUrl":"https:\/\/www.immobilienbusiness.ch\/wp-content\/uploads\/2021\/07\/logo_ib.png","width":800,"height":181,"caption":"IMMOBILIEN Business"},"image":{"@id":"https:\/\/www.immobilienbusiness.ch\/#\/schema\/logo\/image\/"},"sameAs":["https:\/\/www.facebook.com\/immobilienbusiness\/"]},{"@type":"Person","@id":"https:\/\/www.immobilienbusiness.ch\/#\/schema\/person\/3fc036297b10b9f42d6db5ee932af8c8","name":"anja.hall","image":{"@type":"ImageObject","inLanguage":"fr-FR","@id":"https:\/\/secure.gravatar.com\/avatar\/066b5a0d447013502c71a5782f4f3469f03cfe595cc2329fb94652fe47511bfb?s=96&d=mm&r=g","url":"https:\/\/secure.gravatar.com\/avatar\/066b5a0d447013502c71a5782f4f3469f03cfe595cc2329fb94652fe47511bfb?s=96&d=mm&r=g","contentUrl":"https:\/\/secure.gravatar.com\/avatar\/066b5a0d447013502c71a5782f4f3469f03cfe595cc2329fb94652fe47511bfb?s=96&d=mm&r=g","caption":"anja.hall"},"url":"https:\/\/www.immobilienbusiness.ch\/fr\/author\/anja-hall\/"}]}},"_links":{"self":[{"href":"https:\/\/www.immobilienbusiness.ch\/fr\/wp-json\/wp\/v2\/posts\/21692","targetHints":{"allow":["GET"]}}],"collection":[{"href":"https:\/\/www.immobilienbusiness.ch\/fr\/wp-json\/wp\/v2\/posts"}],"about":[{"href":"https:\/\/www.immobilienbusiness.ch\/fr\/wp-json\/wp\/v2\/types\/post"}],"author":[{"embeddable":true,"href":"https:\/\/www.immobilienbusiness.ch\/fr\/wp-json\/wp\/v2\/users\/3"}],"replies":[{"embeddable":true,"href":"https:\/\/www.immobilienbusiness.ch\/fr\/wp-json\/wp\/v2\/comments?post=21692"}],"version-history":[{"count":0,"href":"https:\/\/www.immobilienbusiness.ch\/fr\/wp-json\/wp\/v2\/posts\/21692\/revisions"}],"wp:featuredmedia":[{"embeddable":true,"href":"https:\/\/www.immobilienbusiness.ch\/fr\/wp-json\/wp\/v2\/media\/21749"}],"wp:attachment":[{"href":"https:\/\/www.immobilienbusiness.ch\/fr\/wp-json\/wp\/v2\/media?parent=21692"}],"wp:term":[{"taxonomy":"category","embeddable":true,"href":"https:\/\/www.immobilienbusiness.ch\/fr\/wp-json\/wp\/v2\/categories?post=21692"},{"taxonomy":"post_tag","embeddable":true,"href":"https:\/\/www.immobilienbusiness.ch\/fr\/wp-json\/wp\/v2\/tags?post=21692"}],"curies":[{"name":"wp","href":"https:\/\/api.w.org\/{rel}","templated":true}]}}