{"id":21688,"date":"2020-07-06T07:27:20","date_gmt":"2020-07-06T05:27:20","guid":{"rendered":"https:\/\/www.immobilienbusiness.ch\/?p=21688"},"modified":"2020-07-06T07:27:20","modified_gmt":"2020-07-06T05:27:20","slug":"naef-partner-vergroessert-den-verwaltungsrat","status":"publish","type":"post","link":"https:\/\/www.immobilienbusiness.ch\/fr\/unternehmen\/2020-07-06\/naef-partner-vergroessert-den-verwaltungsrat\/","title":{"rendered":"Naef &amp; Partner \u00e9largit son conseil d'administration"},"content":{"rendered":"<figure id=\"attachment_21690\" aria-describedby=\"caption-attachment-21690\" style=\"width: 680px\" class=\"wp-caption alignnone\"><img loading=\"lazy\" decoding=\"async\" class=\"wp-image-21690 size-medium\" src=\"https:\/\/www.immobilienbusiness.ch\/wp-content\/uploads\/2020\/06\/Gruppenbild_VR_NPAG.jpg\" alt=\"\" width=\"680\" height=\"453\" srcset=\"https:\/\/www.immobilienbusiness.ch\/wp-content\/uploads\/2020\/06\/Gruppenbild_VR_NPAG.jpg 2560w, https:\/\/www.immobilienbusiness.ch\/wp-content\/uploads\/2020\/06\/Gruppenbild_VR_NPAG-300x200.jpg 300w, https:\/\/www.immobilienbusiness.ch\/wp-content\/uploads\/2020\/06\/Gruppenbild_VR_NPAG-1024x683.jpg 1024w, https:\/\/www.immobilienbusiness.ch\/wp-content\/uploads\/2020\/06\/Gruppenbild_VR_NPAG-768x512.jpg 768w, https:\/\/www.immobilienbusiness.ch\/wp-content\/uploads\/2020\/06\/Gruppenbild_VR_NPAG-1536x1024.jpg 1536w, https:\/\/www.immobilienbusiness.ch\/wp-content\/uploads\/2020\/06\/Gruppenbild_VR_NPAG-2048x1365.jpg 2048w, https:\/\/www.immobilienbusiness.ch\/wp-content\/uploads\/2020\/06\/Gruppenbild_VR_NPAG-16x12.jpg 16w, https:\/\/www.immobilienbusiness.ch\/wp-content\/uploads\/2020\/06\/Gruppenbild_VR_NPAG-263x175.jpg 263w, https:\/\/www.immobilienbusiness.ch\/wp-content\/uploads\/2020\/06\/Gruppenbild_VR_NPAG-525x350.jpg 525w, https:\/\/www.immobilienbusiness.ch\/wp-content\/uploads\/2020\/06\/Gruppenbild_VR_NPAG-1200x800.jpg 1200w, https:\/\/www.immobilienbusiness.ch\/wp-content\/uploads\/2020\/06\/Gruppenbild_VR_NPAG-920x613.jpg 920w, https:\/\/www.immobilienbusiness.ch\/wp-content\/uploads\/2020\/06\/Gruppenbild_VR_NPAG-1400x933.jpg 1400w\" sizes=\"auto, (max-width: 680px) 100vw, 680px\" \/><figcaption id=\"caption-attachment-21690\" class=\"wp-caption-text\">Le conseil d'administration de Naef &amp; Partner AG : devant, les partenaires fondateurs Matthias Alber, David Naef et Roger Ricklin ; derri\u00e8re, Martin Sohm, Ueli Wampfer, Felix Hegetschweiler et Marcel Scherrer (de g. \u00e0 dr. ; photo : Naef &amp; Partner AG)<\/figcaption><\/figure>\n<p>Lors de l'assembl\u00e9e g\u00e9n\u00e9rale de Naef &amp; Partner AG de cette ann\u00e9e, les actionnaires ont \u00e9lu trois membres suppl\u00e9mentaires au conseil d'administration : Outre l'actuel pr\u00e9sident du conseil d'administration Ueli Wampfler, l'organe compte d\u00e9sormais Felix Hegetschweiler comme vice-pr\u00e9sident ainsi que Marcel Scherrer et Martin Sohm. Avec les partenaires fondateurs David Naef, Roger Ricklin et Matthias Alber, ils forment l'organe de direction strat\u00e9gique de Naef &amp; Partner.<\/p>\n<p>Ueli Wampfler est pr\u00e9sident du conseil d'administration depuis la cr\u00e9ation de la soci\u00e9t\u00e9 ; il travaille depuis plus de 50 ans dans le secteur fiduciaire et immobilier. Il a commenc\u00e9 sa carri\u00e8re \u00e0 la Soci\u00e9t\u00e9 fiduciaire suisse, puis a travaill\u00e9 chez STG Coopers &amp; Lybrand et STG Soci\u00e9t\u00e9 fiduciaire suisse. En 2004, il a fond\u00e9 la soci\u00e9t\u00e9 Wampfler &amp; Partner AG. Wampfler si\u00e8ge dans plusieurs conseils d'administration et d\u00e9tient un portefeuille immobilier substantiel avec sa soci\u00e9t\u00e9 Swisa Holding er.<\/p>\n<p>Felix Hegetschweiler a d'abord travaill\u00e9 chez G\u00f6hner Merkur, puis pendant quelques ann\u00e9es chez Halter Generalunternehmung, avant de passer chez HRS Real Estate, o\u00f9 il a travaill\u00e9 pendant dix ans, en dernier lieu en tant que copropri\u00e9taire et COO. En 2011, il est revenu chez Halter pour diriger le secteur Prestations globales et le secteur R\u00e9novations, cr\u00e9\u00e9 par la suite. Fin 2020, Hegetschwiler quittera Halter. Selon un communiqu\u00e9 de Naef &amp; Partner, il souhaite alors se consacrer \u00e0 la poursuite du d\u00e9veloppement de ses participations et partenariats dans le secteur immobilier.<\/p>\n<p>Marcel Scherrer a travaill\u00e9 pendant une vingtaine d'ann\u00e9es comme partenaire chez W\u00fcest Partner, o\u00f9 il s'est occup\u00e9 de clients priv\u00e9s et institutionnels pour la constitution et la gestion de portefeuilles immobiliers. Au d\u00e9but de cette ann\u00e9e, il s'est mis \u00e0 son compte.<\/p>\n<p>Martin Sohm, sp\u00e9cialiste du droit de la construction et de l'immobilier, est partenaire et copropri\u00e9taire du cabinet d'avocats Reetz Sohm Rechtsanw\u00e4lte \u00e0 K\u00fcsnacht. Avant de fonder sa propre entreprise en 2013, il a travaill\u00e9 comme partenaire chez Wenger Plattner Rechtsanw\u00e4lte.<\/p>\n<p>Naef &amp; Partner a \u00e9t\u00e9 fond\u00e9e au printemps 2018. L'entreprise fournit des services immobiliers dans les domaines du d\u00e9veloppement, de la gestion d'actifs et du conseil. <em>(ah)<\/em><\/p>","protected":false},"excerpt":{"rendered":"<p>Die Naef &#038; Partner AG hat ihren Verwaltungsrat erweitert. Insgesamt besteht er nun aus sieben Immobilienexperten.<\/p>","protected":false},"author":3,"featured_media":21690,"comment_status":"closed","ping_status":"open","sticky":false,"template":"","format":"standard","meta":{"_acf_changed":false,"_yoast_wpseo_focuskw":"Naef","_yoast_wpseo_title":"","_yoast_wpseo_metadesc":"Die Naef & Partner AG hat ihren Verwaltungsrat erweitert. Insgesamt besteht er nun aus sieben Immobilienexperten.","_yoast_wpseo_linkdex":69,"pgc_sgb_lightbox_settings":"","footnotes":""},"categories":[988],"tags":[1563,1807,1834],"class_list":["post-21688","post","type-post","status-publish","format-standard","has-post-thumbnail","hentry","category-unternehmen","tag-personalia","tag-unternehmen","tag-verwaltungsrat"],"acf":[],"yoast_head":"<!-- This site is optimized with the Yoast SEO plugin v27.4 - https:\/\/yoast.com\/product\/yoast-seo-wordpress\/ -->\n<title>Naef &amp; Partner vergr\u00f6ssert den Verwaltungsrat - IMMOBILIEN Business<\/title>\n<meta name=\"description\" content=\"Die Naef &amp; Partner AG hat ihren Verwaltungsrat erweitert. Insgesamt besteht er nun aus sieben Immobilienexperten.\" \/>\n<meta name=\"robots\" content=\"index, follow, max-snippet:-1, max-image-preview:large, max-video-preview:-1\" \/>\n<link rel=\"canonical\" href=\"https:\/\/www.immobilienbusiness.ch\/fr\/unternehmen\/2020-07-06\/naef-partner-vergroessert-den-verwaltungsrat\/\" \/>\n<meta property=\"og:locale\" content=\"fr_FR\" \/>\n<meta property=\"og:type\" content=\"article\" \/>\n<meta property=\"og:title\" content=\"Naef &amp; Partner vergr\u00f6ssert den Verwaltungsrat - IMMOBILIEN Business\" \/>\n<meta property=\"og:description\" content=\"Die Naef &amp; Partner AG hat ihren Verwaltungsrat erweitert. Insgesamt besteht er nun aus sieben Immobilienexperten.\" \/>\n<meta property=\"og:url\" content=\"https:\/\/www.immobilienbusiness.ch\/fr\/unternehmen\/2020-07-06\/naef-partner-vergroessert-den-verwaltungsrat\/\" \/>\n<meta property=\"og:site_name\" content=\"IMMOBILIEN Business\" \/>\n<meta property=\"article:publisher\" content=\"https:\/\/www.facebook.com\/immobilienbusiness\/\" \/>\n<meta property=\"article:published_time\" content=\"2020-07-06T05:27:20+00:00\" \/>\n<meta property=\"og:image\" content=\"https:\/\/www.immobilienbusiness.ch\/wp-content\/uploads\/2020\/06\/Gruppenbild_VR_NPAG-1024x683.jpg\" \/>\n\t<meta property=\"og:image:width\" content=\"1024\" \/>\n\t<meta property=\"og:image:height\" content=\"683\" \/>\n\t<meta property=\"og:image:type\" content=\"image\/jpeg\" \/>\n<meta name=\"author\" content=\"anja.hall\" \/>\n<meta name=\"twitter:card\" content=\"summary_large_image\" \/>\n<meta name=\"twitter:image\" content=\"https:\/\/www.immobilienbusiness.ch\/wp-content\/uploads\/2020\/06\/Gruppenbild_VR_NPAG.jpg\" \/>\n<script type=\"application\/ld+json\" class=\"yoast-schema-graph\">{\"@context\":\"https:\\\/\\\/schema.org\",\"@graph\":[{\"@type\":\"Article\",\"@id\":\"https:\\\/\\\/www.immobilienbusiness.ch\\\/de\\\/unternehmen\\\/2020-07-06\\\/naef-partner-vergroessert-den-verwaltungsrat\\\/#article\",\"isPartOf\":{\"@id\":\"https:\\\/\\\/www.immobilienbusiness.ch\\\/de\\\/unternehmen\\\/2020-07-06\\\/naef-partner-vergroessert-den-verwaltungsrat\\\/\"},\"author\":{\"name\":\"anja.hall\",\"@id\":\"https:\\\/\\\/www.immobilienbusiness.ch\\\/#\\\/schema\\\/person\\\/3fc036297b10b9f42d6db5ee932af8c8\"},\"headline\":\"Naef &#038; Partner vergr\u00f6ssert den Verwaltungsrat\",\"datePublished\":\"2020-07-06T05:27:20+00:00\",\"mainEntityOfPage\":{\"@id\":\"https:\\\/\\\/www.immobilienbusiness.ch\\\/de\\\/unternehmen\\\/2020-07-06\\\/naef-partner-vergroessert-den-verwaltungsrat\\\/\"},\"wordCount\":370,\"publisher\":{\"@id\":\"https:\\\/\\\/www.immobilienbusiness.ch\\\/#organization\"},\"image\":{\"@id\":\"https:\\\/\\\/www.immobilienbusiness.ch\\\/de\\\/unternehmen\\\/2020-07-06\\\/naef-partner-vergroessert-den-verwaltungsrat\\\/#primaryimage\"},\"thumbnailUrl\":\"https:\\\/\\\/www.immobilienbusiness.ch\\\/wp-content\\\/uploads\\\/2020\\\/06\\\/Gruppenbild_VR_NPAG.jpg\",\"keywords\":[\"Personalia\",\"Unternehmen\",\"Verwaltungsrat\"],\"articleSection\":[\"UNTERNEHMEN\"],\"inLanguage\":\"fr-FR\"},{\"@type\":\"WebPage\",\"@id\":\"https:\\\/\\\/www.immobilienbusiness.ch\\\/de\\\/unternehmen\\\/2020-07-06\\\/naef-partner-vergroessert-den-verwaltungsrat\\\/\",\"url\":\"https:\\\/\\\/www.immobilienbusiness.ch\\\/de\\\/unternehmen\\\/2020-07-06\\\/naef-partner-vergroessert-den-verwaltungsrat\\\/\",\"name\":\"Naef & Partner vergr\u00f6ssert den Verwaltungsrat - IMMOBILIEN Business\",\"isPartOf\":{\"@id\":\"https:\\\/\\\/www.immobilienbusiness.ch\\\/#website\"},\"primaryImageOfPage\":{\"@id\":\"https:\\\/\\\/www.immobilienbusiness.ch\\\/de\\\/unternehmen\\\/2020-07-06\\\/naef-partner-vergroessert-den-verwaltungsrat\\\/#primaryimage\"},\"image\":{\"@id\":\"https:\\\/\\\/www.immobilienbusiness.ch\\\/de\\\/unternehmen\\\/2020-07-06\\\/naef-partner-vergroessert-den-verwaltungsrat\\\/#primaryimage\"},\"thumbnailUrl\":\"https:\\\/\\\/www.immobilienbusiness.ch\\\/wp-content\\\/uploads\\\/2020\\\/06\\\/Gruppenbild_VR_NPAG.jpg\",\"datePublished\":\"2020-07-06T05:27:20+00:00\",\"description\":\"Die Naef & Partner AG hat ihren Verwaltungsrat erweitert. Insgesamt besteht er nun aus sieben Immobilienexperten.\",\"breadcrumb\":{\"@id\":\"https:\\\/\\\/www.immobilienbusiness.ch\\\/de\\\/unternehmen\\\/2020-07-06\\\/naef-partner-vergroessert-den-verwaltungsrat\\\/#breadcrumb\"},\"inLanguage\":\"fr-FR\",\"potentialAction\":[{\"@type\":\"ReadAction\",\"target\":[\"https:\\\/\\\/www.immobilienbusiness.ch\\\/de\\\/unternehmen\\\/2020-07-06\\\/naef-partner-vergroessert-den-verwaltungsrat\\\/\"]}]},{\"@type\":\"ImageObject\",\"inLanguage\":\"fr-FR\",\"@id\":\"https:\\\/\\\/www.immobilienbusiness.ch\\\/de\\\/unternehmen\\\/2020-07-06\\\/naef-partner-vergroessert-den-verwaltungsrat\\\/#primaryimage\",\"url\":\"https:\\\/\\\/www.immobilienbusiness.ch\\\/wp-content\\\/uploads\\\/2020\\\/06\\\/Gruppenbild_VR_NPAG.jpg\",\"contentUrl\":\"https:\\\/\\\/www.immobilienbusiness.ch\\\/wp-content\\\/uploads\\\/2020\\\/06\\\/Gruppenbild_VR_NPAG.jpg\",\"width\":2560,\"height\":1707,\"caption\":\"(Bild: Naef Partner AG)\"},{\"@type\":\"BreadcrumbList\",\"@id\":\"https:\\\/\\\/www.immobilienbusiness.ch\\\/de\\\/unternehmen\\\/2020-07-06\\\/naef-partner-vergroessert-den-verwaltungsrat\\\/#breadcrumb\",\"itemListElement\":[{\"@type\":\"ListItem\",\"position\":1,\"name\":\"Home\",\"item\":\"https:\\\/\\\/www.immobilienbusiness.ch\\\/\"},{\"@type\":\"ListItem\",\"position\":2,\"name\":\"Naef &#038; Partner vergr\u00f6ssert den Verwaltungsrat\"}]},{\"@type\":\"WebSite\",\"@id\":\"https:\\\/\\\/www.immobilienbusiness.ch\\\/#website\",\"url\":\"https:\\\/\\\/www.immobilienbusiness.ch\\\/\",\"name\":\"IMMOBILIEN Business\",\"description\":\"Unabh\u00e4ngiges Schweizer Wirtschaftsmagazin mit Fokus auf Immobilien, Architektur- und Bau sowie Investment- und Finanzierung.\",\"publisher\":{\"@id\":\"https:\\\/\\\/www.immobilienbusiness.ch\\\/#organization\"},\"potentialAction\":[{\"@type\":\"SearchAction\",\"target\":{\"@type\":\"EntryPoint\",\"urlTemplate\":\"https:\\\/\\\/www.immobilienbusiness.ch\\\/?s={search_term_string}\"},\"query-input\":{\"@type\":\"PropertyValueSpecification\",\"valueRequired\":true,\"valueName\":\"search_term_string\"}}],\"inLanguage\":\"fr-FR\"},{\"@type\":\"Organization\",\"@id\":\"https:\\\/\\\/www.immobilienbusiness.ch\\\/#organization\",\"name\":\"IMMOBILIEN Business\",\"url\":\"https:\\\/\\\/www.immobilienbusiness.ch\\\/\",\"logo\":{\"@type\":\"ImageObject\",\"inLanguage\":\"fr-FR\",\"@id\":\"https:\\\/\\\/www.immobilienbusiness.ch\\\/#\\\/schema\\\/logo\\\/image\\\/\",\"url\":\"https:\\\/\\\/www.immobilienbusiness.ch\\\/wp-content\\\/uploads\\\/2021\\\/07\\\/logo_ib.png\",\"contentUrl\":\"https:\\\/\\\/www.immobilienbusiness.ch\\\/wp-content\\\/uploads\\\/2021\\\/07\\\/logo_ib.png\",\"width\":800,\"height\":181,\"caption\":\"IMMOBILIEN Business\"},\"image\":{\"@id\":\"https:\\\/\\\/www.immobilienbusiness.ch\\\/#\\\/schema\\\/logo\\\/image\\\/\"},\"sameAs\":[\"https:\\\/\\\/www.facebook.com\\\/immobilienbusiness\\\/\"]},{\"@type\":\"Person\",\"@id\":\"https:\\\/\\\/www.immobilienbusiness.ch\\\/#\\\/schema\\\/person\\\/3fc036297b10b9f42d6db5ee932af8c8\",\"name\":\"anja.hall\",\"image\":{\"@type\":\"ImageObject\",\"inLanguage\":\"fr-FR\",\"@id\":\"https:\\\/\\\/secure.gravatar.com\\\/avatar\\\/066b5a0d447013502c71a5782f4f3469f03cfe595cc2329fb94652fe47511bfb?s=96&d=mm&r=g\",\"url\":\"https:\\\/\\\/secure.gravatar.com\\\/avatar\\\/066b5a0d447013502c71a5782f4f3469f03cfe595cc2329fb94652fe47511bfb?s=96&d=mm&r=g\",\"contentUrl\":\"https:\\\/\\\/secure.gravatar.com\\\/avatar\\\/066b5a0d447013502c71a5782f4f3469f03cfe595cc2329fb94652fe47511bfb?s=96&d=mm&r=g\",\"caption\":\"anja.hall\"},\"url\":\"https:\\\/\\\/www.immobilienbusiness.ch\\\/fr\\\/author\\\/anja-hall\\\/\"}]}<\/script>\n<!-- \/ Yoast SEO plugin. -->","yoast_head_json":{"title":"Naef & Partner vergr\u00f6ssert den Verwaltungsrat - IMMOBILIEN Business","description":"Naef &amp; Partner AG a \u00e9largi son conseil d'administration. Au total, il est d\u00e9sormais compos\u00e9 de sept experts en immobilier.","robots":{"index":"index","follow":"follow","max-snippet":"max-snippet:-1","max-image-preview":"max-image-preview:large","max-video-preview":"max-video-preview:-1"},"canonical":"https:\/\/www.immobilienbusiness.ch\/fr\/unternehmen\/2020-07-06\/naef-partner-vergroessert-den-verwaltungsrat\/","og_locale":"fr_FR","og_type":"article","og_title":"Naef & Partner vergr\u00f6ssert den Verwaltungsrat - IMMOBILIEN Business","og_description":"Die Naef & Partner AG hat ihren Verwaltungsrat erweitert. Insgesamt besteht er nun aus sieben Immobilienexperten.","og_url":"https:\/\/www.immobilienbusiness.ch\/fr\/unternehmen\/2020-07-06\/naef-partner-vergroessert-den-verwaltungsrat\/","og_site_name":"IMMOBILIEN Business","article_publisher":"https:\/\/www.facebook.com\/immobilienbusiness\/","article_published_time":"2020-07-06T05:27:20+00:00","og_image":[{"width":1024,"height":683,"url":"https:\/\/www.immobilienbusiness.ch\/wp-content\/uploads\/2020\/06\/Gruppenbild_VR_NPAG-1024x683.jpg","type":"image\/jpeg"}],"author":"anja.hall","twitter_card":"summary_large_image","twitter_image":"https:\/\/www.immobilienbusiness.ch\/wp-content\/uploads\/2020\/06\/Gruppenbild_VR_NPAG.jpg","schema":{"@context":"https:\/\/schema.org","@graph":[{"@type":"Article","@id":"https:\/\/www.immobilienbusiness.ch\/de\/unternehmen\/2020-07-06\/naef-partner-vergroessert-den-verwaltungsrat\/#article","isPartOf":{"@id":"https:\/\/www.immobilienbusiness.ch\/de\/unternehmen\/2020-07-06\/naef-partner-vergroessert-den-verwaltungsrat\/"},"author":{"name":"anja.hall","@id":"https:\/\/www.immobilienbusiness.ch\/#\/schema\/person\/3fc036297b10b9f42d6db5ee932af8c8"},"headline":"Naef &#038; Partner vergr\u00f6ssert den Verwaltungsrat","datePublished":"2020-07-06T05:27:20+00:00","mainEntityOfPage":{"@id":"https:\/\/www.immobilienbusiness.ch\/de\/unternehmen\/2020-07-06\/naef-partner-vergroessert-den-verwaltungsrat\/"},"wordCount":370,"publisher":{"@id":"https:\/\/www.immobilienbusiness.ch\/#organization"},"image":{"@id":"https:\/\/www.immobilienbusiness.ch\/de\/unternehmen\/2020-07-06\/naef-partner-vergroessert-den-verwaltungsrat\/#primaryimage"},"thumbnailUrl":"https:\/\/www.immobilienbusiness.ch\/wp-content\/uploads\/2020\/06\/Gruppenbild_VR_NPAG.jpg","keywords":["Personalia","Unternehmen","Verwaltungsrat"],"articleSection":["UNTERNEHMEN"],"inLanguage":"fr-FR"},{"@type":"WebPage","@id":"https:\/\/www.immobilienbusiness.ch\/de\/unternehmen\/2020-07-06\/naef-partner-vergroessert-den-verwaltungsrat\/","url":"https:\/\/www.immobilienbusiness.ch\/de\/unternehmen\/2020-07-06\/naef-partner-vergroessert-den-verwaltungsrat\/","name":"Naef & Partner vergr\u00f6ssert den Verwaltungsrat - IMMOBILIEN Business","isPartOf":{"@id":"https:\/\/www.immobilienbusiness.ch\/#website"},"primaryImageOfPage":{"@id":"https:\/\/www.immobilienbusiness.ch\/de\/unternehmen\/2020-07-06\/naef-partner-vergroessert-den-verwaltungsrat\/#primaryimage"},"image":{"@id":"https:\/\/www.immobilienbusiness.ch\/de\/unternehmen\/2020-07-06\/naef-partner-vergroessert-den-verwaltungsrat\/#primaryimage"},"thumbnailUrl":"https:\/\/www.immobilienbusiness.ch\/wp-content\/uploads\/2020\/06\/Gruppenbild_VR_NPAG.jpg","datePublished":"2020-07-06T05:27:20+00:00","description":"Naef &amp; Partner AG a \u00e9largi son conseil d'administration. Au total, il est d\u00e9sormais compos\u00e9 de sept experts en immobilier.","breadcrumb":{"@id":"https:\/\/www.immobilienbusiness.ch\/de\/unternehmen\/2020-07-06\/naef-partner-vergroessert-den-verwaltungsrat\/#breadcrumb"},"inLanguage":"fr-FR","potentialAction":[{"@type":"ReadAction","target":["https:\/\/www.immobilienbusiness.ch\/de\/unternehmen\/2020-07-06\/naef-partner-vergroessert-den-verwaltungsrat\/"]}]},{"@type":"ImageObject","inLanguage":"fr-FR","@id":"https:\/\/www.immobilienbusiness.ch\/de\/unternehmen\/2020-07-06\/naef-partner-vergroessert-den-verwaltungsrat\/#primaryimage","url":"https:\/\/www.immobilienbusiness.ch\/wp-content\/uploads\/2020\/06\/Gruppenbild_VR_NPAG.jpg","contentUrl":"https:\/\/www.immobilienbusiness.ch\/wp-content\/uploads\/2020\/06\/Gruppenbild_VR_NPAG.jpg","width":2560,"height":1707,"caption":"(Bild: Naef Partner AG)"},{"@type":"BreadcrumbList","@id":"https:\/\/www.immobilienbusiness.ch\/de\/unternehmen\/2020-07-06\/naef-partner-vergroessert-den-verwaltungsrat\/#breadcrumb","itemListElement":[{"@type":"ListItem","position":1,"name":"Home","item":"https:\/\/www.immobilienbusiness.ch\/"},{"@type":"ListItem","position":2,"name":"Naef &#038; Partner vergr\u00f6ssert den Verwaltungsrat"}]},{"@type":"WebSite","@id":"https:\/\/www.immobilienbusiness.ch\/#website","url":"https:\/\/www.immobilienbusiness.ch\/","name":"IMMOBILIER Business","description":"Magazine \u00e9conomique suisse ind\u00e9pendant ax\u00e9 sur l'immobilier, l'architecture et la construction ainsi que sur les investissements et le financement.","publisher":{"@id":"https:\/\/www.immobilienbusiness.ch\/#organization"},"potentialAction":[{"@type":"SearchAction","target":{"@type":"EntryPoint","urlTemplate":"https:\/\/www.immobilienbusiness.ch\/?s={search_term_string}"},"query-input":{"@type":"PropertyValueSpecification","valueRequired":true,"valueName":"search_term_string"}}],"inLanguage":"fr-FR"},{"@type":"Organization","@id":"https:\/\/www.immobilienbusiness.ch\/#organization","name":"IMMOBILIER Business","url":"https:\/\/www.immobilienbusiness.ch\/","logo":{"@type":"ImageObject","inLanguage":"fr-FR","@id":"https:\/\/www.immobilienbusiness.ch\/#\/schema\/logo\/image\/","url":"https:\/\/www.immobilienbusiness.ch\/wp-content\/uploads\/2021\/07\/logo_ib.png","contentUrl":"https:\/\/www.immobilienbusiness.ch\/wp-content\/uploads\/2021\/07\/logo_ib.png","width":800,"height":181,"caption":"IMMOBILIEN Business"},"image":{"@id":"https:\/\/www.immobilienbusiness.ch\/#\/schema\/logo\/image\/"},"sameAs":["https:\/\/www.facebook.com\/immobilienbusiness\/"]},{"@type":"Person","@id":"https:\/\/www.immobilienbusiness.ch\/#\/schema\/person\/3fc036297b10b9f42d6db5ee932af8c8","name":"anja.hall","image":{"@type":"ImageObject","inLanguage":"fr-FR","@id":"https:\/\/secure.gravatar.com\/avatar\/066b5a0d447013502c71a5782f4f3469f03cfe595cc2329fb94652fe47511bfb?s=96&d=mm&r=g","url":"https:\/\/secure.gravatar.com\/avatar\/066b5a0d447013502c71a5782f4f3469f03cfe595cc2329fb94652fe47511bfb?s=96&d=mm&r=g","contentUrl":"https:\/\/secure.gravatar.com\/avatar\/066b5a0d447013502c71a5782f4f3469f03cfe595cc2329fb94652fe47511bfb?s=96&d=mm&r=g","caption":"anja.hall"},"url":"https:\/\/www.immobilienbusiness.ch\/fr\/author\/anja-hall\/"}]}},"_links":{"self":[{"href":"https:\/\/www.immobilienbusiness.ch\/fr\/wp-json\/wp\/v2\/posts\/21688","targetHints":{"allow":["GET"]}}],"collection":[{"href":"https:\/\/www.immobilienbusiness.ch\/fr\/wp-json\/wp\/v2\/posts"}],"about":[{"href":"https:\/\/www.immobilienbusiness.ch\/fr\/wp-json\/wp\/v2\/types\/post"}],"author":[{"embeddable":true,"href":"https:\/\/www.immobilienbusiness.ch\/fr\/wp-json\/wp\/v2\/users\/3"}],"replies":[{"embeddable":true,"href":"https:\/\/www.immobilienbusiness.ch\/fr\/wp-json\/wp\/v2\/comments?post=21688"}],"version-history":[{"count":0,"href":"https:\/\/www.immobilienbusiness.ch\/fr\/wp-json\/wp\/v2\/posts\/21688\/revisions"}],"wp:featuredmedia":[{"embeddable":true,"href":"https:\/\/www.immobilienbusiness.ch\/fr\/wp-json\/wp\/v2\/media\/21690"}],"wp:attachment":[{"href":"https:\/\/www.immobilienbusiness.ch\/fr\/wp-json\/wp\/v2\/media?parent=21688"}],"wp:term":[{"taxonomy":"category","embeddable":true,"href":"https:\/\/www.immobilienbusiness.ch\/fr\/wp-json\/wp\/v2\/categories?post=21688"},{"taxonomy":"post_tag","embeddable":true,"href":"https:\/\/www.immobilienbusiness.ch\/fr\/wp-json\/wp\/v2\/tags?post=21688"}],"curies":[{"name":"wp","href":"https:\/\/api.w.org\/{rel}","templated":true}]}}