{"id":21512,"date":"2020-06-15T08:29:18","date_gmt":"2020-06-15T06:29:18","guid":{"rendered":"https:\/\/www.immobilienbusiness.ch\/?p=21512"},"modified":"2020-06-15T08:29:18","modified_gmt":"2020-06-15T06:29:18","slug":"basel-voltanord-nimmt-gestalt-an","status":"publish","type":"post","link":"https:\/\/www.immobilienbusiness.ch\/fr\/regionen\/2020-06-15\/basel-voltanord-nimmt-gestalt-an\/","title":{"rendered":"B\u00e2le : VoltaNord prend forme"},"content":{"rendered":"<figure id=\"attachment_21516\" aria-describedby=\"caption-attachment-21516\" style=\"width: 680px\" class=\"wp-caption alignnone\"><img loading=\"lazy\" decoding=\"async\" class=\"size-medium wp-image-21516\" src=\"https:\/\/www.immobilienbusiness.ch\/wp-content\/uploads\/2020\/06\/Bildschirmfoto-2020-06-12-um-11.42.29.png\" alt=\"\" width=\"680\" height=\"453\" srcset=\"https:\/\/www.immobilienbusiness.ch\/wp-content\/uploads\/2020\/06\/Bildschirmfoto-2020-06-12-um-11.42.29.png 1334w, https:\/\/www.immobilienbusiness.ch\/wp-content\/uploads\/2020\/06\/Bildschirmfoto-2020-06-12-um-11.42.29-300x200.png 300w, https:\/\/www.immobilienbusiness.ch\/wp-content\/uploads\/2020\/06\/Bildschirmfoto-2020-06-12-um-11.42.29-1024x682.png 1024w, https:\/\/www.immobilienbusiness.ch\/wp-content\/uploads\/2020\/06\/Bildschirmfoto-2020-06-12-um-11.42.29-768x511.png 768w, https:\/\/www.immobilienbusiness.ch\/wp-content\/uploads\/2020\/06\/Bildschirmfoto-2020-06-12-um-11.42.29-16x12.png 16w, https:\/\/www.immobilienbusiness.ch\/wp-content\/uploads\/2020\/06\/Bildschirmfoto-2020-06-12-um-11.42.29-263x175.png 263w, https:\/\/www.immobilienbusiness.ch\/wp-content\/uploads\/2020\/06\/Bildschirmfoto-2020-06-12-um-11.42.29-526x350.png 526w, https:\/\/www.immobilienbusiness.ch\/wp-content\/uploads\/2020\/06\/Bildschirmfoto-2020-06-12-um-11.42.29-1202x800.png 1202w, https:\/\/www.immobilienbusiness.ch\/wp-content\/uploads\/2020\/06\/Bildschirmfoto-2020-06-12-um-11.42.29-920x612.png 920w\" sizes=\"auto, (max-width: 680px) 100vw, 680px\" \/><figcaption id=\"caption-attachment-21516\" class=\"wp-caption-text\">Le site de VoltaNord doit \u00eatre construit (photo : PD)<\/figcaption><\/figure>\n<p>En 2019, le bureau de planification a organis\u00e9, en collaboration avec les deux propri\u00e9taires fonciers du site, CFF Immobilier et la commune municipale de B\u00e2le, repr\u00e9sent\u00e9e par l'agence immobili\u00e8re de B\u00e2le-Ville, un mandat d'\u00e9tude urbanistique avec sept \u00e9quipes de planification. L'accent a \u00e9t\u00e9 mis sur les concepts de construction et d'utilisation des nouveaux b\u00e2timents sur les \u00eelots 2, 4 et 5 ainsi que sur l'utilisation et l'am\u00e9nagement des espaces libres.<\/p>\n<p>Parmi les sept projets d'urbanisme pr\u00e9sent\u00e9s pour le site de VoltaNord, le comit\u00e9 d'\u00e9valuation a opt\u00e9 pour une synth\u00e8se de deux contributions (Jessenvollenweider Architekten, Studio DIA\/Johann Reble Architekt). Le d\u00e9veloppement est d\u00e9sormais clairement visible : Le c\u0153ur du nouveau quartier sera une place de quartier bord\u00e9e d'arbres avec un pavillon et une aire de jeux. Pour les terrains \u00e0 b\u00e2tir, il est pr\u00e9vu de r\u00e9aliser des constructions g\u00e9n\u00e9reuses en bordure d'\u00eelot avec des cours int\u00e9rieures vertes et communes, qui \u00e9largissent le quartier r\u00e9sidentiel existant de St. Johann vers le nord.<\/p>\n<p>Au total, le site accueillera 2.000 \u00e0 2.500 emplois ainsi que des logements pour environ 1.500 \u00e0 2.000 habitants, dont au moins deux tiers \u00e0 prix mod\u00e9r\u00e9s. Outre la place de quartier, un parc de quartier avec des espaces naturels et de d\u00e9tente sera cr\u00e9\u00e9 \u00e0 l'ouest du site, le long des voies ferr\u00e9es.<\/p>\n<h2>Les CFF pr\u00e9voient des logements et des commerces<\/h2>\n<p>Sur la parcelle des CFF (zone de construction 2), il est pr\u00e9vu de construire en bordure d'\u00eelot. Dans la partie nord de l'\u00eelot, des surfaces seront r\u00e9serv\u00e9es \u00e0 l'artisanat et aux services. Sur la Lysb\u00fcchelstrasse, les partenaires de planification visent une mixit\u00e9 d'utilisation enrichissante, l'accent \u00e9tant mis sur l'habitat.<\/p>\n<p>Les diff\u00e9rents b\u00e2timents sont en grande partie r\u00e9alis\u00e9s par les CFF en tant qu'investissement propre. Au moins 30% de la surface habitable r\u00e9alis\u00e9e est propos\u00e9e \u00e0 des ma\u00eetres d'ouvrage d'utilit\u00e9 publique pour la construction de logements \u00e0 prix mod\u00e9r\u00e9s en droit de superficie.<\/p>\n<h2>Logements \u00e0 prix mod\u00e9r\u00e9s sur des parcelles urbaines<\/h2>\n<p>Dans le prolongement direct du quartier existant, il est pr\u00e9vu de construire sur l'\u00eelot 4 un grand b\u00e2timent en bordure d'\u00eelot avec une cour int\u00e9rieure commune. La parcelle est principalement r\u00e9serv\u00e9e \u00e0 l'habitat, mais permet \u00e9galement d'autres utilisations li\u00e9es au quartier au rez-de-chauss\u00e9e. En tant que propri\u00e9taire du terrain, la commune municipale de B\u00e2le c\u00e9dera tous les b\u00e2timents de l'\u00eelot 4 \u00e0 des ma\u00eetres d'ouvrage d'utilit\u00e9 publique en droit de superficie pour la construction de logements \u00e0 prix mod\u00e9r\u00e9s.<\/p>\n<p>Sur l'\u00eelot 5, entre la place du quartier et la Els\u00e4sserstrasse, des logements \u00e0 prix mod\u00e9r\u00e9s seront \u00e9galement r\u00e9alis\u00e9s. Le mandat d'\u00e9tude n'a pas encore abouti \u00e0 un concept d'am\u00e9nagement d\u00e9finitif. C'est pourquoi l'Immobilier de B\u00e2le-Ville organisera un concours d'architecture s\u00e9par\u00e9 en 2020.<\/p>\n<h2>D\u00e9but de la construction \u00e0 partir de 2023<\/h2>\n<p>Pour les \u00eelots 2, 4 et 5, le bureau de planification \u00e9labore actuellement un plan d'am\u00e9nagement de deuxi\u00e8me \u00e9tape afin de garantir juridiquement le concept urbanistique. Pour la place de quartier, les architectes paysagistes Stauffer R\u00f6sch (\u00e9quipe Jessenvollenweider) \u00e9laboreront un avant-projet sur la base de leur projet gagnant. Pour l'am\u00e9nagement du parc de quartier situ\u00e9 \u00e0 l'ouest, le service municipal des espaces verts organise un concours de projets. Le d\u00e9but des travaux de tous les projets partiels est pr\u00e9vu pour 2023. <em>(M.ARR.)\u00a0<\/em><\/p>","protected":false},"excerpt":{"rendered":"<p>Le quartier b\u00e2lois de St. Johann devrait s'\u00e9tendre vers le nord dans les ann\u00e9es \u00e0 venir : un quartier mixte et vivant devrait voir le jour sur le site de VoltaNord. Apr\u00e8s le oui des \u00e9lecteurs b\u00e2lois au plan d'am\u00e9nagement VoltaNord, sept \u00e9quipes de planification ont \u00e9labor\u00e9 des concepts d'am\u00e9nagement et d'espace libre pour le site. <\/p>","protected":false},"author":3,"featured_media":21516,"comment_status":"closed","ping_status":"open","sticky":false,"template":"","format":"standard","meta":{"_acf_changed":false,"_yoast_wpseo_focuskw":"VoltaNord","_yoast_wpseo_title":"","_yoast_wpseo_metadesc":"Auf dem Areal VoltaNord in Basel soll ein neuer Stadtteil entstehen. Sieben Planungsteams haben Bebauungs- und Freiraumkonzepte f\u00fcr das Areal erarbeitet.","_yoast_wpseo_linkdex":61,"pgc_sgb_lightbox_settings":"","footnotes":""},"categories":[985],"tags":[1069,1600,1863],"class_list":["post-21512","post","type-post","status-publish","format-standard","has-post-thumbnail","hentry","category-regionen","tag-basel","tag-projekt-in-planung","tag-wohnimmobilien"],"acf":[],"yoast_head":"<!-- This site is optimized with the Yoast SEO plugin v27.5 - https:\/\/yoast.com\/product\/yoast-seo-wordpress\/ -->\n<title>Basel: VoltaNord nimmt Gestalt an - IMMOBILIEN Business<\/title>\n<meta name=\"description\" content=\"Auf dem Areal VoltaNord in Basel soll ein neuer Stadtteil entstehen. Sieben Planungsteams haben Bebauungs- und Freiraumkonzepte f\u00fcr das Areal erarbeitet.\" \/>\n<meta name=\"robots\" content=\"index, follow, max-snippet:-1, max-image-preview:large, max-video-preview:-1\" \/>\n<link rel=\"canonical\" href=\"https:\/\/www.immobilienbusiness.ch\/fr\/regionen\/2020-06-15\/basel-voltanord-nimmt-gestalt-an\/\" \/>\n<meta property=\"og:locale\" content=\"fr_FR\" \/>\n<meta property=\"og:type\" content=\"article\" \/>\n<meta property=\"og:title\" content=\"Basel: VoltaNord nimmt Gestalt an - IMMOBILIEN Business\" \/>\n<meta property=\"og:description\" content=\"Auf dem Areal VoltaNord in Basel soll ein neuer Stadtteil entstehen. Sieben Planungsteams haben Bebauungs- und Freiraumkonzepte f\u00fcr das Areal erarbeitet.\" \/>\n<meta property=\"og:url\" content=\"https:\/\/www.immobilienbusiness.ch\/fr\/regionen\/2020-06-15\/basel-voltanord-nimmt-gestalt-an\/\" \/>\n<meta property=\"og:site_name\" content=\"IMMOBILIEN Business\" \/>\n<meta property=\"article:publisher\" content=\"https:\/\/www.facebook.com\/immobilienbusiness\/\" \/>\n<meta property=\"article:published_time\" content=\"2020-06-15T06:29:18+00:00\" \/>\n<meta property=\"og:image\" content=\"https:\/\/www.immobilienbusiness.ch\/wp-content\/uploads\/2020\/06\/Bildschirmfoto-2020-06-12-um-11.42.29.png\" \/>\n\t<meta property=\"og:image:width\" content=\"1334\" \/>\n\t<meta property=\"og:image:height\" content=\"888\" \/>\n\t<meta property=\"og:image:type\" content=\"image\/png\" \/>\n<meta name=\"author\" content=\"anja.hall\" \/>\n<meta name=\"twitter:card\" content=\"summary_large_image\" \/>\n<meta name=\"twitter:image\" content=\"https:\/\/www.immobilienbusiness.ch\/wp-content\/uploads\/2020\/06\/Bildschirmfoto-2020-06-12-um-11.42.29.png\" \/>\n<script type=\"application\/ld+json\" class=\"yoast-schema-graph\">{\"@context\":\"https:\\\/\\\/schema.org\",\"@graph\":[{\"@type\":\"Article\",\"@id\":\"https:\\\/\\\/www.immobilienbusiness.ch\\\/en\\\/regionen\\\/2020-06-15\\\/basel-voltanord-nimmt-gestalt-an\\\/#article\",\"isPartOf\":{\"@id\":\"https:\\\/\\\/www.immobilienbusiness.ch\\\/en\\\/regionen\\\/2020-06-15\\\/basel-voltanord-nimmt-gestalt-an\\\/\"},\"author\":{\"name\":\"anja.hall\",\"@id\":\"https:\\\/\\\/www.immobilienbusiness.ch\\\/#\\\/schema\\\/person\\\/3fc036297b10b9f42d6db5ee932af8c8\"},\"headline\":\"Basel: VoltaNord nimmt Gestalt an\",\"datePublished\":\"2020-06-15T06:29:18+00:00\",\"mainEntityOfPage\":{\"@id\":\"https:\\\/\\\/www.immobilienbusiness.ch\\\/en\\\/regionen\\\/2020-06-15\\\/basel-voltanord-nimmt-gestalt-an\\\/\"},\"wordCount\":447,\"publisher\":{\"@id\":\"https:\\\/\\\/www.immobilienbusiness.ch\\\/#organization\"},\"image\":{\"@id\":\"https:\\\/\\\/www.immobilienbusiness.ch\\\/en\\\/regionen\\\/2020-06-15\\\/basel-voltanord-nimmt-gestalt-an\\\/#primaryimage\"},\"thumbnailUrl\":\"https:\\\/\\\/www.immobilienbusiness.ch\\\/wp-content\\\/uploads\\\/2020\\\/06\\\/Bildschirmfoto-2020-06-12-um-11.42.29.png\",\"keywords\":[\"Basel\",\"Projekt in Planung\",\"Wohnimmobilien\"],\"articleSection\":[\"REGIONEN\"],\"inLanguage\":\"fr-FR\"},{\"@type\":\"WebPage\",\"@id\":\"https:\\\/\\\/www.immobilienbusiness.ch\\\/en\\\/regionen\\\/2020-06-15\\\/basel-voltanord-nimmt-gestalt-an\\\/\",\"url\":\"https:\\\/\\\/www.immobilienbusiness.ch\\\/en\\\/regionen\\\/2020-06-15\\\/basel-voltanord-nimmt-gestalt-an\\\/\",\"name\":\"Basel: VoltaNord nimmt Gestalt an - IMMOBILIEN Business\",\"isPartOf\":{\"@id\":\"https:\\\/\\\/www.immobilienbusiness.ch\\\/#website\"},\"primaryImageOfPage\":{\"@id\":\"https:\\\/\\\/www.immobilienbusiness.ch\\\/en\\\/regionen\\\/2020-06-15\\\/basel-voltanord-nimmt-gestalt-an\\\/#primaryimage\"},\"image\":{\"@id\":\"https:\\\/\\\/www.immobilienbusiness.ch\\\/en\\\/regionen\\\/2020-06-15\\\/basel-voltanord-nimmt-gestalt-an\\\/#primaryimage\"},\"thumbnailUrl\":\"https:\\\/\\\/www.immobilienbusiness.ch\\\/wp-content\\\/uploads\\\/2020\\\/06\\\/Bildschirmfoto-2020-06-12-um-11.42.29.png\",\"datePublished\":\"2020-06-15T06:29:18+00:00\",\"description\":\"Auf dem Areal VoltaNord in Basel soll ein neuer Stadtteil entstehen. Sieben Planungsteams haben Bebauungs- und Freiraumkonzepte f\u00fcr das Areal erarbeitet.\",\"breadcrumb\":{\"@id\":\"https:\\\/\\\/www.immobilienbusiness.ch\\\/en\\\/regionen\\\/2020-06-15\\\/basel-voltanord-nimmt-gestalt-an\\\/#breadcrumb\"},\"inLanguage\":\"fr-FR\",\"potentialAction\":[{\"@type\":\"ReadAction\",\"target\":[\"https:\\\/\\\/www.immobilienbusiness.ch\\\/en\\\/regionen\\\/2020-06-15\\\/basel-voltanord-nimmt-gestalt-an\\\/\"]}]},{\"@type\":\"ImageObject\",\"inLanguage\":\"fr-FR\",\"@id\":\"https:\\\/\\\/www.immobilienbusiness.ch\\\/en\\\/regionen\\\/2020-06-15\\\/basel-voltanord-nimmt-gestalt-an\\\/#primaryimage\",\"url\":\"https:\\\/\\\/www.immobilienbusiness.ch\\\/wp-content\\\/uploads\\\/2020\\\/06\\\/Bildschirmfoto-2020-06-12-um-11.42.29.png\",\"contentUrl\":\"https:\\\/\\\/www.immobilienbusiness.ch\\\/wp-content\\\/uploads\\\/2020\\\/06\\\/Bildschirmfoto-2020-06-12-um-11.42.29.png\",\"width\":1334,\"height\":888,\"caption\":\"Das Areal VoltaNord soll \u00fcberbauut werden (Bild: PD)\"},{\"@type\":\"BreadcrumbList\",\"@id\":\"https:\\\/\\\/www.immobilienbusiness.ch\\\/en\\\/regionen\\\/2020-06-15\\\/basel-voltanord-nimmt-gestalt-an\\\/#breadcrumb\",\"itemListElement\":[{\"@type\":\"ListItem\",\"position\":1,\"name\":\"Home\",\"item\":\"https:\\\/\\\/www.immobilienbusiness.ch\\\/\"},{\"@type\":\"ListItem\",\"position\":2,\"name\":\"Basel: VoltaNord nimmt Gestalt an\"}]},{\"@type\":\"WebSite\",\"@id\":\"https:\\\/\\\/www.immobilienbusiness.ch\\\/#website\",\"url\":\"https:\\\/\\\/www.immobilienbusiness.ch\\\/\",\"name\":\"IMMOBILIEN Business\",\"description\":\"Unabh\u00e4ngiges Schweizer Wirtschaftsmagazin mit Fokus auf Immobilien, Architektur- und Bau sowie Investment- und Finanzierung.\",\"publisher\":{\"@id\":\"https:\\\/\\\/www.immobilienbusiness.ch\\\/#organization\"},\"potentialAction\":[{\"@type\":\"SearchAction\",\"target\":{\"@type\":\"EntryPoint\",\"urlTemplate\":\"https:\\\/\\\/www.immobilienbusiness.ch\\\/?s={search_term_string}\"},\"query-input\":{\"@type\":\"PropertyValueSpecification\",\"valueRequired\":true,\"valueName\":\"search_term_string\"}}],\"inLanguage\":\"fr-FR\"},{\"@type\":\"Organization\",\"@id\":\"https:\\\/\\\/www.immobilienbusiness.ch\\\/#organization\",\"name\":\"IMMOBILIEN Business\",\"url\":\"https:\\\/\\\/www.immobilienbusiness.ch\\\/\",\"logo\":{\"@type\":\"ImageObject\",\"inLanguage\":\"fr-FR\",\"@id\":\"https:\\\/\\\/www.immobilienbusiness.ch\\\/#\\\/schema\\\/logo\\\/image\\\/\",\"url\":\"https:\\\/\\\/www.immobilienbusiness.ch\\\/wp-content\\\/uploads\\\/2021\\\/07\\\/logo_ib.png\",\"contentUrl\":\"https:\\\/\\\/www.immobilienbusiness.ch\\\/wp-content\\\/uploads\\\/2021\\\/07\\\/logo_ib.png\",\"width\":800,\"height\":181,\"caption\":\"IMMOBILIEN Business\"},\"image\":{\"@id\":\"https:\\\/\\\/www.immobilienbusiness.ch\\\/#\\\/schema\\\/logo\\\/image\\\/\"},\"sameAs\":[\"https:\\\/\\\/www.facebook.com\\\/immobilienbusiness\\\/\"]},{\"@type\":\"Person\",\"@id\":\"https:\\\/\\\/www.immobilienbusiness.ch\\\/#\\\/schema\\\/person\\\/3fc036297b10b9f42d6db5ee932af8c8\",\"name\":\"anja.hall\",\"image\":{\"@type\":\"ImageObject\",\"inLanguage\":\"fr-FR\",\"@id\":\"https:\\\/\\\/secure.gravatar.com\\\/avatar\\\/066b5a0d447013502c71a5782f4f3469f03cfe595cc2329fb94652fe47511bfb?s=96&d=mm&r=g\",\"url\":\"https:\\\/\\\/secure.gravatar.com\\\/avatar\\\/066b5a0d447013502c71a5782f4f3469f03cfe595cc2329fb94652fe47511bfb?s=96&d=mm&r=g\",\"contentUrl\":\"https:\\\/\\\/secure.gravatar.com\\\/avatar\\\/066b5a0d447013502c71a5782f4f3469f03cfe595cc2329fb94652fe47511bfb?s=96&d=mm&r=g\",\"caption\":\"anja.hall\"},\"url\":\"https:\\\/\\\/www.immobilienbusiness.ch\\\/fr\\\/author\\\/anja-hall\\\/\"}]}<\/script>\n<!-- \/ Yoast SEO plugin. -->","yoast_head_json":{"title":"Basel: VoltaNord nimmt Gestalt an - IMMOBILIEN Business","description":"Auf dem Areal VoltaNord in Basel soll ein neuer Stadtteil entstehen. Sieben Planungsteams haben Bebauungs- und Freiraumkonzepte f\u00fcr das Areal erarbeitet.","robots":{"index":"index","follow":"follow","max-snippet":"max-snippet:-1","max-image-preview":"max-image-preview:large","max-video-preview":"max-video-preview:-1"},"canonical":"https:\/\/www.immobilienbusiness.ch\/fr\/regionen\/2020-06-15\/basel-voltanord-nimmt-gestalt-an\/","og_locale":"fr_FR","og_type":"article","og_title":"Basel: VoltaNord nimmt Gestalt an - IMMOBILIEN Business","og_description":"Auf dem Areal VoltaNord in Basel soll ein neuer Stadtteil entstehen. Sieben Planungsteams haben Bebauungs- und Freiraumkonzepte f\u00fcr das Areal erarbeitet.","og_url":"https:\/\/www.immobilienbusiness.ch\/fr\/regionen\/2020-06-15\/basel-voltanord-nimmt-gestalt-an\/","og_site_name":"IMMOBILIEN Business","article_publisher":"https:\/\/www.facebook.com\/immobilienbusiness\/","article_published_time":"2020-06-15T06:29:18+00:00","og_image":[{"width":1334,"height":888,"url":"https:\/\/www.immobilienbusiness.ch\/wp-content\/uploads\/2020\/06\/Bildschirmfoto-2020-06-12-um-11.42.29.png","type":"image\/png"}],"author":"anja.hall","twitter_card":"summary_large_image","twitter_image":"https:\/\/www.immobilienbusiness.ch\/wp-content\/uploads\/2020\/06\/Bildschirmfoto-2020-06-12-um-11.42.29.png","schema":{"@context":"https:\/\/schema.org","@graph":[{"@type":"Article","@id":"https:\/\/www.immobilienbusiness.ch\/en\/regionen\/2020-06-15\/basel-voltanord-nimmt-gestalt-an\/#article","isPartOf":{"@id":"https:\/\/www.immobilienbusiness.ch\/en\/regionen\/2020-06-15\/basel-voltanord-nimmt-gestalt-an\/"},"author":{"name":"anja.hall","@id":"https:\/\/www.immobilienbusiness.ch\/#\/schema\/person\/3fc036297b10b9f42d6db5ee932af8c8"},"headline":"Basel: VoltaNord nimmt Gestalt an","datePublished":"2020-06-15T06:29:18+00:00","mainEntityOfPage":{"@id":"https:\/\/www.immobilienbusiness.ch\/en\/regionen\/2020-06-15\/basel-voltanord-nimmt-gestalt-an\/"},"wordCount":447,"publisher":{"@id":"https:\/\/www.immobilienbusiness.ch\/#organization"},"image":{"@id":"https:\/\/www.immobilienbusiness.ch\/en\/regionen\/2020-06-15\/basel-voltanord-nimmt-gestalt-an\/#primaryimage"},"thumbnailUrl":"https:\/\/www.immobilienbusiness.ch\/wp-content\/uploads\/2020\/06\/Bildschirmfoto-2020-06-12-um-11.42.29.png","keywords":["Basel","Projekt in Planung","Wohnimmobilien"],"articleSection":["REGIONEN"],"inLanguage":"fr-FR"},{"@type":"WebPage","@id":"https:\/\/www.immobilienbusiness.ch\/en\/regionen\/2020-06-15\/basel-voltanord-nimmt-gestalt-an\/","url":"https:\/\/www.immobilienbusiness.ch\/en\/regionen\/2020-06-15\/basel-voltanord-nimmt-gestalt-an\/","name":"Basel: VoltaNord nimmt Gestalt an - IMMOBILIEN Business","isPartOf":{"@id":"https:\/\/www.immobilienbusiness.ch\/#website"},"primaryImageOfPage":{"@id":"https:\/\/www.immobilienbusiness.ch\/en\/regionen\/2020-06-15\/basel-voltanord-nimmt-gestalt-an\/#primaryimage"},"image":{"@id":"https:\/\/www.immobilienbusiness.ch\/en\/regionen\/2020-06-15\/basel-voltanord-nimmt-gestalt-an\/#primaryimage"},"thumbnailUrl":"https:\/\/www.immobilienbusiness.ch\/wp-content\/uploads\/2020\/06\/Bildschirmfoto-2020-06-12-um-11.42.29.png","datePublished":"2020-06-15T06:29:18+00:00","description":"Auf dem Areal VoltaNord in Basel soll ein neuer Stadtteil entstehen. Sieben Planungsteams haben Bebauungs- und Freiraumkonzepte f\u00fcr das Areal erarbeitet.","breadcrumb":{"@id":"https:\/\/www.immobilienbusiness.ch\/en\/regionen\/2020-06-15\/basel-voltanord-nimmt-gestalt-an\/#breadcrumb"},"inLanguage":"fr-FR","potentialAction":[{"@type":"ReadAction","target":["https:\/\/www.immobilienbusiness.ch\/en\/regionen\/2020-06-15\/basel-voltanord-nimmt-gestalt-an\/"]}]},{"@type":"ImageObject","inLanguage":"fr-FR","@id":"https:\/\/www.immobilienbusiness.ch\/en\/regionen\/2020-06-15\/basel-voltanord-nimmt-gestalt-an\/#primaryimage","url":"https:\/\/www.immobilienbusiness.ch\/wp-content\/uploads\/2020\/06\/Bildschirmfoto-2020-06-12-um-11.42.29.png","contentUrl":"https:\/\/www.immobilienbusiness.ch\/wp-content\/uploads\/2020\/06\/Bildschirmfoto-2020-06-12-um-11.42.29.png","width":1334,"height":888,"caption":"Das Areal VoltaNord soll \u00fcberbauut werden (Bild: PD)"},{"@type":"BreadcrumbList","@id":"https:\/\/www.immobilienbusiness.ch\/en\/regionen\/2020-06-15\/basel-voltanord-nimmt-gestalt-an\/#breadcrumb","itemListElement":[{"@type":"ListItem","position":1,"name":"Home","item":"https:\/\/www.immobilienbusiness.ch\/"},{"@type":"ListItem","position":2,"name":"Basel: VoltaNord nimmt Gestalt an"}]},{"@type":"WebSite","@id":"https:\/\/www.immobilienbusiness.ch\/#website","url":"https:\/\/www.immobilienbusiness.ch\/","name":"IMMOBILIER Business","description":"Magazine \u00e9conomique suisse ind\u00e9pendant ax\u00e9 sur l'immobilier, l'architecture et la construction ainsi que sur les investissements et le financement.","publisher":{"@id":"https:\/\/www.immobilienbusiness.ch\/#organization"},"potentialAction":[{"@type":"SearchAction","target":{"@type":"EntryPoint","urlTemplate":"https:\/\/www.immobilienbusiness.ch\/?s={search_term_string}"},"query-input":{"@type":"PropertyValueSpecification","valueRequired":true,"valueName":"search_term_string"}}],"inLanguage":"fr-FR"},{"@type":"Organization","@id":"https:\/\/www.immobilienbusiness.ch\/#organization","name":"IMMOBILIER Business","url":"https:\/\/www.immobilienbusiness.ch\/","logo":{"@type":"ImageObject","inLanguage":"fr-FR","@id":"https:\/\/www.immobilienbusiness.ch\/#\/schema\/logo\/image\/","url":"https:\/\/www.immobilienbusiness.ch\/wp-content\/uploads\/2021\/07\/logo_ib.png","contentUrl":"https:\/\/www.immobilienbusiness.ch\/wp-content\/uploads\/2021\/07\/logo_ib.png","width":800,"height":181,"caption":"IMMOBILIEN Business"},"image":{"@id":"https:\/\/www.immobilienbusiness.ch\/#\/schema\/logo\/image\/"},"sameAs":["https:\/\/www.facebook.com\/immobilienbusiness\/"]},{"@type":"Person","@id":"https:\/\/www.immobilienbusiness.ch\/#\/schema\/person\/3fc036297b10b9f42d6db5ee932af8c8","name":"anja.hall","image":{"@type":"ImageObject","inLanguage":"fr-FR","@id":"https:\/\/secure.gravatar.com\/avatar\/066b5a0d447013502c71a5782f4f3469f03cfe595cc2329fb94652fe47511bfb?s=96&d=mm&r=g","url":"https:\/\/secure.gravatar.com\/avatar\/066b5a0d447013502c71a5782f4f3469f03cfe595cc2329fb94652fe47511bfb?s=96&d=mm&r=g","contentUrl":"https:\/\/secure.gravatar.com\/avatar\/066b5a0d447013502c71a5782f4f3469f03cfe595cc2329fb94652fe47511bfb?s=96&d=mm&r=g","caption":"anja.hall"},"url":"https:\/\/www.immobilienbusiness.ch\/fr\/author\/anja-hall\/"}]}},"_links":{"self":[{"href":"https:\/\/www.immobilienbusiness.ch\/fr\/wp-json\/wp\/v2\/posts\/21512","targetHints":{"allow":["GET"]}}],"collection":[{"href":"https:\/\/www.immobilienbusiness.ch\/fr\/wp-json\/wp\/v2\/posts"}],"about":[{"href":"https:\/\/www.immobilienbusiness.ch\/fr\/wp-json\/wp\/v2\/types\/post"}],"author":[{"embeddable":true,"href":"https:\/\/www.immobilienbusiness.ch\/fr\/wp-json\/wp\/v2\/users\/3"}],"replies":[{"embeddable":true,"href":"https:\/\/www.immobilienbusiness.ch\/fr\/wp-json\/wp\/v2\/comments?post=21512"}],"version-history":[{"count":0,"href":"https:\/\/www.immobilienbusiness.ch\/fr\/wp-json\/wp\/v2\/posts\/21512\/revisions"}],"wp:featuredmedia":[{"embeddable":true,"href":"https:\/\/www.immobilienbusiness.ch\/fr\/wp-json\/wp\/v2\/media\/21516"}],"wp:attachment":[{"href":"https:\/\/www.immobilienbusiness.ch\/fr\/wp-json\/wp\/v2\/media?parent=21512"}],"wp:term":[{"taxonomy":"category","embeddable":true,"href":"https:\/\/www.immobilienbusiness.ch\/fr\/wp-json\/wp\/v2\/categories?post=21512"},{"taxonomy":"post_tag","embeddable":true,"href":"https:\/\/www.immobilienbusiness.ch\/fr\/wp-json\/wp\/v2\/tags?post=21512"}],"curies":[{"name":"wp","href":"https:\/\/api.w.org\/{rel}","templated":true}]}}