{"id":21384,"date":"2020-06-03T08:56:26","date_gmt":"2020-06-03T06:56:26","guid":{"rendered":"https:\/\/www.immobilienbusiness.ch\/?p=21384"},"modified":"2020-06-03T08:56:26","modified_gmt":"2020-06-03T06:56:26","slug":"swiss-life-am-kauft-hauptsitz-der-deutschen-boerse","status":"publish","type":"post","link":"https:\/\/www.immobilienbusiness.ch\/fr\/unternehmen\/2020-06-03\/swiss-life-am-kauft-hauptsitz-der-deutschen-boerse\/","title":{"rendered":"Swiss Life AM ach\u00e8te le si\u00e8ge de la Deutsche B\u00f6rse"},"content":{"rendered":"<figure id=\"attachment_12720\" aria-describedby=\"caption-attachment-12720\" style=\"width: 680px\" class=\"wp-caption alignnone\"><img loading=\"lazy\" decoding=\"async\" class=\"size-medium wp-image-12720\" src=\"https:\/\/www.immobilienbusiness.ch\/wp-content\/uploads\/2018\/05\/Depositphotos_10731136_m-2015.jpg\" alt=\"\" width=\"680\" height=\"454\" srcset=\"https:\/\/www.immobilienbusiness.ch\/wp-content\/uploads\/2018\/05\/Depositphotos_10731136_m-2015.jpg 1000w, https:\/\/www.immobilienbusiness.ch\/wp-content\/uploads\/2018\/05\/Depositphotos_10731136_m-2015-300x200.jpg 300w, https:\/\/www.immobilienbusiness.ch\/wp-content\/uploads\/2018\/05\/Depositphotos_10731136_m-2015-768x512.jpg 768w, https:\/\/www.immobilienbusiness.ch\/wp-content\/uploads\/2018\/05\/Depositphotos_10731136_m-2015-16x12.jpg 16w, https:\/\/www.immobilienbusiness.ch\/wp-content\/uploads\/2018\/05\/Depositphotos_10731136_m-2015-262x175.jpg 262w, https:\/\/www.immobilienbusiness.ch\/wp-content\/uploads\/2018\/05\/Depositphotos_10731136_m-2015-525x350.jpg 525w, https:\/\/www.immobilienbusiness.ch\/wp-content\/uploads\/2018\/05\/Depositphotos_10731136_m-2015-920x614.jpg 920w\" sizes=\"auto, (max-width: 680px) 100vw, 680px\" \/><figcaption id=\"caption-attachment-12720\" class=\"wp-caption-text\">Swiss Life AM fait une acquisition \u00e0 Eschborn (photo : pressmaster - depositphotos)<\/figcaption><\/figure>\n<p>Le vendeur de l'immeuble de bureaux de 23 \u00e9tages est la Signa Holding GmbH. Le seul locataire de The Cube est la Deutsche B\u00f6rse, qui y a install\u00e9 son si\u00e8ge social depuis 2010. Selon un communiqu\u00e9 de Swiss Life AM, la signature a d\u00e9j\u00e0 eu lieu en d\u00e9cembre 2019 ; il a \u00e9t\u00e9 convenu de ne pas divulguer le prix d'achat. Selon le communiqu\u00e9, le Cube est transf\u00e9r\u00e9 \u00e0 la nouvelle entit\u00e9 luxembourgeoise German Office Landmark Properties Holding S.\u00e0.r.l. La soci\u00e9t\u00e9 a \u00e9t\u00e9 cr\u00e9\u00e9e en 2009.<\/p>\n<p>The Cube a une surface brute de 53.000 m\u00b2 et se situe \u00e0 Eschborn, pr\u00e8s de Francfort. Eschborn est consid\u00e9r\u00e9 comme un site de bureaux important dans la r\u00e9gion Rhin-Main et est bien reli\u00e9 \u00e0 l'a\u00e9roport de Francfort. Lors de son ach\u00e8vement en 2010, l'immeuble \u00e9tait le premier gratte-ciel d'Allemagne \u00e0 obtenir la certification LEED Platinum.<\/p>\n<p>Le Cube convainc en tant que package global, explique Konstantin H\u00e4hndel, Head Portfolio Management PAM (Proprietary Insurance Asset Management) chez Swiss Life Asset Managers Allemagne. \"L'excellent emplacement \u00e0 Eschborn, un locataire de premier ordre avec une solvabilit\u00e9 de pointe et un rendement \u00e0 tr\u00e8s long terme\". Selon lui, cela fait de cette acquisition un tr\u00e8s bon investissement, surtout en cette p\u00e9riode de volatilit\u00e9 du march\u00e9. <em>(ah)<\/em><\/p>","protected":false},"excerpt":{"rendered":"<p>Swiss Life AM a acquis la tour de bureaux The Cube \u00e0 Eschborn. L'immeuble est le si\u00e8ge de la Deutsche B\u00f6rse AG.<\/p>","protected":false},"author":3,"featured_media":12720,"comment_status":"closed","ping_status":"open","sticky":false,"template":"","format":"standard","meta":{"_acf_changed":false,"_yoast_wpseo_focuskw":"Swiss Life AM","_yoast_wpseo_title":"","_yoast_wpseo_metadesc":"Swiss Life AM hat das B\u00fcrohochhaus The Cube in Eschborn erworben. Die Liegenschaft ist der Hauptsitz der Deutsche B\u00f6rse AG.","_yoast_wpseo_linkdex":50,"pgc_sgb_lightbox_settings":"","footnotes":""},"categories":[988],"tags":[1119,1166,1348,1757],"class_list":["post-21384","post","type-post","status-publish","format-standard","has-post-thumbnail","hentry","category-unternehmen","tag-bueroimmobilien","tag-deutschland","tag-immobilienkauf","tag-swiss-life-am"],"acf":[],"yoast_head":"<!-- This site is optimized with the Yoast SEO plugin v27.4 - https:\/\/yoast.com\/product\/yoast-seo-wordpress\/ -->\n<title>Swiss Life AM kauft Hauptsitz der Deutschen B\u00f6rse - IMMOBILIEN Business<\/title>\n<meta name=\"description\" content=\"Swiss Life AM hat das B\u00fcrohochhaus The Cube in Eschborn erworben. Die Liegenschaft ist der Hauptsitz der Deutsche B\u00f6rse AG.\" \/>\n<meta name=\"robots\" content=\"index, follow, max-snippet:-1, max-image-preview:large, max-video-preview:-1\" \/>\n<link rel=\"canonical\" href=\"https:\/\/www.immobilienbusiness.ch\/fr\/unternehmen\/2020-06-03\/swiss-life-am-kauft-hauptsitz-der-deutschen-boerse\/\" \/>\n<meta property=\"og:locale\" content=\"fr_FR\" \/>\n<meta property=\"og:type\" content=\"article\" \/>\n<meta property=\"og:title\" content=\"Swiss Life AM kauft Hauptsitz der Deutschen B\u00f6rse - IMMOBILIEN Business\" \/>\n<meta property=\"og:description\" content=\"Swiss Life AM hat das B\u00fcrohochhaus The Cube in Eschborn erworben. Die Liegenschaft ist der Hauptsitz der Deutsche B\u00f6rse AG.\" \/>\n<meta property=\"og:url\" content=\"https:\/\/www.immobilienbusiness.ch\/fr\/unternehmen\/2020-06-03\/swiss-life-am-kauft-hauptsitz-der-deutschen-boerse\/\" \/>\n<meta property=\"og:site_name\" content=\"IMMOBILIEN Business\" \/>\n<meta property=\"article:publisher\" content=\"https:\/\/www.facebook.com\/immobilienbusiness\/\" \/>\n<meta property=\"article:published_time\" content=\"2020-06-03T06:56:26+00:00\" \/>\n<meta property=\"og:image\" content=\"https:\/\/www.immobilienbusiness.ch\/wp-content\/uploads\/2018\/05\/Depositphotos_10731136_m-2015.jpg\" \/>\n\t<meta property=\"og:image:width\" content=\"1000\" \/>\n\t<meta property=\"og:image:height\" content=\"667\" \/>\n\t<meta property=\"og:image:type\" content=\"image\/jpeg\" \/>\n<meta name=\"author\" content=\"anja.hall\" \/>\n<meta name=\"twitter:card\" content=\"summary_large_image\" \/>\n<meta name=\"twitter:image\" content=\"https:\/\/www.immobilienbusiness.ch\/wp-content\/uploads\/2018\/05\/Depositphotos_10731136_m-2015.jpg\" \/>\n<script type=\"application\/ld+json\" class=\"yoast-schema-graph\">{\"@context\":\"https:\\\/\\\/schema.org\",\"@graph\":[{\"@type\":\"Article\",\"@id\":\"https:\\\/\\\/www.immobilienbusiness.ch\\\/de\\\/unternehmen\\\/2020-06-03\\\/swiss-life-am-kauft-hauptsitz-der-deutschen-boerse\\\/#article\",\"isPartOf\":{\"@id\":\"https:\\\/\\\/www.immobilienbusiness.ch\\\/de\\\/unternehmen\\\/2020-06-03\\\/swiss-life-am-kauft-hauptsitz-der-deutschen-boerse\\\/\"},\"author\":{\"name\":\"anja.hall\",\"@id\":\"https:\\\/\\\/www.immobilienbusiness.ch\\\/#\\\/schema\\\/person\\\/3fc036297b10b9f42d6db5ee932af8c8\"},\"headline\":\"Swiss Life AM kauft Hauptsitz der Deutschen B\u00f6rse\",\"datePublished\":\"2020-06-03T06:56:26+00:00\",\"mainEntityOfPage\":{\"@id\":\"https:\\\/\\\/www.immobilienbusiness.ch\\\/de\\\/unternehmen\\\/2020-06-03\\\/swiss-life-am-kauft-hauptsitz-der-deutschen-boerse\\\/\"},\"wordCount\":203,\"publisher\":{\"@id\":\"https:\\\/\\\/www.immobilienbusiness.ch\\\/#organization\"},\"image\":{\"@id\":\"https:\\\/\\\/www.immobilienbusiness.ch\\\/de\\\/unternehmen\\\/2020-06-03\\\/swiss-life-am-kauft-hauptsitz-der-deutschen-boerse\\\/#primaryimage\"},\"thumbnailUrl\":\"https:\\\/\\\/www.immobilienbusiness.ch\\\/wp-content\\\/uploads\\\/2018\\\/05\\\/Depositphotos_10731136_m-2015.jpg\",\"keywords\":[\"B\u00fcroimmobilien\",\"Deutschland\",\"Immobilienkauf\",\"Swiss Life AM\"],\"articleSection\":[\"UNTERNEHMEN\"],\"inLanguage\":\"fr-FR\"},{\"@type\":\"WebPage\",\"@id\":\"https:\\\/\\\/www.immobilienbusiness.ch\\\/de\\\/unternehmen\\\/2020-06-03\\\/swiss-life-am-kauft-hauptsitz-der-deutschen-boerse\\\/\",\"url\":\"https:\\\/\\\/www.immobilienbusiness.ch\\\/de\\\/unternehmen\\\/2020-06-03\\\/swiss-life-am-kauft-hauptsitz-der-deutschen-boerse\\\/\",\"name\":\"Swiss Life AM kauft Hauptsitz der Deutschen B\u00f6rse - IMMOBILIEN Business\",\"isPartOf\":{\"@id\":\"https:\\\/\\\/www.immobilienbusiness.ch\\\/#website\"},\"primaryImageOfPage\":{\"@id\":\"https:\\\/\\\/www.immobilienbusiness.ch\\\/de\\\/unternehmen\\\/2020-06-03\\\/swiss-life-am-kauft-hauptsitz-der-deutschen-boerse\\\/#primaryimage\"},\"image\":{\"@id\":\"https:\\\/\\\/www.immobilienbusiness.ch\\\/de\\\/unternehmen\\\/2020-06-03\\\/swiss-life-am-kauft-hauptsitz-der-deutschen-boerse\\\/#primaryimage\"},\"thumbnailUrl\":\"https:\\\/\\\/www.immobilienbusiness.ch\\\/wp-content\\\/uploads\\\/2018\\\/05\\\/Depositphotos_10731136_m-2015.jpg\",\"datePublished\":\"2020-06-03T06:56:26+00:00\",\"description\":\"Swiss Life AM hat das B\u00fcrohochhaus The Cube in Eschborn erworben. Die Liegenschaft ist der Hauptsitz der Deutsche B\u00f6rse AG.\",\"breadcrumb\":{\"@id\":\"https:\\\/\\\/www.immobilienbusiness.ch\\\/de\\\/unternehmen\\\/2020-06-03\\\/swiss-life-am-kauft-hauptsitz-der-deutschen-boerse\\\/#breadcrumb\"},\"inLanguage\":\"fr-FR\",\"potentialAction\":[{\"@type\":\"ReadAction\",\"target\":[\"https:\\\/\\\/www.immobilienbusiness.ch\\\/de\\\/unternehmen\\\/2020-06-03\\\/swiss-life-am-kauft-hauptsitz-der-deutschen-boerse\\\/\"]}]},{\"@type\":\"ImageObject\",\"inLanguage\":\"fr-FR\",\"@id\":\"https:\\\/\\\/www.immobilienbusiness.ch\\\/de\\\/unternehmen\\\/2020-06-03\\\/swiss-life-am-kauft-hauptsitz-der-deutschen-boerse\\\/#primaryimage\",\"url\":\"https:\\\/\\\/www.immobilienbusiness.ch\\\/wp-content\\\/uploads\\\/2018\\\/05\\\/Depositphotos_10731136_m-2015.jpg\",\"contentUrl\":\"https:\\\/\\\/www.immobilienbusiness.ch\\\/wp-content\\\/uploads\\\/2018\\\/05\\\/Depositphotos_10731136_m-2015.jpg\",\"width\":1000,\"height\":667,\"caption\":\"Die Axa wird einer der Hauptaktion\u00e4re bei Newhome (pressmaster - depositphotos)\"},{\"@type\":\"BreadcrumbList\",\"@id\":\"https:\\\/\\\/www.immobilienbusiness.ch\\\/de\\\/unternehmen\\\/2020-06-03\\\/swiss-life-am-kauft-hauptsitz-der-deutschen-boerse\\\/#breadcrumb\",\"itemListElement\":[{\"@type\":\"ListItem\",\"position\":1,\"name\":\"Home\",\"item\":\"https:\\\/\\\/www.immobilienbusiness.ch\\\/\"},{\"@type\":\"ListItem\",\"position\":2,\"name\":\"Swiss Life AM kauft Hauptsitz der Deutschen B\u00f6rse\"}]},{\"@type\":\"WebSite\",\"@id\":\"https:\\\/\\\/www.immobilienbusiness.ch\\\/#website\",\"url\":\"https:\\\/\\\/www.immobilienbusiness.ch\\\/\",\"name\":\"IMMOBILIEN Business\",\"description\":\"Unabh\u00e4ngiges Schweizer Wirtschaftsmagazin mit Fokus auf Immobilien, Architektur- und Bau sowie Investment- und Finanzierung.\",\"publisher\":{\"@id\":\"https:\\\/\\\/www.immobilienbusiness.ch\\\/#organization\"},\"potentialAction\":[{\"@type\":\"SearchAction\",\"target\":{\"@type\":\"EntryPoint\",\"urlTemplate\":\"https:\\\/\\\/www.immobilienbusiness.ch\\\/?s={search_term_string}\"},\"query-input\":{\"@type\":\"PropertyValueSpecification\",\"valueRequired\":true,\"valueName\":\"search_term_string\"}}],\"inLanguage\":\"fr-FR\"},{\"@type\":\"Organization\",\"@id\":\"https:\\\/\\\/www.immobilienbusiness.ch\\\/#organization\",\"name\":\"IMMOBILIEN Business\",\"url\":\"https:\\\/\\\/www.immobilienbusiness.ch\\\/\",\"logo\":{\"@type\":\"ImageObject\",\"inLanguage\":\"fr-FR\",\"@id\":\"https:\\\/\\\/www.immobilienbusiness.ch\\\/#\\\/schema\\\/logo\\\/image\\\/\",\"url\":\"https:\\\/\\\/www.immobilienbusiness.ch\\\/wp-content\\\/uploads\\\/2021\\\/07\\\/logo_ib.png\",\"contentUrl\":\"https:\\\/\\\/www.immobilienbusiness.ch\\\/wp-content\\\/uploads\\\/2021\\\/07\\\/logo_ib.png\",\"width\":800,\"height\":181,\"caption\":\"IMMOBILIEN Business\"},\"image\":{\"@id\":\"https:\\\/\\\/www.immobilienbusiness.ch\\\/#\\\/schema\\\/logo\\\/image\\\/\"},\"sameAs\":[\"https:\\\/\\\/www.facebook.com\\\/immobilienbusiness\\\/\"]},{\"@type\":\"Person\",\"@id\":\"https:\\\/\\\/www.immobilienbusiness.ch\\\/#\\\/schema\\\/person\\\/3fc036297b10b9f42d6db5ee932af8c8\",\"name\":\"anja.hall\",\"image\":{\"@type\":\"ImageObject\",\"inLanguage\":\"fr-FR\",\"@id\":\"https:\\\/\\\/secure.gravatar.com\\\/avatar\\\/066b5a0d447013502c71a5782f4f3469f03cfe595cc2329fb94652fe47511bfb?s=96&d=mm&r=g\",\"url\":\"https:\\\/\\\/secure.gravatar.com\\\/avatar\\\/066b5a0d447013502c71a5782f4f3469f03cfe595cc2329fb94652fe47511bfb?s=96&d=mm&r=g\",\"contentUrl\":\"https:\\\/\\\/secure.gravatar.com\\\/avatar\\\/066b5a0d447013502c71a5782f4f3469f03cfe595cc2329fb94652fe47511bfb?s=96&d=mm&r=g\",\"caption\":\"anja.hall\"},\"url\":\"https:\\\/\\\/www.immobilienbusiness.ch\\\/fr\\\/author\\\/anja-hall\\\/\"}]}<\/script>\n<!-- \/ Yoast SEO plugin. -->","yoast_head_json":{"title":"Swiss Life AM kauft Hauptsitz der Deutschen B\u00f6rse - IMMOBILIEN Business","description":"Swiss Life AM a acquis la tour de bureaux The Cube \u00e0 Eschborn. L'immeuble est le si\u00e8ge de la Deutsche B\u00f6rse AG.","robots":{"index":"index","follow":"follow","max-snippet":"max-snippet:-1","max-image-preview":"max-image-preview:large","max-video-preview":"max-video-preview:-1"},"canonical":"https:\/\/www.immobilienbusiness.ch\/fr\/unternehmen\/2020-06-03\/swiss-life-am-kauft-hauptsitz-der-deutschen-boerse\/","og_locale":"fr_FR","og_type":"article","og_title":"Swiss Life AM kauft Hauptsitz der Deutschen B\u00f6rse - IMMOBILIEN Business","og_description":"Swiss Life AM hat das B\u00fcrohochhaus The Cube in Eschborn erworben. Die Liegenschaft ist der Hauptsitz der Deutsche B\u00f6rse AG.","og_url":"https:\/\/www.immobilienbusiness.ch\/fr\/unternehmen\/2020-06-03\/swiss-life-am-kauft-hauptsitz-der-deutschen-boerse\/","og_site_name":"IMMOBILIEN Business","article_publisher":"https:\/\/www.facebook.com\/immobilienbusiness\/","article_published_time":"2020-06-03T06:56:26+00:00","og_image":[{"width":1000,"height":667,"url":"https:\/\/www.immobilienbusiness.ch\/wp-content\/uploads\/2018\/05\/Depositphotos_10731136_m-2015.jpg","type":"image\/jpeg"}],"author":"anja.hall","twitter_card":"summary_large_image","twitter_image":"https:\/\/www.immobilienbusiness.ch\/wp-content\/uploads\/2018\/05\/Depositphotos_10731136_m-2015.jpg","schema":{"@context":"https:\/\/schema.org","@graph":[{"@type":"Article","@id":"https:\/\/www.immobilienbusiness.ch\/de\/unternehmen\/2020-06-03\/swiss-life-am-kauft-hauptsitz-der-deutschen-boerse\/#article","isPartOf":{"@id":"https:\/\/www.immobilienbusiness.ch\/de\/unternehmen\/2020-06-03\/swiss-life-am-kauft-hauptsitz-der-deutschen-boerse\/"},"author":{"name":"anja.hall","@id":"https:\/\/www.immobilienbusiness.ch\/#\/schema\/person\/3fc036297b10b9f42d6db5ee932af8c8"},"headline":"Swiss Life AM kauft Hauptsitz der Deutschen B\u00f6rse","datePublished":"2020-06-03T06:56:26+00:00","mainEntityOfPage":{"@id":"https:\/\/www.immobilienbusiness.ch\/de\/unternehmen\/2020-06-03\/swiss-life-am-kauft-hauptsitz-der-deutschen-boerse\/"},"wordCount":203,"publisher":{"@id":"https:\/\/www.immobilienbusiness.ch\/#organization"},"image":{"@id":"https:\/\/www.immobilienbusiness.ch\/de\/unternehmen\/2020-06-03\/swiss-life-am-kauft-hauptsitz-der-deutschen-boerse\/#primaryimage"},"thumbnailUrl":"https:\/\/www.immobilienbusiness.ch\/wp-content\/uploads\/2018\/05\/Depositphotos_10731136_m-2015.jpg","keywords":["B\u00fcroimmobilien","Deutschland","Immobilienkauf","Swiss Life AM"],"articleSection":["UNTERNEHMEN"],"inLanguage":"fr-FR"},{"@type":"WebPage","@id":"https:\/\/www.immobilienbusiness.ch\/de\/unternehmen\/2020-06-03\/swiss-life-am-kauft-hauptsitz-der-deutschen-boerse\/","url":"https:\/\/www.immobilienbusiness.ch\/de\/unternehmen\/2020-06-03\/swiss-life-am-kauft-hauptsitz-der-deutschen-boerse\/","name":"Swiss Life AM kauft Hauptsitz der Deutschen B\u00f6rse - IMMOBILIEN Business","isPartOf":{"@id":"https:\/\/www.immobilienbusiness.ch\/#website"},"primaryImageOfPage":{"@id":"https:\/\/www.immobilienbusiness.ch\/de\/unternehmen\/2020-06-03\/swiss-life-am-kauft-hauptsitz-der-deutschen-boerse\/#primaryimage"},"image":{"@id":"https:\/\/www.immobilienbusiness.ch\/de\/unternehmen\/2020-06-03\/swiss-life-am-kauft-hauptsitz-der-deutschen-boerse\/#primaryimage"},"thumbnailUrl":"https:\/\/www.immobilienbusiness.ch\/wp-content\/uploads\/2018\/05\/Depositphotos_10731136_m-2015.jpg","datePublished":"2020-06-03T06:56:26+00:00","description":"Swiss Life AM a acquis la tour de bureaux The Cube \u00e0 Eschborn. L'immeuble est le si\u00e8ge de la Deutsche B\u00f6rse AG.","breadcrumb":{"@id":"https:\/\/www.immobilienbusiness.ch\/de\/unternehmen\/2020-06-03\/swiss-life-am-kauft-hauptsitz-der-deutschen-boerse\/#breadcrumb"},"inLanguage":"fr-FR","potentialAction":[{"@type":"ReadAction","target":["https:\/\/www.immobilienbusiness.ch\/de\/unternehmen\/2020-06-03\/swiss-life-am-kauft-hauptsitz-der-deutschen-boerse\/"]}]},{"@type":"ImageObject","inLanguage":"fr-FR","@id":"https:\/\/www.immobilienbusiness.ch\/de\/unternehmen\/2020-06-03\/swiss-life-am-kauft-hauptsitz-der-deutschen-boerse\/#primaryimage","url":"https:\/\/www.immobilienbusiness.ch\/wp-content\/uploads\/2018\/05\/Depositphotos_10731136_m-2015.jpg","contentUrl":"https:\/\/www.immobilienbusiness.ch\/wp-content\/uploads\/2018\/05\/Depositphotos_10731136_m-2015.jpg","width":1000,"height":667,"caption":"Die Axa wird einer der Hauptaktion\u00e4re bei Newhome (pressmaster - depositphotos)"},{"@type":"BreadcrumbList","@id":"https:\/\/www.immobilienbusiness.ch\/de\/unternehmen\/2020-06-03\/swiss-life-am-kauft-hauptsitz-der-deutschen-boerse\/#breadcrumb","itemListElement":[{"@type":"ListItem","position":1,"name":"Home","item":"https:\/\/www.immobilienbusiness.ch\/"},{"@type":"ListItem","position":2,"name":"Swiss Life AM kauft Hauptsitz der Deutschen B\u00f6rse"}]},{"@type":"WebSite","@id":"https:\/\/www.immobilienbusiness.ch\/#website","url":"https:\/\/www.immobilienbusiness.ch\/","name":"IMMOBILIER Business","description":"Magazine \u00e9conomique suisse ind\u00e9pendant ax\u00e9 sur l'immobilier, l'architecture et la construction ainsi que sur les investissements et le financement.","publisher":{"@id":"https:\/\/www.immobilienbusiness.ch\/#organization"},"potentialAction":[{"@type":"SearchAction","target":{"@type":"EntryPoint","urlTemplate":"https:\/\/www.immobilienbusiness.ch\/?s={search_term_string}"},"query-input":{"@type":"PropertyValueSpecification","valueRequired":true,"valueName":"search_term_string"}}],"inLanguage":"fr-FR"},{"@type":"Organization","@id":"https:\/\/www.immobilienbusiness.ch\/#organization","name":"IMMOBILIER Business","url":"https:\/\/www.immobilienbusiness.ch\/","logo":{"@type":"ImageObject","inLanguage":"fr-FR","@id":"https:\/\/www.immobilienbusiness.ch\/#\/schema\/logo\/image\/","url":"https:\/\/www.immobilienbusiness.ch\/wp-content\/uploads\/2021\/07\/logo_ib.png","contentUrl":"https:\/\/www.immobilienbusiness.ch\/wp-content\/uploads\/2021\/07\/logo_ib.png","width":800,"height":181,"caption":"IMMOBILIEN Business"},"image":{"@id":"https:\/\/www.immobilienbusiness.ch\/#\/schema\/logo\/image\/"},"sameAs":["https:\/\/www.facebook.com\/immobilienbusiness\/"]},{"@type":"Person","@id":"https:\/\/www.immobilienbusiness.ch\/#\/schema\/person\/3fc036297b10b9f42d6db5ee932af8c8","name":"anja.hall","image":{"@type":"ImageObject","inLanguage":"fr-FR","@id":"https:\/\/secure.gravatar.com\/avatar\/066b5a0d447013502c71a5782f4f3469f03cfe595cc2329fb94652fe47511bfb?s=96&d=mm&r=g","url":"https:\/\/secure.gravatar.com\/avatar\/066b5a0d447013502c71a5782f4f3469f03cfe595cc2329fb94652fe47511bfb?s=96&d=mm&r=g","contentUrl":"https:\/\/secure.gravatar.com\/avatar\/066b5a0d447013502c71a5782f4f3469f03cfe595cc2329fb94652fe47511bfb?s=96&d=mm&r=g","caption":"anja.hall"},"url":"https:\/\/www.immobilienbusiness.ch\/fr\/author\/anja-hall\/"}]}},"_links":{"self":[{"href":"https:\/\/www.immobilienbusiness.ch\/fr\/wp-json\/wp\/v2\/posts\/21384","targetHints":{"allow":["GET"]}}],"collection":[{"href":"https:\/\/www.immobilienbusiness.ch\/fr\/wp-json\/wp\/v2\/posts"}],"about":[{"href":"https:\/\/www.immobilienbusiness.ch\/fr\/wp-json\/wp\/v2\/types\/post"}],"author":[{"embeddable":true,"href":"https:\/\/www.immobilienbusiness.ch\/fr\/wp-json\/wp\/v2\/users\/3"}],"replies":[{"embeddable":true,"href":"https:\/\/www.immobilienbusiness.ch\/fr\/wp-json\/wp\/v2\/comments?post=21384"}],"version-history":[{"count":0,"href":"https:\/\/www.immobilienbusiness.ch\/fr\/wp-json\/wp\/v2\/posts\/21384\/revisions"}],"wp:featuredmedia":[{"embeddable":true,"href":"https:\/\/www.immobilienbusiness.ch\/fr\/wp-json\/wp\/v2\/media\/12720"}],"wp:attachment":[{"href":"https:\/\/www.immobilienbusiness.ch\/fr\/wp-json\/wp\/v2\/media?parent=21384"}],"wp:term":[{"taxonomy":"category","embeddable":true,"href":"https:\/\/www.immobilienbusiness.ch\/fr\/wp-json\/wp\/v2\/categories?post=21384"},{"taxonomy":"post_tag","embeddable":true,"href":"https:\/\/www.immobilienbusiness.ch\/fr\/wp-json\/wp\/v2\/tags?post=21384"}],"curies":[{"name":"wp","href":"https:\/\/api.w.org\/{rel}","templated":true}]}}