{"id":21369,"date":"2020-06-02T08:19:53","date_gmt":"2020-06-02T06:19:53","guid":{"rendered":"https:\/\/www.immobilienbusiness.ch\/?p=21369"},"modified":"2020-06-02T08:19:53","modified_gmt":"2020-06-02T06:19:53","slug":"pscf-2-strebt-an-die-boerse","status":"publish","type":"post","link":"https:\/\/www.immobilienbusiness.ch\/fr\/unternehmen\/2020-06-02\/pscf-2-strebt-an-die-boerse\/","title":{"rendered":"PSCF 2 aspire \u00e0 la bourse"},"content":{"rendered":"<figure id=\"attachment_16141\" aria-describedby=\"caption-attachment-16141\" style=\"width: 680px\" class=\"wp-caption alignnone\"><img loading=\"lazy\" decoding=\"async\" class=\"size-medium wp-image-16141\" src=\"https:\/\/www.immobilienbusiness.ch\/wp-content\/uploads\/2019\/01\/Depositphotos_70144575_xl-2015.jpg\" alt=\"Aevis Victoria pr\u00fcft Kapitalmassnahmen f\u00fcr weiteres Wachstum (Bild: depositphotos)\" width=\"680\" height=\"510\" srcset=\"https:\/\/www.immobilienbusiness.ch\/wp-content\/uploads\/2019\/01\/Depositphotos_70144575_xl-2015.jpg 2560w, https:\/\/www.immobilienbusiness.ch\/wp-content\/uploads\/2019\/01\/Depositphotos_70144575_xl-2015-300x225.jpg 300w, https:\/\/www.immobilienbusiness.ch\/wp-content\/uploads\/2019\/01\/Depositphotos_70144575_xl-2015-1024x768.jpg 1024w, https:\/\/www.immobilienbusiness.ch\/wp-content\/uploads\/2019\/01\/Depositphotos_70144575_xl-2015-768x576.jpg 768w, https:\/\/www.immobilienbusiness.ch\/wp-content\/uploads\/2019\/01\/Depositphotos_70144575_xl-2015-1536x1152.jpg 1536w, https:\/\/www.immobilienbusiness.ch\/wp-content\/uploads\/2019\/01\/Depositphotos_70144575_xl-2015-2048x1536.jpg 2048w, https:\/\/www.immobilienbusiness.ch\/wp-content\/uploads\/2019\/01\/Depositphotos_70144575_xl-2015-16x12.jpg 16w, https:\/\/www.immobilienbusiness.ch\/wp-content\/uploads\/2019\/01\/Depositphotos_70144575_xl-2015-233x175.jpg 233w, https:\/\/www.immobilienbusiness.ch\/wp-content\/uploads\/2019\/01\/Depositphotos_70144575_xl-2015-467x350.jpg 467w, https:\/\/www.immobilienbusiness.ch\/wp-content\/uploads\/2019\/01\/Depositphotos_70144575_xl-2015-1067x800.jpg 1067w, https:\/\/www.immobilienbusiness.ch\/wp-content\/uploads\/2019\/01\/Depositphotos_70144575_xl-2015-920x690.jpg 920w, https:\/\/www.immobilienbusiness.ch\/wp-content\/uploads\/2019\/01\/Depositphotos_70144575_xl-2015-1400x1050.jpg 1400w, https:\/\/www.immobilienbusiness.ch\/wp-content\/uploads\/2019\/01\/Depositphotos_70144575_xl-2015-1867x1400.jpg 1867w\" sizes=\"auto, (max-width: 680px) 100vw, 680px\" \/><figcaption id=\"caption-attachment-16141\" class=\"wp-caption-text\">PSCF 2 est appel\u00e9 \u00e0 devenir un fonds commun de placement, une introduction en bourse est pr\u00e9vue (Image : depositphotos)<\/figcaption><\/figure>\n<p>Il est pr\u00e9vu de transformer le Procimmo Swiss Commercial Fund II (PSCF 2) en un fonds public et de le coter \u00e0 la SIX Swiss Exchange fin 2020 ou d\u00e9but 2021, selon la publication des r\u00e9sultats semestriels.<\/p>\n<p>Le PSCF 2 a cl\u00f4tur\u00e9 le premier semestre 2020 avec un r\u00e9sultat net d'environ 9,17 millions de francs suisses, soit 8,8% de plus que pour la m\u00eame p\u00e9riode de l'ann\u00e9e pr\u00e9c\u00e9dente. Le revenu total s'\u00e9l\u00e8ve \u00e0 8,55 millions. Les revenus locatifs ont augment\u00e9 de plus de 24% pour atteindre 13,65 millions. La valeur nette d'inventaire (VNI) \u00e9tait de 117,42 CHF par unit\u00e9 au 31 mars 2020 (ann\u00e9e pr\u00e9c\u00e9dente : 117,39 CHF).<\/p>\n<p>Selon la direction du fonds, le total des actifs du fonds au 31 mars \u00e9tait de 539 millions, les actifs nets du fonds de 367 millions. Le rendement de l'investissement est \u00e9valu\u00e9 \u00e0 4,67%. Le ratio de levier du fonds \u00e9tait de 31,62% et la marge b\u00e9n\u00e9ficiaire d'exploitation (EBIT) a atteint 73,52%. Le taux d'impay\u00e9s de loyer a diminu\u00e9 de mani\u00e8re significative, passant de 20,50% \u00e0 14,75% par rapport \u00e0 l'ann\u00e9e pr\u00e9c\u00e9dente. Le TER REF (GAV) a diminu\u00e9 de 0,96% \u00e0 0,87%.<\/p>\n<p>La direction du fonds pr\u00e9voit d'utiliser les fonds suppl\u00e9mentaires provenant de l'augmentation de capital de mars de cette ann\u00e9e pour acqu\u00e9rir d'autres immeubles commerciaux et industriels en Suisse al\u00e9manique au cours des prochains mois et pour d\u00e9velopper le potentiel existant dans le portefeuille immobilier. Au 31 mars 2020, PSCF 2 d\u00e9tient 30 propri\u00e9t\u00e9s dans les cantons d'Argovie, de B\u00e2le-Campagne, de Berne, de Fribourg, des Grisons, de Lucerne, de Soleure et de Zurich. <em>(ah)<\/em><\/p>","protected":false},"excerpt":{"rendered":"<p>Le Procimmo Swiss Commercial Fund II (PSCF 2) doit \u00eatre introduit en bourse. C'est ce qu'a annonc\u00e9 la direction du fonds lors de la pr\u00e9sentation des r\u00e9sultats semestriels.<\/p>","protected":false},"author":3,"featured_media":16141,"comment_status":"closed","ping_status":"open","sticky":false,"template":"","format":"standard","meta":{"_acf_changed":false,"_yoast_wpseo_focuskw":"PSCF 2","_yoast_wpseo_title":"","_yoast_wpseo_metadesc":"Der Procimmo Swiss Commercial Fund II (PSCF 2) soll Ende 2020 oder Anfang 2021 an die B\u00f6rse gebracht werden, k\u00fcndigt die Fondsleitung an.","_yoast_wpseo_linkdex":59,"pgc_sgb_lightbox_settings":"","footnotes":""},"categories":[988],"tags":[1108,1290,1344,1597],"class_list":["post-21369","post","type-post","status-publish","format-standard","has-post-thumbnail","hentry","category-unternehmen","tag-boersengang","tag-halbjahresergebnis","tag-immobilienfonds","tag-procimmo"],"acf":[],"yoast_head":"<!-- This site is optimized with the Yoast SEO plugin v27.4 - https:\/\/yoast.com\/product\/yoast-seo-wordpress\/ -->\n<title>PSCF 2 strebt an die B\u00f6rse - IMMOBILIEN Business<\/title>\n<meta name=\"description\" content=\"Der Procimmo Swiss Commercial Fund II (PSCF 2) soll Ende 2020 oder Anfang 2021 an die B\u00f6rse gebracht werden, k\u00fcndigt die Fondsleitung an.\" \/>\n<meta name=\"robots\" content=\"index, follow, max-snippet:-1, max-image-preview:large, max-video-preview:-1\" \/>\n<link rel=\"canonical\" href=\"https:\/\/www.immobilienbusiness.ch\/fr\/unternehmen\/2020-06-02\/pscf-2-strebt-an-die-boerse\/\" \/>\n<meta property=\"og:locale\" content=\"fr_FR\" \/>\n<meta property=\"og:type\" content=\"article\" \/>\n<meta property=\"og:title\" content=\"PSCF 2 strebt an die B\u00f6rse - IMMOBILIEN Business\" \/>\n<meta property=\"og:description\" content=\"Der Procimmo Swiss Commercial Fund II (PSCF 2) soll Ende 2020 oder Anfang 2021 an die B\u00f6rse gebracht werden, k\u00fcndigt die Fondsleitung an.\" \/>\n<meta property=\"og:url\" content=\"https:\/\/www.immobilienbusiness.ch\/fr\/unternehmen\/2020-06-02\/pscf-2-strebt-an-die-boerse\/\" \/>\n<meta property=\"og:site_name\" content=\"IMMOBILIEN Business\" \/>\n<meta property=\"article:publisher\" content=\"https:\/\/www.facebook.com\/immobilienbusiness\/\" \/>\n<meta property=\"article:published_time\" content=\"2020-06-02T06:19:53+00:00\" \/>\n<meta property=\"og:image\" content=\"https:\/\/www.immobilienbusiness.ch\/wp-content\/uploads\/2019\/01\/Depositphotos_70144575_xl-2015-1024x768.jpg\" \/>\n\t<meta property=\"og:image:width\" content=\"1024\" \/>\n\t<meta property=\"og:image:height\" content=\"768\" \/>\n\t<meta property=\"og:image:type\" content=\"image\/jpeg\" \/>\n<meta name=\"author\" content=\"anja.hall\" \/>\n<meta name=\"twitter:card\" content=\"summary_large_image\" \/>\n<meta name=\"twitter:image\" content=\"https:\/\/www.immobilienbusiness.ch\/wp-content\/uploads\/2019\/01\/Depositphotos_70144575_xl-2015.jpg\" \/>\n<script type=\"application\/ld+json\" class=\"yoast-schema-graph\">{\"@context\":\"https:\\\/\\\/schema.org\",\"@graph\":[{\"@type\":\"Article\",\"@id\":\"https:\\\/\\\/www.immobilienbusiness.ch\\\/en\\\/unternehmen\\\/2020-06-02\\\/pscf-2-strebt-an-die-boerse\\\/#article\",\"isPartOf\":{\"@id\":\"https:\\\/\\\/www.immobilienbusiness.ch\\\/en\\\/unternehmen\\\/2020-06-02\\\/pscf-2-strebt-an-die-boerse\\\/\"},\"author\":{\"name\":\"anja.hall\",\"@id\":\"https:\\\/\\\/www.immobilienbusiness.ch\\\/#\\\/schema\\\/person\\\/3fc036297b10b9f42d6db5ee932af8c8\"},\"headline\":\"PSCF 2 strebt an die B\u00f6rse\",\"datePublished\":\"2020-06-02T06:19:53+00:00\",\"mainEntityOfPage\":{\"@id\":\"https:\\\/\\\/www.immobilienbusiness.ch\\\/en\\\/unternehmen\\\/2020-06-02\\\/pscf-2-strebt-an-die-boerse\\\/\"},\"wordCount\":229,\"publisher\":{\"@id\":\"https:\\\/\\\/www.immobilienbusiness.ch\\\/#organization\"},\"image\":{\"@id\":\"https:\\\/\\\/www.immobilienbusiness.ch\\\/en\\\/unternehmen\\\/2020-06-02\\\/pscf-2-strebt-an-die-boerse\\\/#primaryimage\"},\"thumbnailUrl\":\"https:\\\/\\\/www.immobilienbusiness.ch\\\/wp-content\\\/uploads\\\/2019\\\/01\\\/Depositphotos_70144575_xl-2015.jpg\",\"keywords\":[\"B\u00f6rsengang\",\"Halbjahresergebnis\",\"Immobilienfonds\",\"Procimmo\"],\"articleSection\":[\"UNTERNEHMEN\"],\"inLanguage\":\"fr-FR\"},{\"@type\":\"WebPage\",\"@id\":\"https:\\\/\\\/www.immobilienbusiness.ch\\\/en\\\/unternehmen\\\/2020-06-02\\\/pscf-2-strebt-an-die-boerse\\\/\",\"url\":\"https:\\\/\\\/www.immobilienbusiness.ch\\\/en\\\/unternehmen\\\/2020-06-02\\\/pscf-2-strebt-an-die-boerse\\\/\",\"name\":\"PSCF 2 strebt an die B\u00f6rse - IMMOBILIEN Business\",\"isPartOf\":{\"@id\":\"https:\\\/\\\/www.immobilienbusiness.ch\\\/#website\"},\"primaryImageOfPage\":{\"@id\":\"https:\\\/\\\/www.immobilienbusiness.ch\\\/en\\\/unternehmen\\\/2020-06-02\\\/pscf-2-strebt-an-die-boerse\\\/#primaryimage\"},\"image\":{\"@id\":\"https:\\\/\\\/www.immobilienbusiness.ch\\\/en\\\/unternehmen\\\/2020-06-02\\\/pscf-2-strebt-an-die-boerse\\\/#primaryimage\"},\"thumbnailUrl\":\"https:\\\/\\\/www.immobilienbusiness.ch\\\/wp-content\\\/uploads\\\/2019\\\/01\\\/Depositphotos_70144575_xl-2015.jpg\",\"datePublished\":\"2020-06-02T06:19:53+00:00\",\"description\":\"Der Procimmo Swiss Commercial Fund II (PSCF 2) soll Ende 2020 oder Anfang 2021 an die B\u00f6rse gebracht werden, k\u00fcndigt die Fondsleitung an.\",\"breadcrumb\":{\"@id\":\"https:\\\/\\\/www.immobilienbusiness.ch\\\/en\\\/unternehmen\\\/2020-06-02\\\/pscf-2-strebt-an-die-boerse\\\/#breadcrumb\"},\"inLanguage\":\"fr-FR\",\"potentialAction\":[{\"@type\":\"ReadAction\",\"target\":[\"https:\\\/\\\/www.immobilienbusiness.ch\\\/en\\\/unternehmen\\\/2020-06-02\\\/pscf-2-strebt-an-die-boerse\\\/\"]}]},{\"@type\":\"ImageObject\",\"inLanguage\":\"fr-FR\",\"@id\":\"https:\\\/\\\/www.immobilienbusiness.ch\\\/en\\\/unternehmen\\\/2020-06-02\\\/pscf-2-strebt-an-die-boerse\\\/#primaryimage\",\"url\":\"https:\\\/\\\/www.immobilienbusiness.ch\\\/wp-content\\\/uploads\\\/2019\\\/01\\\/Depositphotos_70144575_xl-2015.jpg\",\"contentUrl\":\"https:\\\/\\\/www.immobilienbusiness.ch\\\/wp-content\\\/uploads\\\/2019\\\/01\\\/Depositphotos_70144575_xl-2015.jpg\",\"width\":2560,\"height\":1920,\"caption\":\"Der Fonds hat die Zahlen f\u00fcr das letzte Gesch\u00e4ftsjahr publiziert. (Bild: depositphotos)\"},{\"@type\":\"BreadcrumbList\",\"@id\":\"https:\\\/\\\/www.immobilienbusiness.ch\\\/en\\\/unternehmen\\\/2020-06-02\\\/pscf-2-strebt-an-die-boerse\\\/#breadcrumb\",\"itemListElement\":[{\"@type\":\"ListItem\",\"position\":1,\"name\":\"Home\",\"item\":\"https:\\\/\\\/www.immobilienbusiness.ch\\\/\"},{\"@type\":\"ListItem\",\"position\":2,\"name\":\"PSCF 2 strebt an die B\u00f6rse\"}]},{\"@type\":\"WebSite\",\"@id\":\"https:\\\/\\\/www.immobilienbusiness.ch\\\/#website\",\"url\":\"https:\\\/\\\/www.immobilienbusiness.ch\\\/\",\"name\":\"IMMOBILIEN Business\",\"description\":\"Unabh\u00e4ngiges Schweizer Wirtschaftsmagazin mit Fokus auf Immobilien, Architektur- und Bau sowie Investment- und Finanzierung.\",\"publisher\":{\"@id\":\"https:\\\/\\\/www.immobilienbusiness.ch\\\/#organization\"},\"potentialAction\":[{\"@type\":\"SearchAction\",\"target\":{\"@type\":\"EntryPoint\",\"urlTemplate\":\"https:\\\/\\\/www.immobilienbusiness.ch\\\/?s={search_term_string}\"},\"query-input\":{\"@type\":\"PropertyValueSpecification\",\"valueRequired\":true,\"valueName\":\"search_term_string\"}}],\"inLanguage\":\"fr-FR\"},{\"@type\":\"Organization\",\"@id\":\"https:\\\/\\\/www.immobilienbusiness.ch\\\/#organization\",\"name\":\"IMMOBILIEN Business\",\"url\":\"https:\\\/\\\/www.immobilienbusiness.ch\\\/\",\"logo\":{\"@type\":\"ImageObject\",\"inLanguage\":\"fr-FR\",\"@id\":\"https:\\\/\\\/www.immobilienbusiness.ch\\\/#\\\/schema\\\/logo\\\/image\\\/\",\"url\":\"https:\\\/\\\/www.immobilienbusiness.ch\\\/wp-content\\\/uploads\\\/2021\\\/07\\\/logo_ib.png\",\"contentUrl\":\"https:\\\/\\\/www.immobilienbusiness.ch\\\/wp-content\\\/uploads\\\/2021\\\/07\\\/logo_ib.png\",\"width\":800,\"height\":181,\"caption\":\"IMMOBILIEN Business\"},\"image\":{\"@id\":\"https:\\\/\\\/www.immobilienbusiness.ch\\\/#\\\/schema\\\/logo\\\/image\\\/\"},\"sameAs\":[\"https:\\\/\\\/www.facebook.com\\\/immobilienbusiness\\\/\"]},{\"@type\":\"Person\",\"@id\":\"https:\\\/\\\/www.immobilienbusiness.ch\\\/#\\\/schema\\\/person\\\/3fc036297b10b9f42d6db5ee932af8c8\",\"name\":\"anja.hall\",\"image\":{\"@type\":\"ImageObject\",\"inLanguage\":\"fr-FR\",\"@id\":\"https:\\\/\\\/secure.gravatar.com\\\/avatar\\\/066b5a0d447013502c71a5782f4f3469f03cfe595cc2329fb94652fe47511bfb?s=96&d=mm&r=g\",\"url\":\"https:\\\/\\\/secure.gravatar.com\\\/avatar\\\/066b5a0d447013502c71a5782f4f3469f03cfe595cc2329fb94652fe47511bfb?s=96&d=mm&r=g\",\"contentUrl\":\"https:\\\/\\\/secure.gravatar.com\\\/avatar\\\/066b5a0d447013502c71a5782f4f3469f03cfe595cc2329fb94652fe47511bfb?s=96&d=mm&r=g\",\"caption\":\"anja.hall\"},\"url\":\"https:\\\/\\\/www.immobilienbusiness.ch\\\/fr\\\/author\\\/anja-hall\\\/\"}]}<\/script>\n<!-- \/ Yoast SEO plugin. -->","yoast_head_json":{"title":"PSCF 2 vise la bourse - IMMOBILIER Business","description":"Der Procimmo Swiss Commercial Fund II (PSCF 2) soll Ende 2020 oder Anfang 2021 an die B\u00f6rse gebracht werden, k\u00fcndigt die Fondsleitung an.","robots":{"index":"index","follow":"follow","max-snippet":"max-snippet:-1","max-image-preview":"max-image-preview:large","max-video-preview":"max-video-preview:-1"},"canonical":"https:\/\/www.immobilienbusiness.ch\/fr\/unternehmen\/2020-06-02\/pscf-2-strebt-an-die-boerse\/","og_locale":"fr_FR","og_type":"article","og_title":"PSCF 2 strebt an die B\u00f6rse - IMMOBILIEN Business","og_description":"Der Procimmo Swiss Commercial Fund II (PSCF 2) soll Ende 2020 oder Anfang 2021 an die B\u00f6rse gebracht werden, k\u00fcndigt die Fondsleitung an.","og_url":"https:\/\/www.immobilienbusiness.ch\/fr\/unternehmen\/2020-06-02\/pscf-2-strebt-an-die-boerse\/","og_site_name":"IMMOBILIEN Business","article_publisher":"https:\/\/www.facebook.com\/immobilienbusiness\/","article_published_time":"2020-06-02T06:19:53+00:00","og_image":[{"width":1024,"height":768,"url":"https:\/\/www.immobilienbusiness.ch\/wp-content\/uploads\/2019\/01\/Depositphotos_70144575_xl-2015-1024x768.jpg","type":"image\/jpeg"}],"author":"anja.hall","twitter_card":"summary_large_image","twitter_image":"https:\/\/www.immobilienbusiness.ch\/wp-content\/uploads\/2019\/01\/Depositphotos_70144575_xl-2015.jpg","schema":{"@context":"https:\/\/schema.org","@graph":[{"@type":"Article","@id":"https:\/\/www.immobilienbusiness.ch\/en\/unternehmen\/2020-06-02\/pscf-2-strebt-an-die-boerse\/#article","isPartOf":{"@id":"https:\/\/www.immobilienbusiness.ch\/en\/unternehmen\/2020-06-02\/pscf-2-strebt-an-die-boerse\/"},"author":{"name":"anja.hall","@id":"https:\/\/www.immobilienbusiness.ch\/#\/schema\/person\/3fc036297b10b9f42d6db5ee932af8c8"},"headline":"PSCF 2 strebt an die B\u00f6rse","datePublished":"2020-06-02T06:19:53+00:00","mainEntityOfPage":{"@id":"https:\/\/www.immobilienbusiness.ch\/en\/unternehmen\/2020-06-02\/pscf-2-strebt-an-die-boerse\/"},"wordCount":229,"publisher":{"@id":"https:\/\/www.immobilienbusiness.ch\/#organization"},"image":{"@id":"https:\/\/www.immobilienbusiness.ch\/en\/unternehmen\/2020-06-02\/pscf-2-strebt-an-die-boerse\/#primaryimage"},"thumbnailUrl":"https:\/\/www.immobilienbusiness.ch\/wp-content\/uploads\/2019\/01\/Depositphotos_70144575_xl-2015.jpg","keywords":["B\u00f6rsengang","Halbjahresergebnis","Immobilienfonds","Procimmo"],"articleSection":["UNTERNEHMEN"],"inLanguage":"fr-FR"},{"@type":"WebPage","@id":"https:\/\/www.immobilienbusiness.ch\/en\/unternehmen\/2020-06-02\/pscf-2-strebt-an-die-boerse\/","url":"https:\/\/www.immobilienbusiness.ch\/en\/unternehmen\/2020-06-02\/pscf-2-strebt-an-die-boerse\/","name":"PSCF 2 vise la bourse - IMMOBILIER Business","isPartOf":{"@id":"https:\/\/www.immobilienbusiness.ch\/#website"},"primaryImageOfPage":{"@id":"https:\/\/www.immobilienbusiness.ch\/en\/unternehmen\/2020-06-02\/pscf-2-strebt-an-die-boerse\/#primaryimage"},"image":{"@id":"https:\/\/www.immobilienbusiness.ch\/en\/unternehmen\/2020-06-02\/pscf-2-strebt-an-die-boerse\/#primaryimage"},"thumbnailUrl":"https:\/\/www.immobilienbusiness.ch\/wp-content\/uploads\/2019\/01\/Depositphotos_70144575_xl-2015.jpg","datePublished":"2020-06-02T06:19:53+00:00","description":"Der Procimmo Swiss Commercial Fund II (PSCF 2) soll Ende 2020 oder Anfang 2021 an die B\u00f6rse gebracht werden, k\u00fcndigt die Fondsleitung an.","breadcrumb":{"@id":"https:\/\/www.immobilienbusiness.ch\/en\/unternehmen\/2020-06-02\/pscf-2-strebt-an-die-boerse\/#breadcrumb"},"inLanguage":"fr-FR","potentialAction":[{"@type":"ReadAction","target":["https:\/\/www.immobilienbusiness.ch\/en\/unternehmen\/2020-06-02\/pscf-2-strebt-an-die-boerse\/"]}]},{"@type":"ImageObject","inLanguage":"fr-FR","@id":"https:\/\/www.immobilienbusiness.ch\/en\/unternehmen\/2020-06-02\/pscf-2-strebt-an-die-boerse\/#primaryimage","url":"https:\/\/www.immobilienbusiness.ch\/wp-content\/uploads\/2019\/01\/Depositphotos_70144575_xl-2015.jpg","contentUrl":"https:\/\/www.immobilienbusiness.ch\/wp-content\/uploads\/2019\/01\/Depositphotos_70144575_xl-2015.jpg","width":2560,"height":1920,"caption":"Der Fonds hat die Zahlen f\u00fcr das letzte Gesch\u00e4ftsjahr publiziert. (Bild: depositphotos)"},{"@type":"BreadcrumbList","@id":"https:\/\/www.immobilienbusiness.ch\/en\/unternehmen\/2020-06-02\/pscf-2-strebt-an-die-boerse\/#breadcrumb","itemListElement":[{"@type":"ListItem","position":1,"name":"Home","item":"https:\/\/www.immobilienbusiness.ch\/"},{"@type":"ListItem","position":2,"name":"PSCF 2 strebt an die B\u00f6rse"}]},{"@type":"WebSite","@id":"https:\/\/www.immobilienbusiness.ch\/#website","url":"https:\/\/www.immobilienbusiness.ch\/","name":"IMMOBILIER Business","description":"Magazine \u00e9conomique suisse ind\u00e9pendant ax\u00e9 sur l'immobilier, l'architecture et la construction ainsi que sur les investissements et le financement.","publisher":{"@id":"https:\/\/www.immobilienbusiness.ch\/#organization"},"potentialAction":[{"@type":"SearchAction","target":{"@type":"EntryPoint","urlTemplate":"https:\/\/www.immobilienbusiness.ch\/?s={search_term_string}"},"query-input":{"@type":"PropertyValueSpecification","valueRequired":true,"valueName":"search_term_string"}}],"inLanguage":"fr-FR"},{"@type":"Organization","@id":"https:\/\/www.immobilienbusiness.ch\/#organization","name":"IMMOBILIER Business","url":"https:\/\/www.immobilienbusiness.ch\/","logo":{"@type":"ImageObject","inLanguage":"fr-FR","@id":"https:\/\/www.immobilienbusiness.ch\/#\/schema\/logo\/image\/","url":"https:\/\/www.immobilienbusiness.ch\/wp-content\/uploads\/2021\/07\/logo_ib.png","contentUrl":"https:\/\/www.immobilienbusiness.ch\/wp-content\/uploads\/2021\/07\/logo_ib.png","width":800,"height":181,"caption":"IMMOBILIEN Business"},"image":{"@id":"https:\/\/www.immobilienbusiness.ch\/#\/schema\/logo\/image\/"},"sameAs":["https:\/\/www.facebook.com\/immobilienbusiness\/"]},{"@type":"Person","@id":"https:\/\/www.immobilienbusiness.ch\/#\/schema\/person\/3fc036297b10b9f42d6db5ee932af8c8","name":"anja.hall","image":{"@type":"ImageObject","inLanguage":"fr-FR","@id":"https:\/\/secure.gravatar.com\/avatar\/066b5a0d447013502c71a5782f4f3469f03cfe595cc2329fb94652fe47511bfb?s=96&d=mm&r=g","url":"https:\/\/secure.gravatar.com\/avatar\/066b5a0d447013502c71a5782f4f3469f03cfe595cc2329fb94652fe47511bfb?s=96&d=mm&r=g","contentUrl":"https:\/\/secure.gravatar.com\/avatar\/066b5a0d447013502c71a5782f4f3469f03cfe595cc2329fb94652fe47511bfb?s=96&d=mm&r=g","caption":"anja.hall"},"url":"https:\/\/www.immobilienbusiness.ch\/fr\/author\/anja-hall\/"}]}},"_links":{"self":[{"href":"https:\/\/www.immobilienbusiness.ch\/fr\/wp-json\/wp\/v2\/posts\/21369","targetHints":{"allow":["GET"]}}],"collection":[{"href":"https:\/\/www.immobilienbusiness.ch\/fr\/wp-json\/wp\/v2\/posts"}],"about":[{"href":"https:\/\/www.immobilienbusiness.ch\/fr\/wp-json\/wp\/v2\/types\/post"}],"author":[{"embeddable":true,"href":"https:\/\/www.immobilienbusiness.ch\/fr\/wp-json\/wp\/v2\/users\/3"}],"replies":[{"embeddable":true,"href":"https:\/\/www.immobilienbusiness.ch\/fr\/wp-json\/wp\/v2\/comments?post=21369"}],"version-history":[{"count":0,"href":"https:\/\/www.immobilienbusiness.ch\/fr\/wp-json\/wp\/v2\/posts\/21369\/revisions"}],"wp:featuredmedia":[{"embeddable":true,"href":"https:\/\/www.immobilienbusiness.ch\/fr\/wp-json\/wp\/v2\/media\/16141"}],"wp:attachment":[{"href":"https:\/\/www.immobilienbusiness.ch\/fr\/wp-json\/wp\/v2\/media?parent=21369"}],"wp:term":[{"taxonomy":"category","embeddable":true,"href":"https:\/\/www.immobilienbusiness.ch\/fr\/wp-json\/wp\/v2\/categories?post=21369"},{"taxonomy":"post_tag","embeddable":true,"href":"https:\/\/www.immobilienbusiness.ch\/fr\/wp-json\/wp\/v2\/tags?post=21369"}],"curies":[{"name":"wp","href":"https:\/\/api.w.org\/{rel}","templated":true}]}}