{"id":21264,"date":"2020-05-20T09:09:56","date_gmt":"2020-05-20T07:09:56","guid":{"rendered":"https:\/\/www.immobilienbusiness.ch\/?p=21264"},"modified":"2020-05-20T09:09:56","modified_gmt":"2020-05-20T07:09:56","slug":"basel-stiftung-habitat-will-coop-weinlager-aufstocken","status":"publish","type":"post","link":"https:\/\/www.immobilienbusiness.ch\/fr\/regionen\/2020-05-20\/basel-stiftung-habitat-will-coop-weinlager-aufstocken\/","title":{"rendered":"B\u00e2le : la fondation Habitat veut agrandir l'entrep\u00f4t de vin de Coop"},"content":{"rendered":"<figure id=\"attachment_14652\" aria-describedby=\"caption-attachment-14652\" style=\"width: 680px\" class=\"wp-caption alignnone\"><img loading=\"lazy\" decoding=\"async\" class=\"size-medium wp-image-14652\" src=\"https:\/\/www.immobilienbusiness.ch\/wp-content\/uploads\/2018\/10\/Depositphotos_170350446_m-2015.jpg\" alt=\"\" width=\"680\" height=\"454\" srcset=\"https:\/\/www.immobilienbusiness.ch\/wp-content\/uploads\/2018\/10\/Depositphotos_170350446_m-2015.jpg 999w, https:\/\/www.immobilienbusiness.ch\/wp-content\/uploads\/2018\/10\/Depositphotos_170350446_m-2015-300x200.jpg 300w, https:\/\/www.immobilienbusiness.ch\/wp-content\/uploads\/2018\/10\/Depositphotos_170350446_m-2015-768x513.jpg 768w, https:\/\/www.immobilienbusiness.ch\/wp-content\/uploads\/2018\/10\/Depositphotos_170350446_m-2015-16x12.jpg 16w, https:\/\/www.immobilienbusiness.ch\/wp-content\/uploads\/2018\/10\/Depositphotos_170350446_m-2015-262x175.jpg 262w, https:\/\/www.immobilienbusiness.ch\/wp-content\/uploads\/2018\/10\/Depositphotos_170350446_m-2015-524x350.jpg 524w, https:\/\/www.immobilienbusiness.ch\/wp-content\/uploads\/2018\/10\/Depositphotos_170350446_m-2015-920x614.jpg 920w\" sizes=\"auto, (max-width: 680px) 100vw, 680px\" \/><figcaption id=\"caption-attachment-14652\" class=\"wp-caption-text\">La fondation Habitat pr\u00e9voit un projet de logements sur le site de Lysb\u00fcchel Sud (photo : ArturVerkhovetskiy - depositphotos)<\/figcaption><\/figure>\n<p>L'ancien entrep\u00f4t de vin de Coop, situ\u00e9 \u00e0 la Els\u00e4sserstrasse 201, est le plus grand b\u00e2timent de Lysb\u00fcchel Sud. Cette construction des ann\u00e9es 1950 doit \u00eatre transform\u00e9e en un immeuble d'habitation de 65 logements pour plus de 150 personnes, selon les plans du bureau d'architectes Esch Sintzel de Zurich.<\/p>\n<p>Comme l'indique la fondation Habitat, ma\u00eetre d'ouvrage, sur son site web consacr\u00e9 au projet, une multitude d'appartements de tailles diff\u00e9rentes seront construits dans l'entrep\u00f4t de vin, afin que des personnes de tous \u00e2ges et de toutes conditions puissent y emm\u00e9nager. La surface de r\u00e9f\u00e9rence \u00e9nerg\u00e9tique par personne sera limit\u00e9e \u00e0 45 m\u00b2 et l'immeuble sera construit sans obstacles. Au rez-de-chauss\u00e9e, outre les appartements, des locaux commerciaux sont pr\u00e9vus, par exemple un caf\u00e9. Un garage pour v\u00e9los et voitures sera construit au sous-sol.<\/p>\n<div class=\"textAndImage container-fullWidth\">\n<div class=\"text-content\">\n<div class=\"text\">\n<p><a href=\"https:\/\/www.msn.com\/de-ch\/nachrichten\/other\/wohnen-im-weinlager\/ar-BB14eRx0\">Comment le <em>Basler Zeitung<\/em><\/a> en se r\u00e9f\u00e9rant \u00e0 la demande de permis de construire qui est encore ouverte jusqu'au 29 mai, le projet devrait co\u00fbter 26,5 millions de CHF. Selon le rapport, le nouvel immeuble d'habitation comportera cinq \u00e9tages complets et deux \u00e9tages en attique, les appartements auront entre 2,5 et 7,5 pi\u00e8ces.<\/p>\n<\/div>\n<\/div>\n<\/div>\n<p>Selon le journal, une demande de permis de construire a \u00e9galement \u00e9t\u00e9 publi\u00e9e pour le terrain adjacent au Beckenweg 11. La coop\u00e9rative Wohnstadt Bau- und Verwaltungsgesellschaft veut y construire un immeuble d'habitation de cinq \u00e9tages, qui fera partie d'une construction en bordure de cour. Il est pr\u00e9vu de construire 30 petits appartements, principalement pour des m\u00e9nages individuels. Les co\u00fbts de construction s'\u00e9l\u00e8vent \u00e0 7,8 millions d'euros.<\/p>\n<p>La fondation Habitat a acquis le terrain de 12 400 m\u00b2 de Lysb\u00fcchel Sud2013 aupr\u00e8s de Coop. Il a \u00e9t\u00e9 divis\u00e9 en 15 parcelles, dont douze sont c\u00e9d\u00e9es par la fondation en droit de superficie. La fondation poursuit elle-m\u00eame trois projets : La transformation de l'ancien entrep\u00f4t de vin, la construction d'un nouveau b\u00e2timent d'habitation sur la parcelle d'angle tout au nord de la Lothringerstrasse ainsi qu'une maison d'habitation pour musiciens \u00e0 l'angle de la Lothringerstrasse et de la Beckenstrasse. <em>(ah)<\/em><\/p>","protected":false},"excerpt":{"rendered":"<p>La fondation Habitat pr\u00e9voit de transformer l'ancien entrep\u00f4t de vin de Coop en immeuble d'habitation sur le site de Lysb\u00fcchel Sud \u00e0 B\u00e2le.<\/p>","protected":false},"author":3,"featured_media":14652,"comment_status":"closed","ping_status":"open","sticky":false,"template":"","format":"standard","meta":{"_acf_changed":false,"_yoast_wpseo_focuskw":"Weinlager","_yoast_wpseo_title":"","_yoast_wpseo_metadesc":"Die Stiftung Habitat plant auf dem Areal Lysb\u00fcchel S\u00fcd den Umbau des ehemaligen Coop-Weinlagers in ein Wohnhaus.","_yoast_wpseo_linkdex":56,"pgc_sgb_lightbox_settings":"","footnotes":""},"categories":[985],"tags":[1069,1600,1863],"class_list":["post-21264","post","type-post","status-publish","format-standard","has-post-thumbnail","hentry","category-regionen","tag-basel","tag-projekt-in-planung","tag-wohnimmobilien"],"acf":[],"yoast_head":"<!-- This site is optimized with the Yoast SEO plugin v27.4 - https:\/\/yoast.com\/product\/yoast-seo-wordpress\/ -->\n<title>Basel: Stiftung Habitat will Coop-Weinlager aufstocken - IMMOBILIEN Business<\/title>\n<meta name=\"description\" content=\"Die Stiftung Habitat plant auf dem Areal Lysb\u00fcchel S\u00fcd den Umbau des ehemaligen Coop-Weinlagers in ein Wohnhaus.\" \/>\n<meta name=\"robots\" content=\"index, follow, max-snippet:-1, max-image-preview:large, max-video-preview:-1\" \/>\n<link rel=\"canonical\" href=\"https:\/\/www.immobilienbusiness.ch\/fr\/regionen\/2020-05-20\/basel-stiftung-habitat-will-coop-weinlager-aufstocken\/\" \/>\n<meta property=\"og:locale\" content=\"fr_FR\" \/>\n<meta property=\"og:type\" content=\"article\" \/>\n<meta property=\"og:title\" content=\"Basel: Stiftung Habitat will Coop-Weinlager aufstocken - IMMOBILIEN Business\" \/>\n<meta property=\"og:description\" content=\"Die Stiftung Habitat plant auf dem Areal Lysb\u00fcchel S\u00fcd den Umbau des ehemaligen Coop-Weinlagers in ein Wohnhaus.\" \/>\n<meta property=\"og:url\" content=\"https:\/\/www.immobilienbusiness.ch\/fr\/regionen\/2020-05-20\/basel-stiftung-habitat-will-coop-weinlager-aufstocken\/\" \/>\n<meta property=\"og:site_name\" content=\"IMMOBILIEN Business\" \/>\n<meta property=\"article:publisher\" content=\"https:\/\/www.facebook.com\/immobilienbusiness\/\" \/>\n<meta property=\"article:published_time\" content=\"2020-05-20T07:09:56+00:00\" \/>\n<meta property=\"og:image\" content=\"https:\/\/www.immobilienbusiness.ch\/wp-content\/uploads\/2018\/10\/Depositphotos_170350446_m-2015.jpg\" \/>\n\t<meta property=\"og:image:width\" content=\"999\" \/>\n\t<meta property=\"og:image:height\" content=\"667\" \/>\n\t<meta property=\"og:image:type\" content=\"image\/jpeg\" \/>\n<meta name=\"author\" content=\"anja.hall\" \/>\n<meta name=\"twitter:card\" content=\"summary_large_image\" \/>\n<meta name=\"twitter:image\" content=\"https:\/\/www.immobilienbusiness.ch\/wp-content\/uploads\/2018\/10\/Depositphotos_170350446_m-2015.jpg\" \/>\n<script type=\"application\/ld+json\" class=\"yoast-schema-graph\">{\"@context\":\"https:\\\/\\\/schema.org\",\"@graph\":[{\"@type\":\"Article\",\"@id\":\"https:\\\/\\\/www.immobilienbusiness.ch\\\/en\\\/regionen\\\/2020-05-20\\\/basel-stiftung-habitat-will-coop-weinlager-aufstocken\\\/#article\",\"isPartOf\":{\"@id\":\"https:\\\/\\\/www.immobilienbusiness.ch\\\/en\\\/regionen\\\/2020-05-20\\\/basel-stiftung-habitat-will-coop-weinlager-aufstocken\\\/\"},\"author\":{\"name\":\"anja.hall\",\"@id\":\"https:\\\/\\\/www.immobilienbusiness.ch\\\/#\\\/schema\\\/person\\\/3fc036297b10b9f42d6db5ee932af8c8\"},\"headline\":\"Basel: Stiftung Habitat will Coop-Weinlager aufstocken\",\"datePublished\":\"2020-05-20T07:09:56+00:00\",\"mainEntityOfPage\":{\"@id\":\"https:\\\/\\\/www.immobilienbusiness.ch\\\/en\\\/regionen\\\/2020-05-20\\\/basel-stiftung-habitat-will-coop-weinlager-aufstocken\\\/\"},\"wordCount\":313,\"publisher\":{\"@id\":\"https:\\\/\\\/www.immobilienbusiness.ch\\\/#organization\"},\"image\":{\"@id\":\"https:\\\/\\\/www.immobilienbusiness.ch\\\/en\\\/regionen\\\/2020-05-20\\\/basel-stiftung-habitat-will-coop-weinlager-aufstocken\\\/#primaryimage\"},\"thumbnailUrl\":\"https:\\\/\\\/www.immobilienbusiness.ch\\\/wp-content\\\/uploads\\\/2018\\\/10\\\/Depositphotos_170350446_m-2015.jpg\",\"keywords\":[\"Basel\",\"Projekt in Planung\",\"Wohnimmobilien\"],\"articleSection\":[\"REGIONEN\"],\"inLanguage\":\"fr-FR\"},{\"@type\":\"WebPage\",\"@id\":\"https:\\\/\\\/www.immobilienbusiness.ch\\\/en\\\/regionen\\\/2020-05-20\\\/basel-stiftung-habitat-will-coop-weinlager-aufstocken\\\/\",\"url\":\"https:\\\/\\\/www.immobilienbusiness.ch\\\/en\\\/regionen\\\/2020-05-20\\\/basel-stiftung-habitat-will-coop-weinlager-aufstocken\\\/\",\"name\":\"Basel: Stiftung Habitat will Coop-Weinlager aufstocken - IMMOBILIEN Business\",\"isPartOf\":{\"@id\":\"https:\\\/\\\/www.immobilienbusiness.ch\\\/#website\"},\"primaryImageOfPage\":{\"@id\":\"https:\\\/\\\/www.immobilienbusiness.ch\\\/en\\\/regionen\\\/2020-05-20\\\/basel-stiftung-habitat-will-coop-weinlager-aufstocken\\\/#primaryimage\"},\"image\":{\"@id\":\"https:\\\/\\\/www.immobilienbusiness.ch\\\/en\\\/regionen\\\/2020-05-20\\\/basel-stiftung-habitat-will-coop-weinlager-aufstocken\\\/#primaryimage\"},\"thumbnailUrl\":\"https:\\\/\\\/www.immobilienbusiness.ch\\\/wp-content\\\/uploads\\\/2018\\\/10\\\/Depositphotos_170350446_m-2015.jpg\",\"datePublished\":\"2020-05-20T07:09:56+00:00\",\"description\":\"Die Stiftung Habitat plant auf dem Areal Lysb\u00fcchel S\u00fcd den Umbau des ehemaligen Coop-Weinlagers in ein Wohnhaus.\",\"breadcrumb\":{\"@id\":\"https:\\\/\\\/www.immobilienbusiness.ch\\\/en\\\/regionen\\\/2020-05-20\\\/basel-stiftung-habitat-will-coop-weinlager-aufstocken\\\/#breadcrumb\"},\"inLanguage\":\"fr-FR\",\"potentialAction\":[{\"@type\":\"ReadAction\",\"target\":[\"https:\\\/\\\/www.immobilienbusiness.ch\\\/en\\\/regionen\\\/2020-05-20\\\/basel-stiftung-habitat-will-coop-weinlager-aufstocken\\\/\"]}]},{\"@type\":\"ImageObject\",\"inLanguage\":\"fr-FR\",\"@id\":\"https:\\\/\\\/www.immobilienbusiness.ch\\\/en\\\/regionen\\\/2020-05-20\\\/basel-stiftung-habitat-will-coop-weinlager-aufstocken\\\/#primaryimage\",\"url\":\"https:\\\/\\\/www.immobilienbusiness.ch\\\/wp-content\\\/uploads\\\/2018\\\/10\\\/Depositphotos_170350446_m-2015.jpg\",\"contentUrl\":\"https:\\\/\\\/www.immobilienbusiness.ch\\\/wp-content\\\/uploads\\\/2018\\\/10\\\/Depositphotos_170350446_m-2015.jpg\",\"width\":999,\"height\":667,\"caption\":\"Die Rohbauarbeiten f\u00fcr eine Wohn\u00fcberbauung in Lausen sind abgeschlossen (bild: Depositphotos)\"},{\"@type\":\"BreadcrumbList\",\"@id\":\"https:\\\/\\\/www.immobilienbusiness.ch\\\/en\\\/regionen\\\/2020-05-20\\\/basel-stiftung-habitat-will-coop-weinlager-aufstocken\\\/#breadcrumb\",\"itemListElement\":[{\"@type\":\"ListItem\",\"position\":1,\"name\":\"Home\",\"item\":\"https:\\\/\\\/www.immobilienbusiness.ch\\\/\"},{\"@type\":\"ListItem\",\"position\":2,\"name\":\"Basel: Stiftung Habitat will Coop-Weinlager aufstocken\"}]},{\"@type\":\"WebSite\",\"@id\":\"https:\\\/\\\/www.immobilienbusiness.ch\\\/#website\",\"url\":\"https:\\\/\\\/www.immobilienbusiness.ch\\\/\",\"name\":\"IMMOBILIEN Business\",\"description\":\"Unabh\u00e4ngiges Schweizer Wirtschaftsmagazin mit Fokus auf Immobilien, Architektur- und Bau sowie Investment- und Finanzierung.\",\"publisher\":{\"@id\":\"https:\\\/\\\/www.immobilienbusiness.ch\\\/#organization\"},\"potentialAction\":[{\"@type\":\"SearchAction\",\"target\":{\"@type\":\"EntryPoint\",\"urlTemplate\":\"https:\\\/\\\/www.immobilienbusiness.ch\\\/?s={search_term_string}\"},\"query-input\":{\"@type\":\"PropertyValueSpecification\",\"valueRequired\":true,\"valueName\":\"search_term_string\"}}],\"inLanguage\":\"fr-FR\"},{\"@type\":\"Organization\",\"@id\":\"https:\\\/\\\/www.immobilienbusiness.ch\\\/#organization\",\"name\":\"IMMOBILIEN Business\",\"url\":\"https:\\\/\\\/www.immobilienbusiness.ch\\\/\",\"logo\":{\"@type\":\"ImageObject\",\"inLanguage\":\"fr-FR\",\"@id\":\"https:\\\/\\\/www.immobilienbusiness.ch\\\/#\\\/schema\\\/logo\\\/image\\\/\",\"url\":\"https:\\\/\\\/www.immobilienbusiness.ch\\\/wp-content\\\/uploads\\\/2021\\\/07\\\/logo_ib.png\",\"contentUrl\":\"https:\\\/\\\/www.immobilienbusiness.ch\\\/wp-content\\\/uploads\\\/2021\\\/07\\\/logo_ib.png\",\"width\":800,\"height\":181,\"caption\":\"IMMOBILIEN Business\"},\"image\":{\"@id\":\"https:\\\/\\\/www.immobilienbusiness.ch\\\/#\\\/schema\\\/logo\\\/image\\\/\"},\"sameAs\":[\"https:\\\/\\\/www.facebook.com\\\/immobilienbusiness\\\/\"]},{\"@type\":\"Person\",\"@id\":\"https:\\\/\\\/www.immobilienbusiness.ch\\\/#\\\/schema\\\/person\\\/3fc036297b10b9f42d6db5ee932af8c8\",\"name\":\"anja.hall\",\"image\":{\"@type\":\"ImageObject\",\"inLanguage\":\"fr-FR\",\"@id\":\"https:\\\/\\\/secure.gravatar.com\\\/avatar\\\/066b5a0d447013502c71a5782f4f3469f03cfe595cc2329fb94652fe47511bfb?s=96&d=mm&r=g\",\"url\":\"https:\\\/\\\/secure.gravatar.com\\\/avatar\\\/066b5a0d447013502c71a5782f4f3469f03cfe595cc2329fb94652fe47511bfb?s=96&d=mm&r=g\",\"contentUrl\":\"https:\\\/\\\/secure.gravatar.com\\\/avatar\\\/066b5a0d447013502c71a5782f4f3469f03cfe595cc2329fb94652fe47511bfb?s=96&d=mm&r=g\",\"caption\":\"anja.hall\"},\"url\":\"https:\\\/\\\/www.immobilienbusiness.ch\\\/fr\\\/author\\\/anja-hall\\\/\"}]}<\/script>\n<!-- \/ Yoast SEO plugin. -->","yoast_head_json":{"title":"Basel: Stiftung Habitat will Coop-Weinlager aufstocken - IMMOBILIEN Business","description":"Die Stiftung Habitat plant auf dem Areal Lysb\u00fcchel S\u00fcd den Umbau des ehemaligen Coop-Weinlagers in ein Wohnhaus.","robots":{"index":"index","follow":"follow","max-snippet":"max-snippet:-1","max-image-preview":"max-image-preview:large","max-video-preview":"max-video-preview:-1"},"canonical":"https:\/\/www.immobilienbusiness.ch\/fr\/regionen\/2020-05-20\/basel-stiftung-habitat-will-coop-weinlager-aufstocken\/","og_locale":"fr_FR","og_type":"article","og_title":"Basel: Stiftung Habitat will Coop-Weinlager aufstocken - IMMOBILIEN Business","og_description":"Die Stiftung Habitat plant auf dem Areal Lysb\u00fcchel S\u00fcd den Umbau des ehemaligen Coop-Weinlagers in ein Wohnhaus.","og_url":"https:\/\/www.immobilienbusiness.ch\/fr\/regionen\/2020-05-20\/basel-stiftung-habitat-will-coop-weinlager-aufstocken\/","og_site_name":"IMMOBILIEN Business","article_publisher":"https:\/\/www.facebook.com\/immobilienbusiness\/","article_published_time":"2020-05-20T07:09:56+00:00","og_image":[{"width":999,"height":667,"url":"https:\/\/www.immobilienbusiness.ch\/wp-content\/uploads\/2018\/10\/Depositphotos_170350446_m-2015.jpg","type":"image\/jpeg"}],"author":"anja.hall","twitter_card":"summary_large_image","twitter_image":"https:\/\/www.immobilienbusiness.ch\/wp-content\/uploads\/2018\/10\/Depositphotos_170350446_m-2015.jpg","schema":{"@context":"https:\/\/schema.org","@graph":[{"@type":"Article","@id":"https:\/\/www.immobilienbusiness.ch\/en\/regionen\/2020-05-20\/basel-stiftung-habitat-will-coop-weinlager-aufstocken\/#article","isPartOf":{"@id":"https:\/\/www.immobilienbusiness.ch\/en\/regionen\/2020-05-20\/basel-stiftung-habitat-will-coop-weinlager-aufstocken\/"},"author":{"name":"anja.hall","@id":"https:\/\/www.immobilienbusiness.ch\/#\/schema\/person\/3fc036297b10b9f42d6db5ee932af8c8"},"headline":"Basel: Stiftung Habitat will Coop-Weinlager aufstocken","datePublished":"2020-05-20T07:09:56+00:00","mainEntityOfPage":{"@id":"https:\/\/www.immobilienbusiness.ch\/en\/regionen\/2020-05-20\/basel-stiftung-habitat-will-coop-weinlager-aufstocken\/"},"wordCount":313,"publisher":{"@id":"https:\/\/www.immobilienbusiness.ch\/#organization"},"image":{"@id":"https:\/\/www.immobilienbusiness.ch\/en\/regionen\/2020-05-20\/basel-stiftung-habitat-will-coop-weinlager-aufstocken\/#primaryimage"},"thumbnailUrl":"https:\/\/www.immobilienbusiness.ch\/wp-content\/uploads\/2018\/10\/Depositphotos_170350446_m-2015.jpg","keywords":["Basel","Projekt in Planung","Wohnimmobilien"],"articleSection":["REGIONEN"],"inLanguage":"fr-FR"},{"@type":"WebPage","@id":"https:\/\/www.immobilienbusiness.ch\/en\/regionen\/2020-05-20\/basel-stiftung-habitat-will-coop-weinlager-aufstocken\/","url":"https:\/\/www.immobilienbusiness.ch\/en\/regionen\/2020-05-20\/basel-stiftung-habitat-will-coop-weinlager-aufstocken\/","name":"Basel: Stiftung Habitat will Coop-Weinlager aufstocken - IMMOBILIEN Business","isPartOf":{"@id":"https:\/\/www.immobilienbusiness.ch\/#website"},"primaryImageOfPage":{"@id":"https:\/\/www.immobilienbusiness.ch\/en\/regionen\/2020-05-20\/basel-stiftung-habitat-will-coop-weinlager-aufstocken\/#primaryimage"},"image":{"@id":"https:\/\/www.immobilienbusiness.ch\/en\/regionen\/2020-05-20\/basel-stiftung-habitat-will-coop-weinlager-aufstocken\/#primaryimage"},"thumbnailUrl":"https:\/\/www.immobilienbusiness.ch\/wp-content\/uploads\/2018\/10\/Depositphotos_170350446_m-2015.jpg","datePublished":"2020-05-20T07:09:56+00:00","description":"Die Stiftung Habitat plant auf dem Areal Lysb\u00fcchel S\u00fcd den Umbau des ehemaligen Coop-Weinlagers in ein Wohnhaus.","breadcrumb":{"@id":"https:\/\/www.immobilienbusiness.ch\/en\/regionen\/2020-05-20\/basel-stiftung-habitat-will-coop-weinlager-aufstocken\/#breadcrumb"},"inLanguage":"fr-FR","potentialAction":[{"@type":"ReadAction","target":["https:\/\/www.immobilienbusiness.ch\/en\/regionen\/2020-05-20\/basel-stiftung-habitat-will-coop-weinlager-aufstocken\/"]}]},{"@type":"ImageObject","inLanguage":"fr-FR","@id":"https:\/\/www.immobilienbusiness.ch\/en\/regionen\/2020-05-20\/basel-stiftung-habitat-will-coop-weinlager-aufstocken\/#primaryimage","url":"https:\/\/www.immobilienbusiness.ch\/wp-content\/uploads\/2018\/10\/Depositphotos_170350446_m-2015.jpg","contentUrl":"https:\/\/www.immobilienbusiness.ch\/wp-content\/uploads\/2018\/10\/Depositphotos_170350446_m-2015.jpg","width":999,"height":667,"caption":"Die Rohbauarbeiten f\u00fcr eine Wohn\u00fcberbauung in Lausen sind abgeschlossen (bild: Depositphotos)"},{"@type":"BreadcrumbList","@id":"https:\/\/www.immobilienbusiness.ch\/en\/regionen\/2020-05-20\/basel-stiftung-habitat-will-coop-weinlager-aufstocken\/#breadcrumb","itemListElement":[{"@type":"ListItem","position":1,"name":"Home","item":"https:\/\/www.immobilienbusiness.ch\/"},{"@type":"ListItem","position":2,"name":"Basel: Stiftung Habitat will Coop-Weinlager aufstocken"}]},{"@type":"WebSite","@id":"https:\/\/www.immobilienbusiness.ch\/#website","url":"https:\/\/www.immobilienbusiness.ch\/","name":"IMMOBILIER Business","description":"Magazine \u00e9conomique suisse ind\u00e9pendant ax\u00e9 sur l'immobilier, l'architecture et la construction ainsi que sur les investissements et le financement.","publisher":{"@id":"https:\/\/www.immobilienbusiness.ch\/#organization"},"potentialAction":[{"@type":"SearchAction","target":{"@type":"EntryPoint","urlTemplate":"https:\/\/www.immobilienbusiness.ch\/?s={search_term_string}"},"query-input":{"@type":"PropertyValueSpecification","valueRequired":true,"valueName":"search_term_string"}}],"inLanguage":"fr-FR"},{"@type":"Organization","@id":"https:\/\/www.immobilienbusiness.ch\/#organization","name":"IMMOBILIER Business","url":"https:\/\/www.immobilienbusiness.ch\/","logo":{"@type":"ImageObject","inLanguage":"fr-FR","@id":"https:\/\/www.immobilienbusiness.ch\/#\/schema\/logo\/image\/","url":"https:\/\/www.immobilienbusiness.ch\/wp-content\/uploads\/2021\/07\/logo_ib.png","contentUrl":"https:\/\/www.immobilienbusiness.ch\/wp-content\/uploads\/2021\/07\/logo_ib.png","width":800,"height":181,"caption":"IMMOBILIEN Business"},"image":{"@id":"https:\/\/www.immobilienbusiness.ch\/#\/schema\/logo\/image\/"},"sameAs":["https:\/\/www.facebook.com\/immobilienbusiness\/"]},{"@type":"Person","@id":"https:\/\/www.immobilienbusiness.ch\/#\/schema\/person\/3fc036297b10b9f42d6db5ee932af8c8","name":"anja.hall","image":{"@type":"ImageObject","inLanguage":"fr-FR","@id":"https:\/\/secure.gravatar.com\/avatar\/066b5a0d447013502c71a5782f4f3469f03cfe595cc2329fb94652fe47511bfb?s=96&d=mm&r=g","url":"https:\/\/secure.gravatar.com\/avatar\/066b5a0d447013502c71a5782f4f3469f03cfe595cc2329fb94652fe47511bfb?s=96&d=mm&r=g","contentUrl":"https:\/\/secure.gravatar.com\/avatar\/066b5a0d447013502c71a5782f4f3469f03cfe595cc2329fb94652fe47511bfb?s=96&d=mm&r=g","caption":"anja.hall"},"url":"https:\/\/www.immobilienbusiness.ch\/fr\/author\/anja-hall\/"}]}},"_links":{"self":[{"href":"https:\/\/www.immobilienbusiness.ch\/fr\/wp-json\/wp\/v2\/posts\/21264","targetHints":{"allow":["GET"]}}],"collection":[{"href":"https:\/\/www.immobilienbusiness.ch\/fr\/wp-json\/wp\/v2\/posts"}],"about":[{"href":"https:\/\/www.immobilienbusiness.ch\/fr\/wp-json\/wp\/v2\/types\/post"}],"author":[{"embeddable":true,"href":"https:\/\/www.immobilienbusiness.ch\/fr\/wp-json\/wp\/v2\/users\/3"}],"replies":[{"embeddable":true,"href":"https:\/\/www.immobilienbusiness.ch\/fr\/wp-json\/wp\/v2\/comments?post=21264"}],"version-history":[{"count":0,"href":"https:\/\/www.immobilienbusiness.ch\/fr\/wp-json\/wp\/v2\/posts\/21264\/revisions"}],"wp:featuredmedia":[{"embeddable":true,"href":"https:\/\/www.immobilienbusiness.ch\/fr\/wp-json\/wp\/v2\/media\/14652"}],"wp:attachment":[{"href":"https:\/\/www.immobilienbusiness.ch\/fr\/wp-json\/wp\/v2\/media?parent=21264"}],"wp:term":[{"taxonomy":"category","embeddable":true,"href":"https:\/\/www.immobilienbusiness.ch\/fr\/wp-json\/wp\/v2\/categories?post=21264"},{"taxonomy":"post_tag","embeddable":true,"href":"https:\/\/www.immobilienbusiness.ch\/fr\/wp-json\/wp\/v2\/tags?post=21264"}],"curies":[{"name":"wp","href":"https:\/\/api.w.org\/{rel}","templated":true}]}}