{"id":21214,"date":"2020-05-14T08:28:31","date_gmt":"2020-05-14T06:28:31","guid":{"rendered":"https:\/\/www.immobilienbusiness.ch\/?p=21214"},"modified":"2023-08-09T21:19:03","modified_gmt":"2023-08-09T19:19:03","slug":"keine-ausschuettung-bei-bfw-liegenschaften","status":"publish","type":"post","link":"https:\/\/www.immobilienbusiness.ch\/fr\/unternehmen\/2020-05-14\/keine-ausschuettung-bei-bfw-liegenschaften\/","title":{"rendered":"Pas de distribution pour BFW Liegenschaften"},"content":{"rendered":"<figure id=\"attachment_17169\" aria-describedby=\"caption-attachment-17169\" style=\"width: 300px\" class=\"wp-caption alignnone\"><img loading=\"lazy\" decoding=\"async\" class=\"wp-image-17169 size-medium\" src=\"https:\/\/www.immobilienbusiness.ch\/wp-content\/uploads\/2019\/05\/Depositphotos_43061653_xl-2015-300x201.jpg\" alt=\"BFW Liegenschaften\" width=\"300\" height=\"201\" srcset=\"https:\/\/www.immobilienbusiness.ch\/wp-content\/uploads\/2019\/05\/Depositphotos_43061653_xl-2015-300x201.jpg 300w, https:\/\/www.immobilienbusiness.ch\/wp-content\/uploads\/2019\/05\/Depositphotos_43061653_xl-2015-1024x686.jpg 1024w, https:\/\/www.immobilienbusiness.ch\/wp-content\/uploads\/2019\/05\/Depositphotos_43061653_xl-2015-768x514.jpg 768w, https:\/\/www.immobilienbusiness.ch\/wp-content\/uploads\/2019\/05\/Depositphotos_43061653_xl-2015-1536x1028.jpg 1536w, https:\/\/www.immobilienbusiness.ch\/wp-content\/uploads\/2019\/05\/Depositphotos_43061653_xl-2015-2048x1371.jpg 2048w, https:\/\/www.immobilienbusiness.ch\/wp-content\/uploads\/2019\/05\/Depositphotos_43061653_xl-2015-16x12.jpg 16w, https:\/\/www.immobilienbusiness.ch\/wp-content\/uploads\/2019\/05\/Depositphotos_43061653_xl-2015-261x175.jpg 261w, https:\/\/www.immobilienbusiness.ch\/wp-content\/uploads\/2019\/05\/Depositphotos_43061653_xl-2015-523x350.jpg 523w, https:\/\/www.immobilienbusiness.ch\/wp-content\/uploads\/2019\/05\/Depositphotos_43061653_xl-2015-1195x800.jpg 1195w, https:\/\/www.immobilienbusiness.ch\/wp-content\/uploads\/2019\/05\/Depositphotos_43061653_xl-2015-920x616.jpg 920w, https:\/\/www.immobilienbusiness.ch\/wp-content\/uploads\/2019\/05\/Depositphotos_43061653_xl-2015-1400x937.jpg 1400w\" sizes=\"auto, (max-width: 300px) 100vw, 300px\" \/><figcaption id=\"caption-attachment-17169\" class=\"wp-caption-text\">L'assembl\u00e9e g\u00e9n\u00e9rale de la BFW Liegenschaften a refus\u00e9 une r\u00e9duction de capital et une distribution de dividendes (photo : depositphotos)<\/figcaption><\/figure>\n<p>Les membres ind\u00e9pendants du CA avaient propos\u00e9 une r\u00e9duction du capital et une distribution par le biais d'une r\u00e9duction de la valeur nominale de 1,40 CHF par action nominative de cat\u00e9gorie A et de 0,14 CHF par action nominative de cat\u00e9gorie B. La proposition a \u00e9t\u00e9 accept\u00e9e \u00e0 l'unanimit\u00e9. L'actionnaire majoritaire BFW Holding AG, qui d\u00e9tient 98,1% des droits de vote au moment de l'assembl\u00e9e g\u00e9n\u00e9rale, a refus\u00e9 cette proposition. Avant l'assembl\u00e9e g\u00e9n\u00e9rale, le conseil d'administration avait d\u00e9j\u00e0 pr\u00e9cis\u00e9 que BFW Holding voterait contre une \u00e9ventuelle distribution de dividendes ainsi que contre la proposition de r\u00e9duction de la valeur nominale.<\/p>\n<p>L'assembl\u00e9e g\u00e9n\u00e9rale a approuv\u00e9 les comptes annuels 2019 et a donn\u00e9 d\u00e9charge aux membres du conseil d'administration et de la direction. L'assembl\u00e9e sp\u00e9ciale s\u00e9par\u00e9e des actionnaires des actions nominatives de cat\u00e9gorie A a \u00e9lu Daniel Nipkow comme repr\u00e9sentant, conform\u00e9ment \u00e0 la demande de la BFW Holding. Nipkow a ensuite \u00e9t\u00e9 \u00e9lu au conseil d'administration, tout comme Beat Frischknecht en tant que repr\u00e9sentant des actionnaires des actions nominatives de cat\u00e9gorie B et Andr\u00e9 Robert Spathelf. Frischknecht a par ailleurs \u00e9t\u00e9 confirm\u00e9 dans ses fonctions de pr\u00e9sident du conseil d'administration.<\/p>\n<p>En raison de l'ordonnance Covid 19 du Conseil f\u00e9d\u00e9ral, l'assembl\u00e9e g\u00e9n\u00e9rale s'est tenue sans la pr\u00e9sence des actionnaires. La repr\u00e9sentante ind\u00e9pendante des droits de vote a repr\u00e9sent\u00e9 au total 98,61% des voix en actions. <em>(ah)<\/em><\/p>","protected":false},"excerpt":{"rendered":"<p>L'assembl\u00e9e g\u00e9n\u00e9rale de la BFW Liegenschaften AG a rejet\u00e9 la proposition des deux membres ind\u00e9pendants du conseil d'administration de r\u00e9duire le capital et de distribuer la valeur nominale.<\/p>","protected":false},"author":3,"featured_media":17169,"comment_status":"closed","ping_status":"closed","sticky":false,"template":"","format":"standard","meta":{"_acf_changed":false,"_yoast_wpseo_focuskw":"BFW Liegenschaften","_yoast_wpseo_title":"","_yoast_wpseo_metadesc":"","_yoast_wpseo_linkdex":43,"pgc_sgb_lightbox_settings":"","footnotes":""},"categories":[988],"tags":[1096],"class_list":["post-21214","post","type-post","status-publish","format-standard","has-post-thumbnail","hentry","category-unternehmen","tag-bfw-liegenschaften-ag"],"acf":[],"yoast_head":"<!-- This site is optimized with the Yoast SEO plugin v27.5 - https:\/\/yoast.com\/product\/yoast-seo-wordpress\/ -->\n<title>Keine Aussch\u00fcttung bei BFW Liegenschaften - IMMOBILIEN Business<\/title>\n<meta name=\"robots\" content=\"index, follow, max-snippet:-1, max-image-preview:large, max-video-preview:-1\" \/>\n<link rel=\"canonical\" href=\"https:\/\/www.immobilienbusiness.ch\/fr\/unternehmen\/2020-05-14\/keine-ausschuettung-bei-bfw-liegenschaften\/\" \/>\n<meta property=\"og:locale\" content=\"fr_FR\" \/>\n<meta property=\"og:type\" content=\"article\" \/>\n<meta property=\"og:title\" content=\"Keine Aussch\u00fcttung bei BFW Liegenschaften - IMMOBILIEN Business\" \/>\n<meta property=\"og:description\" content=\"Die Generalversammlung der BFW Liegenschaften AG hat den Antrag der beiden unabh\u00e4ngigen Verwaltungsratsmitglieder auf eine Kapitalherabsetzung und Nennwertaussch\u00fcttung abgelehnt.\" \/>\n<meta property=\"og:url\" content=\"https:\/\/www.immobilienbusiness.ch\/fr\/unternehmen\/2020-05-14\/keine-ausschuettung-bei-bfw-liegenschaften\/\" \/>\n<meta property=\"og:site_name\" content=\"IMMOBILIEN Business\" \/>\n<meta property=\"article:publisher\" content=\"https:\/\/www.facebook.com\/immobilienbusiness\/\" \/>\n<meta property=\"article:published_time\" content=\"2020-05-14T06:28:31+00:00\" \/>\n<meta property=\"article:modified_time\" content=\"2023-08-09T19:19:03+00:00\" \/>\n<meta property=\"og:image\" content=\"https:\/\/www.immobilienbusiness.ch\/wp-content\/uploads\/2019\/05\/Depositphotos_43061653_xl-2015-1024x686.jpg\" \/>\n\t<meta property=\"og:image:width\" content=\"1024\" \/>\n\t<meta property=\"og:image:height\" content=\"686\" \/>\n\t<meta property=\"og:image:type\" content=\"image\/jpeg\" \/>\n<meta name=\"author\" content=\"anja.hall\" \/>\n<meta name=\"twitter:card\" content=\"summary_large_image\" \/>\n<meta name=\"twitter:image\" content=\"https:\/\/www.immobilienbusiness.ch\/wp-content\/uploads\/2019\/05\/Depositphotos_43061653_xl-2015.jpg\" \/>\n<script type=\"application\/ld+json\" class=\"yoast-schema-graph\">{\"@context\":\"https:\\\/\\\/schema.org\",\"@graph\":[{\"@type\":\"Article\",\"@id\":\"https:\\\/\\\/www.immobilienbusiness.ch\\\/unternehmen\\\/2020-05-14\\\/keine-ausschuettung-bei-bfw-liegenschaften\\\/#article\",\"isPartOf\":{\"@id\":\"https:\\\/\\\/www.immobilienbusiness.ch\\\/unternehmen\\\/2020-05-14\\\/keine-ausschuettung-bei-bfw-liegenschaften\\\/\"},\"author\":{\"name\":\"anja.hall\",\"@id\":\"https:\\\/\\\/www.immobilienbusiness.ch\\\/#\\\/schema\\\/person\\\/3fc036297b10b9f42d6db5ee932af8c8\"},\"headline\":\"Keine Aussch\u00fcttung bei BFW Liegenschaften\",\"datePublished\":\"2020-05-14T06:28:31+00:00\",\"dateModified\":\"2023-08-09T19:19:03+00:00\",\"mainEntityOfPage\":{\"@id\":\"https:\\\/\\\/www.immobilienbusiness.ch\\\/unternehmen\\\/2020-05-14\\\/keine-ausschuettung-bei-bfw-liegenschaften\\\/\"},\"wordCount\":193,\"publisher\":{\"@id\":\"https:\\\/\\\/www.immobilienbusiness.ch\\\/#organization\"},\"image\":{\"@id\":\"https:\\\/\\\/www.immobilienbusiness.ch\\\/unternehmen\\\/2020-05-14\\\/keine-ausschuettung-bei-bfw-liegenschaften\\\/#primaryimage\"},\"thumbnailUrl\":\"https:\\\/\\\/www.immobilienbusiness.ch\\\/wp-content\\\/uploads\\\/2019\\\/05\\\/Depositphotos_43061653_xl-2015.jpg\",\"keywords\":[\"bfw liegenschaften ag\"],\"articleSection\":[\"UNTERNEHMEN\"],\"inLanguage\":\"fr-FR\"},{\"@type\":\"WebPage\",\"@id\":\"https:\\\/\\\/www.immobilienbusiness.ch\\\/unternehmen\\\/2020-05-14\\\/keine-ausschuettung-bei-bfw-liegenschaften\\\/\",\"url\":\"https:\\\/\\\/www.immobilienbusiness.ch\\\/unternehmen\\\/2020-05-14\\\/keine-ausschuettung-bei-bfw-liegenschaften\\\/\",\"name\":\"Keine Aussch\u00fcttung bei BFW Liegenschaften - IMMOBILIEN Business\",\"isPartOf\":{\"@id\":\"https:\\\/\\\/www.immobilienbusiness.ch\\\/#website\"},\"primaryImageOfPage\":{\"@id\":\"https:\\\/\\\/www.immobilienbusiness.ch\\\/unternehmen\\\/2020-05-14\\\/keine-ausschuettung-bei-bfw-liegenschaften\\\/#primaryimage\"},\"image\":{\"@id\":\"https:\\\/\\\/www.immobilienbusiness.ch\\\/unternehmen\\\/2020-05-14\\\/keine-ausschuettung-bei-bfw-liegenschaften\\\/#primaryimage\"},\"thumbnailUrl\":\"https:\\\/\\\/www.immobilienbusiness.ch\\\/wp-content\\\/uploads\\\/2019\\\/05\\\/Depositphotos_43061653_xl-2015.jpg\",\"datePublished\":\"2020-05-14T06:28:31+00:00\",\"dateModified\":\"2023-08-09T19:19:03+00:00\",\"breadcrumb\":{\"@id\":\"https:\\\/\\\/www.immobilienbusiness.ch\\\/unternehmen\\\/2020-05-14\\\/keine-ausschuettung-bei-bfw-liegenschaften\\\/#breadcrumb\"},\"inLanguage\":\"fr-FR\",\"potentialAction\":[{\"@type\":\"ReadAction\",\"target\":[\"https:\\\/\\\/www.immobilienbusiness.ch\\\/unternehmen\\\/2020-05-14\\\/keine-ausschuettung-bei-bfw-liegenschaften\\\/\"]}]},{\"@type\":\"ImageObject\",\"inLanguage\":\"fr-FR\",\"@id\":\"https:\\\/\\\/www.immobilienbusiness.ch\\\/unternehmen\\\/2020-05-14\\\/keine-ausschuettung-bei-bfw-liegenschaften\\\/#primaryimage\",\"url\":\"https:\\\/\\\/www.immobilienbusiness.ch\\\/wp-content\\\/uploads\\\/2019\\\/05\\\/Depositphotos_43061653_xl-2015.jpg\",\"contentUrl\":\"https:\\\/\\\/www.immobilienbusiness.ch\\\/wp-content\\\/uploads\\\/2019\\\/05\\\/Depositphotos_43061653_xl-2015.jpg\",\"width\":2560,\"height\":1714,\"caption\":\"Die Anlagegruppe \u00abSPA Immobilien Schweiz\u00bb hat ein Update zum 3. Quartal vorgelegt (Bild: Depositphotos)\"},{\"@type\":\"BreadcrumbList\",\"@id\":\"https:\\\/\\\/www.immobilienbusiness.ch\\\/unternehmen\\\/2020-05-14\\\/keine-ausschuettung-bei-bfw-liegenschaften\\\/#breadcrumb\",\"itemListElement\":[{\"@type\":\"ListItem\",\"position\":1,\"name\":\"Home\",\"item\":\"https:\\\/\\\/www.immobilienbusiness.ch\\\/\"},{\"@type\":\"ListItem\",\"position\":2,\"name\":\"Keine Aussch\u00fcttung bei BFW Liegenschaften\"}]},{\"@type\":\"WebSite\",\"@id\":\"https:\\\/\\\/www.immobilienbusiness.ch\\\/#website\",\"url\":\"https:\\\/\\\/www.immobilienbusiness.ch\\\/\",\"name\":\"IMMOBILIEN Business\",\"description\":\"Unabh\u00e4ngiges Schweizer Wirtschaftsmagazin mit Fokus auf Immobilien, Architektur- und Bau sowie Investment- und Finanzierung.\",\"publisher\":{\"@id\":\"https:\\\/\\\/www.immobilienbusiness.ch\\\/#organization\"},\"potentialAction\":[{\"@type\":\"SearchAction\",\"target\":{\"@type\":\"EntryPoint\",\"urlTemplate\":\"https:\\\/\\\/www.immobilienbusiness.ch\\\/?s={search_term_string}\"},\"query-input\":{\"@type\":\"PropertyValueSpecification\",\"valueRequired\":true,\"valueName\":\"search_term_string\"}}],\"inLanguage\":\"fr-FR\"},{\"@type\":\"Organization\",\"@id\":\"https:\\\/\\\/www.immobilienbusiness.ch\\\/#organization\",\"name\":\"IMMOBILIEN Business\",\"url\":\"https:\\\/\\\/www.immobilienbusiness.ch\\\/\",\"logo\":{\"@type\":\"ImageObject\",\"inLanguage\":\"fr-FR\",\"@id\":\"https:\\\/\\\/www.immobilienbusiness.ch\\\/#\\\/schema\\\/logo\\\/image\\\/\",\"url\":\"https:\\\/\\\/www.immobilienbusiness.ch\\\/wp-content\\\/uploads\\\/2021\\\/07\\\/logo_ib.png\",\"contentUrl\":\"https:\\\/\\\/www.immobilienbusiness.ch\\\/wp-content\\\/uploads\\\/2021\\\/07\\\/logo_ib.png\",\"width\":800,\"height\":181,\"caption\":\"IMMOBILIEN Business\"},\"image\":{\"@id\":\"https:\\\/\\\/www.immobilienbusiness.ch\\\/#\\\/schema\\\/logo\\\/image\\\/\"},\"sameAs\":[\"https:\\\/\\\/www.facebook.com\\\/immobilienbusiness\\\/\"]},{\"@type\":\"Person\",\"@id\":\"https:\\\/\\\/www.immobilienbusiness.ch\\\/#\\\/schema\\\/person\\\/3fc036297b10b9f42d6db5ee932af8c8\",\"name\":\"anja.hall\",\"image\":{\"@type\":\"ImageObject\",\"inLanguage\":\"fr-FR\",\"@id\":\"https:\\\/\\\/secure.gravatar.com\\\/avatar\\\/066b5a0d447013502c71a5782f4f3469f03cfe595cc2329fb94652fe47511bfb?s=96&d=mm&r=g\",\"url\":\"https:\\\/\\\/secure.gravatar.com\\\/avatar\\\/066b5a0d447013502c71a5782f4f3469f03cfe595cc2329fb94652fe47511bfb?s=96&d=mm&r=g\",\"contentUrl\":\"https:\\\/\\\/secure.gravatar.com\\\/avatar\\\/066b5a0d447013502c71a5782f4f3469f03cfe595cc2329fb94652fe47511bfb?s=96&d=mm&r=g\",\"caption\":\"anja.hall\"},\"url\":\"https:\\\/\\\/www.immobilienbusiness.ch\\\/fr\\\/author\\\/anja-hall\\\/\"}]}<\/script>\n<!-- \/ Yoast SEO plugin. -->","yoast_head_json":{"title":"Keine Aussch\u00fcttung bei BFW Liegenschaften - IMMOBILIEN Business","robots":{"index":"index","follow":"follow","max-snippet":"max-snippet:-1","max-image-preview":"max-image-preview:large","max-video-preview":"max-video-preview:-1"},"canonical":"https:\/\/www.immobilienbusiness.ch\/fr\/unternehmen\/2020-05-14\/keine-ausschuettung-bei-bfw-liegenschaften\/","og_locale":"fr_FR","og_type":"article","og_title":"Keine Aussch\u00fcttung bei BFW Liegenschaften - IMMOBILIEN Business","og_description":"Die Generalversammlung der BFW Liegenschaften AG hat den Antrag der beiden unabh\u00e4ngigen Verwaltungsratsmitglieder auf eine Kapitalherabsetzung und Nennwertaussch\u00fcttung abgelehnt.","og_url":"https:\/\/www.immobilienbusiness.ch\/fr\/unternehmen\/2020-05-14\/keine-ausschuettung-bei-bfw-liegenschaften\/","og_site_name":"IMMOBILIEN Business","article_publisher":"https:\/\/www.facebook.com\/immobilienbusiness\/","article_published_time":"2020-05-14T06:28:31+00:00","article_modified_time":"2023-08-09T19:19:03+00:00","og_image":[{"width":1024,"height":686,"url":"https:\/\/www.immobilienbusiness.ch\/wp-content\/uploads\/2019\/05\/Depositphotos_43061653_xl-2015-1024x686.jpg","type":"image\/jpeg"}],"author":"anja.hall","twitter_card":"summary_large_image","twitter_image":"https:\/\/www.immobilienbusiness.ch\/wp-content\/uploads\/2019\/05\/Depositphotos_43061653_xl-2015.jpg","schema":{"@context":"https:\/\/schema.org","@graph":[{"@type":"Article","@id":"https:\/\/www.immobilienbusiness.ch\/unternehmen\/2020-05-14\/keine-ausschuettung-bei-bfw-liegenschaften\/#article","isPartOf":{"@id":"https:\/\/www.immobilienbusiness.ch\/unternehmen\/2020-05-14\/keine-ausschuettung-bei-bfw-liegenschaften\/"},"author":{"name":"anja.hall","@id":"https:\/\/www.immobilienbusiness.ch\/#\/schema\/person\/3fc036297b10b9f42d6db5ee932af8c8"},"headline":"Keine Aussch\u00fcttung bei BFW Liegenschaften","datePublished":"2020-05-14T06:28:31+00:00","dateModified":"2023-08-09T19:19:03+00:00","mainEntityOfPage":{"@id":"https:\/\/www.immobilienbusiness.ch\/unternehmen\/2020-05-14\/keine-ausschuettung-bei-bfw-liegenschaften\/"},"wordCount":193,"publisher":{"@id":"https:\/\/www.immobilienbusiness.ch\/#organization"},"image":{"@id":"https:\/\/www.immobilienbusiness.ch\/unternehmen\/2020-05-14\/keine-ausschuettung-bei-bfw-liegenschaften\/#primaryimage"},"thumbnailUrl":"https:\/\/www.immobilienbusiness.ch\/wp-content\/uploads\/2019\/05\/Depositphotos_43061653_xl-2015.jpg","keywords":["bfw liegenschaften ag"],"articleSection":["UNTERNEHMEN"],"inLanguage":"fr-FR"},{"@type":"WebPage","@id":"https:\/\/www.immobilienbusiness.ch\/unternehmen\/2020-05-14\/keine-ausschuettung-bei-bfw-liegenschaften\/","url":"https:\/\/www.immobilienbusiness.ch\/unternehmen\/2020-05-14\/keine-ausschuettung-bei-bfw-liegenschaften\/","name":"Keine Aussch\u00fcttung bei BFW Liegenschaften - IMMOBILIEN Business","isPartOf":{"@id":"https:\/\/www.immobilienbusiness.ch\/#website"},"primaryImageOfPage":{"@id":"https:\/\/www.immobilienbusiness.ch\/unternehmen\/2020-05-14\/keine-ausschuettung-bei-bfw-liegenschaften\/#primaryimage"},"image":{"@id":"https:\/\/www.immobilienbusiness.ch\/unternehmen\/2020-05-14\/keine-ausschuettung-bei-bfw-liegenschaften\/#primaryimage"},"thumbnailUrl":"https:\/\/www.immobilienbusiness.ch\/wp-content\/uploads\/2019\/05\/Depositphotos_43061653_xl-2015.jpg","datePublished":"2020-05-14T06:28:31+00:00","dateModified":"2023-08-09T19:19:03+00:00","breadcrumb":{"@id":"https:\/\/www.immobilienbusiness.ch\/unternehmen\/2020-05-14\/keine-ausschuettung-bei-bfw-liegenschaften\/#breadcrumb"},"inLanguage":"fr-FR","potentialAction":[{"@type":"ReadAction","target":["https:\/\/www.immobilienbusiness.ch\/unternehmen\/2020-05-14\/keine-ausschuettung-bei-bfw-liegenschaften\/"]}]},{"@type":"ImageObject","inLanguage":"fr-FR","@id":"https:\/\/www.immobilienbusiness.ch\/unternehmen\/2020-05-14\/keine-ausschuettung-bei-bfw-liegenschaften\/#primaryimage","url":"https:\/\/www.immobilienbusiness.ch\/wp-content\/uploads\/2019\/05\/Depositphotos_43061653_xl-2015.jpg","contentUrl":"https:\/\/www.immobilienbusiness.ch\/wp-content\/uploads\/2019\/05\/Depositphotos_43061653_xl-2015.jpg","width":2560,"height":1714,"caption":"Die Anlagegruppe \u00abSPA Immobilien Schweiz\u00bb hat ein Update zum 3. Quartal vorgelegt (Bild: Depositphotos)"},{"@type":"BreadcrumbList","@id":"https:\/\/www.immobilienbusiness.ch\/unternehmen\/2020-05-14\/keine-ausschuettung-bei-bfw-liegenschaften\/#breadcrumb","itemListElement":[{"@type":"ListItem","position":1,"name":"Home","item":"https:\/\/www.immobilienbusiness.ch\/"},{"@type":"ListItem","position":2,"name":"Keine Aussch\u00fcttung bei BFW Liegenschaften"}]},{"@type":"WebSite","@id":"https:\/\/www.immobilienbusiness.ch\/#website","url":"https:\/\/www.immobilienbusiness.ch\/","name":"IMMOBILIER Business","description":"Magazine \u00e9conomique suisse ind\u00e9pendant ax\u00e9 sur l'immobilier, l'architecture et la construction ainsi que sur les investissements et le financement.","publisher":{"@id":"https:\/\/www.immobilienbusiness.ch\/#organization"},"potentialAction":[{"@type":"SearchAction","target":{"@type":"EntryPoint","urlTemplate":"https:\/\/www.immobilienbusiness.ch\/?s={search_term_string}"},"query-input":{"@type":"PropertyValueSpecification","valueRequired":true,"valueName":"search_term_string"}}],"inLanguage":"fr-FR"},{"@type":"Organization","@id":"https:\/\/www.immobilienbusiness.ch\/#organization","name":"IMMOBILIER Business","url":"https:\/\/www.immobilienbusiness.ch\/","logo":{"@type":"ImageObject","inLanguage":"fr-FR","@id":"https:\/\/www.immobilienbusiness.ch\/#\/schema\/logo\/image\/","url":"https:\/\/www.immobilienbusiness.ch\/wp-content\/uploads\/2021\/07\/logo_ib.png","contentUrl":"https:\/\/www.immobilienbusiness.ch\/wp-content\/uploads\/2021\/07\/logo_ib.png","width":800,"height":181,"caption":"IMMOBILIEN Business"},"image":{"@id":"https:\/\/www.immobilienbusiness.ch\/#\/schema\/logo\/image\/"},"sameAs":["https:\/\/www.facebook.com\/immobilienbusiness\/"]},{"@type":"Person","@id":"https:\/\/www.immobilienbusiness.ch\/#\/schema\/person\/3fc036297b10b9f42d6db5ee932af8c8","name":"anja.hall","image":{"@type":"ImageObject","inLanguage":"fr-FR","@id":"https:\/\/secure.gravatar.com\/avatar\/066b5a0d447013502c71a5782f4f3469f03cfe595cc2329fb94652fe47511bfb?s=96&d=mm&r=g","url":"https:\/\/secure.gravatar.com\/avatar\/066b5a0d447013502c71a5782f4f3469f03cfe595cc2329fb94652fe47511bfb?s=96&d=mm&r=g","contentUrl":"https:\/\/secure.gravatar.com\/avatar\/066b5a0d447013502c71a5782f4f3469f03cfe595cc2329fb94652fe47511bfb?s=96&d=mm&r=g","caption":"anja.hall"},"url":"https:\/\/www.immobilienbusiness.ch\/fr\/author\/anja-hall\/"}]}},"_links":{"self":[{"href":"https:\/\/www.immobilienbusiness.ch\/fr\/wp-json\/wp\/v2\/posts\/21214","targetHints":{"allow":["GET"]}}],"collection":[{"href":"https:\/\/www.immobilienbusiness.ch\/fr\/wp-json\/wp\/v2\/posts"}],"about":[{"href":"https:\/\/www.immobilienbusiness.ch\/fr\/wp-json\/wp\/v2\/types\/post"}],"author":[{"embeddable":true,"href":"https:\/\/www.immobilienbusiness.ch\/fr\/wp-json\/wp\/v2\/users\/3"}],"replies":[{"embeddable":true,"href":"https:\/\/www.immobilienbusiness.ch\/fr\/wp-json\/wp\/v2\/comments?post=21214"}],"version-history":[{"count":1,"href":"https:\/\/www.immobilienbusiness.ch\/fr\/wp-json\/wp\/v2\/posts\/21214\/revisions"}],"predecessor-version":[{"id":51844,"href":"https:\/\/www.immobilienbusiness.ch\/fr\/wp-json\/wp\/v2\/posts\/21214\/revisions\/51844"}],"wp:featuredmedia":[{"embeddable":true,"href":"https:\/\/www.immobilienbusiness.ch\/fr\/wp-json\/wp\/v2\/media\/17169"}],"wp:attachment":[{"href":"https:\/\/www.immobilienbusiness.ch\/fr\/wp-json\/wp\/v2\/media?parent=21214"}],"wp:term":[{"taxonomy":"category","embeddable":true,"href":"https:\/\/www.immobilienbusiness.ch\/fr\/wp-json\/wp\/v2\/categories?post=21214"},{"taxonomy":"post_tag","embeddable":true,"href":"https:\/\/www.immobilienbusiness.ch\/fr\/wp-json\/wp\/v2\/tags?post=21214"}],"curies":[{"name":"wp","href":"https:\/\/api.w.org\/{rel}","templated":true}]}}