{"id":21190,"date":"2020-05-12T08:35:26","date_gmt":"2020-05-12T06:35:26","guid":{"rendered":"https:\/\/www.immobilienbusiness.ch\/?p=21190"},"modified":"2023-08-09T21:19:19","modified_gmt":"2023-08-09T19:19:19","slug":"swiss-life-am-steigert-fee-ertraege","status":"publish","type":"post","link":"https:\/\/www.immobilienbusiness.ch\/fr\/unternehmen\/2020-05-12\/swiss-life-am-steigert-fee-ertraege\/","title":{"rendered":"Swiss Life AM augmente ses revenus de commissions"},"content":{"rendered":"<figure id=\"attachment_8281\" aria-describedby=\"caption-attachment-8281\" style=\"width: 624px\" class=\"wp-caption alignnone\"><img loading=\"lazy\" decoding=\"async\" class=\"wp-image-8281 size-full\" src=\"https:\/\/www.immobilienbusiness.ch\/wp-content\/uploads\/2017\/07\/Immobilien-Business-News-20170710-Dekotierung-Pax-Anlage-AG-c-Alexmit-\u2013-depositphotos.jpg\" alt=\"Swiss Life Managers \" width=\"624\" height=\"392\" srcset=\"https:\/\/www.immobilienbusiness.ch\/wp-content\/uploads\/2017\/07\/Immobilien-Business-News-20170710-Dekotierung-Pax-Anlage-AG-c-Alexmit-\u2013-depositphotos.jpg 624w, https:\/\/www.immobilienbusiness.ch\/wp-content\/uploads\/2017\/07\/Immobilien-Business-News-20170710-Dekotierung-Pax-Anlage-AG-c-Alexmit-\u2013-depositphotos-300x188.jpg 300w, https:\/\/www.immobilienbusiness.ch\/wp-content\/uploads\/2017\/07\/Immobilien-Business-News-20170710-Dekotierung-Pax-Anlage-AG-c-Alexmit-\u2013-depositphotos-16x10.jpg 16w, https:\/\/www.immobilienbusiness.ch\/wp-content\/uploads\/2017\/07\/Immobilien-Business-News-20170710-Dekotierung-Pax-Anlage-AG-c-Alexmit-\u2013-depositphotos-279x175.jpg 279w, https:\/\/www.immobilienbusiness.ch\/wp-content\/uploads\/2017\/07\/Immobilien-Business-News-20170710-Dekotierung-Pax-Anlage-AG-c-Alexmit-\u2013-depositphotos-557x350.jpg 557w\" sizes=\"auto, (max-width: 624px) 100vw, 624px\" \/><figcaption id=\"caption-attachment-8281\" class=\"wp-caption-text\">Swiss Life Asset Managers annonce une hausse des revenus tir\u00e9s des commissions au premier trimestre 2020 (Image : Alexmit - depositphotos)<\/figcaption><\/figure>\n<p>Comme l'a indiqu\u00e9 Swiss Life lors de la publication de ses r\u00e9sultats pour le premier trimestre 2020, Swiss Life Asset Managers a enregistr\u00e9 un afflux net d'argent frais de 13 millions de francs suisses au cours des trois premiers mois de l'ann\u00e9e dans ses activit\u00e9s avec les clients tiers, contre 4,6 milliards l'ann\u00e9e pr\u00e9c\u00e9dente.<\/p>\n<p>Corrig\u00e9 des fonds du march\u00e9 mon\u00e9taire, l'afflux net d'argent frais se serait \u00e9lev\u00e9 \u00e0 1,1 milliard (ann\u00e9e pr\u00e9c\u00e9dente : 2,8 milliards). Les actifs g\u00e9r\u00e9s pour des clients tiers s'\u00e9levaient \u00e0 79,3 milliards \u00e0 la fin mars 2020. A la fin de l'ann\u00e9e 2019, ils \u00e9taient encore de 83,0 milliards.<\/p>\n<p>Les effets de la pand\u00e9mie de Covid-19 sont encore g\u00e9rables dans les chiffres commerciaux du premier trimestre, explique Patrick Frost, Group CEO de Swiss Life. \"Nous avons pris des mesures pour que les effets restent limit\u00e9s pour le reste de l'ann\u00e9e\".<\/p>\n<p>Pour Swiss Life, les effets les plus importants de la pand\u00e9mie de Corona se feront sentir sur les march\u00e9s financiers. Pour l'exercice 2020, cela concerne l'activit\u00e9 Fee et, par le biais des produits des placements et du r\u00e9sultat net des placements, \u00e9galement l'activit\u00e9 d'assurance. Le mod\u00e8le commercial de Swiss Life est toutefois durable et largement \u00e9tay\u00e9, et les objectifs financiers du programme d'entreprise \"Swiss Life 2021\" sont donc maintenus. <em>(ah)<\/em><\/p>","protected":false},"excerpt":{"rendered":"<p>Swiss Life Asset Managers a g\u00e9n\u00e9r\u00e9 190 millions de francs suisses de produits de commissions au premier trimestre 2020, soit 11% de plus que l'ann\u00e9e pr\u00e9c\u00e9dente.<\/p>","protected":false},"author":3,"featured_media":8281,"comment_status":"closed","ping_status":"closed","sticky":false,"template":"","format":"standard","meta":{"_acf_changed":false,"_yoast_wpseo_focuskw":"Swiss Life Managers","_yoast_wpseo_title":"","_yoast_wpseo_metadesc":"Swiss Life Asset Managers hat im ersten Quartal 2020 Fee-Ertr\u00e4ge von 190 Millionen CHF erwirtschaftet, das sind 11% mehr als im Vorjahr.","_yoast_wpseo_linkdex":58,"pgc_sgb_lightbox_settings":"","footnotes":""},"categories":[988],"tags":[1758],"class_list":["post-21190","post","type-post","status-publish","format-standard","has-post-thumbnail","hentry","category-unternehmen","tag-swiss-life-asset-managers"],"acf":[],"yoast_head":"<!-- This site is optimized with the Yoast SEO plugin v27.5 - https:\/\/yoast.com\/product\/yoast-seo-wordpress\/ -->\n<title>Swiss Life AM steigert Fee-Ertr\u00e4ge - IMMOBILIEN Business<\/title>\n<meta name=\"description\" content=\"Swiss Life Asset Managers hat im ersten Quartal 2020 Fee-Ertr\u00e4ge von 190 Millionen CHF erwirtschaftet, das sind 11% mehr als im Vorjahr.\" \/>\n<meta name=\"robots\" content=\"index, follow, max-snippet:-1, max-image-preview:large, max-video-preview:-1\" \/>\n<link rel=\"canonical\" href=\"https:\/\/www.immobilienbusiness.ch\/fr\/unternehmen\/2020-05-12\/swiss-life-am-steigert-fee-ertraege\/\" \/>\n<meta property=\"og:locale\" content=\"fr_FR\" \/>\n<meta property=\"og:type\" content=\"article\" \/>\n<meta property=\"og:title\" content=\"Swiss Life AM steigert Fee-Ertr\u00e4ge - IMMOBILIEN Business\" \/>\n<meta property=\"og:description\" content=\"Swiss Life Asset Managers hat im ersten Quartal 2020 Fee-Ertr\u00e4ge von 190 Millionen CHF erwirtschaftet, das sind 11% mehr als im Vorjahr.\" \/>\n<meta property=\"og:url\" content=\"https:\/\/www.immobilienbusiness.ch\/fr\/unternehmen\/2020-05-12\/swiss-life-am-steigert-fee-ertraege\/\" \/>\n<meta property=\"og:site_name\" content=\"IMMOBILIEN Business\" \/>\n<meta property=\"article:publisher\" content=\"https:\/\/www.facebook.com\/immobilienbusiness\/\" \/>\n<meta property=\"article:published_time\" content=\"2020-05-12T06:35:26+00:00\" \/>\n<meta property=\"article:modified_time\" content=\"2023-08-09T19:19:19+00:00\" \/>\n<meta property=\"og:image\" content=\"https:\/\/www.immobilienbusiness.ch\/wp-content\/uploads\/2017\/07\/Immobilien-Business-News-20170710-Dekotierung-Pax-Anlage-AG-c-Alexmit-\u2013-depositphotos.jpg\" \/>\n\t<meta property=\"og:image:width\" content=\"624\" \/>\n\t<meta property=\"og:image:height\" content=\"392\" \/>\n\t<meta property=\"og:image:type\" content=\"image\/jpeg\" \/>\n<meta name=\"author\" content=\"anja.hall\" \/>\n<meta name=\"twitter:card\" content=\"summary_large_image\" \/>\n<meta name=\"twitter:image\" content=\"https:\/\/www.immobilienbusiness.ch\/wp-content\/uploads\/2017\/07\/Immobilien-Business-News-20170710-Dekotierung-Pax-Anlage-AG-c-Alexmit-\u2013-depositphotos.jpg\" \/>\n<script type=\"application\/ld+json\" class=\"yoast-schema-graph\">{\"@context\":\"https:\\\/\\\/schema.org\",\"@graph\":[{\"@type\":\"Article\",\"@id\":\"https:\\\/\\\/www.immobilienbusiness.ch\\\/unternehmen\\\/2020-05-12\\\/swiss-life-am-steigert-fee-ertraege\\\/#article\",\"isPartOf\":{\"@id\":\"https:\\\/\\\/www.immobilienbusiness.ch\\\/unternehmen\\\/2020-05-12\\\/swiss-life-am-steigert-fee-ertraege\\\/\"},\"author\":{\"name\":\"anja.hall\",\"@id\":\"https:\\\/\\\/www.immobilienbusiness.ch\\\/#\\\/schema\\\/person\\\/3fc036297b10b9f42d6db5ee932af8c8\"},\"headline\":\"Swiss Life AM steigert Fee-Ertr\u00e4ge\",\"datePublished\":\"2020-05-12T06:35:26+00:00\",\"dateModified\":\"2023-08-09T19:19:19+00:00\",\"mainEntityOfPage\":{\"@id\":\"https:\\\/\\\/www.immobilienbusiness.ch\\\/unternehmen\\\/2020-05-12\\\/swiss-life-am-steigert-fee-ertraege\\\/\"},\"wordCount\":212,\"publisher\":{\"@id\":\"https:\\\/\\\/www.immobilienbusiness.ch\\\/#organization\"},\"image\":{\"@id\":\"https:\\\/\\\/www.immobilienbusiness.ch\\\/unternehmen\\\/2020-05-12\\\/swiss-life-am-steigert-fee-ertraege\\\/#primaryimage\"},\"thumbnailUrl\":\"https:\\\/\\\/www.immobilienbusiness.ch\\\/wp-content\\\/uploads\\\/2017\\\/07\\\/Immobilien-Business-News-20170710-Dekotierung-Pax-Anlage-AG-c-Alexmit-\u2013-depositphotos.jpg\",\"keywords\":[\"Swiss Life Asset Managers\"],\"articleSection\":[\"UNTERNEHMEN\"],\"inLanguage\":\"fr-FR\"},{\"@type\":\"WebPage\",\"@id\":\"https:\\\/\\\/www.immobilienbusiness.ch\\\/unternehmen\\\/2020-05-12\\\/swiss-life-am-steigert-fee-ertraege\\\/\",\"url\":\"https:\\\/\\\/www.immobilienbusiness.ch\\\/unternehmen\\\/2020-05-12\\\/swiss-life-am-steigert-fee-ertraege\\\/\",\"name\":\"Swiss Life AM steigert Fee-Ertr\u00e4ge - IMMOBILIEN Business\",\"isPartOf\":{\"@id\":\"https:\\\/\\\/www.immobilienbusiness.ch\\\/#website\"},\"primaryImageOfPage\":{\"@id\":\"https:\\\/\\\/www.immobilienbusiness.ch\\\/unternehmen\\\/2020-05-12\\\/swiss-life-am-steigert-fee-ertraege\\\/#primaryimage\"},\"image\":{\"@id\":\"https:\\\/\\\/www.immobilienbusiness.ch\\\/unternehmen\\\/2020-05-12\\\/swiss-life-am-steigert-fee-ertraege\\\/#primaryimage\"},\"thumbnailUrl\":\"https:\\\/\\\/www.immobilienbusiness.ch\\\/wp-content\\\/uploads\\\/2017\\\/07\\\/Immobilien-Business-News-20170710-Dekotierung-Pax-Anlage-AG-c-Alexmit-\u2013-depositphotos.jpg\",\"datePublished\":\"2020-05-12T06:35:26+00:00\",\"dateModified\":\"2023-08-09T19:19:19+00:00\",\"description\":\"Swiss Life Asset Managers hat im ersten Quartal 2020 Fee-Ertr\u00e4ge von 190 Millionen CHF erwirtschaftet, das sind 11% mehr als im Vorjahr.\",\"breadcrumb\":{\"@id\":\"https:\\\/\\\/www.immobilienbusiness.ch\\\/unternehmen\\\/2020-05-12\\\/swiss-life-am-steigert-fee-ertraege\\\/#breadcrumb\"},\"inLanguage\":\"fr-FR\",\"potentialAction\":[{\"@type\":\"ReadAction\",\"target\":[\"https:\\\/\\\/www.immobilienbusiness.ch\\\/unternehmen\\\/2020-05-12\\\/swiss-life-am-steigert-fee-ertraege\\\/\"]}]},{\"@type\":\"ImageObject\",\"inLanguage\":\"fr-FR\",\"@id\":\"https:\\\/\\\/www.immobilienbusiness.ch\\\/unternehmen\\\/2020-05-12\\\/swiss-life-am-steigert-fee-ertraege\\\/#primaryimage\",\"url\":\"https:\\\/\\\/www.immobilienbusiness.ch\\\/wp-content\\\/uploads\\\/2017\\\/07\\\/Immobilien-Business-News-20170710-Dekotierung-Pax-Anlage-AG-c-Alexmit-\u2013-depositphotos.jpg\",\"contentUrl\":\"https:\\\/\\\/www.immobilienbusiness.ch\\\/wp-content\\\/uploads\\\/2017\\\/07\\\/Immobilien-Business-News-20170710-Dekotierung-Pax-Anlage-AG-c-Alexmit-\u2013-depositphotos.jpg\",\"width\":624,\"height\":392,\"caption\":\"Ecoreal hat ein Quartalsupdate f\u00fcr seine beiden Anlagegruppen vorgelegt (Bild: Alexmit \u2013 depositphotos)\"},{\"@type\":\"BreadcrumbList\",\"@id\":\"https:\\\/\\\/www.immobilienbusiness.ch\\\/unternehmen\\\/2020-05-12\\\/swiss-life-am-steigert-fee-ertraege\\\/#breadcrumb\",\"itemListElement\":[{\"@type\":\"ListItem\",\"position\":1,\"name\":\"Home\",\"item\":\"https:\\\/\\\/www.immobilienbusiness.ch\\\/\"},{\"@type\":\"ListItem\",\"position\":2,\"name\":\"Swiss Life AM steigert Fee-Ertr\u00e4ge\"}]},{\"@type\":\"WebSite\",\"@id\":\"https:\\\/\\\/www.immobilienbusiness.ch\\\/#website\",\"url\":\"https:\\\/\\\/www.immobilienbusiness.ch\\\/\",\"name\":\"IMMOBILIEN Business\",\"description\":\"Unabh\u00e4ngiges Schweizer Wirtschaftsmagazin mit Fokus auf Immobilien, Architektur- und Bau sowie Investment- und Finanzierung.\",\"publisher\":{\"@id\":\"https:\\\/\\\/www.immobilienbusiness.ch\\\/#organization\"},\"potentialAction\":[{\"@type\":\"SearchAction\",\"target\":{\"@type\":\"EntryPoint\",\"urlTemplate\":\"https:\\\/\\\/www.immobilienbusiness.ch\\\/?s={search_term_string}\"},\"query-input\":{\"@type\":\"PropertyValueSpecification\",\"valueRequired\":true,\"valueName\":\"search_term_string\"}}],\"inLanguage\":\"fr-FR\"},{\"@type\":\"Organization\",\"@id\":\"https:\\\/\\\/www.immobilienbusiness.ch\\\/#organization\",\"name\":\"IMMOBILIEN Business\",\"url\":\"https:\\\/\\\/www.immobilienbusiness.ch\\\/\",\"logo\":{\"@type\":\"ImageObject\",\"inLanguage\":\"fr-FR\",\"@id\":\"https:\\\/\\\/www.immobilienbusiness.ch\\\/#\\\/schema\\\/logo\\\/image\\\/\",\"url\":\"https:\\\/\\\/www.immobilienbusiness.ch\\\/wp-content\\\/uploads\\\/2021\\\/07\\\/logo_ib.png\",\"contentUrl\":\"https:\\\/\\\/www.immobilienbusiness.ch\\\/wp-content\\\/uploads\\\/2021\\\/07\\\/logo_ib.png\",\"width\":800,\"height\":181,\"caption\":\"IMMOBILIEN Business\"},\"image\":{\"@id\":\"https:\\\/\\\/www.immobilienbusiness.ch\\\/#\\\/schema\\\/logo\\\/image\\\/\"},\"sameAs\":[\"https:\\\/\\\/www.facebook.com\\\/immobilienbusiness\\\/\"]},{\"@type\":\"Person\",\"@id\":\"https:\\\/\\\/www.immobilienbusiness.ch\\\/#\\\/schema\\\/person\\\/3fc036297b10b9f42d6db5ee932af8c8\",\"name\":\"anja.hall\",\"image\":{\"@type\":\"ImageObject\",\"inLanguage\":\"fr-FR\",\"@id\":\"https:\\\/\\\/secure.gravatar.com\\\/avatar\\\/066b5a0d447013502c71a5782f4f3469f03cfe595cc2329fb94652fe47511bfb?s=96&d=mm&r=g\",\"url\":\"https:\\\/\\\/secure.gravatar.com\\\/avatar\\\/066b5a0d447013502c71a5782f4f3469f03cfe595cc2329fb94652fe47511bfb?s=96&d=mm&r=g\",\"contentUrl\":\"https:\\\/\\\/secure.gravatar.com\\\/avatar\\\/066b5a0d447013502c71a5782f4f3469f03cfe595cc2329fb94652fe47511bfb?s=96&d=mm&r=g\",\"caption\":\"anja.hall\"},\"url\":\"https:\\\/\\\/www.immobilienbusiness.ch\\\/fr\\\/author\\\/anja-hall\\\/\"}]}<\/script>\n<!-- \/ Yoast SEO plugin. -->","yoast_head_json":{"title":"Swiss Life AM augmente ses revenus de commissions - IMMOBILIER Business","description":"Swiss Life Asset Managers a g\u00e9n\u00e9r\u00e9 190 millions de francs suisses de produits de commissions au premier trimestre 2020, soit 11% de plus que l'ann\u00e9e pr\u00e9c\u00e9dente.","robots":{"index":"index","follow":"follow","max-snippet":"max-snippet:-1","max-image-preview":"max-image-preview:large","max-video-preview":"max-video-preview:-1"},"canonical":"https:\/\/www.immobilienbusiness.ch\/fr\/unternehmen\/2020-05-12\/swiss-life-am-steigert-fee-ertraege\/","og_locale":"fr_FR","og_type":"article","og_title":"Swiss Life AM steigert Fee-Ertr\u00e4ge - IMMOBILIEN Business","og_description":"Swiss Life Asset Managers hat im ersten Quartal 2020 Fee-Ertr\u00e4ge von 190 Millionen CHF erwirtschaftet, das sind 11% mehr als im Vorjahr.","og_url":"https:\/\/www.immobilienbusiness.ch\/fr\/unternehmen\/2020-05-12\/swiss-life-am-steigert-fee-ertraege\/","og_site_name":"IMMOBILIEN Business","article_publisher":"https:\/\/www.facebook.com\/immobilienbusiness\/","article_published_time":"2020-05-12T06:35:26+00:00","article_modified_time":"2023-08-09T19:19:19+00:00","og_image":[{"width":624,"height":392,"url":"https:\/\/www.immobilienbusiness.ch\/wp-content\/uploads\/2017\/07\/Immobilien-Business-News-20170710-Dekotierung-Pax-Anlage-AG-c-Alexmit-\u2013-depositphotos.jpg","type":"image\/jpeg"}],"author":"anja.hall","twitter_card":"summary_large_image","twitter_image":"https:\/\/www.immobilienbusiness.ch\/wp-content\/uploads\/2017\/07\/Immobilien-Business-News-20170710-Dekotierung-Pax-Anlage-AG-c-Alexmit-\u2013-depositphotos.jpg","schema":{"@context":"https:\/\/schema.org","@graph":[{"@type":"Article","@id":"https:\/\/www.immobilienbusiness.ch\/unternehmen\/2020-05-12\/swiss-life-am-steigert-fee-ertraege\/#article","isPartOf":{"@id":"https:\/\/www.immobilienbusiness.ch\/unternehmen\/2020-05-12\/swiss-life-am-steigert-fee-ertraege\/"},"author":{"name":"anja.hall","@id":"https:\/\/www.immobilienbusiness.ch\/#\/schema\/person\/3fc036297b10b9f42d6db5ee932af8c8"},"headline":"Swiss Life AM steigert Fee-Ertr\u00e4ge","datePublished":"2020-05-12T06:35:26+00:00","dateModified":"2023-08-09T19:19:19+00:00","mainEntityOfPage":{"@id":"https:\/\/www.immobilienbusiness.ch\/unternehmen\/2020-05-12\/swiss-life-am-steigert-fee-ertraege\/"},"wordCount":212,"publisher":{"@id":"https:\/\/www.immobilienbusiness.ch\/#organization"},"image":{"@id":"https:\/\/www.immobilienbusiness.ch\/unternehmen\/2020-05-12\/swiss-life-am-steigert-fee-ertraege\/#primaryimage"},"thumbnailUrl":"https:\/\/www.immobilienbusiness.ch\/wp-content\/uploads\/2017\/07\/Immobilien-Business-News-20170710-Dekotierung-Pax-Anlage-AG-c-Alexmit-\u2013-depositphotos.jpg","keywords":["Swiss Life Asset Managers"],"articleSection":["UNTERNEHMEN"],"inLanguage":"fr-FR"},{"@type":"WebPage","@id":"https:\/\/www.immobilienbusiness.ch\/unternehmen\/2020-05-12\/swiss-life-am-steigert-fee-ertraege\/","url":"https:\/\/www.immobilienbusiness.ch\/unternehmen\/2020-05-12\/swiss-life-am-steigert-fee-ertraege\/","name":"Swiss Life AM augmente ses revenus de commissions - IMMOBILIER Business","isPartOf":{"@id":"https:\/\/www.immobilienbusiness.ch\/#website"},"primaryImageOfPage":{"@id":"https:\/\/www.immobilienbusiness.ch\/unternehmen\/2020-05-12\/swiss-life-am-steigert-fee-ertraege\/#primaryimage"},"image":{"@id":"https:\/\/www.immobilienbusiness.ch\/unternehmen\/2020-05-12\/swiss-life-am-steigert-fee-ertraege\/#primaryimage"},"thumbnailUrl":"https:\/\/www.immobilienbusiness.ch\/wp-content\/uploads\/2017\/07\/Immobilien-Business-News-20170710-Dekotierung-Pax-Anlage-AG-c-Alexmit-\u2013-depositphotos.jpg","datePublished":"2020-05-12T06:35:26+00:00","dateModified":"2023-08-09T19:19:19+00:00","description":"Swiss Life Asset Managers a g\u00e9n\u00e9r\u00e9 190 millions de francs suisses de produits de commissions au premier trimestre 2020, soit 11% de plus que l'ann\u00e9e pr\u00e9c\u00e9dente.","breadcrumb":{"@id":"https:\/\/www.immobilienbusiness.ch\/unternehmen\/2020-05-12\/swiss-life-am-steigert-fee-ertraege\/#breadcrumb"},"inLanguage":"fr-FR","potentialAction":[{"@type":"ReadAction","target":["https:\/\/www.immobilienbusiness.ch\/unternehmen\/2020-05-12\/swiss-life-am-steigert-fee-ertraege\/"]}]},{"@type":"ImageObject","inLanguage":"fr-FR","@id":"https:\/\/www.immobilienbusiness.ch\/unternehmen\/2020-05-12\/swiss-life-am-steigert-fee-ertraege\/#primaryimage","url":"https:\/\/www.immobilienbusiness.ch\/wp-content\/uploads\/2017\/07\/Immobilien-Business-News-20170710-Dekotierung-Pax-Anlage-AG-c-Alexmit-\u2013-depositphotos.jpg","contentUrl":"https:\/\/www.immobilienbusiness.ch\/wp-content\/uploads\/2017\/07\/Immobilien-Business-News-20170710-Dekotierung-Pax-Anlage-AG-c-Alexmit-\u2013-depositphotos.jpg","width":624,"height":392,"caption":"Ecoreal hat ein Quartalsupdate f\u00fcr seine beiden Anlagegruppen vorgelegt (Bild: Alexmit \u2013 depositphotos)"},{"@type":"BreadcrumbList","@id":"https:\/\/www.immobilienbusiness.ch\/unternehmen\/2020-05-12\/swiss-life-am-steigert-fee-ertraege\/#breadcrumb","itemListElement":[{"@type":"ListItem","position":1,"name":"Home","item":"https:\/\/www.immobilienbusiness.ch\/"},{"@type":"ListItem","position":2,"name":"Swiss Life AM steigert Fee-Ertr\u00e4ge"}]},{"@type":"WebSite","@id":"https:\/\/www.immobilienbusiness.ch\/#website","url":"https:\/\/www.immobilienbusiness.ch\/","name":"IMMOBILIER Business","description":"Magazine \u00e9conomique suisse ind\u00e9pendant ax\u00e9 sur l'immobilier, l'architecture et la construction ainsi que sur les investissements et le financement.","publisher":{"@id":"https:\/\/www.immobilienbusiness.ch\/#organization"},"potentialAction":[{"@type":"SearchAction","target":{"@type":"EntryPoint","urlTemplate":"https:\/\/www.immobilienbusiness.ch\/?s={search_term_string}"},"query-input":{"@type":"PropertyValueSpecification","valueRequired":true,"valueName":"search_term_string"}}],"inLanguage":"fr-FR"},{"@type":"Organization","@id":"https:\/\/www.immobilienbusiness.ch\/#organization","name":"IMMOBILIER Business","url":"https:\/\/www.immobilienbusiness.ch\/","logo":{"@type":"ImageObject","inLanguage":"fr-FR","@id":"https:\/\/www.immobilienbusiness.ch\/#\/schema\/logo\/image\/","url":"https:\/\/www.immobilienbusiness.ch\/wp-content\/uploads\/2021\/07\/logo_ib.png","contentUrl":"https:\/\/www.immobilienbusiness.ch\/wp-content\/uploads\/2021\/07\/logo_ib.png","width":800,"height":181,"caption":"IMMOBILIEN Business"},"image":{"@id":"https:\/\/www.immobilienbusiness.ch\/#\/schema\/logo\/image\/"},"sameAs":["https:\/\/www.facebook.com\/immobilienbusiness\/"]},{"@type":"Person","@id":"https:\/\/www.immobilienbusiness.ch\/#\/schema\/person\/3fc036297b10b9f42d6db5ee932af8c8","name":"anja.hall","image":{"@type":"ImageObject","inLanguage":"fr-FR","@id":"https:\/\/secure.gravatar.com\/avatar\/066b5a0d447013502c71a5782f4f3469f03cfe595cc2329fb94652fe47511bfb?s=96&d=mm&r=g","url":"https:\/\/secure.gravatar.com\/avatar\/066b5a0d447013502c71a5782f4f3469f03cfe595cc2329fb94652fe47511bfb?s=96&d=mm&r=g","contentUrl":"https:\/\/secure.gravatar.com\/avatar\/066b5a0d447013502c71a5782f4f3469f03cfe595cc2329fb94652fe47511bfb?s=96&d=mm&r=g","caption":"anja.hall"},"url":"https:\/\/www.immobilienbusiness.ch\/fr\/author\/anja-hall\/"}]}},"_links":{"self":[{"href":"https:\/\/www.immobilienbusiness.ch\/fr\/wp-json\/wp\/v2\/posts\/21190","targetHints":{"allow":["GET"]}}],"collection":[{"href":"https:\/\/www.immobilienbusiness.ch\/fr\/wp-json\/wp\/v2\/posts"}],"about":[{"href":"https:\/\/www.immobilienbusiness.ch\/fr\/wp-json\/wp\/v2\/types\/post"}],"author":[{"embeddable":true,"href":"https:\/\/www.immobilienbusiness.ch\/fr\/wp-json\/wp\/v2\/users\/3"}],"replies":[{"embeddable":true,"href":"https:\/\/www.immobilienbusiness.ch\/fr\/wp-json\/wp\/v2\/comments?post=21190"}],"version-history":[{"count":1,"href":"https:\/\/www.immobilienbusiness.ch\/fr\/wp-json\/wp\/v2\/posts\/21190\/revisions"}],"predecessor-version":[{"id":51845,"href":"https:\/\/www.immobilienbusiness.ch\/fr\/wp-json\/wp\/v2\/posts\/21190\/revisions\/51845"}],"wp:featuredmedia":[{"embeddable":true,"href":"https:\/\/www.immobilienbusiness.ch\/fr\/wp-json\/wp\/v2\/media\/8281"}],"wp:attachment":[{"href":"https:\/\/www.immobilienbusiness.ch\/fr\/wp-json\/wp\/v2\/media?parent=21190"}],"wp:term":[{"taxonomy":"category","embeddable":true,"href":"https:\/\/www.immobilienbusiness.ch\/fr\/wp-json\/wp\/v2\/categories?post=21190"},{"taxonomy":"post_tag","embeddable":true,"href":"https:\/\/www.immobilienbusiness.ch\/fr\/wp-json\/wp\/v2\/tags?post=21190"}],"curies":[{"name":"wp","href":"https:\/\/api.w.org\/{rel}","templated":true}]}}