{"id":2118,"date":"2021-08-02T09:57:06","date_gmt":"2021-08-02T07:57:06","guid":{"rendered":"https:\/\/develop.immobilienbusiness.ch\/de\/allgemein\/2021-08-02\/accor-expansion-in-der-schweiz-im-blick\/"},"modified":"2023-06-29T16:05:28","modified_gmt":"2023-06-29T14:05:28","slug":"accor-expansion-in-der-schweiz-im-blick-2","status":"publish","type":"post","link":"https:\/\/www.immobilienbusiness.ch\/fr\/ib\/2021-08-02\/accor-expansion-in-der-schweiz-im-blick-2\/","title":{"rendered":"Accor : Expansion en Suisse en vue"},"content":{"rendered":"<div class=\"swpm-post-not-logged-in-msg\">Vous devez \u00eatre connect\u00e9 pour voir ce contenu. Veuillez consulter <a class=\"swpm-login-link\" href=\"https:\/\/www.immobilienbusiness.ch\/fr\/login\/?swpm_redirect_to=https%3A%2F%2Fwww.immobilienbusiness.ch%2Ffr%2Fwp-json%2Fwp%2Fv2%2Fposts%2F2118\">Connexion<\/a>. Vous n'\u00eates pas membre ? <a href=\"https:\/\/www.immobilienbusiness.ch\/fr\/registrieren\/\">Nous Rejoindre<\/a><\/div>","protected":false},"excerpt":{"rendered":"<p><span><span><span>Le groupe h\u00f4telier Accor souhaite ouvrir 30 \u00e0 40 nouveaux h\u00f4tels en Suisse au cours des deux prochaines ann\u00e9es. C'est ce qu'a annonc\u00e9 le responsable de l'activit\u00e9 Europe du Nord dans une interview.<\/span><\/span><\/span><\/p>","protected":false},"author":3,"featured_media":0,"comment_status":"closed","ping_status":"closed","sticky":false,"template":"","format":"standard","meta":{"_acf_changed":false,"_yoast_wpseo_focuskw":"Duncan","_yoast_wpseo_title":"","_yoast_wpseo_metadesc":"Der Hotelkonzern Accor will in den n\u00e4chsten zwei Jahren 30 bis 40 neue Hotels in der Schweiz er\u00f6ffnen. Dies k\u00fcndigte der Leiter des Nordeuropa-Gesch\u00e4fts in einem Interview an.","_yoast_wpseo_linkdex":43,"pgc_sgb_lightbox_settings":"","footnotes":""},"categories":[1951],"tags":[1317,1984,1985],"class_list":["post-2118","post","type-post","status-publish","format-standard","hentry","category-ib","tag-hotels","tag-potentieller-kaufer","tag-potentieller-nutzer"],"acf":[],"yoast_head":"<!-- This site is optimized with the Yoast SEO plugin v27.5 - https:\/\/yoast.com\/product\/yoast-seo-wordpress\/ -->\n<title>Accor: Expansion in der Schweiz im Blick - IMMOBILIEN Business<\/title>\n<meta name=\"description\" content=\"Der Hotelkonzern Accor will in den n\u00e4chsten zwei Jahren 30 bis 40 neue Hotels in der Schweiz er\u00f6ffnen. Dies k\u00fcndigte der Leiter des Nordeuropa-Gesch\u00e4fts in einem Interview an.\" \/>\n<meta name=\"robots\" content=\"index, follow, max-snippet:-1, max-image-preview:large, max-video-preview:-1\" \/>\n<link rel=\"canonical\" href=\"https:\/\/www.immobilienbusiness.ch\/fr\/ib\/2021-08-02\/accor-expansion-in-der-schweiz-im-blick-2\/\" \/>\n<meta property=\"og:locale\" content=\"fr_FR\" \/>\n<meta property=\"og:type\" content=\"article\" \/>\n<meta property=\"og:title\" content=\"Accor: Expansion in der Schweiz im Blick - IMMOBILIEN Business\" \/>\n<meta property=\"og:description\" content=\"Der Hotelkonzern Accor will in den n\u00e4chsten zwei Jahren 30 bis 40 neue Hotels in der Schweiz er\u00f6ffnen. Dies k\u00fcndigte der Leiter des Nordeuropa-Gesch\u00e4fts in einem Interview an.\" \/>\n<meta property=\"og:url\" content=\"https:\/\/www.immobilienbusiness.ch\/fr\/ib\/2021-08-02\/accor-expansion-in-der-schweiz-im-blick-2\/\" \/>\n<meta property=\"og:site_name\" content=\"IMMOBILIEN Business\" \/>\n<meta property=\"article:publisher\" content=\"https:\/\/www.facebook.com\/immobilienbusiness\/\" \/>\n<meta property=\"article:published_time\" content=\"2021-08-02T07:57:06+00:00\" \/>\n<meta property=\"article:modified_time\" content=\"2023-06-29T14:05:28+00:00\" \/>\n<meta name=\"author\" content=\"anja.hall\" \/>\n<meta name=\"twitter:card\" content=\"summary_large_image\" \/>\n<script type=\"application\/ld+json\" class=\"yoast-schema-graph\">{\"@context\":\"https:\\\/\\\/schema.org\",\"@graph\":[{\"@type\":\"Article\",\"@id\":\"https:\\\/\\\/www.immobilienbusiness.ch\\\/it\\\/ib\\\/2021-08-02\\\/accor-expansion-in-der-schweiz-im-blick-2\\\/#article\",\"isPartOf\":{\"@id\":\"https:\\\/\\\/www.immobilienbusiness.ch\\\/it\\\/ib\\\/2021-08-02\\\/accor-expansion-in-der-schweiz-im-blick-2\\\/\"},\"author\":{\"name\":\"anja.hall\",\"@id\":\"https:\\\/\\\/www.immobilienbusiness.ch\\\/#\\\/schema\\\/person\\\/3fc036297b10b9f42d6db5ee932af8c8\"},\"headline\":\"Accor: Expansion in der Schweiz im Blick\",\"datePublished\":\"2021-08-02T07:57:06+00:00\",\"dateModified\":\"2023-06-29T14:05:28+00:00\",\"mainEntityOfPage\":{\"@id\":\"https:\\\/\\\/www.immobilienbusiness.ch\\\/it\\\/ib\\\/2021-08-02\\\/accor-expansion-in-der-schweiz-im-blick-2\\\/\"},\"wordCount\":115,\"publisher\":{\"@id\":\"https:\\\/\\\/www.immobilienbusiness.ch\\\/#organization\"},\"keywords\":[\"Hotels\",\"potentieller K\u00e4ufer\",\"potentieller Nutzer\"],\"articleSection\":[\"IB+\"],\"inLanguage\":\"fr-FR\"},{\"@type\":\"WebPage\",\"@id\":\"https:\\\/\\\/www.immobilienbusiness.ch\\\/it\\\/ib\\\/2021-08-02\\\/accor-expansion-in-der-schweiz-im-blick-2\\\/\",\"url\":\"https:\\\/\\\/www.immobilienbusiness.ch\\\/it\\\/ib\\\/2021-08-02\\\/accor-expansion-in-der-schweiz-im-blick-2\\\/\",\"name\":\"Accor: Expansion in der Schweiz im Blick - IMMOBILIEN Business\",\"isPartOf\":{\"@id\":\"https:\\\/\\\/www.immobilienbusiness.ch\\\/#website\"},\"datePublished\":\"2021-08-02T07:57:06+00:00\",\"dateModified\":\"2023-06-29T14:05:28+00:00\",\"description\":\"Der Hotelkonzern Accor will in den n\u00e4chsten zwei Jahren 30 bis 40 neue Hotels in der Schweiz er\u00f6ffnen. Dies k\u00fcndigte der Leiter des Nordeuropa-Gesch\u00e4fts in einem Interview an.\",\"breadcrumb\":{\"@id\":\"https:\\\/\\\/www.immobilienbusiness.ch\\\/it\\\/ib\\\/2021-08-02\\\/accor-expansion-in-der-schweiz-im-blick-2\\\/#breadcrumb\"},\"inLanguage\":\"fr-FR\",\"potentialAction\":[{\"@type\":\"ReadAction\",\"target\":[\"https:\\\/\\\/www.immobilienbusiness.ch\\\/it\\\/ib\\\/2021-08-02\\\/accor-expansion-in-der-schweiz-im-blick-2\\\/\"]}]},{\"@type\":\"BreadcrumbList\",\"@id\":\"https:\\\/\\\/www.immobilienbusiness.ch\\\/it\\\/ib\\\/2021-08-02\\\/accor-expansion-in-der-schweiz-im-blick-2\\\/#breadcrumb\",\"itemListElement\":[{\"@type\":\"ListItem\",\"position\":1,\"name\":\"Home\",\"item\":\"https:\\\/\\\/www.immobilienbusiness.ch\\\/\"},{\"@type\":\"ListItem\",\"position\":2,\"name\":\"Accor: Expansion in der Schweiz im Blick\"}]},{\"@type\":\"WebSite\",\"@id\":\"https:\\\/\\\/www.immobilienbusiness.ch\\\/#website\",\"url\":\"https:\\\/\\\/www.immobilienbusiness.ch\\\/\",\"name\":\"IMMOBILIEN Business\",\"description\":\"Unabh\u00e4ngiges Schweizer Wirtschaftsmagazin mit Fokus auf Immobilien, Architektur- und Bau sowie Investment- und Finanzierung.\",\"publisher\":{\"@id\":\"https:\\\/\\\/www.immobilienbusiness.ch\\\/#organization\"},\"potentialAction\":[{\"@type\":\"SearchAction\",\"target\":{\"@type\":\"EntryPoint\",\"urlTemplate\":\"https:\\\/\\\/www.immobilienbusiness.ch\\\/?s={search_term_string}\"},\"query-input\":{\"@type\":\"PropertyValueSpecification\",\"valueRequired\":true,\"valueName\":\"search_term_string\"}}],\"inLanguage\":\"fr-FR\"},{\"@type\":\"Organization\",\"@id\":\"https:\\\/\\\/www.immobilienbusiness.ch\\\/#organization\",\"name\":\"IMMOBILIEN Business\",\"url\":\"https:\\\/\\\/www.immobilienbusiness.ch\\\/\",\"logo\":{\"@type\":\"ImageObject\",\"inLanguage\":\"fr-FR\",\"@id\":\"https:\\\/\\\/www.immobilienbusiness.ch\\\/#\\\/schema\\\/logo\\\/image\\\/\",\"url\":\"https:\\\/\\\/www.immobilienbusiness.ch\\\/wp-content\\\/uploads\\\/2021\\\/07\\\/logo_ib.png\",\"contentUrl\":\"https:\\\/\\\/www.immobilienbusiness.ch\\\/wp-content\\\/uploads\\\/2021\\\/07\\\/logo_ib.png\",\"width\":800,\"height\":181,\"caption\":\"IMMOBILIEN Business\"},\"image\":{\"@id\":\"https:\\\/\\\/www.immobilienbusiness.ch\\\/#\\\/schema\\\/logo\\\/image\\\/\"},\"sameAs\":[\"https:\\\/\\\/www.facebook.com\\\/immobilienbusiness\\\/\"]},{\"@type\":\"Person\",\"@id\":\"https:\\\/\\\/www.immobilienbusiness.ch\\\/#\\\/schema\\\/person\\\/3fc036297b10b9f42d6db5ee932af8c8\",\"name\":\"anja.hall\",\"image\":{\"@type\":\"ImageObject\",\"inLanguage\":\"fr-FR\",\"@id\":\"https:\\\/\\\/secure.gravatar.com\\\/avatar\\\/066b5a0d447013502c71a5782f4f3469f03cfe595cc2329fb94652fe47511bfb?s=96&d=mm&r=g\",\"url\":\"https:\\\/\\\/secure.gravatar.com\\\/avatar\\\/066b5a0d447013502c71a5782f4f3469f03cfe595cc2329fb94652fe47511bfb?s=96&d=mm&r=g\",\"contentUrl\":\"https:\\\/\\\/secure.gravatar.com\\\/avatar\\\/066b5a0d447013502c71a5782f4f3469f03cfe595cc2329fb94652fe47511bfb?s=96&d=mm&r=g\",\"caption\":\"anja.hall\"},\"url\":\"https:\\\/\\\/www.immobilienbusiness.ch\\\/fr\\\/author\\\/anja-hall\\\/\"}]}<\/script>\n<!-- \/ Yoast SEO plugin. -->","yoast_head_json":{"title":"Accor : l'expansion en Suisse en ligne de mire - IMMOBILIER Business","description":"Le groupe h\u00f4telier Accor souhaite ouvrir 30 \u00e0 40 nouveaux h\u00f4tels en Suisse au cours des deux prochaines ann\u00e9es. C'est ce qu'a annonc\u00e9 le responsable de l'activit\u00e9 Europe du Nord dans une interview.","robots":{"index":"index","follow":"follow","max-snippet":"max-snippet:-1","max-image-preview":"max-image-preview:large","max-video-preview":"max-video-preview:-1"},"canonical":"https:\/\/www.immobilienbusiness.ch\/fr\/ib\/2021-08-02\/accor-expansion-in-der-schweiz-im-blick-2\/","og_locale":"fr_FR","og_type":"article","og_title":"Accor: Expansion in der Schweiz im Blick - IMMOBILIEN Business","og_description":"Der Hotelkonzern Accor will in den n\u00e4chsten zwei Jahren 30 bis 40 neue Hotels in der Schweiz er\u00f6ffnen. Dies k\u00fcndigte der Leiter des Nordeuropa-Gesch\u00e4fts in einem Interview an.","og_url":"https:\/\/www.immobilienbusiness.ch\/fr\/ib\/2021-08-02\/accor-expansion-in-der-schweiz-im-blick-2\/","og_site_name":"IMMOBILIEN Business","article_publisher":"https:\/\/www.facebook.com\/immobilienbusiness\/","article_published_time":"2021-08-02T07:57:06+00:00","article_modified_time":"2023-06-29T14:05:28+00:00","author":"anja.hall","twitter_card":"summary_large_image","schema":{"@context":"https:\/\/schema.org","@graph":[{"@type":"Article","@id":"https:\/\/www.immobilienbusiness.ch\/it\/ib\/2021-08-02\/accor-expansion-in-der-schweiz-im-blick-2\/#article","isPartOf":{"@id":"https:\/\/www.immobilienbusiness.ch\/it\/ib\/2021-08-02\/accor-expansion-in-der-schweiz-im-blick-2\/"},"author":{"name":"anja.hall","@id":"https:\/\/www.immobilienbusiness.ch\/#\/schema\/person\/3fc036297b10b9f42d6db5ee932af8c8"},"headline":"Accor: Expansion in der Schweiz im Blick","datePublished":"2021-08-02T07:57:06+00:00","dateModified":"2023-06-29T14:05:28+00:00","mainEntityOfPage":{"@id":"https:\/\/www.immobilienbusiness.ch\/it\/ib\/2021-08-02\/accor-expansion-in-der-schweiz-im-blick-2\/"},"wordCount":115,"publisher":{"@id":"https:\/\/www.immobilienbusiness.ch\/#organization"},"keywords":["Hotels","potentieller K\u00e4ufer","potentieller Nutzer"],"articleSection":["IB+"],"inLanguage":"fr-FR"},{"@type":"WebPage","@id":"https:\/\/www.immobilienbusiness.ch\/it\/ib\/2021-08-02\/accor-expansion-in-der-schweiz-im-blick-2\/","url":"https:\/\/www.immobilienbusiness.ch\/it\/ib\/2021-08-02\/accor-expansion-in-der-schweiz-im-blick-2\/","name":"Accor : l'expansion en Suisse en ligne de mire - IMMOBILIER Business","isPartOf":{"@id":"https:\/\/www.immobilienbusiness.ch\/#website"},"datePublished":"2021-08-02T07:57:06+00:00","dateModified":"2023-06-29T14:05:28+00:00","description":"Le groupe h\u00f4telier Accor souhaite ouvrir 30 \u00e0 40 nouveaux h\u00f4tels en Suisse au cours des deux prochaines ann\u00e9es. C'est ce qu'a annonc\u00e9 le responsable de l'activit\u00e9 Europe du Nord dans une interview.","breadcrumb":{"@id":"https:\/\/www.immobilienbusiness.ch\/it\/ib\/2021-08-02\/accor-expansion-in-der-schweiz-im-blick-2\/#breadcrumb"},"inLanguage":"fr-FR","potentialAction":[{"@type":"ReadAction","target":["https:\/\/www.immobilienbusiness.ch\/it\/ib\/2021-08-02\/accor-expansion-in-der-schweiz-im-blick-2\/"]}]},{"@type":"BreadcrumbList","@id":"https:\/\/www.immobilienbusiness.ch\/it\/ib\/2021-08-02\/accor-expansion-in-der-schweiz-im-blick-2\/#breadcrumb","itemListElement":[{"@type":"ListItem","position":1,"name":"Home","item":"https:\/\/www.immobilienbusiness.ch\/"},{"@type":"ListItem","position":2,"name":"Accor: Expansion in der Schweiz im Blick"}]},{"@type":"WebSite","@id":"https:\/\/www.immobilienbusiness.ch\/#website","url":"https:\/\/www.immobilienbusiness.ch\/","name":"IMMOBILIER Business","description":"Magazine \u00e9conomique suisse ind\u00e9pendant ax\u00e9 sur l'immobilier, l'architecture et la construction ainsi que sur les investissements et le financement.","publisher":{"@id":"https:\/\/www.immobilienbusiness.ch\/#organization"},"potentialAction":[{"@type":"SearchAction","target":{"@type":"EntryPoint","urlTemplate":"https:\/\/www.immobilienbusiness.ch\/?s={search_term_string}"},"query-input":{"@type":"PropertyValueSpecification","valueRequired":true,"valueName":"search_term_string"}}],"inLanguage":"fr-FR"},{"@type":"Organization","@id":"https:\/\/www.immobilienbusiness.ch\/#organization","name":"IMMOBILIER Business","url":"https:\/\/www.immobilienbusiness.ch\/","logo":{"@type":"ImageObject","inLanguage":"fr-FR","@id":"https:\/\/www.immobilienbusiness.ch\/#\/schema\/logo\/image\/","url":"https:\/\/www.immobilienbusiness.ch\/wp-content\/uploads\/2021\/07\/logo_ib.png","contentUrl":"https:\/\/www.immobilienbusiness.ch\/wp-content\/uploads\/2021\/07\/logo_ib.png","width":800,"height":181,"caption":"IMMOBILIEN Business"},"image":{"@id":"https:\/\/www.immobilienbusiness.ch\/#\/schema\/logo\/image\/"},"sameAs":["https:\/\/www.facebook.com\/immobilienbusiness\/"]},{"@type":"Person","@id":"https:\/\/www.immobilienbusiness.ch\/#\/schema\/person\/3fc036297b10b9f42d6db5ee932af8c8","name":"anja.hall","image":{"@type":"ImageObject","inLanguage":"fr-FR","@id":"https:\/\/secure.gravatar.com\/avatar\/066b5a0d447013502c71a5782f4f3469f03cfe595cc2329fb94652fe47511bfb?s=96&d=mm&r=g","url":"https:\/\/secure.gravatar.com\/avatar\/066b5a0d447013502c71a5782f4f3469f03cfe595cc2329fb94652fe47511bfb?s=96&d=mm&r=g","contentUrl":"https:\/\/secure.gravatar.com\/avatar\/066b5a0d447013502c71a5782f4f3469f03cfe595cc2329fb94652fe47511bfb?s=96&d=mm&r=g","caption":"anja.hall"},"url":"https:\/\/www.immobilienbusiness.ch\/fr\/author\/anja-hall\/"}]}},"_links":{"self":[{"href":"https:\/\/www.immobilienbusiness.ch\/fr\/wp-json\/wp\/v2\/posts\/2118","targetHints":{"allow":["GET"]}}],"collection":[{"href":"https:\/\/www.immobilienbusiness.ch\/fr\/wp-json\/wp\/v2\/posts"}],"about":[{"href":"https:\/\/www.immobilienbusiness.ch\/fr\/wp-json\/wp\/v2\/types\/post"}],"author":[{"embeddable":true,"href":"https:\/\/www.immobilienbusiness.ch\/fr\/wp-json\/wp\/v2\/users\/3"}],"replies":[{"embeddable":true,"href":"https:\/\/www.immobilienbusiness.ch\/fr\/wp-json\/wp\/v2\/comments?post=2118"}],"version-history":[{"count":1,"href":"https:\/\/www.immobilienbusiness.ch\/fr\/wp-json\/wp\/v2\/posts\/2118\/revisions"}],"predecessor-version":[{"id":48804,"href":"https:\/\/www.immobilienbusiness.ch\/fr\/wp-json\/wp\/v2\/posts\/2118\/revisions\/48804"}],"wp:attachment":[{"href":"https:\/\/www.immobilienbusiness.ch\/fr\/wp-json\/wp\/v2\/media?parent=2118"}],"wp:term":[{"taxonomy":"category","embeddable":true,"href":"https:\/\/www.immobilienbusiness.ch\/fr\/wp-json\/wp\/v2\/categories?post=2118"},{"taxonomy":"post_tag","embeddable":true,"href":"https:\/\/www.immobilienbusiness.ch\/fr\/wp-json\/wp\/v2\/tags?post=2118"}],"curies":[{"name":"wp","href":"https:\/\/api.w.org\/{rel}","templated":true}]}}