{"id":21118,"date":"2020-05-11T08:50:18","date_gmt":"2020-05-11T06:50:18","guid":{"rendered":"https:\/\/www.immobilienbusiness.ch\/?p=21118"},"modified":"2020-05-11T08:50:18","modified_gmt":"2020-05-11T06:50:18","slug":"bern-migros-plant-kletterhalle-beim-westside","status":"publish","type":"post","link":"https:\/\/www.immobilienbusiness.ch\/fr\/regionen\/2020-05-11\/bern-migros-plant-kletterhalle-beim-westside\/","title":{"rendered":"Berne : Migros pr\u00e9voit une salle d'escalade \u00e0 Westside"},"content":{"rendered":"<figure id=\"attachment_21162\" aria-describedby=\"caption-attachment-21162\" style=\"width: 680px\" class=\"wp-caption alignnone\"><img loading=\"lazy\" decoding=\"async\" class=\"size-medium wp-image-21162\" src=\"https:\/\/www.immobilienbusiness.ch\/wp-content\/uploads\/2020\/05\/Westside01.jpg\" alt=\"\" width=\"680\" height=\"453\" srcset=\"https:\/\/www.immobilienbusiness.ch\/wp-content\/uploads\/2020\/05\/Westside01.jpg 1452w, https:\/\/www.immobilienbusiness.ch\/wp-content\/uploads\/2020\/05\/Westside01-300x200.jpg 300w, https:\/\/www.immobilienbusiness.ch\/wp-content\/uploads\/2020\/05\/Westside01-1024x683.jpg 1024w, https:\/\/www.immobilienbusiness.ch\/wp-content\/uploads\/2020\/05\/Westside01-768x512.jpg 768w, https:\/\/www.immobilienbusiness.ch\/wp-content\/uploads\/2020\/05\/Westside01-16x12.jpg 16w, https:\/\/www.immobilienbusiness.ch\/wp-content\/uploads\/2020\/05\/Westside01-263x175.jpg 263w, https:\/\/www.immobilienbusiness.ch\/wp-content\/uploads\/2020\/05\/Westside01-525x350.jpg 525w, https:\/\/www.immobilienbusiness.ch\/wp-content\/uploads\/2020\/05\/Westside01-1200x800.jpg 1200w, https:\/\/www.immobilienbusiness.ch\/wp-content\/uploads\/2020\/05\/Westside01-920x613.jpg 920w, https:\/\/www.immobilienbusiness.ch\/wp-content\/uploads\/2020\/05\/Westside01-1400x933.jpg 1400w\" sizes=\"auto, (max-width: 680px) 100vw, 680px\" \/><figcaption id=\"caption-attachment-21162\" class=\"wp-caption-text\">Le Westside \u00e0 Berne-Br\u00fcnnen (photo : MIgros Aare)<\/figcaption><\/figure>\n<p><a href=\"https:\/\/www.bernerzeitung.ch\/beim-westside-soll-eine-kletterhalle-entstehen-656102255033\">Le site <em>Journal de Berne<\/em> rapports,<\/a> que Migros Aare veut \u00e9largir l'offre de loisirs au Westside et pr\u00e9voit un nouveau b\u00e2timent \u00e0 cet effet. Une demande de permis de construire a \u00e9t\u00e9 d\u00e9pos\u00e9e d\u00e9but avril aupr\u00e8s de la ville de Berne et sera publi\u00e9e prochainement. La salle d'escalade devrait s'adresser aussi bien aux grimpeurs amateurs qu'aux sportifs de haut niveau et ouvrir ses portes au plus t\u00f4t \u00e0 la fin de l'automne 2021.<\/p>\n<p>Migros ne s'est pas exprim\u00e9e sur les co\u00fbts du projet. Selon le rapport, on ne sait pas non plus si Migros exploitera elle-m\u00eame le hall. <em>(ah)<\/em><\/p>","protected":false},"excerpt":{"rendered":"<p>Selon les m\u00e9dias locaux, Migros Aare veut construire une salle d'escalade \u00e0 c\u00f4t\u00e9 du centre commercial Westside \u00e0 Berne-Br\u00fcnnen.<\/p>","protected":false},"author":3,"featured_media":21162,"comment_status":"closed","ping_status":"open","sticky":false,"template":"","format":"standard","meta":{"_acf_changed":false,"_yoast_wpseo_focuskw":"Migros","_yoast_wpseo_title":"","_yoast_wpseo_metadesc":"Laut lokalen Medienberichten will die Migros Aare nebem dem Einkaufszentrum Westside in Bern-Br\u00fcnnen eine Kletterhalle erstellen.","_yoast_wpseo_linkdex":44,"pgc_sgb_lightbox_settings":"","footnotes":""},"categories":[985],"tags":[1091,1246,1494,1600],"class_list":["post-21118","post","type-post","status-publish","format-standard","has-post-thumbnail","hentry","category-regionen","tag-bern","tag-freizeitimmobilien","tag-migros-aare","tag-projekt-in-planung"],"acf":[],"yoast_head":"<!-- This site is optimized with the Yoast SEO plugin v27.4 - https:\/\/yoast.com\/product\/yoast-seo-wordpress\/ -->\n<title>Bern: Migros plant Kletterhalle beim Westside - IMMOBILIEN Business<\/title>\n<meta name=\"description\" content=\"Laut lokalen Medienberichten will die Migros Aare nebem dem Einkaufszentrum Westside in Bern-Br\u00fcnnen eine Kletterhalle erstellen.\" \/>\n<meta name=\"robots\" content=\"index, follow, max-snippet:-1, max-image-preview:large, max-video-preview:-1\" \/>\n<link rel=\"canonical\" href=\"https:\/\/www.immobilienbusiness.ch\/fr\/regionen\/2020-05-11\/bern-migros-plant-kletterhalle-beim-westside\/\" \/>\n<meta property=\"og:locale\" content=\"fr_FR\" \/>\n<meta property=\"og:type\" content=\"article\" \/>\n<meta property=\"og:title\" content=\"Bern: Migros plant Kletterhalle beim Westside - IMMOBILIEN Business\" \/>\n<meta property=\"og:description\" content=\"Laut lokalen Medienberichten will die Migros Aare nebem dem Einkaufszentrum Westside in Bern-Br\u00fcnnen eine Kletterhalle erstellen.\" \/>\n<meta property=\"og:url\" content=\"https:\/\/www.immobilienbusiness.ch\/fr\/regionen\/2020-05-11\/bern-migros-plant-kletterhalle-beim-westside\/\" \/>\n<meta property=\"og:site_name\" content=\"IMMOBILIEN Business\" \/>\n<meta property=\"article:publisher\" content=\"https:\/\/www.facebook.com\/immobilienbusiness\/\" \/>\n<meta property=\"article:published_time\" content=\"2020-05-11T06:50:18+00:00\" \/>\n<meta property=\"og:image\" content=\"https:\/\/www.immobilienbusiness.ch\/wp-content\/uploads\/2020\/05\/Westside01.jpg\" \/>\n\t<meta property=\"og:image:width\" content=\"1452\" \/>\n\t<meta property=\"og:image:height\" content=\"968\" \/>\n\t<meta property=\"og:image:type\" content=\"image\/jpeg\" \/>\n<meta name=\"author\" content=\"anja.hall\" \/>\n<meta name=\"twitter:card\" content=\"summary_large_image\" \/>\n<meta name=\"twitter:image\" content=\"https:\/\/www.immobilienbusiness.ch\/wp-content\/uploads\/2020\/05\/Westside01.jpg\" \/>\n<script type=\"application\/ld+json\" class=\"yoast-schema-graph\">{\"@context\":\"https:\\\/\\\/schema.org\",\"@graph\":[{\"@type\":\"Article\",\"@id\":\"https:\\\/\\\/www.immobilienbusiness.ch\\\/en\\\/regionen\\\/2020-05-11\\\/bern-migros-plant-kletterhalle-beim-westside\\\/#article\",\"isPartOf\":{\"@id\":\"https:\\\/\\\/www.immobilienbusiness.ch\\\/en\\\/regionen\\\/2020-05-11\\\/bern-migros-plant-kletterhalle-beim-westside\\\/\"},\"author\":{\"name\":\"anja.hall\",\"@id\":\"https:\\\/\\\/www.immobilienbusiness.ch\\\/#\\\/schema\\\/person\\\/3fc036297b10b9f42d6db5ee932af8c8\"},\"headline\":\"Bern: Migros plant Kletterhalle beim Westside\",\"datePublished\":\"2020-05-11T06:50:18+00:00\",\"mainEntityOfPage\":{\"@id\":\"https:\\\/\\\/www.immobilienbusiness.ch\\\/en\\\/regionen\\\/2020-05-11\\\/bern-migros-plant-kletterhalle-beim-westside\\\/\"},\"wordCount\":105,\"publisher\":{\"@id\":\"https:\\\/\\\/www.immobilienbusiness.ch\\\/#organization\"},\"image\":{\"@id\":\"https:\\\/\\\/www.immobilienbusiness.ch\\\/en\\\/regionen\\\/2020-05-11\\\/bern-migros-plant-kletterhalle-beim-westside\\\/#primaryimage\"},\"thumbnailUrl\":\"https:\\\/\\\/www.immobilienbusiness.ch\\\/wp-content\\\/uploads\\\/2020\\\/05\\\/Westside01.jpg\",\"keywords\":[\"Bern\",\"Freizeitimmobilien\",\"Migros Aare\",\"Projekt in Planung\"],\"articleSection\":[\"REGIONEN\"],\"inLanguage\":\"fr-FR\"},{\"@type\":\"WebPage\",\"@id\":\"https:\\\/\\\/www.immobilienbusiness.ch\\\/en\\\/regionen\\\/2020-05-11\\\/bern-migros-plant-kletterhalle-beim-westside\\\/\",\"url\":\"https:\\\/\\\/www.immobilienbusiness.ch\\\/en\\\/regionen\\\/2020-05-11\\\/bern-migros-plant-kletterhalle-beim-westside\\\/\",\"name\":\"Bern: Migros plant Kletterhalle beim Westside - IMMOBILIEN Business\",\"isPartOf\":{\"@id\":\"https:\\\/\\\/www.immobilienbusiness.ch\\\/#website\"},\"primaryImageOfPage\":{\"@id\":\"https:\\\/\\\/www.immobilienbusiness.ch\\\/en\\\/regionen\\\/2020-05-11\\\/bern-migros-plant-kletterhalle-beim-westside\\\/#primaryimage\"},\"image\":{\"@id\":\"https:\\\/\\\/www.immobilienbusiness.ch\\\/en\\\/regionen\\\/2020-05-11\\\/bern-migros-plant-kletterhalle-beim-westside\\\/#primaryimage\"},\"thumbnailUrl\":\"https:\\\/\\\/www.immobilienbusiness.ch\\\/wp-content\\\/uploads\\\/2020\\\/05\\\/Westside01.jpg\",\"datePublished\":\"2020-05-11T06:50:18+00:00\",\"description\":\"Laut lokalen Medienberichten will die Migros Aare nebem dem Einkaufszentrum Westside in Bern-Br\u00fcnnen eine Kletterhalle erstellen.\",\"breadcrumb\":{\"@id\":\"https:\\\/\\\/www.immobilienbusiness.ch\\\/en\\\/regionen\\\/2020-05-11\\\/bern-migros-plant-kletterhalle-beim-westside\\\/#breadcrumb\"},\"inLanguage\":\"fr-FR\",\"potentialAction\":[{\"@type\":\"ReadAction\",\"target\":[\"https:\\\/\\\/www.immobilienbusiness.ch\\\/en\\\/regionen\\\/2020-05-11\\\/bern-migros-plant-kletterhalle-beim-westside\\\/\"]}]},{\"@type\":\"ImageObject\",\"inLanguage\":\"fr-FR\",\"@id\":\"https:\\\/\\\/www.immobilienbusiness.ch\\\/en\\\/regionen\\\/2020-05-11\\\/bern-migros-plant-kletterhalle-beim-westside\\\/#primaryimage\",\"url\":\"https:\\\/\\\/www.immobilienbusiness.ch\\\/wp-content\\\/uploads\\\/2020\\\/05\\\/Westside01.jpg\",\"contentUrl\":\"https:\\\/\\\/www.immobilienbusiness.ch\\\/wp-content\\\/uploads\\\/2020\\\/05\\\/Westside01.jpg\",\"width\":1452,\"height\":968,\"caption\":\"Das \u00abWestside\u00bb in Bern-Br\u00fcnnen (Bild: Migros Aare)\"},{\"@type\":\"BreadcrumbList\",\"@id\":\"https:\\\/\\\/www.immobilienbusiness.ch\\\/en\\\/regionen\\\/2020-05-11\\\/bern-migros-plant-kletterhalle-beim-westside\\\/#breadcrumb\",\"itemListElement\":[{\"@type\":\"ListItem\",\"position\":1,\"name\":\"Home\",\"item\":\"https:\\\/\\\/www.immobilienbusiness.ch\\\/\"},{\"@type\":\"ListItem\",\"position\":2,\"name\":\"Bern: Migros plant Kletterhalle beim Westside\"}]},{\"@type\":\"WebSite\",\"@id\":\"https:\\\/\\\/www.immobilienbusiness.ch\\\/#website\",\"url\":\"https:\\\/\\\/www.immobilienbusiness.ch\\\/\",\"name\":\"IMMOBILIEN Business\",\"description\":\"Unabh\u00e4ngiges Schweizer Wirtschaftsmagazin mit Fokus auf Immobilien, Architektur- und Bau sowie Investment- und Finanzierung.\",\"publisher\":{\"@id\":\"https:\\\/\\\/www.immobilienbusiness.ch\\\/#organization\"},\"potentialAction\":[{\"@type\":\"SearchAction\",\"target\":{\"@type\":\"EntryPoint\",\"urlTemplate\":\"https:\\\/\\\/www.immobilienbusiness.ch\\\/?s={search_term_string}\"},\"query-input\":{\"@type\":\"PropertyValueSpecification\",\"valueRequired\":true,\"valueName\":\"search_term_string\"}}],\"inLanguage\":\"fr-FR\"},{\"@type\":\"Organization\",\"@id\":\"https:\\\/\\\/www.immobilienbusiness.ch\\\/#organization\",\"name\":\"IMMOBILIEN Business\",\"url\":\"https:\\\/\\\/www.immobilienbusiness.ch\\\/\",\"logo\":{\"@type\":\"ImageObject\",\"inLanguage\":\"fr-FR\",\"@id\":\"https:\\\/\\\/www.immobilienbusiness.ch\\\/#\\\/schema\\\/logo\\\/image\\\/\",\"url\":\"https:\\\/\\\/www.immobilienbusiness.ch\\\/wp-content\\\/uploads\\\/2021\\\/07\\\/logo_ib.png\",\"contentUrl\":\"https:\\\/\\\/www.immobilienbusiness.ch\\\/wp-content\\\/uploads\\\/2021\\\/07\\\/logo_ib.png\",\"width\":800,\"height\":181,\"caption\":\"IMMOBILIEN Business\"},\"image\":{\"@id\":\"https:\\\/\\\/www.immobilienbusiness.ch\\\/#\\\/schema\\\/logo\\\/image\\\/\"},\"sameAs\":[\"https:\\\/\\\/www.facebook.com\\\/immobilienbusiness\\\/\"]},{\"@type\":\"Person\",\"@id\":\"https:\\\/\\\/www.immobilienbusiness.ch\\\/#\\\/schema\\\/person\\\/3fc036297b10b9f42d6db5ee932af8c8\",\"name\":\"anja.hall\",\"image\":{\"@type\":\"ImageObject\",\"inLanguage\":\"fr-FR\",\"@id\":\"https:\\\/\\\/secure.gravatar.com\\\/avatar\\\/066b5a0d447013502c71a5782f4f3469f03cfe595cc2329fb94652fe47511bfb?s=96&d=mm&r=g\",\"url\":\"https:\\\/\\\/secure.gravatar.com\\\/avatar\\\/066b5a0d447013502c71a5782f4f3469f03cfe595cc2329fb94652fe47511bfb?s=96&d=mm&r=g\",\"contentUrl\":\"https:\\\/\\\/secure.gravatar.com\\\/avatar\\\/066b5a0d447013502c71a5782f4f3469f03cfe595cc2329fb94652fe47511bfb?s=96&d=mm&r=g\",\"caption\":\"anja.hall\"},\"url\":\"https:\\\/\\\/www.immobilienbusiness.ch\\\/fr\\\/author\\\/anja-hall\\\/\"}]}<\/script>\n<!-- \/ Yoast SEO plugin. -->","yoast_head_json":{"title":"Bern: Migros plant Kletterhalle beim Westside - IMMOBILIEN Business","description":"Laut lokalen Medienberichten will die Migros Aare nebem dem Einkaufszentrum Westside in Bern-Br\u00fcnnen eine Kletterhalle erstellen.","robots":{"index":"index","follow":"follow","max-snippet":"max-snippet:-1","max-image-preview":"max-image-preview:large","max-video-preview":"max-video-preview:-1"},"canonical":"https:\/\/www.immobilienbusiness.ch\/fr\/regionen\/2020-05-11\/bern-migros-plant-kletterhalle-beim-westside\/","og_locale":"fr_FR","og_type":"article","og_title":"Bern: Migros plant Kletterhalle beim Westside - IMMOBILIEN Business","og_description":"Laut lokalen Medienberichten will die Migros Aare nebem dem Einkaufszentrum Westside in Bern-Br\u00fcnnen eine Kletterhalle erstellen.","og_url":"https:\/\/www.immobilienbusiness.ch\/fr\/regionen\/2020-05-11\/bern-migros-plant-kletterhalle-beim-westside\/","og_site_name":"IMMOBILIEN Business","article_publisher":"https:\/\/www.facebook.com\/immobilienbusiness\/","article_published_time":"2020-05-11T06:50:18+00:00","og_image":[{"width":1452,"height":968,"url":"https:\/\/www.immobilienbusiness.ch\/wp-content\/uploads\/2020\/05\/Westside01.jpg","type":"image\/jpeg"}],"author":"anja.hall","twitter_card":"summary_large_image","twitter_image":"https:\/\/www.immobilienbusiness.ch\/wp-content\/uploads\/2020\/05\/Westside01.jpg","schema":{"@context":"https:\/\/schema.org","@graph":[{"@type":"Article","@id":"https:\/\/www.immobilienbusiness.ch\/en\/regionen\/2020-05-11\/bern-migros-plant-kletterhalle-beim-westside\/#article","isPartOf":{"@id":"https:\/\/www.immobilienbusiness.ch\/en\/regionen\/2020-05-11\/bern-migros-plant-kletterhalle-beim-westside\/"},"author":{"name":"anja.hall","@id":"https:\/\/www.immobilienbusiness.ch\/#\/schema\/person\/3fc036297b10b9f42d6db5ee932af8c8"},"headline":"Bern: Migros plant Kletterhalle beim Westside","datePublished":"2020-05-11T06:50:18+00:00","mainEntityOfPage":{"@id":"https:\/\/www.immobilienbusiness.ch\/en\/regionen\/2020-05-11\/bern-migros-plant-kletterhalle-beim-westside\/"},"wordCount":105,"publisher":{"@id":"https:\/\/www.immobilienbusiness.ch\/#organization"},"image":{"@id":"https:\/\/www.immobilienbusiness.ch\/en\/regionen\/2020-05-11\/bern-migros-plant-kletterhalle-beim-westside\/#primaryimage"},"thumbnailUrl":"https:\/\/www.immobilienbusiness.ch\/wp-content\/uploads\/2020\/05\/Westside01.jpg","keywords":["Bern","Freizeitimmobilien","Migros Aare","Projekt in Planung"],"articleSection":["REGIONEN"],"inLanguage":"fr-FR"},{"@type":"WebPage","@id":"https:\/\/www.immobilienbusiness.ch\/en\/regionen\/2020-05-11\/bern-migros-plant-kletterhalle-beim-westside\/","url":"https:\/\/www.immobilienbusiness.ch\/en\/regionen\/2020-05-11\/bern-migros-plant-kletterhalle-beim-westside\/","name":"Bern: Migros plant Kletterhalle beim Westside - IMMOBILIEN Business","isPartOf":{"@id":"https:\/\/www.immobilienbusiness.ch\/#website"},"primaryImageOfPage":{"@id":"https:\/\/www.immobilienbusiness.ch\/en\/regionen\/2020-05-11\/bern-migros-plant-kletterhalle-beim-westside\/#primaryimage"},"image":{"@id":"https:\/\/www.immobilienbusiness.ch\/en\/regionen\/2020-05-11\/bern-migros-plant-kletterhalle-beim-westside\/#primaryimage"},"thumbnailUrl":"https:\/\/www.immobilienbusiness.ch\/wp-content\/uploads\/2020\/05\/Westside01.jpg","datePublished":"2020-05-11T06:50:18+00:00","description":"Laut lokalen Medienberichten will die Migros Aare nebem dem Einkaufszentrum Westside in Bern-Br\u00fcnnen eine Kletterhalle erstellen.","breadcrumb":{"@id":"https:\/\/www.immobilienbusiness.ch\/en\/regionen\/2020-05-11\/bern-migros-plant-kletterhalle-beim-westside\/#breadcrumb"},"inLanguage":"fr-FR","potentialAction":[{"@type":"ReadAction","target":["https:\/\/www.immobilienbusiness.ch\/en\/regionen\/2020-05-11\/bern-migros-plant-kletterhalle-beim-westside\/"]}]},{"@type":"ImageObject","inLanguage":"fr-FR","@id":"https:\/\/www.immobilienbusiness.ch\/en\/regionen\/2020-05-11\/bern-migros-plant-kletterhalle-beim-westside\/#primaryimage","url":"https:\/\/www.immobilienbusiness.ch\/wp-content\/uploads\/2020\/05\/Westside01.jpg","contentUrl":"https:\/\/www.immobilienbusiness.ch\/wp-content\/uploads\/2020\/05\/Westside01.jpg","width":1452,"height":968,"caption":"Das \u00abWestside\u00bb in Bern-Br\u00fcnnen (Bild: Migros Aare)"},{"@type":"BreadcrumbList","@id":"https:\/\/www.immobilienbusiness.ch\/en\/regionen\/2020-05-11\/bern-migros-plant-kletterhalle-beim-westside\/#breadcrumb","itemListElement":[{"@type":"ListItem","position":1,"name":"Home","item":"https:\/\/www.immobilienbusiness.ch\/"},{"@type":"ListItem","position":2,"name":"Bern: Migros plant Kletterhalle beim Westside"}]},{"@type":"WebSite","@id":"https:\/\/www.immobilienbusiness.ch\/#website","url":"https:\/\/www.immobilienbusiness.ch\/","name":"IMMOBILIER Business","description":"Magazine \u00e9conomique suisse ind\u00e9pendant ax\u00e9 sur l'immobilier, l'architecture et la construction ainsi que sur les investissements et le financement.","publisher":{"@id":"https:\/\/www.immobilienbusiness.ch\/#organization"},"potentialAction":[{"@type":"SearchAction","target":{"@type":"EntryPoint","urlTemplate":"https:\/\/www.immobilienbusiness.ch\/?s={search_term_string}"},"query-input":{"@type":"PropertyValueSpecification","valueRequired":true,"valueName":"search_term_string"}}],"inLanguage":"fr-FR"},{"@type":"Organization","@id":"https:\/\/www.immobilienbusiness.ch\/#organization","name":"IMMOBILIER Business","url":"https:\/\/www.immobilienbusiness.ch\/","logo":{"@type":"ImageObject","inLanguage":"fr-FR","@id":"https:\/\/www.immobilienbusiness.ch\/#\/schema\/logo\/image\/","url":"https:\/\/www.immobilienbusiness.ch\/wp-content\/uploads\/2021\/07\/logo_ib.png","contentUrl":"https:\/\/www.immobilienbusiness.ch\/wp-content\/uploads\/2021\/07\/logo_ib.png","width":800,"height":181,"caption":"IMMOBILIEN Business"},"image":{"@id":"https:\/\/www.immobilienbusiness.ch\/#\/schema\/logo\/image\/"},"sameAs":["https:\/\/www.facebook.com\/immobilienbusiness\/"]},{"@type":"Person","@id":"https:\/\/www.immobilienbusiness.ch\/#\/schema\/person\/3fc036297b10b9f42d6db5ee932af8c8","name":"anja.hall","image":{"@type":"ImageObject","inLanguage":"fr-FR","@id":"https:\/\/secure.gravatar.com\/avatar\/066b5a0d447013502c71a5782f4f3469f03cfe595cc2329fb94652fe47511bfb?s=96&d=mm&r=g","url":"https:\/\/secure.gravatar.com\/avatar\/066b5a0d447013502c71a5782f4f3469f03cfe595cc2329fb94652fe47511bfb?s=96&d=mm&r=g","contentUrl":"https:\/\/secure.gravatar.com\/avatar\/066b5a0d447013502c71a5782f4f3469f03cfe595cc2329fb94652fe47511bfb?s=96&d=mm&r=g","caption":"anja.hall"},"url":"https:\/\/www.immobilienbusiness.ch\/fr\/author\/anja-hall\/"}]}},"_links":{"self":[{"href":"https:\/\/www.immobilienbusiness.ch\/fr\/wp-json\/wp\/v2\/posts\/21118","targetHints":{"allow":["GET"]}}],"collection":[{"href":"https:\/\/www.immobilienbusiness.ch\/fr\/wp-json\/wp\/v2\/posts"}],"about":[{"href":"https:\/\/www.immobilienbusiness.ch\/fr\/wp-json\/wp\/v2\/types\/post"}],"author":[{"embeddable":true,"href":"https:\/\/www.immobilienbusiness.ch\/fr\/wp-json\/wp\/v2\/users\/3"}],"replies":[{"embeddable":true,"href":"https:\/\/www.immobilienbusiness.ch\/fr\/wp-json\/wp\/v2\/comments?post=21118"}],"version-history":[{"count":0,"href":"https:\/\/www.immobilienbusiness.ch\/fr\/wp-json\/wp\/v2\/posts\/21118\/revisions"}],"wp:featuredmedia":[{"embeddable":true,"href":"https:\/\/www.immobilienbusiness.ch\/fr\/wp-json\/wp\/v2\/media\/21162"}],"wp:attachment":[{"href":"https:\/\/www.immobilienbusiness.ch\/fr\/wp-json\/wp\/v2\/media?parent=21118"}],"wp:term":[{"taxonomy":"category","embeddable":true,"href":"https:\/\/www.immobilienbusiness.ch\/fr\/wp-json\/wp\/v2\/categories?post=21118"},{"taxonomy":"post_tag","embeddable":true,"href":"https:\/\/www.immobilienbusiness.ch\/fr\/wp-json\/wp\/v2\/tags?post=21118"}],"curies":[{"name":"wp","href":"https:\/\/api.w.org\/{rel}","templated":true}]}}