{"id":21107,"date":"2020-05-06T08:13:00","date_gmt":"2020-05-06T06:13:00","guid":{"rendered":"https:\/\/www.immobilienbusiness.ch\/?p=21107"},"modified":"2020-05-06T08:13:00","modified_gmt":"2020-05-06T06:13:00","slug":"sf-sustainable-property-fund-prueft-kapitalerhoehung","status":"publish","type":"post","link":"https:\/\/www.immobilienbusiness.ch\/fr\/unternehmen\/2020-05-06\/sf-sustainable-property-fund-prueft-kapitalerhoehung\/","title":{"rendered":"Le SF Sustainable Property Fund envisage une augmentation de capital"},"content":{"rendered":"<figure id=\"attachment_17169\" aria-describedby=\"caption-attachment-17169\" style=\"width: 680px\" class=\"wp-caption alignnone\"><img loading=\"lazy\" decoding=\"async\" class=\"size-medium wp-image-17169\" src=\"https:\/\/www.immobilienbusiness.ch\/wp-content\/uploads\/2019\/05\/Depositphotos_43061653_xl-2015.jpg\" alt=\"\" width=\"680\" height=\"455\" srcset=\"https:\/\/www.immobilienbusiness.ch\/wp-content\/uploads\/2019\/05\/Depositphotos_43061653_xl-2015.jpg 2560w, https:\/\/www.immobilienbusiness.ch\/wp-content\/uploads\/2019\/05\/Depositphotos_43061653_xl-2015-300x201.jpg 300w, https:\/\/www.immobilienbusiness.ch\/wp-content\/uploads\/2019\/05\/Depositphotos_43061653_xl-2015-1024x686.jpg 1024w, https:\/\/www.immobilienbusiness.ch\/wp-content\/uploads\/2019\/05\/Depositphotos_43061653_xl-2015-768x514.jpg 768w, https:\/\/www.immobilienbusiness.ch\/wp-content\/uploads\/2019\/05\/Depositphotos_43061653_xl-2015-1536x1028.jpg 1536w, https:\/\/www.immobilienbusiness.ch\/wp-content\/uploads\/2019\/05\/Depositphotos_43061653_xl-2015-2048x1371.jpg 2048w, https:\/\/www.immobilienbusiness.ch\/wp-content\/uploads\/2019\/05\/Depositphotos_43061653_xl-2015-16x12.jpg 16w, https:\/\/www.immobilienbusiness.ch\/wp-content\/uploads\/2019\/05\/Depositphotos_43061653_xl-2015-261x175.jpg 261w, https:\/\/www.immobilienbusiness.ch\/wp-content\/uploads\/2019\/05\/Depositphotos_43061653_xl-2015-523x350.jpg 523w, https:\/\/www.immobilienbusiness.ch\/wp-content\/uploads\/2019\/05\/Depositphotos_43061653_xl-2015-1195x800.jpg 1195w, https:\/\/www.immobilienbusiness.ch\/wp-content\/uploads\/2019\/05\/Depositphotos_43061653_xl-2015-920x616.jpg 920w, https:\/\/www.immobilienbusiness.ch\/wp-content\/uploads\/2019\/05\/Depositphotos_43061653_xl-2015-1400x937.jpg 1400w\" sizes=\"auto, (max-width: 680px) 100vw, 680px\" \/><figcaption id=\"caption-attachment-17169\" class=\"wp-caption-text\">Le SF Sustainable Property Fund fait des acquisitions et envisage une augmentation de capital (photo : depositphotos)<\/figcaption><\/figure>\n<p>Au d\u00e9but du deuxi\u00e8me trimestre 2020, le SF Sustainable Property Fund a pu acqu\u00e9rir deux biens immobiliers d'une valeur marchande de 12,02 millions de CHF. Il s'agit d'immeubles d'habitation \u00e0 Bonaduz dans le canton des Grisons et \u00e0 B\u00fclach dans le canton de Zurich - deux objets situ\u00e9s \u00e0 l'int\u00e9rieur des communes, dans un quartier r\u00e9sidentiel calme et bien desservi par les transports publics.<\/p>\n<p>L'immeuble de la Sculmserstrasse 4 \u00e0 Bonaduz comprend huit appartements, celui de la Vogelsangstrasse 19\/21 \u00e0 B\u00fclach douze appartements. En raison de l'\u00e9tat de la construction, l'\u00e9tiquette \u00e9nerg\u00e9tique CECB C est d\u00e9j\u00e0 atteinte par les deux objets, indique la direction du fonds. Avec ces nouvelles acquisitions, le portefeuille comprend d\u00e9sormais 92 immeubles ; la valeur du portefeuille du SF Sustainable Property Fund est ainsi pass\u00e9e \u00e0 1,06 milliard de CHF.<\/p>\n<p>En raison de l'\u00e9volution positive du SF Sustainable Property Fund et du fait que la part extr\u00eamement \u00e9lev\u00e9e de logements d'environ 85% n'est gu\u00e8re affect\u00e9e par la pand\u00e9mie de coronavirus actuelle, la direction du fonds a l'intention d'examiner la possibilit\u00e9 d'une augmentation de capital pour le fonds au deuxi\u00e8me trimestre 2020, poursuit-elle. Le nouveau capital serait utilis\u00e9 pour l'achat d'autres opportunit\u00e9s. La d\u00e9cision devrait \u00eatre communiqu\u00e9e dans les prochaines semaines. <em>(M.ARR.)<\/em><\/p>","protected":false},"excerpt":{"rendered":"<p> Le SPF Sustainable Property Fund a acquis des biens immobiliers \u00e0 B\u00fclach et \u00e0 Bonaduz. Pour l'achat d'autres biens immobiliers, la direction du fonds envisage une augmentation de capital au deuxi\u00e8me trimestre 2020.   <\/p>","protected":false},"author":3,"featured_media":17169,"comment_status":"closed","ping_status":"open","sticky":false,"template":"","format":"standard","meta":{"_acf_changed":false,"_yoast_wpseo_focuskw":"Sustainable","_yoast_wpseo_title":"","_yoast_wpseo_metadesc":"Der SPF Sustainable Property Fund hat in B\u00fclach und in Bonaduz Liegenschaften erworben. F\u00fcr weitere Zuk\u00e4ufe pr\u00fcft das Fondsmanagement eine Kapitalerh\u00f6hung.","_yoast_wpseo_linkdex":51,"pgc_sgb_lightbox_settings":"","footnotes":""},"categories":[988],"tags":[1344,1412],"class_list":["post-21107","post","type-post","status-publish","format-standard","has-post-thumbnail","hentry","category-unternehmen","tag-immobilienfonds","tag-kapitalerhoehung"],"acf":[],"yoast_head":"<!-- This site is optimized with the Yoast SEO plugin v27.4 - https:\/\/yoast.com\/product\/yoast-seo-wordpress\/ -->\n<title>SF Sustainable Property Fund pr\u00fcft Kapitalerh\u00f6hung - IMMOBILIEN Business<\/title>\n<meta name=\"description\" content=\"Der SPF Sustainable Property Fund hat in B\u00fclach und in Bonaduz Liegenschaften erworben. F\u00fcr weitere Zuk\u00e4ufe pr\u00fcft das Fondsmanagement eine Kapitalerh\u00f6hung.\" \/>\n<meta name=\"robots\" content=\"index, follow, max-snippet:-1, max-image-preview:large, max-video-preview:-1\" \/>\n<link rel=\"canonical\" href=\"https:\/\/www.immobilienbusiness.ch\/fr\/unternehmen\/2020-05-06\/sf-sustainable-property-fund-prueft-kapitalerhoehung\/\" \/>\n<meta property=\"og:locale\" content=\"fr_FR\" \/>\n<meta property=\"og:type\" content=\"article\" \/>\n<meta property=\"og:title\" content=\"SF Sustainable Property Fund pr\u00fcft Kapitalerh\u00f6hung - IMMOBILIEN Business\" \/>\n<meta property=\"og:description\" content=\"Der SPF Sustainable Property Fund hat in B\u00fclach und in Bonaduz Liegenschaften erworben. F\u00fcr weitere Zuk\u00e4ufe pr\u00fcft das Fondsmanagement eine Kapitalerh\u00f6hung.\" \/>\n<meta property=\"og:url\" content=\"https:\/\/www.immobilienbusiness.ch\/fr\/unternehmen\/2020-05-06\/sf-sustainable-property-fund-prueft-kapitalerhoehung\/\" \/>\n<meta property=\"og:site_name\" content=\"IMMOBILIEN Business\" \/>\n<meta property=\"article:publisher\" content=\"https:\/\/www.facebook.com\/immobilienbusiness\/\" \/>\n<meta property=\"article:published_time\" content=\"2020-05-06T06:13:00+00:00\" \/>\n<meta property=\"og:image\" content=\"https:\/\/www.immobilienbusiness.ch\/wp-content\/uploads\/2019\/05\/Depositphotos_43061653_xl-2015-1024x686.jpg\" \/>\n\t<meta property=\"og:image:width\" content=\"1024\" \/>\n\t<meta property=\"og:image:height\" content=\"686\" \/>\n\t<meta property=\"og:image:type\" content=\"image\/jpeg\" \/>\n<meta name=\"author\" content=\"anja.hall\" \/>\n<meta name=\"twitter:card\" content=\"summary_large_image\" \/>\n<meta name=\"twitter:image\" content=\"https:\/\/www.immobilienbusiness.ch\/wp-content\/uploads\/2019\/05\/Depositphotos_43061653_xl-2015.jpg\" \/>\n<script type=\"application\/ld+json\" class=\"yoast-schema-graph\">{\"@context\":\"https:\\\/\\\/schema.org\",\"@graph\":[{\"@type\":\"Article\",\"@id\":\"https:\\\/\\\/www.immobilienbusiness.ch\\\/it\\\/unternehmen\\\/2020-05-06\\\/sf-sustainable-property-fund-prueft-kapitalerhoehung\\\/#article\",\"isPartOf\":{\"@id\":\"https:\\\/\\\/www.immobilienbusiness.ch\\\/it\\\/unternehmen\\\/2020-05-06\\\/sf-sustainable-property-fund-prueft-kapitalerhoehung\\\/\"},\"author\":{\"name\":\"anja.hall\",\"@id\":\"https:\\\/\\\/www.immobilienbusiness.ch\\\/#\\\/schema\\\/person\\\/3fc036297b10b9f42d6db5ee932af8c8\"},\"headline\":\"SF Sustainable Property Fund pr\u00fcft Kapitalerh\u00f6hung\",\"datePublished\":\"2020-05-06T06:13:00+00:00\",\"mainEntityOfPage\":{\"@id\":\"https:\\\/\\\/www.immobilienbusiness.ch\\\/it\\\/unternehmen\\\/2020-05-06\\\/sf-sustainable-property-fund-prueft-kapitalerhoehung\\\/\"},\"wordCount\":213,\"publisher\":{\"@id\":\"https:\\\/\\\/www.immobilienbusiness.ch\\\/#organization\"},\"image\":{\"@id\":\"https:\\\/\\\/www.immobilienbusiness.ch\\\/it\\\/unternehmen\\\/2020-05-06\\\/sf-sustainable-property-fund-prueft-kapitalerhoehung\\\/#primaryimage\"},\"thumbnailUrl\":\"https:\\\/\\\/www.immobilienbusiness.ch\\\/wp-content\\\/uploads\\\/2019\\\/05\\\/Depositphotos_43061653_xl-2015.jpg\",\"keywords\":[\"Immobilienfonds\",\"Kapitalerh\u00f6hung\"],\"articleSection\":[\"UNTERNEHMEN\"],\"inLanguage\":\"fr-FR\"},{\"@type\":\"WebPage\",\"@id\":\"https:\\\/\\\/www.immobilienbusiness.ch\\\/it\\\/unternehmen\\\/2020-05-06\\\/sf-sustainable-property-fund-prueft-kapitalerhoehung\\\/\",\"url\":\"https:\\\/\\\/www.immobilienbusiness.ch\\\/it\\\/unternehmen\\\/2020-05-06\\\/sf-sustainable-property-fund-prueft-kapitalerhoehung\\\/\",\"name\":\"SF Sustainable Property Fund pr\u00fcft Kapitalerh\u00f6hung - IMMOBILIEN Business\",\"isPartOf\":{\"@id\":\"https:\\\/\\\/www.immobilienbusiness.ch\\\/#website\"},\"primaryImageOfPage\":{\"@id\":\"https:\\\/\\\/www.immobilienbusiness.ch\\\/it\\\/unternehmen\\\/2020-05-06\\\/sf-sustainable-property-fund-prueft-kapitalerhoehung\\\/#primaryimage\"},\"image\":{\"@id\":\"https:\\\/\\\/www.immobilienbusiness.ch\\\/it\\\/unternehmen\\\/2020-05-06\\\/sf-sustainable-property-fund-prueft-kapitalerhoehung\\\/#primaryimage\"},\"thumbnailUrl\":\"https:\\\/\\\/www.immobilienbusiness.ch\\\/wp-content\\\/uploads\\\/2019\\\/05\\\/Depositphotos_43061653_xl-2015.jpg\",\"datePublished\":\"2020-05-06T06:13:00+00:00\",\"description\":\"Der SPF Sustainable Property Fund hat in B\u00fclach und in Bonaduz Liegenschaften erworben. F\u00fcr weitere Zuk\u00e4ufe pr\u00fcft das Fondsmanagement eine Kapitalerh\u00f6hung.\",\"breadcrumb\":{\"@id\":\"https:\\\/\\\/www.immobilienbusiness.ch\\\/it\\\/unternehmen\\\/2020-05-06\\\/sf-sustainable-property-fund-prueft-kapitalerhoehung\\\/#breadcrumb\"},\"inLanguage\":\"fr-FR\",\"potentialAction\":[{\"@type\":\"ReadAction\",\"target\":[\"https:\\\/\\\/www.immobilienbusiness.ch\\\/it\\\/unternehmen\\\/2020-05-06\\\/sf-sustainable-property-fund-prueft-kapitalerhoehung\\\/\"]}]},{\"@type\":\"ImageObject\",\"inLanguage\":\"fr-FR\",\"@id\":\"https:\\\/\\\/www.immobilienbusiness.ch\\\/it\\\/unternehmen\\\/2020-05-06\\\/sf-sustainable-property-fund-prueft-kapitalerhoehung\\\/#primaryimage\",\"url\":\"https:\\\/\\\/www.immobilienbusiness.ch\\\/wp-content\\\/uploads\\\/2019\\\/05\\\/Depositphotos_43061653_xl-2015.jpg\",\"contentUrl\":\"https:\\\/\\\/www.immobilienbusiness.ch\\\/wp-content\\\/uploads\\\/2019\\\/05\\\/Depositphotos_43061653_xl-2015.jpg\",\"width\":2560,\"height\":1714,\"caption\":\"Die Anlagegruppe \u00abSPA Immobilien Schweiz\u00bb hat ein Update zum 3. Quartal vorgelegt (Bild: Depositphotos)\"},{\"@type\":\"BreadcrumbList\",\"@id\":\"https:\\\/\\\/www.immobilienbusiness.ch\\\/it\\\/unternehmen\\\/2020-05-06\\\/sf-sustainable-property-fund-prueft-kapitalerhoehung\\\/#breadcrumb\",\"itemListElement\":[{\"@type\":\"ListItem\",\"position\":1,\"name\":\"Home\",\"item\":\"https:\\\/\\\/www.immobilienbusiness.ch\\\/\"},{\"@type\":\"ListItem\",\"position\":2,\"name\":\"SF Sustainable Property Fund pr\u00fcft Kapitalerh\u00f6hung\"}]},{\"@type\":\"WebSite\",\"@id\":\"https:\\\/\\\/www.immobilienbusiness.ch\\\/#website\",\"url\":\"https:\\\/\\\/www.immobilienbusiness.ch\\\/\",\"name\":\"IMMOBILIEN Business\",\"description\":\"Unabh\u00e4ngiges Schweizer Wirtschaftsmagazin mit Fokus auf Immobilien, Architektur- und Bau sowie Investment- und Finanzierung.\",\"publisher\":{\"@id\":\"https:\\\/\\\/www.immobilienbusiness.ch\\\/#organization\"},\"potentialAction\":[{\"@type\":\"SearchAction\",\"target\":{\"@type\":\"EntryPoint\",\"urlTemplate\":\"https:\\\/\\\/www.immobilienbusiness.ch\\\/?s={search_term_string}\"},\"query-input\":{\"@type\":\"PropertyValueSpecification\",\"valueRequired\":true,\"valueName\":\"search_term_string\"}}],\"inLanguage\":\"fr-FR\"},{\"@type\":\"Organization\",\"@id\":\"https:\\\/\\\/www.immobilienbusiness.ch\\\/#organization\",\"name\":\"IMMOBILIEN Business\",\"url\":\"https:\\\/\\\/www.immobilienbusiness.ch\\\/\",\"logo\":{\"@type\":\"ImageObject\",\"inLanguage\":\"fr-FR\",\"@id\":\"https:\\\/\\\/www.immobilienbusiness.ch\\\/#\\\/schema\\\/logo\\\/image\\\/\",\"url\":\"https:\\\/\\\/www.immobilienbusiness.ch\\\/wp-content\\\/uploads\\\/2021\\\/07\\\/logo_ib.png\",\"contentUrl\":\"https:\\\/\\\/www.immobilienbusiness.ch\\\/wp-content\\\/uploads\\\/2021\\\/07\\\/logo_ib.png\",\"width\":800,\"height\":181,\"caption\":\"IMMOBILIEN Business\"},\"image\":{\"@id\":\"https:\\\/\\\/www.immobilienbusiness.ch\\\/#\\\/schema\\\/logo\\\/image\\\/\"},\"sameAs\":[\"https:\\\/\\\/www.facebook.com\\\/immobilienbusiness\\\/\"]},{\"@type\":\"Person\",\"@id\":\"https:\\\/\\\/www.immobilienbusiness.ch\\\/#\\\/schema\\\/person\\\/3fc036297b10b9f42d6db5ee932af8c8\",\"name\":\"anja.hall\",\"image\":{\"@type\":\"ImageObject\",\"inLanguage\":\"fr-FR\",\"@id\":\"https:\\\/\\\/secure.gravatar.com\\\/avatar\\\/066b5a0d447013502c71a5782f4f3469f03cfe595cc2329fb94652fe47511bfb?s=96&d=mm&r=g\",\"url\":\"https:\\\/\\\/secure.gravatar.com\\\/avatar\\\/066b5a0d447013502c71a5782f4f3469f03cfe595cc2329fb94652fe47511bfb?s=96&d=mm&r=g\",\"contentUrl\":\"https:\\\/\\\/secure.gravatar.com\\\/avatar\\\/066b5a0d447013502c71a5782f4f3469f03cfe595cc2329fb94652fe47511bfb?s=96&d=mm&r=g\",\"caption\":\"anja.hall\"},\"url\":\"https:\\\/\\\/www.immobilienbusiness.ch\\\/fr\\\/author\\\/anja-hall\\\/\"}]}<\/script>\n<!-- \/ Yoast SEO plugin. -->","yoast_head_json":{"title":"SF Sustainable Property Fund pr\u00fcft Kapitalerh\u00f6hung - IMMOBILIEN Business","description":"Der SPF Sustainable Property Fund hat in B\u00fclach und in Bonaduz Liegenschaften erworben. F\u00fcr weitere Zuk\u00e4ufe pr\u00fcft das Fondsmanagement eine Kapitalerh\u00f6hung.","robots":{"index":"index","follow":"follow","max-snippet":"max-snippet:-1","max-image-preview":"max-image-preview:large","max-video-preview":"max-video-preview:-1"},"canonical":"https:\/\/www.immobilienbusiness.ch\/fr\/unternehmen\/2020-05-06\/sf-sustainable-property-fund-prueft-kapitalerhoehung\/","og_locale":"fr_FR","og_type":"article","og_title":"SF Sustainable Property Fund pr\u00fcft Kapitalerh\u00f6hung - IMMOBILIEN Business","og_description":"Der SPF Sustainable Property Fund hat in B\u00fclach und in Bonaduz Liegenschaften erworben. F\u00fcr weitere Zuk\u00e4ufe pr\u00fcft das Fondsmanagement eine Kapitalerh\u00f6hung.","og_url":"https:\/\/www.immobilienbusiness.ch\/fr\/unternehmen\/2020-05-06\/sf-sustainable-property-fund-prueft-kapitalerhoehung\/","og_site_name":"IMMOBILIEN Business","article_publisher":"https:\/\/www.facebook.com\/immobilienbusiness\/","article_published_time":"2020-05-06T06:13:00+00:00","og_image":[{"width":1024,"height":686,"url":"https:\/\/www.immobilienbusiness.ch\/wp-content\/uploads\/2019\/05\/Depositphotos_43061653_xl-2015-1024x686.jpg","type":"image\/jpeg"}],"author":"anja.hall","twitter_card":"summary_large_image","twitter_image":"https:\/\/www.immobilienbusiness.ch\/wp-content\/uploads\/2019\/05\/Depositphotos_43061653_xl-2015.jpg","schema":{"@context":"https:\/\/schema.org","@graph":[{"@type":"Article","@id":"https:\/\/www.immobilienbusiness.ch\/it\/unternehmen\/2020-05-06\/sf-sustainable-property-fund-prueft-kapitalerhoehung\/#article","isPartOf":{"@id":"https:\/\/www.immobilienbusiness.ch\/it\/unternehmen\/2020-05-06\/sf-sustainable-property-fund-prueft-kapitalerhoehung\/"},"author":{"name":"anja.hall","@id":"https:\/\/www.immobilienbusiness.ch\/#\/schema\/person\/3fc036297b10b9f42d6db5ee932af8c8"},"headline":"SF Sustainable Property Fund pr\u00fcft Kapitalerh\u00f6hung","datePublished":"2020-05-06T06:13:00+00:00","mainEntityOfPage":{"@id":"https:\/\/www.immobilienbusiness.ch\/it\/unternehmen\/2020-05-06\/sf-sustainable-property-fund-prueft-kapitalerhoehung\/"},"wordCount":213,"publisher":{"@id":"https:\/\/www.immobilienbusiness.ch\/#organization"},"image":{"@id":"https:\/\/www.immobilienbusiness.ch\/it\/unternehmen\/2020-05-06\/sf-sustainable-property-fund-prueft-kapitalerhoehung\/#primaryimage"},"thumbnailUrl":"https:\/\/www.immobilienbusiness.ch\/wp-content\/uploads\/2019\/05\/Depositphotos_43061653_xl-2015.jpg","keywords":["Immobilienfonds","Kapitalerh\u00f6hung"],"articleSection":["UNTERNEHMEN"],"inLanguage":"fr-FR"},{"@type":"WebPage","@id":"https:\/\/www.immobilienbusiness.ch\/it\/unternehmen\/2020-05-06\/sf-sustainable-property-fund-prueft-kapitalerhoehung\/","url":"https:\/\/www.immobilienbusiness.ch\/it\/unternehmen\/2020-05-06\/sf-sustainable-property-fund-prueft-kapitalerhoehung\/","name":"SF Sustainable Property Fund pr\u00fcft Kapitalerh\u00f6hung - IMMOBILIEN Business","isPartOf":{"@id":"https:\/\/www.immobilienbusiness.ch\/#website"},"primaryImageOfPage":{"@id":"https:\/\/www.immobilienbusiness.ch\/it\/unternehmen\/2020-05-06\/sf-sustainable-property-fund-prueft-kapitalerhoehung\/#primaryimage"},"image":{"@id":"https:\/\/www.immobilienbusiness.ch\/it\/unternehmen\/2020-05-06\/sf-sustainable-property-fund-prueft-kapitalerhoehung\/#primaryimage"},"thumbnailUrl":"https:\/\/www.immobilienbusiness.ch\/wp-content\/uploads\/2019\/05\/Depositphotos_43061653_xl-2015.jpg","datePublished":"2020-05-06T06:13:00+00:00","description":"Der SPF Sustainable Property Fund hat in B\u00fclach und in Bonaduz Liegenschaften erworben. F\u00fcr weitere Zuk\u00e4ufe pr\u00fcft das Fondsmanagement eine Kapitalerh\u00f6hung.","breadcrumb":{"@id":"https:\/\/www.immobilienbusiness.ch\/it\/unternehmen\/2020-05-06\/sf-sustainable-property-fund-prueft-kapitalerhoehung\/#breadcrumb"},"inLanguage":"fr-FR","potentialAction":[{"@type":"ReadAction","target":["https:\/\/www.immobilienbusiness.ch\/it\/unternehmen\/2020-05-06\/sf-sustainable-property-fund-prueft-kapitalerhoehung\/"]}]},{"@type":"ImageObject","inLanguage":"fr-FR","@id":"https:\/\/www.immobilienbusiness.ch\/it\/unternehmen\/2020-05-06\/sf-sustainable-property-fund-prueft-kapitalerhoehung\/#primaryimage","url":"https:\/\/www.immobilienbusiness.ch\/wp-content\/uploads\/2019\/05\/Depositphotos_43061653_xl-2015.jpg","contentUrl":"https:\/\/www.immobilienbusiness.ch\/wp-content\/uploads\/2019\/05\/Depositphotos_43061653_xl-2015.jpg","width":2560,"height":1714,"caption":"Die Anlagegruppe \u00abSPA Immobilien Schweiz\u00bb hat ein Update zum 3. Quartal vorgelegt (Bild: Depositphotos)"},{"@type":"BreadcrumbList","@id":"https:\/\/www.immobilienbusiness.ch\/it\/unternehmen\/2020-05-06\/sf-sustainable-property-fund-prueft-kapitalerhoehung\/#breadcrumb","itemListElement":[{"@type":"ListItem","position":1,"name":"Home","item":"https:\/\/www.immobilienbusiness.ch\/"},{"@type":"ListItem","position":2,"name":"SF Sustainable Property Fund pr\u00fcft Kapitalerh\u00f6hung"}]},{"@type":"WebSite","@id":"https:\/\/www.immobilienbusiness.ch\/#website","url":"https:\/\/www.immobilienbusiness.ch\/","name":"IMMOBILIER Business","description":"Magazine \u00e9conomique suisse ind\u00e9pendant ax\u00e9 sur l'immobilier, l'architecture et la construction ainsi que sur les investissements et le financement.","publisher":{"@id":"https:\/\/www.immobilienbusiness.ch\/#organization"},"potentialAction":[{"@type":"SearchAction","target":{"@type":"EntryPoint","urlTemplate":"https:\/\/www.immobilienbusiness.ch\/?s={search_term_string}"},"query-input":{"@type":"PropertyValueSpecification","valueRequired":true,"valueName":"search_term_string"}}],"inLanguage":"fr-FR"},{"@type":"Organization","@id":"https:\/\/www.immobilienbusiness.ch\/#organization","name":"IMMOBILIER Business","url":"https:\/\/www.immobilienbusiness.ch\/","logo":{"@type":"ImageObject","inLanguage":"fr-FR","@id":"https:\/\/www.immobilienbusiness.ch\/#\/schema\/logo\/image\/","url":"https:\/\/www.immobilienbusiness.ch\/wp-content\/uploads\/2021\/07\/logo_ib.png","contentUrl":"https:\/\/www.immobilienbusiness.ch\/wp-content\/uploads\/2021\/07\/logo_ib.png","width":800,"height":181,"caption":"IMMOBILIEN Business"},"image":{"@id":"https:\/\/www.immobilienbusiness.ch\/#\/schema\/logo\/image\/"},"sameAs":["https:\/\/www.facebook.com\/immobilienbusiness\/"]},{"@type":"Person","@id":"https:\/\/www.immobilienbusiness.ch\/#\/schema\/person\/3fc036297b10b9f42d6db5ee932af8c8","name":"anja.hall","image":{"@type":"ImageObject","inLanguage":"fr-FR","@id":"https:\/\/secure.gravatar.com\/avatar\/066b5a0d447013502c71a5782f4f3469f03cfe595cc2329fb94652fe47511bfb?s=96&d=mm&r=g","url":"https:\/\/secure.gravatar.com\/avatar\/066b5a0d447013502c71a5782f4f3469f03cfe595cc2329fb94652fe47511bfb?s=96&d=mm&r=g","contentUrl":"https:\/\/secure.gravatar.com\/avatar\/066b5a0d447013502c71a5782f4f3469f03cfe595cc2329fb94652fe47511bfb?s=96&d=mm&r=g","caption":"anja.hall"},"url":"https:\/\/www.immobilienbusiness.ch\/fr\/author\/anja-hall\/"}]}},"_links":{"self":[{"href":"https:\/\/www.immobilienbusiness.ch\/fr\/wp-json\/wp\/v2\/posts\/21107","targetHints":{"allow":["GET"]}}],"collection":[{"href":"https:\/\/www.immobilienbusiness.ch\/fr\/wp-json\/wp\/v2\/posts"}],"about":[{"href":"https:\/\/www.immobilienbusiness.ch\/fr\/wp-json\/wp\/v2\/types\/post"}],"author":[{"embeddable":true,"href":"https:\/\/www.immobilienbusiness.ch\/fr\/wp-json\/wp\/v2\/users\/3"}],"replies":[{"embeddable":true,"href":"https:\/\/www.immobilienbusiness.ch\/fr\/wp-json\/wp\/v2\/comments?post=21107"}],"version-history":[{"count":0,"href":"https:\/\/www.immobilienbusiness.ch\/fr\/wp-json\/wp\/v2\/posts\/21107\/revisions"}],"wp:featuredmedia":[{"embeddable":true,"href":"https:\/\/www.immobilienbusiness.ch\/fr\/wp-json\/wp\/v2\/media\/17169"}],"wp:attachment":[{"href":"https:\/\/www.immobilienbusiness.ch\/fr\/wp-json\/wp\/v2\/media?parent=21107"}],"wp:term":[{"taxonomy":"category","embeddable":true,"href":"https:\/\/www.immobilienbusiness.ch\/fr\/wp-json\/wp\/v2\/categories?post=21107"},{"taxonomy":"post_tag","embeddable":true,"href":"https:\/\/www.immobilienbusiness.ch\/fr\/wp-json\/wp\/v2\/tags?post=21107"}],"curies":[{"name":"wp","href":"https:\/\/api.w.org\/{rel}","templated":true}]}}