{"id":21060,"date":"2020-04-30T08:07:28","date_gmt":"2020-04-30T06:07:28","guid":{"rendered":"https:\/\/www.immobilienbusiness.ch\/?p=21060"},"modified":"2023-08-09T21:26:13","modified_gmt":"2023-08-09T19:26:13","slug":"neuer-partner-fuer-madaster","status":"publish","type":"post","link":"https:\/\/www.immobilienbusiness.ch\/fr\/unternehmen\/2020-04-30\/neuer-partner-fuer-madaster\/","title":{"rendered":"Nouveau partenaire pour Madaster"},"content":{"rendered":"<figure id=\"attachment_21061\" aria-describedby=\"caption-attachment-21061\" style=\"width: 300px\" class=\"wp-caption alignnone\"><img loading=\"lazy\" decoding=\"async\" class=\"wp-image-21061 size-medium\" src=\"https:\/\/www.immobilienbusiness.ch\/wp-content\/uploads\/2020\/04\/Dress-Sommer-neuer-Madaster-Kennedy_Marloes-Fischer_Ju\u0308rg-M-Volm_IMG_3145-300x200.jpg\" alt=\"Madaster\" width=\"300\" height=\"200\" srcset=\"https:\/\/www.immobilienbusiness.ch\/wp-content\/uploads\/2020\/04\/Dress-Sommer-neuer-Madaster-Kennedy_Marloes-Fischer_Ju\u0308rg-M-Volm_IMG_3145-300x200.jpg 300w, https:\/\/www.immobilienbusiness.ch\/wp-content\/uploads\/2020\/04\/Dress-Sommer-neuer-Madaster-Kennedy_Marloes-Fischer_Ju\u0308rg-M-Volm_IMG_3145-1024x683.jpg 1024w, https:\/\/www.immobilienbusiness.ch\/wp-content\/uploads\/2020\/04\/Dress-Sommer-neuer-Madaster-Kennedy_Marloes-Fischer_Ju\u0308rg-M-Volm_IMG_3145-768x512.jpg 768w, https:\/\/www.immobilienbusiness.ch\/wp-content\/uploads\/2020\/04\/Dress-Sommer-neuer-Madaster-Kennedy_Marloes-Fischer_Ju\u0308rg-M-Volm_IMG_3145-1536x1024.jpg 1536w, https:\/\/www.immobilienbusiness.ch\/wp-content\/uploads\/2020\/04\/Dress-Sommer-neuer-Madaster-Kennedy_Marloes-Fischer_Ju\u0308rg-M-Volm_IMG_3145-16x12.jpg 16w, https:\/\/www.immobilienbusiness.ch\/wp-content\/uploads\/2020\/04\/Dress-Sommer-neuer-Madaster-Kennedy_Marloes-Fischer_Ju\u0308rg-M-Volm_IMG_3145-263x175.jpg 263w, https:\/\/www.immobilienbusiness.ch\/wp-content\/uploads\/2020\/04\/Dress-Sommer-neuer-Madaster-Kennedy_Marloes-Fischer_Ju\u0308rg-M-Volm_IMG_3145-525x350.jpg 525w, https:\/\/www.immobilienbusiness.ch\/wp-content\/uploads\/2020\/04\/Dress-Sommer-neuer-Madaster-Kennedy_Marloes-Fischer_Ju\u0308rg-M-Volm_IMG_3145-1200x800.jpg 1200w, https:\/\/www.immobilienbusiness.ch\/wp-content\/uploads\/2020\/04\/Dress-Sommer-neuer-Madaster-Kennedy_Marloes-Fischer_Ju\u0308rg-M-Volm_IMG_3145-920x613.jpg 920w, https:\/\/www.immobilienbusiness.ch\/wp-content\/uploads\/2020\/04\/Dress-Sommer-neuer-Madaster-Kennedy_Marloes-Fischer_Ju\u0308rg-M-Volm_IMG_3145-1400x933.jpg 1400w, https:\/\/www.immobilienbusiness.ch\/wp-content\/uploads\/2020\/04\/Dress-Sommer-neuer-Madaster-Kennedy_Marloes-Fischer_Ju\u0308rg-M-Volm_IMG_3145.jpg 1689w\" sizes=\"auto, (max-width: 300px) 100vw, 300px\" \/><figcaption id=\"caption-attachment-21061\" class=\"wp-caption-text\">Marloes Fischer (Madaster) et J\u00fcrgen M. Volm (Drees &amp; Sommer)<\/figcaption><\/figure>\n<p>L'expertise en mati\u00e8re de \"Material Passport\" doit permettre de soutenir le catalogage des mat\u00e9riaux et des produits des b\u00e2timents dans la base de donn\u00e9es centrale en ligne. Madaster offre une valeur ajout\u00e9e \u00e0 Drees &amp; Sommer Suisse SA non seulement pour la saisie des passeports de mat\u00e9riaux (Material Passports) pour les nouveaux b\u00e2timents, mais aussi pour la r\u00e9alisation de projets de construction Cradle to Cradle.<\/p>\n<p>\"Le partenariat avec Madaster nous permet d'am\u00e9liorer encore la circularit\u00e9 dans nos projets et contribue ainsi \u00e0 poser les bases d'un avenir enkyst\u00e9, avec des espaces de vie et de travail sains, des villes o\u00f9 il fait bon vivre et des infrastructures qui fonctionnent\", explique J\u00fcrgen M. Volm, partenaire et pr\u00e9sident du directoire de Drees &amp; Sommer Schweiz AG.<\/p>\n<p>Madaster Suisse, une association \u00e0 but non lucratif bas\u00e9e \u00e0 Zurich, a pour objectif de promouvoir l'\u00e9conomie circulaire dans le secteur de la construction et de l'immobilier en Suisse et de r\u00e9duire ainsi les d\u00e9chets. Madaster stimule et supervise le d\u00e9veloppement et l'utilisation de passeports de mat\u00e9riaux pour les b\u00e2timents neufs et existants via la plateforme Madaster. Le comit\u00e9 directeur de l'association comprend des entreprises leaders du secteur de la construction et de l'immobilier en Suisse ; d'autres partenaires devraient \u00eatre recrut\u00e9s dans les mois \u00e0 venir, explique Marloes Fischer, pr\u00e9sidente de Madaster Suisse. <em>(M.ARR.)<\/em><\/p>","protected":false},"excerpt":{"rendered":"<p>Drees &amp; Sommer Schweiz AG est le nouveau partenaire de Madaster. Avec cette adh\u00e9sion, l'entreprise de conseil, de planification et de gestion de projets souhaite faire avancer le th\u00e8me de l'\u00e9conomie circulaire en Suisse.<\/p>","protected":false},"author":3,"featured_media":21061,"comment_status":"closed","ping_status":"closed","sticky":false,"template":"","format":"standard","meta":{"_acf_changed":false,"_yoast_wpseo_focuskw":"Madaster","_yoast_wpseo_title":"","_yoast_wpseo_metadesc":"Drees & Sommer Schweiz ist neuer Partner von Madaster. Man wolle das Thema Kreislaufwirtschaft in der Schweiz weiter vorantreiben.","_yoast_wpseo_linkdex":42,"pgc_sgb_lightbox_settings":"","footnotes":""},"categories":[988],"tags":[1174,1514],"class_list":["post-21060","post","type-post","status-publish","format-standard","has-post-thumbnail","hentry","category-unternehmen","tag-drees-sommer","tag-nachhaltiges-bauen"],"acf":[],"yoast_head":"<!-- This site is optimized with the Yoast SEO plugin v27.4 - https:\/\/yoast.com\/product\/yoast-seo-wordpress\/ -->\n<title>Neuer Partner f\u00fcr Madaster - IMMOBILIEN Business<\/title>\n<meta name=\"description\" content=\"Drees &amp; Sommer Schweiz ist neuer Partner von Madaster. Man wolle das Thema Kreislaufwirtschaft in der Schweiz weiter vorantreiben.\" \/>\n<meta name=\"robots\" content=\"index, follow, max-snippet:-1, max-image-preview:large, max-video-preview:-1\" \/>\n<link rel=\"canonical\" href=\"https:\/\/www.immobilienbusiness.ch\/fr\/unternehmen\/2020-04-30\/neuer-partner-fuer-madaster\/\" \/>\n<meta property=\"og:locale\" content=\"fr_FR\" \/>\n<meta property=\"og:type\" content=\"article\" \/>\n<meta property=\"og:title\" content=\"Neuer Partner f\u00fcr Madaster - IMMOBILIEN Business\" \/>\n<meta property=\"og:description\" content=\"Drees &amp; Sommer Schweiz ist neuer Partner von Madaster. Man wolle das Thema Kreislaufwirtschaft in der Schweiz weiter vorantreiben.\" \/>\n<meta property=\"og:url\" content=\"https:\/\/www.immobilienbusiness.ch\/fr\/unternehmen\/2020-04-30\/neuer-partner-fuer-madaster\/\" \/>\n<meta property=\"og:site_name\" content=\"IMMOBILIEN Business\" \/>\n<meta property=\"article:publisher\" content=\"https:\/\/www.facebook.com\/immobilienbusiness\/\" \/>\n<meta property=\"article:published_time\" content=\"2020-04-30T06:07:28+00:00\" \/>\n<meta property=\"article:modified_time\" content=\"2023-08-09T19:26:13+00:00\" \/>\n<meta property=\"og:image\" content=\"https:\/\/www.immobilienbusiness.ch\/wp-content\/uploads\/2020\/04\/Dress-Sommer-neuer-Madaster-Kennedy_Marloes-Fischer_Ju\u0308rg-M-Volm_IMG_3145.jpg\" \/>\n\t<meta property=\"og:image:width\" content=\"1689\" \/>\n\t<meta property=\"og:image:height\" content=\"1126\" \/>\n\t<meta property=\"og:image:type\" content=\"image\/jpeg\" \/>\n<meta name=\"author\" content=\"anja.hall\" \/>\n<meta name=\"twitter:card\" content=\"summary_large_image\" \/>\n<meta name=\"twitter:image\" content=\"https:\/\/www.immobilienbusiness.ch\/wp-content\/uploads\/2020\/04\/Dress-Sommer-neuer-Madaster-Kennedy_Marloes-Fischer_Ju\u0308rg-M-Volm_IMG_3145.jpg\" \/>\n<script type=\"application\/ld+json\" class=\"yoast-schema-graph\">{\"@context\":\"https:\\\/\\\/schema.org\",\"@graph\":[{\"@type\":\"Article\",\"@id\":\"https:\\\/\\\/www.immobilienbusiness.ch\\\/en\\\/unternehmen\\\/2020-04-30\\\/neuer-partner-fuer-madaster\\\/#article\",\"isPartOf\":{\"@id\":\"https:\\\/\\\/www.immobilienbusiness.ch\\\/en\\\/unternehmen\\\/2020-04-30\\\/neuer-partner-fuer-madaster\\\/\"},\"author\":{\"name\":\"anja.hall\",\"@id\":\"https:\\\/\\\/www.immobilienbusiness.ch\\\/#\\\/schema\\\/person\\\/3fc036297b10b9f42d6db5ee932af8c8\"},\"headline\":\"Neuer Partner f\u00fcr Madaster\",\"datePublished\":\"2020-04-30T06:07:28+00:00\",\"dateModified\":\"2023-08-09T19:26:13+00:00\",\"mainEntityOfPage\":{\"@id\":\"https:\\\/\\\/www.immobilienbusiness.ch\\\/en\\\/unternehmen\\\/2020-04-30\\\/neuer-partner-fuer-madaster\\\/\"},\"wordCount\":226,\"publisher\":{\"@id\":\"https:\\\/\\\/www.immobilienbusiness.ch\\\/#organization\"},\"image\":{\"@id\":\"https:\\\/\\\/www.immobilienbusiness.ch\\\/en\\\/unternehmen\\\/2020-04-30\\\/neuer-partner-fuer-madaster\\\/#primaryimage\"},\"thumbnailUrl\":\"https:\\\/\\\/www.immobilienbusiness.ch\\\/wp-content\\\/uploads\\\/2020\\\/04\\\/Dress-Sommer-neuer-Madaster-Kennedy_Marloes-Fischer_Ju\u0308rg-M-Volm_IMG_3145.jpg\",\"keywords\":[\"Drees &amp; Sommer\",\"Nachhaltiges Bauen\"],\"articleSection\":[\"UNTERNEHMEN\"],\"inLanguage\":\"fr-FR\"},{\"@type\":\"WebPage\",\"@id\":\"https:\\\/\\\/www.immobilienbusiness.ch\\\/en\\\/unternehmen\\\/2020-04-30\\\/neuer-partner-fuer-madaster\\\/\",\"url\":\"https:\\\/\\\/www.immobilienbusiness.ch\\\/en\\\/unternehmen\\\/2020-04-30\\\/neuer-partner-fuer-madaster\\\/\",\"name\":\"Neuer Partner f\u00fcr Madaster - IMMOBILIEN Business\",\"isPartOf\":{\"@id\":\"https:\\\/\\\/www.immobilienbusiness.ch\\\/#website\"},\"primaryImageOfPage\":{\"@id\":\"https:\\\/\\\/www.immobilienbusiness.ch\\\/en\\\/unternehmen\\\/2020-04-30\\\/neuer-partner-fuer-madaster\\\/#primaryimage\"},\"image\":{\"@id\":\"https:\\\/\\\/www.immobilienbusiness.ch\\\/en\\\/unternehmen\\\/2020-04-30\\\/neuer-partner-fuer-madaster\\\/#primaryimage\"},\"thumbnailUrl\":\"https:\\\/\\\/www.immobilienbusiness.ch\\\/wp-content\\\/uploads\\\/2020\\\/04\\\/Dress-Sommer-neuer-Madaster-Kennedy_Marloes-Fischer_Ju\u0308rg-M-Volm_IMG_3145.jpg\",\"datePublished\":\"2020-04-30T06:07:28+00:00\",\"dateModified\":\"2023-08-09T19:26:13+00:00\",\"description\":\"Drees & Sommer Schweiz ist neuer Partner von Madaster. Man wolle das Thema Kreislaufwirtschaft in der Schweiz weiter vorantreiben.\",\"breadcrumb\":{\"@id\":\"https:\\\/\\\/www.immobilienbusiness.ch\\\/en\\\/unternehmen\\\/2020-04-30\\\/neuer-partner-fuer-madaster\\\/#breadcrumb\"},\"inLanguage\":\"fr-FR\",\"potentialAction\":[{\"@type\":\"ReadAction\",\"target\":[\"https:\\\/\\\/www.immobilienbusiness.ch\\\/en\\\/unternehmen\\\/2020-04-30\\\/neuer-partner-fuer-madaster\\\/\"]}]},{\"@type\":\"ImageObject\",\"inLanguage\":\"fr-FR\",\"@id\":\"https:\\\/\\\/www.immobilienbusiness.ch\\\/en\\\/unternehmen\\\/2020-04-30\\\/neuer-partner-fuer-madaster\\\/#primaryimage\",\"url\":\"https:\\\/\\\/www.immobilienbusiness.ch\\\/wp-content\\\/uploads\\\/2020\\\/04\\\/Dress-Sommer-neuer-Madaster-Kennedy_Marloes-Fischer_Ju\u0308rg-M-Volm_IMG_3145.jpg\",\"contentUrl\":\"https:\\\/\\\/www.immobilienbusiness.ch\\\/wp-content\\\/uploads\\\/2020\\\/04\\\/Dress-Sommer-neuer-Madaster-Kennedy_Marloes-Fischer_Ju\u0308rg-M-Volm_IMG_3145.jpg\",\"width\":1689,\"height\":1126,\"caption\":\"Marloes Fischer (Madaster) und J\u00fcrgen M. Volm (Drees & Sommer)\"},{\"@type\":\"BreadcrumbList\",\"@id\":\"https:\\\/\\\/www.immobilienbusiness.ch\\\/en\\\/unternehmen\\\/2020-04-30\\\/neuer-partner-fuer-madaster\\\/#breadcrumb\",\"itemListElement\":[{\"@type\":\"ListItem\",\"position\":1,\"name\":\"Home\",\"item\":\"https:\\\/\\\/www.immobilienbusiness.ch\\\/\"},{\"@type\":\"ListItem\",\"position\":2,\"name\":\"Neuer Partner f\u00fcr Madaster\"}]},{\"@type\":\"WebSite\",\"@id\":\"https:\\\/\\\/www.immobilienbusiness.ch\\\/#website\",\"url\":\"https:\\\/\\\/www.immobilienbusiness.ch\\\/\",\"name\":\"IMMOBILIEN Business\",\"description\":\"Unabh\u00e4ngiges Schweizer Wirtschaftsmagazin mit Fokus auf Immobilien, Architektur- und Bau sowie Investment- und Finanzierung.\",\"publisher\":{\"@id\":\"https:\\\/\\\/www.immobilienbusiness.ch\\\/#organization\"},\"potentialAction\":[{\"@type\":\"SearchAction\",\"target\":{\"@type\":\"EntryPoint\",\"urlTemplate\":\"https:\\\/\\\/www.immobilienbusiness.ch\\\/?s={search_term_string}\"},\"query-input\":{\"@type\":\"PropertyValueSpecification\",\"valueRequired\":true,\"valueName\":\"search_term_string\"}}],\"inLanguage\":\"fr-FR\"},{\"@type\":\"Organization\",\"@id\":\"https:\\\/\\\/www.immobilienbusiness.ch\\\/#organization\",\"name\":\"IMMOBILIEN Business\",\"url\":\"https:\\\/\\\/www.immobilienbusiness.ch\\\/\",\"logo\":{\"@type\":\"ImageObject\",\"inLanguage\":\"fr-FR\",\"@id\":\"https:\\\/\\\/www.immobilienbusiness.ch\\\/#\\\/schema\\\/logo\\\/image\\\/\",\"url\":\"https:\\\/\\\/www.immobilienbusiness.ch\\\/wp-content\\\/uploads\\\/2021\\\/07\\\/logo_ib.png\",\"contentUrl\":\"https:\\\/\\\/www.immobilienbusiness.ch\\\/wp-content\\\/uploads\\\/2021\\\/07\\\/logo_ib.png\",\"width\":800,\"height\":181,\"caption\":\"IMMOBILIEN Business\"},\"image\":{\"@id\":\"https:\\\/\\\/www.immobilienbusiness.ch\\\/#\\\/schema\\\/logo\\\/image\\\/\"},\"sameAs\":[\"https:\\\/\\\/www.facebook.com\\\/immobilienbusiness\\\/\"]},{\"@type\":\"Person\",\"@id\":\"https:\\\/\\\/www.immobilienbusiness.ch\\\/#\\\/schema\\\/person\\\/3fc036297b10b9f42d6db5ee932af8c8\",\"name\":\"anja.hall\",\"image\":{\"@type\":\"ImageObject\",\"inLanguage\":\"fr-FR\",\"@id\":\"https:\\\/\\\/secure.gravatar.com\\\/avatar\\\/066b5a0d447013502c71a5782f4f3469f03cfe595cc2329fb94652fe47511bfb?s=96&d=mm&r=g\",\"url\":\"https:\\\/\\\/secure.gravatar.com\\\/avatar\\\/066b5a0d447013502c71a5782f4f3469f03cfe595cc2329fb94652fe47511bfb?s=96&d=mm&r=g\",\"contentUrl\":\"https:\\\/\\\/secure.gravatar.com\\\/avatar\\\/066b5a0d447013502c71a5782f4f3469f03cfe595cc2329fb94652fe47511bfb?s=96&d=mm&r=g\",\"caption\":\"anja.hall\"},\"url\":\"https:\\\/\\\/www.immobilienbusiness.ch\\\/fr\\\/author\\\/anja-hall\\\/\"}]}<\/script>\n<!-- \/ Yoast SEO plugin. -->","yoast_head_json":{"title":"Nouveau partenaire pour Madaster - IMMOBILIER Business","description":"Drees &amp; Sommer Suisse est le nouveau partenaire de Madaster. L'objectif est de faire progresser le th\u00e8me de l'\u00e9conomie circulaire en Suisse.","robots":{"index":"index","follow":"follow","max-snippet":"max-snippet:-1","max-image-preview":"max-image-preview:large","max-video-preview":"max-video-preview:-1"},"canonical":"https:\/\/www.immobilienbusiness.ch\/fr\/unternehmen\/2020-04-30\/neuer-partner-fuer-madaster\/","og_locale":"fr_FR","og_type":"article","og_title":"Neuer Partner f\u00fcr Madaster - IMMOBILIEN Business","og_description":"Drees & Sommer Schweiz ist neuer Partner von Madaster. Man wolle das Thema Kreislaufwirtschaft in der Schweiz weiter vorantreiben.","og_url":"https:\/\/www.immobilienbusiness.ch\/fr\/unternehmen\/2020-04-30\/neuer-partner-fuer-madaster\/","og_site_name":"IMMOBILIEN Business","article_publisher":"https:\/\/www.facebook.com\/immobilienbusiness\/","article_published_time":"2020-04-30T06:07:28+00:00","article_modified_time":"2023-08-09T19:26:13+00:00","og_image":[{"width":1689,"height":1126,"url":"https:\/\/www.immobilienbusiness.ch\/wp-content\/uploads\/2020\/04\/Dress-Sommer-neuer-Madaster-Kennedy_Marloes-Fischer_Ju\u0308rg-M-Volm_IMG_3145.jpg","type":"image\/jpeg"}],"author":"anja.hall","twitter_card":"summary_large_image","twitter_image":"https:\/\/www.immobilienbusiness.ch\/wp-content\/uploads\/2020\/04\/Dress-Sommer-neuer-Madaster-Kennedy_Marloes-Fischer_Ju\u0308rg-M-Volm_IMG_3145.jpg","schema":{"@context":"https:\/\/schema.org","@graph":[{"@type":"Article","@id":"https:\/\/www.immobilienbusiness.ch\/en\/unternehmen\/2020-04-30\/neuer-partner-fuer-madaster\/#article","isPartOf":{"@id":"https:\/\/www.immobilienbusiness.ch\/en\/unternehmen\/2020-04-30\/neuer-partner-fuer-madaster\/"},"author":{"name":"anja.hall","@id":"https:\/\/www.immobilienbusiness.ch\/#\/schema\/person\/3fc036297b10b9f42d6db5ee932af8c8"},"headline":"Neuer Partner f\u00fcr Madaster","datePublished":"2020-04-30T06:07:28+00:00","dateModified":"2023-08-09T19:26:13+00:00","mainEntityOfPage":{"@id":"https:\/\/www.immobilienbusiness.ch\/en\/unternehmen\/2020-04-30\/neuer-partner-fuer-madaster\/"},"wordCount":226,"publisher":{"@id":"https:\/\/www.immobilienbusiness.ch\/#organization"},"image":{"@id":"https:\/\/www.immobilienbusiness.ch\/en\/unternehmen\/2020-04-30\/neuer-partner-fuer-madaster\/#primaryimage"},"thumbnailUrl":"https:\/\/www.immobilienbusiness.ch\/wp-content\/uploads\/2020\/04\/Dress-Sommer-neuer-Madaster-Kennedy_Marloes-Fischer_Ju\u0308rg-M-Volm_IMG_3145.jpg","keywords":["Drees &amp; Sommer","Nachhaltiges Bauen"],"articleSection":["UNTERNEHMEN"],"inLanguage":"fr-FR"},{"@type":"WebPage","@id":"https:\/\/www.immobilienbusiness.ch\/en\/unternehmen\/2020-04-30\/neuer-partner-fuer-madaster\/","url":"https:\/\/www.immobilienbusiness.ch\/en\/unternehmen\/2020-04-30\/neuer-partner-fuer-madaster\/","name":"Nouveau partenaire pour Madaster - IMMOBILIER Business","isPartOf":{"@id":"https:\/\/www.immobilienbusiness.ch\/#website"},"primaryImageOfPage":{"@id":"https:\/\/www.immobilienbusiness.ch\/en\/unternehmen\/2020-04-30\/neuer-partner-fuer-madaster\/#primaryimage"},"image":{"@id":"https:\/\/www.immobilienbusiness.ch\/en\/unternehmen\/2020-04-30\/neuer-partner-fuer-madaster\/#primaryimage"},"thumbnailUrl":"https:\/\/www.immobilienbusiness.ch\/wp-content\/uploads\/2020\/04\/Dress-Sommer-neuer-Madaster-Kennedy_Marloes-Fischer_Ju\u0308rg-M-Volm_IMG_3145.jpg","datePublished":"2020-04-30T06:07:28+00:00","dateModified":"2023-08-09T19:26:13+00:00","description":"Drees &amp; Sommer Suisse est le nouveau partenaire de Madaster. L'objectif est de faire progresser le th\u00e8me de l'\u00e9conomie circulaire en Suisse.","breadcrumb":{"@id":"https:\/\/www.immobilienbusiness.ch\/en\/unternehmen\/2020-04-30\/neuer-partner-fuer-madaster\/#breadcrumb"},"inLanguage":"fr-FR","potentialAction":[{"@type":"ReadAction","target":["https:\/\/www.immobilienbusiness.ch\/en\/unternehmen\/2020-04-30\/neuer-partner-fuer-madaster\/"]}]},{"@type":"ImageObject","inLanguage":"fr-FR","@id":"https:\/\/www.immobilienbusiness.ch\/en\/unternehmen\/2020-04-30\/neuer-partner-fuer-madaster\/#primaryimage","url":"https:\/\/www.immobilienbusiness.ch\/wp-content\/uploads\/2020\/04\/Dress-Sommer-neuer-Madaster-Kennedy_Marloes-Fischer_Ju\u0308rg-M-Volm_IMG_3145.jpg","contentUrl":"https:\/\/www.immobilienbusiness.ch\/wp-content\/uploads\/2020\/04\/Dress-Sommer-neuer-Madaster-Kennedy_Marloes-Fischer_Ju\u0308rg-M-Volm_IMG_3145.jpg","width":1689,"height":1126,"caption":"Marloes Fischer (Madaster) und J\u00fcrgen M. Volm (Drees & Sommer)"},{"@type":"BreadcrumbList","@id":"https:\/\/www.immobilienbusiness.ch\/en\/unternehmen\/2020-04-30\/neuer-partner-fuer-madaster\/#breadcrumb","itemListElement":[{"@type":"ListItem","position":1,"name":"Home","item":"https:\/\/www.immobilienbusiness.ch\/"},{"@type":"ListItem","position":2,"name":"Neuer Partner f\u00fcr Madaster"}]},{"@type":"WebSite","@id":"https:\/\/www.immobilienbusiness.ch\/#website","url":"https:\/\/www.immobilienbusiness.ch\/","name":"IMMOBILIER Business","description":"Magazine \u00e9conomique suisse ind\u00e9pendant ax\u00e9 sur l'immobilier, l'architecture et la construction ainsi que sur les investissements et le financement.","publisher":{"@id":"https:\/\/www.immobilienbusiness.ch\/#organization"},"potentialAction":[{"@type":"SearchAction","target":{"@type":"EntryPoint","urlTemplate":"https:\/\/www.immobilienbusiness.ch\/?s={search_term_string}"},"query-input":{"@type":"PropertyValueSpecification","valueRequired":true,"valueName":"search_term_string"}}],"inLanguage":"fr-FR"},{"@type":"Organization","@id":"https:\/\/www.immobilienbusiness.ch\/#organization","name":"IMMOBILIER Business","url":"https:\/\/www.immobilienbusiness.ch\/","logo":{"@type":"ImageObject","inLanguage":"fr-FR","@id":"https:\/\/www.immobilienbusiness.ch\/#\/schema\/logo\/image\/","url":"https:\/\/www.immobilienbusiness.ch\/wp-content\/uploads\/2021\/07\/logo_ib.png","contentUrl":"https:\/\/www.immobilienbusiness.ch\/wp-content\/uploads\/2021\/07\/logo_ib.png","width":800,"height":181,"caption":"IMMOBILIEN Business"},"image":{"@id":"https:\/\/www.immobilienbusiness.ch\/#\/schema\/logo\/image\/"},"sameAs":["https:\/\/www.facebook.com\/immobilienbusiness\/"]},{"@type":"Person","@id":"https:\/\/www.immobilienbusiness.ch\/#\/schema\/person\/3fc036297b10b9f42d6db5ee932af8c8","name":"anja.hall","image":{"@type":"ImageObject","inLanguage":"fr-FR","@id":"https:\/\/secure.gravatar.com\/avatar\/066b5a0d447013502c71a5782f4f3469f03cfe595cc2329fb94652fe47511bfb?s=96&d=mm&r=g","url":"https:\/\/secure.gravatar.com\/avatar\/066b5a0d447013502c71a5782f4f3469f03cfe595cc2329fb94652fe47511bfb?s=96&d=mm&r=g","contentUrl":"https:\/\/secure.gravatar.com\/avatar\/066b5a0d447013502c71a5782f4f3469f03cfe595cc2329fb94652fe47511bfb?s=96&d=mm&r=g","caption":"anja.hall"},"url":"https:\/\/www.immobilienbusiness.ch\/fr\/author\/anja-hall\/"}]}},"_links":{"self":[{"href":"https:\/\/www.immobilienbusiness.ch\/fr\/wp-json\/wp\/v2\/posts\/21060","targetHints":{"allow":["GET"]}}],"collection":[{"href":"https:\/\/www.immobilienbusiness.ch\/fr\/wp-json\/wp\/v2\/posts"}],"about":[{"href":"https:\/\/www.immobilienbusiness.ch\/fr\/wp-json\/wp\/v2\/types\/post"}],"author":[{"embeddable":true,"href":"https:\/\/www.immobilienbusiness.ch\/fr\/wp-json\/wp\/v2\/users\/3"}],"replies":[{"embeddable":true,"href":"https:\/\/www.immobilienbusiness.ch\/fr\/wp-json\/wp\/v2\/comments?post=21060"}],"version-history":[{"count":1,"href":"https:\/\/www.immobilienbusiness.ch\/fr\/wp-json\/wp\/v2\/posts\/21060\/revisions"}],"predecessor-version":[{"id":51851,"href":"https:\/\/www.immobilienbusiness.ch\/fr\/wp-json\/wp\/v2\/posts\/21060\/revisions\/51851"}],"wp:featuredmedia":[{"embeddable":true,"href":"https:\/\/www.immobilienbusiness.ch\/fr\/wp-json\/wp\/v2\/media\/21061"}],"wp:attachment":[{"href":"https:\/\/www.immobilienbusiness.ch\/fr\/wp-json\/wp\/v2\/media?parent=21060"}],"wp:term":[{"taxonomy":"category","embeddable":true,"href":"https:\/\/www.immobilienbusiness.ch\/fr\/wp-json\/wp\/v2\/categories?post=21060"},{"taxonomy":"post_tag","embeddable":true,"href":"https:\/\/www.immobilienbusiness.ch\/fr\/wp-json\/wp\/v2\/tags?post=21060"}],"curies":[{"name":"wp","href":"https:\/\/api.w.org\/{rel}","templated":true}]}}