{"id":20982,"date":"2020-04-22T08:19:00","date_gmt":"2020-04-22T06:19:00","guid":{"rendered":"https:\/\/www.immobilienbusiness.ch\/?p=20982"},"modified":"2020-04-22T08:19:00","modified_gmt":"2020-04-22T06:19:00","slug":"ceneri-basistunnel-wieder-im-testbetrieb","status":"publish","type":"post","link":"https:\/\/www.immobilienbusiness.ch\/fr\/regionen\/2020-04-22\/ceneri-basistunnel-wieder-im-testbetrieb\/","title":{"rendered":"Le tunnel de base du Ceneri \u00e0 nouveau en service d'essai"},"content":{"rendered":"<figure id=\"attachment_20983\" aria-describedby=\"caption-attachment-20983\" style=\"width: 680px\" class=\"wp-caption alignnone\"><img loading=\"lazy\" decoding=\"async\" class=\"size-medium wp-image-20983\" src=\"https:\/\/www.immobilienbusiness.ch\/wp-content\/uploads\/2020\/04\/csm_2020_01_28_cbt_tubo_ovest_portale_vigana_02_5c122df2ce.jpg\" alt=\"\" width=\"680\" height=\"453\" srcset=\"https:\/\/www.immobilienbusiness.ch\/wp-content\/uploads\/2020\/04\/csm_2020_01_28_cbt_tubo_ovest_portale_vigana_02_5c122df2ce.jpg 800w, https:\/\/www.immobilienbusiness.ch\/wp-content\/uploads\/2020\/04\/csm_2020_01_28_cbt_tubo_ovest_portale_vigana_02_5c122df2ce-300x200.jpg 300w, https:\/\/www.immobilienbusiness.ch\/wp-content\/uploads\/2020\/04\/csm_2020_01_28_cbt_tubo_ovest_portale_vigana_02_5c122df2ce-768x512.jpg 768w, https:\/\/www.immobilienbusiness.ch\/wp-content\/uploads\/2020\/04\/csm_2020_01_28_cbt_tubo_ovest_portale_vigana_02_5c122df2ce-16x12.jpg 16w, https:\/\/www.immobilienbusiness.ch\/wp-content\/uploads\/2020\/04\/csm_2020_01_28_cbt_tubo_ovest_portale_vigana_02_5c122df2ce-263x175.jpg 263w, https:\/\/www.immobilienbusiness.ch\/wp-content\/uploads\/2020\/04\/csm_2020_01_28_cbt_tubo_ovest_portale_vigana_02_5c122df2ce-525x350.jpg 525w\" sizes=\"auto, (max-width: 680px) 100vw, 680px\" \/><figcaption id=\"caption-attachment-20983\" class=\"wp-caption-text\">Le tunnel de base du Ceneri (photo : Alp Transit Gotthard AG)<\/figcaption><\/figure>\n<p>&nbsp;<\/p>\n<p>Depuis le lundi 20 avril 2020, des courses d'essai ont \u00e0 nouveau lieu dans le tunnel de base du Ceneri. Comme le communique ATG AlpTransit Gotthard AG, les conditions ont \u00e9t\u00e9 d\u00e9finies en \u00e9troite collaboration entre les sp\u00e9cialistes m\u00e9dicaux de l'Office f\u00e9d\u00e9ral de la sant\u00e9 publique (OFSP) et les CFF ; les directives de l'OFSP sont strictement respect\u00e9es. La situation est \u00e9valu\u00e9e en permanence et l'exploitation test est adapt\u00e9e aux circonstances ; pour le respect des directives de l'OFSP et des mesures de protection, l'ATG a d\u00e9sign\u00e9 un responsable de la s\u00e9curit\u00e9 pour chaque \u00e9quipe test.<\/p>\n<p>Le 6 avril 2020, ATG a repris les activit\u00e9s de maintenance n\u00e9cessaires (entretien et maintenance) dans le tunnel de base du Ceneri, conform\u00e9ment \u00e0 l'autorisation du canton du Tessin. Auparavant, tous les processus, les consignes d'instruction et les mesures de contr\u00f4le ont \u00e9t\u00e9 v\u00e9rifi\u00e9s en collaboration avec les entrepreneurs impliqu\u00e9s, les autorit\u00e9s cantonales, la SUVA et les syndicats. Il s'est av\u00e9r\u00e9 que les r\u00e8gles de comportement et d'hygi\u00e8ne impos\u00e9es par les autorit\u00e9s pouvaient \u00eatre respect\u00e9es lors des travaux.<\/p>\n<p>Fin avril 2020, AlpTransit Gotthard AG \u00e9valuera, sur la base de la situation et de l'\u00e9tat actuel de l'exploitation test, en collaboration avec l'OFT et les CFF, les cons\u00e9quences \u00e0 attendre sur le d\u00e9roulement ult\u00e9rieur de la mise en service du tunnel de base du Ceneri et son ouverture pr\u00e9vue en septembre, respectivement en d\u00e9cembre 2020. <em>(M.ARR.)<\/em><\/p>","protected":false},"excerpt":{"rendered":"<p> La soci\u00e9t\u00e9 AlpTransit Gotthard AG a repris les courses d'essai dans le tunnel de base du Ceneri. Fin avril 2020, il est pr\u00e9vu d'\u00e9valuer, sur la base de l'\u00e9tat actuel des tests, quand le tunnel pourra \u00eatre ouvert.<\/p>","protected":false},"author":3,"featured_media":20983,"comment_status":"closed","ping_status":"open","sticky":false,"template":"","format":"standard","meta":{"_acf_changed":false,"_yoast_wpseo_focuskw":"Ceneri","_yoast_wpseo_title":"","_yoast_wpseo_metadesc":"AlpTransit Gotthard hat die Testfahrten im Ceneri-Basistunnel wieder aufgenommen. Ende April soll beurteilt werden, wann der Tunnel er\u00f6ffnet werden kann.","_yoast_wpseo_linkdex":60,"pgc_sgb_lightbox_settings":"","footnotes":""},"categories":[985],"tags":[1365,1775],"class_list":["post-20982","post","type-post","status-publish","format-standard","has-post-thumbnail","hentry","category-regionen","tag-infrastruktur","tag-tessin"],"acf":[],"yoast_head":"<!-- This site is optimized with the Yoast SEO plugin v27.4 - https:\/\/yoast.com\/product\/yoast-seo-wordpress\/ -->\n<title>Ceneri-Basistunnel wieder im Testbetrieb - IMMOBILIEN Business<\/title>\n<meta name=\"description\" content=\"AlpTransit Gotthard hat die Testfahrten im Ceneri-Basistunnel wieder aufgenommen. Ende April soll beurteilt werden, wann der Tunnel er\u00f6ffnet werden kann.\" \/>\n<meta name=\"robots\" content=\"index, follow, max-snippet:-1, max-image-preview:large, max-video-preview:-1\" \/>\n<link rel=\"canonical\" href=\"https:\/\/www.immobilienbusiness.ch\/fr\/regionen\/2020-04-22\/ceneri-basistunnel-wieder-im-testbetrieb\/\" \/>\n<meta property=\"og:locale\" content=\"fr_FR\" \/>\n<meta property=\"og:type\" content=\"article\" \/>\n<meta property=\"og:title\" content=\"Ceneri-Basistunnel wieder im Testbetrieb - IMMOBILIEN Business\" \/>\n<meta property=\"og:description\" content=\"AlpTransit Gotthard hat die Testfahrten im Ceneri-Basistunnel wieder aufgenommen. Ende April soll beurteilt werden, wann der Tunnel er\u00f6ffnet werden kann.\" \/>\n<meta property=\"og:url\" content=\"https:\/\/www.immobilienbusiness.ch\/fr\/regionen\/2020-04-22\/ceneri-basistunnel-wieder-im-testbetrieb\/\" \/>\n<meta property=\"og:site_name\" content=\"IMMOBILIEN Business\" \/>\n<meta property=\"article:publisher\" content=\"https:\/\/www.facebook.com\/immobilienbusiness\/\" \/>\n<meta property=\"article:published_time\" content=\"2020-04-22T06:19:00+00:00\" \/>\n<meta property=\"og:image\" content=\"https:\/\/www.immobilienbusiness.ch\/wp-content\/uploads\/2020\/04\/csm_2020_01_28_cbt_tubo_ovest_portale_vigana_02_5c122df2ce-1.jpg\" \/>\n\t<meta property=\"og:image:width\" content=\"800\" \/>\n\t<meta property=\"og:image:height\" content=\"533\" \/>\n\t<meta property=\"og:image:type\" content=\"image\/jpeg\" \/>\n<meta name=\"author\" content=\"anja.hall\" \/>\n<meta name=\"twitter:card\" content=\"summary_large_image\" \/>\n<meta name=\"twitter:image\" content=\"https:\/\/www.immobilienbusiness.ch\/wp-content\/uploads\/2020\/04\/csm_2020_01_28_cbt_tubo_ovest_portale_vigana_02_5c122df2ce-1.jpg\" \/>\n<script type=\"application\/ld+json\" class=\"yoast-schema-graph\">{\"@context\":\"https:\\\/\\\/schema.org\",\"@graph\":[{\"@type\":\"Article\",\"@id\":\"https:\\\/\\\/www.immobilienbusiness.ch\\\/fr\\\/regionen\\\/2020-04-22\\\/ceneri-basistunnel-wieder-im-testbetrieb\\\/#article\",\"isPartOf\":{\"@id\":\"https:\\\/\\\/www.immobilienbusiness.ch\\\/fr\\\/regionen\\\/2020-04-22\\\/ceneri-basistunnel-wieder-im-testbetrieb\\\/\"},\"author\":{\"name\":\"anja.hall\",\"@id\":\"https:\\\/\\\/www.immobilienbusiness.ch\\\/#\\\/schema\\\/person\\\/3fc036297b10b9f42d6db5ee932af8c8\"},\"headline\":\"Ceneri-Basistunnel wieder im Testbetrieb\",\"datePublished\":\"2020-04-22T06:19:00+00:00\",\"mainEntityOfPage\":{\"@id\":\"https:\\\/\\\/www.immobilienbusiness.ch\\\/fr\\\/regionen\\\/2020-04-22\\\/ceneri-basistunnel-wieder-im-testbetrieb\\\/\"},\"wordCount\":206,\"publisher\":{\"@id\":\"https:\\\/\\\/www.immobilienbusiness.ch\\\/#organization\"},\"image\":{\"@id\":\"https:\\\/\\\/www.immobilienbusiness.ch\\\/fr\\\/regionen\\\/2020-04-22\\\/ceneri-basistunnel-wieder-im-testbetrieb\\\/#primaryimage\"},\"thumbnailUrl\":\"https:\\\/\\\/www.immobilienbusiness.ch\\\/wp-content\\\/uploads\\\/2020\\\/04\\\/csm_2020_01_28_cbt_tubo_ovest_portale_vigana_02_5c122df2ce.jpg\",\"keywords\":[\"Infrastruktur\",\"Tessin\"],\"articleSection\":[\"REGIONEN\"],\"inLanguage\":\"fr-FR\"},{\"@type\":\"WebPage\",\"@id\":\"https:\\\/\\\/www.immobilienbusiness.ch\\\/fr\\\/regionen\\\/2020-04-22\\\/ceneri-basistunnel-wieder-im-testbetrieb\\\/\",\"url\":\"https:\\\/\\\/www.immobilienbusiness.ch\\\/fr\\\/regionen\\\/2020-04-22\\\/ceneri-basistunnel-wieder-im-testbetrieb\\\/\",\"name\":\"Ceneri-Basistunnel wieder im Testbetrieb - IMMOBILIEN Business\",\"isPartOf\":{\"@id\":\"https:\\\/\\\/www.immobilienbusiness.ch\\\/#website\"},\"primaryImageOfPage\":{\"@id\":\"https:\\\/\\\/www.immobilienbusiness.ch\\\/fr\\\/regionen\\\/2020-04-22\\\/ceneri-basistunnel-wieder-im-testbetrieb\\\/#primaryimage\"},\"image\":{\"@id\":\"https:\\\/\\\/www.immobilienbusiness.ch\\\/fr\\\/regionen\\\/2020-04-22\\\/ceneri-basistunnel-wieder-im-testbetrieb\\\/#primaryimage\"},\"thumbnailUrl\":\"https:\\\/\\\/www.immobilienbusiness.ch\\\/wp-content\\\/uploads\\\/2020\\\/04\\\/csm_2020_01_28_cbt_tubo_ovest_portale_vigana_02_5c122df2ce.jpg\",\"datePublished\":\"2020-04-22T06:19:00+00:00\",\"description\":\"AlpTransit Gotthard hat die Testfahrten im Ceneri-Basistunnel wieder aufgenommen. Ende April soll beurteilt werden, wann der Tunnel er\u00f6ffnet werden kann.\",\"breadcrumb\":{\"@id\":\"https:\\\/\\\/www.immobilienbusiness.ch\\\/fr\\\/regionen\\\/2020-04-22\\\/ceneri-basistunnel-wieder-im-testbetrieb\\\/#breadcrumb\"},\"inLanguage\":\"fr-FR\",\"potentialAction\":[{\"@type\":\"ReadAction\",\"target\":[\"https:\\\/\\\/www.immobilienbusiness.ch\\\/fr\\\/regionen\\\/2020-04-22\\\/ceneri-basistunnel-wieder-im-testbetrieb\\\/\"]}]},{\"@type\":\"ImageObject\",\"inLanguage\":\"fr-FR\",\"@id\":\"https:\\\/\\\/www.immobilienbusiness.ch\\\/fr\\\/regionen\\\/2020-04-22\\\/ceneri-basistunnel-wieder-im-testbetrieb\\\/#primaryimage\",\"url\":\"https:\\\/\\\/www.immobilienbusiness.ch\\\/wp-content\\\/uploads\\\/2020\\\/04\\\/csm_2020_01_28_cbt_tubo_ovest_portale_vigana_02_5c122df2ce.jpg\",\"contentUrl\":\"https:\\\/\\\/www.immobilienbusiness.ch\\\/wp-content\\\/uploads\\\/2020\\\/04\\\/csm_2020_01_28_cbt_tubo_ovest_portale_vigana_02_5c122df2ce.jpg\",\"width\":800,\"height\":533,\"caption\":\"Der Ceneri-Basistunnel (Bild: Alp Transit Gotthard AG)\"},{\"@type\":\"BreadcrumbList\",\"@id\":\"https:\\\/\\\/www.immobilienbusiness.ch\\\/fr\\\/regionen\\\/2020-04-22\\\/ceneri-basistunnel-wieder-im-testbetrieb\\\/#breadcrumb\",\"itemListElement\":[{\"@type\":\"ListItem\",\"position\":1,\"name\":\"Home\",\"item\":\"https:\\\/\\\/www.immobilienbusiness.ch\\\/\"},{\"@type\":\"ListItem\",\"position\":2,\"name\":\"Ceneri-Basistunnel wieder im Testbetrieb\"}]},{\"@type\":\"WebSite\",\"@id\":\"https:\\\/\\\/www.immobilienbusiness.ch\\\/#website\",\"url\":\"https:\\\/\\\/www.immobilienbusiness.ch\\\/\",\"name\":\"IMMOBILIEN Business\",\"description\":\"Unabh\u00e4ngiges Schweizer Wirtschaftsmagazin mit Fokus auf Immobilien, Architektur- und Bau sowie Investment- und Finanzierung.\",\"publisher\":{\"@id\":\"https:\\\/\\\/www.immobilienbusiness.ch\\\/#organization\"},\"potentialAction\":[{\"@type\":\"SearchAction\",\"target\":{\"@type\":\"EntryPoint\",\"urlTemplate\":\"https:\\\/\\\/www.immobilienbusiness.ch\\\/?s={search_term_string}\"},\"query-input\":{\"@type\":\"PropertyValueSpecification\",\"valueRequired\":true,\"valueName\":\"search_term_string\"}}],\"inLanguage\":\"fr-FR\"},{\"@type\":\"Organization\",\"@id\":\"https:\\\/\\\/www.immobilienbusiness.ch\\\/#organization\",\"name\":\"IMMOBILIEN Business\",\"url\":\"https:\\\/\\\/www.immobilienbusiness.ch\\\/\",\"logo\":{\"@type\":\"ImageObject\",\"inLanguage\":\"fr-FR\",\"@id\":\"https:\\\/\\\/www.immobilienbusiness.ch\\\/#\\\/schema\\\/logo\\\/image\\\/\",\"url\":\"https:\\\/\\\/www.immobilienbusiness.ch\\\/wp-content\\\/uploads\\\/2021\\\/07\\\/logo_ib.png\",\"contentUrl\":\"https:\\\/\\\/www.immobilienbusiness.ch\\\/wp-content\\\/uploads\\\/2021\\\/07\\\/logo_ib.png\",\"width\":800,\"height\":181,\"caption\":\"IMMOBILIEN Business\"},\"image\":{\"@id\":\"https:\\\/\\\/www.immobilienbusiness.ch\\\/#\\\/schema\\\/logo\\\/image\\\/\"},\"sameAs\":[\"https:\\\/\\\/www.facebook.com\\\/immobilienbusiness\\\/\"]},{\"@type\":\"Person\",\"@id\":\"https:\\\/\\\/www.immobilienbusiness.ch\\\/#\\\/schema\\\/person\\\/3fc036297b10b9f42d6db5ee932af8c8\",\"name\":\"anja.hall\",\"image\":{\"@type\":\"ImageObject\",\"inLanguage\":\"fr-FR\",\"@id\":\"https:\\\/\\\/secure.gravatar.com\\\/avatar\\\/066b5a0d447013502c71a5782f4f3469f03cfe595cc2329fb94652fe47511bfb?s=96&d=mm&r=g\",\"url\":\"https:\\\/\\\/secure.gravatar.com\\\/avatar\\\/066b5a0d447013502c71a5782f4f3469f03cfe595cc2329fb94652fe47511bfb?s=96&d=mm&r=g\",\"contentUrl\":\"https:\\\/\\\/secure.gravatar.com\\\/avatar\\\/066b5a0d447013502c71a5782f4f3469f03cfe595cc2329fb94652fe47511bfb?s=96&d=mm&r=g\",\"caption\":\"anja.hall\"},\"url\":\"https:\\\/\\\/www.immobilienbusiness.ch\\\/fr\\\/author\\\/anja-hall\\\/\"}]}<\/script>\n<!-- \/ Yoast SEO plugin. -->","yoast_head_json":{"title":"Le tunnel de base du Ceneri \u00e0 nouveau en service d'essai - IMMOBILIER Business","description":"AlpTransit Gotthard hat die Testfahrten im Ceneri-Basistunnel wieder aufgenommen. Ende April soll beurteilt werden, wann der Tunnel er\u00f6ffnet werden kann.","robots":{"index":"index","follow":"follow","max-snippet":"max-snippet:-1","max-image-preview":"max-image-preview:large","max-video-preview":"max-video-preview:-1"},"canonical":"https:\/\/www.immobilienbusiness.ch\/fr\/regionen\/2020-04-22\/ceneri-basistunnel-wieder-im-testbetrieb\/","og_locale":"fr_FR","og_type":"article","og_title":"Ceneri-Basistunnel wieder im Testbetrieb - IMMOBILIEN Business","og_description":"AlpTransit Gotthard hat die Testfahrten im Ceneri-Basistunnel wieder aufgenommen. Ende April soll beurteilt werden, wann der Tunnel er\u00f6ffnet werden kann.","og_url":"https:\/\/www.immobilienbusiness.ch\/fr\/regionen\/2020-04-22\/ceneri-basistunnel-wieder-im-testbetrieb\/","og_site_name":"IMMOBILIEN Business","article_publisher":"https:\/\/www.facebook.com\/immobilienbusiness\/","article_published_time":"2020-04-22T06:19:00+00:00","og_image":[{"width":800,"height":533,"url":"https:\/\/www.immobilienbusiness.ch\/wp-content\/uploads\/2020\/04\/csm_2020_01_28_cbt_tubo_ovest_portale_vigana_02_5c122df2ce-1.jpg","type":"image\/jpeg"}],"author":"anja.hall","twitter_card":"summary_large_image","twitter_image":"https:\/\/www.immobilienbusiness.ch\/wp-content\/uploads\/2020\/04\/csm_2020_01_28_cbt_tubo_ovest_portale_vigana_02_5c122df2ce-1.jpg","schema":{"@context":"https:\/\/schema.org","@graph":[{"@type":"Article","@id":"https:\/\/www.immobilienbusiness.ch\/fr\/regionen\/2020-04-22\/ceneri-basistunnel-wieder-im-testbetrieb\/#article","isPartOf":{"@id":"https:\/\/www.immobilienbusiness.ch\/fr\/regionen\/2020-04-22\/ceneri-basistunnel-wieder-im-testbetrieb\/"},"author":{"name":"anja.hall","@id":"https:\/\/www.immobilienbusiness.ch\/#\/schema\/person\/3fc036297b10b9f42d6db5ee932af8c8"},"headline":"Ceneri-Basistunnel wieder im Testbetrieb","datePublished":"2020-04-22T06:19:00+00:00","mainEntityOfPage":{"@id":"https:\/\/www.immobilienbusiness.ch\/fr\/regionen\/2020-04-22\/ceneri-basistunnel-wieder-im-testbetrieb\/"},"wordCount":206,"publisher":{"@id":"https:\/\/www.immobilienbusiness.ch\/#organization"},"image":{"@id":"https:\/\/www.immobilienbusiness.ch\/fr\/regionen\/2020-04-22\/ceneri-basistunnel-wieder-im-testbetrieb\/#primaryimage"},"thumbnailUrl":"https:\/\/www.immobilienbusiness.ch\/wp-content\/uploads\/2020\/04\/csm_2020_01_28_cbt_tubo_ovest_portale_vigana_02_5c122df2ce.jpg","keywords":["Infrastruktur","Tessin"],"articleSection":["REGIONEN"],"inLanguage":"fr-FR"},{"@type":"WebPage","@id":"https:\/\/www.immobilienbusiness.ch\/fr\/regionen\/2020-04-22\/ceneri-basistunnel-wieder-im-testbetrieb\/","url":"https:\/\/www.immobilienbusiness.ch\/fr\/regionen\/2020-04-22\/ceneri-basistunnel-wieder-im-testbetrieb\/","name":"Le tunnel de base du Ceneri \u00e0 nouveau en service d'essai - IMMOBILIER Business","isPartOf":{"@id":"https:\/\/www.immobilienbusiness.ch\/#website"},"primaryImageOfPage":{"@id":"https:\/\/www.immobilienbusiness.ch\/fr\/regionen\/2020-04-22\/ceneri-basistunnel-wieder-im-testbetrieb\/#primaryimage"},"image":{"@id":"https:\/\/www.immobilienbusiness.ch\/fr\/regionen\/2020-04-22\/ceneri-basistunnel-wieder-im-testbetrieb\/#primaryimage"},"thumbnailUrl":"https:\/\/www.immobilienbusiness.ch\/wp-content\/uploads\/2020\/04\/csm_2020_01_28_cbt_tubo_ovest_portale_vigana_02_5c122df2ce.jpg","datePublished":"2020-04-22T06:19:00+00:00","description":"AlpTransit Gotthard hat die Testfahrten im Ceneri-Basistunnel wieder aufgenommen. Ende April soll beurteilt werden, wann der Tunnel er\u00f6ffnet werden kann.","breadcrumb":{"@id":"https:\/\/www.immobilienbusiness.ch\/fr\/regionen\/2020-04-22\/ceneri-basistunnel-wieder-im-testbetrieb\/#breadcrumb"},"inLanguage":"fr-FR","potentialAction":[{"@type":"ReadAction","target":["https:\/\/www.immobilienbusiness.ch\/fr\/regionen\/2020-04-22\/ceneri-basistunnel-wieder-im-testbetrieb\/"]}]},{"@type":"ImageObject","inLanguage":"fr-FR","@id":"https:\/\/www.immobilienbusiness.ch\/fr\/regionen\/2020-04-22\/ceneri-basistunnel-wieder-im-testbetrieb\/#primaryimage","url":"https:\/\/www.immobilienbusiness.ch\/wp-content\/uploads\/2020\/04\/csm_2020_01_28_cbt_tubo_ovest_portale_vigana_02_5c122df2ce.jpg","contentUrl":"https:\/\/www.immobilienbusiness.ch\/wp-content\/uploads\/2020\/04\/csm_2020_01_28_cbt_tubo_ovest_portale_vigana_02_5c122df2ce.jpg","width":800,"height":533,"caption":"Der Ceneri-Basistunnel (Bild: Alp Transit Gotthard AG)"},{"@type":"BreadcrumbList","@id":"https:\/\/www.immobilienbusiness.ch\/fr\/regionen\/2020-04-22\/ceneri-basistunnel-wieder-im-testbetrieb\/#breadcrumb","itemListElement":[{"@type":"ListItem","position":1,"name":"Home","item":"https:\/\/www.immobilienbusiness.ch\/"},{"@type":"ListItem","position":2,"name":"Ceneri-Basistunnel wieder im Testbetrieb"}]},{"@type":"WebSite","@id":"https:\/\/www.immobilienbusiness.ch\/#website","url":"https:\/\/www.immobilienbusiness.ch\/","name":"IMMOBILIER Business","description":"Magazine \u00e9conomique suisse ind\u00e9pendant ax\u00e9 sur l'immobilier, l'architecture et la construction ainsi que sur les investissements et le financement.","publisher":{"@id":"https:\/\/www.immobilienbusiness.ch\/#organization"},"potentialAction":[{"@type":"SearchAction","target":{"@type":"EntryPoint","urlTemplate":"https:\/\/www.immobilienbusiness.ch\/?s={search_term_string}"},"query-input":{"@type":"PropertyValueSpecification","valueRequired":true,"valueName":"search_term_string"}}],"inLanguage":"fr-FR"},{"@type":"Organization","@id":"https:\/\/www.immobilienbusiness.ch\/#organization","name":"IMMOBILIER Business","url":"https:\/\/www.immobilienbusiness.ch\/","logo":{"@type":"ImageObject","inLanguage":"fr-FR","@id":"https:\/\/www.immobilienbusiness.ch\/#\/schema\/logo\/image\/","url":"https:\/\/www.immobilienbusiness.ch\/wp-content\/uploads\/2021\/07\/logo_ib.png","contentUrl":"https:\/\/www.immobilienbusiness.ch\/wp-content\/uploads\/2021\/07\/logo_ib.png","width":800,"height":181,"caption":"IMMOBILIEN Business"},"image":{"@id":"https:\/\/www.immobilienbusiness.ch\/#\/schema\/logo\/image\/"},"sameAs":["https:\/\/www.facebook.com\/immobilienbusiness\/"]},{"@type":"Person","@id":"https:\/\/www.immobilienbusiness.ch\/#\/schema\/person\/3fc036297b10b9f42d6db5ee932af8c8","name":"anja.hall","image":{"@type":"ImageObject","inLanguage":"fr-FR","@id":"https:\/\/secure.gravatar.com\/avatar\/066b5a0d447013502c71a5782f4f3469f03cfe595cc2329fb94652fe47511bfb?s=96&d=mm&r=g","url":"https:\/\/secure.gravatar.com\/avatar\/066b5a0d447013502c71a5782f4f3469f03cfe595cc2329fb94652fe47511bfb?s=96&d=mm&r=g","contentUrl":"https:\/\/secure.gravatar.com\/avatar\/066b5a0d447013502c71a5782f4f3469f03cfe595cc2329fb94652fe47511bfb?s=96&d=mm&r=g","caption":"anja.hall"},"url":"https:\/\/www.immobilienbusiness.ch\/fr\/author\/anja-hall\/"}]}},"_links":{"self":[{"href":"https:\/\/www.immobilienbusiness.ch\/fr\/wp-json\/wp\/v2\/posts\/20982","targetHints":{"allow":["GET"]}}],"collection":[{"href":"https:\/\/www.immobilienbusiness.ch\/fr\/wp-json\/wp\/v2\/posts"}],"about":[{"href":"https:\/\/www.immobilienbusiness.ch\/fr\/wp-json\/wp\/v2\/types\/post"}],"author":[{"embeddable":true,"href":"https:\/\/www.immobilienbusiness.ch\/fr\/wp-json\/wp\/v2\/users\/3"}],"replies":[{"embeddable":true,"href":"https:\/\/www.immobilienbusiness.ch\/fr\/wp-json\/wp\/v2\/comments?post=20982"}],"version-history":[{"count":0,"href":"https:\/\/www.immobilienbusiness.ch\/fr\/wp-json\/wp\/v2\/posts\/20982\/revisions"}],"wp:featuredmedia":[{"embeddable":true,"href":"https:\/\/www.immobilienbusiness.ch\/fr\/wp-json\/wp\/v2\/media\/20983"}],"wp:attachment":[{"href":"https:\/\/www.immobilienbusiness.ch\/fr\/wp-json\/wp\/v2\/media?parent=20982"}],"wp:term":[{"taxonomy":"category","embeddable":true,"href":"https:\/\/www.immobilienbusiness.ch\/fr\/wp-json\/wp\/v2\/categories?post=20982"},{"taxonomy":"post_tag","embeddable":true,"href":"https:\/\/www.immobilienbusiness.ch\/fr\/wp-json\/wp\/v2\/tags?post=20982"}],"curies":[{"name":"wp","href":"https:\/\/api.w.org\/{rel}","templated":true}]}}