{"id":20960,"date":"2020-04-21T09:01:51","date_gmt":"2020-04-21T07:01:51","guid":{"rendered":"https:\/\/www.immobilienbusiness.ch\/?p=20960"},"modified":"2020-04-21T09:01:51","modified_gmt":"2020-04-21T07:01:51","slug":"implenia-haelt-an-wachstumszielen-fest","status":"publish","type":"post","link":"https:\/\/www.immobilienbusiness.ch\/fr\/unternehmen\/2020-04-21\/implenia-haelt-an-wachstumszielen-fest\/","title":{"rendered":"Implenia maintient ses objectifs de croissance"},"content":{"rendered":"<figure id=\"attachment_18411\" aria-describedby=\"caption-attachment-18411\" style=\"width: 680px\" class=\"wp-caption alignnone\"><img loading=\"lazy\" decoding=\"async\" class=\"size-medium wp-image-18411\" src=\"https:\/\/www.immobilienbusiness.ch\/wp-content\/uploads\/2019\/09\/Implenia-Metertasche-1024x683.jpg\" alt=\"\" width=\"680\" height=\"454\" \/><figcaption id=\"caption-attachment-18411\" class=\"wp-caption-text\">Implenia s'attend \u00e0 une croissance de l'Ebitda \u00e0 un taux \u00e0 un chiffre dans le milieu de la fourchette pour 2020 (Image : Implenia)<\/figcaption><\/figure>\n<p>Implenia, le plus grand prestataire suisse de services de construction, estime \u00eatre bien positionn\u00e9 avec sa strat\u00e9gie et juge les perspectives du march\u00e9 immobilier suisse attrayantes. Le march\u00e9 des logements en propri\u00e9t\u00e9 et en location devrait rester stable, les logements en propri\u00e9t\u00e9 b\u00e9n\u00e9ficiant d'une forte demande, surtout dans les zones urbaines. Les bureaux sont toujours recherch\u00e9s, surtout dans les zones urbaines bien desservies, indique l'entreprise \u00e0 l'occasion de son Capital Market Day.<\/p>\n<p>Selon Implenia, les m\u00e9gatendances telles que l'urbanisation et la mobilit\u00e9, ainsi que les infrastructures n\u00e9cessaires, entra\u00eeneront une forte demande dans l'industrie du b\u00e2timent au cours des prochaines ann\u00e9es. Dans le monde entier, on investit dans de grands projets d'infrastructure et d'urbanisation, et les investissements des pouvoirs publics devraient encore s'intensifier en raison de la pand\u00e9mie de Covid-19, estime l'entreprise de construction. L'industrie se transforme \u00e9galement, ce qui cr\u00e9e des opportunit\u00e9s pour de nouvelles m\u00e9thodes disruptives avec une productivit\u00e9 plus \u00e9lev\u00e9e. En outre, l'entreprise veut profiter du changement num\u00e9rique et renforcer sa position de leader dans le domaine de la durabilit\u00e9. L'entreprise est convaincue que des technologies telles que les drones, l'intelligence artificielle et la RFID\/l'Internet des objets (IoT) deviendront bient\u00f4t la norme chez Implenia. A moyen terme, l'entreprise recourra de plus en plus \u00e0 la construction industrialis\u00e9e avec des produits immobiliers et d'infrastructure standardis\u00e9s.<\/p>\n<p><a href=\"https:\/\/www.immobilienbusiness.ch\/fr\/ina-invest-mit-positivem-ausblick\/\">Implenia attend \u00e9galement des opportunit\u00e9s de croissance du spin-off d'une partie du portefeuille de d\u00e9veloppement \u00e0 Ina Invest.<\/a> On participera au succ\u00e8s de la nouvelle soci\u00e9t\u00e9 en tant qu'actionnaire minoritaire significatif avec au moins 40% et on conservera un bilan all\u00e9g\u00e9. Une coop\u00e9ration \u00e0 long terme est pr\u00e9vue, Implenia souhaitant g\u00e9n\u00e9rer des revenus r\u00e9currents avec les prestations d'Implenia Real Estate Services AG pour Ina Invest et, plus tard, pour des tiers.<\/p>\n<p>Implenia indique par ailleurs qu'elle vise toujours l'objectif d'Ebitda pour 2020 communiqu\u00e9 dans le rapport annuel 2019, \u00e0 savoir une croissance moyenne \u00e0 un chiffre - avant les co\u00fbts de mise en \u0153uvre de la strat\u00e9gie d'environ CHF 10 millions et avant un effet Ina Invest positif d'environ 20% de l'Ebitda 2019 rapport\u00e9. Un ajustement reste r\u00e9serv\u00e9 en raison d'\u00e9ventuels effets suppl\u00e9mentaires de Covid-19, qui ne peuvent pas encore \u00eatre \u00e9valu\u00e9s de mani\u00e8re d\u00e9finitive \u00e0 ce jour. Implenia indique d\u00e9sormais une marge cible d'Ebitda \u00e0 moyen terme d'environ 6,5%. Jusqu'\u00e0 pr\u00e9sent, une valeur comprise entre 6,25 % et 6,75 % avait \u00e9t\u00e9 communiqu\u00e9e. <em>(ah)<\/em><\/p>","protected":false},"excerpt":{"rendered":"<p>Implenia continue de tabler sur une croissance de l'Ebitda \u00e0 un taux \u00e0 un chiffre dans le milieu de la fourchette pour 2020. La marge cible d'Ebitda \u00e0 moyen terme s'\u00e9l\u00e8ve d\u00e9sormais \u00e0 environ 6,5%. C'est ce qu'a annonc\u00e9 l'entreprise en amont de son Capital Market Day.<\/p>","protected":false},"author":3,"featured_media":18874,"comment_status":"closed","ping_status":"open","sticky":false,"template":"","format":"standard","meta":{"_acf_changed":false,"_yoast_wpseo_focuskw":"Implenia","_yoast_wpseo_title":"","_yoast_wpseo_metadesc":"Implenia erwartet f\u00fcr 2020 ein Wachstum des Ebitda im mittleren einstelligen Prozentbereich. Die mittelfristige Ebitda-Zielmarge betr\u00e4gt neu rund 6,5%.","_yoast_wpseo_linkdex":56,"pgc_sgb_lightbox_settings":"","footnotes":""},"categories":[988],"tags":[1359],"class_list":["post-20960","post","type-post","status-publish","format-standard","has-post-thumbnail","hentry","category-unternehmen","tag-implenia"],"acf":[],"yoast_head":"<!-- This site is optimized with the Yoast SEO plugin v27.4 - https:\/\/yoast.com\/product\/yoast-seo-wordpress\/ -->\n<title>Implenia h\u00e4lt an Wachstumszielen fest - IMMOBILIEN Business<\/title>\n<meta name=\"description\" content=\"Implenia erwartet f\u00fcr 2020 ein Wachstum des Ebitda im mittleren einstelligen Prozentbereich. Die mittelfristige Ebitda-Zielmarge betr\u00e4gt neu rund 6,5%.\" \/>\n<meta name=\"robots\" content=\"index, follow, max-snippet:-1, max-image-preview:large, max-video-preview:-1\" \/>\n<link rel=\"canonical\" href=\"https:\/\/www.immobilienbusiness.ch\/fr\/unternehmen\/2020-04-21\/implenia-haelt-an-wachstumszielen-fest\/\" \/>\n<meta property=\"og:locale\" content=\"fr_FR\" \/>\n<meta property=\"og:type\" content=\"article\" \/>\n<meta property=\"og:title\" content=\"Implenia h\u00e4lt an Wachstumszielen fest - IMMOBILIEN Business\" \/>\n<meta property=\"og:description\" content=\"Implenia erwartet f\u00fcr 2020 ein Wachstum des Ebitda im mittleren einstelligen Prozentbereich. Die mittelfristige Ebitda-Zielmarge betr\u00e4gt neu rund 6,5%.\" \/>\n<meta property=\"og:url\" content=\"https:\/\/www.immobilienbusiness.ch\/fr\/unternehmen\/2020-04-21\/implenia-haelt-an-wachstumszielen-fest\/\" \/>\n<meta property=\"og:site_name\" content=\"IMMOBILIEN Business\" \/>\n<meta property=\"article:publisher\" content=\"https:\/\/www.facebook.com\/immobilienbusiness\/\" \/>\n<meta property=\"article:published_time\" content=\"2020-04-21T07:01:51+00:00\" \/>\n<meta property=\"og:image\" content=\"https:\/\/www.immobilienbusiness.ch\/wp-content\/uploads\/2019\/10\/Implenia-Metertasche-1024x683-1.jpg\" \/>\n\t<meta property=\"og:image:width\" content=\"1024\" \/>\n\t<meta property=\"og:image:height\" content=\"683\" \/>\n\t<meta property=\"og:image:type\" content=\"image\/jpeg\" \/>\n<meta name=\"author\" content=\"anja.hall\" \/>\n<meta name=\"twitter:card\" content=\"summary_large_image\" \/>\n<meta name=\"twitter:image\" content=\"https:\/\/www.immobilienbusiness.ch\/wp-content\/uploads\/2019\/10\/Implenia-Metertasche-1024x683-1.jpg\" \/>\n<script type=\"application\/ld+json\" class=\"yoast-schema-graph\">{\"@context\":\"https:\\\/\\\/schema.org\",\"@graph\":[{\"@type\":\"Article\",\"@id\":\"https:\\\/\\\/www.immobilienbusiness.ch\\\/it\\\/unternehmen\\\/2020-04-21\\\/implenia-haelt-an-wachstumszielen-fest\\\/#article\",\"isPartOf\":{\"@id\":\"https:\\\/\\\/www.immobilienbusiness.ch\\\/it\\\/unternehmen\\\/2020-04-21\\\/implenia-haelt-an-wachstumszielen-fest\\\/\"},\"author\":{\"name\":\"anja.hall\",\"@id\":\"https:\\\/\\\/www.immobilienbusiness.ch\\\/#\\\/schema\\\/person\\\/3fc036297b10b9f42d6db5ee932af8c8\"},\"headline\":\"Implenia h\u00e4lt an Wachstumszielen fest\",\"datePublished\":\"2020-04-21T07:01:51+00:00\",\"mainEntityOfPage\":{\"@id\":\"https:\\\/\\\/www.immobilienbusiness.ch\\\/it\\\/unternehmen\\\/2020-04-21\\\/implenia-haelt-an-wachstumszielen-fest\\\/\"},\"wordCount\":369,\"publisher\":{\"@id\":\"https:\\\/\\\/www.immobilienbusiness.ch\\\/#organization\"},\"image\":{\"@id\":\"https:\\\/\\\/www.immobilienbusiness.ch\\\/it\\\/unternehmen\\\/2020-04-21\\\/implenia-haelt-an-wachstumszielen-fest\\\/#primaryimage\"},\"thumbnailUrl\":\"https:\\\/\\\/www.immobilienbusiness.ch\\\/wp-content\\\/uploads\\\/2019\\\/10\\\/Implenia-Metertasche-1024x683-1.jpg\",\"keywords\":[\"Implenia\"],\"articleSection\":[\"UNTERNEHMEN\"],\"inLanguage\":\"fr-FR\"},{\"@type\":\"WebPage\",\"@id\":\"https:\\\/\\\/www.immobilienbusiness.ch\\\/it\\\/unternehmen\\\/2020-04-21\\\/implenia-haelt-an-wachstumszielen-fest\\\/\",\"url\":\"https:\\\/\\\/www.immobilienbusiness.ch\\\/it\\\/unternehmen\\\/2020-04-21\\\/implenia-haelt-an-wachstumszielen-fest\\\/\",\"name\":\"Implenia h\u00e4lt an Wachstumszielen fest - IMMOBILIEN Business\",\"isPartOf\":{\"@id\":\"https:\\\/\\\/www.immobilienbusiness.ch\\\/#website\"},\"primaryImageOfPage\":{\"@id\":\"https:\\\/\\\/www.immobilienbusiness.ch\\\/it\\\/unternehmen\\\/2020-04-21\\\/implenia-haelt-an-wachstumszielen-fest\\\/#primaryimage\"},\"image\":{\"@id\":\"https:\\\/\\\/www.immobilienbusiness.ch\\\/it\\\/unternehmen\\\/2020-04-21\\\/implenia-haelt-an-wachstumszielen-fest\\\/#primaryimage\"},\"thumbnailUrl\":\"https:\\\/\\\/www.immobilienbusiness.ch\\\/wp-content\\\/uploads\\\/2019\\\/10\\\/Implenia-Metertasche-1024x683-1.jpg\",\"datePublished\":\"2020-04-21T07:01:51+00:00\",\"description\":\"Implenia erwartet f\u00fcr 2020 ein Wachstum des Ebitda im mittleren einstelligen Prozentbereich. Die mittelfristige Ebitda-Zielmarge betr\u00e4gt neu rund 6,5%.\",\"breadcrumb\":{\"@id\":\"https:\\\/\\\/www.immobilienbusiness.ch\\\/it\\\/unternehmen\\\/2020-04-21\\\/implenia-haelt-an-wachstumszielen-fest\\\/#breadcrumb\"},\"inLanguage\":\"fr-FR\",\"potentialAction\":[{\"@type\":\"ReadAction\",\"target\":[\"https:\\\/\\\/www.immobilienbusiness.ch\\\/it\\\/unternehmen\\\/2020-04-21\\\/implenia-haelt-an-wachstumszielen-fest\\\/\"]}]},{\"@type\":\"ImageObject\",\"inLanguage\":\"fr-FR\",\"@id\":\"https:\\\/\\\/www.immobilienbusiness.ch\\\/it\\\/unternehmen\\\/2020-04-21\\\/implenia-haelt-an-wachstumszielen-fest\\\/#primaryimage\",\"url\":\"https:\\\/\\\/www.immobilienbusiness.ch\\\/wp-content\\\/uploads\\\/2019\\\/10\\\/Implenia-Metertasche-1024x683-1.jpg\",\"contentUrl\":\"https:\\\/\\\/www.immobilienbusiness.ch\\\/wp-content\\\/uploads\\\/2019\\\/10\\\/Implenia-Metertasche-1024x683-1.jpg\",\"width\":1024,\"height\":683},{\"@type\":\"BreadcrumbList\",\"@id\":\"https:\\\/\\\/www.immobilienbusiness.ch\\\/it\\\/unternehmen\\\/2020-04-21\\\/implenia-haelt-an-wachstumszielen-fest\\\/#breadcrumb\",\"itemListElement\":[{\"@type\":\"ListItem\",\"position\":1,\"name\":\"Home\",\"item\":\"https:\\\/\\\/www.immobilienbusiness.ch\\\/\"},{\"@type\":\"ListItem\",\"position\":2,\"name\":\"Implenia h\u00e4lt an Wachstumszielen fest\"}]},{\"@type\":\"WebSite\",\"@id\":\"https:\\\/\\\/www.immobilienbusiness.ch\\\/#website\",\"url\":\"https:\\\/\\\/www.immobilienbusiness.ch\\\/\",\"name\":\"IMMOBILIEN Business\",\"description\":\"Unabh\u00e4ngiges Schweizer Wirtschaftsmagazin mit Fokus auf Immobilien, Architektur- und Bau sowie Investment- und Finanzierung.\",\"publisher\":{\"@id\":\"https:\\\/\\\/www.immobilienbusiness.ch\\\/#organization\"},\"potentialAction\":[{\"@type\":\"SearchAction\",\"target\":{\"@type\":\"EntryPoint\",\"urlTemplate\":\"https:\\\/\\\/www.immobilienbusiness.ch\\\/?s={search_term_string}\"},\"query-input\":{\"@type\":\"PropertyValueSpecification\",\"valueRequired\":true,\"valueName\":\"search_term_string\"}}],\"inLanguage\":\"fr-FR\"},{\"@type\":\"Organization\",\"@id\":\"https:\\\/\\\/www.immobilienbusiness.ch\\\/#organization\",\"name\":\"IMMOBILIEN Business\",\"url\":\"https:\\\/\\\/www.immobilienbusiness.ch\\\/\",\"logo\":{\"@type\":\"ImageObject\",\"inLanguage\":\"fr-FR\",\"@id\":\"https:\\\/\\\/www.immobilienbusiness.ch\\\/#\\\/schema\\\/logo\\\/image\\\/\",\"url\":\"https:\\\/\\\/www.immobilienbusiness.ch\\\/wp-content\\\/uploads\\\/2021\\\/07\\\/logo_ib.png\",\"contentUrl\":\"https:\\\/\\\/www.immobilienbusiness.ch\\\/wp-content\\\/uploads\\\/2021\\\/07\\\/logo_ib.png\",\"width\":800,\"height\":181,\"caption\":\"IMMOBILIEN Business\"},\"image\":{\"@id\":\"https:\\\/\\\/www.immobilienbusiness.ch\\\/#\\\/schema\\\/logo\\\/image\\\/\"},\"sameAs\":[\"https:\\\/\\\/www.facebook.com\\\/immobilienbusiness\\\/\"]},{\"@type\":\"Person\",\"@id\":\"https:\\\/\\\/www.immobilienbusiness.ch\\\/#\\\/schema\\\/person\\\/3fc036297b10b9f42d6db5ee932af8c8\",\"name\":\"anja.hall\",\"image\":{\"@type\":\"ImageObject\",\"inLanguage\":\"fr-FR\",\"@id\":\"https:\\\/\\\/secure.gravatar.com\\\/avatar\\\/066b5a0d447013502c71a5782f4f3469f03cfe595cc2329fb94652fe47511bfb?s=96&d=mm&r=g\",\"url\":\"https:\\\/\\\/secure.gravatar.com\\\/avatar\\\/066b5a0d447013502c71a5782f4f3469f03cfe595cc2329fb94652fe47511bfb?s=96&d=mm&r=g\",\"contentUrl\":\"https:\\\/\\\/secure.gravatar.com\\\/avatar\\\/066b5a0d447013502c71a5782f4f3469f03cfe595cc2329fb94652fe47511bfb?s=96&d=mm&r=g\",\"caption\":\"anja.hall\"},\"url\":\"https:\\\/\\\/www.immobilienbusiness.ch\\\/fr\\\/author\\\/anja-hall\\\/\"}]}<\/script>\n<!-- \/ Yoast SEO plugin. -->","yoast_head_json":{"title":"Implenia h\u00e4lt an Wachstumszielen fest - IMMOBILIEN Business","description":"Implenia erwartet f\u00fcr 2020 ein Wachstum des Ebitda im mittleren einstelligen Prozentbereich. Die mittelfristige Ebitda-Zielmarge betr\u00e4gt neu rund 6,5%.","robots":{"index":"index","follow":"follow","max-snippet":"max-snippet:-1","max-image-preview":"max-image-preview:large","max-video-preview":"max-video-preview:-1"},"canonical":"https:\/\/www.immobilienbusiness.ch\/fr\/unternehmen\/2020-04-21\/implenia-haelt-an-wachstumszielen-fest\/","og_locale":"fr_FR","og_type":"article","og_title":"Implenia h\u00e4lt an Wachstumszielen fest - IMMOBILIEN Business","og_description":"Implenia erwartet f\u00fcr 2020 ein Wachstum des Ebitda im mittleren einstelligen Prozentbereich. Die mittelfristige Ebitda-Zielmarge betr\u00e4gt neu rund 6,5%.","og_url":"https:\/\/www.immobilienbusiness.ch\/fr\/unternehmen\/2020-04-21\/implenia-haelt-an-wachstumszielen-fest\/","og_site_name":"IMMOBILIEN Business","article_publisher":"https:\/\/www.facebook.com\/immobilienbusiness\/","article_published_time":"2020-04-21T07:01:51+00:00","og_image":[{"width":1024,"height":683,"url":"https:\/\/www.immobilienbusiness.ch\/wp-content\/uploads\/2019\/10\/Implenia-Metertasche-1024x683-1.jpg","type":"image\/jpeg"}],"author":"anja.hall","twitter_card":"summary_large_image","twitter_image":"https:\/\/www.immobilienbusiness.ch\/wp-content\/uploads\/2019\/10\/Implenia-Metertasche-1024x683-1.jpg","schema":{"@context":"https:\/\/schema.org","@graph":[{"@type":"Article","@id":"https:\/\/www.immobilienbusiness.ch\/it\/unternehmen\/2020-04-21\/implenia-haelt-an-wachstumszielen-fest\/#article","isPartOf":{"@id":"https:\/\/www.immobilienbusiness.ch\/it\/unternehmen\/2020-04-21\/implenia-haelt-an-wachstumszielen-fest\/"},"author":{"name":"anja.hall","@id":"https:\/\/www.immobilienbusiness.ch\/#\/schema\/person\/3fc036297b10b9f42d6db5ee932af8c8"},"headline":"Implenia h\u00e4lt an Wachstumszielen fest","datePublished":"2020-04-21T07:01:51+00:00","mainEntityOfPage":{"@id":"https:\/\/www.immobilienbusiness.ch\/it\/unternehmen\/2020-04-21\/implenia-haelt-an-wachstumszielen-fest\/"},"wordCount":369,"publisher":{"@id":"https:\/\/www.immobilienbusiness.ch\/#organization"},"image":{"@id":"https:\/\/www.immobilienbusiness.ch\/it\/unternehmen\/2020-04-21\/implenia-haelt-an-wachstumszielen-fest\/#primaryimage"},"thumbnailUrl":"https:\/\/www.immobilienbusiness.ch\/wp-content\/uploads\/2019\/10\/Implenia-Metertasche-1024x683-1.jpg","keywords":["Implenia"],"articleSection":["UNTERNEHMEN"],"inLanguage":"fr-FR"},{"@type":"WebPage","@id":"https:\/\/www.immobilienbusiness.ch\/it\/unternehmen\/2020-04-21\/implenia-haelt-an-wachstumszielen-fest\/","url":"https:\/\/www.immobilienbusiness.ch\/it\/unternehmen\/2020-04-21\/implenia-haelt-an-wachstumszielen-fest\/","name":"Implenia h\u00e4lt an Wachstumszielen fest - IMMOBILIEN Business","isPartOf":{"@id":"https:\/\/www.immobilienbusiness.ch\/#website"},"primaryImageOfPage":{"@id":"https:\/\/www.immobilienbusiness.ch\/it\/unternehmen\/2020-04-21\/implenia-haelt-an-wachstumszielen-fest\/#primaryimage"},"image":{"@id":"https:\/\/www.immobilienbusiness.ch\/it\/unternehmen\/2020-04-21\/implenia-haelt-an-wachstumszielen-fest\/#primaryimage"},"thumbnailUrl":"https:\/\/www.immobilienbusiness.ch\/wp-content\/uploads\/2019\/10\/Implenia-Metertasche-1024x683-1.jpg","datePublished":"2020-04-21T07:01:51+00:00","description":"Implenia erwartet f\u00fcr 2020 ein Wachstum des Ebitda im mittleren einstelligen Prozentbereich. Die mittelfristige Ebitda-Zielmarge betr\u00e4gt neu rund 6,5%.","breadcrumb":{"@id":"https:\/\/www.immobilienbusiness.ch\/it\/unternehmen\/2020-04-21\/implenia-haelt-an-wachstumszielen-fest\/#breadcrumb"},"inLanguage":"fr-FR","potentialAction":[{"@type":"ReadAction","target":["https:\/\/www.immobilienbusiness.ch\/it\/unternehmen\/2020-04-21\/implenia-haelt-an-wachstumszielen-fest\/"]}]},{"@type":"ImageObject","inLanguage":"fr-FR","@id":"https:\/\/www.immobilienbusiness.ch\/it\/unternehmen\/2020-04-21\/implenia-haelt-an-wachstumszielen-fest\/#primaryimage","url":"https:\/\/www.immobilienbusiness.ch\/wp-content\/uploads\/2019\/10\/Implenia-Metertasche-1024x683-1.jpg","contentUrl":"https:\/\/www.immobilienbusiness.ch\/wp-content\/uploads\/2019\/10\/Implenia-Metertasche-1024x683-1.jpg","width":1024,"height":683},{"@type":"BreadcrumbList","@id":"https:\/\/www.immobilienbusiness.ch\/it\/unternehmen\/2020-04-21\/implenia-haelt-an-wachstumszielen-fest\/#breadcrumb","itemListElement":[{"@type":"ListItem","position":1,"name":"Home","item":"https:\/\/www.immobilienbusiness.ch\/"},{"@type":"ListItem","position":2,"name":"Implenia h\u00e4lt an Wachstumszielen fest"}]},{"@type":"WebSite","@id":"https:\/\/www.immobilienbusiness.ch\/#website","url":"https:\/\/www.immobilienbusiness.ch\/","name":"IMMOBILIER Business","description":"Magazine \u00e9conomique suisse ind\u00e9pendant ax\u00e9 sur l'immobilier, l'architecture et la construction ainsi que sur les investissements et le financement.","publisher":{"@id":"https:\/\/www.immobilienbusiness.ch\/#organization"},"potentialAction":[{"@type":"SearchAction","target":{"@type":"EntryPoint","urlTemplate":"https:\/\/www.immobilienbusiness.ch\/?s={search_term_string}"},"query-input":{"@type":"PropertyValueSpecification","valueRequired":true,"valueName":"search_term_string"}}],"inLanguage":"fr-FR"},{"@type":"Organization","@id":"https:\/\/www.immobilienbusiness.ch\/#organization","name":"IMMOBILIER Business","url":"https:\/\/www.immobilienbusiness.ch\/","logo":{"@type":"ImageObject","inLanguage":"fr-FR","@id":"https:\/\/www.immobilienbusiness.ch\/#\/schema\/logo\/image\/","url":"https:\/\/www.immobilienbusiness.ch\/wp-content\/uploads\/2021\/07\/logo_ib.png","contentUrl":"https:\/\/www.immobilienbusiness.ch\/wp-content\/uploads\/2021\/07\/logo_ib.png","width":800,"height":181,"caption":"IMMOBILIEN Business"},"image":{"@id":"https:\/\/www.immobilienbusiness.ch\/#\/schema\/logo\/image\/"},"sameAs":["https:\/\/www.facebook.com\/immobilienbusiness\/"]},{"@type":"Person","@id":"https:\/\/www.immobilienbusiness.ch\/#\/schema\/person\/3fc036297b10b9f42d6db5ee932af8c8","name":"anja.hall","image":{"@type":"ImageObject","inLanguage":"fr-FR","@id":"https:\/\/secure.gravatar.com\/avatar\/066b5a0d447013502c71a5782f4f3469f03cfe595cc2329fb94652fe47511bfb?s=96&d=mm&r=g","url":"https:\/\/secure.gravatar.com\/avatar\/066b5a0d447013502c71a5782f4f3469f03cfe595cc2329fb94652fe47511bfb?s=96&d=mm&r=g","contentUrl":"https:\/\/secure.gravatar.com\/avatar\/066b5a0d447013502c71a5782f4f3469f03cfe595cc2329fb94652fe47511bfb?s=96&d=mm&r=g","caption":"anja.hall"},"url":"https:\/\/www.immobilienbusiness.ch\/fr\/author\/anja-hall\/"}]}},"_links":{"self":[{"href":"https:\/\/www.immobilienbusiness.ch\/fr\/wp-json\/wp\/v2\/posts\/20960","targetHints":{"allow":["GET"]}}],"collection":[{"href":"https:\/\/www.immobilienbusiness.ch\/fr\/wp-json\/wp\/v2\/posts"}],"about":[{"href":"https:\/\/www.immobilienbusiness.ch\/fr\/wp-json\/wp\/v2\/types\/post"}],"author":[{"embeddable":true,"href":"https:\/\/www.immobilienbusiness.ch\/fr\/wp-json\/wp\/v2\/users\/3"}],"replies":[{"embeddable":true,"href":"https:\/\/www.immobilienbusiness.ch\/fr\/wp-json\/wp\/v2\/comments?post=20960"}],"version-history":[{"count":0,"href":"https:\/\/www.immobilienbusiness.ch\/fr\/wp-json\/wp\/v2\/posts\/20960\/revisions"}],"wp:featuredmedia":[{"embeddable":true,"href":"https:\/\/www.immobilienbusiness.ch\/fr\/wp-json\/wp\/v2\/media\/18874"}],"wp:attachment":[{"href":"https:\/\/www.immobilienbusiness.ch\/fr\/wp-json\/wp\/v2\/media?parent=20960"}],"wp:term":[{"taxonomy":"category","embeddable":true,"href":"https:\/\/www.immobilienbusiness.ch\/fr\/wp-json\/wp\/v2\/categories?post=20960"},{"taxonomy":"post_tag","embeddable":true,"href":"https:\/\/www.immobilienbusiness.ch\/fr\/wp-json\/wp\/v2\/tags?post=20960"}],"curies":[{"name":"wp","href":"https:\/\/api.w.org\/{rel}","templated":true}]}}