{"id":20830,"date":"2020-04-08T09:27:50","date_gmt":"2020-04-08T07:27:50","guid":{"rendered":"https:\/\/www.immobilienbusiness.ch\/?p=20830"},"modified":"2023-08-09T21:42:10","modified_gmt":"2023-08-09T19:42:10","slug":"baustart-fuer-feld-eins-in-der-emmer-feldbreite","status":"publish","type":"post","link":"https:\/\/www.immobilienbusiness.ch\/fr\/regionen\/2020-04-08\/baustart-fuer-feld-eins-in-der-emmer-feldbreite\/","title":{"rendered":"D\u00e9but de la construction du premier champ \u00e0 Emmer Feldbreite"},"content":{"rendered":"<figure id=\"attachment_17547\" aria-describedby=\"caption-attachment-17547\" style=\"width: 584px\" class=\"wp-caption alignnone\"><img loading=\"lazy\" decoding=\"async\" class=\"wp-image-17547 size-full\" src=\"https:\/\/www.immobilienbusiness.ch\/wp-content\/uploads\/2019\/07\/Schweizer-Immobilienbrief-283-Foto-Baukraene-c-Depositphotos.jpg\" alt=\"Feldbreite\" width=\"584\" height=\"416\" srcset=\"https:\/\/www.immobilienbusiness.ch\/wp-content\/uploads\/2019\/07\/Schweizer-Immobilienbrief-283-Foto-Baukraene-c-Depositphotos.jpg 584w, https:\/\/www.immobilienbusiness.ch\/wp-content\/uploads\/2019\/07\/Schweizer-Immobilienbrief-283-Foto-Baukraene-c-Depositphotos-300x214.jpg 300w, https:\/\/www.immobilienbusiness.ch\/wp-content\/uploads\/2019\/07\/Schweizer-Immobilienbrief-283-Foto-Baukraene-c-Depositphotos-16x12.jpg 16w, https:\/\/www.immobilienbusiness.ch\/wp-content\/uploads\/2019\/07\/Schweizer-Immobilienbrief-283-Foto-Baukraene-c-Depositphotos-246x175.jpg 246w, https:\/\/www.immobilienbusiness.ch\/wp-content\/uploads\/2019\/07\/Schweizer-Immobilienbrief-283-Foto-Baukraene-c-Depositphotos-491x350.jpg 491w\" sizes=\"auto, (max-width: 584px) 100vw, 584px\" \/><figcaption id=\"caption-attachment-17547\" class=\"wp-caption-text\">Lancement de la construction d'un projet de logements \u00e0 Emmen (Photo : VRVALERIAN\/DEPOSITPHOTOS)<\/figcaption><\/figure>\n<p>Si l'on a d\u00fb renoncer au premier coup de pioche symbolique en raison de l'\u00e9pid\u00e9mie de coronavirus, le d\u00e9but des travaux du projet Feld Eins a pu avoir lieu comme pr\u00e9vu ces jours-ci \u00e0 Emmen. Selon le concept de Graber Pulver Architekten, des appartements en propri\u00e9t\u00e9 de 3,5 \u00e0 5,5 pi\u00e8ces seront construits sur la Feldbreite d'Emmen, tous \u00e9quip\u00e9s d'espaces ext\u00e9rieurs tels que jardin, terrasse, jardin d'hiver ou loggias.<\/p>\n<p>Tous les appartements sont raccord\u00e9s \u00e0 une installation photovolta\u00efque et seront certifi\u00e9s Minergie. Les prix s'\u00e9chelonnent entre 565 000 et 1,06 million de CHF. Comme l'indique Ivan Schweizer de la soci\u00e9t\u00e9 Advendis AG \u00e0 Zoug, charg\u00e9e de la commercialisation des appartements, plus d'un tiers des appartements ont d\u00e9j\u00e0 \u00e9t\u00e9 attribu\u00e9s. (bw)<\/p>","protected":false},"excerpt":{"rendered":"<p>La phase de r\u00e9alisation du projet Feld Eins a d\u00e9but\u00e9 ces jours-ci sur le site d'Emmer Feldbreite. La date d'emm\u00e9nagement dans les appartements en copropri\u00e9t\u00e9 est pr\u00e9vue pour le printemps 2022.<\/p>","protected":false},"author":3,"featured_media":17547,"comment_status":"closed","ping_status":"closed","sticky":false,"template":"","format":"standard","meta":{"_acf_changed":false,"_yoast_wpseo_focuskw":"Feldbreite","_yoast_wpseo_title":"","_yoast_wpseo_metadesc":"In diesen Tagen begann auf der Emmer Feldbreite die Realisierungsphase f\u00fcr das Projekt Feld Eins. Einzugstermin f\u00fcr die Eigentumswohnungen soll im Fr\u00fchjahr 2022 sein.","_yoast_wpseo_linkdex":51,"pgc_sgb_lightbox_settings":"","footnotes":""},"categories":[985],"tags":[1185,1459,1599,1863],"class_list":["post-20830","post","type-post","status-publish","format-standard","has-post-thumbnail","hentry","category-regionen","tag-eigentumswohnungen","tag-luzern","tag-projekt-in-bau","tag-wohnimmobilien"],"acf":[],"yoast_head":"<!-- This site is optimized with the Yoast SEO plugin v27.4 - https:\/\/yoast.com\/product\/yoast-seo-wordpress\/ -->\n<title>Baustart f\u00fcr Feld Eins in der Emmer Feldbreite - IMMOBILIEN Business<\/title>\n<meta name=\"description\" content=\"In diesen Tagen begann auf der Emmer Feldbreite die Realisierungsphase f\u00fcr das Projekt Feld Eins. Einzugstermin f\u00fcr die Eigentumswohnungen soll im Fr\u00fchjahr 2022 sein.\" \/>\n<meta name=\"robots\" content=\"index, follow, max-snippet:-1, max-image-preview:large, max-video-preview:-1\" \/>\n<link rel=\"canonical\" href=\"https:\/\/www.immobilienbusiness.ch\/fr\/regionen\/2020-04-08\/baustart-fuer-feld-eins-in-der-emmer-feldbreite\/\" \/>\n<meta property=\"og:locale\" content=\"fr_FR\" \/>\n<meta property=\"og:type\" content=\"article\" \/>\n<meta property=\"og:title\" content=\"Baustart f\u00fcr Feld Eins in der Emmer Feldbreite - IMMOBILIEN Business\" \/>\n<meta property=\"og:description\" content=\"In diesen Tagen begann auf der Emmer Feldbreite die Realisierungsphase f\u00fcr das Projekt Feld Eins. Einzugstermin f\u00fcr die Eigentumswohnungen soll im Fr\u00fchjahr 2022 sein.\" \/>\n<meta property=\"og:url\" content=\"https:\/\/www.immobilienbusiness.ch\/fr\/regionen\/2020-04-08\/baustart-fuer-feld-eins-in-der-emmer-feldbreite\/\" \/>\n<meta property=\"og:site_name\" content=\"IMMOBILIEN Business\" \/>\n<meta property=\"article:publisher\" content=\"https:\/\/www.facebook.com\/immobilienbusiness\/\" \/>\n<meta property=\"article:published_time\" content=\"2020-04-08T07:27:50+00:00\" \/>\n<meta property=\"article:modified_time\" content=\"2023-08-09T19:42:10+00:00\" \/>\n<meta property=\"og:image\" content=\"https:\/\/www.immobilienbusiness.ch\/wp-content\/uploads\/2019\/07\/Schweizer-Immobilienbrief-283-Foto-Baukraene-c-Depositphotos.jpg\" \/>\n\t<meta property=\"og:image:width\" content=\"584\" \/>\n\t<meta property=\"og:image:height\" content=\"416\" \/>\n\t<meta property=\"og:image:type\" content=\"image\/jpeg\" \/>\n<meta name=\"author\" content=\"anja.hall\" \/>\n<meta name=\"twitter:card\" content=\"summary_large_image\" \/>\n<meta name=\"twitter:image\" content=\"https:\/\/www.immobilienbusiness.ch\/wp-content\/uploads\/2019\/07\/Schweizer-Immobilienbrief-283-Foto-Baukraene-c-Depositphotos.jpg\" \/>\n<script type=\"application\/ld+json\" class=\"yoast-schema-graph\">{\"@context\":\"https:\\\/\\\/schema.org\",\"@graph\":[{\"@type\":\"Article\",\"@id\":\"https:\\\/\\\/www.immobilienbusiness.ch\\\/de\\\/regionen\\\/2020-04-08\\\/baustart-fuer-feld-eins-in-der-emmer-feldbreite\\\/#article\",\"isPartOf\":{\"@id\":\"https:\\\/\\\/www.immobilienbusiness.ch\\\/de\\\/regionen\\\/2020-04-08\\\/baustart-fuer-feld-eins-in-der-emmer-feldbreite\\\/\"},\"author\":{\"name\":\"anja.hall\",\"@id\":\"https:\\\/\\\/www.immobilienbusiness.ch\\\/#\\\/schema\\\/person\\\/3fc036297b10b9f42d6db5ee932af8c8\"},\"headline\":\"Baustart f\u00fcr Feld Eins in der Emmer Feldbreite\",\"datePublished\":\"2020-04-08T07:27:50+00:00\",\"dateModified\":\"2023-08-09T19:42:10+00:00\",\"mainEntityOfPage\":{\"@id\":\"https:\\\/\\\/www.immobilienbusiness.ch\\\/de\\\/regionen\\\/2020-04-08\\\/baustart-fuer-feld-eins-in-der-emmer-feldbreite\\\/\"},\"wordCount\":126,\"publisher\":{\"@id\":\"https:\\\/\\\/www.immobilienbusiness.ch\\\/#organization\"},\"image\":{\"@id\":\"https:\\\/\\\/www.immobilienbusiness.ch\\\/de\\\/regionen\\\/2020-04-08\\\/baustart-fuer-feld-eins-in-der-emmer-feldbreite\\\/#primaryimage\"},\"thumbnailUrl\":\"https:\\\/\\\/www.immobilienbusiness.ch\\\/wp-content\\\/uploads\\\/2019\\\/07\\\/Schweizer-Immobilienbrief-283-Foto-Baukraene-c-Depositphotos.jpg\",\"keywords\":[\"Eigentumswohnungen\",\"Luzern\",\"Projekt in Bau\",\"Wohnimmobilien\"],\"articleSection\":[\"REGIONEN\"],\"inLanguage\":\"fr-FR\"},{\"@type\":\"WebPage\",\"@id\":\"https:\\\/\\\/www.immobilienbusiness.ch\\\/de\\\/regionen\\\/2020-04-08\\\/baustart-fuer-feld-eins-in-der-emmer-feldbreite\\\/\",\"url\":\"https:\\\/\\\/www.immobilienbusiness.ch\\\/de\\\/regionen\\\/2020-04-08\\\/baustart-fuer-feld-eins-in-der-emmer-feldbreite\\\/\",\"name\":\"Baustart f\u00fcr Feld Eins in der Emmer Feldbreite - IMMOBILIEN Business\",\"isPartOf\":{\"@id\":\"https:\\\/\\\/www.immobilienbusiness.ch\\\/#website\"},\"primaryImageOfPage\":{\"@id\":\"https:\\\/\\\/www.immobilienbusiness.ch\\\/de\\\/regionen\\\/2020-04-08\\\/baustart-fuer-feld-eins-in-der-emmer-feldbreite\\\/#primaryimage\"},\"image\":{\"@id\":\"https:\\\/\\\/www.immobilienbusiness.ch\\\/de\\\/regionen\\\/2020-04-08\\\/baustart-fuer-feld-eins-in-der-emmer-feldbreite\\\/#primaryimage\"},\"thumbnailUrl\":\"https:\\\/\\\/www.immobilienbusiness.ch\\\/wp-content\\\/uploads\\\/2019\\\/07\\\/Schweizer-Immobilienbrief-283-Foto-Baukraene-c-Depositphotos.jpg\",\"datePublished\":\"2020-04-08T07:27:50+00:00\",\"dateModified\":\"2023-08-09T19:42:10+00:00\",\"description\":\"In diesen Tagen begann auf der Emmer Feldbreite die Realisierungsphase f\u00fcr das Projekt Feld Eins. Einzugstermin f\u00fcr die Eigentumswohnungen soll im Fr\u00fchjahr 2022 sein.\",\"breadcrumb\":{\"@id\":\"https:\\\/\\\/www.immobilienbusiness.ch\\\/de\\\/regionen\\\/2020-04-08\\\/baustart-fuer-feld-eins-in-der-emmer-feldbreite\\\/#breadcrumb\"},\"inLanguage\":\"fr-FR\",\"potentialAction\":[{\"@type\":\"ReadAction\",\"target\":[\"https:\\\/\\\/www.immobilienbusiness.ch\\\/de\\\/regionen\\\/2020-04-08\\\/baustart-fuer-feld-eins-in-der-emmer-feldbreite\\\/\"]}]},{\"@type\":\"ImageObject\",\"inLanguage\":\"fr-FR\",\"@id\":\"https:\\\/\\\/www.immobilienbusiness.ch\\\/de\\\/regionen\\\/2020-04-08\\\/baustart-fuer-feld-eins-in-der-emmer-feldbreite\\\/#primaryimage\",\"url\":\"https:\\\/\\\/www.immobilienbusiness.ch\\\/wp-content\\\/uploads\\\/2019\\\/07\\\/Schweizer-Immobilienbrief-283-Foto-Baukraene-c-Depositphotos.jpg\",\"contentUrl\":\"https:\\\/\\\/www.immobilienbusiness.ch\\\/wp-content\\\/uploads\\\/2019\\\/07\\\/Schweizer-Immobilienbrief-283-Foto-Baukraene-c-Depositphotos.jpg\",\"width\":584,\"height\":416,\"caption\":\"Die Bauausgaben blieben 2021 stabil (Bild: VRVALERIAN\\\/DEPOSITPHOTOS)\"},{\"@type\":\"BreadcrumbList\",\"@id\":\"https:\\\/\\\/www.immobilienbusiness.ch\\\/de\\\/regionen\\\/2020-04-08\\\/baustart-fuer-feld-eins-in-der-emmer-feldbreite\\\/#breadcrumb\",\"itemListElement\":[{\"@type\":\"ListItem\",\"position\":1,\"name\":\"Home\",\"item\":\"https:\\\/\\\/www.immobilienbusiness.ch\\\/\"},{\"@type\":\"ListItem\",\"position\":2,\"name\":\"Baustart f\u00fcr Feld Eins in der Emmer Feldbreite\"}]},{\"@type\":\"WebSite\",\"@id\":\"https:\\\/\\\/www.immobilienbusiness.ch\\\/#website\",\"url\":\"https:\\\/\\\/www.immobilienbusiness.ch\\\/\",\"name\":\"IMMOBILIEN Business\",\"description\":\"Unabh\u00e4ngiges Schweizer Wirtschaftsmagazin mit Fokus auf Immobilien, Architektur- und Bau sowie Investment- und Finanzierung.\",\"publisher\":{\"@id\":\"https:\\\/\\\/www.immobilienbusiness.ch\\\/#organization\"},\"potentialAction\":[{\"@type\":\"SearchAction\",\"target\":{\"@type\":\"EntryPoint\",\"urlTemplate\":\"https:\\\/\\\/www.immobilienbusiness.ch\\\/?s={search_term_string}\"},\"query-input\":{\"@type\":\"PropertyValueSpecification\",\"valueRequired\":true,\"valueName\":\"search_term_string\"}}],\"inLanguage\":\"fr-FR\"},{\"@type\":\"Organization\",\"@id\":\"https:\\\/\\\/www.immobilienbusiness.ch\\\/#organization\",\"name\":\"IMMOBILIEN Business\",\"url\":\"https:\\\/\\\/www.immobilienbusiness.ch\\\/\",\"logo\":{\"@type\":\"ImageObject\",\"inLanguage\":\"fr-FR\",\"@id\":\"https:\\\/\\\/www.immobilienbusiness.ch\\\/#\\\/schema\\\/logo\\\/image\\\/\",\"url\":\"https:\\\/\\\/www.immobilienbusiness.ch\\\/wp-content\\\/uploads\\\/2021\\\/07\\\/logo_ib.png\",\"contentUrl\":\"https:\\\/\\\/www.immobilienbusiness.ch\\\/wp-content\\\/uploads\\\/2021\\\/07\\\/logo_ib.png\",\"width\":800,\"height\":181,\"caption\":\"IMMOBILIEN Business\"},\"image\":{\"@id\":\"https:\\\/\\\/www.immobilienbusiness.ch\\\/#\\\/schema\\\/logo\\\/image\\\/\"},\"sameAs\":[\"https:\\\/\\\/www.facebook.com\\\/immobilienbusiness\\\/\"]},{\"@type\":\"Person\",\"@id\":\"https:\\\/\\\/www.immobilienbusiness.ch\\\/#\\\/schema\\\/person\\\/3fc036297b10b9f42d6db5ee932af8c8\",\"name\":\"anja.hall\",\"image\":{\"@type\":\"ImageObject\",\"inLanguage\":\"fr-FR\",\"@id\":\"https:\\\/\\\/secure.gravatar.com\\\/avatar\\\/066b5a0d447013502c71a5782f4f3469f03cfe595cc2329fb94652fe47511bfb?s=96&d=mm&r=g\",\"url\":\"https:\\\/\\\/secure.gravatar.com\\\/avatar\\\/066b5a0d447013502c71a5782f4f3469f03cfe595cc2329fb94652fe47511bfb?s=96&d=mm&r=g\",\"contentUrl\":\"https:\\\/\\\/secure.gravatar.com\\\/avatar\\\/066b5a0d447013502c71a5782f4f3469f03cfe595cc2329fb94652fe47511bfb?s=96&d=mm&r=g\",\"caption\":\"anja.hall\"},\"url\":\"https:\\\/\\\/www.immobilienbusiness.ch\\\/fr\\\/author\\\/anja-hall\\\/\"}]}<\/script>\n<!-- \/ Yoast SEO plugin. -->","yoast_head_json":{"title":"Baustart f\u00fcr Feld Eins in der Emmer Feldbreite - IMMOBILIEN Business","description":"In diesen Tagen begann auf der Emmer Feldbreite die Realisierungsphase f\u00fcr das Projekt Feld Eins. Einzugstermin f\u00fcr die Eigentumswohnungen soll im Fr\u00fchjahr 2022 sein.","robots":{"index":"index","follow":"follow","max-snippet":"max-snippet:-1","max-image-preview":"max-image-preview:large","max-video-preview":"max-video-preview:-1"},"canonical":"https:\/\/www.immobilienbusiness.ch\/fr\/regionen\/2020-04-08\/baustart-fuer-feld-eins-in-der-emmer-feldbreite\/","og_locale":"fr_FR","og_type":"article","og_title":"Baustart f\u00fcr Feld Eins in der Emmer Feldbreite - IMMOBILIEN Business","og_description":"In diesen Tagen begann auf der Emmer Feldbreite die Realisierungsphase f\u00fcr das Projekt Feld Eins. Einzugstermin f\u00fcr die Eigentumswohnungen soll im Fr\u00fchjahr 2022 sein.","og_url":"https:\/\/www.immobilienbusiness.ch\/fr\/regionen\/2020-04-08\/baustart-fuer-feld-eins-in-der-emmer-feldbreite\/","og_site_name":"IMMOBILIEN Business","article_publisher":"https:\/\/www.facebook.com\/immobilienbusiness\/","article_published_time":"2020-04-08T07:27:50+00:00","article_modified_time":"2023-08-09T19:42:10+00:00","og_image":[{"width":584,"height":416,"url":"https:\/\/www.immobilienbusiness.ch\/wp-content\/uploads\/2019\/07\/Schweizer-Immobilienbrief-283-Foto-Baukraene-c-Depositphotos.jpg","type":"image\/jpeg"}],"author":"anja.hall","twitter_card":"summary_large_image","twitter_image":"https:\/\/www.immobilienbusiness.ch\/wp-content\/uploads\/2019\/07\/Schweizer-Immobilienbrief-283-Foto-Baukraene-c-Depositphotos.jpg","schema":{"@context":"https:\/\/schema.org","@graph":[{"@type":"Article","@id":"https:\/\/www.immobilienbusiness.ch\/de\/regionen\/2020-04-08\/baustart-fuer-feld-eins-in-der-emmer-feldbreite\/#article","isPartOf":{"@id":"https:\/\/www.immobilienbusiness.ch\/de\/regionen\/2020-04-08\/baustart-fuer-feld-eins-in-der-emmer-feldbreite\/"},"author":{"name":"anja.hall","@id":"https:\/\/www.immobilienbusiness.ch\/#\/schema\/person\/3fc036297b10b9f42d6db5ee932af8c8"},"headline":"Baustart f\u00fcr Feld Eins in der Emmer Feldbreite","datePublished":"2020-04-08T07:27:50+00:00","dateModified":"2023-08-09T19:42:10+00:00","mainEntityOfPage":{"@id":"https:\/\/www.immobilienbusiness.ch\/de\/regionen\/2020-04-08\/baustart-fuer-feld-eins-in-der-emmer-feldbreite\/"},"wordCount":126,"publisher":{"@id":"https:\/\/www.immobilienbusiness.ch\/#organization"},"image":{"@id":"https:\/\/www.immobilienbusiness.ch\/de\/regionen\/2020-04-08\/baustart-fuer-feld-eins-in-der-emmer-feldbreite\/#primaryimage"},"thumbnailUrl":"https:\/\/www.immobilienbusiness.ch\/wp-content\/uploads\/2019\/07\/Schweizer-Immobilienbrief-283-Foto-Baukraene-c-Depositphotos.jpg","keywords":["Eigentumswohnungen","Luzern","Projekt in Bau","Wohnimmobilien"],"articleSection":["REGIONEN"],"inLanguage":"fr-FR"},{"@type":"WebPage","@id":"https:\/\/www.immobilienbusiness.ch\/de\/regionen\/2020-04-08\/baustart-fuer-feld-eins-in-der-emmer-feldbreite\/","url":"https:\/\/www.immobilienbusiness.ch\/de\/regionen\/2020-04-08\/baustart-fuer-feld-eins-in-der-emmer-feldbreite\/","name":"Baustart f\u00fcr Feld Eins in der Emmer Feldbreite - IMMOBILIEN Business","isPartOf":{"@id":"https:\/\/www.immobilienbusiness.ch\/#website"},"primaryImageOfPage":{"@id":"https:\/\/www.immobilienbusiness.ch\/de\/regionen\/2020-04-08\/baustart-fuer-feld-eins-in-der-emmer-feldbreite\/#primaryimage"},"image":{"@id":"https:\/\/www.immobilienbusiness.ch\/de\/regionen\/2020-04-08\/baustart-fuer-feld-eins-in-der-emmer-feldbreite\/#primaryimage"},"thumbnailUrl":"https:\/\/www.immobilienbusiness.ch\/wp-content\/uploads\/2019\/07\/Schweizer-Immobilienbrief-283-Foto-Baukraene-c-Depositphotos.jpg","datePublished":"2020-04-08T07:27:50+00:00","dateModified":"2023-08-09T19:42:10+00:00","description":"In diesen Tagen begann auf der Emmer Feldbreite die Realisierungsphase f\u00fcr das Projekt Feld Eins. Einzugstermin f\u00fcr die Eigentumswohnungen soll im Fr\u00fchjahr 2022 sein.","breadcrumb":{"@id":"https:\/\/www.immobilienbusiness.ch\/de\/regionen\/2020-04-08\/baustart-fuer-feld-eins-in-der-emmer-feldbreite\/#breadcrumb"},"inLanguage":"fr-FR","potentialAction":[{"@type":"ReadAction","target":["https:\/\/www.immobilienbusiness.ch\/de\/regionen\/2020-04-08\/baustart-fuer-feld-eins-in-der-emmer-feldbreite\/"]}]},{"@type":"ImageObject","inLanguage":"fr-FR","@id":"https:\/\/www.immobilienbusiness.ch\/de\/regionen\/2020-04-08\/baustart-fuer-feld-eins-in-der-emmer-feldbreite\/#primaryimage","url":"https:\/\/www.immobilienbusiness.ch\/wp-content\/uploads\/2019\/07\/Schweizer-Immobilienbrief-283-Foto-Baukraene-c-Depositphotos.jpg","contentUrl":"https:\/\/www.immobilienbusiness.ch\/wp-content\/uploads\/2019\/07\/Schweizer-Immobilienbrief-283-Foto-Baukraene-c-Depositphotos.jpg","width":584,"height":416,"caption":"Die Bauausgaben blieben 2021 stabil (Bild: VRVALERIAN\/DEPOSITPHOTOS)"},{"@type":"BreadcrumbList","@id":"https:\/\/www.immobilienbusiness.ch\/de\/regionen\/2020-04-08\/baustart-fuer-feld-eins-in-der-emmer-feldbreite\/#breadcrumb","itemListElement":[{"@type":"ListItem","position":1,"name":"Home","item":"https:\/\/www.immobilienbusiness.ch\/"},{"@type":"ListItem","position":2,"name":"Baustart f\u00fcr Feld Eins in der Emmer Feldbreite"}]},{"@type":"WebSite","@id":"https:\/\/www.immobilienbusiness.ch\/#website","url":"https:\/\/www.immobilienbusiness.ch\/","name":"IMMOBILIER Business","description":"Magazine \u00e9conomique suisse ind\u00e9pendant ax\u00e9 sur l'immobilier, l'architecture et la construction ainsi que sur les investissements et le financement.","publisher":{"@id":"https:\/\/www.immobilienbusiness.ch\/#organization"},"potentialAction":[{"@type":"SearchAction","target":{"@type":"EntryPoint","urlTemplate":"https:\/\/www.immobilienbusiness.ch\/?s={search_term_string}"},"query-input":{"@type":"PropertyValueSpecification","valueRequired":true,"valueName":"search_term_string"}}],"inLanguage":"fr-FR"},{"@type":"Organization","@id":"https:\/\/www.immobilienbusiness.ch\/#organization","name":"IMMOBILIER Business","url":"https:\/\/www.immobilienbusiness.ch\/","logo":{"@type":"ImageObject","inLanguage":"fr-FR","@id":"https:\/\/www.immobilienbusiness.ch\/#\/schema\/logo\/image\/","url":"https:\/\/www.immobilienbusiness.ch\/wp-content\/uploads\/2021\/07\/logo_ib.png","contentUrl":"https:\/\/www.immobilienbusiness.ch\/wp-content\/uploads\/2021\/07\/logo_ib.png","width":800,"height":181,"caption":"IMMOBILIEN Business"},"image":{"@id":"https:\/\/www.immobilienbusiness.ch\/#\/schema\/logo\/image\/"},"sameAs":["https:\/\/www.facebook.com\/immobilienbusiness\/"]},{"@type":"Person","@id":"https:\/\/www.immobilienbusiness.ch\/#\/schema\/person\/3fc036297b10b9f42d6db5ee932af8c8","name":"anja.hall","image":{"@type":"ImageObject","inLanguage":"fr-FR","@id":"https:\/\/secure.gravatar.com\/avatar\/066b5a0d447013502c71a5782f4f3469f03cfe595cc2329fb94652fe47511bfb?s=96&d=mm&r=g","url":"https:\/\/secure.gravatar.com\/avatar\/066b5a0d447013502c71a5782f4f3469f03cfe595cc2329fb94652fe47511bfb?s=96&d=mm&r=g","contentUrl":"https:\/\/secure.gravatar.com\/avatar\/066b5a0d447013502c71a5782f4f3469f03cfe595cc2329fb94652fe47511bfb?s=96&d=mm&r=g","caption":"anja.hall"},"url":"https:\/\/www.immobilienbusiness.ch\/fr\/author\/anja-hall\/"}]}},"_links":{"self":[{"href":"https:\/\/www.immobilienbusiness.ch\/fr\/wp-json\/wp\/v2\/posts\/20830","targetHints":{"allow":["GET"]}}],"collection":[{"href":"https:\/\/www.immobilienbusiness.ch\/fr\/wp-json\/wp\/v2\/posts"}],"about":[{"href":"https:\/\/www.immobilienbusiness.ch\/fr\/wp-json\/wp\/v2\/types\/post"}],"author":[{"embeddable":true,"href":"https:\/\/www.immobilienbusiness.ch\/fr\/wp-json\/wp\/v2\/users\/3"}],"replies":[{"embeddable":true,"href":"https:\/\/www.immobilienbusiness.ch\/fr\/wp-json\/wp\/v2\/comments?post=20830"}],"version-history":[{"count":2,"href":"https:\/\/www.immobilienbusiness.ch\/fr\/wp-json\/wp\/v2\/posts\/20830\/revisions"}],"predecessor-version":[{"id":51865,"href":"https:\/\/www.immobilienbusiness.ch\/fr\/wp-json\/wp\/v2\/posts\/20830\/revisions\/51865"}],"wp:featuredmedia":[{"embeddable":true,"href":"https:\/\/www.immobilienbusiness.ch\/fr\/wp-json\/wp\/v2\/media\/17547"}],"wp:attachment":[{"href":"https:\/\/www.immobilienbusiness.ch\/fr\/wp-json\/wp\/v2\/media?parent=20830"}],"wp:term":[{"taxonomy":"category","embeddable":true,"href":"https:\/\/www.immobilienbusiness.ch\/fr\/wp-json\/wp\/v2\/categories?post=20830"},{"taxonomy":"post_tag","embeddable":true,"href":"https:\/\/www.immobilienbusiness.ch\/fr\/wp-json\/wp\/v2\/tags?post=20830"}],"curies":[{"name":"wp","href":"https:\/\/api.w.org\/{rel}","templated":true}]}}