{"id":20723,"date":"2020-04-01T08:15:13","date_gmt":"2020-04-01T06:15:13","guid":{"rendered":"https:\/\/www.immobilienbusiness.ch\/?p=20723"},"modified":"2020-04-01T08:15:13","modified_gmt":"2020-04-01T06:15:13","slug":"transaktionen-trotz-corona-krise","status":"publish","type":"post","link":"https:\/\/www.immobilienbusiness.ch\/fr\/unternehmen\/2020-04-01\/transaktionen-trotz-corona-krise\/","title":{"rendered":"Des transactions malgr\u00e9 la crise de Corona"},"content":{"rendered":"<figure id=\"attachment_12418\" aria-describedby=\"caption-attachment-12418\" style=\"width: 680px\" class=\"wp-caption alignnone\"><img loading=\"lazy\" decoding=\"async\" class=\"size-medium wp-image-12418\" src=\"https:\/\/www.immobilienbusiness.ch\/wp-content\/uploads\/2018\/05\/Depositphotos_6297149_m-2015.jpg\" alt=\"\" width=\"680\" height=\"454\" srcset=\"https:\/\/www.immobilienbusiness.ch\/wp-content\/uploads\/2018\/05\/Depositphotos_6297149_m-2015.jpg 1000w, https:\/\/www.immobilienbusiness.ch\/wp-content\/uploads\/2018\/05\/Depositphotos_6297149_m-2015-300x200.jpg 300w, https:\/\/www.immobilienbusiness.ch\/wp-content\/uploads\/2018\/05\/Depositphotos_6297149_m-2015-768x512.jpg 768w, https:\/\/www.immobilienbusiness.ch\/wp-content\/uploads\/2018\/05\/Depositphotos_6297149_m-2015-16x12.jpg 16w, https:\/\/www.immobilienbusiness.ch\/wp-content\/uploads\/2018\/05\/Depositphotos_6297149_m-2015-262x175.jpg 262w, https:\/\/www.immobilienbusiness.ch\/wp-content\/uploads\/2018\/05\/Depositphotos_6297149_m-2015-525x350.jpg 525w, https:\/\/www.immobilienbusiness.ch\/wp-content\/uploads\/2018\/05\/Depositphotos_6297149_m-2015-920x614.jpg 920w\" sizes=\"auto, (max-width: 680px) 100vw, 680px\" \/><figcaption id=\"caption-attachment-12418\" class=\"wp-caption-text\">Malgr\u00e9 la crise de Corona, quelques transactions spectaculaires sont conclues dans le secteur immobilier (Image : peshkova - depositphotos)<\/figcaption><\/figure>\n<p>Face au lockdown d\u00e9cid\u00e9 par de nombreux gouvernements dans le sillage de la crise de Corona, la vie \u00e9conomique mondiale se caract\u00e9rise actuellement par une paralysie dans de nombreux secteurs - qui, comme on pouvait s'y attendre, touche \u00e9galement les march\u00e9s immobiliers. Pourtant, quelques transactions remarquables ont eu lieu en mars en Europe, constate la soci\u00e9t\u00e9 d'analyse am\u00e9ricaine RCA Real Capital Analytics, qui se concentre sur les march\u00e9s mondiaux de l'immobilier commercial.<\/p>\n<p>Comme le dit Tom Leahy dans <em>RCA Insights<\/em> Les fr\u00e8res Barclay ont vendu l'h\u00f4tel Ritz de Londres \u00e0 un membre de la famille royale qatarie. La transaction a \u00e9t\u00e9 annonc\u00e9e le 27 mars 2020 ; selon les rumeurs du march\u00e9, le prix d'achat se situerait entre 750 et 800 millions de livres.<\/p>\n<p>Leahy cite comme autre transaction importante l'acquisition par Union Investment de la part de 50% du partenaire de joint-venture Omers sur Watermark Place dans la City de Londres. En mars \u00e9galement, Aviva a acquis le bureau du Cr\u00e9dit du Nord \u00e0 Paris dans le cadre d'une op\u00e9ration de cession-bail, <a href=\"https:\/\/www.immobilienbusiness.ch\/fr\/kcm-gruppe-verkauft-muenchener-top-immobilie\/\">et Centrum dans la Maximilianstrasse \u00e0 Munich un immeuble commercial pour un montant estim\u00e9 \u00e0 250 millions d'euros.<\/a>.<\/p>\n<p>Parmi les grandes transactions de portefeuille, Leahy cite l'acquisition par Allianz et Elo Mutual d'une part d'un portefeuille de centres commerciaux espagnols et portugais pour 935 millions d'euros, ainsi que la vente par Dandara \u00e0 ECE d'un portefeuille de plus de 2.000 unit\u00e9s r\u00e9sidentielles en Angleterre pour 400 millions de livres (voir IMMOBILIEN Business, \u00e9dition avril 2020). <em>(M.ARR.)<\/em><\/p>","protected":false},"excerpt":{"rendered":"<p>Le nombre et le volume des ventes r\u00e9alis\u00e9es en mars sur les march\u00e9s europ\u00e9ens de l'immobilier commercial sont faibles par rapport aux ann\u00e9es pr\u00e9c\u00e9dentes. Cependant, malgr\u00e9 l'\u00e9pid\u00e9mie de Covid 19 au Royaume-Uni et dans de nombreuses autres grandes \u00e9conomies europ\u00e9ennes, des transactions remarquables ont eu lieu, constate Real Capital Analytics.<\/p>","protected":false},"author":3,"featured_media":12418,"comment_status":"closed","ping_status":"open","sticky":false,"template":"","format":"standard","meta":{"_acf_changed":false,"_yoast_wpseo_focuskw":"Transaktionen","_yoast_wpseo_title":"","_yoast_wpseo_metadesc":"Im M\u00e4rz gab es an den europ\u00e4ischen Gewerbeimmobilienm\u00e4rkten zwar wenige Verk\u00e4ufe. Doch kam es trotz der Covid-19-Epidemie zu bemerkenswerten Transaktionen.","_yoast_wpseo_linkdex":71,"pgc_sgb_lightbox_settings":"","footnotes":""},"categories":[988],"tags":[1052,1348,1471,1585],"class_list":["post-20723","post","type-post","status-publish","format-standard","has-post-thumbnail","hentry","category-unternehmen","tag-ausland","tag-immobilienkauf","tag-marktbericht","tag-portfoliokauf"],"acf":[],"yoast_head":"<!-- This site is optimized with the Yoast SEO plugin v27.4 - https:\/\/yoast.com\/product\/yoast-seo-wordpress\/ -->\n<title>Transaktionen trotz Corona-Krise - IMMOBILIEN Business<\/title>\n<meta name=\"description\" content=\"Im M\u00e4rz gab es an den europ\u00e4ischen Gewerbeimmobilienm\u00e4rkten zwar wenige Verk\u00e4ufe. Doch kam es trotz der Covid-19-Epidemie zu bemerkenswerten Transaktionen.\" \/>\n<meta name=\"robots\" content=\"index, follow, max-snippet:-1, max-image-preview:large, max-video-preview:-1\" \/>\n<link rel=\"canonical\" href=\"https:\/\/www.immobilienbusiness.ch\/fr\/unternehmen\/2020-04-01\/transaktionen-trotz-corona-krise\/\" \/>\n<meta property=\"og:locale\" content=\"fr_FR\" \/>\n<meta property=\"og:type\" content=\"article\" \/>\n<meta property=\"og:title\" content=\"Transaktionen trotz Corona-Krise - IMMOBILIEN Business\" \/>\n<meta property=\"og:description\" content=\"Im M\u00e4rz gab es an den europ\u00e4ischen Gewerbeimmobilienm\u00e4rkten zwar wenige Verk\u00e4ufe. Doch kam es trotz der Covid-19-Epidemie zu bemerkenswerten Transaktionen.\" \/>\n<meta property=\"og:url\" content=\"https:\/\/www.immobilienbusiness.ch\/fr\/unternehmen\/2020-04-01\/transaktionen-trotz-corona-krise\/\" \/>\n<meta property=\"og:site_name\" content=\"IMMOBILIEN Business\" \/>\n<meta property=\"article:publisher\" content=\"https:\/\/www.facebook.com\/immobilienbusiness\/\" \/>\n<meta property=\"article:published_time\" content=\"2020-04-01T06:15:13+00:00\" \/>\n<meta property=\"og:image\" content=\"https:\/\/www.immobilienbusiness.ch\/wp-content\/uploads\/2018\/05\/Depositphotos_6297149_m-2015.jpg\" \/>\n\t<meta property=\"og:image:width\" content=\"1000\" \/>\n\t<meta property=\"og:image:height\" content=\"667\" \/>\n\t<meta property=\"og:image:type\" content=\"image\/jpeg\" \/>\n<meta name=\"author\" content=\"anja.hall\" \/>\n<meta name=\"twitter:card\" content=\"summary_large_image\" \/>\n<meta name=\"twitter:image\" content=\"https:\/\/www.immobilienbusiness.ch\/wp-content\/uploads\/2018\/05\/Depositphotos_6297149_m-2015.jpg\" \/>\n<script type=\"application\/ld+json\" class=\"yoast-schema-graph\">{\"@context\":\"https:\\\/\\\/schema.org\",\"@graph\":[{\"@type\":\"Article\",\"@id\":\"https:\\\/\\\/www.immobilienbusiness.ch\\\/unternehmen\\\/2020-04-01\\\/transaktionen-trotz-corona-krise\\\/#article\",\"isPartOf\":{\"@id\":\"https:\\\/\\\/www.immobilienbusiness.ch\\\/unternehmen\\\/2020-04-01\\\/transaktionen-trotz-corona-krise\\\/\"},\"author\":{\"name\":\"anja.hall\",\"@id\":\"https:\\\/\\\/www.immobilienbusiness.ch\\\/#\\\/schema\\\/person\\\/3fc036297b10b9f42d6db5ee932af8c8\"},\"headline\":\"Transaktionen trotz Corona-Krise\",\"datePublished\":\"2020-04-01T06:15:13+00:00\",\"mainEntityOfPage\":{\"@id\":\"https:\\\/\\\/www.immobilienbusiness.ch\\\/unternehmen\\\/2020-04-01\\\/transaktionen-trotz-corona-krise\\\/\"},\"wordCount\":239,\"publisher\":{\"@id\":\"https:\\\/\\\/www.immobilienbusiness.ch\\\/#organization\"},\"image\":{\"@id\":\"https:\\\/\\\/www.immobilienbusiness.ch\\\/unternehmen\\\/2020-04-01\\\/transaktionen-trotz-corona-krise\\\/#primaryimage\"},\"thumbnailUrl\":\"https:\\\/\\\/www.immobilienbusiness.ch\\\/wp-content\\\/uploads\\\/2018\\\/05\\\/Depositphotos_6297149_m-2015.jpg\",\"keywords\":[\"Ausland\",\"Immobilienkauf\",\"Marktbericht\",\"Portfoliokauf\"],\"articleSection\":[\"UNTERNEHMEN\"],\"inLanguage\":\"fr-FR\"},{\"@type\":\"WebPage\",\"@id\":\"https:\\\/\\\/www.immobilienbusiness.ch\\\/unternehmen\\\/2020-04-01\\\/transaktionen-trotz-corona-krise\\\/\",\"url\":\"https:\\\/\\\/www.immobilienbusiness.ch\\\/unternehmen\\\/2020-04-01\\\/transaktionen-trotz-corona-krise\\\/\",\"name\":\"Transaktionen trotz Corona-Krise - IMMOBILIEN Business\",\"isPartOf\":{\"@id\":\"https:\\\/\\\/www.immobilienbusiness.ch\\\/#website\"},\"primaryImageOfPage\":{\"@id\":\"https:\\\/\\\/www.immobilienbusiness.ch\\\/unternehmen\\\/2020-04-01\\\/transaktionen-trotz-corona-krise\\\/#primaryimage\"},\"image\":{\"@id\":\"https:\\\/\\\/www.immobilienbusiness.ch\\\/unternehmen\\\/2020-04-01\\\/transaktionen-trotz-corona-krise\\\/#primaryimage\"},\"thumbnailUrl\":\"https:\\\/\\\/www.immobilienbusiness.ch\\\/wp-content\\\/uploads\\\/2018\\\/05\\\/Depositphotos_6297149_m-2015.jpg\",\"datePublished\":\"2020-04-01T06:15:13+00:00\",\"description\":\"Im M\u00e4rz gab es an den europ\u00e4ischen Gewerbeimmobilienm\u00e4rkten zwar wenige Verk\u00e4ufe. Doch kam es trotz der Covid-19-Epidemie zu bemerkenswerten Transaktionen.\",\"breadcrumb\":{\"@id\":\"https:\\\/\\\/www.immobilienbusiness.ch\\\/unternehmen\\\/2020-04-01\\\/transaktionen-trotz-corona-krise\\\/#breadcrumb\"},\"inLanguage\":\"fr-FR\",\"potentialAction\":[{\"@type\":\"ReadAction\",\"target\":[\"https:\\\/\\\/www.immobilienbusiness.ch\\\/unternehmen\\\/2020-04-01\\\/transaktionen-trotz-corona-krise\\\/\"]}]},{\"@type\":\"ImageObject\",\"inLanguage\":\"fr-FR\",\"@id\":\"https:\\\/\\\/www.immobilienbusiness.ch\\\/unternehmen\\\/2020-04-01\\\/transaktionen-trotz-corona-krise\\\/#primaryimage\",\"url\":\"https:\\\/\\\/www.immobilienbusiness.ch\\\/wp-content\\\/uploads\\\/2018\\\/05\\\/Depositphotos_6297149_m-2015.jpg\",\"contentUrl\":\"https:\\\/\\\/www.immobilienbusiness.ch\\\/wp-content\\\/uploads\\\/2018\\\/05\\\/Depositphotos_6297149_m-2015.jpg\",\"width\":1000,\"height\":667,\"caption\":\"Die SenioResidenz AG kauft die Leukerbad Clinic (peshkova - depositphotos)\"},{\"@type\":\"BreadcrumbList\",\"@id\":\"https:\\\/\\\/www.immobilienbusiness.ch\\\/unternehmen\\\/2020-04-01\\\/transaktionen-trotz-corona-krise\\\/#breadcrumb\",\"itemListElement\":[{\"@type\":\"ListItem\",\"position\":1,\"name\":\"Home\",\"item\":\"https:\\\/\\\/www.immobilienbusiness.ch\\\/\"},{\"@type\":\"ListItem\",\"position\":2,\"name\":\"Transaktionen trotz Corona-Krise\"}]},{\"@type\":\"WebSite\",\"@id\":\"https:\\\/\\\/www.immobilienbusiness.ch\\\/#website\",\"url\":\"https:\\\/\\\/www.immobilienbusiness.ch\\\/\",\"name\":\"IMMOBILIEN Business\",\"description\":\"Unabh\u00e4ngiges Schweizer Wirtschaftsmagazin mit Fokus auf Immobilien, Architektur- und Bau sowie Investment- und Finanzierung.\",\"publisher\":{\"@id\":\"https:\\\/\\\/www.immobilienbusiness.ch\\\/#organization\"},\"potentialAction\":[{\"@type\":\"SearchAction\",\"target\":{\"@type\":\"EntryPoint\",\"urlTemplate\":\"https:\\\/\\\/www.immobilienbusiness.ch\\\/?s={search_term_string}\"},\"query-input\":{\"@type\":\"PropertyValueSpecification\",\"valueRequired\":true,\"valueName\":\"search_term_string\"}}],\"inLanguage\":\"fr-FR\"},{\"@type\":\"Organization\",\"@id\":\"https:\\\/\\\/www.immobilienbusiness.ch\\\/#organization\",\"name\":\"IMMOBILIEN Business\",\"url\":\"https:\\\/\\\/www.immobilienbusiness.ch\\\/\",\"logo\":{\"@type\":\"ImageObject\",\"inLanguage\":\"fr-FR\",\"@id\":\"https:\\\/\\\/www.immobilienbusiness.ch\\\/#\\\/schema\\\/logo\\\/image\\\/\",\"url\":\"https:\\\/\\\/www.immobilienbusiness.ch\\\/wp-content\\\/uploads\\\/2021\\\/07\\\/logo_ib.png\",\"contentUrl\":\"https:\\\/\\\/www.immobilienbusiness.ch\\\/wp-content\\\/uploads\\\/2021\\\/07\\\/logo_ib.png\",\"width\":800,\"height\":181,\"caption\":\"IMMOBILIEN Business\"},\"image\":{\"@id\":\"https:\\\/\\\/www.immobilienbusiness.ch\\\/#\\\/schema\\\/logo\\\/image\\\/\"},\"sameAs\":[\"https:\\\/\\\/www.facebook.com\\\/immobilienbusiness\\\/\"]},{\"@type\":\"Person\",\"@id\":\"https:\\\/\\\/www.immobilienbusiness.ch\\\/#\\\/schema\\\/person\\\/3fc036297b10b9f42d6db5ee932af8c8\",\"name\":\"anja.hall\",\"image\":{\"@type\":\"ImageObject\",\"inLanguage\":\"fr-FR\",\"@id\":\"https:\\\/\\\/secure.gravatar.com\\\/avatar\\\/066b5a0d447013502c71a5782f4f3469f03cfe595cc2329fb94652fe47511bfb?s=96&d=mm&r=g\",\"url\":\"https:\\\/\\\/secure.gravatar.com\\\/avatar\\\/066b5a0d447013502c71a5782f4f3469f03cfe595cc2329fb94652fe47511bfb?s=96&d=mm&r=g\",\"contentUrl\":\"https:\\\/\\\/secure.gravatar.com\\\/avatar\\\/066b5a0d447013502c71a5782f4f3469f03cfe595cc2329fb94652fe47511bfb?s=96&d=mm&r=g\",\"caption\":\"anja.hall\"},\"url\":\"https:\\\/\\\/www.immobilienbusiness.ch\\\/fr\\\/author\\\/anja-hall\\\/\"}]}<\/script>\n<!-- \/ Yoast SEO plugin. -->","yoast_head_json":{"title":"Des transactions malgr\u00e9 la crise de Corona - IMMOBILIER Business","description":"En mars, les march\u00e9s europ\u00e9ens de l'immobilier commercial ont certes enregistr\u00e9 peu de ventes. Cependant, malgr\u00e9 l'\u00e9pid\u00e9mie de Covid 19, des transactions remarquables ont eu lieu.","robots":{"index":"index","follow":"follow","max-snippet":"max-snippet:-1","max-image-preview":"max-image-preview:large","max-video-preview":"max-video-preview:-1"},"canonical":"https:\/\/www.immobilienbusiness.ch\/fr\/unternehmen\/2020-04-01\/transaktionen-trotz-corona-krise\/","og_locale":"fr_FR","og_type":"article","og_title":"Transaktionen trotz Corona-Krise - IMMOBILIEN Business","og_description":"Im M\u00e4rz gab es an den europ\u00e4ischen Gewerbeimmobilienm\u00e4rkten zwar wenige Verk\u00e4ufe. Doch kam es trotz der Covid-19-Epidemie zu bemerkenswerten Transaktionen.","og_url":"https:\/\/www.immobilienbusiness.ch\/fr\/unternehmen\/2020-04-01\/transaktionen-trotz-corona-krise\/","og_site_name":"IMMOBILIEN Business","article_publisher":"https:\/\/www.facebook.com\/immobilienbusiness\/","article_published_time":"2020-04-01T06:15:13+00:00","og_image":[{"width":1000,"height":667,"url":"https:\/\/www.immobilienbusiness.ch\/wp-content\/uploads\/2018\/05\/Depositphotos_6297149_m-2015.jpg","type":"image\/jpeg"}],"author":"anja.hall","twitter_card":"summary_large_image","twitter_image":"https:\/\/www.immobilienbusiness.ch\/wp-content\/uploads\/2018\/05\/Depositphotos_6297149_m-2015.jpg","schema":{"@context":"https:\/\/schema.org","@graph":[{"@type":"Article","@id":"https:\/\/www.immobilienbusiness.ch\/unternehmen\/2020-04-01\/transaktionen-trotz-corona-krise\/#article","isPartOf":{"@id":"https:\/\/www.immobilienbusiness.ch\/unternehmen\/2020-04-01\/transaktionen-trotz-corona-krise\/"},"author":{"name":"anja.hall","@id":"https:\/\/www.immobilienbusiness.ch\/#\/schema\/person\/3fc036297b10b9f42d6db5ee932af8c8"},"headline":"Transaktionen trotz Corona-Krise","datePublished":"2020-04-01T06:15:13+00:00","mainEntityOfPage":{"@id":"https:\/\/www.immobilienbusiness.ch\/unternehmen\/2020-04-01\/transaktionen-trotz-corona-krise\/"},"wordCount":239,"publisher":{"@id":"https:\/\/www.immobilienbusiness.ch\/#organization"},"image":{"@id":"https:\/\/www.immobilienbusiness.ch\/unternehmen\/2020-04-01\/transaktionen-trotz-corona-krise\/#primaryimage"},"thumbnailUrl":"https:\/\/www.immobilienbusiness.ch\/wp-content\/uploads\/2018\/05\/Depositphotos_6297149_m-2015.jpg","keywords":["Ausland","Immobilienkauf","Marktbericht","Portfoliokauf"],"articleSection":["UNTERNEHMEN"],"inLanguage":"fr-FR"},{"@type":"WebPage","@id":"https:\/\/www.immobilienbusiness.ch\/unternehmen\/2020-04-01\/transaktionen-trotz-corona-krise\/","url":"https:\/\/www.immobilienbusiness.ch\/unternehmen\/2020-04-01\/transaktionen-trotz-corona-krise\/","name":"Des transactions malgr\u00e9 la crise de Corona - IMMOBILIER Business","isPartOf":{"@id":"https:\/\/www.immobilienbusiness.ch\/#website"},"primaryImageOfPage":{"@id":"https:\/\/www.immobilienbusiness.ch\/unternehmen\/2020-04-01\/transaktionen-trotz-corona-krise\/#primaryimage"},"image":{"@id":"https:\/\/www.immobilienbusiness.ch\/unternehmen\/2020-04-01\/transaktionen-trotz-corona-krise\/#primaryimage"},"thumbnailUrl":"https:\/\/www.immobilienbusiness.ch\/wp-content\/uploads\/2018\/05\/Depositphotos_6297149_m-2015.jpg","datePublished":"2020-04-01T06:15:13+00:00","description":"En mars, les march\u00e9s europ\u00e9ens de l'immobilier commercial ont certes enregistr\u00e9 peu de ventes. Cependant, malgr\u00e9 l'\u00e9pid\u00e9mie de Covid 19, des transactions remarquables ont eu lieu.","breadcrumb":{"@id":"https:\/\/www.immobilienbusiness.ch\/unternehmen\/2020-04-01\/transaktionen-trotz-corona-krise\/#breadcrumb"},"inLanguage":"fr-FR","potentialAction":[{"@type":"ReadAction","target":["https:\/\/www.immobilienbusiness.ch\/unternehmen\/2020-04-01\/transaktionen-trotz-corona-krise\/"]}]},{"@type":"ImageObject","inLanguage":"fr-FR","@id":"https:\/\/www.immobilienbusiness.ch\/unternehmen\/2020-04-01\/transaktionen-trotz-corona-krise\/#primaryimage","url":"https:\/\/www.immobilienbusiness.ch\/wp-content\/uploads\/2018\/05\/Depositphotos_6297149_m-2015.jpg","contentUrl":"https:\/\/www.immobilienbusiness.ch\/wp-content\/uploads\/2018\/05\/Depositphotos_6297149_m-2015.jpg","width":1000,"height":667,"caption":"Die SenioResidenz AG kauft die Leukerbad Clinic (peshkova - depositphotos)"},{"@type":"BreadcrumbList","@id":"https:\/\/www.immobilienbusiness.ch\/unternehmen\/2020-04-01\/transaktionen-trotz-corona-krise\/#breadcrumb","itemListElement":[{"@type":"ListItem","position":1,"name":"Home","item":"https:\/\/www.immobilienbusiness.ch\/"},{"@type":"ListItem","position":2,"name":"Transaktionen trotz Corona-Krise"}]},{"@type":"WebSite","@id":"https:\/\/www.immobilienbusiness.ch\/#website","url":"https:\/\/www.immobilienbusiness.ch\/","name":"IMMOBILIER Business","description":"Magazine \u00e9conomique suisse ind\u00e9pendant ax\u00e9 sur l'immobilier, l'architecture et la construction ainsi que sur les investissements et le financement.","publisher":{"@id":"https:\/\/www.immobilienbusiness.ch\/#organization"},"potentialAction":[{"@type":"SearchAction","target":{"@type":"EntryPoint","urlTemplate":"https:\/\/www.immobilienbusiness.ch\/?s={search_term_string}"},"query-input":{"@type":"PropertyValueSpecification","valueRequired":true,"valueName":"search_term_string"}}],"inLanguage":"fr-FR"},{"@type":"Organization","@id":"https:\/\/www.immobilienbusiness.ch\/#organization","name":"IMMOBILIER Business","url":"https:\/\/www.immobilienbusiness.ch\/","logo":{"@type":"ImageObject","inLanguage":"fr-FR","@id":"https:\/\/www.immobilienbusiness.ch\/#\/schema\/logo\/image\/","url":"https:\/\/www.immobilienbusiness.ch\/wp-content\/uploads\/2021\/07\/logo_ib.png","contentUrl":"https:\/\/www.immobilienbusiness.ch\/wp-content\/uploads\/2021\/07\/logo_ib.png","width":800,"height":181,"caption":"IMMOBILIEN Business"},"image":{"@id":"https:\/\/www.immobilienbusiness.ch\/#\/schema\/logo\/image\/"},"sameAs":["https:\/\/www.facebook.com\/immobilienbusiness\/"]},{"@type":"Person","@id":"https:\/\/www.immobilienbusiness.ch\/#\/schema\/person\/3fc036297b10b9f42d6db5ee932af8c8","name":"anja.hall","image":{"@type":"ImageObject","inLanguage":"fr-FR","@id":"https:\/\/secure.gravatar.com\/avatar\/066b5a0d447013502c71a5782f4f3469f03cfe595cc2329fb94652fe47511bfb?s=96&d=mm&r=g","url":"https:\/\/secure.gravatar.com\/avatar\/066b5a0d447013502c71a5782f4f3469f03cfe595cc2329fb94652fe47511bfb?s=96&d=mm&r=g","contentUrl":"https:\/\/secure.gravatar.com\/avatar\/066b5a0d447013502c71a5782f4f3469f03cfe595cc2329fb94652fe47511bfb?s=96&d=mm&r=g","caption":"anja.hall"},"url":"https:\/\/www.immobilienbusiness.ch\/fr\/author\/anja-hall\/"}]}},"_links":{"self":[{"href":"https:\/\/www.immobilienbusiness.ch\/fr\/wp-json\/wp\/v2\/posts\/20723","targetHints":{"allow":["GET"]}}],"collection":[{"href":"https:\/\/www.immobilienbusiness.ch\/fr\/wp-json\/wp\/v2\/posts"}],"about":[{"href":"https:\/\/www.immobilienbusiness.ch\/fr\/wp-json\/wp\/v2\/types\/post"}],"author":[{"embeddable":true,"href":"https:\/\/www.immobilienbusiness.ch\/fr\/wp-json\/wp\/v2\/users\/3"}],"replies":[{"embeddable":true,"href":"https:\/\/www.immobilienbusiness.ch\/fr\/wp-json\/wp\/v2\/comments?post=20723"}],"version-history":[{"count":0,"href":"https:\/\/www.immobilienbusiness.ch\/fr\/wp-json\/wp\/v2\/posts\/20723\/revisions"}],"wp:featuredmedia":[{"embeddable":true,"href":"https:\/\/www.immobilienbusiness.ch\/fr\/wp-json\/wp\/v2\/media\/12418"}],"wp:attachment":[{"href":"https:\/\/www.immobilienbusiness.ch\/fr\/wp-json\/wp\/v2\/media?parent=20723"}],"wp:term":[{"taxonomy":"category","embeddable":true,"href":"https:\/\/www.immobilienbusiness.ch\/fr\/wp-json\/wp\/v2\/categories?post=20723"},{"taxonomy":"post_tag","embeddable":true,"href":"https:\/\/www.immobilienbusiness.ch\/fr\/wp-json\/wp\/v2\/tags?post=20723"}],"curies":[{"name":"wp","href":"https:\/\/api.w.org\/{rel}","templated":true}]}}