{"id":20609,"date":"2020-03-23T08:29:52","date_gmt":"2020-03-23T07:29:52","guid":{"rendered":"https:\/\/www.immobilienbusiness.ch\/?p=20609"},"modified":"2020-03-23T08:29:52","modified_gmt":"2020-03-23T07:29:52","slug":"imlpenia-marc-pointet-wird-ceo-von-ina-invest","status":"publish","type":"post","link":"https:\/\/www.immobilienbusiness.ch\/fr\/unternehmen\/2020-03-23\/imlpenia-marc-pointet-wird-ceo-von-ina-invest\/","title":{"rendered":"Implenia : Marc Pointet devient CEO d'Ina Invest"},"content":{"rendered":"<figure id=\"attachment_5424\" aria-describedby=\"caption-attachment-5424\" style=\"width: 680px\" class=\"wp-caption alignnone\"><img loading=\"lazy\" decoding=\"async\" class=\"size-medium wp-image-5424\" src=\"https:\/\/www.immobilienbusiness.ch\/wp-content\/uploads\/2016\/12\/Depositphotos_11631521_l-2015.jpg\" alt=\"\" width=\"680\" height=\"453\" srcset=\"https:\/\/www.immobilienbusiness.ch\/wp-content\/uploads\/2016\/12\/Depositphotos_11631521_l-2015.jpg 2000w, https:\/\/www.immobilienbusiness.ch\/wp-content\/uploads\/2016\/12\/Depositphotos_11631521_l-2015-300x200.jpg 300w, https:\/\/www.immobilienbusiness.ch\/wp-content\/uploads\/2016\/12\/Depositphotos_11631521_l-2015-1024x682.jpg 1024w, https:\/\/www.immobilienbusiness.ch\/wp-content\/uploads\/2016\/12\/Depositphotos_11631521_l-2015-768x512.jpg 768w, https:\/\/www.immobilienbusiness.ch\/wp-content\/uploads\/2016\/12\/Depositphotos_11631521_l-2015-1536x1024.jpg 1536w, https:\/\/www.immobilienbusiness.ch\/wp-content\/uploads\/2016\/12\/Depositphotos_11631521_l-2015-16x12.jpg 16w, https:\/\/www.immobilienbusiness.ch\/wp-content\/uploads\/2016\/12\/Depositphotos_11631521_l-2015-263x175.jpg 263w, https:\/\/www.immobilienbusiness.ch\/wp-content\/uploads\/2016\/12\/Depositphotos_11631521_l-2015-525x350.jpg 525w, https:\/\/www.immobilienbusiness.ch\/wp-content\/uploads\/2016\/12\/Depositphotos_11631521_l-2015-1200x800.jpg 1200w, https:\/\/www.immobilienbusiness.ch\/wp-content\/uploads\/2016\/12\/Depositphotos_11631521_l-2015-920x613.jpg 920w, https:\/\/www.immobilienbusiness.ch\/wp-content\/uploads\/2016\/12\/Depositphotos_11631521_l-2015-1400x933.jpg 1400w\" sizes=\"auto, (max-width: 680px) 100vw, 680px\" \/><figcaption id=\"caption-attachment-5424\" class=\"wp-caption-text\">Marc Pointet est le CEO d\u00e9sign\u00e9 de la nouvelle Ina Invest (photo : pressmaster - deposidphotos)<\/figcaption><\/figure>\n<p>Implenia veut transf\u00e9rer la moiti\u00e9 de son portefeuille de d\u00e9veloppement - \u00e9valu\u00e9 aux prix du march\u00e9 - dans la nouvelle soci\u00e9t\u00e9 Ina Invest AG, c'est ce qu'avait annonc\u00e9 l'entreprise lors de la pr\u00e9sentation de ses r\u00e9sultats annuels et <a href=\"https:\/\/www.immobilienbusiness.ch\/fr\/implenia-gv-gibt-gruenes-licht-fuer-ina-invest\/\">a entre-temps \u00e9galement \u00e9t\u00e9 adopt\u00e9e par l'assembl\u00e9e g\u00e9n\u00e9rale.<\/a><\/p>\n<p>Stefan M\u00e4chler, Group CIO de Swiss Life, a \u00e9t\u00e9 nomm\u00e9 pr\u00e9sident d\u00e9sign\u00e9 du conseil d'administration d'Ina Invest ; <a href=\"https:\/\/www.immobilienbusiness.ch\/fr\/swiss-life-will-bei-ina-invest-einsteigen\/\">Swiss Life veut participer \u00e0 la nouvelle soci\u00e9t\u00e9 \u00e0 hauteur de 15% au maximum. <\/a>Implenia pourvoit d\u00e9sormais \u00e9galement les postes de direction op\u00e9rationnelle : Marc Pointet, en tant que Chief Executive Officer (CEO) d\u00e9sign\u00e9, dirigera les activit\u00e9s op\u00e9rationnelles d'Ina Invest Holding AG et d'Ina Invest AG, communique Implenia. Pointet travaille pour Mobimo depuis 2006. Depuis 2013, il dirige, en tant que membre de la direction, toutes les activit\u00e9s en Suisse romande et est responsable d'un portefeuille d'un montant total de 1 milliard de CHF.<\/p>\n<p>Pointet a \u00e9tudi\u00e9 l'architecture \u00e0 l'EPF de Zurich et a d'abord travaill\u00e9 comme architecte et chef de projet dans l'industrie bancaire et du b\u00e2timent. Il a ensuite suivi un Executive MBA HSG \u00e0 l'universit\u00e9 de Saint-Gall. <a href=\"https:\/\/www.immobilienbusiness.ch\/fr\/marc-pointet-verlaesst-mobimo\/\">Mobimo a annonc\u00e9 d\u00e9but mars que Pointet quitterait l'entreprise au d\u00e9but de l'\u00e9t\u00e9.<\/a> <em>(ah)<\/em><\/p>","protected":false},"excerpt":{"rendered":"<p>Le groupe de construction a d\u00e9sormais trouv\u00e9 un CEO pour la nouvelle soci\u00e9t\u00e9 immobili\u00e8re Ina Invest, dans laquelle Implenia externalise une partie de son portefeuille de d\u00e9veloppement : Marc Pointet, actuellement directeur Suisse romande chez Mobimo, doit reprendre le poste.<\/p>","protected":false},"author":3,"featured_media":5424,"comment_status":"closed","ping_status":"open","sticky":false,"template":"","format":"standard","meta":{"_acf_changed":false,"_yoast_wpseo_focuskw":"Ina Invest","_yoast_wpseo_title":"","_yoast_wpseo_metadesc":"Marc Pointet, derzeit Leiter Suisse romande bei Mobimo, soll CEO der neuen Immobiliengesellschaft Ina Invest werden, teilt Implenia mit.","_yoast_wpseo_linkdex":41,"pgc_sgb_lightbox_settings":"","footnotes":""},"categories":[988],"tags":[1359,1503,1563],"class_list":["post-20609","post","type-post","status-publish","format-standard","has-post-thumbnail","hentry","category-unternehmen","tag-implenia","tag-mobimo","tag-personalia"],"acf":[],"yoast_head":"<!-- This site is optimized with the Yoast SEO plugin v27.4 - https:\/\/yoast.com\/product\/yoast-seo-wordpress\/ -->\n<title>Implenia: Marc Pointet wird CEO von Ina Invest - IMMOBILIEN Business<\/title>\n<meta name=\"description\" content=\"Marc Pointet, derzeit Leiter Suisse romande bei Mobimo, soll CEO der neuen Immobiliengesellschaft Ina Invest werden, teilt Implenia mit.\" \/>\n<meta name=\"robots\" content=\"index, follow, max-snippet:-1, max-image-preview:large, max-video-preview:-1\" \/>\n<link rel=\"canonical\" href=\"https:\/\/www.immobilienbusiness.ch\/fr\/unternehmen\/2020-03-23\/imlpenia-marc-pointet-wird-ceo-von-ina-invest\/\" \/>\n<meta property=\"og:locale\" content=\"fr_FR\" \/>\n<meta property=\"og:type\" content=\"article\" \/>\n<meta property=\"og:title\" content=\"Implenia: Marc Pointet wird CEO von Ina Invest - IMMOBILIEN Business\" \/>\n<meta property=\"og:description\" content=\"Marc Pointet, derzeit Leiter Suisse romande bei Mobimo, soll CEO der neuen Immobiliengesellschaft Ina Invest werden, teilt Implenia mit.\" \/>\n<meta property=\"og:url\" content=\"https:\/\/www.immobilienbusiness.ch\/fr\/unternehmen\/2020-03-23\/imlpenia-marc-pointet-wird-ceo-von-ina-invest\/\" \/>\n<meta property=\"og:site_name\" content=\"IMMOBILIEN Business\" \/>\n<meta property=\"article:publisher\" content=\"https:\/\/www.facebook.com\/immobilienbusiness\/\" \/>\n<meta property=\"article:published_time\" content=\"2020-03-23T07:29:52+00:00\" \/>\n<meta property=\"og:image\" content=\"https:\/\/www.immobilienbusiness.ch\/wp-content\/uploads\/2016\/12\/Depositphotos_11631521_l-2015-1024x682.jpg\" \/>\n\t<meta property=\"og:image:width\" content=\"1024\" \/>\n\t<meta property=\"og:image:height\" content=\"682\" \/>\n\t<meta property=\"og:image:type\" content=\"image\/jpeg\" \/>\n<meta name=\"author\" content=\"anja.hall\" \/>\n<meta name=\"twitter:card\" content=\"summary_large_image\" \/>\n<meta name=\"twitter:image\" content=\"https:\/\/www.immobilienbusiness.ch\/wp-content\/uploads\/2016\/12\/Depositphotos_11631521_l-2015.jpg\" \/>\n<script type=\"application\/ld+json\" class=\"yoast-schema-graph\">{\"@context\":\"https:\\\/\\\/schema.org\",\"@graph\":[{\"@type\":\"Article\",\"@id\":\"https:\\\/\\\/www.immobilienbusiness.ch\\\/unternehmen\\\/2020-03-23\\\/imlpenia-marc-pointet-wird-ceo-von-ina-invest\\\/#article\",\"isPartOf\":{\"@id\":\"https:\\\/\\\/www.immobilienbusiness.ch\\\/unternehmen\\\/2020-03-23\\\/imlpenia-marc-pointet-wird-ceo-von-ina-invest\\\/\"},\"author\":{\"name\":\"anja.hall\",\"@id\":\"https:\\\/\\\/www.immobilienbusiness.ch\\\/#\\\/schema\\\/person\\\/3fc036297b10b9f42d6db5ee932af8c8\"},\"headline\":\"Implenia: Marc Pointet wird CEO von Ina Invest\",\"datePublished\":\"2020-03-23T07:29:52+00:00\",\"mainEntityOfPage\":{\"@id\":\"https:\\\/\\\/www.immobilienbusiness.ch\\\/unternehmen\\\/2020-03-23\\\/imlpenia-marc-pointet-wird-ceo-von-ina-invest\\\/\"},\"wordCount\":218,\"publisher\":{\"@id\":\"https:\\\/\\\/www.immobilienbusiness.ch\\\/#organization\"},\"image\":{\"@id\":\"https:\\\/\\\/www.immobilienbusiness.ch\\\/unternehmen\\\/2020-03-23\\\/imlpenia-marc-pointet-wird-ceo-von-ina-invest\\\/#primaryimage\"},\"thumbnailUrl\":\"https:\\\/\\\/www.immobilienbusiness.ch\\\/wp-content\\\/uploads\\\/2016\\\/12\\\/Depositphotos_11631521_l-2015.jpg\",\"keywords\":[\"Implenia\",\"Mobimo\",\"Personalia\"],\"articleSection\":[\"UNTERNEHMEN\"],\"inLanguage\":\"fr-FR\"},{\"@type\":\"WebPage\",\"@id\":\"https:\\\/\\\/www.immobilienbusiness.ch\\\/unternehmen\\\/2020-03-23\\\/imlpenia-marc-pointet-wird-ceo-von-ina-invest\\\/\",\"url\":\"https:\\\/\\\/www.immobilienbusiness.ch\\\/unternehmen\\\/2020-03-23\\\/imlpenia-marc-pointet-wird-ceo-von-ina-invest\\\/\",\"name\":\"Implenia: Marc Pointet wird CEO von Ina Invest - IMMOBILIEN Business\",\"isPartOf\":{\"@id\":\"https:\\\/\\\/www.immobilienbusiness.ch\\\/#website\"},\"primaryImageOfPage\":{\"@id\":\"https:\\\/\\\/www.immobilienbusiness.ch\\\/unternehmen\\\/2020-03-23\\\/imlpenia-marc-pointet-wird-ceo-von-ina-invest\\\/#primaryimage\"},\"image\":{\"@id\":\"https:\\\/\\\/www.immobilienbusiness.ch\\\/unternehmen\\\/2020-03-23\\\/imlpenia-marc-pointet-wird-ceo-von-ina-invest\\\/#primaryimage\"},\"thumbnailUrl\":\"https:\\\/\\\/www.immobilienbusiness.ch\\\/wp-content\\\/uploads\\\/2016\\\/12\\\/Depositphotos_11631521_l-2015.jpg\",\"datePublished\":\"2020-03-23T07:29:52+00:00\",\"description\":\"Marc Pointet, derzeit Leiter Suisse romande bei Mobimo, soll CEO der neuen Immobiliengesellschaft Ina Invest werden, teilt Implenia mit.\",\"breadcrumb\":{\"@id\":\"https:\\\/\\\/www.immobilienbusiness.ch\\\/unternehmen\\\/2020-03-23\\\/imlpenia-marc-pointet-wird-ceo-von-ina-invest\\\/#breadcrumb\"},\"inLanguage\":\"fr-FR\",\"potentialAction\":[{\"@type\":\"ReadAction\",\"target\":[\"https:\\\/\\\/www.immobilienbusiness.ch\\\/unternehmen\\\/2020-03-23\\\/imlpenia-marc-pointet-wird-ceo-von-ina-invest\\\/\"]}]},{\"@type\":\"ImageObject\",\"inLanguage\":\"fr-FR\",\"@id\":\"https:\\\/\\\/www.immobilienbusiness.ch\\\/unternehmen\\\/2020-03-23\\\/imlpenia-marc-pointet-wird-ceo-von-ina-invest\\\/#primaryimage\",\"url\":\"https:\\\/\\\/www.immobilienbusiness.ch\\\/wp-content\\\/uploads\\\/2016\\\/12\\\/Depositphotos_11631521_l-2015.jpg\",\"contentUrl\":\"https:\\\/\\\/www.immobilienbusiness.ch\\\/wp-content\\\/uploads\\\/2016\\\/12\\\/Depositphotos_11631521_l-2015.jpg\",\"width\":2000,\"height\":1333,\"caption\":\"Johannes Fr\u00e4ulin ist neue Mitglied der Gesch\u00e4ftsleitung bei H&B Real Estate (Foto: pressmaster - deposidphotos)\"},{\"@type\":\"BreadcrumbList\",\"@id\":\"https:\\\/\\\/www.immobilienbusiness.ch\\\/unternehmen\\\/2020-03-23\\\/imlpenia-marc-pointet-wird-ceo-von-ina-invest\\\/#breadcrumb\",\"itemListElement\":[{\"@type\":\"ListItem\",\"position\":1,\"name\":\"Home\",\"item\":\"https:\\\/\\\/www.immobilienbusiness.ch\\\/\"},{\"@type\":\"ListItem\",\"position\":2,\"name\":\"Implenia: Marc Pointet wird CEO von Ina Invest\"}]},{\"@type\":\"WebSite\",\"@id\":\"https:\\\/\\\/www.immobilienbusiness.ch\\\/#website\",\"url\":\"https:\\\/\\\/www.immobilienbusiness.ch\\\/\",\"name\":\"IMMOBILIEN Business\",\"description\":\"Unabh\u00e4ngiges Schweizer Wirtschaftsmagazin mit Fokus auf Immobilien, Architektur- und Bau sowie Investment- und Finanzierung.\",\"publisher\":{\"@id\":\"https:\\\/\\\/www.immobilienbusiness.ch\\\/#organization\"},\"potentialAction\":[{\"@type\":\"SearchAction\",\"target\":{\"@type\":\"EntryPoint\",\"urlTemplate\":\"https:\\\/\\\/www.immobilienbusiness.ch\\\/?s={search_term_string}\"},\"query-input\":{\"@type\":\"PropertyValueSpecification\",\"valueRequired\":true,\"valueName\":\"search_term_string\"}}],\"inLanguage\":\"fr-FR\"},{\"@type\":\"Organization\",\"@id\":\"https:\\\/\\\/www.immobilienbusiness.ch\\\/#organization\",\"name\":\"IMMOBILIEN Business\",\"url\":\"https:\\\/\\\/www.immobilienbusiness.ch\\\/\",\"logo\":{\"@type\":\"ImageObject\",\"inLanguage\":\"fr-FR\",\"@id\":\"https:\\\/\\\/www.immobilienbusiness.ch\\\/#\\\/schema\\\/logo\\\/image\\\/\",\"url\":\"https:\\\/\\\/www.immobilienbusiness.ch\\\/wp-content\\\/uploads\\\/2021\\\/07\\\/logo_ib.png\",\"contentUrl\":\"https:\\\/\\\/www.immobilienbusiness.ch\\\/wp-content\\\/uploads\\\/2021\\\/07\\\/logo_ib.png\",\"width\":800,\"height\":181,\"caption\":\"IMMOBILIEN Business\"},\"image\":{\"@id\":\"https:\\\/\\\/www.immobilienbusiness.ch\\\/#\\\/schema\\\/logo\\\/image\\\/\"},\"sameAs\":[\"https:\\\/\\\/www.facebook.com\\\/immobilienbusiness\\\/\"]},{\"@type\":\"Person\",\"@id\":\"https:\\\/\\\/www.immobilienbusiness.ch\\\/#\\\/schema\\\/person\\\/3fc036297b10b9f42d6db5ee932af8c8\",\"name\":\"anja.hall\",\"image\":{\"@type\":\"ImageObject\",\"inLanguage\":\"fr-FR\",\"@id\":\"https:\\\/\\\/secure.gravatar.com\\\/avatar\\\/066b5a0d447013502c71a5782f4f3469f03cfe595cc2329fb94652fe47511bfb?s=96&d=mm&r=g\",\"url\":\"https:\\\/\\\/secure.gravatar.com\\\/avatar\\\/066b5a0d447013502c71a5782f4f3469f03cfe595cc2329fb94652fe47511bfb?s=96&d=mm&r=g\",\"contentUrl\":\"https:\\\/\\\/secure.gravatar.com\\\/avatar\\\/066b5a0d447013502c71a5782f4f3469f03cfe595cc2329fb94652fe47511bfb?s=96&d=mm&r=g\",\"caption\":\"anja.hall\"},\"url\":\"https:\\\/\\\/www.immobilienbusiness.ch\\\/fr\\\/author\\\/anja-hall\\\/\"}]}<\/script>\n<!-- \/ Yoast SEO plugin. -->","yoast_head_json":{"title":"Implenia: Marc Pointet wird CEO von Ina Invest - IMMOBILIEN Business","description":"Marc Pointet, derzeit Leiter Suisse romande bei Mobimo, soll CEO der neuen Immobiliengesellschaft Ina Invest werden, teilt Implenia mit.","robots":{"index":"index","follow":"follow","max-snippet":"max-snippet:-1","max-image-preview":"max-image-preview:large","max-video-preview":"max-video-preview:-1"},"canonical":"https:\/\/www.immobilienbusiness.ch\/fr\/unternehmen\/2020-03-23\/imlpenia-marc-pointet-wird-ceo-von-ina-invest\/","og_locale":"fr_FR","og_type":"article","og_title":"Implenia: Marc Pointet wird CEO von Ina Invest - IMMOBILIEN Business","og_description":"Marc Pointet, derzeit Leiter Suisse romande bei Mobimo, soll CEO der neuen Immobiliengesellschaft Ina Invest werden, teilt Implenia mit.","og_url":"https:\/\/www.immobilienbusiness.ch\/fr\/unternehmen\/2020-03-23\/imlpenia-marc-pointet-wird-ceo-von-ina-invest\/","og_site_name":"IMMOBILIEN Business","article_publisher":"https:\/\/www.facebook.com\/immobilienbusiness\/","article_published_time":"2020-03-23T07:29:52+00:00","og_image":[{"width":1024,"height":682,"url":"https:\/\/www.immobilienbusiness.ch\/wp-content\/uploads\/2016\/12\/Depositphotos_11631521_l-2015-1024x682.jpg","type":"image\/jpeg"}],"author":"anja.hall","twitter_card":"summary_large_image","twitter_image":"https:\/\/www.immobilienbusiness.ch\/wp-content\/uploads\/2016\/12\/Depositphotos_11631521_l-2015.jpg","schema":{"@context":"https:\/\/schema.org","@graph":[{"@type":"Article","@id":"https:\/\/www.immobilienbusiness.ch\/unternehmen\/2020-03-23\/imlpenia-marc-pointet-wird-ceo-von-ina-invest\/#article","isPartOf":{"@id":"https:\/\/www.immobilienbusiness.ch\/unternehmen\/2020-03-23\/imlpenia-marc-pointet-wird-ceo-von-ina-invest\/"},"author":{"name":"anja.hall","@id":"https:\/\/www.immobilienbusiness.ch\/#\/schema\/person\/3fc036297b10b9f42d6db5ee932af8c8"},"headline":"Implenia: Marc Pointet wird CEO von Ina Invest","datePublished":"2020-03-23T07:29:52+00:00","mainEntityOfPage":{"@id":"https:\/\/www.immobilienbusiness.ch\/unternehmen\/2020-03-23\/imlpenia-marc-pointet-wird-ceo-von-ina-invest\/"},"wordCount":218,"publisher":{"@id":"https:\/\/www.immobilienbusiness.ch\/#organization"},"image":{"@id":"https:\/\/www.immobilienbusiness.ch\/unternehmen\/2020-03-23\/imlpenia-marc-pointet-wird-ceo-von-ina-invest\/#primaryimage"},"thumbnailUrl":"https:\/\/www.immobilienbusiness.ch\/wp-content\/uploads\/2016\/12\/Depositphotos_11631521_l-2015.jpg","keywords":["Implenia","Mobimo","Personalia"],"articleSection":["UNTERNEHMEN"],"inLanguage":"fr-FR"},{"@type":"WebPage","@id":"https:\/\/www.immobilienbusiness.ch\/unternehmen\/2020-03-23\/imlpenia-marc-pointet-wird-ceo-von-ina-invest\/","url":"https:\/\/www.immobilienbusiness.ch\/unternehmen\/2020-03-23\/imlpenia-marc-pointet-wird-ceo-von-ina-invest\/","name":"Implenia: Marc Pointet wird CEO von Ina Invest - IMMOBILIEN Business","isPartOf":{"@id":"https:\/\/www.immobilienbusiness.ch\/#website"},"primaryImageOfPage":{"@id":"https:\/\/www.immobilienbusiness.ch\/unternehmen\/2020-03-23\/imlpenia-marc-pointet-wird-ceo-von-ina-invest\/#primaryimage"},"image":{"@id":"https:\/\/www.immobilienbusiness.ch\/unternehmen\/2020-03-23\/imlpenia-marc-pointet-wird-ceo-von-ina-invest\/#primaryimage"},"thumbnailUrl":"https:\/\/www.immobilienbusiness.ch\/wp-content\/uploads\/2016\/12\/Depositphotos_11631521_l-2015.jpg","datePublished":"2020-03-23T07:29:52+00:00","description":"Marc Pointet, derzeit Leiter Suisse romande bei Mobimo, soll CEO der neuen Immobiliengesellschaft Ina Invest werden, teilt Implenia mit.","breadcrumb":{"@id":"https:\/\/www.immobilienbusiness.ch\/unternehmen\/2020-03-23\/imlpenia-marc-pointet-wird-ceo-von-ina-invest\/#breadcrumb"},"inLanguage":"fr-FR","potentialAction":[{"@type":"ReadAction","target":["https:\/\/www.immobilienbusiness.ch\/unternehmen\/2020-03-23\/imlpenia-marc-pointet-wird-ceo-von-ina-invest\/"]}]},{"@type":"ImageObject","inLanguage":"fr-FR","@id":"https:\/\/www.immobilienbusiness.ch\/unternehmen\/2020-03-23\/imlpenia-marc-pointet-wird-ceo-von-ina-invest\/#primaryimage","url":"https:\/\/www.immobilienbusiness.ch\/wp-content\/uploads\/2016\/12\/Depositphotos_11631521_l-2015.jpg","contentUrl":"https:\/\/www.immobilienbusiness.ch\/wp-content\/uploads\/2016\/12\/Depositphotos_11631521_l-2015.jpg","width":2000,"height":1333,"caption":"Johannes Fr\u00e4ulin ist neue Mitglied der Gesch\u00e4ftsleitung bei H&B Real Estate (Foto: pressmaster - deposidphotos)"},{"@type":"BreadcrumbList","@id":"https:\/\/www.immobilienbusiness.ch\/unternehmen\/2020-03-23\/imlpenia-marc-pointet-wird-ceo-von-ina-invest\/#breadcrumb","itemListElement":[{"@type":"ListItem","position":1,"name":"Home","item":"https:\/\/www.immobilienbusiness.ch\/"},{"@type":"ListItem","position":2,"name":"Implenia: Marc Pointet wird CEO von Ina Invest"}]},{"@type":"WebSite","@id":"https:\/\/www.immobilienbusiness.ch\/#website","url":"https:\/\/www.immobilienbusiness.ch\/","name":"IMMOBILIER Business","description":"Magazine \u00e9conomique suisse ind\u00e9pendant ax\u00e9 sur l'immobilier, l'architecture et la construction ainsi que sur les investissements et le financement.","publisher":{"@id":"https:\/\/www.immobilienbusiness.ch\/#organization"},"potentialAction":[{"@type":"SearchAction","target":{"@type":"EntryPoint","urlTemplate":"https:\/\/www.immobilienbusiness.ch\/?s={search_term_string}"},"query-input":{"@type":"PropertyValueSpecification","valueRequired":true,"valueName":"search_term_string"}}],"inLanguage":"fr-FR"},{"@type":"Organization","@id":"https:\/\/www.immobilienbusiness.ch\/#organization","name":"IMMOBILIER Business","url":"https:\/\/www.immobilienbusiness.ch\/","logo":{"@type":"ImageObject","inLanguage":"fr-FR","@id":"https:\/\/www.immobilienbusiness.ch\/#\/schema\/logo\/image\/","url":"https:\/\/www.immobilienbusiness.ch\/wp-content\/uploads\/2021\/07\/logo_ib.png","contentUrl":"https:\/\/www.immobilienbusiness.ch\/wp-content\/uploads\/2021\/07\/logo_ib.png","width":800,"height":181,"caption":"IMMOBILIEN Business"},"image":{"@id":"https:\/\/www.immobilienbusiness.ch\/#\/schema\/logo\/image\/"},"sameAs":["https:\/\/www.facebook.com\/immobilienbusiness\/"]},{"@type":"Person","@id":"https:\/\/www.immobilienbusiness.ch\/#\/schema\/person\/3fc036297b10b9f42d6db5ee932af8c8","name":"anja.hall","image":{"@type":"ImageObject","inLanguage":"fr-FR","@id":"https:\/\/secure.gravatar.com\/avatar\/066b5a0d447013502c71a5782f4f3469f03cfe595cc2329fb94652fe47511bfb?s=96&d=mm&r=g","url":"https:\/\/secure.gravatar.com\/avatar\/066b5a0d447013502c71a5782f4f3469f03cfe595cc2329fb94652fe47511bfb?s=96&d=mm&r=g","contentUrl":"https:\/\/secure.gravatar.com\/avatar\/066b5a0d447013502c71a5782f4f3469f03cfe595cc2329fb94652fe47511bfb?s=96&d=mm&r=g","caption":"anja.hall"},"url":"https:\/\/www.immobilienbusiness.ch\/fr\/author\/anja-hall\/"}]}},"_links":{"self":[{"href":"https:\/\/www.immobilienbusiness.ch\/fr\/wp-json\/wp\/v2\/posts\/20609","targetHints":{"allow":["GET"]}}],"collection":[{"href":"https:\/\/www.immobilienbusiness.ch\/fr\/wp-json\/wp\/v2\/posts"}],"about":[{"href":"https:\/\/www.immobilienbusiness.ch\/fr\/wp-json\/wp\/v2\/types\/post"}],"author":[{"embeddable":true,"href":"https:\/\/www.immobilienbusiness.ch\/fr\/wp-json\/wp\/v2\/users\/3"}],"replies":[{"embeddable":true,"href":"https:\/\/www.immobilienbusiness.ch\/fr\/wp-json\/wp\/v2\/comments?post=20609"}],"version-history":[{"count":0,"href":"https:\/\/www.immobilienbusiness.ch\/fr\/wp-json\/wp\/v2\/posts\/20609\/revisions"}],"wp:featuredmedia":[{"embeddable":true,"href":"https:\/\/www.immobilienbusiness.ch\/fr\/wp-json\/wp\/v2\/media\/5424"}],"wp:attachment":[{"href":"https:\/\/www.immobilienbusiness.ch\/fr\/wp-json\/wp\/v2\/media?parent=20609"}],"wp:term":[{"taxonomy":"category","embeddable":true,"href":"https:\/\/www.immobilienbusiness.ch\/fr\/wp-json\/wp\/v2\/categories?post=20609"},{"taxonomy":"post_tag","embeddable":true,"href":"https:\/\/www.immobilienbusiness.ch\/fr\/wp-json\/wp\/v2\/tags?post=20609"}],"curies":[{"name":"wp","href":"https:\/\/api.w.org\/{rel}","templated":true}]}}