{"id":20494,"date":"2020-03-12T08:43:31","date_gmt":"2020-03-12T07:43:31","guid":{"rendered":"https:\/\/www.immobilienbusiness.ch\/?p=20494"},"modified":"2020-03-12T08:43:31","modified_gmt":"2020-03-12T07:43:31","slug":"the-circle-spg-intercity-zurich-vermarktet-modul-headquarters-offices","status":"publish","type":"post","link":"https:\/\/www.immobilienbusiness.ch\/fr\/regionen\/2020-03-12\/the-circle-spg-intercity-zurich-vermarktet-modul-headquarters-offices\/","title":{"rendered":"Le Cercle : SPG Intercity Zurich commercialise le module \"Si\u00e8ge et bureaux\"."},"content":{"rendered":"<figure id=\"attachment_5171\" aria-describedby=\"caption-attachment-5171\" style=\"width: 680px\" class=\"wp-caption alignnone\"><img loading=\"lazy\" decoding=\"async\" class=\"size-medium wp-image-5171\" src=\"https:\/\/www.immobilienbusiness.ch\/wp-content\/uploads\/2016\/12\/Z\u00fcrich-Jelmoli-wird-Ankermieter-im-The-Circle-immobilien-business.jpg\" alt=\"\" width=\"680\" height=\"439\" \/><figcaption id=\"caption-attachment-5171\" class=\"wp-caption-text\">Le grand projet The Circle (visualisation : Flughafen Z\u00fcrich AG)<\/figcaption><\/figure>\n<p>La copropri\u00e9t\u00e9 The Circle - compos\u00e9e de Flughafen Z\u00fcrich AG et de Swiss Life - a mandat\u00e9 SPG Intercity Zurich en tant que partenaire externe pour la commercialisation des surfaces de bureaux libres \u00e0 partir de d\u00e9but 2020, indique le prestataire de services immobiliers.<\/p>\n<p>SPG Intercity Zurich avait d\u00e9j\u00e0 \u00e9t\u00e9 charg\u00e9 de la commercialisation du module \"Headquarters &amp; Offices\", d'une superficie totale d'environ 70.000 m\u00b2, de fin 2010 \u00e0 l'automne 2013. Au total, The Circle comprend environ 180.000 m\u00b2 de surface utile. Environ trois quarts de toutes les surfaces locatives disponibles sont d\u00e9j\u00e0 lou\u00e9es ; dans le module \"Headquarters &amp; Offices\", il y a encore des surfaces de bureaux libres, selon SPG Intercity Zurich. La demande ainsi que l'\u00e9cho aupr\u00e8s des locataires potentiels sont bons, poursuit le communiqu\u00e9.<\/p>\n<p>L'\u00e9quipe de projet chez SPG Intercity se compose du propri\u00e9taire du groupe Intercity Herbert W\u00fcst, du CEO et co-propri\u00e9taire de SPG Intercity Zurich Robert Hauri, de la responsable du mandat Gabriela Brandenberg (Head Office and Retail) ainsi que de la consultante senior Julia Greber et des deux consultants Elmin Keranovic et Tom Schiebler. <em>(ah)<\/em><\/p>","protected":false},"excerpt":{"rendered":"<p>Apr\u00e8s quelques ann\u00e9es d'interruption, SPG Intercity Zurich a de nouveau \u00e9t\u00e9 charg\u00e9 de la commercialisation de la zone \"Headquarters &amp; Offices\" dans le grand projet The Circle \u00e0 l'a\u00e9roport de Zurich.<\/p>","protected":false},"author":3,"featured_media":5171,"comment_status":"closed","ping_status":"open","sticky":false,"template":"","format":"standard","meta":{"_acf_changed":false,"_yoast_wpseo_focuskw":"The Circle","_yoast_wpseo_title":"","_yoast_wpseo_metadesc":"SPG Intercity Zurich ist nach einigen Jahren Unterbruch erneut mit der Vermarktung der B\u00fcrofl\u00e4chen im Grossprojekt The Circle beauftragt worden.","_yoast_wpseo_linkdex":48,"pgc_sgb_lightbox_settings":"","footnotes":""},"categories":[985],"tags":[1119,1460,1717,1777],"class_list":["post-20494","post","type-post","status-publish","format-standard","has-post-thumbnail","hentry","category-regionen","tag-bueroimmobilien","tag-makler","tag-spg-intercity","tag-the-circle"],"acf":[],"yoast_head":"<!-- This site is optimized with the Yoast SEO plugin v27.5 - https:\/\/yoast.com\/product\/yoast-seo-wordpress\/ -->\n<title>The Circle: SPG Intercity Zurich vermarktet Modul \u00abHeadquarters &amp; Offices\u00bb - IMMOBILIEN Business<\/title>\n<meta name=\"description\" content=\"SPG Intercity Zurich ist nach einigen Jahren Unterbruch erneut mit der Vermarktung der B\u00fcrofl\u00e4chen im Grossprojekt The Circle beauftragt worden.\" \/>\n<meta name=\"robots\" content=\"index, follow, max-snippet:-1, max-image-preview:large, max-video-preview:-1\" \/>\n<link rel=\"canonical\" href=\"https:\/\/www.immobilienbusiness.ch\/fr\/regionen\/2020-03-12\/the-circle-spg-intercity-zurich-vermarktet-modul-headquarters-offices\/\" \/>\n<meta property=\"og:locale\" content=\"fr_FR\" \/>\n<meta property=\"og:type\" content=\"article\" \/>\n<meta property=\"og:title\" content=\"The Circle: SPG Intercity Zurich vermarktet Modul \u00abHeadquarters &amp; Offices\u00bb - IMMOBILIEN Business\" \/>\n<meta property=\"og:description\" content=\"SPG Intercity Zurich ist nach einigen Jahren Unterbruch erneut mit der Vermarktung der B\u00fcrofl\u00e4chen im Grossprojekt The Circle beauftragt worden.\" \/>\n<meta property=\"og:url\" content=\"https:\/\/www.immobilienbusiness.ch\/fr\/regionen\/2020-03-12\/the-circle-spg-intercity-zurich-vermarktet-modul-headquarters-offices\/\" \/>\n<meta property=\"og:site_name\" content=\"IMMOBILIEN Business\" \/>\n<meta property=\"article:publisher\" content=\"https:\/\/www.facebook.com\/immobilienbusiness\/\" \/>\n<meta property=\"article:published_time\" content=\"2020-03-12T07:43:31+00:00\" \/>\n<meta property=\"og:image\" content=\"https:\/\/www.immobilienbusiness.ch\/wp-content\/uploads\/2019\/09\/ibrief_285_Projekt_The_Circle_Foto__18640.jpg\" \/>\n\t<meta property=\"og:image:width\" content=\"1024\" \/>\n\t<meta property=\"og:image:height\" content=\"662\" \/>\n\t<meta property=\"og:image:type\" content=\"image\/jpeg\" \/>\n<meta name=\"author\" content=\"anja.hall\" \/>\n<meta name=\"twitter:card\" content=\"summary_large_image\" \/>\n<meta name=\"twitter:image\" content=\"https:\/\/www.immobilienbusiness.ch\/wp-content\/uploads\/2019\/09\/ibrief_285_Projekt_The_Circle_Foto__18640.jpg\" \/>\n<script type=\"application\/ld+json\" class=\"yoast-schema-graph\">{\"@context\":\"https:\\\/\\\/schema.org\",\"@graph\":[{\"@type\":\"Article\",\"@id\":\"https:\\\/\\\/www.immobilienbusiness.ch\\\/en\\\/regionen\\\/2020-03-12\\\/the-circle-spg-intercity-zurich-vermarktet-modul-headquarters-offices\\\/#article\",\"isPartOf\":{\"@id\":\"https:\\\/\\\/www.immobilienbusiness.ch\\\/en\\\/regionen\\\/2020-03-12\\\/the-circle-spg-intercity-zurich-vermarktet-modul-headquarters-offices\\\/\"},\"author\":{\"name\":\"anja.hall\",\"@id\":\"https:\\\/\\\/www.immobilienbusiness.ch\\\/#\\\/schema\\\/person\\\/3fc036297b10b9f42d6db5ee932af8c8\"},\"headline\":\"The Circle: SPG Intercity Zurich vermarktet Modul \u00abHeadquarters &#038; Offices\u00bb\",\"datePublished\":\"2020-03-12T07:43:31+00:00\",\"mainEntityOfPage\":{\"@id\":\"https:\\\/\\\/www.immobilienbusiness.ch\\\/en\\\/regionen\\\/2020-03-12\\\/the-circle-spg-intercity-zurich-vermarktet-modul-headquarters-offices\\\/\"},\"wordCount\":184,\"publisher\":{\"@id\":\"https:\\\/\\\/www.immobilienbusiness.ch\\\/#organization\"},\"image\":{\"@id\":\"https:\\\/\\\/www.immobilienbusiness.ch\\\/en\\\/regionen\\\/2020-03-12\\\/the-circle-spg-intercity-zurich-vermarktet-modul-headquarters-offices\\\/#primaryimage\"},\"thumbnailUrl\":\"https:\\\/\\\/www.immobilienbusiness.ch\\\/wp-content\\\/uploads\\\/2016\\\/12\\\/Zuerich-Jelmoli-wird-Ankermieter-im-The-Circle-immobilien-business.jpg\",\"keywords\":[\"B\u00fcroimmobilien\",\"Makler\",\"SPG Intercity\",\"The Circle\"],\"articleSection\":[\"REGIONEN\"],\"inLanguage\":\"fr-FR\"},{\"@type\":\"WebPage\",\"@id\":\"https:\\\/\\\/www.immobilienbusiness.ch\\\/en\\\/regionen\\\/2020-03-12\\\/the-circle-spg-intercity-zurich-vermarktet-modul-headquarters-offices\\\/\",\"url\":\"https:\\\/\\\/www.immobilienbusiness.ch\\\/en\\\/regionen\\\/2020-03-12\\\/the-circle-spg-intercity-zurich-vermarktet-modul-headquarters-offices\\\/\",\"name\":\"The Circle: SPG Intercity Zurich vermarktet Modul \u00abHeadquarters & Offices\u00bb - IMMOBILIEN Business\",\"isPartOf\":{\"@id\":\"https:\\\/\\\/www.immobilienbusiness.ch\\\/#website\"},\"primaryImageOfPage\":{\"@id\":\"https:\\\/\\\/www.immobilienbusiness.ch\\\/en\\\/regionen\\\/2020-03-12\\\/the-circle-spg-intercity-zurich-vermarktet-modul-headquarters-offices\\\/#primaryimage\"},\"image\":{\"@id\":\"https:\\\/\\\/www.immobilienbusiness.ch\\\/en\\\/regionen\\\/2020-03-12\\\/the-circle-spg-intercity-zurich-vermarktet-modul-headquarters-offices\\\/#primaryimage\"},\"thumbnailUrl\":\"https:\\\/\\\/www.immobilienbusiness.ch\\\/wp-content\\\/uploads\\\/2016\\\/12\\\/Zuerich-Jelmoli-wird-Ankermieter-im-The-Circle-immobilien-business.jpg\",\"datePublished\":\"2020-03-12T07:43:31+00:00\",\"description\":\"SPG Intercity Zurich ist nach einigen Jahren Unterbruch erneut mit der Vermarktung der B\u00fcrofl\u00e4chen im Grossprojekt The Circle beauftragt worden.\",\"breadcrumb\":{\"@id\":\"https:\\\/\\\/www.immobilienbusiness.ch\\\/en\\\/regionen\\\/2020-03-12\\\/the-circle-spg-intercity-zurich-vermarktet-modul-headquarters-offices\\\/#breadcrumb\"},\"inLanguage\":\"fr-FR\",\"potentialAction\":[{\"@type\":\"ReadAction\",\"target\":[\"https:\\\/\\\/www.immobilienbusiness.ch\\\/en\\\/regionen\\\/2020-03-12\\\/the-circle-spg-intercity-zurich-vermarktet-modul-headquarters-offices\\\/\"]}]},{\"@type\":\"ImageObject\",\"inLanguage\":\"fr-FR\",\"@id\":\"https:\\\/\\\/www.immobilienbusiness.ch\\\/en\\\/regionen\\\/2020-03-12\\\/the-circle-spg-intercity-zurich-vermarktet-modul-headquarters-offices\\\/#primaryimage\",\"url\":\"https:\\\/\\\/www.immobilienbusiness.ch\\\/wp-content\\\/uploads\\\/2016\\\/12\\\/Zuerich-Jelmoli-wird-Ankermieter-im-The-Circle-immobilien-business.jpg\",\"contentUrl\":\"https:\\\/\\\/www.immobilienbusiness.ch\\\/wp-content\\\/uploads\\\/2016\\\/12\\\/Zuerich-Jelmoli-wird-Ankermieter-im-The-Circle-immobilien-business.jpg\",\"width\":2400,\"height\":1551,\"caption\":\"Jelmoli wird Ankermieter im \u00abThe Circle\u00bb (Visualisierung: Flughafen Z\u00fcrich AG)\"},{\"@type\":\"BreadcrumbList\",\"@id\":\"https:\\\/\\\/www.immobilienbusiness.ch\\\/en\\\/regionen\\\/2020-03-12\\\/the-circle-spg-intercity-zurich-vermarktet-modul-headquarters-offices\\\/#breadcrumb\",\"itemListElement\":[{\"@type\":\"ListItem\",\"position\":1,\"name\":\"Home\",\"item\":\"https:\\\/\\\/www.immobilienbusiness.ch\\\/\"},{\"@type\":\"ListItem\",\"position\":2,\"name\":\"The Circle: SPG Intercity Zurich vermarktet Modul \u00abHeadquarters &#038; Offices\u00bb\"}]},{\"@type\":\"WebSite\",\"@id\":\"https:\\\/\\\/www.immobilienbusiness.ch\\\/#website\",\"url\":\"https:\\\/\\\/www.immobilienbusiness.ch\\\/\",\"name\":\"IMMOBILIEN Business\",\"description\":\"Unabh\u00e4ngiges Schweizer Wirtschaftsmagazin mit Fokus auf Immobilien, Architektur- und Bau sowie Investment- und Finanzierung.\",\"publisher\":{\"@id\":\"https:\\\/\\\/www.immobilienbusiness.ch\\\/#organization\"},\"potentialAction\":[{\"@type\":\"SearchAction\",\"target\":{\"@type\":\"EntryPoint\",\"urlTemplate\":\"https:\\\/\\\/www.immobilienbusiness.ch\\\/?s={search_term_string}\"},\"query-input\":{\"@type\":\"PropertyValueSpecification\",\"valueRequired\":true,\"valueName\":\"search_term_string\"}}],\"inLanguage\":\"fr-FR\"},{\"@type\":\"Organization\",\"@id\":\"https:\\\/\\\/www.immobilienbusiness.ch\\\/#organization\",\"name\":\"IMMOBILIEN Business\",\"url\":\"https:\\\/\\\/www.immobilienbusiness.ch\\\/\",\"logo\":{\"@type\":\"ImageObject\",\"inLanguage\":\"fr-FR\",\"@id\":\"https:\\\/\\\/www.immobilienbusiness.ch\\\/#\\\/schema\\\/logo\\\/image\\\/\",\"url\":\"https:\\\/\\\/www.immobilienbusiness.ch\\\/wp-content\\\/uploads\\\/2021\\\/07\\\/logo_ib.png\",\"contentUrl\":\"https:\\\/\\\/www.immobilienbusiness.ch\\\/wp-content\\\/uploads\\\/2021\\\/07\\\/logo_ib.png\",\"width\":800,\"height\":181,\"caption\":\"IMMOBILIEN Business\"},\"image\":{\"@id\":\"https:\\\/\\\/www.immobilienbusiness.ch\\\/#\\\/schema\\\/logo\\\/image\\\/\"},\"sameAs\":[\"https:\\\/\\\/www.facebook.com\\\/immobilienbusiness\\\/\"]},{\"@type\":\"Person\",\"@id\":\"https:\\\/\\\/www.immobilienbusiness.ch\\\/#\\\/schema\\\/person\\\/3fc036297b10b9f42d6db5ee932af8c8\",\"name\":\"anja.hall\",\"image\":{\"@type\":\"ImageObject\",\"inLanguage\":\"fr-FR\",\"@id\":\"https:\\\/\\\/secure.gravatar.com\\\/avatar\\\/066b5a0d447013502c71a5782f4f3469f03cfe595cc2329fb94652fe47511bfb?s=96&d=mm&r=g\",\"url\":\"https:\\\/\\\/secure.gravatar.com\\\/avatar\\\/066b5a0d447013502c71a5782f4f3469f03cfe595cc2329fb94652fe47511bfb?s=96&d=mm&r=g\",\"contentUrl\":\"https:\\\/\\\/secure.gravatar.com\\\/avatar\\\/066b5a0d447013502c71a5782f4f3469f03cfe595cc2329fb94652fe47511bfb?s=96&d=mm&r=g\",\"caption\":\"anja.hall\"},\"url\":\"https:\\\/\\\/www.immobilienbusiness.ch\\\/fr\\\/author\\\/anja-hall\\\/\"}]}<\/script>\n<!-- \/ Yoast SEO plugin. -->","yoast_head_json":{"title":"The Circle: SPG Intercity Zurich vermarktet Modul \u00abHeadquarters & Offices\u00bb - IMMOBILIEN Business","description":"SPG Intercity Zurich ist nach einigen Jahren Unterbruch erneut mit der Vermarktung der B\u00fcrofl\u00e4chen im Grossprojekt The Circle beauftragt worden.","robots":{"index":"index","follow":"follow","max-snippet":"max-snippet:-1","max-image-preview":"max-image-preview:large","max-video-preview":"max-video-preview:-1"},"canonical":"https:\/\/www.immobilienbusiness.ch\/fr\/regionen\/2020-03-12\/the-circle-spg-intercity-zurich-vermarktet-modul-headquarters-offices\/","og_locale":"fr_FR","og_type":"article","og_title":"The Circle: SPG Intercity Zurich vermarktet Modul \u00abHeadquarters & Offices\u00bb - IMMOBILIEN Business","og_description":"SPG Intercity Zurich ist nach einigen Jahren Unterbruch erneut mit der Vermarktung der B\u00fcrofl\u00e4chen im Grossprojekt The Circle beauftragt worden.","og_url":"https:\/\/www.immobilienbusiness.ch\/fr\/regionen\/2020-03-12\/the-circle-spg-intercity-zurich-vermarktet-modul-headquarters-offices\/","og_site_name":"IMMOBILIEN Business","article_publisher":"https:\/\/www.facebook.com\/immobilienbusiness\/","article_published_time":"2020-03-12T07:43:31+00:00","og_image":[{"width":1024,"height":662,"url":"https:\/\/www.immobilienbusiness.ch\/wp-content\/uploads\/2019\/09\/ibrief_285_Projekt_The_Circle_Foto__18640.jpg","type":"image\/jpeg"}],"author":"anja.hall","twitter_card":"summary_large_image","twitter_image":"https:\/\/www.immobilienbusiness.ch\/wp-content\/uploads\/2019\/09\/ibrief_285_Projekt_The_Circle_Foto__18640.jpg","schema":{"@context":"https:\/\/schema.org","@graph":[{"@type":"Article","@id":"https:\/\/www.immobilienbusiness.ch\/en\/regionen\/2020-03-12\/the-circle-spg-intercity-zurich-vermarktet-modul-headquarters-offices\/#article","isPartOf":{"@id":"https:\/\/www.immobilienbusiness.ch\/en\/regionen\/2020-03-12\/the-circle-spg-intercity-zurich-vermarktet-modul-headquarters-offices\/"},"author":{"name":"anja.hall","@id":"https:\/\/www.immobilienbusiness.ch\/#\/schema\/person\/3fc036297b10b9f42d6db5ee932af8c8"},"headline":"The Circle: SPG Intercity Zurich vermarktet Modul \u00abHeadquarters &#038; Offices\u00bb","datePublished":"2020-03-12T07:43:31+00:00","mainEntityOfPage":{"@id":"https:\/\/www.immobilienbusiness.ch\/en\/regionen\/2020-03-12\/the-circle-spg-intercity-zurich-vermarktet-modul-headquarters-offices\/"},"wordCount":184,"publisher":{"@id":"https:\/\/www.immobilienbusiness.ch\/#organization"},"image":{"@id":"https:\/\/www.immobilienbusiness.ch\/en\/regionen\/2020-03-12\/the-circle-spg-intercity-zurich-vermarktet-modul-headquarters-offices\/#primaryimage"},"thumbnailUrl":"https:\/\/www.immobilienbusiness.ch\/wp-content\/uploads\/2016\/12\/Zuerich-Jelmoli-wird-Ankermieter-im-The-Circle-immobilien-business.jpg","keywords":["B\u00fcroimmobilien","Makler","SPG Intercity","The Circle"],"articleSection":["REGIONEN"],"inLanguage":"fr-FR"},{"@type":"WebPage","@id":"https:\/\/www.immobilienbusiness.ch\/en\/regionen\/2020-03-12\/the-circle-spg-intercity-zurich-vermarktet-modul-headquarters-offices\/","url":"https:\/\/www.immobilienbusiness.ch\/en\/regionen\/2020-03-12\/the-circle-spg-intercity-zurich-vermarktet-modul-headquarters-offices\/","name":"The Circle: SPG Intercity Zurich vermarktet Modul \u00abHeadquarters & Offices\u00bb - IMMOBILIEN Business","isPartOf":{"@id":"https:\/\/www.immobilienbusiness.ch\/#website"},"primaryImageOfPage":{"@id":"https:\/\/www.immobilienbusiness.ch\/en\/regionen\/2020-03-12\/the-circle-spg-intercity-zurich-vermarktet-modul-headquarters-offices\/#primaryimage"},"image":{"@id":"https:\/\/www.immobilienbusiness.ch\/en\/regionen\/2020-03-12\/the-circle-spg-intercity-zurich-vermarktet-modul-headquarters-offices\/#primaryimage"},"thumbnailUrl":"https:\/\/www.immobilienbusiness.ch\/wp-content\/uploads\/2016\/12\/Zuerich-Jelmoli-wird-Ankermieter-im-The-Circle-immobilien-business.jpg","datePublished":"2020-03-12T07:43:31+00:00","description":"SPG Intercity Zurich ist nach einigen Jahren Unterbruch erneut mit der Vermarktung der B\u00fcrofl\u00e4chen im Grossprojekt The Circle beauftragt worden.","breadcrumb":{"@id":"https:\/\/www.immobilienbusiness.ch\/en\/regionen\/2020-03-12\/the-circle-spg-intercity-zurich-vermarktet-modul-headquarters-offices\/#breadcrumb"},"inLanguage":"fr-FR","potentialAction":[{"@type":"ReadAction","target":["https:\/\/www.immobilienbusiness.ch\/en\/regionen\/2020-03-12\/the-circle-spg-intercity-zurich-vermarktet-modul-headquarters-offices\/"]}]},{"@type":"ImageObject","inLanguage":"fr-FR","@id":"https:\/\/www.immobilienbusiness.ch\/en\/regionen\/2020-03-12\/the-circle-spg-intercity-zurich-vermarktet-modul-headquarters-offices\/#primaryimage","url":"https:\/\/www.immobilienbusiness.ch\/wp-content\/uploads\/2016\/12\/Zuerich-Jelmoli-wird-Ankermieter-im-The-Circle-immobilien-business.jpg","contentUrl":"https:\/\/www.immobilienbusiness.ch\/wp-content\/uploads\/2016\/12\/Zuerich-Jelmoli-wird-Ankermieter-im-The-Circle-immobilien-business.jpg","width":2400,"height":1551,"caption":"Jelmoli wird Ankermieter im \u00abThe Circle\u00bb (Visualisierung: Flughafen Z\u00fcrich AG)"},{"@type":"BreadcrumbList","@id":"https:\/\/www.immobilienbusiness.ch\/en\/regionen\/2020-03-12\/the-circle-spg-intercity-zurich-vermarktet-modul-headquarters-offices\/#breadcrumb","itemListElement":[{"@type":"ListItem","position":1,"name":"Home","item":"https:\/\/www.immobilienbusiness.ch\/"},{"@type":"ListItem","position":2,"name":"The Circle: SPG Intercity Zurich vermarktet Modul \u00abHeadquarters &#038; Offices\u00bb"}]},{"@type":"WebSite","@id":"https:\/\/www.immobilienbusiness.ch\/#website","url":"https:\/\/www.immobilienbusiness.ch\/","name":"IMMOBILIER Business","description":"Magazine \u00e9conomique suisse ind\u00e9pendant ax\u00e9 sur l'immobilier, l'architecture et la construction ainsi que sur les investissements et le financement.","publisher":{"@id":"https:\/\/www.immobilienbusiness.ch\/#organization"},"potentialAction":[{"@type":"SearchAction","target":{"@type":"EntryPoint","urlTemplate":"https:\/\/www.immobilienbusiness.ch\/?s={search_term_string}"},"query-input":{"@type":"PropertyValueSpecification","valueRequired":true,"valueName":"search_term_string"}}],"inLanguage":"fr-FR"},{"@type":"Organization","@id":"https:\/\/www.immobilienbusiness.ch\/#organization","name":"IMMOBILIER Business","url":"https:\/\/www.immobilienbusiness.ch\/","logo":{"@type":"ImageObject","inLanguage":"fr-FR","@id":"https:\/\/www.immobilienbusiness.ch\/#\/schema\/logo\/image\/","url":"https:\/\/www.immobilienbusiness.ch\/wp-content\/uploads\/2021\/07\/logo_ib.png","contentUrl":"https:\/\/www.immobilienbusiness.ch\/wp-content\/uploads\/2021\/07\/logo_ib.png","width":800,"height":181,"caption":"IMMOBILIEN Business"},"image":{"@id":"https:\/\/www.immobilienbusiness.ch\/#\/schema\/logo\/image\/"},"sameAs":["https:\/\/www.facebook.com\/immobilienbusiness\/"]},{"@type":"Person","@id":"https:\/\/www.immobilienbusiness.ch\/#\/schema\/person\/3fc036297b10b9f42d6db5ee932af8c8","name":"anja.hall","image":{"@type":"ImageObject","inLanguage":"fr-FR","@id":"https:\/\/secure.gravatar.com\/avatar\/066b5a0d447013502c71a5782f4f3469f03cfe595cc2329fb94652fe47511bfb?s=96&d=mm&r=g","url":"https:\/\/secure.gravatar.com\/avatar\/066b5a0d447013502c71a5782f4f3469f03cfe595cc2329fb94652fe47511bfb?s=96&d=mm&r=g","contentUrl":"https:\/\/secure.gravatar.com\/avatar\/066b5a0d447013502c71a5782f4f3469f03cfe595cc2329fb94652fe47511bfb?s=96&d=mm&r=g","caption":"anja.hall"},"url":"https:\/\/www.immobilienbusiness.ch\/fr\/author\/anja-hall\/"}]}},"_links":{"self":[{"href":"https:\/\/www.immobilienbusiness.ch\/fr\/wp-json\/wp\/v2\/posts\/20494","targetHints":{"allow":["GET"]}}],"collection":[{"href":"https:\/\/www.immobilienbusiness.ch\/fr\/wp-json\/wp\/v2\/posts"}],"about":[{"href":"https:\/\/www.immobilienbusiness.ch\/fr\/wp-json\/wp\/v2\/types\/post"}],"author":[{"embeddable":true,"href":"https:\/\/www.immobilienbusiness.ch\/fr\/wp-json\/wp\/v2\/users\/3"}],"replies":[{"embeddable":true,"href":"https:\/\/www.immobilienbusiness.ch\/fr\/wp-json\/wp\/v2\/comments?post=20494"}],"version-history":[{"count":0,"href":"https:\/\/www.immobilienbusiness.ch\/fr\/wp-json\/wp\/v2\/posts\/20494\/revisions"}],"wp:featuredmedia":[{"embeddable":true,"href":"https:\/\/www.immobilienbusiness.ch\/fr\/wp-json\/wp\/v2\/media\/5171"}],"wp:attachment":[{"href":"https:\/\/www.immobilienbusiness.ch\/fr\/wp-json\/wp\/v2\/media?parent=20494"}],"wp:term":[{"taxonomy":"category","embeddable":true,"href":"https:\/\/www.immobilienbusiness.ch\/fr\/wp-json\/wp\/v2\/categories?post=20494"},{"taxonomy":"post_tag","embeddable":true,"href":"https:\/\/www.immobilienbusiness.ch\/fr\/wp-json\/wp\/v2\/tags?post=20494"}],"curies":[{"name":"wp","href":"https:\/\/api.w.org\/{rel}","templated":true}]}}