{"id":20420,"date":"2020-03-05T08:10:51","date_gmt":"2020-03-05T07:10:51","guid":{"rendered":"https:\/\/www.immobilienbusiness.ch\/?p=20420"},"modified":"2020-03-05T08:10:51","modified_gmt":"2020-03-05T07:10:51","slug":"helvetia-will-immobilienfonds-auflegen","status":"publish","type":"post","link":"https:\/\/www.immobilienbusiness.ch\/fr\/allgemein\/2020-03-05\/helvetia-will-immobilienfonds-auflegen\/","title":{"rendered":"Helvetia veut lancer un fonds immobilier"},"content":{"rendered":"<figure id=\"attachment_10311\" aria-describedby=\"caption-attachment-10311\" style=\"width: 639px\" class=\"wp-caption alignnone\"><img loading=\"lazy\" decoding=\"async\" class=\"size-full wp-image-10311\" src=\"https:\/\/www.immobilienbusiness.ch\/wp-content\/uploads\/2017\/11\/IB-News-20171128-Anlagefonds-Bonh\u00f4te-Immobilier-Gesch\u00e4ftszahlen-2016-2017.png\" alt=\"\" width=\"639\" height=\"426\" \/><figcaption id=\"caption-attachment-10311\" class=\"wp-caption-text\">Helvetia veut lancer des fonds immobiliers \u00e0 l'avenir (Image : Pixabay)<\/figcaption><\/figure>\n<p>Lors de la publication de ses r\u00e9sultats annuels pour 2019, l'Helvetia a annonc\u00e9 qu'elle souhaitait lancer \u00e0 l'avenir des offres dans le domaine de l'asset management et qu'elle avait cr\u00e9\u00e9 \u00e0 cet effet l'Helvetia Asset Management AG.<\/p>\n<p>A l'avenir, la soci\u00e9t\u00e9 mettra \u00e0 la disposition de tiers les comp\u00e9tences de l'Helvetia en mati\u00e8re de placements dans le domaine immobilier, indique l'assureur. Un premier fonds immobilier devrait \u00eatre lanc\u00e9 d\u00e8s le mois d'avril de cette ann\u00e9e.<\/p>\n<p>La cr\u00e9ation de la soci\u00e9t\u00e9 d'asset management permet d'\u00e9largir l'offre de produits et de diversifier les sources de revenus sous forme d'affaires \u00e0 l'acte, communique l'Helvetia. (ah)<\/p>","protected":false},"excerpt":{"rendered":"<p>L'Helvetia a cr\u00e9\u00e9 une soci\u00e9t\u00e9 de gestion d'actifs et a annonc\u00e9 le lancement d'un premier fonds immobilier en avril.<\/p>","protected":false},"author":3,"featured_media":10311,"comment_status":"closed","ping_status":"open","sticky":false,"template":"","format":"standard","meta":{"_acf_changed":false,"_yoast_wpseo_focuskw":"Helvetia","_yoast_wpseo_title":"","_yoast_wpseo_metadesc":"Die Helvetia hat eine Asset-Management-Gesellschaft gegr\u00fcndet und angek\u00fcndigt, im April einen ersten Immobilienfonds zu lancieren.","_yoast_wpseo_linkdex":41,"pgc_sgb_lightbox_settings":"","footnotes":""},"categories":[1],"tags":[1045,1295,1344],"class_list":["post-20420","post","type-post","status-publish","format-standard","has-post-thumbnail","hentry","category-allgemein","tag-asset-management","tag-helvetia","tag-immobilienfonds"],"acf":[],"yoast_head":"<!-- This site is optimized with the Yoast SEO plugin v27.5 - https:\/\/yoast.com\/product\/yoast-seo-wordpress\/ -->\n<title>Helvetia will Immobilienfonds auflegen - IMMOBILIEN Business<\/title>\n<meta name=\"description\" content=\"Die Helvetia hat eine Asset-Management-Gesellschaft gegr\u00fcndet und angek\u00fcndigt, im April einen ersten Immobilienfonds zu lancieren.\" \/>\n<meta name=\"robots\" content=\"index, follow, max-snippet:-1, max-image-preview:large, max-video-preview:-1\" \/>\n<link rel=\"canonical\" href=\"https:\/\/www.immobilienbusiness.ch\/fr\/allgemein\/2020-03-05\/helvetia-will-immobilienfonds-auflegen\/\" \/>\n<meta property=\"og:locale\" content=\"fr_FR\" \/>\n<meta property=\"og:type\" content=\"article\" \/>\n<meta property=\"og:title\" content=\"Helvetia will Immobilienfonds auflegen - IMMOBILIEN Business\" \/>\n<meta property=\"og:description\" content=\"Die Helvetia hat eine Asset-Management-Gesellschaft gegr\u00fcndet und angek\u00fcndigt, im April einen ersten Immobilienfonds zu lancieren.\" \/>\n<meta property=\"og:url\" content=\"https:\/\/www.immobilienbusiness.ch\/fr\/allgemein\/2020-03-05\/helvetia-will-immobilienfonds-auflegen\/\" \/>\n<meta property=\"og:site_name\" content=\"IMMOBILIEN Business\" \/>\n<meta property=\"article:publisher\" content=\"https:\/\/www.facebook.com\/immobilienbusiness\/\" \/>\n<meta property=\"article:published_time\" content=\"2020-03-05T07:10:51+00:00\" \/>\n<meta property=\"og:image\" content=\"https:\/\/www.immobilienbusiness.ch\/wp-content\/uploads\/2017\/11\/IB-News-20171128-Anlagefonds-Bonhote-Immobilier-Geschaeftszahlen-2016-2017.png\" \/>\n\t<meta property=\"og:image:width\" content=\"639\" \/>\n\t<meta property=\"og:image:height\" content=\"426\" \/>\n\t<meta property=\"og:image:type\" content=\"image\/png\" \/>\n<meta name=\"author\" content=\"anja.hall\" \/>\n<meta name=\"twitter:card\" content=\"summary_large_image\" \/>\n<meta name=\"twitter:image\" content=\"https:\/\/www.immobilienbusiness.ch\/wp-content\/uploads\/2017\/11\/IB-News-20171128-Anlagefonds-Bonhote-Immobilier-Geschaeftszahlen-2016-2017.png\" \/>\n<script type=\"application\/ld+json\" class=\"yoast-schema-graph\">{\"@context\":\"https:\\\/\\\/schema.org\",\"@graph\":[{\"@type\":\"Article\",\"@id\":\"https:\\\/\\\/www.immobilienbusiness.ch\\\/fr\\\/allgemein\\\/2020-03-05\\\/helvetia-will-immobilienfonds-auflegen\\\/#article\",\"isPartOf\":{\"@id\":\"https:\\\/\\\/www.immobilienbusiness.ch\\\/fr\\\/allgemein\\\/2020-03-05\\\/helvetia-will-immobilienfonds-auflegen\\\/\"},\"author\":{\"name\":\"anja.hall\",\"@id\":\"https:\\\/\\\/www.immobilienbusiness.ch\\\/#\\\/schema\\\/person\\\/3fc036297b10b9f42d6db5ee932af8c8\"},\"headline\":\"Helvetia will Immobilienfonds auflegen\",\"datePublished\":\"2020-03-05T07:10:51+00:00\",\"mainEntityOfPage\":{\"@id\":\"https:\\\/\\\/www.immobilienbusiness.ch\\\/fr\\\/allgemein\\\/2020-03-05\\\/helvetia-will-immobilienfonds-auflegen\\\/\"},\"wordCount\":105,\"publisher\":{\"@id\":\"https:\\\/\\\/www.immobilienbusiness.ch\\\/#organization\"},\"image\":{\"@id\":\"https:\\\/\\\/www.immobilienbusiness.ch\\\/fr\\\/allgemein\\\/2020-03-05\\\/helvetia-will-immobilienfonds-auflegen\\\/#primaryimage\"},\"thumbnailUrl\":\"https:\\\/\\\/www.immobilienbusiness.ch\\\/wp-content\\\/uploads\\\/2017\\\/11\\\/IB-News-20171128-Anlagefonds-Bonhote-Immobilier-Geschaeftszahlen-2016-2017.png\",\"keywords\":[\"Asset Management\",\"Helvetia\",\"Immobilienfonds\"],\"articleSection\":[\"Allgemein\"],\"inLanguage\":\"fr-FR\"},{\"@type\":\"WebPage\",\"@id\":\"https:\\\/\\\/www.immobilienbusiness.ch\\\/fr\\\/allgemein\\\/2020-03-05\\\/helvetia-will-immobilienfonds-auflegen\\\/\",\"url\":\"https:\\\/\\\/www.immobilienbusiness.ch\\\/fr\\\/allgemein\\\/2020-03-05\\\/helvetia-will-immobilienfonds-auflegen\\\/\",\"name\":\"Helvetia will Immobilienfonds auflegen - IMMOBILIEN Business\",\"isPartOf\":{\"@id\":\"https:\\\/\\\/www.immobilienbusiness.ch\\\/#website\"},\"primaryImageOfPage\":{\"@id\":\"https:\\\/\\\/www.immobilienbusiness.ch\\\/fr\\\/allgemein\\\/2020-03-05\\\/helvetia-will-immobilienfonds-auflegen\\\/#primaryimage\"},\"image\":{\"@id\":\"https:\\\/\\\/www.immobilienbusiness.ch\\\/fr\\\/allgemein\\\/2020-03-05\\\/helvetia-will-immobilienfonds-auflegen\\\/#primaryimage\"},\"thumbnailUrl\":\"https:\\\/\\\/www.immobilienbusiness.ch\\\/wp-content\\\/uploads\\\/2017\\\/11\\\/IB-News-20171128-Anlagefonds-Bonhote-Immobilier-Geschaeftszahlen-2016-2017.png\",\"datePublished\":\"2020-03-05T07:10:51+00:00\",\"description\":\"Die Helvetia hat eine Asset-Management-Gesellschaft gegr\u00fcndet und angek\u00fcndigt, im April einen ersten Immobilienfonds zu lancieren.\",\"breadcrumb\":{\"@id\":\"https:\\\/\\\/www.immobilienbusiness.ch\\\/fr\\\/allgemein\\\/2020-03-05\\\/helvetia-will-immobilienfonds-auflegen\\\/#breadcrumb\"},\"inLanguage\":\"fr-FR\",\"potentialAction\":[{\"@type\":\"ReadAction\",\"target\":[\"https:\\\/\\\/www.immobilienbusiness.ch\\\/fr\\\/allgemein\\\/2020-03-05\\\/helvetia-will-immobilienfonds-auflegen\\\/\"]}]},{\"@type\":\"ImageObject\",\"inLanguage\":\"fr-FR\",\"@id\":\"https:\\\/\\\/www.immobilienbusiness.ch\\\/fr\\\/allgemein\\\/2020-03-05\\\/helvetia-will-immobilienfonds-auflegen\\\/#primaryimage\",\"url\":\"https:\\\/\\\/www.immobilienbusiness.ch\\\/wp-content\\\/uploads\\\/2017\\\/11\\\/IB-News-20171128-Anlagefonds-Bonhote-Immobilier-Geschaeftszahlen-2016-2017.png\",\"contentUrl\":\"https:\\\/\\\/www.immobilienbusiness.ch\\\/wp-content\\\/uploads\\\/2017\\\/11\\\/IB-News-20171128-Anlagefonds-Bonhote-Immobilier-Geschaeftszahlen-2016-2017.png\",\"width\":639,\"height\":426,\"caption\":\"Der Fonds Immobilier Romand hat im letzten Gesch\u00e4ftsjahr die Mieterl\u00f6se und das Portfolio ausgebaut (Bild: Pixabay)\"},{\"@type\":\"BreadcrumbList\",\"@id\":\"https:\\\/\\\/www.immobilienbusiness.ch\\\/fr\\\/allgemein\\\/2020-03-05\\\/helvetia-will-immobilienfonds-auflegen\\\/#breadcrumb\",\"itemListElement\":[{\"@type\":\"ListItem\",\"position\":1,\"name\":\"Home\",\"item\":\"https:\\\/\\\/www.immobilienbusiness.ch\\\/\"},{\"@type\":\"ListItem\",\"position\":2,\"name\":\"Helvetia will Immobilienfonds auflegen\"}]},{\"@type\":\"WebSite\",\"@id\":\"https:\\\/\\\/www.immobilienbusiness.ch\\\/#website\",\"url\":\"https:\\\/\\\/www.immobilienbusiness.ch\\\/\",\"name\":\"IMMOBILIEN Business\",\"description\":\"Unabh\u00e4ngiges Schweizer Wirtschaftsmagazin mit Fokus auf Immobilien, Architektur- und Bau sowie Investment- und Finanzierung.\",\"publisher\":{\"@id\":\"https:\\\/\\\/www.immobilienbusiness.ch\\\/#organization\"},\"potentialAction\":[{\"@type\":\"SearchAction\",\"target\":{\"@type\":\"EntryPoint\",\"urlTemplate\":\"https:\\\/\\\/www.immobilienbusiness.ch\\\/?s={search_term_string}\"},\"query-input\":{\"@type\":\"PropertyValueSpecification\",\"valueRequired\":true,\"valueName\":\"search_term_string\"}}],\"inLanguage\":\"fr-FR\"},{\"@type\":\"Organization\",\"@id\":\"https:\\\/\\\/www.immobilienbusiness.ch\\\/#organization\",\"name\":\"IMMOBILIEN Business\",\"url\":\"https:\\\/\\\/www.immobilienbusiness.ch\\\/\",\"logo\":{\"@type\":\"ImageObject\",\"inLanguage\":\"fr-FR\",\"@id\":\"https:\\\/\\\/www.immobilienbusiness.ch\\\/#\\\/schema\\\/logo\\\/image\\\/\",\"url\":\"https:\\\/\\\/www.immobilienbusiness.ch\\\/wp-content\\\/uploads\\\/2021\\\/07\\\/logo_ib.png\",\"contentUrl\":\"https:\\\/\\\/www.immobilienbusiness.ch\\\/wp-content\\\/uploads\\\/2021\\\/07\\\/logo_ib.png\",\"width\":800,\"height\":181,\"caption\":\"IMMOBILIEN Business\"},\"image\":{\"@id\":\"https:\\\/\\\/www.immobilienbusiness.ch\\\/#\\\/schema\\\/logo\\\/image\\\/\"},\"sameAs\":[\"https:\\\/\\\/www.facebook.com\\\/immobilienbusiness\\\/\"]},{\"@type\":\"Person\",\"@id\":\"https:\\\/\\\/www.immobilienbusiness.ch\\\/#\\\/schema\\\/person\\\/3fc036297b10b9f42d6db5ee932af8c8\",\"name\":\"anja.hall\",\"image\":{\"@type\":\"ImageObject\",\"inLanguage\":\"fr-FR\",\"@id\":\"https:\\\/\\\/secure.gravatar.com\\\/avatar\\\/066b5a0d447013502c71a5782f4f3469f03cfe595cc2329fb94652fe47511bfb?s=96&d=mm&r=g\",\"url\":\"https:\\\/\\\/secure.gravatar.com\\\/avatar\\\/066b5a0d447013502c71a5782f4f3469f03cfe595cc2329fb94652fe47511bfb?s=96&d=mm&r=g\",\"contentUrl\":\"https:\\\/\\\/secure.gravatar.com\\\/avatar\\\/066b5a0d447013502c71a5782f4f3469f03cfe595cc2329fb94652fe47511bfb?s=96&d=mm&r=g\",\"caption\":\"anja.hall\"},\"url\":\"https:\\\/\\\/www.immobilienbusiness.ch\\\/fr\\\/author\\\/anja-hall\\\/\"}]}<\/script>\n<!-- \/ Yoast SEO plugin. -->","yoast_head_json":{"title":"Helvetia will Immobilienfonds auflegen - IMMOBILIEN Business","description":"L'Helvetia a cr\u00e9\u00e9 une soci\u00e9t\u00e9 de gestion d'actifs et a annonc\u00e9 le lancement d'un premier fonds immobilier en avril.","robots":{"index":"index","follow":"follow","max-snippet":"max-snippet:-1","max-image-preview":"max-image-preview:large","max-video-preview":"max-video-preview:-1"},"canonical":"https:\/\/www.immobilienbusiness.ch\/fr\/allgemein\/2020-03-05\/helvetia-will-immobilienfonds-auflegen\/","og_locale":"fr_FR","og_type":"article","og_title":"Helvetia will Immobilienfonds auflegen - IMMOBILIEN Business","og_description":"Die Helvetia hat eine Asset-Management-Gesellschaft gegr\u00fcndet und angek\u00fcndigt, im April einen ersten Immobilienfonds zu lancieren.","og_url":"https:\/\/www.immobilienbusiness.ch\/fr\/allgemein\/2020-03-05\/helvetia-will-immobilienfonds-auflegen\/","og_site_name":"IMMOBILIEN Business","article_publisher":"https:\/\/www.facebook.com\/immobilienbusiness\/","article_published_time":"2020-03-05T07:10:51+00:00","og_image":[{"width":639,"height":426,"url":"https:\/\/www.immobilienbusiness.ch\/wp-content\/uploads\/2017\/11\/IB-News-20171128-Anlagefonds-Bonhote-Immobilier-Geschaeftszahlen-2016-2017.png","type":"image\/png"}],"author":"anja.hall","twitter_card":"summary_large_image","twitter_image":"https:\/\/www.immobilienbusiness.ch\/wp-content\/uploads\/2017\/11\/IB-News-20171128-Anlagefonds-Bonhote-Immobilier-Geschaeftszahlen-2016-2017.png","schema":{"@context":"https:\/\/schema.org","@graph":[{"@type":"Article","@id":"https:\/\/www.immobilienbusiness.ch\/fr\/allgemein\/2020-03-05\/helvetia-will-immobilienfonds-auflegen\/#article","isPartOf":{"@id":"https:\/\/www.immobilienbusiness.ch\/fr\/allgemein\/2020-03-05\/helvetia-will-immobilienfonds-auflegen\/"},"author":{"name":"anja.hall","@id":"https:\/\/www.immobilienbusiness.ch\/#\/schema\/person\/3fc036297b10b9f42d6db5ee932af8c8"},"headline":"Helvetia will Immobilienfonds auflegen","datePublished":"2020-03-05T07:10:51+00:00","mainEntityOfPage":{"@id":"https:\/\/www.immobilienbusiness.ch\/fr\/allgemein\/2020-03-05\/helvetia-will-immobilienfonds-auflegen\/"},"wordCount":105,"publisher":{"@id":"https:\/\/www.immobilienbusiness.ch\/#organization"},"image":{"@id":"https:\/\/www.immobilienbusiness.ch\/fr\/allgemein\/2020-03-05\/helvetia-will-immobilienfonds-auflegen\/#primaryimage"},"thumbnailUrl":"https:\/\/www.immobilienbusiness.ch\/wp-content\/uploads\/2017\/11\/IB-News-20171128-Anlagefonds-Bonhote-Immobilier-Geschaeftszahlen-2016-2017.png","keywords":["Asset Management","Helvetia","Immobilienfonds"],"articleSection":["Allgemein"],"inLanguage":"fr-FR"},{"@type":"WebPage","@id":"https:\/\/www.immobilienbusiness.ch\/fr\/allgemein\/2020-03-05\/helvetia-will-immobilienfonds-auflegen\/","url":"https:\/\/www.immobilienbusiness.ch\/fr\/allgemein\/2020-03-05\/helvetia-will-immobilienfonds-auflegen\/","name":"Helvetia will Immobilienfonds auflegen - IMMOBILIEN Business","isPartOf":{"@id":"https:\/\/www.immobilienbusiness.ch\/#website"},"primaryImageOfPage":{"@id":"https:\/\/www.immobilienbusiness.ch\/fr\/allgemein\/2020-03-05\/helvetia-will-immobilienfonds-auflegen\/#primaryimage"},"image":{"@id":"https:\/\/www.immobilienbusiness.ch\/fr\/allgemein\/2020-03-05\/helvetia-will-immobilienfonds-auflegen\/#primaryimage"},"thumbnailUrl":"https:\/\/www.immobilienbusiness.ch\/wp-content\/uploads\/2017\/11\/IB-News-20171128-Anlagefonds-Bonhote-Immobilier-Geschaeftszahlen-2016-2017.png","datePublished":"2020-03-05T07:10:51+00:00","description":"L'Helvetia a cr\u00e9\u00e9 une soci\u00e9t\u00e9 de gestion d'actifs et a annonc\u00e9 le lancement d'un premier fonds immobilier en avril.","breadcrumb":{"@id":"https:\/\/www.immobilienbusiness.ch\/fr\/allgemein\/2020-03-05\/helvetia-will-immobilienfonds-auflegen\/#breadcrumb"},"inLanguage":"fr-FR","potentialAction":[{"@type":"ReadAction","target":["https:\/\/www.immobilienbusiness.ch\/fr\/allgemein\/2020-03-05\/helvetia-will-immobilienfonds-auflegen\/"]}]},{"@type":"ImageObject","inLanguage":"fr-FR","@id":"https:\/\/www.immobilienbusiness.ch\/fr\/allgemein\/2020-03-05\/helvetia-will-immobilienfonds-auflegen\/#primaryimage","url":"https:\/\/www.immobilienbusiness.ch\/wp-content\/uploads\/2017\/11\/IB-News-20171128-Anlagefonds-Bonhote-Immobilier-Geschaeftszahlen-2016-2017.png","contentUrl":"https:\/\/www.immobilienbusiness.ch\/wp-content\/uploads\/2017\/11\/IB-News-20171128-Anlagefonds-Bonhote-Immobilier-Geschaeftszahlen-2016-2017.png","width":639,"height":426,"caption":"Der Fonds Immobilier Romand hat im letzten Gesch\u00e4ftsjahr die Mieterl\u00f6se und das Portfolio ausgebaut (Bild: Pixabay)"},{"@type":"BreadcrumbList","@id":"https:\/\/www.immobilienbusiness.ch\/fr\/allgemein\/2020-03-05\/helvetia-will-immobilienfonds-auflegen\/#breadcrumb","itemListElement":[{"@type":"ListItem","position":1,"name":"Home","item":"https:\/\/www.immobilienbusiness.ch\/"},{"@type":"ListItem","position":2,"name":"Helvetia will Immobilienfonds auflegen"}]},{"@type":"WebSite","@id":"https:\/\/www.immobilienbusiness.ch\/#website","url":"https:\/\/www.immobilienbusiness.ch\/","name":"IMMOBILIER Business","description":"Magazine \u00e9conomique suisse ind\u00e9pendant ax\u00e9 sur l'immobilier, l'architecture et la construction ainsi que sur les investissements et le financement.","publisher":{"@id":"https:\/\/www.immobilienbusiness.ch\/#organization"},"potentialAction":[{"@type":"SearchAction","target":{"@type":"EntryPoint","urlTemplate":"https:\/\/www.immobilienbusiness.ch\/?s={search_term_string}"},"query-input":{"@type":"PropertyValueSpecification","valueRequired":true,"valueName":"search_term_string"}}],"inLanguage":"fr-FR"},{"@type":"Organization","@id":"https:\/\/www.immobilienbusiness.ch\/#organization","name":"IMMOBILIER Business","url":"https:\/\/www.immobilienbusiness.ch\/","logo":{"@type":"ImageObject","inLanguage":"fr-FR","@id":"https:\/\/www.immobilienbusiness.ch\/#\/schema\/logo\/image\/","url":"https:\/\/www.immobilienbusiness.ch\/wp-content\/uploads\/2021\/07\/logo_ib.png","contentUrl":"https:\/\/www.immobilienbusiness.ch\/wp-content\/uploads\/2021\/07\/logo_ib.png","width":800,"height":181,"caption":"IMMOBILIEN Business"},"image":{"@id":"https:\/\/www.immobilienbusiness.ch\/#\/schema\/logo\/image\/"},"sameAs":["https:\/\/www.facebook.com\/immobilienbusiness\/"]},{"@type":"Person","@id":"https:\/\/www.immobilienbusiness.ch\/#\/schema\/person\/3fc036297b10b9f42d6db5ee932af8c8","name":"anja.hall","image":{"@type":"ImageObject","inLanguage":"fr-FR","@id":"https:\/\/secure.gravatar.com\/avatar\/066b5a0d447013502c71a5782f4f3469f03cfe595cc2329fb94652fe47511bfb?s=96&d=mm&r=g","url":"https:\/\/secure.gravatar.com\/avatar\/066b5a0d447013502c71a5782f4f3469f03cfe595cc2329fb94652fe47511bfb?s=96&d=mm&r=g","contentUrl":"https:\/\/secure.gravatar.com\/avatar\/066b5a0d447013502c71a5782f4f3469f03cfe595cc2329fb94652fe47511bfb?s=96&d=mm&r=g","caption":"anja.hall"},"url":"https:\/\/www.immobilienbusiness.ch\/fr\/author\/anja-hall\/"}]}},"_links":{"self":[{"href":"https:\/\/www.immobilienbusiness.ch\/fr\/wp-json\/wp\/v2\/posts\/20420","targetHints":{"allow":["GET"]}}],"collection":[{"href":"https:\/\/www.immobilienbusiness.ch\/fr\/wp-json\/wp\/v2\/posts"}],"about":[{"href":"https:\/\/www.immobilienbusiness.ch\/fr\/wp-json\/wp\/v2\/types\/post"}],"author":[{"embeddable":true,"href":"https:\/\/www.immobilienbusiness.ch\/fr\/wp-json\/wp\/v2\/users\/3"}],"replies":[{"embeddable":true,"href":"https:\/\/www.immobilienbusiness.ch\/fr\/wp-json\/wp\/v2\/comments?post=20420"}],"version-history":[{"count":0,"href":"https:\/\/www.immobilienbusiness.ch\/fr\/wp-json\/wp\/v2\/posts\/20420\/revisions"}],"wp:featuredmedia":[{"embeddable":true,"href":"https:\/\/www.immobilienbusiness.ch\/fr\/wp-json\/wp\/v2\/media\/10311"}],"wp:attachment":[{"href":"https:\/\/www.immobilienbusiness.ch\/fr\/wp-json\/wp\/v2\/media?parent=20420"}],"wp:term":[{"taxonomy":"category","embeddable":true,"href":"https:\/\/www.immobilienbusiness.ch\/fr\/wp-json\/wp\/v2\/categories?post=20420"},{"taxonomy":"post_tag","embeddable":true,"href":"https:\/\/www.immobilienbusiness.ch\/fr\/wp-json\/wp\/v2\/tags?post=20420"}],"curies":[{"name":"wp","href":"https:\/\/api.w.org\/{rel}","templated":true}]}}