{"id":20298,"date":"2020-02-21T08:07:23","date_gmt":"2020-02-21T07:07:23","guid":{"rendered":"https:\/\/www.immobilienbusiness.ch\/?p=20298"},"modified":"2023-08-09T21:58:00","modified_gmt":"2023-08-09T19:58:00","slug":"zuerich-msd-und-itelligence-mieten-in-the-circle","status":"publish","type":"post","link":"https:\/\/www.immobilienbusiness.ch\/fr\/regionen\/2020-02-21\/zuerich-msd-und-itelligence-mieten-in-the-circle\/","title":{"rendered":"Zurich : MSD et Itelligence louent \u00e0 The Circle"},"content":{"rendered":"<figure id=\"attachment_18324\" aria-describedby=\"caption-attachment-18324\" style=\"width: 300px\" class=\"wp-caption alignnone\"><img loading=\"lazy\" decoding=\"async\" class=\"wp-image-18324 size-medium\" src=\"https:\/\/www.immobilienbusiness.ch\/wp-content\/uploads\/2019\/09\/ibrief_285_Projekt_The_Circle_Foto__18640-300x194.jpg\" alt=\"MSD \" width=\"300\" height=\"194\" srcset=\"https:\/\/www.immobilienbusiness.ch\/wp-content\/uploads\/2019\/09\/ibrief_285_Projekt_The_Circle_Foto__18640-300x194.jpg 300w, https:\/\/www.immobilienbusiness.ch\/wp-content\/uploads\/2019\/09\/ibrief_285_Projekt_The_Circle_Foto__18640-768x497.jpg 768w, https:\/\/www.immobilienbusiness.ch\/wp-content\/uploads\/2019\/09\/ibrief_285_Projekt_The_Circle_Foto__18640-16x10.jpg 16w, https:\/\/www.immobilienbusiness.ch\/wp-content\/uploads\/2019\/09\/ibrief_285_Projekt_The_Circle_Foto__18640-271x175.jpg 271w, https:\/\/www.immobilienbusiness.ch\/wp-content\/uploads\/2019\/09\/ibrief_285_Projekt_The_Circle_Foto__18640-541x350.jpg 541w, https:\/\/www.immobilienbusiness.ch\/wp-content\/uploads\/2019\/09\/ibrief_285_Projekt_The_Circle_Foto__18640-920x595.jpg 920w, https:\/\/www.immobilienbusiness.ch\/wp-content\/uploads\/2019\/09\/ibrief_285_Projekt_The_Circle_Foto__18640.jpg 1024w\" sizes=\"auto, (max-width: 300px) 100vw, 300px\" \/><figcaption id=\"caption-attachment-18324\" class=\"wp-caption-text\">The Circle (Visualisation : Flughafen Z\u00fcrich AG)<\/figcaption><\/figure>\n<p>MSD (Merck Sharp &amp; Dohme) occupera environ 4.300 m\u00b2 dans The Circle. Plus de 250 collaborateurs MSD y travailleront jusqu'\u00e0 l'ach\u00e8vement et l'ouverture du site en 2021. Le choix a \u00e9t\u00e9 fait en raison de l'esprit de communaut\u00e9 et des synergies attendues avec les autres locataires, communique l'a\u00e9roport de Zurich.<\/p>\n<p>En outre, la soci\u00e9t\u00e9 de conseil SAP Itelligence, qui emploie 140 personnes, va transf\u00e9rer son si\u00e8ge suisse dans The Circle. Le m\u00e9lange de bureaux ultramodernes, de tr\u00e8s bonnes possibilit\u00e9s de rencontre et de r\u00e9union ainsi que l'excellente situation avec un r\u00e9seau de transport optimal ont convaincu, a d\u00e9clar\u00e9 le directeur d'Itelligence Suisse, Claude Fl\u00fckiger, cit\u00e9 dans le communiqu\u00e9 de l'a\u00e9roport. La proximit\u00e9 de SAP, qui s'installera \u00e9galement dans ce grand projet, a \u00e9galement \u00e9t\u00e9 un crit\u00e8re de d\u00e9cision important.<\/p>\n<p>L'ouverture de The Circle est pr\u00e9vue par \u00e9tapes \u00e0 partir de septembre de cette ann\u00e9e. Flughafen Z\u00fcrich AG et Swiss Life forment une communaut\u00e9 de copropri\u00e9taires, dans laquelle l'a\u00e9roport d\u00e9tient une participation de 51% et Swiss Life une participation de 49%. <em>(ah)<\/em><\/p>","protected":false},"excerpt":{"rendered":"<p>L'entreprise pharmaceutique MSD veut ouvrir un bureau pour 250 collaborateurs dans The Circle \u00e0 l'a\u00e9roport de Zurich, et Itelligence AG transf\u00e8re son si\u00e8ge social dans ce grand projet.<\/p>","protected":false},"author":3,"featured_media":18324,"comment_status":"closed","ping_status":"closed","sticky":false,"template":"","format":"standard","meta":{"_acf_changed":false,"_yoast_wpseo_focuskw":"MSD","_yoast_wpseo_title":"","_yoast_wpseo_metadesc":"Das Pharmaunternehmen MSD will in The Circle ein Office f\u00fcr 250 Mitarbeitende er\u00f6ffnen, und die Itelligence AG verlegt ihren Hauptsitz in das Grossprojekt.","_yoast_wpseo_linkdex":52,"pgc_sgb_lightbox_settings":"","footnotes":""},"categories":[985],"tags":[1119,1231,1777,1832,1888],"class_list":["post-20298","post","type-post","status-publish","format-standard","has-post-thumbnail","hentry","category-regionen","tag-bueroimmobilien","tag-flughafen-zuerich","tag-the-circle","tag-vermietung","tag-zuerich"],"acf":[],"yoast_head":"<!-- This site is optimized with the Yoast SEO plugin v27.4 - https:\/\/yoast.com\/product\/yoast-seo-wordpress\/ -->\n<title>Z\u00fcrich: MSD und Itelligence mieten in The Circle - IMMOBILIEN Business<\/title>\n<meta name=\"description\" content=\"Das Pharmaunternehmen MSD will in The Circle ein Office f\u00fcr 250 Mitarbeitende er\u00f6ffnen, und die Itelligence AG verlegt ihren Hauptsitz in das Grossprojekt.\" \/>\n<meta name=\"robots\" content=\"index, follow, max-snippet:-1, max-image-preview:large, max-video-preview:-1\" \/>\n<link rel=\"canonical\" href=\"https:\/\/www.immobilienbusiness.ch\/fr\/regionen\/2020-02-21\/zuerich-msd-und-itelligence-mieten-in-the-circle\/\" \/>\n<meta property=\"og:locale\" content=\"fr_FR\" \/>\n<meta property=\"og:type\" content=\"article\" \/>\n<meta property=\"og:title\" content=\"Z\u00fcrich: MSD und Itelligence mieten in The Circle - IMMOBILIEN Business\" \/>\n<meta property=\"og:description\" content=\"Das Pharmaunternehmen MSD will in The Circle ein Office f\u00fcr 250 Mitarbeitende er\u00f6ffnen, und die Itelligence AG verlegt ihren Hauptsitz in das Grossprojekt.\" \/>\n<meta property=\"og:url\" content=\"https:\/\/www.immobilienbusiness.ch\/fr\/regionen\/2020-02-21\/zuerich-msd-und-itelligence-mieten-in-the-circle\/\" \/>\n<meta property=\"og:site_name\" content=\"IMMOBILIEN Business\" \/>\n<meta property=\"article:publisher\" content=\"https:\/\/www.facebook.com\/immobilienbusiness\/\" \/>\n<meta property=\"article:published_time\" content=\"2020-02-21T07:07:23+00:00\" \/>\n<meta property=\"article:modified_time\" content=\"2023-08-09T19:58:00+00:00\" \/>\n<meta property=\"og:image\" content=\"https:\/\/www.immobilienbusiness.ch\/wp-content\/uploads\/2019\/09\/ibrief_285_Projekt_The_Circle_Foto__18640.jpg\" \/>\n\t<meta property=\"og:image:width\" content=\"1024\" \/>\n\t<meta property=\"og:image:height\" content=\"662\" \/>\n\t<meta property=\"og:image:type\" content=\"image\/jpeg\" \/>\n<meta name=\"author\" content=\"anja.hall\" \/>\n<meta name=\"twitter:card\" content=\"summary_large_image\" \/>\n<script type=\"application\/ld+json\" class=\"yoast-schema-graph\">{\"@context\":\"https:\\\/\\\/schema.org\",\"@graph\":[{\"@type\":\"Article\",\"@id\":\"https:\\\/\\\/www.immobilienbusiness.ch\\\/regionen\\\/2020-02-21\\\/zuerich-msd-und-itelligence-mieten-in-the-circle\\\/#article\",\"isPartOf\":{\"@id\":\"https:\\\/\\\/www.immobilienbusiness.ch\\\/regionen\\\/2020-02-21\\\/zuerich-msd-und-itelligence-mieten-in-the-circle\\\/\"},\"author\":{\"name\":\"anja.hall\",\"@id\":\"https:\\\/\\\/www.immobilienbusiness.ch\\\/#\\\/schema\\\/person\\\/3fc036297b10b9f42d6db5ee932af8c8\"},\"headline\":\"Z\u00fcrich: MSD und Itelligence mieten in The Circle\",\"datePublished\":\"2020-02-21T07:07:23+00:00\",\"dateModified\":\"2023-08-09T19:58:00+00:00\",\"mainEntityOfPage\":{\"@id\":\"https:\\\/\\\/www.immobilienbusiness.ch\\\/regionen\\\/2020-02-21\\\/zuerich-msd-und-itelligence-mieten-in-the-circle\\\/\"},\"wordCount\":184,\"publisher\":{\"@id\":\"https:\\\/\\\/www.immobilienbusiness.ch\\\/#organization\"},\"image\":{\"@id\":\"https:\\\/\\\/www.immobilienbusiness.ch\\\/regionen\\\/2020-02-21\\\/zuerich-msd-und-itelligence-mieten-in-the-circle\\\/#primaryimage\"},\"thumbnailUrl\":\"https:\\\/\\\/www.immobilienbusiness.ch\\\/wp-content\\\/uploads\\\/2019\\\/09\\\/ibrief_285_Projekt_The_Circle_Foto__18640.jpg\",\"keywords\":[\"B\u00fcroimmobilien\",\"Flughafen Z\u00fcrich\",\"The Circle\",\"Vermietung\",\"Z\u00fcrich\"],\"articleSection\":[\"REGIONEN\"],\"inLanguage\":\"fr-FR\"},{\"@type\":\"WebPage\",\"@id\":\"https:\\\/\\\/www.immobilienbusiness.ch\\\/regionen\\\/2020-02-21\\\/zuerich-msd-und-itelligence-mieten-in-the-circle\\\/\",\"url\":\"https:\\\/\\\/www.immobilienbusiness.ch\\\/regionen\\\/2020-02-21\\\/zuerich-msd-und-itelligence-mieten-in-the-circle\\\/\",\"name\":\"Z\u00fcrich: MSD und Itelligence mieten in The Circle - IMMOBILIEN Business\",\"isPartOf\":{\"@id\":\"https:\\\/\\\/www.immobilienbusiness.ch\\\/#website\"},\"primaryImageOfPage\":{\"@id\":\"https:\\\/\\\/www.immobilienbusiness.ch\\\/regionen\\\/2020-02-21\\\/zuerich-msd-und-itelligence-mieten-in-the-circle\\\/#primaryimage\"},\"image\":{\"@id\":\"https:\\\/\\\/www.immobilienbusiness.ch\\\/regionen\\\/2020-02-21\\\/zuerich-msd-und-itelligence-mieten-in-the-circle\\\/#primaryimage\"},\"thumbnailUrl\":\"https:\\\/\\\/www.immobilienbusiness.ch\\\/wp-content\\\/uploads\\\/2019\\\/09\\\/ibrief_285_Projekt_The_Circle_Foto__18640.jpg\",\"datePublished\":\"2020-02-21T07:07:23+00:00\",\"dateModified\":\"2023-08-09T19:58:00+00:00\",\"description\":\"Das Pharmaunternehmen MSD will in The Circle ein Office f\u00fcr 250 Mitarbeitende er\u00f6ffnen, und die Itelligence AG verlegt ihren Hauptsitz in das Grossprojekt.\",\"breadcrumb\":{\"@id\":\"https:\\\/\\\/www.immobilienbusiness.ch\\\/regionen\\\/2020-02-21\\\/zuerich-msd-und-itelligence-mieten-in-the-circle\\\/#breadcrumb\"},\"inLanguage\":\"fr-FR\",\"potentialAction\":[{\"@type\":\"ReadAction\",\"target\":[\"https:\\\/\\\/www.immobilienbusiness.ch\\\/regionen\\\/2020-02-21\\\/zuerich-msd-und-itelligence-mieten-in-the-circle\\\/\"]}]},{\"@type\":\"ImageObject\",\"inLanguage\":\"fr-FR\",\"@id\":\"https:\\\/\\\/www.immobilienbusiness.ch\\\/regionen\\\/2020-02-21\\\/zuerich-msd-und-itelligence-mieten-in-the-circle\\\/#primaryimage\",\"url\":\"https:\\\/\\\/www.immobilienbusiness.ch\\\/wp-content\\\/uploads\\\/2019\\\/09\\\/ibrief_285_Projekt_The_Circle_Foto__18640.jpg\",\"contentUrl\":\"https:\\\/\\\/www.immobilienbusiness.ch\\\/wp-content\\\/uploads\\\/2019\\\/09\\\/ibrief_285_Projekt_The_Circle_Foto__18640.jpg\",\"width\":1024,\"height\":662},{\"@type\":\"BreadcrumbList\",\"@id\":\"https:\\\/\\\/www.immobilienbusiness.ch\\\/regionen\\\/2020-02-21\\\/zuerich-msd-und-itelligence-mieten-in-the-circle\\\/#breadcrumb\",\"itemListElement\":[{\"@type\":\"ListItem\",\"position\":1,\"name\":\"Home\",\"item\":\"https:\\\/\\\/www.immobilienbusiness.ch\\\/\"},{\"@type\":\"ListItem\",\"position\":2,\"name\":\"Z\u00fcrich: MSD und Itelligence mieten in The Circle\"}]},{\"@type\":\"WebSite\",\"@id\":\"https:\\\/\\\/www.immobilienbusiness.ch\\\/#website\",\"url\":\"https:\\\/\\\/www.immobilienbusiness.ch\\\/\",\"name\":\"IMMOBILIEN Business\",\"description\":\"Unabh\u00e4ngiges Schweizer Wirtschaftsmagazin mit Fokus auf Immobilien, Architektur- und Bau sowie Investment- und Finanzierung.\",\"publisher\":{\"@id\":\"https:\\\/\\\/www.immobilienbusiness.ch\\\/#organization\"},\"potentialAction\":[{\"@type\":\"SearchAction\",\"target\":{\"@type\":\"EntryPoint\",\"urlTemplate\":\"https:\\\/\\\/www.immobilienbusiness.ch\\\/?s={search_term_string}\"},\"query-input\":{\"@type\":\"PropertyValueSpecification\",\"valueRequired\":true,\"valueName\":\"search_term_string\"}}],\"inLanguage\":\"fr-FR\"},{\"@type\":\"Organization\",\"@id\":\"https:\\\/\\\/www.immobilienbusiness.ch\\\/#organization\",\"name\":\"IMMOBILIEN Business\",\"url\":\"https:\\\/\\\/www.immobilienbusiness.ch\\\/\",\"logo\":{\"@type\":\"ImageObject\",\"inLanguage\":\"fr-FR\",\"@id\":\"https:\\\/\\\/www.immobilienbusiness.ch\\\/#\\\/schema\\\/logo\\\/image\\\/\",\"url\":\"https:\\\/\\\/www.immobilienbusiness.ch\\\/wp-content\\\/uploads\\\/2021\\\/07\\\/logo_ib.png\",\"contentUrl\":\"https:\\\/\\\/www.immobilienbusiness.ch\\\/wp-content\\\/uploads\\\/2021\\\/07\\\/logo_ib.png\",\"width\":800,\"height\":181,\"caption\":\"IMMOBILIEN Business\"},\"image\":{\"@id\":\"https:\\\/\\\/www.immobilienbusiness.ch\\\/#\\\/schema\\\/logo\\\/image\\\/\"},\"sameAs\":[\"https:\\\/\\\/www.facebook.com\\\/immobilienbusiness\\\/\"]},{\"@type\":\"Person\",\"@id\":\"https:\\\/\\\/www.immobilienbusiness.ch\\\/#\\\/schema\\\/person\\\/3fc036297b10b9f42d6db5ee932af8c8\",\"name\":\"anja.hall\",\"image\":{\"@type\":\"ImageObject\",\"inLanguage\":\"fr-FR\",\"@id\":\"https:\\\/\\\/secure.gravatar.com\\\/avatar\\\/066b5a0d447013502c71a5782f4f3469f03cfe595cc2329fb94652fe47511bfb?s=96&d=mm&r=g\",\"url\":\"https:\\\/\\\/secure.gravatar.com\\\/avatar\\\/066b5a0d447013502c71a5782f4f3469f03cfe595cc2329fb94652fe47511bfb?s=96&d=mm&r=g\",\"contentUrl\":\"https:\\\/\\\/secure.gravatar.com\\\/avatar\\\/066b5a0d447013502c71a5782f4f3469f03cfe595cc2329fb94652fe47511bfb?s=96&d=mm&r=g\",\"caption\":\"anja.hall\"},\"url\":\"https:\\\/\\\/www.immobilienbusiness.ch\\\/fr\\\/author\\\/anja-hall\\\/\"}]}<\/script>\n<!-- \/ Yoast SEO plugin. -->","yoast_head_json":{"title":"Z\u00fcrich: MSD und Itelligence mieten in The Circle - IMMOBILIEN Business","description":"Das Pharmaunternehmen MSD will in The Circle ein Office f\u00fcr 250 Mitarbeitende er\u00f6ffnen, und die Itelligence AG verlegt ihren Hauptsitz in das Grossprojekt.","robots":{"index":"index","follow":"follow","max-snippet":"max-snippet:-1","max-image-preview":"max-image-preview:large","max-video-preview":"max-video-preview:-1"},"canonical":"https:\/\/www.immobilienbusiness.ch\/fr\/regionen\/2020-02-21\/zuerich-msd-und-itelligence-mieten-in-the-circle\/","og_locale":"fr_FR","og_type":"article","og_title":"Z\u00fcrich: MSD und Itelligence mieten in The Circle - IMMOBILIEN Business","og_description":"Das Pharmaunternehmen MSD will in The Circle ein Office f\u00fcr 250 Mitarbeitende er\u00f6ffnen, und die Itelligence AG verlegt ihren Hauptsitz in das Grossprojekt.","og_url":"https:\/\/www.immobilienbusiness.ch\/fr\/regionen\/2020-02-21\/zuerich-msd-und-itelligence-mieten-in-the-circle\/","og_site_name":"IMMOBILIEN Business","article_publisher":"https:\/\/www.facebook.com\/immobilienbusiness\/","article_published_time":"2020-02-21T07:07:23+00:00","article_modified_time":"2023-08-09T19:58:00+00:00","og_image":[{"width":1024,"height":662,"url":"https:\/\/www.immobilienbusiness.ch\/wp-content\/uploads\/2019\/09\/ibrief_285_Projekt_The_Circle_Foto__18640.jpg","type":"image\/jpeg"}],"author":"anja.hall","twitter_card":"summary_large_image","schema":{"@context":"https:\/\/schema.org","@graph":[{"@type":"Article","@id":"https:\/\/www.immobilienbusiness.ch\/regionen\/2020-02-21\/zuerich-msd-und-itelligence-mieten-in-the-circle\/#article","isPartOf":{"@id":"https:\/\/www.immobilienbusiness.ch\/regionen\/2020-02-21\/zuerich-msd-und-itelligence-mieten-in-the-circle\/"},"author":{"name":"anja.hall","@id":"https:\/\/www.immobilienbusiness.ch\/#\/schema\/person\/3fc036297b10b9f42d6db5ee932af8c8"},"headline":"Z\u00fcrich: MSD und Itelligence mieten in The Circle","datePublished":"2020-02-21T07:07:23+00:00","dateModified":"2023-08-09T19:58:00+00:00","mainEntityOfPage":{"@id":"https:\/\/www.immobilienbusiness.ch\/regionen\/2020-02-21\/zuerich-msd-und-itelligence-mieten-in-the-circle\/"},"wordCount":184,"publisher":{"@id":"https:\/\/www.immobilienbusiness.ch\/#organization"},"image":{"@id":"https:\/\/www.immobilienbusiness.ch\/regionen\/2020-02-21\/zuerich-msd-und-itelligence-mieten-in-the-circle\/#primaryimage"},"thumbnailUrl":"https:\/\/www.immobilienbusiness.ch\/wp-content\/uploads\/2019\/09\/ibrief_285_Projekt_The_Circle_Foto__18640.jpg","keywords":["B\u00fcroimmobilien","Flughafen Z\u00fcrich","The Circle","Vermietung","Z\u00fcrich"],"articleSection":["REGIONEN"],"inLanguage":"fr-FR"},{"@type":"WebPage","@id":"https:\/\/www.immobilienbusiness.ch\/regionen\/2020-02-21\/zuerich-msd-und-itelligence-mieten-in-the-circle\/","url":"https:\/\/www.immobilienbusiness.ch\/regionen\/2020-02-21\/zuerich-msd-und-itelligence-mieten-in-the-circle\/","name":"Z\u00fcrich: MSD und Itelligence mieten in The Circle - IMMOBILIEN Business","isPartOf":{"@id":"https:\/\/www.immobilienbusiness.ch\/#website"},"primaryImageOfPage":{"@id":"https:\/\/www.immobilienbusiness.ch\/regionen\/2020-02-21\/zuerich-msd-und-itelligence-mieten-in-the-circle\/#primaryimage"},"image":{"@id":"https:\/\/www.immobilienbusiness.ch\/regionen\/2020-02-21\/zuerich-msd-und-itelligence-mieten-in-the-circle\/#primaryimage"},"thumbnailUrl":"https:\/\/www.immobilienbusiness.ch\/wp-content\/uploads\/2019\/09\/ibrief_285_Projekt_The_Circle_Foto__18640.jpg","datePublished":"2020-02-21T07:07:23+00:00","dateModified":"2023-08-09T19:58:00+00:00","description":"Das Pharmaunternehmen MSD will in The Circle ein Office f\u00fcr 250 Mitarbeitende er\u00f6ffnen, und die Itelligence AG verlegt ihren Hauptsitz in das Grossprojekt.","breadcrumb":{"@id":"https:\/\/www.immobilienbusiness.ch\/regionen\/2020-02-21\/zuerich-msd-und-itelligence-mieten-in-the-circle\/#breadcrumb"},"inLanguage":"fr-FR","potentialAction":[{"@type":"ReadAction","target":["https:\/\/www.immobilienbusiness.ch\/regionen\/2020-02-21\/zuerich-msd-und-itelligence-mieten-in-the-circle\/"]}]},{"@type":"ImageObject","inLanguage":"fr-FR","@id":"https:\/\/www.immobilienbusiness.ch\/regionen\/2020-02-21\/zuerich-msd-und-itelligence-mieten-in-the-circle\/#primaryimage","url":"https:\/\/www.immobilienbusiness.ch\/wp-content\/uploads\/2019\/09\/ibrief_285_Projekt_The_Circle_Foto__18640.jpg","contentUrl":"https:\/\/www.immobilienbusiness.ch\/wp-content\/uploads\/2019\/09\/ibrief_285_Projekt_The_Circle_Foto__18640.jpg","width":1024,"height":662},{"@type":"BreadcrumbList","@id":"https:\/\/www.immobilienbusiness.ch\/regionen\/2020-02-21\/zuerich-msd-und-itelligence-mieten-in-the-circle\/#breadcrumb","itemListElement":[{"@type":"ListItem","position":1,"name":"Home","item":"https:\/\/www.immobilienbusiness.ch\/"},{"@type":"ListItem","position":2,"name":"Z\u00fcrich: MSD und Itelligence mieten in The Circle"}]},{"@type":"WebSite","@id":"https:\/\/www.immobilienbusiness.ch\/#website","url":"https:\/\/www.immobilienbusiness.ch\/","name":"IMMOBILIER Business","description":"Magazine \u00e9conomique suisse ind\u00e9pendant ax\u00e9 sur l'immobilier, l'architecture et la construction ainsi que sur les investissements et le financement.","publisher":{"@id":"https:\/\/www.immobilienbusiness.ch\/#organization"},"potentialAction":[{"@type":"SearchAction","target":{"@type":"EntryPoint","urlTemplate":"https:\/\/www.immobilienbusiness.ch\/?s={search_term_string}"},"query-input":{"@type":"PropertyValueSpecification","valueRequired":true,"valueName":"search_term_string"}}],"inLanguage":"fr-FR"},{"@type":"Organization","@id":"https:\/\/www.immobilienbusiness.ch\/#organization","name":"IMMOBILIER Business","url":"https:\/\/www.immobilienbusiness.ch\/","logo":{"@type":"ImageObject","inLanguage":"fr-FR","@id":"https:\/\/www.immobilienbusiness.ch\/#\/schema\/logo\/image\/","url":"https:\/\/www.immobilienbusiness.ch\/wp-content\/uploads\/2021\/07\/logo_ib.png","contentUrl":"https:\/\/www.immobilienbusiness.ch\/wp-content\/uploads\/2021\/07\/logo_ib.png","width":800,"height":181,"caption":"IMMOBILIEN Business"},"image":{"@id":"https:\/\/www.immobilienbusiness.ch\/#\/schema\/logo\/image\/"},"sameAs":["https:\/\/www.facebook.com\/immobilienbusiness\/"]},{"@type":"Person","@id":"https:\/\/www.immobilienbusiness.ch\/#\/schema\/person\/3fc036297b10b9f42d6db5ee932af8c8","name":"anja.hall","image":{"@type":"ImageObject","inLanguage":"fr-FR","@id":"https:\/\/secure.gravatar.com\/avatar\/066b5a0d447013502c71a5782f4f3469f03cfe595cc2329fb94652fe47511bfb?s=96&d=mm&r=g","url":"https:\/\/secure.gravatar.com\/avatar\/066b5a0d447013502c71a5782f4f3469f03cfe595cc2329fb94652fe47511bfb?s=96&d=mm&r=g","contentUrl":"https:\/\/secure.gravatar.com\/avatar\/066b5a0d447013502c71a5782f4f3469f03cfe595cc2329fb94652fe47511bfb?s=96&d=mm&r=g","caption":"anja.hall"},"url":"https:\/\/www.immobilienbusiness.ch\/fr\/author\/anja-hall\/"}]}},"_links":{"self":[{"href":"https:\/\/www.immobilienbusiness.ch\/fr\/wp-json\/wp\/v2\/posts\/20298","targetHints":{"allow":["GET"]}}],"collection":[{"href":"https:\/\/www.immobilienbusiness.ch\/fr\/wp-json\/wp\/v2\/posts"}],"about":[{"href":"https:\/\/www.immobilienbusiness.ch\/fr\/wp-json\/wp\/v2\/types\/post"}],"author":[{"embeddable":true,"href":"https:\/\/www.immobilienbusiness.ch\/fr\/wp-json\/wp\/v2\/users\/3"}],"replies":[{"embeddable":true,"href":"https:\/\/www.immobilienbusiness.ch\/fr\/wp-json\/wp\/v2\/comments?post=20298"}],"version-history":[{"count":1,"href":"https:\/\/www.immobilienbusiness.ch\/fr\/wp-json\/wp\/v2\/posts\/20298\/revisions"}],"predecessor-version":[{"id":51887,"href":"https:\/\/www.immobilienbusiness.ch\/fr\/wp-json\/wp\/v2\/posts\/20298\/revisions\/51887"}],"wp:featuredmedia":[{"embeddable":true,"href":"https:\/\/www.immobilienbusiness.ch\/fr\/wp-json\/wp\/v2\/media\/18324"}],"wp:attachment":[{"href":"https:\/\/www.immobilienbusiness.ch\/fr\/wp-json\/wp\/v2\/media?parent=20298"}],"wp:term":[{"taxonomy":"category","embeddable":true,"href":"https:\/\/www.immobilienbusiness.ch\/fr\/wp-json\/wp\/v2\/categories?post=20298"},{"taxonomy":"post_tag","embeddable":true,"href":"https:\/\/www.immobilienbusiness.ch\/fr\/wp-json\/wp\/v2\/tags?post=20298"}],"curies":[{"name":"wp","href":"https:\/\/api.w.org\/{rel}","templated":true}]}}