{"id":2025,"date":"2016-01-11T08:49:37","date_gmt":"2016-01-11T07:49:37","guid":{"rendered":"http:\/\/dev.immobilienbusiness.ch\/?p=2025"},"modified":"2016-01-11T08:49:37","modified_gmt":"2016-01-11T07:49:37","slug":"luzern-ladengeschaeft-am-kornmarkt-wird-frei","status":"publish","type":"post","link":"https:\/\/www.immobilienbusiness.ch\/fr\/allgemein\/2016-01-11\/luzern-ladengeschaeft-am-kornmarkt-wird-frei\/","title":{"rendered":"Lucerne : le magasin du Kornmarkt devient vacant"},"content":{"rendered":"<figure id=\"attachment_2027\" aria-describedby=\"caption-attachment-2027\" style=\"width: 680px\" class=\"wp-caption alignnone\"><img loading=\"lazy\" decoding=\"async\" class=\"size-medium wp-image-2027\" src=\"https:\/\/immobilienbusiness.ch\/wp-content\/uploads\/2016\/01\/Luzern-Ladengesch\u00e4ft-am-Kornmarkt-wird-frei-immobilien-business.jpg\" alt=\"Luzerner Altstadt (Foto: Boenz - Pixabay)\" width=\"680\" height=\"453\" \/><figcaption id=\"caption-attachment-2027\" class=\"wp-caption-text\">Vieille ville de Lucerne (Photo : Boenz - Pixabay)<\/figcaption><\/figure>\n<p>La soci\u00e9t\u00e9 Kofler AG exploite le magasin de deux \u00e9tages situ\u00e9 directement \u00e0 c\u00f4t\u00e9 de l'h\u00f4tel de ville. Comme l'explique un porte-parole de l'entreprise aux m\u00e9dias, l'entreprise ne souhaite pas attribuer le magasin \u00e0 une boutique de montres ou de bijoux, car elle estime que certaines branches sont surrepr\u00e9sent\u00e9es dans la vieille ville et que la surface du magasin convient de toute fa\u00e7on plut\u00f4t \u00e0 la mode et aux articles de sport.<\/p>\n<p>En effet, ce sont surtout des horloges et des bijouteries qui se sont r\u00e9cemment install\u00e9es dans la vieille ville de Lucerne : sur la Schwanenplatz, dans l'ancien magasin Relax, se trouve d\u00e9sormais la boutique de montres et de bijoux Splendid ; sur la Kapellplatz, \"Les Ambassadeurs\" ont lou\u00e9 les locaux de Musik Hug.<\/p>\n<p>Kofler AG abandonne sa filiale Provisorium en tant que marque ; les autres magasins Provisorium de l'Emmen Center et de la gare de Lucerne seront \u00e0 l'avenir sous le label \"Tom Tailor\". (ah)<\/p>","protected":false},"excerpt":{"rendered":"<p>Le magasin de v\u00eatements Provisorium, situ\u00e9 au Kornmarkt 7 dans la vieille ville de Lucerne, fermera ses portes fin f\u00e9vrier. Comme le rapportent les m\u00e9dias locaux, un nouveau locataire est actuellement recherch\u00e9.<\/p>","protected":false},"author":1,"featured_media":2027,"comment_status":"open","ping_status":"open","sticky":false,"template":"","format":"standard","meta":{"_acf_changed":false,"_yoast_wpseo_focuskw":"Ladengesch\u00e4ft Luzern","_yoast_wpseo_title":"Ladengesch\u00e4ft Luzern: Neue Perspektiven in der Altstadt","_yoast_wpseo_metadesc":"Angesichts der Ladenfl\u00e4chenver\u00e4nderung in Luzern wird die Zukunft des Einzelhandels in der Altstadt neu bewertet. Entwicklungen bei Kofler und Co.","_yoast_wpseo_linkdex":56,"pgc_sgb_lightbox_settings":"","footnotes":""},"categories":[1,987],"tags":[1459,1643],"class_list":["post-2025","post","type-post","status-publish","format-standard","has-post-thumbnail","hentry","category-allgemein","category-retail","tag-luzern","tag-retail"],"acf":[],"yoast_head":"<!-- This site is optimized with the Yoast SEO plugin v27.5 - https:\/\/yoast.com\/product\/yoast-seo-wordpress\/ -->\n<title>Ladengesch\u00e4ft Luzern: Neue Perspektiven in der Altstadt<\/title>\n<meta name=\"description\" content=\"Angesichts der Ladenfl\u00e4chenver\u00e4nderung in Luzern wird die Zukunft des Einzelhandels in der Altstadt neu bewertet. Entwicklungen bei Kofler und Co.\" \/>\n<meta name=\"robots\" content=\"index, follow, max-snippet:-1, max-image-preview:large, max-video-preview:-1\" \/>\n<link rel=\"canonical\" href=\"https:\/\/www.immobilienbusiness.ch\/fr\/allgemein\/2016-01-11\/luzern-ladengeschaeft-am-kornmarkt-wird-frei\/\" \/>\n<meta property=\"og:locale\" content=\"fr_FR\" \/>\n<meta property=\"og:type\" content=\"article\" \/>\n<meta property=\"og:title\" content=\"Luzern: Ladengesch\u00e4ft am Kornmarkt wird frei\" \/>\n<meta property=\"og:description\" content=\"Das Kleidungsgesch\u00e4ft Provisorium am Kornmarkt 7 in der Luzerner Altstadt wird per Ende Februar schliessen. Wie lokale Medien berichten, wird derzeit ein Nachmieter gesucht.\" \/>\n<meta property=\"og:url\" content=\"https:\/\/www.immobilienbusiness.ch\/fr\/allgemein\/2016-01-11\/luzern-ladengeschaeft-am-kornmarkt-wird-frei\/\" \/>\n<meta property=\"og:site_name\" content=\"IMMOBILIEN Business\" \/>\n<meta property=\"article:publisher\" content=\"https:\/\/www.facebook.com\/immobilienbusiness\/\" \/>\n<meta property=\"article:published_time\" content=\"2016-01-11T07:49:37+00:00\" \/>\n<meta name=\"author\" content=\"Redaktion\" \/>\n<meta name=\"twitter:card\" content=\"summary_large_image\" \/>\n<meta name=\"twitter:image\" content=\"https:\/\/www.immobilienbusiness.ch\/wp-content\/uploads\/2016\/01\/Luzern-Ladengeschaeft-am-Kornmarkt-wird-frei-immobilien-business.jpg\" \/>\n<script type=\"application\/ld+json\" class=\"yoast-schema-graph\">{\"@context\":\"https:\\\/\\\/schema.org\",\"@graph\":[{\"@type\":\"Article\",\"@id\":\"https:\\\/\\\/www.immobilienbusiness.ch\\\/allgemein\\\/2016-01-11\\\/luzern-ladengeschaeft-am-kornmarkt-wird-frei\\\/#article\",\"isPartOf\":{\"@id\":\"https:\\\/\\\/www.immobilienbusiness.ch\\\/allgemein\\\/2016-01-11\\\/luzern-ladengeschaeft-am-kornmarkt-wird-frei\\\/\"},\"author\":{\"name\":\"Redaktion\",\"@id\":\"https:\\\/\\\/www.immobilienbusiness.ch\\\/#\\\/schema\\\/person\\\/aa2bace6c5c5aad60102004a50c4eb1c\"},\"headline\":\"Luzern: Ladengesch\u00e4ft am Kornmarkt wird frei\",\"datePublished\":\"2016-01-11T07:49:37+00:00\",\"mainEntityOfPage\":{\"@id\":\"https:\\\/\\\/www.immobilienbusiness.ch\\\/allgemein\\\/2016-01-11\\\/luzern-ladengeschaeft-am-kornmarkt-wird-frei\\\/\"},\"wordCount\":150,\"commentCount\":0,\"publisher\":{\"@id\":\"https:\\\/\\\/www.immobilienbusiness.ch\\\/#organization\"},\"image\":{\"@id\":\"https:\\\/\\\/www.immobilienbusiness.ch\\\/allgemein\\\/2016-01-11\\\/luzern-ladengeschaeft-am-kornmarkt-wird-frei\\\/#primaryimage\"},\"thumbnailUrl\":\"https:\\\/\\\/www.immobilienbusiness.ch\\\/wp-content\\\/uploads\\\/2016\\\/01\\\/Luzern-Ladengeschaeft-am-Kornmarkt-wird-frei-immobilien-business.jpg\",\"keywords\":[\"Luzern\",\"Retail\"],\"articleSection\":[\"Allgemein\",\"RETAIL\"],\"inLanguage\":\"fr-FR\"},{\"@type\":\"WebPage\",\"@id\":\"https:\\\/\\\/www.immobilienbusiness.ch\\\/allgemein\\\/2016-01-11\\\/luzern-ladengeschaeft-am-kornmarkt-wird-frei\\\/\",\"url\":\"https:\\\/\\\/www.immobilienbusiness.ch\\\/allgemein\\\/2016-01-11\\\/luzern-ladengeschaeft-am-kornmarkt-wird-frei\\\/\",\"name\":\"Ladengesch\u00e4ft Luzern: Neue Perspektiven in der Altstadt\",\"isPartOf\":{\"@id\":\"https:\\\/\\\/www.immobilienbusiness.ch\\\/#website\"},\"primaryImageOfPage\":{\"@id\":\"https:\\\/\\\/www.immobilienbusiness.ch\\\/allgemein\\\/2016-01-11\\\/luzern-ladengeschaeft-am-kornmarkt-wird-frei\\\/#primaryimage\"},\"image\":{\"@id\":\"https:\\\/\\\/www.immobilienbusiness.ch\\\/allgemein\\\/2016-01-11\\\/luzern-ladengeschaeft-am-kornmarkt-wird-frei\\\/#primaryimage\"},\"thumbnailUrl\":\"https:\\\/\\\/www.immobilienbusiness.ch\\\/wp-content\\\/uploads\\\/2016\\\/01\\\/Luzern-Ladengeschaeft-am-Kornmarkt-wird-frei-immobilien-business.jpg\",\"datePublished\":\"2016-01-11T07:49:37+00:00\",\"description\":\"Angesichts der Ladenfl\u00e4chenver\u00e4nderung in Luzern wird die Zukunft des Einzelhandels in der Altstadt neu bewertet. Entwicklungen bei Kofler und Co.\",\"breadcrumb\":{\"@id\":\"https:\\\/\\\/www.immobilienbusiness.ch\\\/allgemein\\\/2016-01-11\\\/luzern-ladengeschaeft-am-kornmarkt-wird-frei\\\/#breadcrumb\"},\"inLanguage\":\"fr-FR\",\"potentialAction\":[{\"@type\":\"ReadAction\",\"target\":[\"https:\\\/\\\/www.immobilienbusiness.ch\\\/allgemein\\\/2016-01-11\\\/luzern-ladengeschaeft-am-kornmarkt-wird-frei\\\/\"]}]},{\"@type\":\"ImageObject\",\"inLanguage\":\"fr-FR\",\"@id\":\"https:\\\/\\\/www.immobilienbusiness.ch\\\/allgemein\\\/2016-01-11\\\/luzern-ladengeschaeft-am-kornmarkt-wird-frei\\\/#primaryimage\",\"url\":\"https:\\\/\\\/www.immobilienbusiness.ch\\\/wp-content\\\/uploads\\\/2016\\\/01\\\/Luzern-Ladengeschaeft-am-Kornmarkt-wird-frei-immobilien-business.jpg\",\"contentUrl\":\"https:\\\/\\\/www.immobilienbusiness.ch\\\/wp-content\\\/uploads\\\/2016\\\/01\\\/Luzern-Ladengeschaeft-am-Kornmarkt-wird-frei-immobilien-business.jpg\",\"width\":1280,\"height\":853,\"caption\":\"Luzerner Altstadt (Foto: Boenz - Pixabay)\"},{\"@type\":\"BreadcrumbList\",\"@id\":\"https:\\\/\\\/www.immobilienbusiness.ch\\\/allgemein\\\/2016-01-11\\\/luzern-ladengeschaeft-am-kornmarkt-wird-frei\\\/#breadcrumb\",\"itemListElement\":[{\"@type\":\"ListItem\",\"position\":1,\"name\":\"Home\",\"item\":\"https:\\\/\\\/www.immobilienbusiness.ch\\\/\"},{\"@type\":\"ListItem\",\"position\":2,\"name\":\"Luzern: Ladengesch\u00e4ft am Kornmarkt wird frei\"}]},{\"@type\":\"WebSite\",\"@id\":\"https:\\\/\\\/www.immobilienbusiness.ch\\\/#website\",\"url\":\"https:\\\/\\\/www.immobilienbusiness.ch\\\/\",\"name\":\"IMMOBILIEN Business\",\"description\":\"Unabh\u00e4ngiges Schweizer Wirtschaftsmagazin mit Fokus auf Immobilien, Architektur- und Bau sowie Investment- und Finanzierung.\",\"publisher\":{\"@id\":\"https:\\\/\\\/www.immobilienbusiness.ch\\\/#organization\"},\"potentialAction\":[{\"@type\":\"SearchAction\",\"target\":{\"@type\":\"EntryPoint\",\"urlTemplate\":\"https:\\\/\\\/www.immobilienbusiness.ch\\\/?s={search_term_string}\"},\"query-input\":{\"@type\":\"PropertyValueSpecification\",\"valueRequired\":true,\"valueName\":\"search_term_string\"}}],\"inLanguage\":\"fr-FR\"},{\"@type\":\"Organization\",\"@id\":\"https:\\\/\\\/www.immobilienbusiness.ch\\\/#organization\",\"name\":\"IMMOBILIEN Business\",\"url\":\"https:\\\/\\\/www.immobilienbusiness.ch\\\/\",\"logo\":{\"@type\":\"ImageObject\",\"inLanguage\":\"fr-FR\",\"@id\":\"https:\\\/\\\/www.immobilienbusiness.ch\\\/#\\\/schema\\\/logo\\\/image\\\/\",\"url\":\"https:\\\/\\\/www.immobilienbusiness.ch\\\/wp-content\\\/uploads\\\/2021\\\/07\\\/logo_ib.png\",\"contentUrl\":\"https:\\\/\\\/www.immobilienbusiness.ch\\\/wp-content\\\/uploads\\\/2021\\\/07\\\/logo_ib.png\",\"width\":800,\"height\":181,\"caption\":\"IMMOBILIEN Business\"},\"image\":{\"@id\":\"https:\\\/\\\/www.immobilienbusiness.ch\\\/#\\\/schema\\\/logo\\\/image\\\/\"},\"sameAs\":[\"https:\\\/\\\/www.facebook.com\\\/immobilienbusiness\\\/\"]},{\"@type\":\"Person\",\"@id\":\"https:\\\/\\\/www.immobilienbusiness.ch\\\/#\\\/schema\\\/person\\\/aa2bace6c5c5aad60102004a50c4eb1c\",\"name\":\"Redaktion\",\"image\":{\"@type\":\"ImageObject\",\"inLanguage\":\"fr-FR\",\"@id\":\"https:\\\/\\\/secure.gravatar.com\\\/avatar\\\/ae2f4d718e6c49043e314ce431e7e645d646302a24a5ef5a8bc8e3f5a032e319?s=96&d=mm&r=g\",\"url\":\"https:\\\/\\\/secure.gravatar.com\\\/avatar\\\/ae2f4d718e6c49043e314ce431e7e645d646302a24a5ef5a8bc8e3f5a032e319?s=96&d=mm&r=g\",\"contentUrl\":\"https:\\\/\\\/secure.gravatar.com\\\/avatar\\\/ae2f4d718e6c49043e314ce431e7e645d646302a24a5ef5a8bc8e3f5a032e319?s=96&d=mm&r=g\",\"caption\":\"Redaktion\"},\"sameAs\":[\"http:\\\/\\\/develop.organisator.galledia.ch\"],\"url\":\"https:\\\/\\\/www.immobilienbusiness.ch\\\/fr\\\/author\\\/admin\\\/\"}]}<\/script>\n<!-- \/ Yoast SEO plugin. -->","yoast_head_json":{"title":"Ladengesch\u00e4ft Luzern: Neue Perspektiven in der Altstadt","description":"Angesichts der Ladenfl\u00e4chenver\u00e4nderung in Luzern wird die Zukunft des Einzelhandels in der Altstadt neu bewertet. Entwicklungen bei Kofler und Co.","robots":{"index":"index","follow":"follow","max-snippet":"max-snippet:-1","max-image-preview":"max-image-preview:large","max-video-preview":"max-video-preview:-1"},"canonical":"https:\/\/www.immobilienbusiness.ch\/fr\/allgemein\/2016-01-11\/luzern-ladengeschaeft-am-kornmarkt-wird-frei\/","og_locale":"fr_FR","og_type":"article","og_title":"Luzern: Ladengesch\u00e4ft am Kornmarkt wird frei","og_description":"Das Kleidungsgesch\u00e4ft Provisorium am Kornmarkt 7 in der Luzerner Altstadt wird per Ende Februar schliessen. Wie lokale Medien berichten, wird derzeit ein Nachmieter gesucht.","og_url":"https:\/\/www.immobilienbusiness.ch\/fr\/allgemein\/2016-01-11\/luzern-ladengeschaeft-am-kornmarkt-wird-frei\/","og_site_name":"IMMOBILIEN Business","article_publisher":"https:\/\/www.facebook.com\/immobilienbusiness\/","article_published_time":"2016-01-11T07:49:37+00:00","author":"Redaktion","twitter_card":"summary_large_image","twitter_image":"https:\/\/www.immobilienbusiness.ch\/wp-content\/uploads\/2016\/01\/Luzern-Ladengeschaeft-am-Kornmarkt-wird-frei-immobilien-business.jpg","schema":{"@context":"https:\/\/schema.org","@graph":[{"@type":"Article","@id":"https:\/\/www.immobilienbusiness.ch\/allgemein\/2016-01-11\/luzern-ladengeschaeft-am-kornmarkt-wird-frei\/#article","isPartOf":{"@id":"https:\/\/www.immobilienbusiness.ch\/allgemein\/2016-01-11\/luzern-ladengeschaeft-am-kornmarkt-wird-frei\/"},"author":{"name":"Redaktion","@id":"https:\/\/www.immobilienbusiness.ch\/#\/schema\/person\/aa2bace6c5c5aad60102004a50c4eb1c"},"headline":"Luzern: Ladengesch\u00e4ft am Kornmarkt wird frei","datePublished":"2016-01-11T07:49:37+00:00","mainEntityOfPage":{"@id":"https:\/\/www.immobilienbusiness.ch\/allgemein\/2016-01-11\/luzern-ladengeschaeft-am-kornmarkt-wird-frei\/"},"wordCount":150,"commentCount":0,"publisher":{"@id":"https:\/\/www.immobilienbusiness.ch\/#organization"},"image":{"@id":"https:\/\/www.immobilienbusiness.ch\/allgemein\/2016-01-11\/luzern-ladengeschaeft-am-kornmarkt-wird-frei\/#primaryimage"},"thumbnailUrl":"https:\/\/www.immobilienbusiness.ch\/wp-content\/uploads\/2016\/01\/Luzern-Ladengeschaeft-am-Kornmarkt-wird-frei-immobilien-business.jpg","keywords":["Luzern","Retail"],"articleSection":["Allgemein","RETAIL"],"inLanguage":"fr-FR"},{"@type":"WebPage","@id":"https:\/\/www.immobilienbusiness.ch\/allgemein\/2016-01-11\/luzern-ladengeschaeft-am-kornmarkt-wird-frei\/","url":"https:\/\/www.immobilienbusiness.ch\/allgemein\/2016-01-11\/luzern-ladengeschaeft-am-kornmarkt-wird-frei\/","name":"Ladengesch\u00e4ft Luzern: Neue Perspektiven in der Altstadt","isPartOf":{"@id":"https:\/\/www.immobilienbusiness.ch\/#website"},"primaryImageOfPage":{"@id":"https:\/\/www.immobilienbusiness.ch\/allgemein\/2016-01-11\/luzern-ladengeschaeft-am-kornmarkt-wird-frei\/#primaryimage"},"image":{"@id":"https:\/\/www.immobilienbusiness.ch\/allgemein\/2016-01-11\/luzern-ladengeschaeft-am-kornmarkt-wird-frei\/#primaryimage"},"thumbnailUrl":"https:\/\/www.immobilienbusiness.ch\/wp-content\/uploads\/2016\/01\/Luzern-Ladengeschaeft-am-Kornmarkt-wird-frei-immobilien-business.jpg","datePublished":"2016-01-11T07:49:37+00:00","description":"Angesichts der Ladenfl\u00e4chenver\u00e4nderung in Luzern wird die Zukunft des Einzelhandels in der Altstadt neu bewertet. Entwicklungen bei Kofler und Co.","breadcrumb":{"@id":"https:\/\/www.immobilienbusiness.ch\/allgemein\/2016-01-11\/luzern-ladengeschaeft-am-kornmarkt-wird-frei\/#breadcrumb"},"inLanguage":"fr-FR","potentialAction":[{"@type":"ReadAction","target":["https:\/\/www.immobilienbusiness.ch\/allgemein\/2016-01-11\/luzern-ladengeschaeft-am-kornmarkt-wird-frei\/"]}]},{"@type":"ImageObject","inLanguage":"fr-FR","@id":"https:\/\/www.immobilienbusiness.ch\/allgemein\/2016-01-11\/luzern-ladengeschaeft-am-kornmarkt-wird-frei\/#primaryimage","url":"https:\/\/www.immobilienbusiness.ch\/wp-content\/uploads\/2016\/01\/Luzern-Ladengeschaeft-am-Kornmarkt-wird-frei-immobilien-business.jpg","contentUrl":"https:\/\/www.immobilienbusiness.ch\/wp-content\/uploads\/2016\/01\/Luzern-Ladengeschaeft-am-Kornmarkt-wird-frei-immobilien-business.jpg","width":1280,"height":853,"caption":"Luzerner Altstadt (Foto: Boenz - Pixabay)"},{"@type":"BreadcrumbList","@id":"https:\/\/www.immobilienbusiness.ch\/allgemein\/2016-01-11\/luzern-ladengeschaeft-am-kornmarkt-wird-frei\/#breadcrumb","itemListElement":[{"@type":"ListItem","position":1,"name":"Home","item":"https:\/\/www.immobilienbusiness.ch\/"},{"@type":"ListItem","position":2,"name":"Luzern: Ladengesch\u00e4ft am Kornmarkt wird frei"}]},{"@type":"WebSite","@id":"https:\/\/www.immobilienbusiness.ch\/#website","url":"https:\/\/www.immobilienbusiness.ch\/","name":"IMMOBILIER Business","description":"Magazine \u00e9conomique suisse ind\u00e9pendant ax\u00e9 sur l'immobilier, l'architecture et la construction ainsi que sur les investissements et le financement.","publisher":{"@id":"https:\/\/www.immobilienbusiness.ch\/#organization"},"potentialAction":[{"@type":"SearchAction","target":{"@type":"EntryPoint","urlTemplate":"https:\/\/www.immobilienbusiness.ch\/?s={search_term_string}"},"query-input":{"@type":"PropertyValueSpecification","valueRequired":true,"valueName":"search_term_string"}}],"inLanguage":"fr-FR"},{"@type":"Organization","@id":"https:\/\/www.immobilienbusiness.ch\/#organization","name":"IMMOBILIER Business","url":"https:\/\/www.immobilienbusiness.ch\/","logo":{"@type":"ImageObject","inLanguage":"fr-FR","@id":"https:\/\/www.immobilienbusiness.ch\/#\/schema\/logo\/image\/","url":"https:\/\/www.immobilienbusiness.ch\/wp-content\/uploads\/2021\/07\/logo_ib.png","contentUrl":"https:\/\/www.immobilienbusiness.ch\/wp-content\/uploads\/2021\/07\/logo_ib.png","width":800,"height":181,"caption":"IMMOBILIEN Business"},"image":{"@id":"https:\/\/www.immobilienbusiness.ch\/#\/schema\/logo\/image\/"},"sameAs":["https:\/\/www.facebook.com\/immobilienbusiness\/"]},{"@type":"Person","@id":"https:\/\/www.immobilienbusiness.ch\/#\/schema\/person\/aa2bace6c5c5aad60102004a50c4eb1c","name":"Editorial","image":{"@type":"ImageObject","inLanguage":"fr-FR","@id":"https:\/\/secure.gravatar.com\/avatar\/ae2f4d718e6c49043e314ce431e7e645d646302a24a5ef5a8bc8e3f5a032e319?s=96&d=mm&r=g","url":"https:\/\/secure.gravatar.com\/avatar\/ae2f4d718e6c49043e314ce431e7e645d646302a24a5ef5a8bc8e3f5a032e319?s=96&d=mm&r=g","contentUrl":"https:\/\/secure.gravatar.com\/avatar\/ae2f4d718e6c49043e314ce431e7e645d646302a24a5ef5a8bc8e3f5a032e319?s=96&d=mm&r=g","caption":"Redaktion"},"sameAs":["http:\/\/develop.organisator.galledia.ch"],"url":"https:\/\/www.immobilienbusiness.ch\/fr\/author\/admin\/"}]}},"_links":{"self":[{"href":"https:\/\/www.immobilienbusiness.ch\/fr\/wp-json\/wp\/v2\/posts\/2025","targetHints":{"allow":["GET"]}}],"collection":[{"href":"https:\/\/www.immobilienbusiness.ch\/fr\/wp-json\/wp\/v2\/posts"}],"about":[{"href":"https:\/\/www.immobilienbusiness.ch\/fr\/wp-json\/wp\/v2\/types\/post"}],"author":[{"embeddable":true,"href":"https:\/\/www.immobilienbusiness.ch\/fr\/wp-json\/wp\/v2\/users\/1"}],"replies":[{"embeddable":true,"href":"https:\/\/www.immobilienbusiness.ch\/fr\/wp-json\/wp\/v2\/comments?post=2025"}],"version-history":[{"count":0,"href":"https:\/\/www.immobilienbusiness.ch\/fr\/wp-json\/wp\/v2\/posts\/2025\/revisions"}],"wp:featuredmedia":[{"embeddable":true,"href":"https:\/\/www.immobilienbusiness.ch\/fr\/wp-json\/wp\/v2\/media\/2027"}],"wp:attachment":[{"href":"https:\/\/www.immobilienbusiness.ch\/fr\/wp-json\/wp\/v2\/media?parent=2025"}],"wp:term":[{"taxonomy":"category","embeddable":true,"href":"https:\/\/www.immobilienbusiness.ch\/fr\/wp-json\/wp\/v2\/categories?post=2025"},{"taxonomy":"post_tag","embeddable":true,"href":"https:\/\/www.immobilienbusiness.ch\/fr\/wp-json\/wp\/v2\/tags?post=2025"}],"curies":[{"name":"wp","href":"https:\/\/api.w.org\/{rel}","templated":true}]}}