{"id":20232,"date":"2020-02-13T09:58:49","date_gmt":"2020-02-13T08:58:49","guid":{"rendered":"https:\/\/www.immobilienbusiness.ch\/?p=20232"},"modified":"2023-06-24T12:57:34","modified_gmt":"2023-06-24T10:57:34","slug":"31-maerz-2020-maerz-swiss-valuation-congress","status":"publish","type":"post","link":"https:\/\/www.immobilienbusiness.ch\/fr\/allgemein\/2020-02-13\/31-maerz-2020-maerz-swiss-valuation-congress\/","title":{"rendered":"30 juin 2020 Mars Congr\u00e8s suisse d'\u00e9valuation"},"content":{"rendered":"<div class=\"field field--name-field-lead field--type-string-long field--label-hidden field__item\">Le congr\u00e8s professionnel de l'\u00e9valuation immobili\u00e8re<\/div>\n<div class=\"field field--name-field-paragraphs-content field--type-entity-reference-revisions field--label-hidden\">\n<div class=\"paragraph paragraph--type--text paragraph--view-mode--default\">\n<div class=\"clearfix text-formatted field field--name-field-text field--type-text-long field--label-hidden field__item\">\n<p><strong>Congr\u00e8s sur l'\u00e9valuation 2020<\/strong><\/p>\n<p>Valeurs et avantages de la technologie du b\u00e2timent<\/p>\n<p>Le prochain Valuation Congress aura lieu le 30 juin 2020. Nous serons en mesure de vous pr\u00e9senter le programme en d\u00e9cembre 2019.<\/p>\n<p><a href=\"https:\/\/www.svit.ch\/de\/event\/swiss-valuation-congress-2020\" target=\"_blank\" rel=\"noopener noreferrer\">Vous en saurez plus ici.\u00a0<\/a><\/p>\n<\/div>\n<\/div>\n<\/div>","protected":false},"excerpt":{"rendered":"<p>Le congr\u00e8s sp\u00e9cialis\u00e9 de l'\u00e9valuation immobili\u00e8re Valuation Congress 2020 Valeurs et avantages de la technique du b\u00e2timent Le prochain Valuation Congress aura lieu le 30 juin 2020. Nous serons en mesure de vous pr\u00e9senter le programme en d\u00e9cembre 2019. Vous en apprendrez plus ici.  (Visited 9 times, 1 visits today)<\/p>","protected":false},"author":102,"featured_media":20233,"comment_status":"closed","ping_status":"closed","sticky":false,"template":"","format":"standard","meta":{"_acf_changed":false,"_yoast_wpseo_focuskw":"Valuation Congress","_yoast_wpseo_title":"","_yoast_wpseo_metadesc":"Der Fachkongress der Immobilienbewertung Valuation Congress 2020 Werte und Nutzen von Geb\u00e4udetechnik Der n\u00e4chste Valuation Congress findet am 30. Juni 2020 statt. Das Programm werden wir Ihnen im Dezember 2019 pr\u00e4sentieren k\u00f6nnen. Hier erfahren Sie mehr. (Visited 9 times, 1 visits today)","_yoast_wpseo_linkdex":47,"pgc_sgb_lightbox_settings":"","footnotes":""},"categories":[1],"tags":[],"class_list":["post-20232","post","type-post","status-publish","format-standard","has-post-thumbnail","hentry","category-allgemein"],"acf":[],"yoast_head":"<!-- This site is optimized with the Yoast SEO plugin v27.5 - https:\/\/yoast.com\/product\/yoast-seo-wordpress\/ -->\n<title>30. Juni 2020 M\u00e4rz Swiss Valuation Congress - IMMOBILIEN Business<\/title>\n<meta name=\"description\" content=\"Der Fachkongress der Immobilienbewertung Valuation Congress 2020 Werte und Nutzen von Geb\u00e4udetechnik Der n\u00e4chste Valuation Congress findet am 30. Juni 2020 statt. Das Programm werden wir Ihnen im Dezember 2019 pr\u00e4sentieren k\u00f6nnen. Hier erfahren Sie mehr. (Visited 9 times, 1 visits today)\" \/>\n<meta name=\"robots\" content=\"index, follow, max-snippet:-1, max-image-preview:large, max-video-preview:-1\" \/>\n<link rel=\"canonical\" href=\"https:\/\/www.immobilienbusiness.ch\/fr\/allgemein\/2020-02-13\/31-maerz-2020-maerz-swiss-valuation-congress\/\" \/>\n<meta property=\"og:locale\" content=\"fr_FR\" \/>\n<meta property=\"og:type\" content=\"article\" \/>\n<meta property=\"og:title\" content=\"30. Juni 2020 M\u00e4rz Swiss Valuation Congress - IMMOBILIEN Business\" \/>\n<meta property=\"og:description\" content=\"Der Fachkongress der Immobilienbewertung Valuation Congress 2020 Werte und Nutzen von Geb\u00e4udetechnik Der n\u00e4chste Valuation Congress findet am 30. Juni 2020 statt. Das Programm werden wir Ihnen im Dezember 2019 pr\u00e4sentieren k\u00f6nnen. Hier erfahren Sie mehr. (Visited 9 times, 1 visits today)\" \/>\n<meta property=\"og:url\" content=\"https:\/\/www.immobilienbusiness.ch\/fr\/allgemein\/2020-02-13\/31-maerz-2020-maerz-swiss-valuation-congress\/\" \/>\n<meta property=\"og:site_name\" content=\"IMMOBILIEN Business\" \/>\n<meta property=\"article:publisher\" content=\"https:\/\/www.facebook.com\/immobilienbusiness\/\" \/>\n<meta property=\"article:published_time\" content=\"2020-02-13T08:58:49+00:00\" \/>\n<meta property=\"article:modified_time\" content=\"2023-06-24T10:57:34+00:00\" \/>\n<meta property=\"og:image\" content=\"https:\/\/www.immobilienbusiness.ch\/wp-content\/uploads\/2020\/02\/Unbenannt-3.png\" \/>\n\t<meta property=\"og:image:width\" content=\"159\" \/>\n\t<meta property=\"og:image:height\" content=\"120\" \/>\n\t<meta property=\"og:image:type\" content=\"image\/png\" \/>\n<meta name=\"author\" content=\"Alexander Wachter\" \/>\n<meta name=\"twitter:card\" content=\"summary_large_image\" \/>\n<script type=\"application\/ld+json\" class=\"yoast-schema-graph\">{\"@context\":\"https:\\\/\\\/schema.org\",\"@graph\":[{\"@type\":\"Article\",\"@id\":\"https:\\\/\\\/www.immobilienbusiness.ch\\\/en\\\/allgemein\\\/2020-02-13\\\/31-maerz-2020-maerz-swiss-valuation-congress\\\/#article\",\"isPartOf\":{\"@id\":\"https:\\\/\\\/www.immobilienbusiness.ch\\\/en\\\/allgemein\\\/2020-02-13\\\/31-maerz-2020-maerz-swiss-valuation-congress\\\/\"},\"author\":{\"name\":\"Alexander Wachter\",\"@id\":\"https:\\\/\\\/www.immobilienbusiness.ch\\\/#\\\/schema\\\/person\\\/aba8bea2db926aa0c24c08c43fe1fcd5\"},\"headline\":\"30. Juni 2020 M\u00e4rz Swiss Valuation Congress\",\"datePublished\":\"2020-02-13T08:58:49+00:00\",\"dateModified\":\"2023-06-24T10:57:34+00:00\",\"mainEntityOfPage\":{\"@id\":\"https:\\\/\\\/www.immobilienbusiness.ch\\\/en\\\/allgemein\\\/2020-02-13\\\/31-maerz-2020-maerz-swiss-valuation-congress\\\/\"},\"wordCount\":42,\"publisher\":{\"@id\":\"https:\\\/\\\/www.immobilienbusiness.ch\\\/#organization\"},\"image\":{\"@id\":\"https:\\\/\\\/www.immobilienbusiness.ch\\\/en\\\/allgemein\\\/2020-02-13\\\/31-maerz-2020-maerz-swiss-valuation-congress\\\/#primaryimage\"},\"thumbnailUrl\":\"https:\\\/\\\/www.immobilienbusiness.ch\\\/wp-content\\\/uploads\\\/2020\\\/02\\\/Unbenannt-3.png\",\"articleSection\":[\"Allgemein\"],\"inLanguage\":\"fr-FR\"},{\"@type\":\"WebPage\",\"@id\":\"https:\\\/\\\/www.immobilienbusiness.ch\\\/en\\\/allgemein\\\/2020-02-13\\\/31-maerz-2020-maerz-swiss-valuation-congress\\\/\",\"url\":\"https:\\\/\\\/www.immobilienbusiness.ch\\\/en\\\/allgemein\\\/2020-02-13\\\/31-maerz-2020-maerz-swiss-valuation-congress\\\/\",\"name\":\"30. Juni 2020 M\u00e4rz Swiss Valuation Congress - IMMOBILIEN Business\",\"isPartOf\":{\"@id\":\"https:\\\/\\\/www.immobilienbusiness.ch\\\/#website\"},\"primaryImageOfPage\":{\"@id\":\"https:\\\/\\\/www.immobilienbusiness.ch\\\/en\\\/allgemein\\\/2020-02-13\\\/31-maerz-2020-maerz-swiss-valuation-congress\\\/#primaryimage\"},\"image\":{\"@id\":\"https:\\\/\\\/www.immobilienbusiness.ch\\\/en\\\/allgemein\\\/2020-02-13\\\/31-maerz-2020-maerz-swiss-valuation-congress\\\/#primaryimage\"},\"thumbnailUrl\":\"https:\\\/\\\/www.immobilienbusiness.ch\\\/wp-content\\\/uploads\\\/2020\\\/02\\\/Unbenannt-3.png\",\"datePublished\":\"2020-02-13T08:58:49+00:00\",\"dateModified\":\"2023-06-24T10:57:34+00:00\",\"description\":\"Der Fachkongress der Immobilienbewertung Valuation Congress 2020 Werte und Nutzen von Geb\u00e4udetechnik Der n\u00e4chste Valuation Congress findet am 30. Juni 2020 statt. Das Programm werden wir Ihnen im Dezember 2019 pr\u00e4sentieren k\u00f6nnen. Hier erfahren Sie mehr. (Visited 9 times, 1 visits today)\",\"breadcrumb\":{\"@id\":\"https:\\\/\\\/www.immobilienbusiness.ch\\\/en\\\/allgemein\\\/2020-02-13\\\/31-maerz-2020-maerz-swiss-valuation-congress\\\/#breadcrumb\"},\"inLanguage\":\"fr-FR\",\"potentialAction\":[{\"@type\":\"ReadAction\",\"target\":[\"https:\\\/\\\/www.immobilienbusiness.ch\\\/en\\\/allgemein\\\/2020-02-13\\\/31-maerz-2020-maerz-swiss-valuation-congress\\\/\"]}]},{\"@type\":\"ImageObject\",\"inLanguage\":\"fr-FR\",\"@id\":\"https:\\\/\\\/www.immobilienbusiness.ch\\\/en\\\/allgemein\\\/2020-02-13\\\/31-maerz-2020-maerz-swiss-valuation-congress\\\/#primaryimage\",\"url\":\"https:\\\/\\\/www.immobilienbusiness.ch\\\/wp-content\\\/uploads\\\/2020\\\/02\\\/Unbenannt-3.png\",\"contentUrl\":\"https:\\\/\\\/www.immobilienbusiness.ch\\\/wp-content\\\/uploads\\\/2020\\\/02\\\/Unbenannt-3.png\",\"width\":159,\"height\":120},{\"@type\":\"BreadcrumbList\",\"@id\":\"https:\\\/\\\/www.immobilienbusiness.ch\\\/en\\\/allgemein\\\/2020-02-13\\\/31-maerz-2020-maerz-swiss-valuation-congress\\\/#breadcrumb\",\"itemListElement\":[{\"@type\":\"ListItem\",\"position\":1,\"name\":\"Home\",\"item\":\"https:\\\/\\\/www.immobilienbusiness.ch\\\/\"},{\"@type\":\"ListItem\",\"position\":2,\"name\":\"30. Juni 2020 M\u00e4rz Swiss Valuation Congress\"}]},{\"@type\":\"WebSite\",\"@id\":\"https:\\\/\\\/www.immobilienbusiness.ch\\\/#website\",\"url\":\"https:\\\/\\\/www.immobilienbusiness.ch\\\/\",\"name\":\"IMMOBILIEN Business\",\"description\":\"Unabh\u00e4ngiges Schweizer Wirtschaftsmagazin mit Fokus auf Immobilien, Architektur- und Bau sowie Investment- und Finanzierung.\",\"publisher\":{\"@id\":\"https:\\\/\\\/www.immobilienbusiness.ch\\\/#organization\"},\"potentialAction\":[{\"@type\":\"SearchAction\",\"target\":{\"@type\":\"EntryPoint\",\"urlTemplate\":\"https:\\\/\\\/www.immobilienbusiness.ch\\\/?s={search_term_string}\"},\"query-input\":{\"@type\":\"PropertyValueSpecification\",\"valueRequired\":true,\"valueName\":\"search_term_string\"}}],\"inLanguage\":\"fr-FR\"},{\"@type\":\"Organization\",\"@id\":\"https:\\\/\\\/www.immobilienbusiness.ch\\\/#organization\",\"name\":\"IMMOBILIEN Business\",\"url\":\"https:\\\/\\\/www.immobilienbusiness.ch\\\/\",\"logo\":{\"@type\":\"ImageObject\",\"inLanguage\":\"fr-FR\",\"@id\":\"https:\\\/\\\/www.immobilienbusiness.ch\\\/#\\\/schema\\\/logo\\\/image\\\/\",\"url\":\"https:\\\/\\\/www.immobilienbusiness.ch\\\/wp-content\\\/uploads\\\/2021\\\/07\\\/logo_ib.png\",\"contentUrl\":\"https:\\\/\\\/www.immobilienbusiness.ch\\\/wp-content\\\/uploads\\\/2021\\\/07\\\/logo_ib.png\",\"width\":800,\"height\":181,\"caption\":\"IMMOBILIEN Business\"},\"image\":{\"@id\":\"https:\\\/\\\/www.immobilienbusiness.ch\\\/#\\\/schema\\\/logo\\\/image\\\/\"},\"sameAs\":[\"https:\\\/\\\/www.facebook.com\\\/immobilienbusiness\\\/\"]},{\"@type\":\"Person\",\"@id\":\"https:\\\/\\\/www.immobilienbusiness.ch\\\/#\\\/schema\\\/person\\\/aba8bea2db926aa0c24c08c43fe1fcd5\",\"name\":\"Alexander Wachter\",\"image\":{\"@type\":\"ImageObject\",\"inLanguage\":\"fr-FR\",\"@id\":\"https:\\\/\\\/secure.gravatar.com\\\/avatar\\\/1a09e471f5389b0e0a6416eac287e0927c7c97a7b77f9e787eba3af7aee281dd?s=96&d=mm&r=g\",\"url\":\"https:\\\/\\\/secure.gravatar.com\\\/avatar\\\/1a09e471f5389b0e0a6416eac287e0927c7c97a7b77f9e787eba3af7aee281dd?s=96&d=mm&r=g\",\"contentUrl\":\"https:\\\/\\\/secure.gravatar.com\\\/avatar\\\/1a09e471f5389b0e0a6416eac287e0927c7c97a7b77f9e787eba3af7aee281dd?s=96&d=mm&r=g\",\"caption\":\"Alexander Wachter\"},\"url\":\"https:\\\/\\\/www.immobilienbusiness.ch\\\/fr\\\/author\\\/alexander-wachter\\\/\"}]}<\/script>\n<!-- \/ Yoast SEO plugin. -->","yoast_head_json":{"title":"30. Juni 2020 M\u00e4rz Swiss Valuation Congress - IMMOBILIEN Business","description":"Der Fachkongress der Immobilienbewertung Valuation Congress 2020 Werte und Nutzen von Geb\u00e4udetechnik Der n\u00e4chste Valuation Congress findet am 30. Juni 2020 statt. Das Programm werden wir Ihnen im Dezember 2019 pr\u00e4sentieren k\u00f6nnen. Hier erfahren Sie mehr. (Visited 9 times, 1 visits today)","robots":{"index":"index","follow":"follow","max-snippet":"max-snippet:-1","max-image-preview":"max-image-preview:large","max-video-preview":"max-video-preview:-1"},"canonical":"https:\/\/www.immobilienbusiness.ch\/fr\/allgemein\/2020-02-13\/31-maerz-2020-maerz-swiss-valuation-congress\/","og_locale":"fr_FR","og_type":"article","og_title":"30. Juni 2020 M\u00e4rz Swiss Valuation Congress - IMMOBILIEN Business","og_description":"Der Fachkongress der Immobilienbewertung Valuation Congress 2020 Werte und Nutzen von Geb\u00e4udetechnik Der n\u00e4chste Valuation Congress findet am 30. Juni 2020 statt. Das Programm werden wir Ihnen im Dezember 2019 pr\u00e4sentieren k\u00f6nnen. Hier erfahren Sie mehr. (Visited 9 times, 1 visits today)","og_url":"https:\/\/www.immobilienbusiness.ch\/fr\/allgemein\/2020-02-13\/31-maerz-2020-maerz-swiss-valuation-congress\/","og_site_name":"IMMOBILIEN Business","article_publisher":"https:\/\/www.facebook.com\/immobilienbusiness\/","article_published_time":"2020-02-13T08:58:49+00:00","article_modified_time":"2023-06-24T10:57:34+00:00","og_image":[{"width":159,"height":120,"url":"https:\/\/www.immobilienbusiness.ch\/wp-content\/uploads\/2020\/02\/Unbenannt-3.png","type":"image\/png"}],"author":"Alexander Wachter","twitter_card":"summary_large_image","schema":{"@context":"https:\/\/schema.org","@graph":[{"@type":"Article","@id":"https:\/\/www.immobilienbusiness.ch\/en\/allgemein\/2020-02-13\/31-maerz-2020-maerz-swiss-valuation-congress\/#article","isPartOf":{"@id":"https:\/\/www.immobilienbusiness.ch\/en\/allgemein\/2020-02-13\/31-maerz-2020-maerz-swiss-valuation-congress\/"},"author":{"name":"Alexander Wachter","@id":"https:\/\/www.immobilienbusiness.ch\/#\/schema\/person\/aba8bea2db926aa0c24c08c43fe1fcd5"},"headline":"30. Juni 2020 M\u00e4rz Swiss Valuation Congress","datePublished":"2020-02-13T08:58:49+00:00","dateModified":"2023-06-24T10:57:34+00:00","mainEntityOfPage":{"@id":"https:\/\/www.immobilienbusiness.ch\/en\/allgemein\/2020-02-13\/31-maerz-2020-maerz-swiss-valuation-congress\/"},"wordCount":42,"publisher":{"@id":"https:\/\/www.immobilienbusiness.ch\/#organization"},"image":{"@id":"https:\/\/www.immobilienbusiness.ch\/en\/allgemein\/2020-02-13\/31-maerz-2020-maerz-swiss-valuation-congress\/#primaryimage"},"thumbnailUrl":"https:\/\/www.immobilienbusiness.ch\/wp-content\/uploads\/2020\/02\/Unbenannt-3.png","articleSection":["Allgemein"],"inLanguage":"fr-FR"},{"@type":"WebPage","@id":"https:\/\/www.immobilienbusiness.ch\/en\/allgemein\/2020-02-13\/31-maerz-2020-maerz-swiss-valuation-congress\/","url":"https:\/\/www.immobilienbusiness.ch\/en\/allgemein\/2020-02-13\/31-maerz-2020-maerz-swiss-valuation-congress\/","name":"30. Juni 2020 M\u00e4rz Swiss Valuation Congress - IMMOBILIEN Business","isPartOf":{"@id":"https:\/\/www.immobilienbusiness.ch\/#website"},"primaryImageOfPage":{"@id":"https:\/\/www.immobilienbusiness.ch\/en\/allgemein\/2020-02-13\/31-maerz-2020-maerz-swiss-valuation-congress\/#primaryimage"},"image":{"@id":"https:\/\/www.immobilienbusiness.ch\/en\/allgemein\/2020-02-13\/31-maerz-2020-maerz-swiss-valuation-congress\/#primaryimage"},"thumbnailUrl":"https:\/\/www.immobilienbusiness.ch\/wp-content\/uploads\/2020\/02\/Unbenannt-3.png","datePublished":"2020-02-13T08:58:49+00:00","dateModified":"2023-06-24T10:57:34+00:00","description":"Der Fachkongress der Immobilienbewertung Valuation Congress 2020 Werte und Nutzen von Geb\u00e4udetechnik Der n\u00e4chste Valuation Congress findet am 30. Juni 2020 statt. Das Programm werden wir Ihnen im Dezember 2019 pr\u00e4sentieren k\u00f6nnen. Hier erfahren Sie mehr. (Visited 9 times, 1 visits today)","breadcrumb":{"@id":"https:\/\/www.immobilienbusiness.ch\/en\/allgemein\/2020-02-13\/31-maerz-2020-maerz-swiss-valuation-congress\/#breadcrumb"},"inLanguage":"fr-FR","potentialAction":[{"@type":"ReadAction","target":["https:\/\/www.immobilienbusiness.ch\/en\/allgemein\/2020-02-13\/31-maerz-2020-maerz-swiss-valuation-congress\/"]}]},{"@type":"ImageObject","inLanguage":"fr-FR","@id":"https:\/\/www.immobilienbusiness.ch\/en\/allgemein\/2020-02-13\/31-maerz-2020-maerz-swiss-valuation-congress\/#primaryimage","url":"https:\/\/www.immobilienbusiness.ch\/wp-content\/uploads\/2020\/02\/Unbenannt-3.png","contentUrl":"https:\/\/www.immobilienbusiness.ch\/wp-content\/uploads\/2020\/02\/Unbenannt-3.png","width":159,"height":120},{"@type":"BreadcrumbList","@id":"https:\/\/www.immobilienbusiness.ch\/en\/allgemein\/2020-02-13\/31-maerz-2020-maerz-swiss-valuation-congress\/#breadcrumb","itemListElement":[{"@type":"ListItem","position":1,"name":"Home","item":"https:\/\/www.immobilienbusiness.ch\/"},{"@type":"ListItem","position":2,"name":"30. Juni 2020 M\u00e4rz Swiss Valuation Congress"}]},{"@type":"WebSite","@id":"https:\/\/www.immobilienbusiness.ch\/#website","url":"https:\/\/www.immobilienbusiness.ch\/","name":"IMMOBILIER Business","description":"Magazine \u00e9conomique suisse ind\u00e9pendant ax\u00e9 sur l'immobilier, l'architecture et la construction ainsi que sur les investissements et le financement.","publisher":{"@id":"https:\/\/www.immobilienbusiness.ch\/#organization"},"potentialAction":[{"@type":"SearchAction","target":{"@type":"EntryPoint","urlTemplate":"https:\/\/www.immobilienbusiness.ch\/?s={search_term_string}"},"query-input":{"@type":"PropertyValueSpecification","valueRequired":true,"valueName":"search_term_string"}}],"inLanguage":"fr-FR"},{"@type":"Organization","@id":"https:\/\/www.immobilienbusiness.ch\/#organization","name":"IMMOBILIER Business","url":"https:\/\/www.immobilienbusiness.ch\/","logo":{"@type":"ImageObject","inLanguage":"fr-FR","@id":"https:\/\/www.immobilienbusiness.ch\/#\/schema\/logo\/image\/","url":"https:\/\/www.immobilienbusiness.ch\/wp-content\/uploads\/2021\/07\/logo_ib.png","contentUrl":"https:\/\/www.immobilienbusiness.ch\/wp-content\/uploads\/2021\/07\/logo_ib.png","width":800,"height":181,"caption":"IMMOBILIEN Business"},"image":{"@id":"https:\/\/www.immobilienbusiness.ch\/#\/schema\/logo\/image\/"},"sameAs":["https:\/\/www.facebook.com\/immobilienbusiness\/"]},{"@type":"Person","@id":"https:\/\/www.immobilienbusiness.ch\/#\/schema\/person\/aba8bea2db926aa0c24c08c43fe1fcd5","name":"Alexander Wachter","image":{"@type":"ImageObject","inLanguage":"fr-FR","@id":"https:\/\/secure.gravatar.com\/avatar\/1a09e471f5389b0e0a6416eac287e0927c7c97a7b77f9e787eba3af7aee281dd?s=96&d=mm&r=g","url":"https:\/\/secure.gravatar.com\/avatar\/1a09e471f5389b0e0a6416eac287e0927c7c97a7b77f9e787eba3af7aee281dd?s=96&d=mm&r=g","contentUrl":"https:\/\/secure.gravatar.com\/avatar\/1a09e471f5389b0e0a6416eac287e0927c7c97a7b77f9e787eba3af7aee281dd?s=96&d=mm&r=g","caption":"Alexander Wachter"},"url":"https:\/\/www.immobilienbusiness.ch\/fr\/author\/alexander-wachter\/"}]}},"_links":{"self":[{"href":"https:\/\/www.immobilienbusiness.ch\/fr\/wp-json\/wp\/v2\/posts\/20232","targetHints":{"allow":["GET"]}}],"collection":[{"href":"https:\/\/www.immobilienbusiness.ch\/fr\/wp-json\/wp\/v2\/posts"}],"about":[{"href":"https:\/\/www.immobilienbusiness.ch\/fr\/wp-json\/wp\/v2\/types\/post"}],"author":[{"embeddable":true,"href":"https:\/\/www.immobilienbusiness.ch\/fr\/wp-json\/wp\/v2\/users\/102"}],"replies":[{"embeddable":true,"href":"https:\/\/www.immobilienbusiness.ch\/fr\/wp-json\/wp\/v2\/comments?post=20232"}],"version-history":[{"count":1,"href":"https:\/\/www.immobilienbusiness.ch\/fr\/wp-json\/wp\/v2\/posts\/20232\/revisions"}],"predecessor-version":[{"id":48094,"href":"https:\/\/www.immobilienbusiness.ch\/fr\/wp-json\/wp\/v2\/posts\/20232\/revisions\/48094"}],"wp:featuredmedia":[{"embeddable":true,"href":"https:\/\/www.immobilienbusiness.ch\/fr\/wp-json\/wp\/v2\/media\/20233"}],"wp:attachment":[{"href":"https:\/\/www.immobilienbusiness.ch\/fr\/wp-json\/wp\/v2\/media?parent=20232"}],"wp:term":[{"taxonomy":"category","embeddable":true,"href":"https:\/\/www.immobilienbusiness.ch\/fr\/wp-json\/wp\/v2\/categories?post=20232"},{"taxonomy":"post_tag","embeddable":true,"href":"https:\/\/www.immobilienbusiness.ch\/fr\/wp-json\/wp\/v2\/tags?post=20232"}],"curies":[{"name":"wp","href":"https:\/\/api.w.org\/{rel}","templated":true}]}}