{"id":2019,"date":"2016-01-08T09:24:24","date_gmt":"2016-01-08T08:24:24","guid":{"rendered":"http:\/\/dev.immobilienbusiness.ch\/?p=2019"},"modified":"2016-01-08T09:24:24","modified_gmt":"2016-01-08T08:24:24","slug":"st-gallen-sbb-beginnt-mit-umbau-der-bahnhofsgebaeude","status":"publish","type":"post","link":"https:\/\/www.immobilienbusiness.ch\/fr\/allgemein\/2016-01-08\/st-gallen-sbb-beginnt-mit-umbau-der-bahnhofsgebaeude\/","title":{"rendered":"La gare de Saint-Gall : Les CFF entament la transformation des b\u00e2timents de la gare"},"content":{"rendered":"<figure id=\"attachment_2020\" aria-describedby=\"caption-attachment-2020\" style=\"width: 680px\" class=\"wp-caption alignnone\"><img loading=\"lazy\" decoding=\"async\" class=\"size-medium wp-image-2020\" src=\"https:\/\/immobilienbusiness.ch\/wp-content\/uploads\/2016\/12\/St.Gallen-SBB-beginnt-mit-Umbau-der-Bahnhofsgeb\u00e4ude-immobilien-business.jpg\" alt=\"Die Ankunftshalle des St. Galler Bahnhofs (Visualisierung: SBB)\" width=\"680\" height=\"340\" \/><figcaption id=\"caption-attachment-2020\" class=\"wp-caption-text\">Le hall d'arriv\u00e9e de la gare de Saint-Gall (Visualisation : CFF)<\/figcaption><\/figure>\n<p>A partir de mi-2016 et jusqu'au printemps 2017, un centre de voyages agrandi, y compris une consigne \u00e0 bagages, sera construit dans le passage de l'aile ouest du b\u00e2timent de la gare. Le nouveau site est situ\u00e9 au centre, entre les deux passages souterrains pour personnes.<\/p>\n<p>Parall\u00e8lement aux travaux de transformation des b\u00e2timents de la gare, les travaux de r\u00e9novation du passage souterrain de l'h\u00f4tel de ville d\u00e9marrent. Celui-ci sera plus large et plus clair, il disposera de plus d'acc\u00e8s aux quais et de onze nouveaux magasins, indiquent les CFF. Au total, toute la gare comptera \u00e0 l'avenir 29 magasins, contre 18 actuellement, dont la plus grande surface sera occup\u00e9e par Coop. Le d\u00e9taillant s'installe \u00e0 l'ouest de la gare sur une surface de 500 m\u00e8tres carr\u00e9s.<\/p>\n<p>Les CFF investissent environ 58 millions de CHF dans la nouvelle gare. Les travaux devraient \u00eatre termin\u00e9s en \u00e9t\u00e9 2018. (ah)<\/p>","protected":false},"excerpt":{"rendered":"<p>En mai 2015, la ville de Saint-Gall s'est lanc\u00e9e dans le r\u00e9am\u00e9nagement de la place de la gare, et maintenant les CFF interviennent \u00e9galement dans le chantier. Les premiers travaux de transformation du b\u00e2timent de service situ\u00e9 \u00e0 l'ouest de la gare d\u00e9buteront encore en janvier.<\/p>","protected":false},"author":1,"featured_media":2020,"comment_status":"open","ping_status":"open","sticky":false,"template":"","format":"standard","meta":{"_acf_changed":false,"_yoast_wpseo_focuskw":"Bahnhof St. Gallen","_yoast_wpseo_title":"Bahnhof St. Gallen: Umbau des Geb\u00e4udes beginnt","_yoast_wpseo_metadesc":"Der Bahnhof St. Gallen erh\u00e4lt ab 2016 umfangreiche Umbauten, inklusive neuem Reisezentrum und erweiterten Einkaufsm\u00f6glichkeiten. Investition von 58 Mio. CHF.","_yoast_wpseo_linkdex":55,"pgc_sgb_lightbox_settings":"","footnotes":""},"categories":[1],"tags":[1365,1722],"class_list":["post-2019","post","type-post","status-publish","format-standard","has-post-thumbnail","hentry","category-allgemein","tag-infrastruktur","tag-st-gallen"],"acf":[],"yoast_head":"<!-- This site is optimized with the Yoast SEO plugin v27.5 - https:\/\/yoast.com\/product\/yoast-seo-wordpress\/ -->\n<title>Bahnhof St. Gallen: Umbau des Geb\u00e4udes beginnt<\/title>\n<meta name=\"description\" content=\"Der Bahnhof St. Gallen erh\u00e4lt ab 2016 umfangreiche Umbauten, inklusive neuem Reisezentrum und erweiterten Einkaufsm\u00f6glichkeiten. Investition von 58 Mio. CHF.\" \/>\n<meta name=\"robots\" content=\"index, follow, max-snippet:-1, max-image-preview:large, max-video-preview:-1\" \/>\n<link rel=\"canonical\" href=\"https:\/\/www.immobilienbusiness.ch\/fr\/allgemein\/2016-01-08\/st-gallen-sbb-beginnt-mit-umbau-der-bahnhofsgebaeude\/\" \/>\n<meta property=\"og:locale\" content=\"fr_FR\" \/>\n<meta property=\"og:type\" content=\"article\" \/>\n<meta property=\"og:title\" content=\"St. Gallen: SBB beginnt mit Umbau der Bahnhofsgeb\u00e4ude\" \/>\n<meta property=\"og:description\" content=\"Im Mai 2015 hat die Stadt St. Gallen die Neugestaltung des Bahnhofplatzes in Angriff genommen, jetzt greift die SBB ebenfalls in das Baugeschehen ein. Noch im Januar beginnen die ersten Arbeiten f\u00fcr den Umbau des Dienstgeb\u00e4udes an der Westseite des Bahnhofs.\" \/>\n<meta property=\"og:url\" content=\"https:\/\/www.immobilienbusiness.ch\/fr\/allgemein\/2016-01-08\/st-gallen-sbb-beginnt-mit-umbau-der-bahnhofsgebaeude\/\" \/>\n<meta property=\"og:site_name\" content=\"IMMOBILIEN Business\" \/>\n<meta property=\"article:publisher\" content=\"https:\/\/www.facebook.com\/immobilienbusiness\/\" \/>\n<meta property=\"article:published_time\" content=\"2016-01-08T08:24:24+00:00\" \/>\n<meta name=\"author\" content=\"Redaktion\" \/>\n<meta name=\"twitter:card\" content=\"summary_large_image\" \/>\n<meta name=\"twitter:image\" content=\"https:\/\/www.immobilienbusiness.ch\/wp-content\/uploads\/2016\/12\/St.Gallen-SBB-beginnt-mit-Umbau-der-Bahnhofsgebaeude-immobilien-business.jpg\" \/>\n<script type=\"application\/ld+json\" class=\"yoast-schema-graph\">{\"@context\":\"https:\\\/\\\/schema.org\",\"@graph\":[{\"@type\":\"Article\",\"@id\":\"https:\\\/\\\/www.immobilienbusiness.ch\\\/allgemein\\\/2016-01-08\\\/st-gallen-sbb-beginnt-mit-umbau-der-bahnhofsgebaeude\\\/#article\",\"isPartOf\":{\"@id\":\"https:\\\/\\\/www.immobilienbusiness.ch\\\/allgemein\\\/2016-01-08\\\/st-gallen-sbb-beginnt-mit-umbau-der-bahnhofsgebaeude\\\/\"},\"author\":{\"name\":\"Redaktion\",\"@id\":\"https:\\\/\\\/www.immobilienbusiness.ch\\\/#\\\/schema\\\/person\\\/aa2bace6c5c5aad60102004a50c4eb1c\"},\"headline\":\"St. Gallen: SBB beginnt mit Umbau der Bahnhofsgeb\u00e4ude\",\"datePublished\":\"2016-01-08T08:24:24+00:00\",\"mainEntityOfPage\":{\"@id\":\"https:\\\/\\\/www.immobilienbusiness.ch\\\/allgemein\\\/2016-01-08\\\/st-gallen-sbb-beginnt-mit-umbau-der-bahnhofsgebaeude\\\/\"},\"wordCount\":147,\"commentCount\":0,\"publisher\":{\"@id\":\"https:\\\/\\\/www.immobilienbusiness.ch\\\/#organization\"},\"image\":{\"@id\":\"https:\\\/\\\/www.immobilienbusiness.ch\\\/allgemein\\\/2016-01-08\\\/st-gallen-sbb-beginnt-mit-umbau-der-bahnhofsgebaeude\\\/#primaryimage\"},\"thumbnailUrl\":\"https:\\\/\\\/www.immobilienbusiness.ch\\\/wp-content\\\/uploads\\\/2016\\\/12\\\/St.Gallen-SBB-beginnt-mit-Umbau-der-Bahnhofsgebaeude-immobilien-business.jpg\",\"keywords\":[\"Infrastruktur\",\"St. Gallen\"],\"articleSection\":[\"Allgemein\"],\"inLanguage\":\"fr-FR\"},{\"@type\":\"WebPage\",\"@id\":\"https:\\\/\\\/www.immobilienbusiness.ch\\\/allgemein\\\/2016-01-08\\\/st-gallen-sbb-beginnt-mit-umbau-der-bahnhofsgebaeude\\\/\",\"url\":\"https:\\\/\\\/www.immobilienbusiness.ch\\\/allgemein\\\/2016-01-08\\\/st-gallen-sbb-beginnt-mit-umbau-der-bahnhofsgebaeude\\\/\",\"name\":\"Bahnhof St. Gallen: Umbau des Geb\u00e4udes beginnt\",\"isPartOf\":{\"@id\":\"https:\\\/\\\/www.immobilienbusiness.ch\\\/#website\"},\"primaryImageOfPage\":{\"@id\":\"https:\\\/\\\/www.immobilienbusiness.ch\\\/allgemein\\\/2016-01-08\\\/st-gallen-sbb-beginnt-mit-umbau-der-bahnhofsgebaeude\\\/#primaryimage\"},\"image\":{\"@id\":\"https:\\\/\\\/www.immobilienbusiness.ch\\\/allgemein\\\/2016-01-08\\\/st-gallen-sbb-beginnt-mit-umbau-der-bahnhofsgebaeude\\\/#primaryimage\"},\"thumbnailUrl\":\"https:\\\/\\\/www.immobilienbusiness.ch\\\/wp-content\\\/uploads\\\/2016\\\/12\\\/St.Gallen-SBB-beginnt-mit-Umbau-der-Bahnhofsgebaeude-immobilien-business.jpg\",\"datePublished\":\"2016-01-08T08:24:24+00:00\",\"description\":\"Der Bahnhof St. Gallen erh\u00e4lt ab 2016 umfangreiche Umbauten, inklusive neuem Reisezentrum und erweiterten Einkaufsm\u00f6glichkeiten. Investition von 58 Mio. CHF.\",\"breadcrumb\":{\"@id\":\"https:\\\/\\\/www.immobilienbusiness.ch\\\/allgemein\\\/2016-01-08\\\/st-gallen-sbb-beginnt-mit-umbau-der-bahnhofsgebaeude\\\/#breadcrumb\"},\"inLanguage\":\"fr-FR\",\"potentialAction\":[{\"@type\":\"ReadAction\",\"target\":[\"https:\\\/\\\/www.immobilienbusiness.ch\\\/allgemein\\\/2016-01-08\\\/st-gallen-sbb-beginnt-mit-umbau-der-bahnhofsgebaeude\\\/\"]}]},{\"@type\":\"ImageObject\",\"inLanguage\":\"fr-FR\",\"@id\":\"https:\\\/\\\/www.immobilienbusiness.ch\\\/allgemein\\\/2016-01-08\\\/st-gallen-sbb-beginnt-mit-umbau-der-bahnhofsgebaeude\\\/#primaryimage\",\"url\":\"https:\\\/\\\/www.immobilienbusiness.ch\\\/wp-content\\\/uploads\\\/2016\\\/12\\\/St.Gallen-SBB-beginnt-mit-Umbau-der-Bahnhofsgebaeude-immobilien-business.jpg\",\"contentUrl\":\"https:\\\/\\\/www.immobilienbusiness.ch\\\/wp-content\\\/uploads\\\/2016\\\/12\\\/St.Gallen-SBB-beginnt-mit-Umbau-der-Bahnhofsgebaeude-immobilien-business.jpg\",\"width\":2560,\"height\":1280,\"caption\":\"Die Ankunftshalle des St. Galler Bahnhofs (Visualisierung: SBB)\"},{\"@type\":\"BreadcrumbList\",\"@id\":\"https:\\\/\\\/www.immobilienbusiness.ch\\\/allgemein\\\/2016-01-08\\\/st-gallen-sbb-beginnt-mit-umbau-der-bahnhofsgebaeude\\\/#breadcrumb\",\"itemListElement\":[{\"@type\":\"ListItem\",\"position\":1,\"name\":\"Home\",\"item\":\"https:\\\/\\\/www.immobilienbusiness.ch\\\/\"},{\"@type\":\"ListItem\",\"position\":2,\"name\":\"St. Gallen: SBB beginnt mit Umbau der Bahnhofsgeb\u00e4ude\"}]},{\"@type\":\"WebSite\",\"@id\":\"https:\\\/\\\/www.immobilienbusiness.ch\\\/#website\",\"url\":\"https:\\\/\\\/www.immobilienbusiness.ch\\\/\",\"name\":\"IMMOBILIEN Business\",\"description\":\"Unabh\u00e4ngiges Schweizer Wirtschaftsmagazin mit Fokus auf Immobilien, Architektur- und Bau sowie Investment- und Finanzierung.\",\"publisher\":{\"@id\":\"https:\\\/\\\/www.immobilienbusiness.ch\\\/#organization\"},\"potentialAction\":[{\"@type\":\"SearchAction\",\"target\":{\"@type\":\"EntryPoint\",\"urlTemplate\":\"https:\\\/\\\/www.immobilienbusiness.ch\\\/?s={search_term_string}\"},\"query-input\":{\"@type\":\"PropertyValueSpecification\",\"valueRequired\":true,\"valueName\":\"search_term_string\"}}],\"inLanguage\":\"fr-FR\"},{\"@type\":\"Organization\",\"@id\":\"https:\\\/\\\/www.immobilienbusiness.ch\\\/#organization\",\"name\":\"IMMOBILIEN Business\",\"url\":\"https:\\\/\\\/www.immobilienbusiness.ch\\\/\",\"logo\":{\"@type\":\"ImageObject\",\"inLanguage\":\"fr-FR\",\"@id\":\"https:\\\/\\\/www.immobilienbusiness.ch\\\/#\\\/schema\\\/logo\\\/image\\\/\",\"url\":\"https:\\\/\\\/www.immobilienbusiness.ch\\\/wp-content\\\/uploads\\\/2021\\\/07\\\/logo_ib.png\",\"contentUrl\":\"https:\\\/\\\/www.immobilienbusiness.ch\\\/wp-content\\\/uploads\\\/2021\\\/07\\\/logo_ib.png\",\"width\":800,\"height\":181,\"caption\":\"IMMOBILIEN Business\"},\"image\":{\"@id\":\"https:\\\/\\\/www.immobilienbusiness.ch\\\/#\\\/schema\\\/logo\\\/image\\\/\"},\"sameAs\":[\"https:\\\/\\\/www.facebook.com\\\/immobilienbusiness\\\/\"]},{\"@type\":\"Person\",\"@id\":\"https:\\\/\\\/www.immobilienbusiness.ch\\\/#\\\/schema\\\/person\\\/aa2bace6c5c5aad60102004a50c4eb1c\",\"name\":\"Redaktion\",\"image\":{\"@type\":\"ImageObject\",\"inLanguage\":\"fr-FR\",\"@id\":\"https:\\\/\\\/secure.gravatar.com\\\/avatar\\\/ae2f4d718e6c49043e314ce431e7e645d646302a24a5ef5a8bc8e3f5a032e319?s=96&d=mm&r=g\",\"url\":\"https:\\\/\\\/secure.gravatar.com\\\/avatar\\\/ae2f4d718e6c49043e314ce431e7e645d646302a24a5ef5a8bc8e3f5a032e319?s=96&d=mm&r=g\",\"contentUrl\":\"https:\\\/\\\/secure.gravatar.com\\\/avatar\\\/ae2f4d718e6c49043e314ce431e7e645d646302a24a5ef5a8bc8e3f5a032e319?s=96&d=mm&r=g\",\"caption\":\"Redaktion\"},\"sameAs\":[\"http:\\\/\\\/develop.organisator.galledia.ch\"],\"url\":\"https:\\\/\\\/www.immobilienbusiness.ch\\\/fr\\\/author\\\/admin\\\/\"}]}<\/script>\n<!-- \/ Yoast SEO plugin. -->","yoast_head_json":{"title":"Bahnhof St. Gallen: Umbau des Geb\u00e4udes beginnt","description":"Der Bahnhof St. Gallen erh\u00e4lt ab 2016 umfangreiche Umbauten, inklusive neuem Reisezentrum und erweiterten Einkaufsm\u00f6glichkeiten. Investition von 58 Mio. CHF.","robots":{"index":"index","follow":"follow","max-snippet":"max-snippet:-1","max-image-preview":"max-image-preview:large","max-video-preview":"max-video-preview:-1"},"canonical":"https:\/\/www.immobilienbusiness.ch\/fr\/allgemein\/2016-01-08\/st-gallen-sbb-beginnt-mit-umbau-der-bahnhofsgebaeude\/","og_locale":"fr_FR","og_type":"article","og_title":"St. Gallen: SBB beginnt mit Umbau der Bahnhofsgeb\u00e4ude","og_description":"Im Mai 2015 hat die Stadt St. Gallen die Neugestaltung des Bahnhofplatzes in Angriff genommen, jetzt greift die SBB ebenfalls in das Baugeschehen ein. Noch im Januar beginnen die ersten Arbeiten f\u00fcr den Umbau des Dienstgeb\u00e4udes an der Westseite des Bahnhofs.","og_url":"https:\/\/www.immobilienbusiness.ch\/fr\/allgemein\/2016-01-08\/st-gallen-sbb-beginnt-mit-umbau-der-bahnhofsgebaeude\/","og_site_name":"IMMOBILIEN Business","article_publisher":"https:\/\/www.facebook.com\/immobilienbusiness\/","article_published_time":"2016-01-08T08:24:24+00:00","author":"Redaktion","twitter_card":"summary_large_image","twitter_image":"https:\/\/www.immobilienbusiness.ch\/wp-content\/uploads\/2016\/12\/St.Gallen-SBB-beginnt-mit-Umbau-der-Bahnhofsgebaeude-immobilien-business.jpg","schema":{"@context":"https:\/\/schema.org","@graph":[{"@type":"Article","@id":"https:\/\/www.immobilienbusiness.ch\/allgemein\/2016-01-08\/st-gallen-sbb-beginnt-mit-umbau-der-bahnhofsgebaeude\/#article","isPartOf":{"@id":"https:\/\/www.immobilienbusiness.ch\/allgemein\/2016-01-08\/st-gallen-sbb-beginnt-mit-umbau-der-bahnhofsgebaeude\/"},"author":{"name":"Redaktion","@id":"https:\/\/www.immobilienbusiness.ch\/#\/schema\/person\/aa2bace6c5c5aad60102004a50c4eb1c"},"headline":"St. Gallen: SBB beginnt mit Umbau der Bahnhofsgeb\u00e4ude","datePublished":"2016-01-08T08:24:24+00:00","mainEntityOfPage":{"@id":"https:\/\/www.immobilienbusiness.ch\/allgemein\/2016-01-08\/st-gallen-sbb-beginnt-mit-umbau-der-bahnhofsgebaeude\/"},"wordCount":147,"commentCount":0,"publisher":{"@id":"https:\/\/www.immobilienbusiness.ch\/#organization"},"image":{"@id":"https:\/\/www.immobilienbusiness.ch\/allgemein\/2016-01-08\/st-gallen-sbb-beginnt-mit-umbau-der-bahnhofsgebaeude\/#primaryimage"},"thumbnailUrl":"https:\/\/www.immobilienbusiness.ch\/wp-content\/uploads\/2016\/12\/St.Gallen-SBB-beginnt-mit-Umbau-der-Bahnhofsgebaeude-immobilien-business.jpg","keywords":["Infrastruktur","St. Gallen"],"articleSection":["Allgemein"],"inLanguage":"fr-FR"},{"@type":"WebPage","@id":"https:\/\/www.immobilienbusiness.ch\/allgemein\/2016-01-08\/st-gallen-sbb-beginnt-mit-umbau-der-bahnhofsgebaeude\/","url":"https:\/\/www.immobilienbusiness.ch\/allgemein\/2016-01-08\/st-gallen-sbb-beginnt-mit-umbau-der-bahnhofsgebaeude\/","name":"Bahnhof St. Gallen: Umbau des Geb\u00e4udes beginnt","isPartOf":{"@id":"https:\/\/www.immobilienbusiness.ch\/#website"},"primaryImageOfPage":{"@id":"https:\/\/www.immobilienbusiness.ch\/allgemein\/2016-01-08\/st-gallen-sbb-beginnt-mit-umbau-der-bahnhofsgebaeude\/#primaryimage"},"image":{"@id":"https:\/\/www.immobilienbusiness.ch\/allgemein\/2016-01-08\/st-gallen-sbb-beginnt-mit-umbau-der-bahnhofsgebaeude\/#primaryimage"},"thumbnailUrl":"https:\/\/www.immobilienbusiness.ch\/wp-content\/uploads\/2016\/12\/St.Gallen-SBB-beginnt-mit-Umbau-der-Bahnhofsgebaeude-immobilien-business.jpg","datePublished":"2016-01-08T08:24:24+00:00","description":"Der Bahnhof St. Gallen erh\u00e4lt ab 2016 umfangreiche Umbauten, inklusive neuem Reisezentrum und erweiterten Einkaufsm\u00f6glichkeiten. Investition von 58 Mio. CHF.","breadcrumb":{"@id":"https:\/\/www.immobilienbusiness.ch\/allgemein\/2016-01-08\/st-gallen-sbb-beginnt-mit-umbau-der-bahnhofsgebaeude\/#breadcrumb"},"inLanguage":"fr-FR","potentialAction":[{"@type":"ReadAction","target":["https:\/\/www.immobilienbusiness.ch\/allgemein\/2016-01-08\/st-gallen-sbb-beginnt-mit-umbau-der-bahnhofsgebaeude\/"]}]},{"@type":"ImageObject","inLanguage":"fr-FR","@id":"https:\/\/www.immobilienbusiness.ch\/allgemein\/2016-01-08\/st-gallen-sbb-beginnt-mit-umbau-der-bahnhofsgebaeude\/#primaryimage","url":"https:\/\/www.immobilienbusiness.ch\/wp-content\/uploads\/2016\/12\/St.Gallen-SBB-beginnt-mit-Umbau-der-Bahnhofsgebaeude-immobilien-business.jpg","contentUrl":"https:\/\/www.immobilienbusiness.ch\/wp-content\/uploads\/2016\/12\/St.Gallen-SBB-beginnt-mit-Umbau-der-Bahnhofsgebaeude-immobilien-business.jpg","width":2560,"height":1280,"caption":"Die Ankunftshalle des St. Galler Bahnhofs (Visualisierung: SBB)"},{"@type":"BreadcrumbList","@id":"https:\/\/www.immobilienbusiness.ch\/allgemein\/2016-01-08\/st-gallen-sbb-beginnt-mit-umbau-der-bahnhofsgebaeude\/#breadcrumb","itemListElement":[{"@type":"ListItem","position":1,"name":"Home","item":"https:\/\/www.immobilienbusiness.ch\/"},{"@type":"ListItem","position":2,"name":"St. Gallen: SBB beginnt mit Umbau der Bahnhofsgeb\u00e4ude"}]},{"@type":"WebSite","@id":"https:\/\/www.immobilienbusiness.ch\/#website","url":"https:\/\/www.immobilienbusiness.ch\/","name":"IMMOBILIER Business","description":"Magazine \u00e9conomique suisse ind\u00e9pendant ax\u00e9 sur l'immobilier, l'architecture et la construction ainsi que sur les investissements et le financement.","publisher":{"@id":"https:\/\/www.immobilienbusiness.ch\/#organization"},"potentialAction":[{"@type":"SearchAction","target":{"@type":"EntryPoint","urlTemplate":"https:\/\/www.immobilienbusiness.ch\/?s={search_term_string}"},"query-input":{"@type":"PropertyValueSpecification","valueRequired":true,"valueName":"search_term_string"}}],"inLanguage":"fr-FR"},{"@type":"Organization","@id":"https:\/\/www.immobilienbusiness.ch\/#organization","name":"IMMOBILIER Business","url":"https:\/\/www.immobilienbusiness.ch\/","logo":{"@type":"ImageObject","inLanguage":"fr-FR","@id":"https:\/\/www.immobilienbusiness.ch\/#\/schema\/logo\/image\/","url":"https:\/\/www.immobilienbusiness.ch\/wp-content\/uploads\/2021\/07\/logo_ib.png","contentUrl":"https:\/\/www.immobilienbusiness.ch\/wp-content\/uploads\/2021\/07\/logo_ib.png","width":800,"height":181,"caption":"IMMOBILIEN Business"},"image":{"@id":"https:\/\/www.immobilienbusiness.ch\/#\/schema\/logo\/image\/"},"sameAs":["https:\/\/www.facebook.com\/immobilienbusiness\/"]},{"@type":"Person","@id":"https:\/\/www.immobilienbusiness.ch\/#\/schema\/person\/aa2bace6c5c5aad60102004a50c4eb1c","name":"Editorial","image":{"@type":"ImageObject","inLanguage":"fr-FR","@id":"https:\/\/secure.gravatar.com\/avatar\/ae2f4d718e6c49043e314ce431e7e645d646302a24a5ef5a8bc8e3f5a032e319?s=96&d=mm&r=g","url":"https:\/\/secure.gravatar.com\/avatar\/ae2f4d718e6c49043e314ce431e7e645d646302a24a5ef5a8bc8e3f5a032e319?s=96&d=mm&r=g","contentUrl":"https:\/\/secure.gravatar.com\/avatar\/ae2f4d718e6c49043e314ce431e7e645d646302a24a5ef5a8bc8e3f5a032e319?s=96&d=mm&r=g","caption":"Redaktion"},"sameAs":["http:\/\/develop.organisator.galledia.ch"],"url":"https:\/\/www.immobilienbusiness.ch\/fr\/author\/admin\/"}]}},"_links":{"self":[{"href":"https:\/\/www.immobilienbusiness.ch\/fr\/wp-json\/wp\/v2\/posts\/2019","targetHints":{"allow":["GET"]}}],"collection":[{"href":"https:\/\/www.immobilienbusiness.ch\/fr\/wp-json\/wp\/v2\/posts"}],"about":[{"href":"https:\/\/www.immobilienbusiness.ch\/fr\/wp-json\/wp\/v2\/types\/post"}],"author":[{"embeddable":true,"href":"https:\/\/www.immobilienbusiness.ch\/fr\/wp-json\/wp\/v2\/users\/1"}],"replies":[{"embeddable":true,"href":"https:\/\/www.immobilienbusiness.ch\/fr\/wp-json\/wp\/v2\/comments?post=2019"}],"version-history":[{"count":0,"href":"https:\/\/www.immobilienbusiness.ch\/fr\/wp-json\/wp\/v2\/posts\/2019\/revisions"}],"wp:featuredmedia":[{"embeddable":true,"href":"https:\/\/www.immobilienbusiness.ch\/fr\/wp-json\/wp\/v2\/media\/2020"}],"wp:attachment":[{"href":"https:\/\/www.immobilienbusiness.ch\/fr\/wp-json\/wp\/v2\/media?parent=2019"}],"wp:term":[{"taxonomy":"category","embeddable":true,"href":"https:\/\/www.immobilienbusiness.ch\/fr\/wp-json\/wp\/v2\/categories?post=2019"},{"taxonomy":"post_tag","embeddable":true,"href":"https:\/\/www.immobilienbusiness.ch\/fr\/wp-json\/wp\/v2\/tags?post=2019"}],"curies":[{"name":"wp","href":"https:\/\/api.w.org\/{rel}","templated":true}]}}