{"id":20171,"date":"2020-02-10T08:20:21","date_gmt":"2020-02-10T07:20:21","guid":{"rendered":"https:\/\/www.immobilienbusiness.ch\/?p=20171"},"modified":"2020-02-10T08:20:21","modified_gmt":"2020-02-10T07:20:21","slug":"volksabstimmung-wohninitiative-abgelehnt","status":"publish","type":"post","link":"https:\/\/www.immobilienbusiness.ch\/fr\/residential\/2020-02-10\/volksabstimmung-wohninitiative-abgelehnt\/","title":{"rendered":"R\u00e9f\u00e9rendum : l'initiative sur le logement est rejet\u00e9e"},"content":{"rendered":"<figure id=\"attachment_6520\" aria-describedby=\"caption-attachment-6520\" style=\"width: 680px\" class=\"wp-caption alignnone\"><img loading=\"lazy\" decoding=\"async\" class=\"size-medium wp-image-6520\" src=\"https:\/\/www.immobilienbusiness.ch\/wp-content\/uploads\/2017\/03\/Depositphotos_126162864_l-2015.jpg\" alt=\"\" width=\"680\" height=\"469\" srcset=\"https:\/\/www.immobilienbusiness.ch\/wp-content\/uploads\/2017\/03\/Depositphotos_126162864_l-2015.jpg 2000w, https:\/\/www.immobilienbusiness.ch\/wp-content\/uploads\/2017\/03\/Depositphotos_126162864_l-2015-300x207.jpg 300w, https:\/\/www.immobilienbusiness.ch\/wp-content\/uploads\/2017\/03\/Depositphotos_126162864_l-2015-1024x707.jpg 1024w, https:\/\/www.immobilienbusiness.ch\/wp-content\/uploads\/2017\/03\/Depositphotos_126162864_l-2015-768x530.jpg 768w, https:\/\/www.immobilienbusiness.ch\/wp-content\/uploads\/2017\/03\/Depositphotos_126162864_l-2015-1536x1060.jpg 1536w, https:\/\/www.immobilienbusiness.ch\/wp-content\/uploads\/2017\/03\/Depositphotos_126162864_l-2015-16x12.jpg 16w, https:\/\/www.immobilienbusiness.ch\/wp-content\/uploads\/2017\/03\/Depositphotos_126162864_l-2015-254x175.jpg 254w, https:\/\/www.immobilienbusiness.ch\/wp-content\/uploads\/2017\/03\/Depositphotos_126162864_l-2015-507x350.jpg 507w, https:\/\/www.immobilienbusiness.ch\/wp-content\/uploads\/2017\/03\/Depositphotos_126162864_l-2015-1159x800.jpg 1159w, https:\/\/www.immobilienbusiness.ch\/wp-content\/uploads\/2017\/03\/Depositphotos_126162864_l-2015-920x635.jpg 920w, https:\/\/www.immobilienbusiness.ch\/wp-content\/uploads\/2017\/03\/Depositphotos_126162864_l-2015-1400x966.jpg 1400w\" sizes=\"auto, (max-width: 680px) 100vw, 680px\" \/><figcaption id=\"caption-attachment-6520\" class=\"wp-caption-text\">Les \u00e9lecteurs suisses ont rejet\u00e9 l'initiative sur le logement (Image : Vadarshop - depositphotos)<\/figcaption><\/figure>\n<p>Les \u00e9lecteurs suisses se sont prononc\u00e9s contre l'initiative sur le logement ; seuls 43% des citoyens ont vot\u00e9 pour. Le taux de participation a \u00e9t\u00e9 de 41%. Les citoyens et les cantons avaient vot\u00e9 pour l'acceptation de l'initiative dans les cantons de B\u00e2le-Ville, Vaud, Neuch\u00e2tel, Gen\u00e8ve et Jura, tandis qu'elle a \u00e9t\u00e9 rejet\u00e9e dans les autres cantons.<\/p>\n<p>La majorit\u00e9 de la population a ainsi suivi l'avis du Conseil f\u00e9d\u00e9ral et du Parlement selon lequel le march\u00e9 du logement fonctionne globalement et que la grande majorit\u00e9 de la population dispose d'un logement ad\u00e9quat, a d\u00e9clar\u00e9 le conseiller f\u00e9d\u00e9ral Guy Parmelin lors d'une conf\u00e9rence de presse. La votation montre qu'il y a des probl\u00e8mes dans certaines villes et r\u00e9gions, a poursuivi Parmelin. Mais ceux-ci devraient \u00eatre r\u00e9solus au niveau r\u00e9gional.<\/p>\n<p>L'initiative sur le logement a demand\u00e9 que la Conf\u00e9d\u00e9ration et les cantons encouragent la construction de logements locatifs bon march\u00e9. En particulier, 10% des nouveaux logements devraient \u00e0 l'avenir \u00eatre construits par des coop\u00e9ratives d'habitation.  Le Conseil f\u00e9d\u00e9ral et le Parlement ont estim\u00e9 que la mise en \u0153uvre \u00e9tait trop co\u00fbteuse et ont recommand\u00e9 le rejet de l'initiative. Ils se sont toutefois engag\u00e9s \u00e0 augmenter le fonds de roulement de 250 millions de CHF pour les dix prochaines ann\u00e9es en cas de rejet de l'initiative.<\/p>\n<p>Dans une premi\u00e8re prise de position, les coop\u00e9ratives d'habitation suisses se sont montr\u00e9es d\u00e9\u00e7ues, tout en appelant la Conf\u00e9d\u00e9ration \u00e0 remplir son mandat constitutionnel de promotion de l'habitat d'utilit\u00e9 publique.<br \/>\nde la construction de logements. L'augmentation du fonds de roulement ne suffit pas \u00e0 augmenter la part de logements d'utilit\u00e9 publique. Pour cela, des mesures d'am\u00e9nagement du territoire sont \u00e9galement n\u00e9cessaires. <em>(ah)<\/em><\/p>","protected":false},"excerpt":{"rendered":"<p>L'initiative \"Davantage de logements abordables\" n'a pas obtenu la majorit\u00e9 lors de la votation populaire du 9 f\u00e9vrier 2020.<\/p>","protected":false},"author":3,"featured_media":6520,"comment_status":"closed","ping_status":"open","sticky":false,"template":"","format":"standard","meta":{"_acf_changed":false,"_yoast_wpseo_focuskw":"Initiative","_yoast_wpseo_title":"","_yoast_wpseo_metadesc":"Die Initiative \u00abMehr bezahlbare Wohnungen\u00bb hat bei der Volksabstimmung vom 9. Februar 2020 keine Mehrheit gefunden.","_yoast_wpseo_linkdex":58,"pgc_sgb_lightbox_settings":"","footnotes":""},"categories":[986],"tags":[995,1863],"class_list":["post-20171","post","type-post","status-publish","format-standard","has-post-thumbnail","hentry","category-residential","tag-abstimmung","tag-wohnimmobilien"],"acf":[],"yoast_head":"<!-- This site is optimized with the Yoast SEO plugin v27.5 - https:\/\/yoast.com\/product\/yoast-seo-wordpress\/ -->\n<title>Volksabstimmung: Wohninitiative abgelehnt - IMMOBILIEN Business<\/title>\n<meta name=\"description\" content=\"Die Initiative \u00abMehr bezahlbare Wohnungen\u00bb hat bei der Volksabstimmung vom 9. Februar 2020 keine Mehrheit gefunden.\" \/>\n<meta name=\"robots\" content=\"index, follow, max-snippet:-1, max-image-preview:large, max-video-preview:-1\" \/>\n<link rel=\"canonical\" href=\"https:\/\/www.immobilienbusiness.ch\/fr\/residential\/2020-02-10\/volksabstimmung-wohninitiative-abgelehnt\/\" \/>\n<meta property=\"og:locale\" content=\"fr_FR\" \/>\n<meta property=\"og:type\" content=\"article\" \/>\n<meta property=\"og:title\" content=\"Volksabstimmung: Wohninitiative abgelehnt - IMMOBILIEN Business\" \/>\n<meta property=\"og:description\" content=\"Die Initiative \u00abMehr bezahlbare Wohnungen\u00bb hat bei der Volksabstimmung vom 9. Februar 2020 keine Mehrheit gefunden.\" \/>\n<meta property=\"og:url\" content=\"https:\/\/www.immobilienbusiness.ch\/fr\/residential\/2020-02-10\/volksabstimmung-wohninitiative-abgelehnt\/\" \/>\n<meta property=\"og:site_name\" content=\"IMMOBILIEN Business\" \/>\n<meta property=\"article:publisher\" content=\"https:\/\/www.facebook.com\/immobilienbusiness\/\" \/>\n<meta property=\"article:published_time\" content=\"2020-02-10T07:20:21+00:00\" \/>\n<meta property=\"og:image\" content=\"https:\/\/www.immobilienbusiness.ch\/wp-content\/uploads\/2017\/03\/Depositphotos_126162864_l-2015-1024x707.jpg\" \/>\n\t<meta property=\"og:image:width\" content=\"1024\" \/>\n\t<meta property=\"og:image:height\" content=\"707\" \/>\n\t<meta property=\"og:image:type\" content=\"image\/jpeg\" \/>\n<meta name=\"author\" content=\"anja.hall\" \/>\n<meta name=\"twitter:card\" content=\"summary_large_image\" \/>\n<meta name=\"twitter:image\" content=\"https:\/\/www.immobilienbusiness.ch\/wp-content\/uploads\/2017\/03\/Depositphotos_126162864_l-2015.jpg\" \/>\n<script type=\"application\/ld+json\" class=\"yoast-schema-graph\">{\"@context\":\"https:\\\/\\\/schema.org\",\"@graph\":[{\"@type\":\"Article\",\"@id\":\"https:\\\/\\\/www.immobilienbusiness.ch\\\/residential\\\/2020-02-10\\\/volksabstimmung-wohninitiative-abgelehnt\\\/#article\",\"isPartOf\":{\"@id\":\"https:\\\/\\\/www.immobilienbusiness.ch\\\/residential\\\/2020-02-10\\\/volksabstimmung-wohninitiative-abgelehnt\\\/\"},\"author\":{\"name\":\"anja.hall\",\"@id\":\"https:\\\/\\\/www.immobilienbusiness.ch\\\/#\\\/schema\\\/person\\\/3fc036297b10b9f42d6db5ee932af8c8\"},\"headline\":\"Volksabstimmung: Wohninitiative abgelehnt\",\"datePublished\":\"2020-02-10T07:20:21+00:00\",\"mainEntityOfPage\":{\"@id\":\"https:\\\/\\\/www.immobilienbusiness.ch\\\/residential\\\/2020-02-10\\\/volksabstimmung-wohninitiative-abgelehnt\\\/\"},\"wordCount\":256,\"publisher\":{\"@id\":\"https:\\\/\\\/www.immobilienbusiness.ch\\\/#organization\"},\"image\":{\"@id\":\"https:\\\/\\\/www.immobilienbusiness.ch\\\/residential\\\/2020-02-10\\\/volksabstimmung-wohninitiative-abgelehnt\\\/#primaryimage\"},\"thumbnailUrl\":\"https:\\\/\\\/www.immobilienbusiness.ch\\\/wp-content\\\/uploads\\\/2017\\\/03\\\/Depositphotos_126162864_l-2015.jpg\",\"keywords\":[\"Abstimmung\",\"Wohnimmobilien\"],\"articleSection\":[\"RESIDENTIAL\"],\"inLanguage\":\"fr-FR\"},{\"@type\":\"WebPage\",\"@id\":\"https:\\\/\\\/www.immobilienbusiness.ch\\\/residential\\\/2020-02-10\\\/volksabstimmung-wohninitiative-abgelehnt\\\/\",\"url\":\"https:\\\/\\\/www.immobilienbusiness.ch\\\/residential\\\/2020-02-10\\\/volksabstimmung-wohninitiative-abgelehnt\\\/\",\"name\":\"Volksabstimmung: Wohninitiative abgelehnt - IMMOBILIEN Business\",\"isPartOf\":{\"@id\":\"https:\\\/\\\/www.immobilienbusiness.ch\\\/#website\"},\"primaryImageOfPage\":{\"@id\":\"https:\\\/\\\/www.immobilienbusiness.ch\\\/residential\\\/2020-02-10\\\/volksabstimmung-wohninitiative-abgelehnt\\\/#primaryimage\"},\"image\":{\"@id\":\"https:\\\/\\\/www.immobilienbusiness.ch\\\/residential\\\/2020-02-10\\\/volksabstimmung-wohninitiative-abgelehnt\\\/#primaryimage\"},\"thumbnailUrl\":\"https:\\\/\\\/www.immobilienbusiness.ch\\\/wp-content\\\/uploads\\\/2017\\\/03\\\/Depositphotos_126162864_l-2015.jpg\",\"datePublished\":\"2020-02-10T07:20:21+00:00\",\"description\":\"Die Initiative \u00abMehr bezahlbare Wohnungen\u00bb hat bei der Volksabstimmung vom 9. Februar 2020 keine Mehrheit gefunden.\",\"breadcrumb\":{\"@id\":\"https:\\\/\\\/www.immobilienbusiness.ch\\\/residential\\\/2020-02-10\\\/volksabstimmung-wohninitiative-abgelehnt\\\/#breadcrumb\"},\"inLanguage\":\"fr-FR\",\"potentialAction\":[{\"@type\":\"ReadAction\",\"target\":[\"https:\\\/\\\/www.immobilienbusiness.ch\\\/residential\\\/2020-02-10\\\/volksabstimmung-wohninitiative-abgelehnt\\\/\"]}]},{\"@type\":\"ImageObject\",\"inLanguage\":\"fr-FR\",\"@id\":\"https:\\\/\\\/www.immobilienbusiness.ch\\\/residential\\\/2020-02-10\\\/volksabstimmung-wohninitiative-abgelehnt\\\/#primaryimage\",\"url\":\"https:\\\/\\\/www.immobilienbusiness.ch\\\/wp-content\\\/uploads\\\/2017\\\/03\\\/Depositphotos_126162864_l-2015.jpg\",\"contentUrl\":\"https:\\\/\\\/www.immobilienbusiness.ch\\\/wp-content\\\/uploads\\\/2017\\\/03\\\/Depositphotos_126162864_l-2015.jpg\",\"width\":2000,\"height\":1380,\"caption\":\"Wohnungsbau bleibt ein vordringliches Thema in der Schweiz (Grafik: Vadarshop - depositphotos)\"},{\"@type\":\"BreadcrumbList\",\"@id\":\"https:\\\/\\\/www.immobilienbusiness.ch\\\/residential\\\/2020-02-10\\\/volksabstimmung-wohninitiative-abgelehnt\\\/#breadcrumb\",\"itemListElement\":[{\"@type\":\"ListItem\",\"position\":1,\"name\":\"Home\",\"item\":\"https:\\\/\\\/www.immobilienbusiness.ch\\\/\"},{\"@type\":\"ListItem\",\"position\":2,\"name\":\"Volksabstimmung: Wohninitiative abgelehnt\"}]},{\"@type\":\"WebSite\",\"@id\":\"https:\\\/\\\/www.immobilienbusiness.ch\\\/#website\",\"url\":\"https:\\\/\\\/www.immobilienbusiness.ch\\\/\",\"name\":\"IMMOBILIEN Business\",\"description\":\"Unabh\u00e4ngiges Schweizer Wirtschaftsmagazin mit Fokus auf Immobilien, Architektur- und Bau sowie Investment- und Finanzierung.\",\"publisher\":{\"@id\":\"https:\\\/\\\/www.immobilienbusiness.ch\\\/#organization\"},\"potentialAction\":[{\"@type\":\"SearchAction\",\"target\":{\"@type\":\"EntryPoint\",\"urlTemplate\":\"https:\\\/\\\/www.immobilienbusiness.ch\\\/?s={search_term_string}\"},\"query-input\":{\"@type\":\"PropertyValueSpecification\",\"valueRequired\":true,\"valueName\":\"search_term_string\"}}],\"inLanguage\":\"fr-FR\"},{\"@type\":\"Organization\",\"@id\":\"https:\\\/\\\/www.immobilienbusiness.ch\\\/#organization\",\"name\":\"IMMOBILIEN Business\",\"url\":\"https:\\\/\\\/www.immobilienbusiness.ch\\\/\",\"logo\":{\"@type\":\"ImageObject\",\"inLanguage\":\"fr-FR\",\"@id\":\"https:\\\/\\\/www.immobilienbusiness.ch\\\/#\\\/schema\\\/logo\\\/image\\\/\",\"url\":\"https:\\\/\\\/www.immobilienbusiness.ch\\\/wp-content\\\/uploads\\\/2021\\\/07\\\/logo_ib.png\",\"contentUrl\":\"https:\\\/\\\/www.immobilienbusiness.ch\\\/wp-content\\\/uploads\\\/2021\\\/07\\\/logo_ib.png\",\"width\":800,\"height\":181,\"caption\":\"IMMOBILIEN Business\"},\"image\":{\"@id\":\"https:\\\/\\\/www.immobilienbusiness.ch\\\/#\\\/schema\\\/logo\\\/image\\\/\"},\"sameAs\":[\"https:\\\/\\\/www.facebook.com\\\/immobilienbusiness\\\/\"]},{\"@type\":\"Person\",\"@id\":\"https:\\\/\\\/www.immobilienbusiness.ch\\\/#\\\/schema\\\/person\\\/3fc036297b10b9f42d6db5ee932af8c8\",\"name\":\"anja.hall\",\"image\":{\"@type\":\"ImageObject\",\"inLanguage\":\"fr-FR\",\"@id\":\"https:\\\/\\\/secure.gravatar.com\\\/avatar\\\/066b5a0d447013502c71a5782f4f3469f03cfe595cc2329fb94652fe47511bfb?s=96&d=mm&r=g\",\"url\":\"https:\\\/\\\/secure.gravatar.com\\\/avatar\\\/066b5a0d447013502c71a5782f4f3469f03cfe595cc2329fb94652fe47511bfb?s=96&d=mm&r=g\",\"contentUrl\":\"https:\\\/\\\/secure.gravatar.com\\\/avatar\\\/066b5a0d447013502c71a5782f4f3469f03cfe595cc2329fb94652fe47511bfb?s=96&d=mm&r=g\",\"caption\":\"anja.hall\"},\"url\":\"https:\\\/\\\/www.immobilienbusiness.ch\\\/fr\\\/author\\\/anja-hall\\\/\"}]}<\/script>\n<!-- \/ Yoast SEO plugin. -->","yoast_head_json":{"title":"Votation populaire : l'initiative sur le logement rejet\u00e9e - IMMOBILIER Business","description":"L'initiative \"Davantage de logements abordables\" n'a pas obtenu la majorit\u00e9 lors de la votation populaire du 9 f\u00e9vrier 2020.","robots":{"index":"index","follow":"follow","max-snippet":"max-snippet:-1","max-image-preview":"max-image-preview:large","max-video-preview":"max-video-preview:-1"},"canonical":"https:\/\/www.immobilienbusiness.ch\/fr\/residential\/2020-02-10\/volksabstimmung-wohninitiative-abgelehnt\/","og_locale":"fr_FR","og_type":"article","og_title":"Volksabstimmung: Wohninitiative abgelehnt - IMMOBILIEN Business","og_description":"Die Initiative \u00abMehr bezahlbare Wohnungen\u00bb hat bei der Volksabstimmung vom 9. Februar 2020 keine Mehrheit gefunden.","og_url":"https:\/\/www.immobilienbusiness.ch\/fr\/residential\/2020-02-10\/volksabstimmung-wohninitiative-abgelehnt\/","og_site_name":"IMMOBILIEN Business","article_publisher":"https:\/\/www.facebook.com\/immobilienbusiness\/","article_published_time":"2020-02-10T07:20:21+00:00","og_image":[{"width":1024,"height":707,"url":"https:\/\/www.immobilienbusiness.ch\/wp-content\/uploads\/2017\/03\/Depositphotos_126162864_l-2015-1024x707.jpg","type":"image\/jpeg"}],"author":"anja.hall","twitter_card":"summary_large_image","twitter_image":"https:\/\/www.immobilienbusiness.ch\/wp-content\/uploads\/2017\/03\/Depositphotos_126162864_l-2015.jpg","schema":{"@context":"https:\/\/schema.org","@graph":[{"@type":"Article","@id":"https:\/\/www.immobilienbusiness.ch\/residential\/2020-02-10\/volksabstimmung-wohninitiative-abgelehnt\/#article","isPartOf":{"@id":"https:\/\/www.immobilienbusiness.ch\/residential\/2020-02-10\/volksabstimmung-wohninitiative-abgelehnt\/"},"author":{"name":"anja.hall","@id":"https:\/\/www.immobilienbusiness.ch\/#\/schema\/person\/3fc036297b10b9f42d6db5ee932af8c8"},"headline":"Volksabstimmung: Wohninitiative abgelehnt","datePublished":"2020-02-10T07:20:21+00:00","mainEntityOfPage":{"@id":"https:\/\/www.immobilienbusiness.ch\/residential\/2020-02-10\/volksabstimmung-wohninitiative-abgelehnt\/"},"wordCount":256,"publisher":{"@id":"https:\/\/www.immobilienbusiness.ch\/#organization"},"image":{"@id":"https:\/\/www.immobilienbusiness.ch\/residential\/2020-02-10\/volksabstimmung-wohninitiative-abgelehnt\/#primaryimage"},"thumbnailUrl":"https:\/\/www.immobilienbusiness.ch\/wp-content\/uploads\/2017\/03\/Depositphotos_126162864_l-2015.jpg","keywords":["Abstimmung","Wohnimmobilien"],"articleSection":["RESIDENTIAL"],"inLanguage":"fr-FR"},{"@type":"WebPage","@id":"https:\/\/www.immobilienbusiness.ch\/residential\/2020-02-10\/volksabstimmung-wohninitiative-abgelehnt\/","url":"https:\/\/www.immobilienbusiness.ch\/residential\/2020-02-10\/volksabstimmung-wohninitiative-abgelehnt\/","name":"Votation populaire : l'initiative sur le logement rejet\u00e9e - IMMOBILIER Business","isPartOf":{"@id":"https:\/\/www.immobilienbusiness.ch\/#website"},"primaryImageOfPage":{"@id":"https:\/\/www.immobilienbusiness.ch\/residential\/2020-02-10\/volksabstimmung-wohninitiative-abgelehnt\/#primaryimage"},"image":{"@id":"https:\/\/www.immobilienbusiness.ch\/residential\/2020-02-10\/volksabstimmung-wohninitiative-abgelehnt\/#primaryimage"},"thumbnailUrl":"https:\/\/www.immobilienbusiness.ch\/wp-content\/uploads\/2017\/03\/Depositphotos_126162864_l-2015.jpg","datePublished":"2020-02-10T07:20:21+00:00","description":"L'initiative \"Davantage de logements abordables\" n'a pas obtenu la majorit\u00e9 lors de la votation populaire du 9 f\u00e9vrier 2020.","breadcrumb":{"@id":"https:\/\/www.immobilienbusiness.ch\/residential\/2020-02-10\/volksabstimmung-wohninitiative-abgelehnt\/#breadcrumb"},"inLanguage":"fr-FR","potentialAction":[{"@type":"ReadAction","target":["https:\/\/www.immobilienbusiness.ch\/residential\/2020-02-10\/volksabstimmung-wohninitiative-abgelehnt\/"]}]},{"@type":"ImageObject","inLanguage":"fr-FR","@id":"https:\/\/www.immobilienbusiness.ch\/residential\/2020-02-10\/volksabstimmung-wohninitiative-abgelehnt\/#primaryimage","url":"https:\/\/www.immobilienbusiness.ch\/wp-content\/uploads\/2017\/03\/Depositphotos_126162864_l-2015.jpg","contentUrl":"https:\/\/www.immobilienbusiness.ch\/wp-content\/uploads\/2017\/03\/Depositphotos_126162864_l-2015.jpg","width":2000,"height":1380,"caption":"Wohnungsbau bleibt ein vordringliches Thema in der Schweiz (Grafik: Vadarshop - depositphotos)"},{"@type":"BreadcrumbList","@id":"https:\/\/www.immobilienbusiness.ch\/residential\/2020-02-10\/volksabstimmung-wohninitiative-abgelehnt\/#breadcrumb","itemListElement":[{"@type":"ListItem","position":1,"name":"Home","item":"https:\/\/www.immobilienbusiness.ch\/"},{"@type":"ListItem","position":2,"name":"Volksabstimmung: Wohninitiative abgelehnt"}]},{"@type":"WebSite","@id":"https:\/\/www.immobilienbusiness.ch\/#website","url":"https:\/\/www.immobilienbusiness.ch\/","name":"IMMOBILIER Business","description":"Magazine \u00e9conomique suisse ind\u00e9pendant ax\u00e9 sur l'immobilier, l'architecture et la construction ainsi que sur les investissements et le financement.","publisher":{"@id":"https:\/\/www.immobilienbusiness.ch\/#organization"},"potentialAction":[{"@type":"SearchAction","target":{"@type":"EntryPoint","urlTemplate":"https:\/\/www.immobilienbusiness.ch\/?s={search_term_string}"},"query-input":{"@type":"PropertyValueSpecification","valueRequired":true,"valueName":"search_term_string"}}],"inLanguage":"fr-FR"},{"@type":"Organization","@id":"https:\/\/www.immobilienbusiness.ch\/#organization","name":"IMMOBILIER Business","url":"https:\/\/www.immobilienbusiness.ch\/","logo":{"@type":"ImageObject","inLanguage":"fr-FR","@id":"https:\/\/www.immobilienbusiness.ch\/#\/schema\/logo\/image\/","url":"https:\/\/www.immobilienbusiness.ch\/wp-content\/uploads\/2021\/07\/logo_ib.png","contentUrl":"https:\/\/www.immobilienbusiness.ch\/wp-content\/uploads\/2021\/07\/logo_ib.png","width":800,"height":181,"caption":"IMMOBILIEN Business"},"image":{"@id":"https:\/\/www.immobilienbusiness.ch\/#\/schema\/logo\/image\/"},"sameAs":["https:\/\/www.facebook.com\/immobilienbusiness\/"]},{"@type":"Person","@id":"https:\/\/www.immobilienbusiness.ch\/#\/schema\/person\/3fc036297b10b9f42d6db5ee932af8c8","name":"anja.hall","image":{"@type":"ImageObject","inLanguage":"fr-FR","@id":"https:\/\/secure.gravatar.com\/avatar\/066b5a0d447013502c71a5782f4f3469f03cfe595cc2329fb94652fe47511bfb?s=96&d=mm&r=g","url":"https:\/\/secure.gravatar.com\/avatar\/066b5a0d447013502c71a5782f4f3469f03cfe595cc2329fb94652fe47511bfb?s=96&d=mm&r=g","contentUrl":"https:\/\/secure.gravatar.com\/avatar\/066b5a0d447013502c71a5782f4f3469f03cfe595cc2329fb94652fe47511bfb?s=96&d=mm&r=g","caption":"anja.hall"},"url":"https:\/\/www.immobilienbusiness.ch\/fr\/author\/anja-hall\/"}]}},"_links":{"self":[{"href":"https:\/\/www.immobilienbusiness.ch\/fr\/wp-json\/wp\/v2\/posts\/20171","targetHints":{"allow":["GET"]}}],"collection":[{"href":"https:\/\/www.immobilienbusiness.ch\/fr\/wp-json\/wp\/v2\/posts"}],"about":[{"href":"https:\/\/www.immobilienbusiness.ch\/fr\/wp-json\/wp\/v2\/types\/post"}],"author":[{"embeddable":true,"href":"https:\/\/www.immobilienbusiness.ch\/fr\/wp-json\/wp\/v2\/users\/3"}],"replies":[{"embeddable":true,"href":"https:\/\/www.immobilienbusiness.ch\/fr\/wp-json\/wp\/v2\/comments?post=20171"}],"version-history":[{"count":0,"href":"https:\/\/www.immobilienbusiness.ch\/fr\/wp-json\/wp\/v2\/posts\/20171\/revisions"}],"wp:featuredmedia":[{"embeddable":true,"href":"https:\/\/www.immobilienbusiness.ch\/fr\/wp-json\/wp\/v2\/media\/6520"}],"wp:attachment":[{"href":"https:\/\/www.immobilienbusiness.ch\/fr\/wp-json\/wp\/v2\/media?parent=20171"}],"wp:term":[{"taxonomy":"category","embeddable":true,"href":"https:\/\/www.immobilienbusiness.ch\/fr\/wp-json\/wp\/v2\/categories?post=20171"},{"taxonomy":"post_tag","embeddable":true,"href":"https:\/\/www.immobilienbusiness.ch\/fr\/wp-json\/wp\/v2\/tags?post=20171"}],"curies":[{"name":"wp","href":"https:\/\/api.w.org\/{rel}","templated":true}]}}