{"id":20097,"date":"2020-02-03T08:11:16","date_gmt":"2020-02-03T07:11:16","guid":{"rendered":"https:\/\/www.immobilienbusiness.ch\/?p=20097"},"modified":"2020-02-03T08:11:16","modified_gmt":"2020-02-03T07:11:16","slug":"migros-stellt-glattzentrum-zum-verkauf","status":"publish","type":"post","link":"https:\/\/www.immobilienbusiness.ch\/fr\/retail\/2020-02-03\/migros-stellt-glattzentrum-zum-verkauf\/","title":{"rendered":"Migros met le Glattzentrum en vente"},"content":{"rendered":"<figure id=\"attachment_20105\" aria-describedby=\"caption-attachment-20105\" style=\"width: 680px\" class=\"wp-caption alignnone\"><img loading=\"lazy\" decoding=\"async\" class=\"size-medium wp-image-20105\" src=\"https:\/\/www.immobilienbusiness.ch\/wp-content\/uploads\/2020\/02\/Retail-D\u00fcstere-Zeiten-f\u00fcr-Shoppingcenter-immobilien-business-1024x936.jpg\" alt=\"\" width=\"680\" height=\"453\" \/><figcaption id=\"caption-attachment-20105\" class=\"wp-caption-text\">Migros met en vente le Shopping Center Glatt (Photo : Glattzentrum)<\/figcaption><\/figure>\n<p>Des rumeurs sur une vente imminente du centre commercial avaient d\u00e9j\u00e0 circul\u00e9, mais la F\u00e9d\u00e9ration des coop\u00e9ratives Migros (FCM) annonce maintenant officiellement le lancement du processus de vente.<\/p>\n<p>Selon la FCM, le Glattzentrum, situ\u00e9 \u00e0 Wallisellen dans le canton de Zurich, g\u00e9n\u00e8re un chiffre d'affaires d'environ 600 millions de CHF sur une surface de vente de 53 000 m2. Il serait ainsi l'un des centres commerciaux les plus grands et les plus appr\u00e9ci\u00e9s de Suisse. La FCM est \u00e0 la fois propri\u00e9taire de l'immeuble et exploitant du centre. Migros exploite \u00e9galement des magasins au Glattzentrum. Ceux-ci devraient rester en place apr\u00e8s la vente.<\/p>\n<p>Les plans de vente sont motiv\u00e9s par l'orientation strat\u00e9gique de Migros, qui souhaite investir davantage dans le profilage de son activit\u00e9 principale, le d\u00e9veloppement du segment Convenience, les canaux de distribution num\u00e9riques et le domaine de la sant\u00e9. En revanche, la gestion immobili\u00e8re n'est pas une priorit\u00e9 strat\u00e9gique de la FCM. La d\u00e9cision de vendre le Glatt ne concerne pas les autres centres commerciaux du groupe Migros, souligne la FCM dans son communiqu\u00e9. <em>(ah)<\/em><\/p>","protected":false},"excerpt":{"rendered":"<p>La F\u00e9d\u00e9ration des coop\u00e9ratives Migros cherche de nouveaux propri\u00e9taires pour le Shopping Center Glattzentrum \u00e0 Wallisellen (ZH).<\/p>","protected":false},"author":3,"featured_media":20105,"comment_status":"closed","ping_status":"open","sticky":false,"template":"","format":"standard","meta":{"_acf_changed":false,"_yoast_wpseo_focuskw":"Glattzentrum","_yoast_wpseo_title":"","_yoast_wpseo_metadesc":"Der Migros-Genossenschafts-Bund sucht neue Eigent\u00fcmer f\u00fcr das Shopping Center Glattzentrum in Wallisellen (ZH).","_yoast_wpseo_linkdex":53,"pgc_sgb_lightbox_settings":"","footnotes":""},"categories":[987],"tags":[1355,1410,1493,1697],"class_list":["post-20097","post","type-post","status-publish","format-standard","has-post-thumbnail","hentry","category-retail","tag-immobilienverkauf","tag-kanton-zuerich","tag-migros","tag-shopping-center"],"acf":[],"yoast_head":"<!-- This site is optimized with the Yoast SEO plugin v27.5 - https:\/\/yoast.com\/product\/yoast-seo-wordpress\/ -->\n<title>Migros stellt Glattzentrum zum Verkauf - IMMOBILIEN Business<\/title>\n<meta name=\"description\" content=\"Der Migros-Genossenschafts-Bund sucht neue Eigent\u00fcmer f\u00fcr das Shopping Center Glattzentrum in Wallisellen (ZH).\" \/>\n<meta name=\"robots\" content=\"index, follow, max-snippet:-1, max-image-preview:large, max-video-preview:-1\" \/>\n<link rel=\"canonical\" href=\"https:\/\/www.immobilienbusiness.ch\/fr\/retail\/2020-02-03\/migros-stellt-glattzentrum-zum-verkauf\/\" \/>\n<meta property=\"og:locale\" content=\"fr_FR\" \/>\n<meta property=\"og:type\" content=\"article\" \/>\n<meta property=\"og:title\" content=\"Migros stellt Glattzentrum zum Verkauf - IMMOBILIEN Business\" \/>\n<meta property=\"og:description\" content=\"Der Migros-Genossenschafts-Bund sucht neue Eigent\u00fcmer f\u00fcr das Shopping Center Glattzentrum in Wallisellen (ZH).\" \/>\n<meta property=\"og:url\" content=\"https:\/\/www.immobilienbusiness.ch\/fr\/retail\/2020-02-03\/migros-stellt-glattzentrum-zum-verkauf\/\" \/>\n<meta property=\"og:site_name\" content=\"IMMOBILIEN Business\" \/>\n<meta property=\"article:publisher\" content=\"https:\/\/www.facebook.com\/immobilienbusiness\/\" \/>\n<meta property=\"article:published_time\" content=\"2020-02-03T07:11:16+00:00\" \/>\n<meta property=\"og:image\" content=\"https:\/\/www.immobilienbusiness.ch\/wp-content\/uploads\/2020\/02\/Retail-Duestere-Zeiten-fuer-Shoppingcenter-immobilien-business-1024x936-1.jpg\" \/>\n\t<meta property=\"og:image:width\" content=\"1023\" \/>\n\t<meta property=\"og:image:height\" content=\"682\" \/>\n\t<meta property=\"og:image:type\" content=\"image\/jpeg\" \/>\n<meta name=\"author\" content=\"anja.hall\" \/>\n<meta name=\"twitter:card\" content=\"summary_large_image\" \/>\n<meta name=\"twitter:image\" content=\"https:\/\/www.immobilienbusiness.ch\/wp-content\/uploads\/2020\/02\/Retail-Duestere-Zeiten-fuer-Shoppingcenter-immobilien-business-1024x936-1.jpg\" \/>\n<script type=\"application\/ld+json\" class=\"yoast-schema-graph\">{\"@context\":\"https:\\\/\\\/schema.org\",\"@graph\":[{\"@type\":\"Article\",\"@id\":\"https:\\\/\\\/www.immobilienbusiness.ch\\\/en\\\/retail\\\/2020-02-03\\\/migros-stellt-glattzentrum-zum-verkauf\\\/#article\",\"isPartOf\":{\"@id\":\"https:\\\/\\\/www.immobilienbusiness.ch\\\/en\\\/retail\\\/2020-02-03\\\/migros-stellt-glattzentrum-zum-verkauf\\\/\"},\"author\":{\"name\":\"anja.hall\",\"@id\":\"https:\\\/\\\/www.immobilienbusiness.ch\\\/#\\\/schema\\\/person\\\/3fc036297b10b9f42d6db5ee932af8c8\"},\"headline\":\"Migros stellt Glattzentrum zum Verkauf\",\"datePublished\":\"2020-02-03T07:11:16+00:00\",\"mainEntityOfPage\":{\"@id\":\"https:\\\/\\\/www.immobilienbusiness.ch\\\/en\\\/retail\\\/2020-02-03\\\/migros-stellt-glattzentrum-zum-verkauf\\\/\"},\"wordCount\":167,\"publisher\":{\"@id\":\"https:\\\/\\\/www.immobilienbusiness.ch\\\/#organization\"},\"image\":{\"@id\":\"https:\\\/\\\/www.immobilienbusiness.ch\\\/en\\\/retail\\\/2020-02-03\\\/migros-stellt-glattzentrum-zum-verkauf\\\/#primaryimage\"},\"thumbnailUrl\":\"https:\\\/\\\/www.immobilienbusiness.ch\\\/wp-content\\\/uploads\\\/2020\\\/02\\\/Retail-Duestere-Zeiten-fuer-Shoppingcenter-immobilien-business-1024x936-1.jpg\",\"keywords\":[\"Immobilienverkauf\",\"Kanton Z\u00fcrich\",\"Migros\",\"Shopping Center\"],\"articleSection\":[\"RETAIL\"],\"inLanguage\":\"fr-FR\"},{\"@type\":\"WebPage\",\"@id\":\"https:\\\/\\\/www.immobilienbusiness.ch\\\/en\\\/retail\\\/2020-02-03\\\/migros-stellt-glattzentrum-zum-verkauf\\\/\",\"url\":\"https:\\\/\\\/www.immobilienbusiness.ch\\\/en\\\/retail\\\/2020-02-03\\\/migros-stellt-glattzentrum-zum-verkauf\\\/\",\"name\":\"Migros stellt Glattzentrum zum Verkauf - IMMOBILIEN Business\",\"isPartOf\":{\"@id\":\"https:\\\/\\\/www.immobilienbusiness.ch\\\/#website\"},\"primaryImageOfPage\":{\"@id\":\"https:\\\/\\\/www.immobilienbusiness.ch\\\/en\\\/retail\\\/2020-02-03\\\/migros-stellt-glattzentrum-zum-verkauf\\\/#primaryimage\"},\"image\":{\"@id\":\"https:\\\/\\\/www.immobilienbusiness.ch\\\/en\\\/retail\\\/2020-02-03\\\/migros-stellt-glattzentrum-zum-verkauf\\\/#primaryimage\"},\"thumbnailUrl\":\"https:\\\/\\\/www.immobilienbusiness.ch\\\/wp-content\\\/uploads\\\/2020\\\/02\\\/Retail-Duestere-Zeiten-fuer-Shoppingcenter-immobilien-business-1024x936-1.jpg\",\"datePublished\":\"2020-02-03T07:11:16+00:00\",\"description\":\"Der Migros-Genossenschafts-Bund sucht neue Eigent\u00fcmer f\u00fcr das Shopping Center Glattzentrum in Wallisellen (ZH).\",\"breadcrumb\":{\"@id\":\"https:\\\/\\\/www.immobilienbusiness.ch\\\/en\\\/retail\\\/2020-02-03\\\/migros-stellt-glattzentrum-zum-verkauf\\\/#breadcrumb\"},\"inLanguage\":\"fr-FR\",\"potentialAction\":[{\"@type\":\"ReadAction\",\"target\":[\"https:\\\/\\\/www.immobilienbusiness.ch\\\/en\\\/retail\\\/2020-02-03\\\/migros-stellt-glattzentrum-zum-verkauf\\\/\"]}]},{\"@type\":\"ImageObject\",\"inLanguage\":\"fr-FR\",\"@id\":\"https:\\\/\\\/www.immobilienbusiness.ch\\\/en\\\/retail\\\/2020-02-03\\\/migros-stellt-glattzentrum-zum-verkauf\\\/#primaryimage\",\"url\":\"https:\\\/\\\/www.immobilienbusiness.ch\\\/wp-content\\\/uploads\\\/2020\\\/02\\\/Retail-Duestere-Zeiten-fuer-Shoppingcenter-immobilien-business-1024x936-1.jpg\",\"contentUrl\":\"https:\\\/\\\/www.immobilienbusiness.ch\\\/wp-content\\\/uploads\\\/2020\\\/02\\\/Retail-Duestere-Zeiten-fuer-Shoppingcenter-immobilien-business-1024x936-1.jpg\",\"width\":1023,\"height\":682,\"caption\":\"Migros stellt das Shopping Center Glatt zum Verkauf (Foto: Glattzentrum)\"},{\"@type\":\"BreadcrumbList\",\"@id\":\"https:\\\/\\\/www.immobilienbusiness.ch\\\/en\\\/retail\\\/2020-02-03\\\/migros-stellt-glattzentrum-zum-verkauf\\\/#breadcrumb\",\"itemListElement\":[{\"@type\":\"ListItem\",\"position\":1,\"name\":\"Home\",\"item\":\"https:\\\/\\\/www.immobilienbusiness.ch\\\/\"},{\"@type\":\"ListItem\",\"position\":2,\"name\":\"Migros stellt Glattzentrum zum Verkauf\"}]},{\"@type\":\"WebSite\",\"@id\":\"https:\\\/\\\/www.immobilienbusiness.ch\\\/#website\",\"url\":\"https:\\\/\\\/www.immobilienbusiness.ch\\\/\",\"name\":\"IMMOBILIEN Business\",\"description\":\"Unabh\u00e4ngiges Schweizer Wirtschaftsmagazin mit Fokus auf Immobilien, Architektur- und Bau sowie Investment- und Finanzierung.\",\"publisher\":{\"@id\":\"https:\\\/\\\/www.immobilienbusiness.ch\\\/#organization\"},\"potentialAction\":[{\"@type\":\"SearchAction\",\"target\":{\"@type\":\"EntryPoint\",\"urlTemplate\":\"https:\\\/\\\/www.immobilienbusiness.ch\\\/?s={search_term_string}\"},\"query-input\":{\"@type\":\"PropertyValueSpecification\",\"valueRequired\":true,\"valueName\":\"search_term_string\"}}],\"inLanguage\":\"fr-FR\"},{\"@type\":\"Organization\",\"@id\":\"https:\\\/\\\/www.immobilienbusiness.ch\\\/#organization\",\"name\":\"IMMOBILIEN Business\",\"url\":\"https:\\\/\\\/www.immobilienbusiness.ch\\\/\",\"logo\":{\"@type\":\"ImageObject\",\"inLanguage\":\"fr-FR\",\"@id\":\"https:\\\/\\\/www.immobilienbusiness.ch\\\/#\\\/schema\\\/logo\\\/image\\\/\",\"url\":\"https:\\\/\\\/www.immobilienbusiness.ch\\\/wp-content\\\/uploads\\\/2021\\\/07\\\/logo_ib.png\",\"contentUrl\":\"https:\\\/\\\/www.immobilienbusiness.ch\\\/wp-content\\\/uploads\\\/2021\\\/07\\\/logo_ib.png\",\"width\":800,\"height\":181,\"caption\":\"IMMOBILIEN Business\"},\"image\":{\"@id\":\"https:\\\/\\\/www.immobilienbusiness.ch\\\/#\\\/schema\\\/logo\\\/image\\\/\"},\"sameAs\":[\"https:\\\/\\\/www.facebook.com\\\/immobilienbusiness\\\/\"]},{\"@type\":\"Person\",\"@id\":\"https:\\\/\\\/www.immobilienbusiness.ch\\\/#\\\/schema\\\/person\\\/3fc036297b10b9f42d6db5ee932af8c8\",\"name\":\"anja.hall\",\"image\":{\"@type\":\"ImageObject\",\"inLanguage\":\"fr-FR\",\"@id\":\"https:\\\/\\\/secure.gravatar.com\\\/avatar\\\/066b5a0d447013502c71a5782f4f3469f03cfe595cc2329fb94652fe47511bfb?s=96&d=mm&r=g\",\"url\":\"https:\\\/\\\/secure.gravatar.com\\\/avatar\\\/066b5a0d447013502c71a5782f4f3469f03cfe595cc2329fb94652fe47511bfb?s=96&d=mm&r=g\",\"contentUrl\":\"https:\\\/\\\/secure.gravatar.com\\\/avatar\\\/066b5a0d447013502c71a5782f4f3469f03cfe595cc2329fb94652fe47511bfb?s=96&d=mm&r=g\",\"caption\":\"anja.hall\"},\"url\":\"https:\\\/\\\/www.immobilienbusiness.ch\\\/fr\\\/author\\\/anja-hall\\\/\"}]}<\/script>\n<!-- \/ Yoast SEO plugin. -->","yoast_head_json":{"title":"Migros stellt Glattzentrum zum Verkauf - IMMOBILIEN Business","description":"La F\u00e9d\u00e9ration des coop\u00e9ratives Migros cherche de nouveaux propri\u00e9taires pour le Shopping Center Glattzentrum \u00e0 Wallisellen (ZH).","robots":{"index":"index","follow":"follow","max-snippet":"max-snippet:-1","max-image-preview":"max-image-preview:large","max-video-preview":"max-video-preview:-1"},"canonical":"https:\/\/www.immobilienbusiness.ch\/fr\/retail\/2020-02-03\/migros-stellt-glattzentrum-zum-verkauf\/","og_locale":"fr_FR","og_type":"article","og_title":"Migros stellt Glattzentrum zum Verkauf - IMMOBILIEN Business","og_description":"Der Migros-Genossenschafts-Bund sucht neue Eigent\u00fcmer f\u00fcr das Shopping Center Glattzentrum in Wallisellen (ZH).","og_url":"https:\/\/www.immobilienbusiness.ch\/fr\/retail\/2020-02-03\/migros-stellt-glattzentrum-zum-verkauf\/","og_site_name":"IMMOBILIEN Business","article_publisher":"https:\/\/www.facebook.com\/immobilienbusiness\/","article_published_time":"2020-02-03T07:11:16+00:00","og_image":[{"width":1023,"height":682,"url":"https:\/\/www.immobilienbusiness.ch\/wp-content\/uploads\/2020\/02\/Retail-Duestere-Zeiten-fuer-Shoppingcenter-immobilien-business-1024x936-1.jpg","type":"image\/jpeg"}],"author":"anja.hall","twitter_card":"summary_large_image","twitter_image":"https:\/\/www.immobilienbusiness.ch\/wp-content\/uploads\/2020\/02\/Retail-Duestere-Zeiten-fuer-Shoppingcenter-immobilien-business-1024x936-1.jpg","schema":{"@context":"https:\/\/schema.org","@graph":[{"@type":"Article","@id":"https:\/\/www.immobilienbusiness.ch\/en\/retail\/2020-02-03\/migros-stellt-glattzentrum-zum-verkauf\/#article","isPartOf":{"@id":"https:\/\/www.immobilienbusiness.ch\/en\/retail\/2020-02-03\/migros-stellt-glattzentrum-zum-verkauf\/"},"author":{"name":"anja.hall","@id":"https:\/\/www.immobilienbusiness.ch\/#\/schema\/person\/3fc036297b10b9f42d6db5ee932af8c8"},"headline":"Migros stellt Glattzentrum zum Verkauf","datePublished":"2020-02-03T07:11:16+00:00","mainEntityOfPage":{"@id":"https:\/\/www.immobilienbusiness.ch\/en\/retail\/2020-02-03\/migros-stellt-glattzentrum-zum-verkauf\/"},"wordCount":167,"publisher":{"@id":"https:\/\/www.immobilienbusiness.ch\/#organization"},"image":{"@id":"https:\/\/www.immobilienbusiness.ch\/en\/retail\/2020-02-03\/migros-stellt-glattzentrum-zum-verkauf\/#primaryimage"},"thumbnailUrl":"https:\/\/www.immobilienbusiness.ch\/wp-content\/uploads\/2020\/02\/Retail-Duestere-Zeiten-fuer-Shoppingcenter-immobilien-business-1024x936-1.jpg","keywords":["Immobilienverkauf","Kanton Z\u00fcrich","Migros","Shopping Center"],"articleSection":["RETAIL"],"inLanguage":"fr-FR"},{"@type":"WebPage","@id":"https:\/\/www.immobilienbusiness.ch\/en\/retail\/2020-02-03\/migros-stellt-glattzentrum-zum-verkauf\/","url":"https:\/\/www.immobilienbusiness.ch\/en\/retail\/2020-02-03\/migros-stellt-glattzentrum-zum-verkauf\/","name":"Migros stellt Glattzentrum zum Verkauf - IMMOBILIEN Business","isPartOf":{"@id":"https:\/\/www.immobilienbusiness.ch\/#website"},"primaryImageOfPage":{"@id":"https:\/\/www.immobilienbusiness.ch\/en\/retail\/2020-02-03\/migros-stellt-glattzentrum-zum-verkauf\/#primaryimage"},"image":{"@id":"https:\/\/www.immobilienbusiness.ch\/en\/retail\/2020-02-03\/migros-stellt-glattzentrum-zum-verkauf\/#primaryimage"},"thumbnailUrl":"https:\/\/www.immobilienbusiness.ch\/wp-content\/uploads\/2020\/02\/Retail-Duestere-Zeiten-fuer-Shoppingcenter-immobilien-business-1024x936-1.jpg","datePublished":"2020-02-03T07:11:16+00:00","description":"La F\u00e9d\u00e9ration des coop\u00e9ratives Migros cherche de nouveaux propri\u00e9taires pour le Shopping Center Glattzentrum \u00e0 Wallisellen (ZH).","breadcrumb":{"@id":"https:\/\/www.immobilienbusiness.ch\/en\/retail\/2020-02-03\/migros-stellt-glattzentrum-zum-verkauf\/#breadcrumb"},"inLanguage":"fr-FR","potentialAction":[{"@type":"ReadAction","target":["https:\/\/www.immobilienbusiness.ch\/en\/retail\/2020-02-03\/migros-stellt-glattzentrum-zum-verkauf\/"]}]},{"@type":"ImageObject","inLanguage":"fr-FR","@id":"https:\/\/www.immobilienbusiness.ch\/en\/retail\/2020-02-03\/migros-stellt-glattzentrum-zum-verkauf\/#primaryimage","url":"https:\/\/www.immobilienbusiness.ch\/wp-content\/uploads\/2020\/02\/Retail-Duestere-Zeiten-fuer-Shoppingcenter-immobilien-business-1024x936-1.jpg","contentUrl":"https:\/\/www.immobilienbusiness.ch\/wp-content\/uploads\/2020\/02\/Retail-Duestere-Zeiten-fuer-Shoppingcenter-immobilien-business-1024x936-1.jpg","width":1023,"height":682,"caption":"Migros stellt das Shopping Center Glatt zum Verkauf (Foto: Glattzentrum)"},{"@type":"BreadcrumbList","@id":"https:\/\/www.immobilienbusiness.ch\/en\/retail\/2020-02-03\/migros-stellt-glattzentrum-zum-verkauf\/#breadcrumb","itemListElement":[{"@type":"ListItem","position":1,"name":"Home","item":"https:\/\/www.immobilienbusiness.ch\/"},{"@type":"ListItem","position":2,"name":"Migros stellt Glattzentrum zum Verkauf"}]},{"@type":"WebSite","@id":"https:\/\/www.immobilienbusiness.ch\/#website","url":"https:\/\/www.immobilienbusiness.ch\/","name":"IMMOBILIER Business","description":"Magazine \u00e9conomique suisse ind\u00e9pendant ax\u00e9 sur l'immobilier, l'architecture et la construction ainsi que sur les investissements et le financement.","publisher":{"@id":"https:\/\/www.immobilienbusiness.ch\/#organization"},"potentialAction":[{"@type":"SearchAction","target":{"@type":"EntryPoint","urlTemplate":"https:\/\/www.immobilienbusiness.ch\/?s={search_term_string}"},"query-input":{"@type":"PropertyValueSpecification","valueRequired":true,"valueName":"search_term_string"}}],"inLanguage":"fr-FR"},{"@type":"Organization","@id":"https:\/\/www.immobilienbusiness.ch\/#organization","name":"IMMOBILIER Business","url":"https:\/\/www.immobilienbusiness.ch\/","logo":{"@type":"ImageObject","inLanguage":"fr-FR","@id":"https:\/\/www.immobilienbusiness.ch\/#\/schema\/logo\/image\/","url":"https:\/\/www.immobilienbusiness.ch\/wp-content\/uploads\/2021\/07\/logo_ib.png","contentUrl":"https:\/\/www.immobilienbusiness.ch\/wp-content\/uploads\/2021\/07\/logo_ib.png","width":800,"height":181,"caption":"IMMOBILIEN Business"},"image":{"@id":"https:\/\/www.immobilienbusiness.ch\/#\/schema\/logo\/image\/"},"sameAs":["https:\/\/www.facebook.com\/immobilienbusiness\/"]},{"@type":"Person","@id":"https:\/\/www.immobilienbusiness.ch\/#\/schema\/person\/3fc036297b10b9f42d6db5ee932af8c8","name":"anja.hall","image":{"@type":"ImageObject","inLanguage":"fr-FR","@id":"https:\/\/secure.gravatar.com\/avatar\/066b5a0d447013502c71a5782f4f3469f03cfe595cc2329fb94652fe47511bfb?s=96&d=mm&r=g","url":"https:\/\/secure.gravatar.com\/avatar\/066b5a0d447013502c71a5782f4f3469f03cfe595cc2329fb94652fe47511bfb?s=96&d=mm&r=g","contentUrl":"https:\/\/secure.gravatar.com\/avatar\/066b5a0d447013502c71a5782f4f3469f03cfe595cc2329fb94652fe47511bfb?s=96&d=mm&r=g","caption":"anja.hall"},"url":"https:\/\/www.immobilienbusiness.ch\/fr\/author\/anja-hall\/"}]}},"_links":{"self":[{"href":"https:\/\/www.immobilienbusiness.ch\/fr\/wp-json\/wp\/v2\/posts\/20097","targetHints":{"allow":["GET"]}}],"collection":[{"href":"https:\/\/www.immobilienbusiness.ch\/fr\/wp-json\/wp\/v2\/posts"}],"about":[{"href":"https:\/\/www.immobilienbusiness.ch\/fr\/wp-json\/wp\/v2\/types\/post"}],"author":[{"embeddable":true,"href":"https:\/\/www.immobilienbusiness.ch\/fr\/wp-json\/wp\/v2\/users\/3"}],"replies":[{"embeddable":true,"href":"https:\/\/www.immobilienbusiness.ch\/fr\/wp-json\/wp\/v2\/comments?post=20097"}],"version-history":[{"count":0,"href":"https:\/\/www.immobilienbusiness.ch\/fr\/wp-json\/wp\/v2\/posts\/20097\/revisions"}],"wp:featuredmedia":[{"embeddable":true,"href":"https:\/\/www.immobilienbusiness.ch\/fr\/wp-json\/wp\/v2\/media\/20105"}],"wp:attachment":[{"href":"https:\/\/www.immobilienbusiness.ch\/fr\/wp-json\/wp\/v2\/media?parent=20097"}],"wp:term":[{"taxonomy":"category","embeddable":true,"href":"https:\/\/www.immobilienbusiness.ch\/fr\/wp-json\/wp\/v2\/categories?post=20097"},{"taxonomy":"post_tag","embeddable":true,"href":"https:\/\/www.immobilienbusiness.ch\/fr\/wp-json\/wp\/v2\/tags?post=20097"}],"curies":[{"name":"wp","href":"https:\/\/api.w.org\/{rel}","templated":true}]}}